{"id":136438,"date":"2015-09-09T17:43:17","date_gmt":"2015-09-09T15:43:17","guid":{"rendered":"https:\/\/sandzakpress.net\/arhiva\/?p=136438"},"modified":"2015-09-09T17:54:15","modified_gmt":"2015-09-09T15:54:15","slug":"bdz-vlast-ponovo-trgovala-na-racun-bosnjaka-potpisimo-peticiju-vratimo-hajlu-rozajama","status":"publish","type":"post","link":"https:\/\/sandzakpress.net\/arhiva\/bdz-vlast-ponovo-trgovala-na-racun-bosnjaka-potpisimo-peticiju-vratimo-hajlu-rozajama\/","title":{"rendered":"BDZ: Vlast ponovo trgovala na ra\u010dun Bo\u0161njaka &#8211; Vratimo Hajlu Ro\u017eajama!"},"content":{"rendered":"<p><img loading=\"lazy\" decoding=\"async\" class=\"aligncenter size-full wp-image-136439\" src=\"https:\/\/sandzakpress.net\/arhiva\/wp-content\/uploads\/2015\/09\/bdz-u-crnoj-gori.jpg\" alt=\"bdz u crnoj gori\" width=\"562\" height=\"311\" \/><\/p>\n<p><strong>Ro\u017eaje &#8211; Svjedoci smo ovih dana da je Vlada ponovo trgovala na ra\u010dun Bo\u0161njaka! Predstavnici Vlade Crne Gore Igor Luk\u0161i\u0107 i Ra\u0161ko Konjevi\u0107 potpisali su Sporazum o razgrani\u010denju sa Kosovom, u Be\u010du 26. avgusta \u010dime je odre\u0111ena nova granica izme\u0111u Crne Gore i Kosova<\/strong><\/p>\n<p>Ovom prilikom do\u0161lo je do pomjeranja prija\u0161nje granice i tom prilikom oduzeta najzna\u010dajnija teritorija za razvoj planinskog turizma u Ro\u017eajama. Novom granicom, Ro\u017eaje je u potpunosti izgubilo put kojim je bilo mogu\u0107e autom sti\u0107i do jedne od najljep\u0161ih planina u regionu. U oduzetom dijelu teritorije nalazi se i jedina pje\u0161a\u010dka staza kojom je mogu\u0107e bilo sti\u0107i do vrha Hajle, a znaju\u0107i da je sada i Dermandoo dio Kosova, sada iz Ro\u017eaja vi\u0161e ne postoji put koje je mogu\u0107e sti\u0107i na vrh planine na 2403 mnv! Ovakvim polo\u017eajem granice gubimo i stranu planine koja predstavlja najve\u0107i potencijal za skija\u0161ku stazu sa preko 600 metara nadmorske visine i koju su stru\u010dnjaci ocijenili kao jednu od najboljih staza sa \u201cperfektnom\u201d ekspozicijom i nagibom.&lt;\/p&gt;<\/p>\n<p>Svjedoci smo da Ro\u017eaje nema predstavnike u vlasti koji bi vodili ra\u010duna o svom gradu. Pitamo se da li je iko iz Ro\u017eaja u\u010destvovao u izradi topografskih karti ili je sve aminovano od strane predstavnika vlasti za rad li\u010dnih interesa kao \u0161to je bio slu\u010daj sa egzodusom stanovni\u0161tva? BDZ se tako\u0111er pita koju jo\u0161 cijenu Ro\u017eaje treba da plati nakon egzodusa stanovni\u0161tva i oduzimanja najvrednijeg dijela planine Hajla? Da li je ovo cijena koju trebamo platiti zbog kupovine glasova u na\u0161em gradu ili je korupciona\u0161ka vlast zadovoljna novim dilom?\u00a0<\/p>\n<p>SANA<\/p>\n<p>&nbsp;<\/p>\n","protected":false},"excerpt":{"rendered":"<p>Ro\u017eaje &#8211; Svjedoci smo ovih dana da je Vlada ponovo trgovala na ra\u010dun Bo\u0161njaka! Predstavnici Vlade Crne Gore Igor Luk\u0161i\u0107 i Ra\u0161ko Konjevi\u0107 potpisali su Sporazum o razgrani\u010denju sa Kosovom, u Be\u010du 26. avgusta \u010dime je odre\u0111ena nova granica izme\u0111u Crne Gore i Kosova Ovom prilikom do\u0161lo je do pomjeranja prija\u0161nje granice i tom prilikom [&hellip;]<\/p>\n","protected":false},"author":83,"featured_media":136439,"comment_status":"open","ping_status":"open","sticky":false,"template":"","format":"standard","meta":{"footnotes":""},"categories":[398,1,8957,798],"tags":[10223],"class_list":{"0":"post-136438","1":"post","2":"type-post","3":"status-publish","4":"format-standard","5":"has-post-thumbnail","7":"category-rozaje","8":"category-politika","9":"category-vijesti-dana","10":"category-teme","11":"tag-bdz"},"yoast_head":"<!-- This site is optimized with the Yoast SEO Premium plugin v23.1 (Yoast SEO v24.9) - https:\/\/yoast.com\/wordpress\/plugins\/seo\/ -->\n<title>BDZ: Vlast ponovo trgovala na ra\u010dun Bo\u0161njaka - Vratimo Hajlu Ro\u017eajama!<\/title>\n<meta name=\"robots\" content=\"index, follow, max-snippet:-1, max-image-preview:large, max-video-preview:-1\" \/>\n<link rel=\"canonical\" href=\"https:\/\/sandzakpress.net\/arhiva\/bdz-vlast-ponovo-trgovala-na-racun-bosnjaka-potpisimo-peticiju-vratimo-hajlu-rozajama\/\" \/>\n<meta property=\"og:locale\" content=\"bs_BA\" \/>\n<meta property=\"og:type\" content=\"article\" \/>\n<meta property=\"og:title\" content=\"BDZ: Vlast ponovo trgovala na ra\u010dun Bo\u0161njaka - Vratimo Hajlu Ro\u017eajama!\" \/>\n<meta property=\"og:description\" content=\"Ro\u017eaje &#8211; Svjedoci smo ovih dana da je Vlada ponovo trgovala na ra\u010dun Bo\u0161njaka! Predstavnici Vlade Crne Gore Igor Luk\u0161i\u0107 i Ra\u0161ko Konjevi\u0107 potpisali su Sporazum o razgrani\u010denju sa Kosovom, u Be\u010du 26. avgusta \u010dime je odre\u0111ena nova granica izme\u0111u Crne Gore i Kosova Ovom prilikom do\u0161lo je do pomjeranja prija\u0161nje granice i tom prilikom [&hellip;]\" \/>\n<meta property=\"og:url\" content=\"https:\/\/sandzakpress.net\/arhiva\/bdz-vlast-ponovo-trgovala-na-racun-bosnjaka-potpisimo-peticiju-vratimo-hajlu-rozajama\/\" \/>\n<meta property=\"og:site_name\" content=\"Sand\u017eak PRESS\" \/>\n<meta property=\"article:published_time\" content=\"2015-09-09T15:43:17+00:00\" \/>\n<meta property=\"article:modified_time\" content=\"2015-09-09T15:54:15+00:00\" \/>\n<meta property=\"og:image\" content=\"https:\/\/sandzakpress.net\/arhiva\/wp-content\/uploads\/2015\/09\/bdz-u-crnoj-gori.jpg\" \/>\n\t<meta property=\"og:image:width\" content=\"562\" \/>\n\t<meta property=\"og:image:height\" content=\"311\" \/>\n\t<meta property=\"og:image:type\" content=\"image\/jpeg\" \/>\n<meta name=\"author\" content=\"bosniak\" \/>\n<meta name=\"twitter:card\" content=\"summary_large_image\" \/>\n<meta name=\"twitter:label1\" content=\"Written by\" \/>\n\t<meta name=\"twitter:data1\" content=\"bosniak\" \/>\n\t<meta name=\"twitter:label2\" content=\"Est. reading time\" \/>\n\t<meta name=\"twitter:data2\" content=\"1 minuta\" \/>\n<script type=\"application\/ld+json\" class=\"yoast-schema-graph\">{\"@context\":\"https:\/\/schema.org\",\"@graph\":[{\"@type\":\"Article\",\"@id\":\"https:\/\/sandzakpress.net\/arhiva\/bdz-vlast-ponovo-trgovala-na-racun-bosnjaka-potpisimo-peticiju-vratimo-hajlu-rozajama\/#article\",\"isPartOf\":{\"@id\":\"https:\/\/sandzakpress.net\/arhiva\/bdz-vlast-ponovo-trgovala-na-racun-bosnjaka-potpisimo-peticiju-vratimo-hajlu-rozajama\/\"},\"author\":{\"name\":\"bosniak\",\"@id\":\"https:\/\/sandzakpress.net\/arhiva\/#\/schema\/person\/c8baee722073534b583ea7bdb2e36c02\"},\"headline\":\"BDZ: Vlast ponovo trgovala na ra\u010dun Bo\u0161njaka &#8211; Vratimo Hajlu Ro\u017eajama!\",\"datePublished\":\"2015-09-09T15:43:17+00:00\",\"dateModified\":\"2015-09-09T15:54:15+00:00\",\"mainEntityOfPage\":{\"@id\":\"https:\/\/sandzakpress.net\/arhiva\/bdz-vlast-ponovo-trgovala-na-racun-bosnjaka-potpisimo-peticiju-vratimo-hajlu-rozajama\/\"},\"wordCount\":311,\"commentCount\":13,\"publisher\":{\"@id\":\"https:\/\/sandzakpress.net\/arhiva\/#\/schema\/person\/6e72b67d6e51910a1117b3b483ba20bd\"},\"image\":{\"@id\":\"https:\/\/sandzakpress.net\/arhiva\/bdz-vlast-ponovo-trgovala-na-racun-bosnjaka-potpisimo-peticiju-vratimo-hajlu-rozajama\/#primaryimage\"},\"thumbnailUrl\":\"https:\/\/sandzakpress.net\/arhiva\/wp-content\/uploads\/2015\/09\/bdz-u-crnoj-gori.jpg\",\"keywords\":[\"BDZ\"],\"articleSection\":[\"Ro\u017eaje\",\"Politika\",\"VIJESTI DANA\",\"NAJNOVIJE\"],\"inLanguage\":\"bs-BA\",\"potentialAction\":[{\"@type\":\"CommentAction\",\"name\":\"Comment\",\"target\":[\"https:\/\/sandzakpress.net\/arhiva\/bdz-vlast-ponovo-trgovala-na-racun-bosnjaka-potpisimo-peticiju-vratimo-hajlu-rozajama\/#respond\"]}]},{\"@type\":\"WebPage\",\"@id\":\"https:\/\/sandzakpress.net\/arhiva\/bdz-vlast-ponovo-trgovala-na-racun-bosnjaka-potpisimo-peticiju-vratimo-hajlu-rozajama\/\",\"url\":\"https:\/\/sandzakpress.net\/arhiva\/bdz-vlast-ponovo-trgovala-na-racun-bosnjaka-potpisimo-peticiju-vratimo-hajlu-rozajama\/\",\"name\":\"BDZ: Vlast ponovo trgovala na ra\u010dun Bo\u0161njaka - Vratimo Hajlu Ro\u017eajama!\",\"isPartOf\":{\"@id\":\"https:\/\/sandzakpress.net\/arhiva\/#website\"},\"primaryImageOfPage\":{\"@id\":\"https:\/\/sandzakpress.net\/arhiva\/bdz-vlast-ponovo-trgovala-na-racun-bosnjaka-potpisimo-peticiju-vratimo-hajlu-rozajama\/#primaryimage\"},\"image\":{\"@id\":\"https:\/\/sandzakpress.net\/arhiva\/bdz-vlast-ponovo-trgovala-na-racun-bosnjaka-potpisimo-peticiju-vratimo-hajlu-rozajama\/#primaryimage\"},\"thumbnailUrl\":\"https:\/\/sandzakpress.net\/arhiva\/wp-content\/uploads\/2015\/09\/bdz-u-crnoj-gori.jpg\",\"datePublished\":\"2015-09-09T15:43:17+00:00\",\"dateModified\":\"2015-09-09T15:54:15+00:00\",\"breadcrumb\":{\"@id\":\"https:\/\/sandzakpress.net\/arhiva\/bdz-vlast-ponovo-trgovala-na-racun-bosnjaka-potpisimo-peticiju-vratimo-hajlu-rozajama\/#breadcrumb\"},\"inLanguage\":\"bs-BA\",\"potentialAction\":[{\"@type\":\"ReadAction\",\"target\":[\"https:\/\/sandzakpress.net\/arhiva\/bdz-vlast-ponovo-trgovala-na-racun-bosnjaka-potpisimo-peticiju-vratimo-hajlu-rozajama\/\"]}]},{\"@type\":\"ImageObject\",\"inLanguage\":\"bs-BA\",\"@id\":\"https:\/\/sandzakpress.net\/arhiva\/bdz-vlast-ponovo-trgovala-na-racun-bosnjaka-potpisimo-peticiju-vratimo-hajlu-rozajama\/#primaryimage\",\"url\":\"https:\/\/sandzakpress.net\/arhiva\/wp-content\/uploads\/2015\/09\/bdz-u-crnoj-gori.jpg\",\"contentUrl\":\"https:\/\/sandzakpress.net\/arhiva\/wp-content\/uploads\/2015\/09\/bdz-u-crnoj-gori.jpg\",\"width\":562,\"height\":311},{\"@type\":\"BreadcrumbList\",\"@id\":\"https:\/\/sandzakpress.net\/arhiva\/bdz-vlast-ponovo-trgovala-na-racun-bosnjaka-potpisimo-peticiju-vratimo-hajlu-rozajama\/#breadcrumb\",\"itemListElement\":[{\"@type\":\"ListItem\",\"position\":1,\"name\":\"Home\",\"item\":\"https:\/\/sandzakpress.net\/arhiva\/\"},{\"@type\":\"ListItem\",\"position\":2,\"name\":\"BDZ: Vlast ponovo trgovala na ra\u010dun Bo\u0161njaka &#8211; Vratimo Hajlu Ro\u017eajama!\"}]},{\"@type\":\"WebSite\",\"@id\":\"https:\/\/sandzakpress.net\/arhiva\/#website\",\"url\":\"https:\/\/sandzakpress.net\/arhiva\/\",\"name\":\"Sand\u017eak PRESS\",\"description\":\"Prve elektronske novine u Sand\u017eaku\",\"publisher\":{\"@id\":\"https:\/\/sandzakpress.net\/arhiva\/#\/schema\/person\/6e72b67d6e51910a1117b3b483ba20bd\"},\"potentialAction\":[{\"@type\":\"SearchAction\",\"target\":{\"@type\":\"EntryPoint\",\"urlTemplate\":\"https:\/\/sandzakpress.net\/arhiva\/?s={search_term_string}\"},\"query-input\":{\"@type\":\"PropertyValueSpecification\",\"valueRequired\":true,\"valueName\":\"search_term_string\"}}],\"inLanguage\":\"bs-BA\"},{\"@type\":[\"Person\",\"Organization\"],\"@id\":\"https:\/\/sandzakpress.net\/arhiva\/#\/schema\/person\/6e72b67d6e51910a1117b3b483ba20bd\",\"name\":\"Kul\",\"image\":{\"@type\":\"ImageObject\",\"inLanguage\":\"bs-BA\",\"@id\":\"https:\/\/sandzakpress.net\/arhiva\/#\/schema\/person\/image\/\",\"url\":\"https:\/\/secure.gravatar.com\/avatar\/42263f39aa27ac04c43cab85c280eb2e?s=96&d=mm&r=pg\",\"contentUrl\":\"https:\/\/secure.gravatar.com\/avatar\/42263f39aa27ac04c43cab85c280eb2e?s=96&d=mm&r=pg\",\"caption\":\"Kul\"},\"logo\":{\"@id\":\"https:\/\/sandzakpress.net\/arhiva\/#\/schema\/person\/image\/\"}},{\"@type\":\"Person\",\"@id\":\"https:\/\/sandzakpress.net\/arhiva\/#\/schema\/person\/c8baee722073534b583ea7bdb2e36c02\",\"name\":\"bosniak\",\"image\":{\"@type\":\"ImageObject\",\"inLanguage\":\"bs-BA\",\"@id\":\"https:\/\/sandzakpress.net\/arhiva\/#\/schema\/person\/image\/\",\"url\":\"https:\/\/secure.gravatar.com\/avatar\/a04fd330bfe3a36a72a0ad4a6d89fca7?s=96&d=mm&r=pg\",\"contentUrl\":\"https:\/\/secure.gravatar.com\/avatar\/a04fd330bfe3a36a72a0ad4a6d89fca7?s=96&d=mm&r=pg\",\"caption\":\"bosniak\"},\"url\":\"https:\/\/sandzakpress.net\/arhiva\/author\/bosniak\/\"}]}<\/script>\n<!-- \/ Yoast SEO Premium plugin. -->","yoast_head_json":{"title":"BDZ: Vlast ponovo trgovala na ra\u010dun Bo\u0161njaka - Vratimo Hajlu Ro\u017eajama!","robots":{"index":"index","follow":"follow","max-snippet":"max-snippet:-1","max-image-preview":"max-image-preview:large","max-video-preview":"max-video-preview:-1"},"canonical":"https:\/\/sandzakpress.net\/arhiva\/bdz-vlast-ponovo-trgovala-na-racun-bosnjaka-potpisimo-peticiju-vratimo-hajlu-rozajama\/","og_locale":"bs_BA","og_type":"article","og_title":"BDZ: Vlast ponovo trgovala na ra\u010dun Bo\u0161njaka - Vratimo Hajlu Ro\u017eajama!","og_description":"Ro\u017eaje &#8211; Svjedoci smo ovih dana da je Vlada ponovo trgovala na ra\u010dun Bo\u0161njaka! Predstavnici Vlade Crne Gore Igor Luk\u0161i\u0107 i Ra\u0161ko Konjevi\u0107 potpisali su Sporazum o razgrani\u010denju sa Kosovom, u Be\u010du 26. avgusta \u010dime je odre\u0111ena nova granica izme\u0111u Crne Gore i Kosova Ovom prilikom do\u0161lo je do pomjeranja prija\u0161nje granice i tom prilikom [&hellip;]","og_url":"https:\/\/sandzakpress.net\/arhiva\/bdz-vlast-ponovo-trgovala-na-racun-bosnjaka-potpisimo-peticiju-vratimo-hajlu-rozajama\/","og_site_name":"Sand\u017eak PRESS","article_published_time":"2015-09-09T15:43:17+00:00","article_modified_time":"2015-09-09T15:54:15+00:00","og_image":[{"width":562,"height":311,"url":"https:\/\/sandzakpress.net\/arhiva\/wp-content\/uploads\/2015\/09\/bdz-u-crnoj-gori.jpg","type":"image\/jpeg"}],"author":"bosniak","twitter_card":"summary_large_image","twitter_misc":{"Written by":"bosniak","Est. reading time":"1 minuta"},"schema":{"@context":"https:\/\/schema.org","@graph":[{"@type":"Article","@id":"https:\/\/sandzakpress.net\/arhiva\/bdz-vlast-ponovo-trgovala-na-racun-bosnjaka-potpisimo-peticiju-vratimo-hajlu-rozajama\/#article","isPartOf":{"@id":"https:\/\/sandzakpress.net\/arhiva\/bdz-vlast-ponovo-trgovala-na-racun-bosnjaka-potpisimo-peticiju-vratimo-hajlu-rozajama\/"},"author":{"name":"bosniak","@id":"https:\/\/sandzakpress.net\/arhiva\/#\/schema\/person\/c8baee722073534b583ea7bdb2e36c02"},"headline":"BDZ: Vlast ponovo trgovala na ra\u010dun Bo\u0161njaka &#8211; Vratimo Hajlu Ro\u017eajama!","datePublished":"2015-09-09T15:43:17+00:00","dateModified":"2015-09-09T15:54:15+00:00","mainEntityOfPage":{"@id":"https:\/\/sandzakpress.net\/arhiva\/bdz-vlast-ponovo-trgovala-na-racun-bosnjaka-potpisimo-peticiju-vratimo-hajlu-rozajama\/"},"wordCount":311,"commentCount":13,"publisher":{"@id":"https:\/\/sandzakpress.net\/arhiva\/#\/schema\/person\/6e72b67d6e51910a1117b3b483ba20bd"},"image":{"@id":"https:\/\/sandzakpress.net\/arhiva\/bdz-vlast-ponovo-trgovala-na-racun-bosnjaka-potpisimo-peticiju-vratimo-hajlu-rozajama\/#primaryimage"},"thumbnailUrl":"https:\/\/sandzakpress.net\/arhiva\/wp-content\/uploads\/2015\/09\/bdz-u-crnoj-gori.jpg","keywords":["BDZ"],"articleSection":["Ro\u017eaje","Politika","VIJESTI DANA","NAJNOVIJE"],"inLanguage":"bs-BA","potentialAction":[{"@type":"CommentAction","name":"Comment","target":["https:\/\/sandzakpress.net\/arhiva\/bdz-vlast-ponovo-trgovala-na-racun-bosnjaka-potpisimo-peticiju-vratimo-hajlu-rozajama\/#respond"]}]},{"@type":"WebPage","@id":"https:\/\/sandzakpress.net\/arhiva\/bdz-vlast-ponovo-trgovala-na-racun-bosnjaka-potpisimo-peticiju-vratimo-hajlu-rozajama\/","url":"https:\/\/sandzakpress.net\/arhiva\/bdz-vlast-ponovo-trgovala-na-racun-bosnjaka-potpisimo-peticiju-vratimo-hajlu-rozajama\/","name":"BDZ: Vlast ponovo trgovala na ra\u010dun Bo\u0161njaka - Vratimo Hajlu Ro\u017eajama!","isPartOf":{"@id":"https:\/\/sandzakpress.net\/arhiva\/#website"},"primaryImageOfPage":{"@id":"https:\/\/sandzakpress.net\/arhiva\/bdz-vlast-ponovo-trgovala-na-racun-bosnjaka-potpisimo-peticiju-vratimo-hajlu-rozajama\/#primaryimage"},"image":{"@id":"https:\/\/sandzakpress.net\/arhiva\/bdz-vlast-ponovo-trgovala-na-racun-bosnjaka-potpisimo-peticiju-vratimo-hajlu-rozajama\/#primaryimage"},"thumbnailUrl":"https:\/\/sandzakpress.net\/arhiva\/wp-content\/uploads\/2015\/09\/bdz-u-crnoj-gori.jpg","datePublished":"2015-09-09T15:43:17+00:00","dateModified":"2015-09-09T15:54:15+00:00","breadcrumb":{"@id":"https:\/\/sandzakpress.net\/arhiva\/bdz-vlast-ponovo-trgovala-na-racun-bosnjaka-potpisimo-peticiju-vratimo-hajlu-rozajama\/#breadcrumb"},"inLanguage":"bs-BA","potentialAction":[{"@type":"ReadAction","target":["https:\/\/sandzakpress.net\/arhiva\/bdz-vlast-ponovo-trgovala-na-racun-bosnjaka-potpisimo-peticiju-vratimo-hajlu-rozajama\/"]}]},{"@type":"ImageObject","inLanguage":"bs-BA","@id":"https:\/\/sandzakpress.net\/arhiva\/bdz-vlast-ponovo-trgovala-na-racun-bosnjaka-potpisimo-peticiju-vratimo-hajlu-rozajama\/#primaryimage","url":"https:\/\/sandzakpress.net\/arhiva\/wp-content\/uploads\/2015\/09\/bdz-u-crnoj-gori.jpg","contentUrl":"https:\/\/sandzakpress.net\/arhiva\/wp-content\/uploads\/2015\/09\/bdz-u-crnoj-gori.jpg","width":562,"height":311},{"@type":"BreadcrumbList","@id":"https:\/\/sandzakpress.net\/arhiva\/bdz-vlast-ponovo-trgovala-na-racun-bosnjaka-potpisimo-peticiju-vratimo-hajlu-rozajama\/#breadcrumb","itemListElement":[{"@type":"ListItem","position":1,"name":"Home","item":"https:\/\/sandzakpress.net\/arhiva\/"},{"@type":"ListItem","position":2,"name":"BDZ: Vlast ponovo trgovala na ra\u010dun Bo\u0161njaka &#8211; Vratimo Hajlu Ro\u017eajama!"}]},{"@type":"WebSite","@id":"https:\/\/sandzakpress.net\/arhiva\/#website","url":"https:\/\/sandzakpress.net\/arhiva\/","name":"Sand\u017eak PRESS","description":"Prve elektronske novine u Sand\u017eaku","publisher":{"@id":"https:\/\/sandzakpress.net\/arhiva\/#\/schema\/person\/6e72b67d6e51910a1117b3b483ba20bd"},"potentialAction":[{"@type":"SearchAction","target":{"@type":"EntryPoint","urlTemplate":"https:\/\/sandzakpress.net\/arhiva\/?s={search_term_string}"},"query-input":{"@type":"PropertyValueSpecification","valueRequired":true,"valueName":"search_term_string"}}],"inLanguage":"bs-BA"},{"@type":["Person","Organization"],"@id":"https:\/\/sandzakpress.net\/arhiva\/#\/schema\/person\/6e72b67d6e51910a1117b3b483ba20bd","name":"Kul","image":{"@type":"ImageObject","inLanguage":"bs-BA","@id":"https:\/\/sandzakpress.net\/arhiva\/#\/schema\/person\/image\/","url":"https:\/\/secure.gravatar.com\/avatar\/42263f39aa27ac04c43cab85c280eb2e?s=96&d=mm&r=pg","contentUrl":"https:\/\/secure.gravatar.com\/avatar\/42263f39aa27ac04c43cab85c280eb2e?s=96&d=mm&r=pg","caption":"Kul"},"logo":{"@id":"https:\/\/sandzakpress.net\/arhiva\/#\/schema\/person\/image\/"}},{"@type":"Person","@id":"https:\/\/sandzakpress.net\/arhiva\/#\/schema\/person\/c8baee722073534b583ea7bdb2e36c02","name":"bosniak","image":{"@type":"ImageObject","inLanguage":"bs-BA","@id":"https:\/\/sandzakpress.net\/arhiva\/#\/schema\/person\/image\/","url":"https:\/\/secure.gravatar.com\/avatar\/a04fd330bfe3a36a72a0ad4a6d89fca7?s=96&d=mm&r=pg","contentUrl":"https:\/\/secure.gravatar.com\/avatar\/a04fd330bfe3a36a72a0ad4a6d89fca7?s=96&d=mm&r=pg","caption":"bosniak"},"url":"https:\/\/sandzakpress.net\/arhiva\/author\/bosniak\/"}]}},"_links":{"self":[{"href":"https:\/\/sandzakpress.net\/arhiva\/wp-json\/wp\/v2\/posts\/136438"}],"collection":[{"href":"https:\/\/sandzakpress.net\/arhiva\/wp-json\/wp\/v2\/posts"}],"about":[{"href":"https:\/\/sandzakpress.net\/arhiva\/wp-json\/wp\/v2\/types\/post"}],"author":[{"embeddable":true,"href":"https:\/\/sandzakpress.net\/arhiva\/wp-json\/wp\/v2\/users\/83"}],"replies":[{"embeddable":true,"href":"https:\/\/sandzakpress.net\/arhiva\/wp-json\/wp\/v2\/comments?post=136438"}],"version-history":[{"count":0,"href":"https:\/\/sandzakpress.net\/arhiva\/wp-json\/wp\/v2\/posts\/136438\/revisions"}],"wp:featuredmedia":[{"embeddable":true,"href":"https:\/\/sandzakpress.net\/arhiva\/wp-json\/wp\/v2\/media\/136439"}],"wp:attachment":[{"href":"https:\/\/sandzakpress.net\/arhiva\/wp-json\/wp\/v2\/media?parent=136438"}],"wp:term":[{"taxonomy":"category","embeddable":true,"href":"https:\/\/sandzakpress.net\/arhiva\/wp-json\/wp\/v2\/categories?post=136438"},{"taxonomy":"post_tag","embeddable":true,"href":"https:\/\/sandzakpress.net\/arhiva\/wp-json\/wp\/v2\/tags?post=136438"}],"curies":[{"name":"wp","href":"https:\/\/api.w.org\/{rel}","templated":true}]}}