{"id":135615,"date":"2015-09-03T12:50:04","date_gmt":"2015-09-03T10:50:04","guid":{"rendered":"https:\/\/sandzakpress.net\/arhiva\/?p=135615"},"modified":"2015-09-03T12:50:04","modified_gmt":"2015-09-03T10:50:04","slug":"crna-gora-utrostrucen-broj-trazilaca-azila","status":"publish","type":"post","link":"https:\/\/sandzakpress.net\/arhiva\/crna-gora-utrostrucen-broj-trazilaca-azila\/","title":{"rendered":"Crna Gora: Utrostru\u010den broj tra\u017eilaca azila"},"content":{"rendered":"<p><img decoding=\"async\" src=\"http:\/\/balkans.aljazeera.net\/sites\/staff.balkans.aljazeera.com\/files\/styles\/aljazeera_article_main_image\/public\/rascanin-slobodan-unhcr-crna-gora-aa-main.jpg?itok=hWXGtk3P\" alt=\"Crna Gora, UNHCR, Slobodan Ra\u0161\u010danin \" \/><\/p>\n<p><strong>Crna Gora &#8211; Izbjegli\u010dka kriza koja ovih dana poga\u0111a Makedoniju i Srbiju s pa\u017enjom se prati i u Crnoj Gori.<\/strong><\/p>\n<p>Iako Crna Gora trenutno nije pogo\u0111ena valom izbjeglica, u organizaciji UNHCR smatraju da se mo\u017ee o\u010dekivati da u narednim mjesecima broj tra\u017eilaca azila u Crnoj Gori bude pove\u0107an.<\/p>\n<p>Prema podacima UNHCR-a, u prvih \u0161est mjeseci ove godine 1.500 lica je podnijelo zahtjev za azil u Crnoj Gori, \u0161to je za tri puta vi\u0161e u odnosu na isti period pro\u0161le godine.<\/p>\n<p>&#8220;Bilje\u017eimo pove\u0107anje u odnosu na isti period pro\u0161le godine, jer je za prvih \u0161est mjeseci 2014. godine 500 lica podnijelo zahtjev za azil. Dakle, imamo pove\u0107anje od tri puta. U julu i avgustu smo imali mali broj tra\u017eilaca azila. Dakle, broj tra\u017eilaca azila u ova dva mjeseca je bio ispod deset. To se negdje poklapa i sa velikim zahtjevima za azil u Makedoniji i u Srbiji. Ta migratorna ruta je za sada okrenuta u tom pravcu. Od lica koja su zatra\u017eila azil u prvih \u0161est mjeseci, dvije tre\u0107ine njih je bilo iz Sirije, a odmah nakon toga su grupe iz Eritreje i Somalije&#8221;, kazao je za Anadoliju Slobodan Ra\u0161\u010danin iz UNHCR-a.<\/p>\n<p><strong>Nedovoljni kapaciteti<\/strong><\/p>\n<p>Isti\u010de da je te\u0161ko predvidjeti da li \u0107e migranti u narednom periodu na svom putu ka Evropskoj uniji prolaziti kroz Crnu Goru, ali o\u010dekuje pove\u0107an broj zahtjeva za azil.<\/p>\n<p>&#8220;Mje\u0161ovite migracije su jako dinami\u010dan fenomen. Te\u0161ko je donijeti bilo kakvu procjenu o kretanjima. Situacija u Makedoniji, Srbiji i Ma\u0111arskoj ovih dana je dramati\u010dna. Radi se o humanitarnoj katastrofi. Na\u0161a o\u010dekivanja su da ne\u0107emo mo\u0107i da imamo ovakvu situaciju, kao \u0161to je bilo tokom jula i avgusta, kada je bilo ispod deset zahtjeva za azil. Ali, da li \u0107emo imati situaciju kao \u0161to je u Makedoniji i Srbiji, ili \u0107e to biti u nekim normalnijim relacijama, kao \u0161to je do sada bilo, oko 250 do 300 tra\u017eilaca azila mjese\u010dno, ne mogu da ka\u017eem. Vjerujemo da \u0107e zbog situacije u regiji, zbog nekakvog iskustva iz pro\u0161losti, broj tra\u017eilaca sigurno rasti, ali do koje mjere, to je te\u0161ko re\u0107i&#8221;, ka\u017ee Ra\u0161\u010danin.<\/p>\n<p>U Crnoj Gori postoji Centar za smje\u0161taj tra\u017eilaca azila, \u010diji je kapacitet 65 kreveta.<\/p>\n<p>&#8220;Crnogorski sistem azila je postavljen 2006. godine. Ovaj sistem azila ima kapacitete da radi sa smje\u0161tajem 65 lica. Dakle, Centar za smje\u0161taj tra\u017eilaca azila je u Spu\u017eu, ima kapacitet 65 lica, koji se mo\u017ee pro\u0161iriti na maksimalno 85 lica. Ono \u0161to se moglo primijetiti jeste da je u ranijem periodu, u dva navrata, broj tra\u017eilaca bio toliki da Centar za azil u Spu\u017eu nije mogao odgovoriti potrebama tra\u017eilaca azila. Crna Gora je veoma brzo i adekvatno reagovala u tim situacijama otvaranjem alternativnih smje\u0161tajnih kapaciteta. Nemamo razloga da ne vjerujemo da \u0107e tako ne\u0161to biti i ovoga puta, ukoliko do\u0111e do neke takve situacije&#8221;, isti\u010du u UNHCR-u.<\/p>\n<p>Ra\u0161\u010danin poru\u010duje da ono \u0161to bi UNHCR \u017eelio vidjeti je da ukoliko Crna Gora odlu\u010di otvoriti alternativne centre, u slu\u010daju pove\u0107anja tra\u017eilaca azila, da u tim centrima budu dostupne iste usluge, na istom nivou, kao \u0161to je to danas u Centru za azil u Spu\u017eu.<\/p>\n<p>&#8220;Ono \u0161to mi znamo je da postoji operativni tim na nivou Vlade Crne Gorw, koji prati situaciju, u komunikaciji je sa zemljama u regiji. Dakle, pripremaju se planovi, koje su to aktivnosti koje bi trebalo preduzeti ukoliko bi i Crna Gora imala sli\u010dne situacije, poput onih u Makedoniji&#8221;, kazao je Ra\u0161\u010danin.<\/p>\n<p><strong>Va\u017eno je govoriti o izbjeglicama<\/strong><\/p>\n<p>Broj dana u kojima tra\u017eioci azila ostaju u Crnoj Gori je jako mali.<\/p>\n<p>Prema podacima UNHCR-a, to je u prosjeku izme\u0111u sedam i devet dana na godi\u0161njem nivou. Ra\u0161\u010danin isti\u010de da postoji vi\u0161e razloga za to.<\/p>\n<p>&#8220;Imate lica koja Crnu Goru nikada nisu do\u017eivljavale kao zemlju azila. Ali, ima i lica koja nisu \u017eeljela da ostanu u Crnoj Gori, jer ovdje gotovo da ne postoje integracijski programi lica kojima je priznat status izbjeglica. Kada oni sagledaju situaciju i vide \u0161ta mogu da dobiju u Crnoj Gori ako dobiju status izbjeglice, prosto misle da to nije dovoljno i onda idu dalje&#8221;, ka\u017ee Ra\u0161\u010danin.<\/p>\n<p>Na pitanje kako vidi rje\u0161enje krize s izbjeglicama, Ra\u0161\u010danin odgovara da je va\u017eno da se govori o ovoj temi.<\/p>\n<p>&#8220;Kao \u0161to vidite, vode se aktivnosti na vi\u0161e nivoa u me\u0111unarodnoj zajednici. Va\u017eno je da se raspravlja i da se prave planovi. Za nas, kao UNHCR, bitno je da se omogu\u0107i humani pristup tim licima, da ne sre\u0107emo neprijatne scene, kao \u0161to je slu\u010daj ovih dana kada imamo lica koja gube \u017eivote poku\u0161avaju\u0107i da pobjegnu iz zemalja iz kojih su progonjeni&#8221;, kazao je Ra\u0161\u010danin.<\/p>\n<p>Izvor: Agencije<\/p>\n","protected":false},"excerpt":{"rendered":"<p>Crna Gora &#8211; Izbjegli\u010dka kriza koja ovih dana poga\u0111a Makedoniju i Srbiju s pa\u017enjom se prati i u Crnoj Gori. Iako Crna Gora trenutno nije pogo\u0111ena valom izbjeglica, u organizaciji UNHCR smatraju da se mo\u017ee o\u010dekivati da u narednim mjesecima broj tra\u017eilaca azila u Crnoj Gori bude pove\u0107an. Prema podacima UNHCR-a, u prvih \u0161est mjeseci [&hellip;]<\/p>\n","protected":false},"author":83,"featured_media":135618,"comment_status":"open","ping_status":"open","sticky":false,"template":"","format":"standard","meta":{"footnotes":""},"categories":[10308,5,10429],"tags":[],"class_list":{"0":"post-135615","1":"post","2":"type-post","3":"status-publish","4":"format-standard","5":"has-post-thumbnail","7":"category-crna-gora","8":"category-drustvo","9":"category-vazno"},"yoast_head":"<!-- This site is optimized with the Yoast SEO Premium plugin v23.1 (Yoast SEO v24.9) - https:\/\/yoast.com\/wordpress\/plugins\/seo\/ -->\n<title>Crna Gora: Utrostru\u010den broj tra\u017eilaca azila<\/title>\n<meta name=\"robots\" content=\"index, follow, max-snippet:-1, max-image-preview:large, max-video-preview:-1\" \/>\n<link rel=\"canonical\" href=\"https:\/\/sandzakpress.net\/arhiva\/crna-gora-utrostrucen-broj-trazilaca-azila\/\" \/>\n<meta property=\"og:locale\" content=\"bs_BA\" \/>\n<meta property=\"og:type\" content=\"article\" \/>\n<meta property=\"og:title\" content=\"Crna Gora: Utrostru\u010den broj tra\u017eilaca azila\" \/>\n<meta property=\"og:description\" content=\"Crna Gora &#8211; Izbjegli\u010dka kriza koja ovih dana poga\u0111a Makedoniju i Srbiju s pa\u017enjom se prati i u Crnoj Gori. Iako Crna Gora trenutno nije pogo\u0111ena valom izbjeglica, u organizaciji UNHCR smatraju da se mo\u017ee o\u010dekivati da u narednim mjesecima broj tra\u017eilaca azila u Crnoj Gori bude pove\u0107an. Prema podacima UNHCR-a, u prvih \u0161est mjeseci [&hellip;]\" \/>\n<meta property=\"og:url\" content=\"https:\/\/sandzakpress.net\/arhiva\/crna-gora-utrostrucen-broj-trazilaca-azila\/\" \/>\n<meta property=\"og:site_name\" content=\"Sand\u017eak PRESS\" \/>\n<meta property=\"article:published_time\" content=\"2015-09-03T10:50:04+00:00\" \/>\n<meta property=\"og:image\" content=\"https:\/\/sandzakpress.net\/arhiva\/wp-content\/uploads\/2015\/09\/rascanin-slobodan-unhcr-crna-gora-aa-main.jpg\" \/>\n\t<meta property=\"og:image:width\" content=\"900\" \/>\n\t<meta property=\"og:image:height\" content=\"600\" \/>\n\t<meta property=\"og:image:type\" content=\"image\/jpeg\" \/>\n<meta name=\"author\" content=\"bosniak\" \/>\n<meta name=\"twitter:card\" content=\"summary_large_image\" \/>\n<meta name=\"twitter:label1\" content=\"Written by\" \/>\n\t<meta name=\"twitter:data1\" content=\"bosniak\" \/>\n\t<meta name=\"twitter:label2\" content=\"Est. reading time\" \/>\n\t<meta name=\"twitter:data2\" content=\"4 minute\" \/>\n<script type=\"application\/ld+json\" class=\"yoast-schema-graph\">{\"@context\":\"https:\/\/schema.org\",\"@graph\":[{\"@type\":\"Article\",\"@id\":\"https:\/\/sandzakpress.net\/arhiva\/crna-gora-utrostrucen-broj-trazilaca-azila\/#article\",\"isPartOf\":{\"@id\":\"https:\/\/sandzakpress.net\/arhiva\/crna-gora-utrostrucen-broj-trazilaca-azila\/\"},\"author\":{\"name\":\"bosniak\",\"@id\":\"https:\/\/sandzakpress.net\/arhiva\/#\/schema\/person\/c8baee722073534b583ea7bdb2e36c02\"},\"headline\":\"Crna Gora: Utrostru\u010den broj tra\u017eilaca azila\",\"datePublished\":\"2015-09-03T10:50:04+00:00\",\"mainEntityOfPage\":{\"@id\":\"https:\/\/sandzakpress.net\/arhiva\/crna-gora-utrostrucen-broj-trazilaca-azila\/\"},\"wordCount\":834,\"commentCount\":0,\"publisher\":{\"@id\":\"https:\/\/sandzakpress.net\/arhiva\/#\/schema\/person\/6e72b67d6e51910a1117b3b483ba20bd\"},\"image\":{\"@id\":\"https:\/\/sandzakpress.net\/arhiva\/crna-gora-utrostrucen-broj-trazilaca-azila\/#primaryimage\"},\"thumbnailUrl\":\"https:\/\/sandzakpress.net\/arhiva\/wp-content\/uploads\/2015\/09\/rascanin-slobodan-unhcr-crna-gora-aa-main.jpg\",\"articleSection\":[\"Crna Gora\",\"Dru\u0161tvo\",\"VA\u017dNO!\"],\"inLanguage\":\"bs-BA\",\"potentialAction\":[{\"@type\":\"CommentAction\",\"name\":\"Comment\",\"target\":[\"https:\/\/sandzakpress.net\/arhiva\/crna-gora-utrostrucen-broj-trazilaca-azila\/#respond\"]}]},{\"@type\":\"WebPage\",\"@id\":\"https:\/\/sandzakpress.net\/arhiva\/crna-gora-utrostrucen-broj-trazilaca-azila\/\",\"url\":\"https:\/\/sandzakpress.net\/arhiva\/crna-gora-utrostrucen-broj-trazilaca-azila\/\",\"name\":\"Crna Gora: Utrostru\u010den broj tra\u017eilaca azila\",\"isPartOf\":{\"@id\":\"https:\/\/sandzakpress.net\/arhiva\/#website\"},\"primaryImageOfPage\":{\"@id\":\"https:\/\/sandzakpress.net\/arhiva\/crna-gora-utrostrucen-broj-trazilaca-azila\/#primaryimage\"},\"image\":{\"@id\":\"https:\/\/sandzakpress.net\/arhiva\/crna-gora-utrostrucen-broj-trazilaca-azila\/#primaryimage\"},\"thumbnailUrl\":\"https:\/\/sandzakpress.net\/arhiva\/wp-content\/uploads\/2015\/09\/rascanin-slobodan-unhcr-crna-gora-aa-main.jpg\",\"datePublished\":\"2015-09-03T10:50:04+00:00\",\"breadcrumb\":{\"@id\":\"https:\/\/sandzakpress.net\/arhiva\/crna-gora-utrostrucen-broj-trazilaca-azila\/#breadcrumb\"},\"inLanguage\":\"bs-BA\",\"potentialAction\":[{\"@type\":\"ReadAction\",\"target\":[\"https:\/\/sandzakpress.net\/arhiva\/crna-gora-utrostrucen-broj-trazilaca-azila\/\"]}]},{\"@type\":\"ImageObject\",\"inLanguage\":\"bs-BA\",\"@id\":\"https:\/\/sandzakpress.net\/arhiva\/crna-gora-utrostrucen-broj-trazilaca-azila\/#primaryimage\",\"url\":\"https:\/\/sandzakpress.net\/arhiva\/wp-content\/uploads\/2015\/09\/rascanin-slobodan-unhcr-crna-gora-aa-main.jpg\",\"contentUrl\":\"https:\/\/sandzakpress.net\/arhiva\/wp-content\/uploads\/2015\/09\/rascanin-slobodan-unhcr-crna-gora-aa-main.jpg\",\"width\":900,\"height\":600},{\"@type\":\"BreadcrumbList\",\"@id\":\"https:\/\/sandzakpress.net\/arhiva\/crna-gora-utrostrucen-broj-trazilaca-azila\/#breadcrumb\",\"itemListElement\":[{\"@type\":\"ListItem\",\"position\":1,\"name\":\"Home\",\"item\":\"https:\/\/sandzakpress.net\/arhiva\/\"},{\"@type\":\"ListItem\",\"position\":2,\"name\":\"Crna Gora: Utrostru\u010den broj tra\u017eilaca azila\"}]},{\"@type\":\"WebSite\",\"@id\":\"https:\/\/sandzakpress.net\/arhiva\/#website\",\"url\":\"https:\/\/sandzakpress.net\/arhiva\/\",\"name\":\"Sand\u017eak PRESS\",\"description\":\"Prve elektronske novine u Sand\u017eaku\",\"publisher\":{\"@id\":\"https:\/\/sandzakpress.net\/arhiva\/#\/schema\/person\/6e72b67d6e51910a1117b3b483ba20bd\"},\"potentialAction\":[{\"@type\":\"SearchAction\",\"target\":{\"@type\":\"EntryPoint\",\"urlTemplate\":\"https:\/\/sandzakpress.net\/arhiva\/?s={search_term_string}\"},\"query-input\":{\"@type\":\"PropertyValueSpecification\",\"valueRequired\":true,\"valueName\":\"search_term_string\"}}],\"inLanguage\":\"bs-BA\"},{\"@type\":[\"Person\",\"Organization\"],\"@id\":\"https:\/\/sandzakpress.net\/arhiva\/#\/schema\/person\/6e72b67d6e51910a1117b3b483ba20bd\",\"name\":\"Kul\",\"image\":{\"@type\":\"ImageObject\",\"inLanguage\":\"bs-BA\",\"@id\":\"https:\/\/sandzakpress.net\/arhiva\/#\/schema\/person\/image\/\",\"url\":\"https:\/\/secure.gravatar.com\/avatar\/42263f39aa27ac04c43cab85c280eb2e?s=96&d=mm&r=pg\",\"contentUrl\":\"https:\/\/secure.gravatar.com\/avatar\/42263f39aa27ac04c43cab85c280eb2e?s=96&d=mm&r=pg\",\"caption\":\"Kul\"},\"logo\":{\"@id\":\"https:\/\/sandzakpress.net\/arhiva\/#\/schema\/person\/image\/\"}},{\"@type\":\"Person\",\"@id\":\"https:\/\/sandzakpress.net\/arhiva\/#\/schema\/person\/c8baee722073534b583ea7bdb2e36c02\",\"name\":\"bosniak\",\"image\":{\"@type\":\"ImageObject\",\"inLanguage\":\"bs-BA\",\"@id\":\"https:\/\/sandzakpress.net\/arhiva\/#\/schema\/person\/image\/\",\"url\":\"https:\/\/secure.gravatar.com\/avatar\/a04fd330bfe3a36a72a0ad4a6d89fca7?s=96&d=mm&r=pg\",\"contentUrl\":\"https:\/\/secure.gravatar.com\/avatar\/a04fd330bfe3a36a72a0ad4a6d89fca7?s=96&d=mm&r=pg\",\"caption\":\"bosniak\"},\"url\":\"https:\/\/sandzakpress.net\/arhiva\/author\/bosniak\/\"}]}<\/script>\n<!-- \/ Yoast SEO Premium plugin. -->","yoast_head_json":{"title":"Crna Gora: Utrostru\u010den broj tra\u017eilaca azila","robots":{"index":"index","follow":"follow","max-snippet":"max-snippet:-1","max-image-preview":"max-image-preview:large","max-video-preview":"max-video-preview:-1"},"canonical":"https:\/\/sandzakpress.net\/arhiva\/crna-gora-utrostrucen-broj-trazilaca-azila\/","og_locale":"bs_BA","og_type":"article","og_title":"Crna Gora: Utrostru\u010den broj tra\u017eilaca azila","og_description":"Crna Gora &#8211; Izbjegli\u010dka kriza koja ovih dana poga\u0111a Makedoniju i Srbiju s pa\u017enjom se prati i u Crnoj Gori. Iako Crna Gora trenutno nije pogo\u0111ena valom izbjeglica, u organizaciji UNHCR smatraju da se mo\u017ee o\u010dekivati da u narednim mjesecima broj tra\u017eilaca azila u Crnoj Gori bude pove\u0107an. Prema podacima UNHCR-a, u prvih \u0161est mjeseci [&hellip;]","og_url":"https:\/\/sandzakpress.net\/arhiva\/crna-gora-utrostrucen-broj-trazilaca-azila\/","og_site_name":"Sand\u017eak PRESS","article_published_time":"2015-09-03T10:50:04+00:00","og_image":[{"width":900,"height":600,"url":"https:\/\/sandzakpress.net\/arhiva\/wp-content\/uploads\/2015\/09\/rascanin-slobodan-unhcr-crna-gora-aa-main.jpg","type":"image\/jpeg"}],"author":"bosniak","twitter_card":"summary_large_image","twitter_misc":{"Written by":"bosniak","Est. reading time":"4 minute"},"schema":{"@context":"https:\/\/schema.org","@graph":[{"@type":"Article","@id":"https:\/\/sandzakpress.net\/arhiva\/crna-gora-utrostrucen-broj-trazilaca-azila\/#article","isPartOf":{"@id":"https:\/\/sandzakpress.net\/arhiva\/crna-gora-utrostrucen-broj-trazilaca-azila\/"},"author":{"name":"bosniak","@id":"https:\/\/sandzakpress.net\/arhiva\/#\/schema\/person\/c8baee722073534b583ea7bdb2e36c02"},"headline":"Crna Gora: Utrostru\u010den broj tra\u017eilaca azila","datePublished":"2015-09-03T10:50:04+00:00","mainEntityOfPage":{"@id":"https:\/\/sandzakpress.net\/arhiva\/crna-gora-utrostrucen-broj-trazilaca-azila\/"},"wordCount":834,"commentCount":0,"publisher":{"@id":"https:\/\/sandzakpress.net\/arhiva\/#\/schema\/person\/6e72b67d6e51910a1117b3b483ba20bd"},"image":{"@id":"https:\/\/sandzakpress.net\/arhiva\/crna-gora-utrostrucen-broj-trazilaca-azila\/#primaryimage"},"thumbnailUrl":"https:\/\/sandzakpress.net\/arhiva\/wp-content\/uploads\/2015\/09\/rascanin-slobodan-unhcr-crna-gora-aa-main.jpg","articleSection":["Crna Gora","Dru\u0161tvo","VA\u017dNO!"],"inLanguage":"bs-BA","potentialAction":[{"@type":"CommentAction","name":"Comment","target":["https:\/\/sandzakpress.net\/arhiva\/crna-gora-utrostrucen-broj-trazilaca-azila\/#respond"]}]},{"@type":"WebPage","@id":"https:\/\/sandzakpress.net\/arhiva\/crna-gora-utrostrucen-broj-trazilaca-azila\/","url":"https:\/\/sandzakpress.net\/arhiva\/crna-gora-utrostrucen-broj-trazilaca-azila\/","name":"Crna Gora: Utrostru\u010den broj tra\u017eilaca azila","isPartOf":{"@id":"https:\/\/sandzakpress.net\/arhiva\/#website"},"primaryImageOfPage":{"@id":"https:\/\/sandzakpress.net\/arhiva\/crna-gora-utrostrucen-broj-trazilaca-azila\/#primaryimage"},"image":{"@id":"https:\/\/sandzakpress.net\/arhiva\/crna-gora-utrostrucen-broj-trazilaca-azila\/#primaryimage"},"thumbnailUrl":"https:\/\/sandzakpress.net\/arhiva\/wp-content\/uploads\/2015\/09\/rascanin-slobodan-unhcr-crna-gora-aa-main.jpg","datePublished":"2015-09-03T10:50:04+00:00","breadcrumb":{"@id":"https:\/\/sandzakpress.net\/arhiva\/crna-gora-utrostrucen-broj-trazilaca-azila\/#breadcrumb"},"inLanguage":"bs-BA","potentialAction":[{"@type":"ReadAction","target":["https:\/\/sandzakpress.net\/arhiva\/crna-gora-utrostrucen-broj-trazilaca-azila\/"]}]},{"@type":"ImageObject","inLanguage":"bs-BA","@id":"https:\/\/sandzakpress.net\/arhiva\/crna-gora-utrostrucen-broj-trazilaca-azila\/#primaryimage","url":"https:\/\/sandzakpress.net\/arhiva\/wp-content\/uploads\/2015\/09\/rascanin-slobodan-unhcr-crna-gora-aa-main.jpg","contentUrl":"https:\/\/sandzakpress.net\/arhiva\/wp-content\/uploads\/2015\/09\/rascanin-slobodan-unhcr-crna-gora-aa-main.jpg","width":900,"height":600},{"@type":"BreadcrumbList","@id":"https:\/\/sandzakpress.net\/arhiva\/crna-gora-utrostrucen-broj-trazilaca-azila\/#breadcrumb","itemListElement":[{"@type":"ListItem","position":1,"name":"Home","item":"https:\/\/sandzakpress.net\/arhiva\/"},{"@type":"ListItem","position":2,"name":"Crna Gora: Utrostru\u010den broj tra\u017eilaca azila"}]},{"@type":"WebSite","@id":"https:\/\/sandzakpress.net\/arhiva\/#website","url":"https:\/\/sandzakpress.net\/arhiva\/","name":"Sand\u017eak PRESS","description":"Prve elektronske novine u Sand\u017eaku","publisher":{"@id":"https:\/\/sandzakpress.net\/arhiva\/#\/schema\/person\/6e72b67d6e51910a1117b3b483ba20bd"},"potentialAction":[{"@type":"SearchAction","target":{"@type":"EntryPoint","urlTemplate":"https:\/\/sandzakpress.net\/arhiva\/?s={search_term_string}"},"query-input":{"@type":"PropertyValueSpecification","valueRequired":true,"valueName":"search_term_string"}}],"inLanguage":"bs-BA"},{"@type":["Person","Organization"],"@id":"https:\/\/sandzakpress.net\/arhiva\/#\/schema\/person\/6e72b67d6e51910a1117b3b483ba20bd","name":"Kul","image":{"@type":"ImageObject","inLanguage":"bs-BA","@id":"https:\/\/sandzakpress.net\/arhiva\/#\/schema\/person\/image\/","url":"https:\/\/secure.gravatar.com\/avatar\/42263f39aa27ac04c43cab85c280eb2e?s=96&d=mm&r=pg","contentUrl":"https:\/\/secure.gravatar.com\/avatar\/42263f39aa27ac04c43cab85c280eb2e?s=96&d=mm&r=pg","caption":"Kul"},"logo":{"@id":"https:\/\/sandzakpress.net\/arhiva\/#\/schema\/person\/image\/"}},{"@type":"Person","@id":"https:\/\/sandzakpress.net\/arhiva\/#\/schema\/person\/c8baee722073534b583ea7bdb2e36c02","name":"bosniak","image":{"@type":"ImageObject","inLanguage":"bs-BA","@id":"https:\/\/sandzakpress.net\/arhiva\/#\/schema\/person\/image\/","url":"https:\/\/secure.gravatar.com\/avatar\/a04fd330bfe3a36a72a0ad4a6d89fca7?s=96&d=mm&r=pg","contentUrl":"https:\/\/secure.gravatar.com\/avatar\/a04fd330bfe3a36a72a0ad4a6d89fca7?s=96&d=mm&r=pg","caption":"bosniak"},"url":"https:\/\/sandzakpress.net\/arhiva\/author\/bosniak\/"}]}},"_links":{"self":[{"href":"https:\/\/sandzakpress.net\/arhiva\/wp-json\/wp\/v2\/posts\/135615"}],"collection":[{"href":"https:\/\/sandzakpress.net\/arhiva\/wp-json\/wp\/v2\/posts"}],"about":[{"href":"https:\/\/sandzakpress.net\/arhiva\/wp-json\/wp\/v2\/types\/post"}],"author":[{"embeddable":true,"href":"https:\/\/sandzakpress.net\/arhiva\/wp-json\/wp\/v2\/users\/83"}],"replies":[{"embeddable":true,"href":"https:\/\/sandzakpress.net\/arhiva\/wp-json\/wp\/v2\/comments?post=135615"}],"version-history":[{"count":0,"href":"https:\/\/sandzakpress.net\/arhiva\/wp-json\/wp\/v2\/posts\/135615\/revisions"}],"wp:featuredmedia":[{"embeddable":true,"href":"https:\/\/sandzakpress.net\/arhiva\/wp-json\/wp\/v2\/media\/135618"}],"wp:attachment":[{"href":"https:\/\/sandzakpress.net\/arhiva\/wp-json\/wp\/v2\/media?parent=135615"}],"wp:term":[{"taxonomy":"category","embeddable":true,"href":"https:\/\/sandzakpress.net\/arhiva\/wp-json\/wp\/v2\/categories?post=135615"},{"taxonomy":"post_tag","embeddable":true,"href":"https:\/\/sandzakpress.net\/arhiva\/wp-json\/wp\/v2\/tags?post=135615"}],"curies":[{"name":"wp","href":"https:\/\/api.w.org\/{rel}","templated":true}]}}