{"id":135522,"date":"2015-09-02T14:03:27","date_gmt":"2015-09-02T12:03:27","guid":{"rendered":"https:\/\/sandzakpress.net\/arhiva\/?p=135522"},"modified":"2015-09-02T16:09:14","modified_gmt":"2015-09-02T14:09:14","slug":"fejzic-odlucno-protiv-sandzaka-odbija-i-dijalog-sa-kujevicem-i-zukorlicem","status":"publish","type":"post","link":"https:\/\/sandzakpress.net\/arhiva\/fejzic-odlucno-protiv-sandzaka-odbija-i-dijalog-sa-kujevicem-i-zukorlicem\/","title":{"rendered":"Fejzi\u0107 odlu\u010dno protiv Sand\u017eaka! Odbija dijalog i pomirenje sa Kujevi\u0107em i Zukorli\u0107em!"},"content":{"rendered":"<p><strong><a href=\"http:\/\/islampress.net\/wp-content\/uploads\/2015\/09\/Zukorlic-fejzic-kujevic.jpg\"><img loading=\"lazy\" decoding=\"async\" class=\"alignnone size-full wp-image-2566\" src=\"http:\/\/islampress.net\/wp-content\/uploads\/2015\/09\/Zukorlic-fejzic-kujevic.jpg\" alt=\"Zukorlic fejzic kujevic\" width=\"1267\" height=\"566\" \/><br \/><\/a>Sand\u017eak &#8211; Uprkos najavama izvora koji prate zbivanja unutar Islamske zajednice u Crnoj Gori, u subotu se nijesu sreli reis Rifat ef. Fejzi\u0107 i hafiz Abdurrahman ef. Kujevi\u0107, pi\u0161e Pobjeda.<\/strong><\/p>\n<p>Fejzi\u0107 je ostao pri stavu da je isklju\u010denje hafiza Kujevi\u0107a glasovima OIZ Ro\u017eaje moralo da se desi, jer je hafiz Kujevi\u0107 pomo\u0107nik sand\u017ea\u010dkog Muftije za ju\u017eni Sand\u017eak. Kako pi\u0161e Pobjeda, ne\u0107e biti slu\u017ebenih razgovora i isklju\u010dena je, tako\u0111er, mogu\u0107nost skorijeg Fejzi\u0107evog susreta sa Sand\u017eakim muftijom Muamerom efendijom Zukorli\u0107em.<\/p>\n<p>&#8220;Ne radi se ovdje o nekakvoj sva\u0111i dva \u010dovjeka, pa bi sada, zbog mira u ku\u0107i i kom\u0161iluku, trebalo da se izmire&#8221;, obja\u0161njava u razgovoru za Pobjedu reis Fejzi\u0107.<\/p>\n<p>Fejzi\u0107 i dalje izbjegava \u010dinjenicu da je Me\u0161ihat Sand\u017eaka dio Rijaseta Bosne i Hercegovine kojem formalno od 1994. godine sve do danas i dalje pripadaju svi odbori u Sand\u017eaku me\u0111u kojima i OIZ Ro\u017eaje odakle je i potekla ideja o formiranju Me\u0161ihata Sand\u017eaka, pa najve\u0107eg islamskog u\u010denjaka u Crnoj Gori i Sand\u017eaku optu\u017euje da se priklju\u010dio Islamskoj zajednici u drugoj dr\u017eavi, pa se kako sam ka\u017ee, &#8220;Kujevi\u0107 sam isklju\u010dio&#8221;.<\/p>\n<p>&#8220;On je i \u010dlan tamo\u0161njeg Me\u0161ihata, izvr\u0161nog organa IZ, pa ne znam o \u010demu bi trebalo slu\u017ebeno da razgovaramo. A ja na poklonjenja niti zovem, niti idem, osim na sveta mjesta i svetim povodima\u201c, izjavio je crnogorski reis.<\/p>\n<p>\u0160to se \u0161pekulacija vezanih za navodno sve ve\u0107i broj imama u d\u017eamijama u Gusinju, Plavu, Ro\u017eajama, Baru i Ulcinju, koji podr\u017eavaju koncept reorganizacije postoje\u0107e strukture IZ u Crnoj Gori, Fejzi\u0107 tvrdi da se radi o nedobronamjernim dezinformacijama plasiranim, koje su u posljednjem periodu sve u\u010destalije, kako bi se u javnosti stvorio utisak o raskolu koji samo \u0161to nije razorio samu bit postojanja Islamske zajednice u postoje\u0107em obliku.<\/p>\n<p>&#8220;Ideja o nekakvom prisajedinjenju bilo kome i pod bilo kakvim uslovima zbog stvaranja nekakve zajednice Sand\u017eaka, za nas je apsolutno neprihvatljiva jasan je reis Fejzi\u0107! Prirodni smo, trajno neodvojivi dio islama u naj\u0161irem i svakom smislu i pogledu, pa smo i institucionalno, kao zajednica u stalnoj, najneposrednijoj saradnji sa islamskim zajednicama u Bosni i Hercegovini, Turskoj, Albaniji, Makedoniji, Srbiji i svim ostalim zemljama u kojima djeluju kao legitimne institucije na\u0161e bra\u0107e po vjeri\u201c, rekao je Fejzi\u0107.<\/p>\n<p>Ko god je na druga\u010dijim pozicijama, po mi\u0161ljenju reisa, kr\u0161i Ustav Islamske zajednice (op.ur. koji je mijenjan tri puta pred izbore) i nema mu mjesta u njenim slu\u017ebama, niti kao takav mo\u017ee biti imam u bilo kojoj d\u017eamiji u Crnoj Gori.<\/p>\n<p>Pro\u010ditajte 1. i 80. \u010dlan Ustava Rijaseta Bosne i Hercegovine gdje stoji da je Me\u0161ihat Sand\u017eaka dio Rijaseta BiH. Dio Me\u0161ihata Sand\u017eaka su odbori IZ u Ro\u017eajama, Novom Pazaru, Tutinu, Pljevljima, Bijelom Polju, Sjenici, Priboju, Prijepolju, Plavu, Gusinju, Petnjici, Beranama i Novoj Varo\u0161i:\u00a0<a href=\"http:\/\/l.facebook.com\/l.php?u=http%3A%2F%2Fwww.rijaset.ba%2Findex.php%3Foption%3Dcom_content%26view%3Darticle%26id%3D43%253Austav-islamske-zajednice%26catid%3D17%26Itemid%3D220&amp;h=mAQF9m69pAQFvl-XJn3aDr84c7bJanKvIlTKXNXRzJsdCDg&amp;enc=AZPhIvW4wejVb6FqPPwBGl-H4CdfnLBbnQQCCjA2jrg7GJby1n291-8gVoHo7Vx_5wKMQOErCswUhE25K_Fiq7X41axrgrnaAdsJibJdBwgw30aEqd7hBBhwOrLBuNqXX5RO46hVSQO_0u2SljpiYdO9sROtxgpnyC2yOCTkRUr1qVeMHuHqpq10h3Xwhrw2i-2PVPUvCZh7NBXVjMerLai4&amp;s=1\" target=\"_blank\" rel=\"nofollow\">http:\/\/www.rijaset.ba\/index.php\u2026<\/a><\/p>\n<p>Ideja osnivanja Me\u0161ihata IZ-e u Sand\u017eaku pokrenuta je 9. januara 1992. godine u Ro\u017eajama, na sastanku vjerskih autoriteta Bo\u0161njaka, s obje strane Drine, sa tada\u0161njim reis ul ulemom Jakubom ef. Selimovskim, koji je tako\u0111er sna\u017eno podr\u017eao i osnivanju medrese u Novom Pazaru usled velike potrebe za obrazovanjem neophodnog vjerskog kadra.<\/p>\n<p>(Rozaje Free Press)<\/p>\n","protected":false},"excerpt":{"rendered":"<p>Sand\u017eak &#8211; Uprkos najavama izvora koji prate zbivanja unutar Islamske zajednice u Crnoj Gori, u subotu se nijesu sreli reis Rifat ef. Fejzi\u0107 i hafiz Abdurrahman ef. Kujevi\u0107, pi\u0161e Pobjeda. Fejzi\u0107 je ostao pri stavu da je isklju\u010denje hafiza Kujevi\u0107a glasovima OIZ Ro\u017eaje moralo da se desi, jer je hafiz Kujevi\u0107 pomo\u0107nik sand\u017ea\u010dkog Muftije za [&hellip;]<\/p>\n","protected":false},"author":83,"featured_media":135523,"comment_status":"open","ping_status":"open","sticky":false,"template":"","format":"standard","meta":{"footnotes":""},"categories":[10503,72,398,52,397,327,10174,392,396,393,395,802,394,399,10173,8957],"tags":[10204],"class_list":{"0":"post-135522","1":"post","2":"type-post","3":"status-publish","4":"format-standard","5":"has-post-thumbnail","7":"category-sjeverni-sandzak","8":"category-novi-pazar","9":"category-rozaje","10":"category-sjenica","11":"category-berane","12":"category-tutin","13":"category-petnjica-vase-vijesti","14":"category-prijepolje_","15":"category-bijelo_polje","16":"category-priboj","17":"category-pljevlja_","18":"category-islamska_zajednica","19":"category-nova-varos","20":"category-plav_","21":"category-gusinje-vase-vijesti","22":"category-vijesti-dana","23":"tag-muftija-muamer-zukorlic"},"yoast_head":"<!-- This site is optimized with the Yoast SEO Premium plugin v23.1 (Yoast SEO v24.9) - https:\/\/yoast.com\/wordpress\/plugins\/seo\/ -->\n<title>Fejzi\u0107 odlu\u010dno protiv Sand\u017eaka! Odbija dijalog i pomirenje sa Kujevi\u0107em i Zukorli\u0107em!<\/title>\n<meta name=\"robots\" content=\"index, follow, max-snippet:-1, max-image-preview:large, max-video-preview:-1\" \/>\n<link rel=\"canonical\" href=\"https:\/\/sandzakpress.net\/arhiva\/fejzic-odlucno-protiv-sandzaka-odbija-i-dijalog-sa-kujevicem-i-zukorlicem\/\" \/>\n<meta property=\"og:locale\" content=\"bs_BA\" \/>\n<meta property=\"og:type\" content=\"article\" \/>\n<meta property=\"og:title\" content=\"Fejzi\u0107 odlu\u010dno protiv Sand\u017eaka! Odbija dijalog i pomirenje sa Kujevi\u0107em i Zukorli\u0107em!\" \/>\n<meta property=\"og:description\" content=\"Sand\u017eak &#8211; Uprkos najavama izvora koji prate zbivanja unutar Islamske zajednice u Crnoj Gori, u subotu se nijesu sreli reis Rifat ef. Fejzi\u0107 i hafiz Abdurrahman ef. Kujevi\u0107, pi\u0161e Pobjeda. Fejzi\u0107 je ostao pri stavu da je isklju\u010denje hafiza Kujevi\u0107a glasovima OIZ Ro\u017eaje moralo da se desi, jer je hafiz Kujevi\u0107 pomo\u0107nik sand\u017ea\u010dkog Muftije za [&hellip;]\" \/>\n<meta property=\"og:url\" content=\"https:\/\/sandzakpress.net\/arhiva\/fejzic-odlucno-protiv-sandzaka-odbija-i-dijalog-sa-kujevicem-i-zukorlicem\/\" \/>\n<meta property=\"og:site_name\" content=\"Sand\u017eak PRESS\" \/>\n<meta property=\"article:published_time\" content=\"2015-09-02T12:03:27+00:00\" \/>\n<meta property=\"article:modified_time\" content=\"2015-09-02T14:09:14+00:00\" \/>\n<meta property=\"og:image\" content=\"https:\/\/sandzakpress.net\/arhiva\/wp-content\/uploads\/2015\/09\/Zukorlic-fejzic-kujevic.jpg\" \/>\n\t<meta property=\"og:image:width\" content=\"1267\" \/>\n\t<meta property=\"og:image:height\" content=\"566\" \/>\n\t<meta property=\"og:image:type\" content=\"image\/jpeg\" \/>\n<meta name=\"author\" content=\"bosniak\" \/>\n<meta name=\"twitter:card\" content=\"summary_large_image\" \/>\n<meta name=\"twitter:label1\" content=\"Written by\" \/>\n\t<meta name=\"twitter:data1\" content=\"bosniak\" \/>\n\t<meta name=\"twitter:label2\" content=\"Est. reading time\" \/>\n\t<meta name=\"twitter:data2\" content=\"3 minute\" \/>\n<script type=\"application\/ld+json\" class=\"yoast-schema-graph\">{\"@context\":\"https:\/\/schema.org\",\"@graph\":[{\"@type\":\"Article\",\"@id\":\"https:\/\/sandzakpress.net\/arhiva\/fejzic-odlucno-protiv-sandzaka-odbija-i-dijalog-sa-kujevicem-i-zukorlicem\/#article\",\"isPartOf\":{\"@id\":\"https:\/\/sandzakpress.net\/arhiva\/fejzic-odlucno-protiv-sandzaka-odbija-i-dijalog-sa-kujevicem-i-zukorlicem\/\"},\"author\":{\"name\":\"bosniak\",\"@id\":\"https:\/\/sandzakpress.net\/arhiva\/#\/schema\/person\/c8baee722073534b583ea7bdb2e36c02\"},\"headline\":\"Fejzi\u0107 odlu\u010dno protiv Sand\u017eaka! Odbija dijalog i pomirenje sa Kujevi\u0107em i Zukorli\u0107em!\",\"datePublished\":\"2015-09-02T12:03:27+00:00\",\"dateModified\":\"2015-09-02T14:09:14+00:00\",\"mainEntityOfPage\":{\"@id\":\"https:\/\/sandzakpress.net\/arhiva\/fejzic-odlucno-protiv-sandzaka-odbija-i-dijalog-sa-kujevicem-i-zukorlicem\/\"},\"wordCount\":586,\"commentCount\":69,\"publisher\":{\"@id\":\"https:\/\/sandzakpress.net\/arhiva\/#\/schema\/person\/6e72b67d6e51910a1117b3b483ba20bd\"},\"image\":{\"@id\":\"https:\/\/sandzakpress.net\/arhiva\/fejzic-odlucno-protiv-sandzaka-odbija-i-dijalog-sa-kujevicem-i-zukorlicem\/#primaryimage\"},\"thumbnailUrl\":\"https:\/\/sandzakpress.net\/arhiva\/wp-content\/uploads\/2015\/09\/Zukorlic-fejzic-kujevic.jpg\",\"keywords\":[\"muftija Muamer Zukorli\u0107\"],\"articleSection\":[\"Sjeverni Sand\u017eak\",\"Novi Pazar\",\"Ro\u017eaje\",\"Sjenica\",\"Berane\",\"Tutin\",\"Petnjica\",\"Prijepolje\",\"Bijelo Polje\",\"Priboj\",\"Pljevlja\",\"Islamska zajednica\",\"Nova Varo\u0161\",\"Plav\",\"Gusinje\",\"VIJESTI DANA\"],\"inLanguage\":\"bs-BA\",\"potentialAction\":[{\"@type\":\"CommentAction\",\"name\":\"Comment\",\"target\":[\"https:\/\/sandzakpress.net\/arhiva\/fejzic-odlucno-protiv-sandzaka-odbija-i-dijalog-sa-kujevicem-i-zukorlicem\/#respond\"]}]},{\"@type\":\"WebPage\",\"@id\":\"https:\/\/sandzakpress.net\/arhiva\/fejzic-odlucno-protiv-sandzaka-odbija-i-dijalog-sa-kujevicem-i-zukorlicem\/\",\"url\":\"https:\/\/sandzakpress.net\/arhiva\/fejzic-odlucno-protiv-sandzaka-odbija-i-dijalog-sa-kujevicem-i-zukorlicem\/\",\"name\":\"Fejzi\u0107 odlu\u010dno protiv Sand\u017eaka! Odbija dijalog i pomirenje sa Kujevi\u0107em i Zukorli\u0107em!\",\"isPartOf\":{\"@id\":\"https:\/\/sandzakpress.net\/arhiva\/#website\"},\"primaryImageOfPage\":{\"@id\":\"https:\/\/sandzakpress.net\/arhiva\/fejzic-odlucno-protiv-sandzaka-odbija-i-dijalog-sa-kujevicem-i-zukorlicem\/#primaryimage\"},\"image\":{\"@id\":\"https:\/\/sandzakpress.net\/arhiva\/fejzic-odlucno-protiv-sandzaka-odbija-i-dijalog-sa-kujevicem-i-zukorlicem\/#primaryimage\"},\"thumbnailUrl\":\"https:\/\/sandzakpress.net\/arhiva\/wp-content\/uploads\/2015\/09\/Zukorlic-fejzic-kujevic.jpg\",\"datePublished\":\"2015-09-02T12:03:27+00:00\",\"dateModified\":\"2015-09-02T14:09:14+00:00\",\"breadcrumb\":{\"@id\":\"https:\/\/sandzakpress.net\/arhiva\/fejzic-odlucno-protiv-sandzaka-odbija-i-dijalog-sa-kujevicem-i-zukorlicem\/#breadcrumb\"},\"inLanguage\":\"bs-BA\",\"potentialAction\":[{\"@type\":\"ReadAction\",\"target\":[\"https:\/\/sandzakpress.net\/arhiva\/fejzic-odlucno-protiv-sandzaka-odbija-i-dijalog-sa-kujevicem-i-zukorlicem\/\"]}]},{\"@type\":\"ImageObject\",\"inLanguage\":\"bs-BA\",\"@id\":\"https:\/\/sandzakpress.net\/arhiva\/fejzic-odlucno-protiv-sandzaka-odbija-i-dijalog-sa-kujevicem-i-zukorlicem\/#primaryimage\",\"url\":\"https:\/\/sandzakpress.net\/arhiva\/wp-content\/uploads\/2015\/09\/Zukorlic-fejzic-kujevic.jpg\",\"contentUrl\":\"https:\/\/sandzakpress.net\/arhiva\/wp-content\/uploads\/2015\/09\/Zukorlic-fejzic-kujevic.jpg\",\"width\":1267,\"height\":566},{\"@type\":\"BreadcrumbList\",\"@id\":\"https:\/\/sandzakpress.net\/arhiva\/fejzic-odlucno-protiv-sandzaka-odbija-i-dijalog-sa-kujevicem-i-zukorlicem\/#breadcrumb\",\"itemListElement\":[{\"@type\":\"ListItem\",\"position\":1,\"name\":\"Home\",\"item\":\"https:\/\/sandzakpress.net\/arhiva\/\"},{\"@type\":\"ListItem\",\"position\":2,\"name\":\"Fejzi\u0107 odlu\u010dno protiv Sand\u017eaka! Odbija dijalog i pomirenje sa Kujevi\u0107em i Zukorli\u0107em!\"}]},{\"@type\":\"WebSite\",\"@id\":\"https:\/\/sandzakpress.net\/arhiva\/#website\",\"url\":\"https:\/\/sandzakpress.net\/arhiva\/\",\"name\":\"Sand\u017eak PRESS\",\"description\":\"Prve elektronske novine u Sand\u017eaku\",\"publisher\":{\"@id\":\"https:\/\/sandzakpress.net\/arhiva\/#\/schema\/person\/6e72b67d6e51910a1117b3b483ba20bd\"},\"potentialAction\":[{\"@type\":\"SearchAction\",\"target\":{\"@type\":\"EntryPoint\",\"urlTemplate\":\"https:\/\/sandzakpress.net\/arhiva\/?s={search_term_string}\"},\"query-input\":{\"@type\":\"PropertyValueSpecification\",\"valueRequired\":true,\"valueName\":\"search_term_string\"}}],\"inLanguage\":\"bs-BA\"},{\"@type\":[\"Person\",\"Organization\"],\"@id\":\"https:\/\/sandzakpress.net\/arhiva\/#\/schema\/person\/6e72b67d6e51910a1117b3b483ba20bd\",\"name\":\"Kul\",\"image\":{\"@type\":\"ImageObject\",\"inLanguage\":\"bs-BA\",\"@id\":\"https:\/\/sandzakpress.net\/arhiva\/#\/schema\/person\/image\/\",\"url\":\"https:\/\/secure.gravatar.com\/avatar\/42263f39aa27ac04c43cab85c280eb2e?s=96&d=mm&r=pg\",\"contentUrl\":\"https:\/\/secure.gravatar.com\/avatar\/42263f39aa27ac04c43cab85c280eb2e?s=96&d=mm&r=pg\",\"caption\":\"Kul\"},\"logo\":{\"@id\":\"https:\/\/sandzakpress.net\/arhiva\/#\/schema\/person\/image\/\"}},{\"@type\":\"Person\",\"@id\":\"https:\/\/sandzakpress.net\/arhiva\/#\/schema\/person\/c8baee722073534b583ea7bdb2e36c02\",\"name\":\"bosniak\",\"image\":{\"@type\":\"ImageObject\",\"inLanguage\":\"bs-BA\",\"@id\":\"https:\/\/sandzakpress.net\/arhiva\/#\/schema\/person\/image\/\",\"url\":\"https:\/\/secure.gravatar.com\/avatar\/a04fd330bfe3a36a72a0ad4a6d89fca7?s=96&d=mm&r=pg\",\"contentUrl\":\"https:\/\/secure.gravatar.com\/avatar\/a04fd330bfe3a36a72a0ad4a6d89fca7?s=96&d=mm&r=pg\",\"caption\":\"bosniak\"},\"url\":\"https:\/\/sandzakpress.net\/arhiva\/author\/bosniak\/\"}]}<\/script>\n<!-- \/ Yoast SEO Premium plugin. -->","yoast_head_json":{"title":"Fejzi\u0107 odlu\u010dno protiv Sand\u017eaka! Odbija dijalog i pomirenje sa Kujevi\u0107em i Zukorli\u0107em!","robots":{"index":"index","follow":"follow","max-snippet":"max-snippet:-1","max-image-preview":"max-image-preview:large","max-video-preview":"max-video-preview:-1"},"canonical":"https:\/\/sandzakpress.net\/arhiva\/fejzic-odlucno-protiv-sandzaka-odbija-i-dijalog-sa-kujevicem-i-zukorlicem\/","og_locale":"bs_BA","og_type":"article","og_title":"Fejzi\u0107 odlu\u010dno protiv Sand\u017eaka! Odbija dijalog i pomirenje sa Kujevi\u0107em i Zukorli\u0107em!","og_description":"Sand\u017eak &#8211; Uprkos najavama izvora koji prate zbivanja unutar Islamske zajednice u Crnoj Gori, u subotu se nijesu sreli reis Rifat ef. Fejzi\u0107 i hafiz Abdurrahman ef. Kujevi\u0107, pi\u0161e Pobjeda. Fejzi\u0107 je ostao pri stavu da je isklju\u010denje hafiza Kujevi\u0107a glasovima OIZ Ro\u017eaje moralo da se desi, jer je hafiz Kujevi\u0107 pomo\u0107nik sand\u017ea\u010dkog Muftije za [&hellip;]","og_url":"https:\/\/sandzakpress.net\/arhiva\/fejzic-odlucno-protiv-sandzaka-odbija-i-dijalog-sa-kujevicem-i-zukorlicem\/","og_site_name":"Sand\u017eak PRESS","article_published_time":"2015-09-02T12:03:27+00:00","article_modified_time":"2015-09-02T14:09:14+00:00","og_image":[{"width":1267,"height":566,"url":"https:\/\/sandzakpress.net\/arhiva\/wp-content\/uploads\/2015\/09\/Zukorlic-fejzic-kujevic.jpg","type":"image\/jpeg"}],"author":"bosniak","twitter_card":"summary_large_image","twitter_misc":{"Written by":"bosniak","Est. reading time":"3 minute"},"schema":{"@context":"https:\/\/schema.org","@graph":[{"@type":"Article","@id":"https:\/\/sandzakpress.net\/arhiva\/fejzic-odlucno-protiv-sandzaka-odbija-i-dijalog-sa-kujevicem-i-zukorlicem\/#article","isPartOf":{"@id":"https:\/\/sandzakpress.net\/arhiva\/fejzic-odlucno-protiv-sandzaka-odbija-i-dijalog-sa-kujevicem-i-zukorlicem\/"},"author":{"name":"bosniak","@id":"https:\/\/sandzakpress.net\/arhiva\/#\/schema\/person\/c8baee722073534b583ea7bdb2e36c02"},"headline":"Fejzi\u0107 odlu\u010dno protiv Sand\u017eaka! Odbija dijalog i pomirenje sa Kujevi\u0107em i Zukorli\u0107em!","datePublished":"2015-09-02T12:03:27+00:00","dateModified":"2015-09-02T14:09:14+00:00","mainEntityOfPage":{"@id":"https:\/\/sandzakpress.net\/arhiva\/fejzic-odlucno-protiv-sandzaka-odbija-i-dijalog-sa-kujevicem-i-zukorlicem\/"},"wordCount":586,"commentCount":69,"publisher":{"@id":"https:\/\/sandzakpress.net\/arhiva\/#\/schema\/person\/6e72b67d6e51910a1117b3b483ba20bd"},"image":{"@id":"https:\/\/sandzakpress.net\/arhiva\/fejzic-odlucno-protiv-sandzaka-odbija-i-dijalog-sa-kujevicem-i-zukorlicem\/#primaryimage"},"thumbnailUrl":"https:\/\/sandzakpress.net\/arhiva\/wp-content\/uploads\/2015\/09\/Zukorlic-fejzic-kujevic.jpg","keywords":["muftija Muamer Zukorli\u0107"],"articleSection":["Sjeverni Sand\u017eak","Novi Pazar","Ro\u017eaje","Sjenica","Berane","Tutin","Petnjica","Prijepolje","Bijelo Polje","Priboj","Pljevlja","Islamska zajednica","Nova Varo\u0161","Plav","Gusinje","VIJESTI DANA"],"inLanguage":"bs-BA","potentialAction":[{"@type":"CommentAction","name":"Comment","target":["https:\/\/sandzakpress.net\/arhiva\/fejzic-odlucno-protiv-sandzaka-odbija-i-dijalog-sa-kujevicem-i-zukorlicem\/#respond"]}]},{"@type":"WebPage","@id":"https:\/\/sandzakpress.net\/arhiva\/fejzic-odlucno-protiv-sandzaka-odbija-i-dijalog-sa-kujevicem-i-zukorlicem\/","url":"https:\/\/sandzakpress.net\/arhiva\/fejzic-odlucno-protiv-sandzaka-odbija-i-dijalog-sa-kujevicem-i-zukorlicem\/","name":"Fejzi\u0107 odlu\u010dno protiv Sand\u017eaka! Odbija dijalog i pomirenje sa Kujevi\u0107em i Zukorli\u0107em!","isPartOf":{"@id":"https:\/\/sandzakpress.net\/arhiva\/#website"},"primaryImageOfPage":{"@id":"https:\/\/sandzakpress.net\/arhiva\/fejzic-odlucno-protiv-sandzaka-odbija-i-dijalog-sa-kujevicem-i-zukorlicem\/#primaryimage"},"image":{"@id":"https:\/\/sandzakpress.net\/arhiva\/fejzic-odlucno-protiv-sandzaka-odbija-i-dijalog-sa-kujevicem-i-zukorlicem\/#primaryimage"},"thumbnailUrl":"https:\/\/sandzakpress.net\/arhiva\/wp-content\/uploads\/2015\/09\/Zukorlic-fejzic-kujevic.jpg","datePublished":"2015-09-02T12:03:27+00:00","dateModified":"2015-09-02T14:09:14+00:00","breadcrumb":{"@id":"https:\/\/sandzakpress.net\/arhiva\/fejzic-odlucno-protiv-sandzaka-odbija-i-dijalog-sa-kujevicem-i-zukorlicem\/#breadcrumb"},"inLanguage":"bs-BA","potentialAction":[{"@type":"ReadAction","target":["https:\/\/sandzakpress.net\/arhiva\/fejzic-odlucno-protiv-sandzaka-odbija-i-dijalog-sa-kujevicem-i-zukorlicem\/"]}]},{"@type":"ImageObject","inLanguage":"bs-BA","@id":"https:\/\/sandzakpress.net\/arhiva\/fejzic-odlucno-protiv-sandzaka-odbija-i-dijalog-sa-kujevicem-i-zukorlicem\/#primaryimage","url":"https:\/\/sandzakpress.net\/arhiva\/wp-content\/uploads\/2015\/09\/Zukorlic-fejzic-kujevic.jpg","contentUrl":"https:\/\/sandzakpress.net\/arhiva\/wp-content\/uploads\/2015\/09\/Zukorlic-fejzic-kujevic.jpg","width":1267,"height":566},{"@type":"BreadcrumbList","@id":"https:\/\/sandzakpress.net\/arhiva\/fejzic-odlucno-protiv-sandzaka-odbija-i-dijalog-sa-kujevicem-i-zukorlicem\/#breadcrumb","itemListElement":[{"@type":"ListItem","position":1,"name":"Home","item":"https:\/\/sandzakpress.net\/arhiva\/"},{"@type":"ListItem","position":2,"name":"Fejzi\u0107 odlu\u010dno protiv Sand\u017eaka! Odbija dijalog i pomirenje sa Kujevi\u0107em i Zukorli\u0107em!"}]},{"@type":"WebSite","@id":"https:\/\/sandzakpress.net\/arhiva\/#website","url":"https:\/\/sandzakpress.net\/arhiva\/","name":"Sand\u017eak PRESS","description":"Prve elektronske novine u Sand\u017eaku","publisher":{"@id":"https:\/\/sandzakpress.net\/arhiva\/#\/schema\/person\/6e72b67d6e51910a1117b3b483ba20bd"},"potentialAction":[{"@type":"SearchAction","target":{"@type":"EntryPoint","urlTemplate":"https:\/\/sandzakpress.net\/arhiva\/?s={search_term_string}"},"query-input":{"@type":"PropertyValueSpecification","valueRequired":true,"valueName":"search_term_string"}}],"inLanguage":"bs-BA"},{"@type":["Person","Organization"],"@id":"https:\/\/sandzakpress.net\/arhiva\/#\/schema\/person\/6e72b67d6e51910a1117b3b483ba20bd","name":"Kul","image":{"@type":"ImageObject","inLanguage":"bs-BA","@id":"https:\/\/sandzakpress.net\/arhiva\/#\/schema\/person\/image\/","url":"https:\/\/secure.gravatar.com\/avatar\/42263f39aa27ac04c43cab85c280eb2e?s=96&d=mm&r=pg","contentUrl":"https:\/\/secure.gravatar.com\/avatar\/42263f39aa27ac04c43cab85c280eb2e?s=96&d=mm&r=pg","caption":"Kul"},"logo":{"@id":"https:\/\/sandzakpress.net\/arhiva\/#\/schema\/person\/image\/"}},{"@type":"Person","@id":"https:\/\/sandzakpress.net\/arhiva\/#\/schema\/person\/c8baee722073534b583ea7bdb2e36c02","name":"bosniak","image":{"@type":"ImageObject","inLanguage":"bs-BA","@id":"https:\/\/sandzakpress.net\/arhiva\/#\/schema\/person\/image\/","url":"https:\/\/secure.gravatar.com\/avatar\/a04fd330bfe3a36a72a0ad4a6d89fca7?s=96&d=mm&r=pg","contentUrl":"https:\/\/secure.gravatar.com\/avatar\/a04fd330bfe3a36a72a0ad4a6d89fca7?s=96&d=mm&r=pg","caption":"bosniak"},"url":"https:\/\/sandzakpress.net\/arhiva\/author\/bosniak\/"}]}},"_links":{"self":[{"href":"https:\/\/sandzakpress.net\/arhiva\/wp-json\/wp\/v2\/posts\/135522"}],"collection":[{"href":"https:\/\/sandzakpress.net\/arhiva\/wp-json\/wp\/v2\/posts"}],"about":[{"href":"https:\/\/sandzakpress.net\/arhiva\/wp-json\/wp\/v2\/types\/post"}],"author":[{"embeddable":true,"href":"https:\/\/sandzakpress.net\/arhiva\/wp-json\/wp\/v2\/users\/83"}],"replies":[{"embeddable":true,"href":"https:\/\/sandzakpress.net\/arhiva\/wp-json\/wp\/v2\/comments?post=135522"}],"version-history":[{"count":0,"href":"https:\/\/sandzakpress.net\/arhiva\/wp-json\/wp\/v2\/posts\/135522\/revisions"}],"wp:featuredmedia":[{"embeddable":true,"href":"https:\/\/sandzakpress.net\/arhiva\/wp-json\/wp\/v2\/media\/135523"}],"wp:attachment":[{"href":"https:\/\/sandzakpress.net\/arhiva\/wp-json\/wp\/v2\/media?parent=135522"}],"wp:term":[{"taxonomy":"category","embeddable":true,"href":"https:\/\/sandzakpress.net\/arhiva\/wp-json\/wp\/v2\/categories?post=135522"},{"taxonomy":"post_tag","embeddable":true,"href":"https:\/\/sandzakpress.net\/arhiva\/wp-json\/wp\/v2\/tags?post=135522"}],"curies":[{"name":"wp","href":"https:\/\/api.w.org\/{rel}","templated":true}]}}