{"id":135457,"date":"2015-09-02T10:57:44","date_gmt":"2015-09-02T08:57:44","guid":{"rendered":"https:\/\/sandzakpress.net\/arhiva\/?p=135457"},"modified":"2015-09-02T10:57:44","modified_gmt":"2015-09-02T08:57:44","slug":"nova-varos-vukovi-rastrgli-bika-i-junicu","status":"publish","type":"post","link":"https:\/\/sandzakpress.net\/arhiva\/nova-varos-vukovi-rastrgli-bika-i-junicu\/","title":{"rendered":"Nova Varo\u0161: Vukovi rastrgli bika i junicu"},"content":{"rendered":"<p><a href=\"https:\/\/sandzakpress.net\/arhiva\/wp-content\/uploads\/2015\/09\/Vukovi_su_rastrgli_bika_u_blizini_pojilista__-_2.jpg\"><img loading=\"lazy\" decoding=\"async\" class=\" size-full wp-image-135458 aligncenter\" src=\"https:\/\/sandzakpress.net\/arhiva\/wp-content\/uploads\/2015\/09\/Vukovi_su_rastrgli_bika_u_blizini_pojilista__-_2.jpg\" alt=\"Vukovi_su_rastrgli_bika_u_blizini_pojilista__-_2\" width=\"600\" height=\"423\" \/><\/a><strong>Nova Varo\u0161 &#8211; Poljoprivredniku Radu Pali\u0107u, iz Bukovika, vukovi su u pa\u0161i ispod Gradine, nedaleko od ku\u0107e, zaklali junicu i bika.<\/strong><\/p>\n<p>Vu\u010dji pir zapo\u010deo je prije desetak no\u0107i u \u017eici elektri\u010dne \u010dobanice, gdje je paslo 13 grla, a nastavljen u nedelju pred ve\u010de, kad\u00a0 su zvijeri u blizini pojili\u0161ta rastrgle bika od 350 kilograma.<\/p>\n<p>&#8211; Ne znam kako da se odbranim od napasti?! \u0160est krava no\u0107u zatvaram u \u0161talu, ali me strah za krave preko dana, kao i junice i bikove, koji su lak plijen u pa\u0161i sa niskim rastiljem, gdje ih vrebaju vukovi &#8211; \u017eali se ugledni sto\u010dar, dok obija op\u0161tinske pragove tra\u017ee\u0107i pomo\u0107 i za\u0161titu od \u0161teto\u010dina.<\/p>\n<p>Mje\u0161tani Komarana, sela na lijevoj obali Uva\u010dkog jezera, gdje su kurjaci tamanili koze, ka\u017eu da no\u0107u \u010duju zavijanje, naj\u010de\u0161\u0107e u blizini hranili\u0161ta\u00a0 bjeloglavih supova na litici kanjona kod Rastoka. Vidjeli su, pri\u010daju, da su \u010detiri vuka preplivala Uva\u010dko jezero, ba\u0161 uo\u010di upada u krdo govedi Pali\u0107a. Po\u010detkom nedelje zveri su se urlanjem oglasile i u podjavorskim selima.<\/p>\n<p>&#8211; Dok ima strvina na hranili\u0161tu, vukovi ne kolju stoku. A ne znam za\u0161to hranili\u0161te, kao svukuda u svijetu, nije ogra\u0111eno, da divlja\u010d ne mo\u017ee ulaziti, a da je dospupno pticama? &#8211; pita se Pali\u0107. &#8211; Svi peru ruke, niko nije nadle\u017ean za na\u0161e nevolje?! Ne znam kome mi seljaci vi\u0161e da se \u017ealimo? Da li da rasprodamo stoku i zatvorimo je u \u0161talu i po\u010dnemo polagati sijeno?<\/p>\n<p>Sto\u010dari podjavorskih sela ka\u017eu da jedna nevolja nikad ne ide sama: su\u0161a je spr\u017eila pa\u0161njake, presu\u0161ili su izvori, pa vodu dovla\u010de cisternama, a sad im i vukovi zagor\u010davaju \u017eivot. Imali su manje briga dok je stoka no\u0107u ostajala na pa\u0161i, pa je,\u00a0 kad pro\u0111e vru\u0107ina i koliko-toliko ovla\u017ei trava\u00a0 od rose ili hladno\u0107e sa rijeka i jezera, mogla da pase.<\/p>\n<p>&nbsp;<\/p>\n<p>&nbsp;<\/p>\n","protected":false},"excerpt":{"rendered":"<p>Nova Varo\u0161 &#8211; Poljoprivredniku Radu Pali\u0107u, iz Bukovika, vukovi su u pa\u0161i ispod Gradine, nedaleko od ku\u0107e, zaklali junicu i bika. Vu\u010dji pir zapo\u010deo je prije desetak no\u0107i u \u017eici elektri\u010dne \u010dobanice, gdje je paslo 13 grla, a nastavljen u nedelju pred ve\u010de, kad\u00a0 su zvijeri u blizini pojili\u0161ta rastrgle bika od 350 kilograma. &#8211; [&hellip;]<\/p>\n","protected":false},"author":83,"featured_media":135458,"comment_status":"open","ping_status":"open","sticky":false,"template":"","format":"standard","meta":{"footnotes":""},"categories":[394,801,798],"tags":[],"class_list":{"0":"post-135457","1":"post","2":"type-post","3":"status-publish","4":"format-standard","5":"has-post-thumbnail","7":"category-nova-varos","8":"category-crna_hronika","9":"category-teme"},"yoast_head":"<!-- This site is optimized with the Yoast SEO Premium plugin v23.1 (Yoast SEO v24.9) - https:\/\/yoast.com\/wordpress\/plugins\/seo\/ -->\n<title>Nova Varo\u0161: Vukovi rastrgli bika i junicu<\/title>\n<meta name=\"robots\" content=\"index, follow, max-snippet:-1, max-image-preview:large, max-video-preview:-1\" \/>\n<link rel=\"canonical\" href=\"https:\/\/sandzakpress.net\/arhiva\/nova-varos-vukovi-rastrgli-bika-i-junicu\/\" \/>\n<meta property=\"og:locale\" content=\"bs_BA\" \/>\n<meta property=\"og:type\" content=\"article\" \/>\n<meta property=\"og:title\" content=\"Nova Varo\u0161: Vukovi rastrgli bika i junicu\" \/>\n<meta property=\"og:description\" content=\"Nova Varo\u0161 &#8211; Poljoprivredniku Radu Pali\u0107u, iz Bukovika, vukovi su u pa\u0161i ispod Gradine, nedaleko od ku\u0107e, zaklali junicu i bika. Vu\u010dji pir zapo\u010deo je prije desetak no\u0107i u \u017eici elektri\u010dne \u010dobanice, gdje je paslo 13 grla, a nastavljen u nedelju pred ve\u010de, kad\u00a0 su zvijeri u blizini pojili\u0161ta rastrgle bika od 350 kilograma. &#8211; [&hellip;]\" \/>\n<meta property=\"og:url\" content=\"https:\/\/sandzakpress.net\/arhiva\/nova-varos-vukovi-rastrgli-bika-i-junicu\/\" \/>\n<meta property=\"og:site_name\" content=\"Sand\u017eak PRESS\" \/>\n<meta property=\"article:published_time\" content=\"2015-09-02T08:57:44+00:00\" \/>\n<meta property=\"og:image\" content=\"https:\/\/sandzakpress.net\/arhiva\/wp-content\/uploads\/2015\/09\/Vukovi_su_rastrgli_bika_u_blizini_pojilista__-_2.jpg\" \/>\n\t<meta property=\"og:image:width\" content=\"600\" \/>\n\t<meta property=\"og:image:height\" content=\"423\" \/>\n\t<meta property=\"og:image:type\" content=\"image\/jpeg\" \/>\n<meta name=\"author\" content=\"bosniak\" \/>\n<meta name=\"twitter:card\" content=\"summary_large_image\" \/>\n<meta name=\"twitter:label1\" content=\"Written by\" \/>\n\t<meta name=\"twitter:data1\" content=\"bosniak\" \/>\n\t<meta name=\"twitter:label2\" content=\"Est. reading time\" \/>\n\t<meta name=\"twitter:data2\" content=\"2 minute\" \/>\n<script type=\"application\/ld+json\" class=\"yoast-schema-graph\">{\"@context\":\"https:\/\/schema.org\",\"@graph\":[{\"@type\":\"Article\",\"@id\":\"https:\/\/sandzakpress.net\/arhiva\/nova-varos-vukovi-rastrgli-bika-i-junicu\/#article\",\"isPartOf\":{\"@id\":\"https:\/\/sandzakpress.net\/arhiva\/nova-varos-vukovi-rastrgli-bika-i-junicu\/\"},\"author\":{\"name\":\"bosniak\",\"@id\":\"https:\/\/sandzakpress.net\/arhiva\/#\/schema\/person\/c8baee722073534b583ea7bdb2e36c02\"},\"headline\":\"Nova Varo\u0161: Vukovi rastrgli bika i junicu\",\"datePublished\":\"2015-09-02T08:57:44+00:00\",\"mainEntityOfPage\":{\"@id\":\"https:\/\/sandzakpress.net\/arhiva\/nova-varos-vukovi-rastrgli-bika-i-junicu\/\"},\"wordCount\":353,\"commentCount\":1,\"publisher\":{\"@id\":\"https:\/\/sandzakpress.net\/arhiva\/#\/schema\/person\/6e72b67d6e51910a1117b3b483ba20bd\"},\"image\":{\"@id\":\"https:\/\/sandzakpress.net\/arhiva\/nova-varos-vukovi-rastrgli-bika-i-junicu\/#primaryimage\"},\"thumbnailUrl\":\"https:\/\/sandzakpress.net\/arhiva\/wp-content\/uploads\/2015\/09\/Vukovi_su_rastrgli_bika_u_blizini_pojilista__-_2.jpg\",\"articleSection\":[\"Nova Varo\u0161\",\"Hronika\",\"NAJNOVIJE\"],\"inLanguage\":\"bs-BA\",\"potentialAction\":[{\"@type\":\"CommentAction\",\"name\":\"Comment\",\"target\":[\"https:\/\/sandzakpress.net\/arhiva\/nova-varos-vukovi-rastrgli-bika-i-junicu\/#respond\"]}]},{\"@type\":\"WebPage\",\"@id\":\"https:\/\/sandzakpress.net\/arhiva\/nova-varos-vukovi-rastrgli-bika-i-junicu\/\",\"url\":\"https:\/\/sandzakpress.net\/arhiva\/nova-varos-vukovi-rastrgli-bika-i-junicu\/\",\"name\":\"Nova Varo\u0161: Vukovi rastrgli bika i junicu\",\"isPartOf\":{\"@id\":\"https:\/\/sandzakpress.net\/arhiva\/#website\"},\"primaryImageOfPage\":{\"@id\":\"https:\/\/sandzakpress.net\/arhiva\/nova-varos-vukovi-rastrgli-bika-i-junicu\/#primaryimage\"},\"image\":{\"@id\":\"https:\/\/sandzakpress.net\/arhiva\/nova-varos-vukovi-rastrgli-bika-i-junicu\/#primaryimage\"},\"thumbnailUrl\":\"https:\/\/sandzakpress.net\/arhiva\/wp-content\/uploads\/2015\/09\/Vukovi_su_rastrgli_bika_u_blizini_pojilista__-_2.jpg\",\"datePublished\":\"2015-09-02T08:57:44+00:00\",\"breadcrumb\":{\"@id\":\"https:\/\/sandzakpress.net\/arhiva\/nova-varos-vukovi-rastrgli-bika-i-junicu\/#breadcrumb\"},\"inLanguage\":\"bs-BA\",\"potentialAction\":[{\"@type\":\"ReadAction\",\"target\":[\"https:\/\/sandzakpress.net\/arhiva\/nova-varos-vukovi-rastrgli-bika-i-junicu\/\"]}]},{\"@type\":\"ImageObject\",\"inLanguage\":\"bs-BA\",\"@id\":\"https:\/\/sandzakpress.net\/arhiva\/nova-varos-vukovi-rastrgli-bika-i-junicu\/#primaryimage\",\"url\":\"https:\/\/sandzakpress.net\/arhiva\/wp-content\/uploads\/2015\/09\/Vukovi_su_rastrgli_bika_u_blizini_pojilista__-_2.jpg\",\"contentUrl\":\"https:\/\/sandzakpress.net\/arhiva\/wp-content\/uploads\/2015\/09\/Vukovi_su_rastrgli_bika_u_blizini_pojilista__-_2.jpg\",\"width\":600,\"height\":423},{\"@type\":\"BreadcrumbList\",\"@id\":\"https:\/\/sandzakpress.net\/arhiva\/nova-varos-vukovi-rastrgli-bika-i-junicu\/#breadcrumb\",\"itemListElement\":[{\"@type\":\"ListItem\",\"position\":1,\"name\":\"Home\",\"item\":\"https:\/\/sandzakpress.net\/arhiva\/\"},{\"@type\":\"ListItem\",\"position\":2,\"name\":\"Nova Varo\u0161: Vukovi rastrgli bika i junicu\"}]},{\"@type\":\"WebSite\",\"@id\":\"https:\/\/sandzakpress.net\/arhiva\/#website\",\"url\":\"https:\/\/sandzakpress.net\/arhiva\/\",\"name\":\"Sand\u017eak PRESS\",\"description\":\"Prve elektronske novine u Sand\u017eaku\",\"publisher\":{\"@id\":\"https:\/\/sandzakpress.net\/arhiva\/#\/schema\/person\/6e72b67d6e51910a1117b3b483ba20bd\"},\"potentialAction\":[{\"@type\":\"SearchAction\",\"target\":{\"@type\":\"EntryPoint\",\"urlTemplate\":\"https:\/\/sandzakpress.net\/arhiva\/?s={search_term_string}\"},\"query-input\":{\"@type\":\"PropertyValueSpecification\",\"valueRequired\":true,\"valueName\":\"search_term_string\"}}],\"inLanguage\":\"bs-BA\"},{\"@type\":[\"Person\",\"Organization\"],\"@id\":\"https:\/\/sandzakpress.net\/arhiva\/#\/schema\/person\/6e72b67d6e51910a1117b3b483ba20bd\",\"name\":\"Kul\",\"image\":{\"@type\":\"ImageObject\",\"inLanguage\":\"bs-BA\",\"@id\":\"https:\/\/sandzakpress.net\/arhiva\/#\/schema\/person\/image\/\",\"url\":\"https:\/\/secure.gravatar.com\/avatar\/42263f39aa27ac04c43cab85c280eb2e?s=96&d=mm&r=pg\",\"contentUrl\":\"https:\/\/secure.gravatar.com\/avatar\/42263f39aa27ac04c43cab85c280eb2e?s=96&d=mm&r=pg\",\"caption\":\"Kul\"},\"logo\":{\"@id\":\"https:\/\/sandzakpress.net\/arhiva\/#\/schema\/person\/image\/\"}},{\"@type\":\"Person\",\"@id\":\"https:\/\/sandzakpress.net\/arhiva\/#\/schema\/person\/c8baee722073534b583ea7bdb2e36c02\",\"name\":\"bosniak\",\"image\":{\"@type\":\"ImageObject\",\"inLanguage\":\"bs-BA\",\"@id\":\"https:\/\/sandzakpress.net\/arhiva\/#\/schema\/person\/image\/\",\"url\":\"https:\/\/secure.gravatar.com\/avatar\/a04fd330bfe3a36a72a0ad4a6d89fca7?s=96&d=mm&r=pg\",\"contentUrl\":\"https:\/\/secure.gravatar.com\/avatar\/a04fd330bfe3a36a72a0ad4a6d89fca7?s=96&d=mm&r=pg\",\"caption\":\"bosniak\"},\"url\":\"https:\/\/sandzakpress.net\/arhiva\/author\/bosniak\/\"}]}<\/script>\n<!-- \/ Yoast SEO Premium plugin. -->","yoast_head_json":{"title":"Nova Varo\u0161: Vukovi rastrgli bika i junicu","robots":{"index":"index","follow":"follow","max-snippet":"max-snippet:-1","max-image-preview":"max-image-preview:large","max-video-preview":"max-video-preview:-1"},"canonical":"https:\/\/sandzakpress.net\/arhiva\/nova-varos-vukovi-rastrgli-bika-i-junicu\/","og_locale":"bs_BA","og_type":"article","og_title":"Nova Varo\u0161: Vukovi rastrgli bika i junicu","og_description":"Nova Varo\u0161 &#8211; Poljoprivredniku Radu Pali\u0107u, iz Bukovika, vukovi su u pa\u0161i ispod Gradine, nedaleko od ku\u0107e, zaklali junicu i bika. Vu\u010dji pir zapo\u010deo je prije desetak no\u0107i u \u017eici elektri\u010dne \u010dobanice, gdje je paslo 13 grla, a nastavljen u nedelju pred ve\u010de, kad\u00a0 su zvijeri u blizini pojili\u0161ta rastrgle bika od 350 kilograma. &#8211; [&hellip;]","og_url":"https:\/\/sandzakpress.net\/arhiva\/nova-varos-vukovi-rastrgli-bika-i-junicu\/","og_site_name":"Sand\u017eak PRESS","article_published_time":"2015-09-02T08:57:44+00:00","og_image":[{"width":600,"height":423,"url":"https:\/\/sandzakpress.net\/arhiva\/wp-content\/uploads\/2015\/09\/Vukovi_su_rastrgli_bika_u_blizini_pojilista__-_2.jpg","type":"image\/jpeg"}],"author":"bosniak","twitter_card":"summary_large_image","twitter_misc":{"Written by":"bosniak","Est. reading time":"2 minute"},"schema":{"@context":"https:\/\/schema.org","@graph":[{"@type":"Article","@id":"https:\/\/sandzakpress.net\/arhiva\/nova-varos-vukovi-rastrgli-bika-i-junicu\/#article","isPartOf":{"@id":"https:\/\/sandzakpress.net\/arhiva\/nova-varos-vukovi-rastrgli-bika-i-junicu\/"},"author":{"name":"bosniak","@id":"https:\/\/sandzakpress.net\/arhiva\/#\/schema\/person\/c8baee722073534b583ea7bdb2e36c02"},"headline":"Nova Varo\u0161: Vukovi rastrgli bika i junicu","datePublished":"2015-09-02T08:57:44+00:00","mainEntityOfPage":{"@id":"https:\/\/sandzakpress.net\/arhiva\/nova-varos-vukovi-rastrgli-bika-i-junicu\/"},"wordCount":353,"commentCount":1,"publisher":{"@id":"https:\/\/sandzakpress.net\/arhiva\/#\/schema\/person\/6e72b67d6e51910a1117b3b483ba20bd"},"image":{"@id":"https:\/\/sandzakpress.net\/arhiva\/nova-varos-vukovi-rastrgli-bika-i-junicu\/#primaryimage"},"thumbnailUrl":"https:\/\/sandzakpress.net\/arhiva\/wp-content\/uploads\/2015\/09\/Vukovi_su_rastrgli_bika_u_blizini_pojilista__-_2.jpg","articleSection":["Nova Varo\u0161","Hronika","NAJNOVIJE"],"inLanguage":"bs-BA","potentialAction":[{"@type":"CommentAction","name":"Comment","target":["https:\/\/sandzakpress.net\/arhiva\/nova-varos-vukovi-rastrgli-bika-i-junicu\/#respond"]}]},{"@type":"WebPage","@id":"https:\/\/sandzakpress.net\/arhiva\/nova-varos-vukovi-rastrgli-bika-i-junicu\/","url":"https:\/\/sandzakpress.net\/arhiva\/nova-varos-vukovi-rastrgli-bika-i-junicu\/","name":"Nova Varo\u0161: Vukovi rastrgli bika i junicu","isPartOf":{"@id":"https:\/\/sandzakpress.net\/arhiva\/#website"},"primaryImageOfPage":{"@id":"https:\/\/sandzakpress.net\/arhiva\/nova-varos-vukovi-rastrgli-bika-i-junicu\/#primaryimage"},"image":{"@id":"https:\/\/sandzakpress.net\/arhiva\/nova-varos-vukovi-rastrgli-bika-i-junicu\/#primaryimage"},"thumbnailUrl":"https:\/\/sandzakpress.net\/arhiva\/wp-content\/uploads\/2015\/09\/Vukovi_su_rastrgli_bika_u_blizini_pojilista__-_2.jpg","datePublished":"2015-09-02T08:57:44+00:00","breadcrumb":{"@id":"https:\/\/sandzakpress.net\/arhiva\/nova-varos-vukovi-rastrgli-bika-i-junicu\/#breadcrumb"},"inLanguage":"bs-BA","potentialAction":[{"@type":"ReadAction","target":["https:\/\/sandzakpress.net\/arhiva\/nova-varos-vukovi-rastrgli-bika-i-junicu\/"]}]},{"@type":"ImageObject","inLanguage":"bs-BA","@id":"https:\/\/sandzakpress.net\/arhiva\/nova-varos-vukovi-rastrgli-bika-i-junicu\/#primaryimage","url":"https:\/\/sandzakpress.net\/arhiva\/wp-content\/uploads\/2015\/09\/Vukovi_su_rastrgli_bika_u_blizini_pojilista__-_2.jpg","contentUrl":"https:\/\/sandzakpress.net\/arhiva\/wp-content\/uploads\/2015\/09\/Vukovi_su_rastrgli_bika_u_blizini_pojilista__-_2.jpg","width":600,"height":423},{"@type":"BreadcrumbList","@id":"https:\/\/sandzakpress.net\/arhiva\/nova-varos-vukovi-rastrgli-bika-i-junicu\/#breadcrumb","itemListElement":[{"@type":"ListItem","position":1,"name":"Home","item":"https:\/\/sandzakpress.net\/arhiva\/"},{"@type":"ListItem","position":2,"name":"Nova Varo\u0161: Vukovi rastrgli bika i junicu"}]},{"@type":"WebSite","@id":"https:\/\/sandzakpress.net\/arhiva\/#website","url":"https:\/\/sandzakpress.net\/arhiva\/","name":"Sand\u017eak PRESS","description":"Prve elektronske novine u Sand\u017eaku","publisher":{"@id":"https:\/\/sandzakpress.net\/arhiva\/#\/schema\/person\/6e72b67d6e51910a1117b3b483ba20bd"},"potentialAction":[{"@type":"SearchAction","target":{"@type":"EntryPoint","urlTemplate":"https:\/\/sandzakpress.net\/arhiva\/?s={search_term_string}"},"query-input":{"@type":"PropertyValueSpecification","valueRequired":true,"valueName":"search_term_string"}}],"inLanguage":"bs-BA"},{"@type":["Person","Organization"],"@id":"https:\/\/sandzakpress.net\/arhiva\/#\/schema\/person\/6e72b67d6e51910a1117b3b483ba20bd","name":"Kul","image":{"@type":"ImageObject","inLanguage":"bs-BA","@id":"https:\/\/sandzakpress.net\/arhiva\/#\/schema\/person\/image\/","url":"https:\/\/secure.gravatar.com\/avatar\/42263f39aa27ac04c43cab85c280eb2e?s=96&d=mm&r=pg","contentUrl":"https:\/\/secure.gravatar.com\/avatar\/42263f39aa27ac04c43cab85c280eb2e?s=96&d=mm&r=pg","caption":"Kul"},"logo":{"@id":"https:\/\/sandzakpress.net\/arhiva\/#\/schema\/person\/image\/"}},{"@type":"Person","@id":"https:\/\/sandzakpress.net\/arhiva\/#\/schema\/person\/c8baee722073534b583ea7bdb2e36c02","name":"bosniak","image":{"@type":"ImageObject","inLanguage":"bs-BA","@id":"https:\/\/sandzakpress.net\/arhiva\/#\/schema\/person\/image\/","url":"https:\/\/secure.gravatar.com\/avatar\/a04fd330bfe3a36a72a0ad4a6d89fca7?s=96&d=mm&r=pg","contentUrl":"https:\/\/secure.gravatar.com\/avatar\/a04fd330bfe3a36a72a0ad4a6d89fca7?s=96&d=mm&r=pg","caption":"bosniak"},"url":"https:\/\/sandzakpress.net\/arhiva\/author\/bosniak\/"}]}},"_links":{"self":[{"href":"https:\/\/sandzakpress.net\/arhiva\/wp-json\/wp\/v2\/posts\/135457"}],"collection":[{"href":"https:\/\/sandzakpress.net\/arhiva\/wp-json\/wp\/v2\/posts"}],"about":[{"href":"https:\/\/sandzakpress.net\/arhiva\/wp-json\/wp\/v2\/types\/post"}],"author":[{"embeddable":true,"href":"https:\/\/sandzakpress.net\/arhiva\/wp-json\/wp\/v2\/users\/83"}],"replies":[{"embeddable":true,"href":"https:\/\/sandzakpress.net\/arhiva\/wp-json\/wp\/v2\/comments?post=135457"}],"version-history":[{"count":0,"href":"https:\/\/sandzakpress.net\/arhiva\/wp-json\/wp\/v2\/posts\/135457\/revisions"}],"wp:featuredmedia":[{"embeddable":true,"href":"https:\/\/sandzakpress.net\/arhiva\/wp-json\/wp\/v2\/media\/135458"}],"wp:attachment":[{"href":"https:\/\/sandzakpress.net\/arhiva\/wp-json\/wp\/v2\/media?parent=135457"}],"wp:term":[{"taxonomy":"category","embeddable":true,"href":"https:\/\/sandzakpress.net\/arhiva\/wp-json\/wp\/v2\/categories?post=135457"},{"taxonomy":"post_tag","embeddable":true,"href":"https:\/\/sandzakpress.net\/arhiva\/wp-json\/wp\/v2\/tags?post=135457"}],"curies":[{"name":"wp","href":"https:\/\/api.w.org\/{rel}","templated":true}]}}