{"id":13541,"date":"2011-03-07T19:44:50","date_gmt":"2011-03-07T18:44:50","guid":{"rendered":"https:\/\/sandzakpress.net\/arhiva\/?p=13541"},"modified":"2011-03-07T19:54:58","modified_gmt":"2011-03-07T18:54:58","slug":"zlocin-likvidacije-11-bosnjackih-prvaka-u-plavu","status":"publish","type":"post","link":"https:\/\/sandzakpress.net\/arhiva\/zlocin-likvidacije-11-bosnjackih-prvaka-u-plavu\/","title":{"rendered":"Zlo\u010din likvidacije 11 bo\u0161nja\u010dkih prvaka u Plavu"},"content":{"rendered":"<p><a href=\"https:\/\/sandzakpress.net\/arhiva\/wp-content\/uploads\/2011\/03\/plavnekad.jpg\"><img loading=\"lazy\" decoding=\"async\" class=\"aligncenter size-full wp-image-13542\" title=\"plavnekad\" src=\"https:\/\/sandzakpress.net\/arhiva\/wp-content\/uploads\/2011\/03\/plavnekad.jpg\" alt=\"\" width=\"616\" height=\"414\" \/><\/a><\/p>\n<p><strong>Namjera ovog rada jeste da u kratkim crtama prezentira jedan nemio doga\u0111aj \u2013 zlo\u010din, Crnogorske oficjelne vojske, nad Plavljanima i Gusinjanima (Bo\u0161njacima i Albancima), samo zato \u0161to su pripadnici islamske vjere, koji se dogodio na Racini u centru Plava 5. marta 1913. godine. <\/strong><\/p>\n<p>O ovom zlo\u010dinu, uglavnom je u javnosti vladao embargo, izuzev tihog \u0161aputanja na uho, pa su zbog toga brojne generacije o\u0161te\u0107ene, jer nisu upoznate sa tim doga\u0111ajem, ne sa ciljem osvete, koliko zbog sje\u0107anja da se iste stvari ne ponove, a kao takve mogu\u0107e su, ne samo na teritoriji Crne Gore i Sand\u017eaka, ve\u0107 i na teritoriji Bosne i Hercegovine. Ovdje se otvoreno, po prvi put spominju detalji likvidacije jedanaest \u010duvenih bo\u0161nja\u010dkih prvaka Plava, predstavnika najpoznatijih brastava, koji su odbili pokr\u0161tavanje i na svirep na\u010din im je oduzet \u017eivot.<\/p>\n<p><strong>1.<\/strong><strong> <\/strong>Nacionalna i vjerska mr\u017enja je sr\u017e jedne naopake ideologije koja ima za cilj istrebljenje jednog naroda samo zato \u0161to pripada drugoj naciji i vjeri. To se \u010dini nemilosrdnim brisanjem svih tragova koji podsje\u0107aju na njegovu pro\u0161lost.<\/p>\n<p>Po\u010detak velikih i ne\u010duvenih, do tada nemilih doga\u0111aja, nad narodom Plavsko-gusinjske doline, dogodio se taj monstruozni zlo\u010din na mjestu zvana Racina, u sada\u0161njem centru Plava, dana 5. marta 1913. godine (gdje se nekada nalazili veliki muslimanski mezarluci\u00a0<strong><em>\u201cRacina\u201d, <\/em><\/strong>gdje je poslije rata niklo niz stambenih zgrada i dvije velike \u0161kole osnovna i gimnazija, koje su podignute na jamama, gdje su ba\u010deni, mu\u010deni i strijeljani plavski taoci).<\/p>\n<p>Naime, strijeljani su pred nasilno sakupljenim narodom, ne samo punoljetni mu\u0161karci, ve\u0107 i \u017eene sa malom djecom u naru\u010dju, zatim, jedanaest najuglednijih Plavljana \u010duveni po dobro\u010dinstvu ne samo u Plavu nego i \u0161ire u Sand\u017eaku i Bosni i drugim krajevima tada\u0161nje Turske.<\/p>\n<p>Povezani prisilno u jedan konopac i prislonjeni uza zid, strijeljani su toga dana sljede\u0107i narodni prvaci:\u00a0<strong><\/strong><\/p>\n<p><strong>1.\u00a0Mula Sado Musi\u0107<br \/>\n2. Demo Markovi\u0107<br \/>\n3. Junuz Nugov Omeragi\u0107<br \/>\n4. Hajro Nurov Omeragi\u0107<br \/>\n5. Ago Jakupov Ferovi\u0107<br \/>\n6. Emin Jakupov Ferovi\u0107<br \/>\n7. \u0160e\u0107o Ferovi\u0107<br \/>\n8. Mazo Had\u017eimu\u0161ovi\u0107<br \/>\n9. Hako Had\u017eimu\u0161ovi\u0107<br \/>\n10. Osman-aga Bilalagin \u0160ehovi\u0107<br \/>\n11. Be\u0107o Alimuli\u0107<\/strong><\/p>\n<p><img decoding=\"async\" class=\"alignright\" src=\"http:\/\/www.plav.net\/zavicaj\/Plav\/imgF.jpg\" alt=\"Dizdarevica grad u staroj plavskoj carsiji\" \/>Njihova imena, gotovo su zaboravljena, ali njihove sjenke opominju, na traj krvavi 5. mart 1913. godine, kada su na zvjerski na\u010din likvidirani samo zato \u0161to su se borili za dostojanstvo bo\u0161nja\u010dkog imena i islamskog ponosa. Na\u017ealost, da shvatimo, da se za vrijeme stare prve Jugoslavije nije moglo podi\u0107i neko obilje\u017eje ovim \u0161ehidima, koji su \u017eivot dali za svoj narod i svoju vjeru, ve\u0107 ni komunisti\u010dke, niti postkomunisti\u010dke vlasti u Plavu i Gusinju nisu ni\u0161ta u\u010dinili da se njihova imena sa\u010duvaju od zaborava, makar da se obilje\u017ee jednom minijaturnom umjetni\u010dkom \u010desmom, koja bi se postavila ispred ulaza u stadion NK \u201cJezero\u201d, gdje su im pripadnici zloglasnog komadanta Avra Cemovi\u0107a i zloglasnog hizme\u0107ara Bal\u0161e Bal\u0161i\u0107a (pokr\u0161atanog mula Hajra Ba\u0161i\u0107a), spomenutim prvacima skidali glave, bez ikakvog ustru\u010davanja i stida, da se zemlja i narod iz kojeg su do\u0161li zanavijek stide tog sramnog \u010dina. A ta pusta i crna zemlja, zvana Karadag, nikada se nije na dostojanstven na\u010din izvinula Plavsko-gusinjskom narodu, prije svega islamske vjere.<\/p>\n<p>Evo nekih detalja, koje smo zabilje\u017eili za vrijeme na\u0161eg ne \u0161to vi\u0161e od \u010detiri decenije boravka u Albaniji, nakon na\u0161eg progona za vrijeme afere informbiroa. Naime,\u00a0<strong>Emin Jakupov Ferovi\u0107<\/strong>, cio krvav i bez jednog oka koje su mu bajunetom izvadili na vrata njegove ku\u0107e pored njegove dvije \u017eene i tri male djevoj\u010dice. Najstarija Huma, od 8 godina, do\u017eivotno se sje\u0107ala toga crnog i kvavog masakra i sa pla\u010dom kazivala (Hama Eminova Ferovi\u0107 udata za Maza Bejta Had\u017eihajrova iz Plava, \u017eivjela u \u0160ijaku u Albaniji, umrla 1997. godine, napomena \u0160. K.).<\/p>\n<p>Dalje, prisilno odvedeni gra\u0111ani da gledaju svojim o\u010dima strijeljanje, do\u017eivotno su se sje\u0107ali tog crnog dana, re\u017eiser sa Cetinja, zloglasni kralj Nikola je predvidio da se pre\u017eivjeli posmatra\u010di, do\u017eivotno prepri\u010davaju, kako bi kazivanjem ove te\u0161ke pri\u010de, jedni druge uvjerili, \u0161ta mogu zlo\u010dina\u010dki Crnogorci, tj. kr\u0161\u0107ani pravoslavci, da prirede Bo\u0161njacima, odnosno muslimanima.<\/p>\n<p><strong>Emro Jupov De\u0161i\u0107<\/strong>, ro\u0111en u Plavu, iselio se u Albaniju poslije Prvog svjetskog rata. \u017eivio u Dra\u010du, u svojoj ku\u0107i sve do 1968. godine, evo \u0161ta je na jednom sastanku prisutnima o tom doga\u0111aju 1913. ispri\u010dao:<\/p>\n<p><img decoding=\"async\" class=\"alignleft\" src=\"http:\/\/www.plav.net\/zavicaj\/Plav\/img10.jpg\" alt=\"\" \/>Vjerovatno da sam bio uzrasta 16-17 godina, kada je bio pokolj na Racini u Plavu. To vjerujem, jer da sam bio mla\u0111i ne bi me primili za po\u0161tono\u0161u, na relaciji Pe\u0107 \u2013 Plav i nazad, za vrijeme vladavine \u0160vaba (Prvi svjetski rat). Kada se taj nemio doga\u0111aj dogodio, dobro se sje\u0107am. Uo\u010di strijeljanja prvog dana po sokacima \u010ditavog grada Plava i Gusinja, oko ku\u0107a, samo su se razmiljeli po 2-3 zajedno grupacije krila{a, zatim perinika i naoru\u017eanih civila. Tako su se cijelu no\u0107 vrzmali. Bo\u0161nja\u010dki narod je uzo veliki strah, nijesmo se smeli \u017eivi \u010duti. Sje\u0107am se, stari velju, neko zlo \u0107e da bude\u00a0<strong><em>\u201cako Bog da pred njihovu glavu\u201d. <\/em><\/strong>Zatim, \u010dim samnu dan, za\u010du se go\u010d i vika telara, koji su brzo i \u017eestoko i\u0161li od ku\u0107e do ku\u0107e, i samo uzvikivali uz udarac u go\u010d: \u201cStaro i mlado svi idite brzo na Racinu! Brzo \u2013 brzo\u201d, dolazi izaslanik gospodarev. A za nama su tada i\u0161li perionici i civili sa pu\u0161kama, ko smije da ne ode i \u017eene sa golom djecom, ne smiju zastati ve\u0107 se moraju na\u0107i na Racini. Mi bismo gotovo u prve redove, gledali smo kako pristi\u017eu stalno nove kolone. Vidimo, preko puta uza sami zid Ferovi\u0107a, vode povezane konopcem ruka za ruku sve na\u0161i najvi\u0111eniji Plavljani, njih jedanaestina: Osmanaga, Mula Sado, Mazo i Hako, Ago i Emin, cio karavan, zatim \u0160e\u0107-fera, Demo Markovi\u0107 i Be\u0107o, Alimulji\u0107, te Hajro i Junuz Nurov. Takvu dramu nikad nisam mogao sanjati, a ne da je vidim svojim ro\u0111enim o\u010dima. To nije trajalo mlogo, skupio se cio Plav pred nama i me\u0111u nama brojni civili i vojska naoru\u017eana. Zatim, odjednom upade jedan brkati. Si\u0111e sa konja i strogo \u017eestokim korakom prima\u010de se svezanima. Skide \u0161i\u0161ak \u2013 kapu sa glave i turi je na glavu Demu! Demo tresnu glavom, i kapa pade na zemlju, onaj sa\u017ee se uze kapu, tresnu je i po\u010de \u017eestoko psovati,\u00a0<strong><em>\u201cmajku vam tursku!\u201d<\/em><\/strong><strong> <\/strong>Kada se vojnici udalji\u0161e, jedan se prima\u010de, izvadi ljevor, u\u010dine mu se malo i puca ljevorom na mrtve pa i u masu naroda \u2013 isti\u010de Emro De\u0161i\u0107 i dalje nastavlja.<\/p>\n<p>&#8211; Nama naredi\u0161e da vi\u010demo po tri put \u2013 \u201c\u017divio kralj\u201d! Mi vikasmo, kada se \u010du sna\u017ean avaz svezanih taoca plavskih prvaka, koji kao u hor gromko odgovori\u0161e na na\u0161 krik \u2013 \u201c\u017divio kralj\u201d \u2013 \u201cCigani mu od\u017eak kovali!\u201d Poslije ovoga zla, niko ni\u0161ta ne vi\u010de, mi po\u010desmo da se razilazimo ku\u0107ama, \u017eene rone suze, sagnuli smo svi glave odosmo kod svojih ku\u0107a.<\/p>\n<p>Kad nam pri\u010daju sjutradan, oni koji su bili jo\u0161 bli\u017ee i \u010duli dobro za Dema Markovi\u0107a. Pri\u010dalo se \u2013 umro je gazija, takav je bio uvijek Zmaj sa krilima \u2013 \u201cKada mu vlah turi svoju kapu na glavu i da je njihova krv, \u017ealosno da truhne ta lijepa glava sa ovim \u201cpasijim\u201d glavama. Demo mu baci kapu i odgovori: \u201cBi bilo najvi\u0161a sramota da ova glava ne truhne zajedno sa njima!\u201d<\/p>\n<p>Ove velike rije\u010di Demove, \u017eive i danas u plavskom narodu i nakon skoro devet decenija od tih nemilih doga\u0111aja, iako o tom gaziji nitko, do sada nije smio pisati.<br \/>\n<strong>2. <\/strong><strong>Juso Ramov Lukovi\u0107, <\/strong>ro\u0111en u selu Meteh, kod Plava. Poslije Prvog svjetskog rata, sa kompletnom familijom, je prebjegao u Albaniju. \u017divio je u selu Katuni u blizini Dra\u0161a. (U ovom mjestu umro 104-oj godini \u017eivota, 2001. godine, napomena \u0160. K.). Godine, 1968., u svojoj ku\u0107i nas je primio i evo \u0161ega se sje\u0107ao:<\/p>\n<p>&#8211; Imao sam tada oko 12-13 godina, \u0161to se veli \u010dobanin. \u010cuvao sam stoku, kada je prisilno uljegla Crna Gora u na\u0161 kraj. Kako smo bili na granici u sva\u0111i sa Velji\u010danima, po\u010de\u0161e u\u010destale plja\u010dke pa i ubistva. Vi\u0161e zna\u010dajnih ljudi je ubijeno bez ikakvog povoda. Ja sam bio od bra\u0107e najstariji, pa mi se majka najvi\u0161e boja\u0161e da me ne ubiju i tada nas svede kod svoje bra\u0107e \u0160arovovi\u0107a u Prnjavor. U tom vaktu, dolaza\u0161e vojska i naoru\u017eani civili. Mnoge od njih smo poznavali, jer su bili ljudi iz na\u0161e okoline. U me\u0111uvremenu, su bili na Cetinju i do\u0161li su sa dosta oru\u017eja. Oni su natjerali da sve nas, da uo\u010di mu\u0161kete na Racini. Jo\u0161 preko dana, samo su se motali oko na\u0161ih ku\u0107a vojska, krila\u0161i a najvi\u0161e oru\u017eani civili. Tako se odvijala \u010ditava no\u0107, ali mi nismo smjeli izlaziti iz ku\u0107e niti se javljati. Kada je osamnulo, \u010duo se go\u010d koji je dolazio iz grada Plava i vika telala. Mi u prvo vrijeme nismo razumjeli \u0161ta vele, i \u0161ta ho\u0107e. Zatim, odmah stigo\u0107e ispred ku\u0107e sa pu\u0161kama u rukama. Vi\u010du iz glasa:\u00a0<em>\u201cIzlazite svi, i staro i mlado, br\u017ee na Racinu&#8230;\u201d <\/em>Niko ne zbori, svi odosmo na Racinu. Pokupi se veliki narod \u2013 memle\u0107et. Mi bijasmo dolje, i ne vidimo se. Me\u0111u nama oni naoru\u017eani viknu\u0161e na nas, a vi glasno po tri puta vi\u010dite \u201c\u017divio kralj\u201d. Mi vikasmo. U to se \u010du\u0161e batere! Odmah poslije, po\u010desmo da se kre\u0107emo. Niko od nas ne zaustavlja, niti ko od nas i\u0161ta ka\u017ee. Tako po\u017eosmo kod ku\u0107e i niko ne izgovori rije\u010d. Sada naoru\u017eani vojska i civili, ne dolaze kao prije ovoga slu\u010daja, no re\u0111e. Po\u010de\u0161e stari, oni najbli\u017ei da dolaze. Pri\u010daju jedni sa drugim: \u201cKijametski dan! Kijamet. Nije s rogovima, ovo je ko vidi zar smo se ispoganili! Zatim, dragi nas Bog dao! Jeste li i\u0161ta \u010duli \u0161ta vikahu \u0161ehidi. Kad nama naredi\u0161e da vi\u010demo ponovo \u201c\u017divio kralj\u201d, njima se oko ne namrdi, no iz glasa viknu\u0161e<strong><em> <\/em><\/strong><strong><em>\u201cCigani mu od\u017eak kovali!\u201d. <\/em><\/strong>Demo gazija tresnu glavom i baci vlahu kapu pa mu viknu, bila bi sramota da ova glava ne truhne zajedno sa ovim glavama. Nad nama je dragi Allah, zborio je Demo, ne\u0161e propasti sve gazije, ne valja se podati okupatorima. Treba podi\u0107i glavu i \u010dasno zavr\u0161iti sa \u017eivotom.<\/p>\n<p><strong>3. <\/strong>Takav je bio Demo i njegov nezaboravni govor. Jedna narodna pjesma o njemu otpjevana na veseljima, a naro\u010dito na kanam (uve\u010de uo\u010di udadbe djevojaka).<\/p>\n<p>Jednu pjesmu o Demu je kazivala Bahta, k\u0107erka Pa\u0161obega Red\u017eepagi\u0107a iz Plava, udata za Bejta Had\u017eihajrova, koji su izbjegli familijarno poslije Drugog svjetskog rata (umrla u [ijaku, kod Ra\u010da u 90-oj godini \u017eivota, napomena \u0160.K.). Evo ulomka te pjesme:<\/p>\n<p><strong>Pohitale lijepe beglerke<br \/>\nDa se gradu penju na pend\u017eere<br \/>\nDa gledaju plavske svatove<br \/>\nNajprivoga lijepoga Dema<br \/>\nSretna majka koja ga rodila<br \/>\nDruga njemu u memle\u0107et nejma<br \/>\nCrn mu per\u010din bio bijeli vrat pokrio<br \/>\nNa vje\u0111e je deva\u0161 nakrivio<br \/>\nNa ramena zlotna mu fermena<br \/>\nNa \u010dek\u0161ire skadarski gajtani<br \/>\nA pojasa oko sebe nosi jedan<br \/>\nBijeli a drugi crveni<br \/>\nBeglerke mu daruju \u010darape<br \/>\nMaljesorke re\u0161mumu opanke. <\/strong><\/p>\n<p>Prema tome, nije \u010dudno \u0161to je ta Demova ljepota natjerala i neprijatelja, da mu zbog prezimena ponudi da mu se \u017eivot po\u0161tedi. Me\u0111utim, Demo se nije obazirao na okupatorska obe\u0107anja, ve\u0107 je dostojanstvenim dr\u017eanjem pokazao svojim djelom koliko je va\u017eno sa\u010duvati \u010dast u najte\u017eem trenutku i dati vlastiti \u017eivot i ne pristati ni po kakvu cijenu slu\u017eiti neprijatelju.<\/p>\n<p><strong>Umjesto zaklju\u010dka<\/strong><\/p>\n<p><img decoding=\"async\" class=\"alignright\" src=\"http:\/\/www.plav.net\/zavicaj\/Plav\/img11.jpg\" alt=\"Plav\" \/>Dr\u017eanje jedanaest plavskih prvaka do svog posljednjeg trenutka \u017eivota zaslu\u017euju ozbiljnu pa\u017enju istra\u017eiva\u010da. Tim \u010dinom, bi se mogla izgradititi ideja i rekonstruisati koncepcija bo\u0161nja\u010dkog ponosa i bo\u0161nja\u010dke etike. Zato, Demove posljednje rije\u010di trebaju biti vodilja, svako istinskom Bo\u0161njaku, da se u svakom trenutku osje\u0107a dostojanstveno, s ciljem da se o\u010duva nacionalni i vjerski identitet, koji je na\u017ealost komunisti\u010dka vlast poljuljala u bo\u0161nja\u010dkom narodu, u\u010dinila ga na\u017ealost labavim i krhkim, kakvi nikad nisu bili Bo\u0161njaci. Jo\u0161 tragi\u010dnije jeste, \u010dinjenica da su \u010duveni plavski prvaci \u010dak zaboravljeni i od vlastitih brastava, kojima su va\u017enije funkcije i odre\u0111ene privilegije od statusa vlastitog naroda. Da podsjetimo, nakon zloglasnog kr\u0161\u0107enja i likvidacije plavskih taoca, na Racini i na Previji, gdje je stradalo vi\u0161e hiljada nedu\u017enih civila, samo zato \u0161to su bili Bo\u0161njaci i islamske vjere, vrlo \u010desto su imena jedanaest prvaka:\u00a0<strong>Sado, Demo, Junuz, Hajro, Ago, Emin, \u0160e\u0107o, Mazo, Hako, Osman i Be\u0107o<\/strong>, bili uzor i kao takva su davana sinovima. Me\u0111utim, ta tradicija je gotovo zaboravljena. Dakle, denacionalizacija Bo\u010dnjaka se u Crnoj Gori pod velikom presijom i dalje nastavlja. Pitamo se, da li \u0107e se roditi ljudi, koji \u0107e ovim nevinim \u017ertvama, samo zato \u0161to su bili pripadnici islama, podi\u0107i jedno skromno obilje\u017eje i datum kada su stradali (5. mart 1913.), staviti u datume novije bo\u0161nja\u010dke historije.<\/p>\n<p>Autor: <strong>Ramo Marki\u0161i\u0107<\/strong><\/p>\n<p>Izvor: <strong>Plav.net<\/strong><\/p>\n","protected":false},"excerpt":{"rendered":"<p>Namjera ovog rada jeste da u kratkim crtama prezentira jedan nemio doga\u0111aj \u2013 zlo\u010din, Crnogorske oficjelne vojske, nad Plavljanima i Gusinjanima (Bo\u0161njacima i Albancima), samo zato \u0161to su pripadnici islamske vjere, koji se dogodio na Racini u centru Plava 5. marta 1913. godine. O ovom zlo\u010dinu, uglavnom je u javnosti vladao embargo, izuzev tihog \u0161aputanja [&hellip;]<\/p>\n","protected":false},"author":83,"featured_media":13542,"comment_status":"open","ping_status":"open","sticky":false,"template":"","format":"standard","meta":{"footnotes":""},"categories":[14,399],"tags":[],"class_list":{"0":"post-13541","1":"post","2":"type-post","3":"status-publish","4":"format-standard","5":"has-post-thumbnail","7":"category-sandzak-historija","8":"category-plav_"},"yoast_head":"<!-- This site is optimized with the Yoast SEO Premium plugin v23.1 (Yoast SEO v24.9) - https:\/\/yoast.com\/wordpress\/plugins\/seo\/ -->\n<title>Zlo\u010din likvidacije 11 bo\u0161nja\u010dkih prvaka u Plavu<\/title>\n<meta name=\"robots\" content=\"index, follow, max-snippet:-1, max-image-preview:large, max-video-preview:-1\" \/>\n<link rel=\"canonical\" href=\"https:\/\/sandzakpress.net\/arhiva\/zlocin-likvidacije-11-bosnjackih-prvaka-u-plavu\/\" \/>\n<meta property=\"og:locale\" content=\"bs_BA\" \/>\n<meta property=\"og:type\" content=\"article\" \/>\n<meta property=\"og:title\" content=\"Zlo\u010din likvidacije 11 bo\u0161nja\u010dkih prvaka u Plavu\" \/>\n<meta property=\"og:description\" content=\"Namjera ovog rada jeste da u kratkim crtama prezentira jedan nemio doga\u0111aj \u2013 zlo\u010din, Crnogorske oficjelne vojske, nad Plavljanima i Gusinjanima (Bo\u0161njacima i Albancima), samo zato \u0161to su pripadnici islamske vjere, koji se dogodio na Racini u centru Plava 5. marta 1913. godine. O ovom zlo\u010dinu, uglavnom je u javnosti vladao embargo, izuzev tihog \u0161aputanja [&hellip;]\" \/>\n<meta property=\"og:url\" content=\"https:\/\/sandzakpress.net\/arhiva\/zlocin-likvidacije-11-bosnjackih-prvaka-u-plavu\/\" \/>\n<meta property=\"og:site_name\" content=\"Sand\u017eak PRESS\" \/>\n<meta property=\"article:published_time\" content=\"2011-03-07T18:44:50+00:00\" \/>\n<meta property=\"article:modified_time\" content=\"2011-03-07T18:54:58+00:00\" \/>\n<meta property=\"og:image\" content=\"https:\/\/sandzakpress.net\/arhiva\/wp-content\/uploads\/2011\/03\/plavnekad.jpg\" \/>\n\t<meta property=\"og:image:width\" content=\"616\" \/>\n\t<meta property=\"og:image:height\" content=\"414\" \/>\n\t<meta property=\"og:image:type\" content=\"image\/jpeg\" \/>\n<meta name=\"author\" content=\"bosniak\" \/>\n<meta name=\"twitter:card\" content=\"summary_large_image\" \/>\n<meta name=\"twitter:label1\" content=\"Written by\" \/>\n\t<meta name=\"twitter:data1\" content=\"bosniak\" \/>\n\t<meta name=\"twitter:label2\" content=\"Est. reading time\" \/>\n\t<meta name=\"twitter:data2\" content=\"11 minuta\" \/>\n<script type=\"application\/ld+json\" class=\"yoast-schema-graph\">{\"@context\":\"https:\/\/schema.org\",\"@graph\":[{\"@type\":\"Article\",\"@id\":\"https:\/\/sandzakpress.net\/arhiva\/zlocin-likvidacije-11-bosnjackih-prvaka-u-plavu\/#article\",\"isPartOf\":{\"@id\":\"https:\/\/sandzakpress.net\/arhiva\/zlocin-likvidacije-11-bosnjackih-prvaka-u-plavu\/\"},\"author\":{\"name\":\"bosniak\",\"@id\":\"https:\/\/sandzakpress.net\/arhiva\/#\/schema\/person\/c8baee722073534b583ea7bdb2e36c02\"},\"headline\":\"Zlo\u010din likvidacije 11 bo\u0161nja\u010dkih prvaka u Plavu\",\"datePublished\":\"2011-03-07T18:44:50+00:00\",\"dateModified\":\"2011-03-07T18:54:58+00:00\",\"mainEntityOfPage\":{\"@id\":\"https:\/\/sandzakpress.net\/arhiva\/zlocin-likvidacije-11-bosnjackih-prvaka-u-plavu\/\"},\"wordCount\":2260,\"commentCount\":1,\"publisher\":{\"@id\":\"https:\/\/sandzakpress.net\/arhiva\/#\/schema\/person\/6e72b67d6e51910a1117b3b483ba20bd\"},\"image\":{\"@id\":\"https:\/\/sandzakpress.net\/arhiva\/zlocin-likvidacije-11-bosnjackih-prvaka-u-plavu\/#primaryimage\"},\"thumbnailUrl\":\"https:\/\/sandzakpress.net\/arhiva\/wp-content\/uploads\/2011\/03\/plavnekad.jpg\",\"articleSection\":[\"Sand\u017eak HISTORIJA\",\"Plav\"],\"inLanguage\":\"bs-BA\",\"potentialAction\":[{\"@type\":\"CommentAction\",\"name\":\"Comment\",\"target\":[\"https:\/\/sandzakpress.net\/arhiva\/zlocin-likvidacije-11-bosnjackih-prvaka-u-plavu\/#respond\"]}]},{\"@type\":\"WebPage\",\"@id\":\"https:\/\/sandzakpress.net\/arhiva\/zlocin-likvidacije-11-bosnjackih-prvaka-u-plavu\/\",\"url\":\"https:\/\/sandzakpress.net\/arhiva\/zlocin-likvidacije-11-bosnjackih-prvaka-u-plavu\/\",\"name\":\"Zlo\u010din likvidacije 11 bo\u0161nja\u010dkih prvaka u Plavu\",\"isPartOf\":{\"@id\":\"https:\/\/sandzakpress.net\/arhiva\/#website\"},\"primaryImageOfPage\":{\"@id\":\"https:\/\/sandzakpress.net\/arhiva\/zlocin-likvidacije-11-bosnjackih-prvaka-u-plavu\/#primaryimage\"},\"image\":{\"@id\":\"https:\/\/sandzakpress.net\/arhiva\/zlocin-likvidacije-11-bosnjackih-prvaka-u-plavu\/#primaryimage\"},\"thumbnailUrl\":\"https:\/\/sandzakpress.net\/arhiva\/wp-content\/uploads\/2011\/03\/plavnekad.jpg\",\"datePublished\":\"2011-03-07T18:44:50+00:00\",\"dateModified\":\"2011-03-07T18:54:58+00:00\",\"breadcrumb\":{\"@id\":\"https:\/\/sandzakpress.net\/arhiva\/zlocin-likvidacije-11-bosnjackih-prvaka-u-plavu\/#breadcrumb\"},\"inLanguage\":\"bs-BA\",\"potentialAction\":[{\"@type\":\"ReadAction\",\"target\":[\"https:\/\/sandzakpress.net\/arhiva\/zlocin-likvidacije-11-bosnjackih-prvaka-u-plavu\/\"]}]},{\"@type\":\"ImageObject\",\"inLanguage\":\"bs-BA\",\"@id\":\"https:\/\/sandzakpress.net\/arhiva\/zlocin-likvidacije-11-bosnjackih-prvaka-u-plavu\/#primaryimage\",\"url\":\"https:\/\/sandzakpress.net\/arhiva\/wp-content\/uploads\/2011\/03\/plavnekad.jpg\",\"contentUrl\":\"https:\/\/sandzakpress.net\/arhiva\/wp-content\/uploads\/2011\/03\/plavnekad.jpg\",\"width\":616,\"height\":414},{\"@type\":\"BreadcrumbList\",\"@id\":\"https:\/\/sandzakpress.net\/arhiva\/zlocin-likvidacije-11-bosnjackih-prvaka-u-plavu\/#breadcrumb\",\"itemListElement\":[{\"@type\":\"ListItem\",\"position\":1,\"name\":\"Home\",\"item\":\"https:\/\/sandzakpress.net\/arhiva\/\"},{\"@type\":\"ListItem\",\"position\":2,\"name\":\"Zlo\u010din likvidacije 11 bo\u0161nja\u010dkih prvaka u Plavu\"}]},{\"@type\":\"WebSite\",\"@id\":\"https:\/\/sandzakpress.net\/arhiva\/#website\",\"url\":\"https:\/\/sandzakpress.net\/arhiva\/\",\"name\":\"Sand\u017eak PRESS\",\"description\":\"Prve elektronske novine u Sand\u017eaku\",\"publisher\":{\"@id\":\"https:\/\/sandzakpress.net\/arhiva\/#\/schema\/person\/6e72b67d6e51910a1117b3b483ba20bd\"},\"potentialAction\":[{\"@type\":\"SearchAction\",\"target\":{\"@type\":\"EntryPoint\",\"urlTemplate\":\"https:\/\/sandzakpress.net\/arhiva\/?s={search_term_string}\"},\"query-input\":{\"@type\":\"PropertyValueSpecification\",\"valueRequired\":true,\"valueName\":\"search_term_string\"}}],\"inLanguage\":\"bs-BA\"},{\"@type\":[\"Person\",\"Organization\"],\"@id\":\"https:\/\/sandzakpress.net\/arhiva\/#\/schema\/person\/6e72b67d6e51910a1117b3b483ba20bd\",\"name\":\"Kul\",\"image\":{\"@type\":\"ImageObject\",\"inLanguage\":\"bs-BA\",\"@id\":\"https:\/\/sandzakpress.net\/arhiva\/#\/schema\/person\/image\/\",\"url\":\"https:\/\/secure.gravatar.com\/avatar\/42263f39aa27ac04c43cab85c280eb2e?s=96&d=mm&r=pg\",\"contentUrl\":\"https:\/\/secure.gravatar.com\/avatar\/42263f39aa27ac04c43cab85c280eb2e?s=96&d=mm&r=pg\",\"caption\":\"Kul\"},\"logo\":{\"@id\":\"https:\/\/sandzakpress.net\/arhiva\/#\/schema\/person\/image\/\"}},{\"@type\":\"Person\",\"@id\":\"https:\/\/sandzakpress.net\/arhiva\/#\/schema\/person\/c8baee722073534b583ea7bdb2e36c02\",\"name\":\"bosniak\",\"image\":{\"@type\":\"ImageObject\",\"inLanguage\":\"bs-BA\",\"@id\":\"https:\/\/sandzakpress.net\/arhiva\/#\/schema\/person\/image\/\",\"url\":\"https:\/\/secure.gravatar.com\/avatar\/a04fd330bfe3a36a72a0ad4a6d89fca7?s=96&d=mm&r=pg\",\"contentUrl\":\"https:\/\/secure.gravatar.com\/avatar\/a04fd330bfe3a36a72a0ad4a6d89fca7?s=96&d=mm&r=pg\",\"caption\":\"bosniak\"},\"url\":\"https:\/\/sandzakpress.net\/arhiva\/author\/bosniak\/\"}]}<\/script>\n<!-- \/ Yoast SEO Premium plugin. -->","yoast_head_json":{"title":"Zlo\u010din likvidacije 11 bo\u0161nja\u010dkih prvaka u Plavu","robots":{"index":"index","follow":"follow","max-snippet":"max-snippet:-1","max-image-preview":"max-image-preview:large","max-video-preview":"max-video-preview:-1"},"canonical":"https:\/\/sandzakpress.net\/arhiva\/zlocin-likvidacije-11-bosnjackih-prvaka-u-plavu\/","og_locale":"bs_BA","og_type":"article","og_title":"Zlo\u010din likvidacije 11 bo\u0161nja\u010dkih prvaka u Plavu","og_description":"Namjera ovog rada jeste da u kratkim crtama prezentira jedan nemio doga\u0111aj \u2013 zlo\u010din, Crnogorske oficjelne vojske, nad Plavljanima i Gusinjanima (Bo\u0161njacima i Albancima), samo zato \u0161to su pripadnici islamske vjere, koji se dogodio na Racini u centru Plava 5. marta 1913. godine. O ovom zlo\u010dinu, uglavnom je u javnosti vladao embargo, izuzev tihog \u0161aputanja [&hellip;]","og_url":"https:\/\/sandzakpress.net\/arhiva\/zlocin-likvidacije-11-bosnjackih-prvaka-u-plavu\/","og_site_name":"Sand\u017eak PRESS","article_published_time":"2011-03-07T18:44:50+00:00","article_modified_time":"2011-03-07T18:54:58+00:00","og_image":[{"width":616,"height":414,"url":"https:\/\/sandzakpress.net\/arhiva\/wp-content\/uploads\/2011\/03\/plavnekad.jpg","type":"image\/jpeg"}],"author":"bosniak","twitter_card":"summary_large_image","twitter_misc":{"Written by":"bosniak","Est. reading time":"11 minuta"},"schema":{"@context":"https:\/\/schema.org","@graph":[{"@type":"Article","@id":"https:\/\/sandzakpress.net\/arhiva\/zlocin-likvidacije-11-bosnjackih-prvaka-u-plavu\/#article","isPartOf":{"@id":"https:\/\/sandzakpress.net\/arhiva\/zlocin-likvidacije-11-bosnjackih-prvaka-u-plavu\/"},"author":{"name":"bosniak","@id":"https:\/\/sandzakpress.net\/arhiva\/#\/schema\/person\/c8baee722073534b583ea7bdb2e36c02"},"headline":"Zlo\u010din likvidacije 11 bo\u0161nja\u010dkih prvaka u Plavu","datePublished":"2011-03-07T18:44:50+00:00","dateModified":"2011-03-07T18:54:58+00:00","mainEntityOfPage":{"@id":"https:\/\/sandzakpress.net\/arhiva\/zlocin-likvidacije-11-bosnjackih-prvaka-u-plavu\/"},"wordCount":2260,"commentCount":1,"publisher":{"@id":"https:\/\/sandzakpress.net\/arhiva\/#\/schema\/person\/6e72b67d6e51910a1117b3b483ba20bd"},"image":{"@id":"https:\/\/sandzakpress.net\/arhiva\/zlocin-likvidacije-11-bosnjackih-prvaka-u-plavu\/#primaryimage"},"thumbnailUrl":"https:\/\/sandzakpress.net\/arhiva\/wp-content\/uploads\/2011\/03\/plavnekad.jpg","articleSection":["Sand\u017eak HISTORIJA","Plav"],"inLanguage":"bs-BA","potentialAction":[{"@type":"CommentAction","name":"Comment","target":["https:\/\/sandzakpress.net\/arhiva\/zlocin-likvidacije-11-bosnjackih-prvaka-u-plavu\/#respond"]}]},{"@type":"WebPage","@id":"https:\/\/sandzakpress.net\/arhiva\/zlocin-likvidacije-11-bosnjackih-prvaka-u-plavu\/","url":"https:\/\/sandzakpress.net\/arhiva\/zlocin-likvidacije-11-bosnjackih-prvaka-u-plavu\/","name":"Zlo\u010din likvidacije 11 bo\u0161nja\u010dkih prvaka u Plavu","isPartOf":{"@id":"https:\/\/sandzakpress.net\/arhiva\/#website"},"primaryImageOfPage":{"@id":"https:\/\/sandzakpress.net\/arhiva\/zlocin-likvidacije-11-bosnjackih-prvaka-u-plavu\/#primaryimage"},"image":{"@id":"https:\/\/sandzakpress.net\/arhiva\/zlocin-likvidacije-11-bosnjackih-prvaka-u-plavu\/#primaryimage"},"thumbnailUrl":"https:\/\/sandzakpress.net\/arhiva\/wp-content\/uploads\/2011\/03\/plavnekad.jpg","datePublished":"2011-03-07T18:44:50+00:00","dateModified":"2011-03-07T18:54:58+00:00","breadcrumb":{"@id":"https:\/\/sandzakpress.net\/arhiva\/zlocin-likvidacije-11-bosnjackih-prvaka-u-plavu\/#breadcrumb"},"inLanguage":"bs-BA","potentialAction":[{"@type":"ReadAction","target":["https:\/\/sandzakpress.net\/arhiva\/zlocin-likvidacije-11-bosnjackih-prvaka-u-plavu\/"]}]},{"@type":"ImageObject","inLanguage":"bs-BA","@id":"https:\/\/sandzakpress.net\/arhiva\/zlocin-likvidacije-11-bosnjackih-prvaka-u-plavu\/#primaryimage","url":"https:\/\/sandzakpress.net\/arhiva\/wp-content\/uploads\/2011\/03\/plavnekad.jpg","contentUrl":"https:\/\/sandzakpress.net\/arhiva\/wp-content\/uploads\/2011\/03\/plavnekad.jpg","width":616,"height":414},{"@type":"BreadcrumbList","@id":"https:\/\/sandzakpress.net\/arhiva\/zlocin-likvidacije-11-bosnjackih-prvaka-u-plavu\/#breadcrumb","itemListElement":[{"@type":"ListItem","position":1,"name":"Home","item":"https:\/\/sandzakpress.net\/arhiva\/"},{"@type":"ListItem","position":2,"name":"Zlo\u010din likvidacije 11 bo\u0161nja\u010dkih prvaka u Plavu"}]},{"@type":"WebSite","@id":"https:\/\/sandzakpress.net\/arhiva\/#website","url":"https:\/\/sandzakpress.net\/arhiva\/","name":"Sand\u017eak PRESS","description":"Prve elektronske novine u Sand\u017eaku","publisher":{"@id":"https:\/\/sandzakpress.net\/arhiva\/#\/schema\/person\/6e72b67d6e51910a1117b3b483ba20bd"},"potentialAction":[{"@type":"SearchAction","target":{"@type":"EntryPoint","urlTemplate":"https:\/\/sandzakpress.net\/arhiva\/?s={search_term_string}"},"query-input":{"@type":"PropertyValueSpecification","valueRequired":true,"valueName":"search_term_string"}}],"inLanguage":"bs-BA"},{"@type":["Person","Organization"],"@id":"https:\/\/sandzakpress.net\/arhiva\/#\/schema\/person\/6e72b67d6e51910a1117b3b483ba20bd","name":"Kul","image":{"@type":"ImageObject","inLanguage":"bs-BA","@id":"https:\/\/sandzakpress.net\/arhiva\/#\/schema\/person\/image\/","url":"https:\/\/secure.gravatar.com\/avatar\/42263f39aa27ac04c43cab85c280eb2e?s=96&d=mm&r=pg","contentUrl":"https:\/\/secure.gravatar.com\/avatar\/42263f39aa27ac04c43cab85c280eb2e?s=96&d=mm&r=pg","caption":"Kul"},"logo":{"@id":"https:\/\/sandzakpress.net\/arhiva\/#\/schema\/person\/image\/"}},{"@type":"Person","@id":"https:\/\/sandzakpress.net\/arhiva\/#\/schema\/person\/c8baee722073534b583ea7bdb2e36c02","name":"bosniak","image":{"@type":"ImageObject","inLanguage":"bs-BA","@id":"https:\/\/sandzakpress.net\/arhiva\/#\/schema\/person\/image\/","url":"https:\/\/secure.gravatar.com\/avatar\/a04fd330bfe3a36a72a0ad4a6d89fca7?s=96&d=mm&r=pg","contentUrl":"https:\/\/secure.gravatar.com\/avatar\/a04fd330bfe3a36a72a0ad4a6d89fca7?s=96&d=mm&r=pg","caption":"bosniak"},"url":"https:\/\/sandzakpress.net\/arhiva\/author\/bosniak\/"}]}},"_links":{"self":[{"href":"https:\/\/sandzakpress.net\/arhiva\/wp-json\/wp\/v2\/posts\/13541"}],"collection":[{"href":"https:\/\/sandzakpress.net\/arhiva\/wp-json\/wp\/v2\/posts"}],"about":[{"href":"https:\/\/sandzakpress.net\/arhiva\/wp-json\/wp\/v2\/types\/post"}],"author":[{"embeddable":true,"href":"https:\/\/sandzakpress.net\/arhiva\/wp-json\/wp\/v2\/users\/83"}],"replies":[{"embeddable":true,"href":"https:\/\/sandzakpress.net\/arhiva\/wp-json\/wp\/v2\/comments?post=13541"}],"version-history":[{"count":0,"href":"https:\/\/sandzakpress.net\/arhiva\/wp-json\/wp\/v2\/posts\/13541\/revisions"}],"wp:featuredmedia":[{"embeddable":true,"href":"https:\/\/sandzakpress.net\/arhiva\/wp-json\/wp\/v2\/media\/13542"}],"wp:attachment":[{"href":"https:\/\/sandzakpress.net\/arhiva\/wp-json\/wp\/v2\/media?parent=13541"}],"wp:term":[{"taxonomy":"category","embeddable":true,"href":"https:\/\/sandzakpress.net\/arhiva\/wp-json\/wp\/v2\/categories?post=13541"},{"taxonomy":"post_tag","embeddable":true,"href":"https:\/\/sandzakpress.net\/arhiva\/wp-json\/wp\/v2\/tags?post=13541"}],"curies":[{"name":"wp","href":"https:\/\/api.w.org\/{rel}","templated":true}]}}