{"id":135333,"date":"2015-09-01T11:45:29","date_gmt":"2015-09-01T09:45:29","guid":{"rendered":"https:\/\/sandzakpress.net\/arhiva\/?p=135333"},"modified":"2015-09-01T11:45:29","modified_gmt":"2015-09-01T09:45:29","slug":"dr-ivan-klajn-sanu-ne-postoji-bosanski-jezik","status":"publish","type":"post","link":"https:\/\/sandzakpress.net\/arhiva\/dr-ivan-klajn-sanu-ne-postoji-bosanski-jezik\/","title":{"rendered":"Dr. Ivan Klajn (SANU) &#8211; Ne postoji bosanski jezik!"},"content":{"rendered":"<p><img decoding=\"async\" src=\"http:\/\/www.bbrod.info\/wp-content\/uploads\/2013\/04\/ivan-klajn.jpg\" alt=\"\" \/><\/p>\n<p><strong>Sand\u017eak, Srbija &#8211; Jezik kojim govore Bo\u0161njaci mo\u017ee da se zove &#8220;bo\u0161nja\u010dki&#8221;, po narodu, a nikako bosanski, po dr\u017eavi, ka\u017ee dr Ivan Klajn, predsjednik Odbora za standardizaciju jezika SANU i potpisnik saop\u0161tenja o statusu bosanskog jezika.<\/strong><\/p>\n<p>&#8220;Mi smo izdali saop\u0161tenje i tu nema \u0161ta da se doda. Jezik mo\u017ee da se zove bo\u0161nja\u010dkim, ali nije razli\u010dit od srpskog ili od hrvatskog. Mo\u017ee da se zove po narodu koji ga govori, ali ne po dr\u017eavi, nagla\u0161ava Klajn.<\/p>\n<p>On ka\u017ee da su \u0161to se ti\u010de toga u Odboru za standardizaciju jezika sasvim jasni.<\/p>\n<p>Samo nekoliko dana nakon \u0161to je SANU obavijestio javnost da bosanski jezik ne postoji, Bo\u0161nja\u010dka akademija nauka i umetnosti \u00a0je uzvratila o\u0161trim i ozbiljnim optu\u017ebama na ra\u010dun SANU. Potpredsednik Bo\u0161nja\u010dkog nacionalnog vije\u0107a Esad D\u017eud\u017eo najavio je u ponedjeljak da \u0107e dopunsko izja\u0161njavanja o bosanskom kao jeziku nastave sprovesti u obrazovnim ustanovama u Novoj Varo\u0161i, Prijepolju i Priboju, jer je u prethodnom periodu bilo opstrukcija.<\/p>\n<p>D\u017eud\u017eo je na konferenciji za novinare najavio da \u0107e se isto izja\u0161avanje sprovoditi, po odluci ministra Sr\u0111ana Verbi\u0107a i u pojedinim ustanovama u Novom Pazaru, Sjenici i Tutinu. &#8220;Dopunsko izja\u0161njavanje \u0107e se sprovoditi kao posljedica opstrukcija procesa izja\u0161njavanja te razli\u010ditih pritisaka na slobodnu volju roditelja&#8221;, rekao je on, saop\u0161tila je BNV, prenosi Blic.<\/p>\n<p>(Kurir)<\/p>\n","protected":false},"excerpt":{"rendered":"<p>Sand\u017eak, Srbija &#8211; Jezik kojim govore Bo\u0161njaci mo\u017ee da se zove &#8220;bo\u0161nja\u010dki&#8221;, po narodu, a nikako bosanski, po dr\u017eavi, ka\u017ee dr Ivan Klajn, predsjednik Odbora za standardizaciju jezika SANU i potpisnik saop\u0161tenja o statusu bosanskog jezika. &#8220;Mi smo izdali saop\u0161tenje i tu nema \u0161ta da se doda. Jezik mo\u017ee da se zove bo\u0161nja\u010dkim, ali nije [&hellip;]<\/p>\n","protected":false},"author":83,"featured_media":135335,"comment_status":"open","ping_status":"open","sticky":false,"template":"","format":"standard","meta":{"footnotes":""},"categories":[72,800,52,327,392,393,394,8957],"tags":[],"class_list":{"0":"post-135333","1":"post","2":"type-post","3":"status-publish","4":"format-standard","5":"has-post-thumbnail","7":"category-novi-pazar","8":"category-nacija","9":"category-sjenica","10":"category-tutin","11":"category-prijepolje_","12":"category-priboj","13":"category-nova-varos","14":"category-vijesti-dana"},"yoast_head":"<!-- This site is optimized with the Yoast SEO Premium plugin v23.1 (Yoast SEO v24.9) - https:\/\/yoast.com\/wordpress\/plugins\/seo\/ -->\n<title>Dr. Ivan Klajn (SANU) - Ne postoji bosanski jezik!<\/title>\n<meta name=\"robots\" content=\"index, follow, max-snippet:-1, max-image-preview:large, max-video-preview:-1\" \/>\n<link rel=\"canonical\" href=\"https:\/\/sandzakpress.net\/arhiva\/dr-ivan-klajn-sanu-ne-postoji-bosanski-jezik\/\" \/>\n<meta property=\"og:locale\" content=\"bs_BA\" \/>\n<meta property=\"og:type\" content=\"article\" \/>\n<meta property=\"og:title\" content=\"Dr. Ivan Klajn (SANU) - Ne postoji bosanski jezik!\" \/>\n<meta property=\"og:description\" content=\"Sand\u017eak, Srbija &#8211; Jezik kojim govore Bo\u0161njaci mo\u017ee da se zove &#8220;bo\u0161nja\u010dki&#8221;, po narodu, a nikako bosanski, po dr\u017eavi, ka\u017ee dr Ivan Klajn, predsjednik Odbora za standardizaciju jezika SANU i potpisnik saop\u0161tenja o statusu bosanskog jezika. &#8220;Mi smo izdali saop\u0161tenje i tu nema \u0161ta da se doda. Jezik mo\u017ee da se zove bo\u0161nja\u010dkim, ali nije [&hellip;]\" \/>\n<meta property=\"og:url\" content=\"https:\/\/sandzakpress.net\/arhiva\/dr-ivan-klajn-sanu-ne-postoji-bosanski-jezik\/\" \/>\n<meta property=\"og:site_name\" content=\"Sand\u017eak PRESS\" \/>\n<meta property=\"article:published_time\" content=\"2015-09-01T09:45:29+00:00\" \/>\n<meta property=\"og:image\" content=\"https:\/\/sandzakpress.net\/arhiva\/wp-content\/uploads\/2015\/09\/ivan-klajn.jpg\" \/>\n\t<meta property=\"og:image:width\" content=\"660\" \/>\n\t<meta property=\"og:image:height\" content=\"410\" \/>\n\t<meta property=\"og:image:type\" content=\"image\/jpeg\" \/>\n<meta name=\"author\" content=\"bosniak\" \/>\n<meta name=\"twitter:card\" content=\"summary_large_image\" \/>\n<meta name=\"twitter:label1\" content=\"Written by\" \/>\n\t<meta name=\"twitter:data1\" content=\"bosniak\" \/>\n\t<meta name=\"twitter:label2\" content=\"Est. reading time\" \/>\n\t<meta name=\"twitter:data2\" content=\"1 minuta\" \/>\n<script type=\"application\/ld+json\" class=\"yoast-schema-graph\">{\"@context\":\"https:\/\/schema.org\",\"@graph\":[{\"@type\":\"Article\",\"@id\":\"https:\/\/sandzakpress.net\/arhiva\/dr-ivan-klajn-sanu-ne-postoji-bosanski-jezik\/#article\",\"isPartOf\":{\"@id\":\"https:\/\/sandzakpress.net\/arhiva\/dr-ivan-klajn-sanu-ne-postoji-bosanski-jezik\/\"},\"author\":{\"name\":\"bosniak\",\"@id\":\"https:\/\/sandzakpress.net\/arhiva\/#\/schema\/person\/c8baee722073534b583ea7bdb2e36c02\"},\"headline\":\"Dr. Ivan Klajn (SANU) &#8211; Ne postoji bosanski jezik!\",\"datePublished\":\"2015-09-01T09:45:29+00:00\",\"mainEntityOfPage\":{\"@id\":\"https:\/\/sandzakpress.net\/arhiva\/dr-ivan-klajn-sanu-ne-postoji-bosanski-jezik\/\"},\"wordCount\":257,\"commentCount\":84,\"publisher\":{\"@id\":\"https:\/\/sandzakpress.net\/arhiva\/#\/schema\/person\/6e72b67d6e51910a1117b3b483ba20bd\"},\"image\":{\"@id\":\"https:\/\/sandzakpress.net\/arhiva\/dr-ivan-klajn-sanu-ne-postoji-bosanski-jezik\/#primaryimage\"},\"thumbnailUrl\":\"https:\/\/sandzakpress.net\/arhiva\/wp-content\/uploads\/2015\/09\/ivan-klajn.jpg\",\"articleSection\":[\"Novi Pazar\",\"Nacija\",\"Sjenica\",\"Tutin\",\"Prijepolje\",\"Priboj\",\"Nova Varo\u0161\",\"VIJESTI DANA\"],\"inLanguage\":\"bs-BA\",\"potentialAction\":[{\"@type\":\"CommentAction\",\"name\":\"Comment\",\"target\":[\"https:\/\/sandzakpress.net\/arhiva\/dr-ivan-klajn-sanu-ne-postoji-bosanski-jezik\/#respond\"]}]},{\"@type\":\"WebPage\",\"@id\":\"https:\/\/sandzakpress.net\/arhiva\/dr-ivan-klajn-sanu-ne-postoji-bosanski-jezik\/\",\"url\":\"https:\/\/sandzakpress.net\/arhiva\/dr-ivan-klajn-sanu-ne-postoji-bosanski-jezik\/\",\"name\":\"Dr. Ivan Klajn (SANU) - Ne postoji bosanski jezik!\",\"isPartOf\":{\"@id\":\"https:\/\/sandzakpress.net\/arhiva\/#website\"},\"primaryImageOfPage\":{\"@id\":\"https:\/\/sandzakpress.net\/arhiva\/dr-ivan-klajn-sanu-ne-postoji-bosanski-jezik\/#primaryimage\"},\"image\":{\"@id\":\"https:\/\/sandzakpress.net\/arhiva\/dr-ivan-klajn-sanu-ne-postoji-bosanski-jezik\/#primaryimage\"},\"thumbnailUrl\":\"https:\/\/sandzakpress.net\/arhiva\/wp-content\/uploads\/2015\/09\/ivan-klajn.jpg\",\"datePublished\":\"2015-09-01T09:45:29+00:00\",\"breadcrumb\":{\"@id\":\"https:\/\/sandzakpress.net\/arhiva\/dr-ivan-klajn-sanu-ne-postoji-bosanski-jezik\/#breadcrumb\"},\"inLanguage\":\"bs-BA\",\"potentialAction\":[{\"@type\":\"ReadAction\",\"target\":[\"https:\/\/sandzakpress.net\/arhiva\/dr-ivan-klajn-sanu-ne-postoji-bosanski-jezik\/\"]}]},{\"@type\":\"ImageObject\",\"inLanguage\":\"bs-BA\",\"@id\":\"https:\/\/sandzakpress.net\/arhiva\/dr-ivan-klajn-sanu-ne-postoji-bosanski-jezik\/#primaryimage\",\"url\":\"https:\/\/sandzakpress.net\/arhiva\/wp-content\/uploads\/2015\/09\/ivan-klajn.jpg\",\"contentUrl\":\"https:\/\/sandzakpress.net\/arhiva\/wp-content\/uploads\/2015\/09\/ivan-klajn.jpg\",\"width\":660,\"height\":410},{\"@type\":\"BreadcrumbList\",\"@id\":\"https:\/\/sandzakpress.net\/arhiva\/dr-ivan-klajn-sanu-ne-postoji-bosanski-jezik\/#breadcrumb\",\"itemListElement\":[{\"@type\":\"ListItem\",\"position\":1,\"name\":\"Home\",\"item\":\"https:\/\/sandzakpress.net\/arhiva\/\"},{\"@type\":\"ListItem\",\"position\":2,\"name\":\"Dr. Ivan Klajn (SANU) &#8211; Ne postoji bosanski jezik!\"}]},{\"@type\":\"WebSite\",\"@id\":\"https:\/\/sandzakpress.net\/arhiva\/#website\",\"url\":\"https:\/\/sandzakpress.net\/arhiva\/\",\"name\":\"Sand\u017eak PRESS\",\"description\":\"Prve elektronske novine u Sand\u017eaku\",\"publisher\":{\"@id\":\"https:\/\/sandzakpress.net\/arhiva\/#\/schema\/person\/6e72b67d6e51910a1117b3b483ba20bd\"},\"potentialAction\":[{\"@type\":\"SearchAction\",\"target\":{\"@type\":\"EntryPoint\",\"urlTemplate\":\"https:\/\/sandzakpress.net\/arhiva\/?s={search_term_string}\"},\"query-input\":{\"@type\":\"PropertyValueSpecification\",\"valueRequired\":true,\"valueName\":\"search_term_string\"}}],\"inLanguage\":\"bs-BA\"},{\"@type\":[\"Person\",\"Organization\"],\"@id\":\"https:\/\/sandzakpress.net\/arhiva\/#\/schema\/person\/6e72b67d6e51910a1117b3b483ba20bd\",\"name\":\"Kul\",\"image\":{\"@type\":\"ImageObject\",\"inLanguage\":\"bs-BA\",\"@id\":\"https:\/\/sandzakpress.net\/arhiva\/#\/schema\/person\/image\/\",\"url\":\"https:\/\/secure.gravatar.com\/avatar\/42263f39aa27ac04c43cab85c280eb2e?s=96&d=mm&r=pg\",\"contentUrl\":\"https:\/\/secure.gravatar.com\/avatar\/42263f39aa27ac04c43cab85c280eb2e?s=96&d=mm&r=pg\",\"caption\":\"Kul\"},\"logo\":{\"@id\":\"https:\/\/sandzakpress.net\/arhiva\/#\/schema\/person\/image\/\"}},{\"@type\":\"Person\",\"@id\":\"https:\/\/sandzakpress.net\/arhiva\/#\/schema\/person\/c8baee722073534b583ea7bdb2e36c02\",\"name\":\"bosniak\",\"image\":{\"@type\":\"ImageObject\",\"inLanguage\":\"bs-BA\",\"@id\":\"https:\/\/sandzakpress.net\/arhiva\/#\/schema\/person\/image\/\",\"url\":\"https:\/\/secure.gravatar.com\/avatar\/a04fd330bfe3a36a72a0ad4a6d89fca7?s=96&d=mm&r=pg\",\"contentUrl\":\"https:\/\/secure.gravatar.com\/avatar\/a04fd330bfe3a36a72a0ad4a6d89fca7?s=96&d=mm&r=pg\",\"caption\":\"bosniak\"},\"url\":\"https:\/\/sandzakpress.net\/arhiva\/author\/bosniak\/\"}]}<\/script>\n<!-- \/ Yoast SEO Premium plugin. -->","yoast_head_json":{"title":"Dr. Ivan Klajn (SANU) - Ne postoji bosanski jezik!","robots":{"index":"index","follow":"follow","max-snippet":"max-snippet:-1","max-image-preview":"max-image-preview:large","max-video-preview":"max-video-preview:-1"},"canonical":"https:\/\/sandzakpress.net\/arhiva\/dr-ivan-klajn-sanu-ne-postoji-bosanski-jezik\/","og_locale":"bs_BA","og_type":"article","og_title":"Dr. Ivan Klajn (SANU) - Ne postoji bosanski jezik!","og_description":"Sand\u017eak, Srbija &#8211; Jezik kojim govore Bo\u0161njaci mo\u017ee da se zove &#8220;bo\u0161nja\u010dki&#8221;, po narodu, a nikako bosanski, po dr\u017eavi, ka\u017ee dr Ivan Klajn, predsjednik Odbora za standardizaciju jezika SANU i potpisnik saop\u0161tenja o statusu bosanskog jezika. &#8220;Mi smo izdali saop\u0161tenje i tu nema \u0161ta da se doda. Jezik mo\u017ee da se zove bo\u0161nja\u010dkim, ali nije [&hellip;]","og_url":"https:\/\/sandzakpress.net\/arhiva\/dr-ivan-klajn-sanu-ne-postoji-bosanski-jezik\/","og_site_name":"Sand\u017eak PRESS","article_published_time":"2015-09-01T09:45:29+00:00","og_image":[{"width":660,"height":410,"url":"https:\/\/sandzakpress.net\/arhiva\/wp-content\/uploads\/2015\/09\/ivan-klajn.jpg","type":"image\/jpeg"}],"author":"bosniak","twitter_card":"summary_large_image","twitter_misc":{"Written by":"bosniak","Est. reading time":"1 minuta"},"schema":{"@context":"https:\/\/schema.org","@graph":[{"@type":"Article","@id":"https:\/\/sandzakpress.net\/arhiva\/dr-ivan-klajn-sanu-ne-postoji-bosanski-jezik\/#article","isPartOf":{"@id":"https:\/\/sandzakpress.net\/arhiva\/dr-ivan-klajn-sanu-ne-postoji-bosanski-jezik\/"},"author":{"name":"bosniak","@id":"https:\/\/sandzakpress.net\/arhiva\/#\/schema\/person\/c8baee722073534b583ea7bdb2e36c02"},"headline":"Dr. Ivan Klajn (SANU) &#8211; Ne postoji bosanski jezik!","datePublished":"2015-09-01T09:45:29+00:00","mainEntityOfPage":{"@id":"https:\/\/sandzakpress.net\/arhiva\/dr-ivan-klajn-sanu-ne-postoji-bosanski-jezik\/"},"wordCount":257,"commentCount":84,"publisher":{"@id":"https:\/\/sandzakpress.net\/arhiva\/#\/schema\/person\/6e72b67d6e51910a1117b3b483ba20bd"},"image":{"@id":"https:\/\/sandzakpress.net\/arhiva\/dr-ivan-klajn-sanu-ne-postoji-bosanski-jezik\/#primaryimage"},"thumbnailUrl":"https:\/\/sandzakpress.net\/arhiva\/wp-content\/uploads\/2015\/09\/ivan-klajn.jpg","articleSection":["Novi Pazar","Nacija","Sjenica","Tutin","Prijepolje","Priboj","Nova Varo\u0161","VIJESTI DANA"],"inLanguage":"bs-BA","potentialAction":[{"@type":"CommentAction","name":"Comment","target":["https:\/\/sandzakpress.net\/arhiva\/dr-ivan-klajn-sanu-ne-postoji-bosanski-jezik\/#respond"]}]},{"@type":"WebPage","@id":"https:\/\/sandzakpress.net\/arhiva\/dr-ivan-klajn-sanu-ne-postoji-bosanski-jezik\/","url":"https:\/\/sandzakpress.net\/arhiva\/dr-ivan-klajn-sanu-ne-postoji-bosanski-jezik\/","name":"Dr. Ivan Klajn (SANU) - Ne postoji bosanski jezik!","isPartOf":{"@id":"https:\/\/sandzakpress.net\/arhiva\/#website"},"primaryImageOfPage":{"@id":"https:\/\/sandzakpress.net\/arhiva\/dr-ivan-klajn-sanu-ne-postoji-bosanski-jezik\/#primaryimage"},"image":{"@id":"https:\/\/sandzakpress.net\/arhiva\/dr-ivan-klajn-sanu-ne-postoji-bosanski-jezik\/#primaryimage"},"thumbnailUrl":"https:\/\/sandzakpress.net\/arhiva\/wp-content\/uploads\/2015\/09\/ivan-klajn.jpg","datePublished":"2015-09-01T09:45:29+00:00","breadcrumb":{"@id":"https:\/\/sandzakpress.net\/arhiva\/dr-ivan-klajn-sanu-ne-postoji-bosanski-jezik\/#breadcrumb"},"inLanguage":"bs-BA","potentialAction":[{"@type":"ReadAction","target":["https:\/\/sandzakpress.net\/arhiva\/dr-ivan-klajn-sanu-ne-postoji-bosanski-jezik\/"]}]},{"@type":"ImageObject","inLanguage":"bs-BA","@id":"https:\/\/sandzakpress.net\/arhiva\/dr-ivan-klajn-sanu-ne-postoji-bosanski-jezik\/#primaryimage","url":"https:\/\/sandzakpress.net\/arhiva\/wp-content\/uploads\/2015\/09\/ivan-klajn.jpg","contentUrl":"https:\/\/sandzakpress.net\/arhiva\/wp-content\/uploads\/2015\/09\/ivan-klajn.jpg","width":660,"height":410},{"@type":"BreadcrumbList","@id":"https:\/\/sandzakpress.net\/arhiva\/dr-ivan-klajn-sanu-ne-postoji-bosanski-jezik\/#breadcrumb","itemListElement":[{"@type":"ListItem","position":1,"name":"Home","item":"https:\/\/sandzakpress.net\/arhiva\/"},{"@type":"ListItem","position":2,"name":"Dr. Ivan Klajn (SANU) &#8211; Ne postoji bosanski jezik!"}]},{"@type":"WebSite","@id":"https:\/\/sandzakpress.net\/arhiva\/#website","url":"https:\/\/sandzakpress.net\/arhiva\/","name":"Sand\u017eak PRESS","description":"Prve elektronske novine u Sand\u017eaku","publisher":{"@id":"https:\/\/sandzakpress.net\/arhiva\/#\/schema\/person\/6e72b67d6e51910a1117b3b483ba20bd"},"potentialAction":[{"@type":"SearchAction","target":{"@type":"EntryPoint","urlTemplate":"https:\/\/sandzakpress.net\/arhiva\/?s={search_term_string}"},"query-input":{"@type":"PropertyValueSpecification","valueRequired":true,"valueName":"search_term_string"}}],"inLanguage":"bs-BA"},{"@type":["Person","Organization"],"@id":"https:\/\/sandzakpress.net\/arhiva\/#\/schema\/person\/6e72b67d6e51910a1117b3b483ba20bd","name":"Kul","image":{"@type":"ImageObject","inLanguage":"bs-BA","@id":"https:\/\/sandzakpress.net\/arhiva\/#\/schema\/person\/image\/","url":"https:\/\/secure.gravatar.com\/avatar\/42263f39aa27ac04c43cab85c280eb2e?s=96&d=mm&r=pg","contentUrl":"https:\/\/secure.gravatar.com\/avatar\/42263f39aa27ac04c43cab85c280eb2e?s=96&d=mm&r=pg","caption":"Kul"},"logo":{"@id":"https:\/\/sandzakpress.net\/arhiva\/#\/schema\/person\/image\/"}},{"@type":"Person","@id":"https:\/\/sandzakpress.net\/arhiva\/#\/schema\/person\/c8baee722073534b583ea7bdb2e36c02","name":"bosniak","image":{"@type":"ImageObject","inLanguage":"bs-BA","@id":"https:\/\/sandzakpress.net\/arhiva\/#\/schema\/person\/image\/","url":"https:\/\/secure.gravatar.com\/avatar\/a04fd330bfe3a36a72a0ad4a6d89fca7?s=96&d=mm&r=pg","contentUrl":"https:\/\/secure.gravatar.com\/avatar\/a04fd330bfe3a36a72a0ad4a6d89fca7?s=96&d=mm&r=pg","caption":"bosniak"},"url":"https:\/\/sandzakpress.net\/arhiva\/author\/bosniak\/"}]}},"_links":{"self":[{"href":"https:\/\/sandzakpress.net\/arhiva\/wp-json\/wp\/v2\/posts\/135333"}],"collection":[{"href":"https:\/\/sandzakpress.net\/arhiva\/wp-json\/wp\/v2\/posts"}],"about":[{"href":"https:\/\/sandzakpress.net\/arhiva\/wp-json\/wp\/v2\/types\/post"}],"author":[{"embeddable":true,"href":"https:\/\/sandzakpress.net\/arhiva\/wp-json\/wp\/v2\/users\/83"}],"replies":[{"embeddable":true,"href":"https:\/\/sandzakpress.net\/arhiva\/wp-json\/wp\/v2\/comments?post=135333"}],"version-history":[{"count":0,"href":"https:\/\/sandzakpress.net\/arhiva\/wp-json\/wp\/v2\/posts\/135333\/revisions"}],"wp:featuredmedia":[{"embeddable":true,"href":"https:\/\/sandzakpress.net\/arhiva\/wp-json\/wp\/v2\/media\/135335"}],"wp:attachment":[{"href":"https:\/\/sandzakpress.net\/arhiva\/wp-json\/wp\/v2\/media?parent=135333"}],"wp:term":[{"taxonomy":"category","embeddable":true,"href":"https:\/\/sandzakpress.net\/arhiva\/wp-json\/wp\/v2\/categories?post=135333"},{"taxonomy":"post_tag","embeddable":true,"href":"https:\/\/sandzakpress.net\/arhiva\/wp-json\/wp\/v2\/tags?post=135333"}],"curies":[{"name":"wp","href":"https:\/\/api.w.org\/{rel}","templated":true}]}}