{"id":13525,"date":"2011-03-07T18:33:40","date_gmt":"2011-03-07T17:33:40","guid":{"rendered":"https:\/\/sandzakpress.net\/arhiva\/?p=13525"},"modified":"2011-03-07T18:33:40","modified_gmt":"2011-03-07T17:33:40","slug":"ciplic-tumacio-zakon-prema-svojim-interesima","status":"publish","type":"post","link":"https:\/\/sandzakpress.net\/arhiva\/ciplic-tumacio-zakon-prema-svojim-interesima\/","title":{"rendered":"&#8220;\u010cipli\u0107 tuma\u010dio zakon prema svojim interesima!&#8221;"},"content":{"rendered":"<p><strong><a href=\"https:\/\/sandzakpress.net\/arhiva\/wp-content\/uploads\/2011\/03\/17742_0210-ciplic-karadzic-foto-fonet_f.jpg\"><img loading=\"lazy\" decoding=\"async\" class=\"size-full wp-image-13526 alignleft\" title=\"17742_0210-ciplic-karadzic-foto-fonet_f\" src=\"https:\/\/sandzakpress.net\/arhiva\/wp-content\/uploads\/2011\/03\/17742_0210-ciplic-karadzic-foto-fonet_f.jpg\" alt=\"\" width=\"309\" height=\"177\" srcset=\"https:\/\/sandzakpress.net\/arhiva\/wp-content\/uploads\/2011\/03\/17742_0210-ciplic-karadzic-foto-fonet_f.jpg 470w, https:\/\/sandzakpress.net\/arhiva\/wp-content\/uploads\/2011\/03\/17742_0210-ciplic-karadzic-foto-fonet_f-350x200.jpg 350w\" sizes=\"(max-width: 309px) 100vw, 309px\" \/><\/a>Sjeverni Sand\u017eak &#8211; Odnos vlasti prema Sand\u017eaku ostavlja utisak kao da je to dio Tanzanije, a ne Srbije. Na stalna upozorenja, kr\u0161enje zakona i diskriminaciju odgovaraju nereagiranjem, odnosno ignoriranjem problema i na taj na\u010din produbljuju krizu i podr\u017eavaju formiranje paralelnih institucija. <\/strong><\/p>\n<p>O\u010digledno je da je pri konstituiranju Bo\u0161nja\u010dkog nacionalnog vije\u0107a postojala namjera da se Bo\u0161nja\u010dka kultura zajednica isklju\u010di iz procesa, iako je ministarstvo za ljudska i manjinska prava na \u010delu sa ministrom Svetozarem \u010cipli\u0107em podr\u017ealo u\u010destvovanje vjerskog lidera na izborima, ka\u017ee za Danas Marko Karad\u017ei\u0107, nekada\u0161nji dr\u017eavni sekretar u Ministarstvu za ljudska i manjinska prava i komesar za ljudska prava u Liberalno demokratskoj partiji.<\/p>\n<p>On isti\u010de da je nakon izbora do\u0161lo do poni\u0161tavanja volje gra\u0111ana zloupotrebom polo\u017eaja i manipulacijom odredaba Zakona o nacionalnim savjetima nacionalnih manjina.<\/p>\n<p>&#8211; Pored jasnih dokaza o diskriminaciji i zloupotrebi polo\u017eaja nadle\u017enog ministra, institucije ne reaguju u skladu sa zakonom ve\u0107 najavljuju ponavljanje izbora za Bo\u0161nja\u010dko nacionalno vije\u0107e. Olako prela\u017eenje preko kr\u0161enja ljudskih prava dovelo je do toga da dio gra\u0111ana bo\u0161nja\u010dke nacionalnosti nema povjerenja u dr\u017eavne institucije. Odr\u017eavanje konstitutivne sjednice i na\u010din reguliranja pravila po kojima se ona odvija mo\u017ee da odredi samo nacionalni savjet, odnosno predstavnici koji su izabrani i to na taj na\u010din \u0161to \u0107e posle prozivke koju obavlja ministarstvo, usvojiti pravilnik po kome \u0107e raditi. Zakon o izboru nacionalnih savjeta definira da ministar za ljudska i manjinska prava u odre\u0111enom roku posle izbora saziva konstitutivnu sjednicu, ali mu ne daje za pravo da donese obavezuju\u0107i poslovnik. Me\u0111utim, po\u0161to je ministar \u017eelio da iz procesa izbora isklju\u010di jednu stranu, on zakon po\u010dinje da tuma\u010di u skladu sa svojim interesima, tako da donosi obavezuju\u0107i poslovnik. On to dodatno zloupotrebljava tako \u0161to ubacuje odredbu koja nije zasnovana na Ustavu, a prema kojoj, ukoliko na konstitutivnoj sjednici nisu prisutni kandidati sa izbornih lista kojima je mandat dodijeljen, neraspore\u0111eni mandati se dodjeljuju ostalim izbornim listama srazmjerno broju glasova. Prvi nacionalni savjet na konstitutivnoj sjednici koristio je svoj poslovnik koji je donijet na osnovu modela koje je sa\u010dinilo ministarstvo, tako da je u zavisnosti od politi\u010dkih potreba u opticaju bilo \u010detiri poslovnika, nagla\u0161ava Karad\u017ei\u0107.<\/p>\n<p>Umjesto pitanja kulture, obrazovanja, informiranosti, slu\u017ebene upotrebe jezika i simbola, u centru pa\u017enje su se na\u0161la \u010disto politi\u010dka pitanja, dok su nacionalni savjeti po\u010deli da se posmatraju kao politi\u010dki faktor.<\/p>\n<p>&#8211; Postupak izbora nacionalnih savjeta je opasan, jer popisujete ljude tra\u017ee\u0107i od njih da izraze svoju nacionalnost da bi mogli da u\u010destvuju na izborima. I u tom delu je bilo mnogo nepravilnosti, a na to je ukazao povjerenik za za\u0161titu podataka o li\u010dnosti Rodoljub \u0160abi\u0107. Postavlja se i pitanje da li \u0107ete tim sistemom omogu\u0107iti o\u010duvanje prava nacionalnih manjina ili \u0107ete ih samo jo\u0161 vi\u0161e izolovati od dru\u0161tva i dr\u017eati u zatvorenom krugu nacionalnih savjeta u kojima \u0107e se kao njihovi predstavnici pojavljivati poslu\u0161nici politi\u010dkih stranaka, koji ne\u0107e voditi ra\u010duna o interesima nacionalnih manjina, ve\u0107 \u0107e zbog novca koji dobijaju od dr\u017eave biti za\u0161titni faktor vladaju\u0107ih koalicija, kako bi predstavili da je nacionalnim manjinama u Srbiji dobro, nagla\u0161ava Karad\u017ei\u0107.<\/p>\n<p>Izvor:<strong> LDPNoviPazar.org<\/strong><\/p>\n","protected":false},"excerpt":{"rendered":"<p>Sjeverni Sand\u017eak &#8211; Odnos vlasti prema Sand\u017eaku ostavlja utisak kao da je to dio Tanzanije, a ne Srbije. Na stalna upozorenja, kr\u0161enje zakona i diskriminaciju odgovaraju nereagiranjem, odnosno ignoriranjem problema i na taj na\u010din produbljuju krizu i podr\u017eavaju formiranje paralelnih institucija. O\u010digledno je da je pri konstituiranju Bo\u0161nja\u010dkog nacionalnog vije\u0107a postojala namjera da se Bo\u0161nja\u010dka [&hellip;]<\/p>\n","protected":false},"author":83,"featured_media":13526,"comment_status":"open","ping_status":"open","sticky":false,"template":"","format":"standard","meta":{"footnotes":""},"categories":[72,800,52,327,392,393,394],"tags":[],"class_list":{"0":"post-13525","1":"post","2":"type-post","3":"status-publish","4":"format-standard","5":"has-post-thumbnail","7":"category-novi-pazar","8":"category-nacija","9":"category-sjenica","10":"category-tutin","11":"category-prijepolje_","12":"category-priboj","13":"category-nova-varos"},"yoast_head":"<!-- This site is optimized with the Yoast SEO Premium plugin v23.1 (Yoast SEO v24.9) - https:\/\/yoast.com\/wordpress\/plugins\/seo\/ -->\n<title>&quot;\u010cipli\u0107 tuma\u010dio zakon prema svojim interesima!&quot;<\/title>\n<meta name=\"robots\" content=\"index, follow, max-snippet:-1, max-image-preview:large, max-video-preview:-1\" \/>\n<link rel=\"canonical\" href=\"https:\/\/sandzakpress.net\/arhiva\/ciplic-tumacio-zakon-prema-svojim-interesima\/\" \/>\n<meta property=\"og:locale\" content=\"bs_BA\" \/>\n<meta property=\"og:type\" content=\"article\" \/>\n<meta property=\"og:title\" content=\"&quot;\u010cipli\u0107 tuma\u010dio zakon prema svojim interesima!&quot;\" \/>\n<meta property=\"og:description\" content=\"Sjeverni Sand\u017eak &#8211; Odnos vlasti prema Sand\u017eaku ostavlja utisak kao da je to dio Tanzanije, a ne Srbije. Na stalna upozorenja, kr\u0161enje zakona i diskriminaciju odgovaraju nereagiranjem, odnosno ignoriranjem problema i na taj na\u010din produbljuju krizu i podr\u017eavaju formiranje paralelnih institucija. O\u010digledno je da je pri konstituiranju Bo\u0161nja\u010dkog nacionalnog vije\u0107a postojala namjera da se Bo\u0161nja\u010dka [&hellip;]\" \/>\n<meta property=\"og:url\" content=\"https:\/\/sandzakpress.net\/arhiva\/ciplic-tumacio-zakon-prema-svojim-interesima\/\" \/>\n<meta property=\"og:site_name\" content=\"Sand\u017eak PRESS\" \/>\n<meta property=\"article:published_time\" content=\"2011-03-07T17:33:40+00:00\" \/>\n<meta property=\"og:image\" content=\"https:\/\/sandzakpress.net\/arhiva\/wp-content\/uploads\/2011\/03\/17742_0210-ciplic-karadzic-foto-fonet_f.jpg\" \/>\n\t<meta property=\"og:image:width\" content=\"470\" \/>\n\t<meta property=\"og:image:height\" content=\"270\" \/>\n\t<meta property=\"og:image:type\" content=\"image\/jpeg\" \/>\n<meta name=\"author\" content=\"bosniak\" \/>\n<meta name=\"twitter:card\" content=\"summary_large_image\" \/>\n<meta name=\"twitter:label1\" content=\"Written by\" \/>\n\t<meta name=\"twitter:data1\" content=\"bosniak\" \/>\n\t<meta name=\"twitter:label2\" content=\"Est. reading time\" \/>\n\t<meta name=\"twitter:data2\" content=\"3 minute\" \/>\n<script type=\"application\/ld+json\" class=\"yoast-schema-graph\">{\"@context\":\"https:\/\/schema.org\",\"@graph\":[{\"@type\":\"Article\",\"@id\":\"https:\/\/sandzakpress.net\/arhiva\/ciplic-tumacio-zakon-prema-svojim-interesima\/#article\",\"isPartOf\":{\"@id\":\"https:\/\/sandzakpress.net\/arhiva\/ciplic-tumacio-zakon-prema-svojim-interesima\/\"},\"author\":{\"name\":\"bosniak\",\"@id\":\"https:\/\/sandzakpress.net\/arhiva\/#\/schema\/person\/c8baee722073534b583ea7bdb2e36c02\"},\"headline\":\"&#8220;\u010cipli\u0107 tuma\u010dio zakon prema svojim interesima!&#8221;\",\"datePublished\":\"2011-03-07T17:33:40+00:00\",\"mainEntityOfPage\":{\"@id\":\"https:\/\/sandzakpress.net\/arhiva\/ciplic-tumacio-zakon-prema-svojim-interesima\/\"},\"wordCount\":582,\"commentCount\":1,\"publisher\":{\"@id\":\"https:\/\/sandzakpress.net\/arhiva\/#\/schema\/person\/6e72b67d6e51910a1117b3b483ba20bd\"},\"image\":{\"@id\":\"https:\/\/sandzakpress.net\/arhiva\/ciplic-tumacio-zakon-prema-svojim-interesima\/#primaryimage\"},\"thumbnailUrl\":\"https:\/\/sandzakpress.net\/arhiva\/wp-content\/uploads\/2011\/03\/17742_0210-ciplic-karadzic-foto-fonet_f.jpg\",\"articleSection\":[\"Novi Pazar\",\"Nacija\",\"Sjenica\",\"Tutin\",\"Prijepolje\",\"Priboj\",\"Nova Varo\u0161\"],\"inLanguage\":\"bs-BA\",\"potentialAction\":[{\"@type\":\"CommentAction\",\"name\":\"Comment\",\"target\":[\"https:\/\/sandzakpress.net\/arhiva\/ciplic-tumacio-zakon-prema-svojim-interesima\/#respond\"]}]},{\"@type\":\"WebPage\",\"@id\":\"https:\/\/sandzakpress.net\/arhiva\/ciplic-tumacio-zakon-prema-svojim-interesima\/\",\"url\":\"https:\/\/sandzakpress.net\/arhiva\/ciplic-tumacio-zakon-prema-svojim-interesima\/\",\"name\":\"\\\"\u010cipli\u0107 tuma\u010dio zakon prema svojim interesima!\\\"\",\"isPartOf\":{\"@id\":\"https:\/\/sandzakpress.net\/arhiva\/#website\"},\"primaryImageOfPage\":{\"@id\":\"https:\/\/sandzakpress.net\/arhiva\/ciplic-tumacio-zakon-prema-svojim-interesima\/#primaryimage\"},\"image\":{\"@id\":\"https:\/\/sandzakpress.net\/arhiva\/ciplic-tumacio-zakon-prema-svojim-interesima\/#primaryimage\"},\"thumbnailUrl\":\"https:\/\/sandzakpress.net\/arhiva\/wp-content\/uploads\/2011\/03\/17742_0210-ciplic-karadzic-foto-fonet_f.jpg\",\"datePublished\":\"2011-03-07T17:33:40+00:00\",\"breadcrumb\":{\"@id\":\"https:\/\/sandzakpress.net\/arhiva\/ciplic-tumacio-zakon-prema-svojim-interesima\/#breadcrumb\"},\"inLanguage\":\"bs-BA\",\"potentialAction\":[{\"@type\":\"ReadAction\",\"target\":[\"https:\/\/sandzakpress.net\/arhiva\/ciplic-tumacio-zakon-prema-svojim-interesima\/\"]}]},{\"@type\":\"ImageObject\",\"inLanguage\":\"bs-BA\",\"@id\":\"https:\/\/sandzakpress.net\/arhiva\/ciplic-tumacio-zakon-prema-svojim-interesima\/#primaryimage\",\"url\":\"https:\/\/sandzakpress.net\/arhiva\/wp-content\/uploads\/2011\/03\/17742_0210-ciplic-karadzic-foto-fonet_f.jpg\",\"contentUrl\":\"https:\/\/sandzakpress.net\/arhiva\/wp-content\/uploads\/2011\/03\/17742_0210-ciplic-karadzic-foto-fonet_f.jpg\",\"width\":470,\"height\":270},{\"@type\":\"BreadcrumbList\",\"@id\":\"https:\/\/sandzakpress.net\/arhiva\/ciplic-tumacio-zakon-prema-svojim-interesima\/#breadcrumb\",\"itemListElement\":[{\"@type\":\"ListItem\",\"position\":1,\"name\":\"Home\",\"item\":\"https:\/\/sandzakpress.net\/arhiva\/\"},{\"@type\":\"ListItem\",\"position\":2,\"name\":\"&#8220;\u010cipli\u0107 tuma\u010dio zakon prema svojim interesima!&#8221;\"}]},{\"@type\":\"WebSite\",\"@id\":\"https:\/\/sandzakpress.net\/arhiva\/#website\",\"url\":\"https:\/\/sandzakpress.net\/arhiva\/\",\"name\":\"Sand\u017eak PRESS\",\"description\":\"Prve elektronske novine u Sand\u017eaku\",\"publisher\":{\"@id\":\"https:\/\/sandzakpress.net\/arhiva\/#\/schema\/person\/6e72b67d6e51910a1117b3b483ba20bd\"},\"potentialAction\":[{\"@type\":\"SearchAction\",\"target\":{\"@type\":\"EntryPoint\",\"urlTemplate\":\"https:\/\/sandzakpress.net\/arhiva\/?s={search_term_string}\"},\"query-input\":{\"@type\":\"PropertyValueSpecification\",\"valueRequired\":true,\"valueName\":\"search_term_string\"}}],\"inLanguage\":\"bs-BA\"},{\"@type\":[\"Person\",\"Organization\"],\"@id\":\"https:\/\/sandzakpress.net\/arhiva\/#\/schema\/person\/6e72b67d6e51910a1117b3b483ba20bd\",\"name\":\"Kul\",\"image\":{\"@type\":\"ImageObject\",\"inLanguage\":\"bs-BA\",\"@id\":\"https:\/\/sandzakpress.net\/arhiva\/#\/schema\/person\/image\/\",\"url\":\"https:\/\/secure.gravatar.com\/avatar\/42263f39aa27ac04c43cab85c280eb2e?s=96&d=mm&r=pg\",\"contentUrl\":\"https:\/\/secure.gravatar.com\/avatar\/42263f39aa27ac04c43cab85c280eb2e?s=96&d=mm&r=pg\",\"caption\":\"Kul\"},\"logo\":{\"@id\":\"https:\/\/sandzakpress.net\/arhiva\/#\/schema\/person\/image\/\"}},{\"@type\":\"Person\",\"@id\":\"https:\/\/sandzakpress.net\/arhiva\/#\/schema\/person\/c8baee722073534b583ea7bdb2e36c02\",\"name\":\"bosniak\",\"image\":{\"@type\":\"ImageObject\",\"inLanguage\":\"bs-BA\",\"@id\":\"https:\/\/sandzakpress.net\/arhiva\/#\/schema\/person\/image\/\",\"url\":\"https:\/\/secure.gravatar.com\/avatar\/a04fd330bfe3a36a72a0ad4a6d89fca7?s=96&d=mm&r=pg\",\"contentUrl\":\"https:\/\/secure.gravatar.com\/avatar\/a04fd330bfe3a36a72a0ad4a6d89fca7?s=96&d=mm&r=pg\",\"caption\":\"bosniak\"},\"url\":\"https:\/\/sandzakpress.net\/arhiva\/author\/bosniak\/\"}]}<\/script>\n<!-- \/ Yoast SEO Premium plugin. -->","yoast_head_json":{"title":"\"\u010cipli\u0107 tuma\u010dio zakon prema svojim interesima!\"","robots":{"index":"index","follow":"follow","max-snippet":"max-snippet:-1","max-image-preview":"max-image-preview:large","max-video-preview":"max-video-preview:-1"},"canonical":"https:\/\/sandzakpress.net\/arhiva\/ciplic-tumacio-zakon-prema-svojim-interesima\/","og_locale":"bs_BA","og_type":"article","og_title":"\"\u010cipli\u0107 tuma\u010dio zakon prema svojim interesima!\"","og_description":"Sjeverni Sand\u017eak &#8211; Odnos vlasti prema Sand\u017eaku ostavlja utisak kao da je to dio Tanzanije, a ne Srbije. Na stalna upozorenja, kr\u0161enje zakona i diskriminaciju odgovaraju nereagiranjem, odnosno ignoriranjem problema i na taj na\u010din produbljuju krizu i podr\u017eavaju formiranje paralelnih institucija. O\u010digledno je da je pri konstituiranju Bo\u0161nja\u010dkog nacionalnog vije\u0107a postojala namjera da se Bo\u0161nja\u010dka [&hellip;]","og_url":"https:\/\/sandzakpress.net\/arhiva\/ciplic-tumacio-zakon-prema-svojim-interesima\/","og_site_name":"Sand\u017eak PRESS","article_published_time":"2011-03-07T17:33:40+00:00","og_image":[{"width":470,"height":270,"url":"https:\/\/sandzakpress.net\/arhiva\/wp-content\/uploads\/2011\/03\/17742_0210-ciplic-karadzic-foto-fonet_f.jpg","type":"image\/jpeg"}],"author":"bosniak","twitter_card":"summary_large_image","twitter_misc":{"Written by":"bosniak","Est. reading time":"3 minute"},"schema":{"@context":"https:\/\/schema.org","@graph":[{"@type":"Article","@id":"https:\/\/sandzakpress.net\/arhiva\/ciplic-tumacio-zakon-prema-svojim-interesima\/#article","isPartOf":{"@id":"https:\/\/sandzakpress.net\/arhiva\/ciplic-tumacio-zakon-prema-svojim-interesima\/"},"author":{"name":"bosniak","@id":"https:\/\/sandzakpress.net\/arhiva\/#\/schema\/person\/c8baee722073534b583ea7bdb2e36c02"},"headline":"&#8220;\u010cipli\u0107 tuma\u010dio zakon prema svojim interesima!&#8221;","datePublished":"2011-03-07T17:33:40+00:00","mainEntityOfPage":{"@id":"https:\/\/sandzakpress.net\/arhiva\/ciplic-tumacio-zakon-prema-svojim-interesima\/"},"wordCount":582,"commentCount":1,"publisher":{"@id":"https:\/\/sandzakpress.net\/arhiva\/#\/schema\/person\/6e72b67d6e51910a1117b3b483ba20bd"},"image":{"@id":"https:\/\/sandzakpress.net\/arhiva\/ciplic-tumacio-zakon-prema-svojim-interesima\/#primaryimage"},"thumbnailUrl":"https:\/\/sandzakpress.net\/arhiva\/wp-content\/uploads\/2011\/03\/17742_0210-ciplic-karadzic-foto-fonet_f.jpg","articleSection":["Novi Pazar","Nacija","Sjenica","Tutin","Prijepolje","Priboj","Nova Varo\u0161"],"inLanguage":"bs-BA","potentialAction":[{"@type":"CommentAction","name":"Comment","target":["https:\/\/sandzakpress.net\/arhiva\/ciplic-tumacio-zakon-prema-svojim-interesima\/#respond"]}]},{"@type":"WebPage","@id":"https:\/\/sandzakpress.net\/arhiva\/ciplic-tumacio-zakon-prema-svojim-interesima\/","url":"https:\/\/sandzakpress.net\/arhiva\/ciplic-tumacio-zakon-prema-svojim-interesima\/","name":"\"\u010cipli\u0107 tuma\u010dio zakon prema svojim interesima!\"","isPartOf":{"@id":"https:\/\/sandzakpress.net\/arhiva\/#website"},"primaryImageOfPage":{"@id":"https:\/\/sandzakpress.net\/arhiva\/ciplic-tumacio-zakon-prema-svojim-interesima\/#primaryimage"},"image":{"@id":"https:\/\/sandzakpress.net\/arhiva\/ciplic-tumacio-zakon-prema-svojim-interesima\/#primaryimage"},"thumbnailUrl":"https:\/\/sandzakpress.net\/arhiva\/wp-content\/uploads\/2011\/03\/17742_0210-ciplic-karadzic-foto-fonet_f.jpg","datePublished":"2011-03-07T17:33:40+00:00","breadcrumb":{"@id":"https:\/\/sandzakpress.net\/arhiva\/ciplic-tumacio-zakon-prema-svojim-interesima\/#breadcrumb"},"inLanguage":"bs-BA","potentialAction":[{"@type":"ReadAction","target":["https:\/\/sandzakpress.net\/arhiva\/ciplic-tumacio-zakon-prema-svojim-interesima\/"]}]},{"@type":"ImageObject","inLanguage":"bs-BA","@id":"https:\/\/sandzakpress.net\/arhiva\/ciplic-tumacio-zakon-prema-svojim-interesima\/#primaryimage","url":"https:\/\/sandzakpress.net\/arhiva\/wp-content\/uploads\/2011\/03\/17742_0210-ciplic-karadzic-foto-fonet_f.jpg","contentUrl":"https:\/\/sandzakpress.net\/arhiva\/wp-content\/uploads\/2011\/03\/17742_0210-ciplic-karadzic-foto-fonet_f.jpg","width":470,"height":270},{"@type":"BreadcrumbList","@id":"https:\/\/sandzakpress.net\/arhiva\/ciplic-tumacio-zakon-prema-svojim-interesima\/#breadcrumb","itemListElement":[{"@type":"ListItem","position":1,"name":"Home","item":"https:\/\/sandzakpress.net\/arhiva\/"},{"@type":"ListItem","position":2,"name":"&#8220;\u010cipli\u0107 tuma\u010dio zakon prema svojim interesima!&#8221;"}]},{"@type":"WebSite","@id":"https:\/\/sandzakpress.net\/arhiva\/#website","url":"https:\/\/sandzakpress.net\/arhiva\/","name":"Sand\u017eak PRESS","description":"Prve elektronske novine u Sand\u017eaku","publisher":{"@id":"https:\/\/sandzakpress.net\/arhiva\/#\/schema\/person\/6e72b67d6e51910a1117b3b483ba20bd"},"potentialAction":[{"@type":"SearchAction","target":{"@type":"EntryPoint","urlTemplate":"https:\/\/sandzakpress.net\/arhiva\/?s={search_term_string}"},"query-input":{"@type":"PropertyValueSpecification","valueRequired":true,"valueName":"search_term_string"}}],"inLanguage":"bs-BA"},{"@type":["Person","Organization"],"@id":"https:\/\/sandzakpress.net\/arhiva\/#\/schema\/person\/6e72b67d6e51910a1117b3b483ba20bd","name":"Kul","image":{"@type":"ImageObject","inLanguage":"bs-BA","@id":"https:\/\/sandzakpress.net\/arhiva\/#\/schema\/person\/image\/","url":"https:\/\/secure.gravatar.com\/avatar\/42263f39aa27ac04c43cab85c280eb2e?s=96&d=mm&r=pg","contentUrl":"https:\/\/secure.gravatar.com\/avatar\/42263f39aa27ac04c43cab85c280eb2e?s=96&d=mm&r=pg","caption":"Kul"},"logo":{"@id":"https:\/\/sandzakpress.net\/arhiva\/#\/schema\/person\/image\/"}},{"@type":"Person","@id":"https:\/\/sandzakpress.net\/arhiva\/#\/schema\/person\/c8baee722073534b583ea7bdb2e36c02","name":"bosniak","image":{"@type":"ImageObject","inLanguage":"bs-BA","@id":"https:\/\/sandzakpress.net\/arhiva\/#\/schema\/person\/image\/","url":"https:\/\/secure.gravatar.com\/avatar\/a04fd330bfe3a36a72a0ad4a6d89fca7?s=96&d=mm&r=pg","contentUrl":"https:\/\/secure.gravatar.com\/avatar\/a04fd330bfe3a36a72a0ad4a6d89fca7?s=96&d=mm&r=pg","caption":"bosniak"},"url":"https:\/\/sandzakpress.net\/arhiva\/author\/bosniak\/"}]}},"_links":{"self":[{"href":"https:\/\/sandzakpress.net\/arhiva\/wp-json\/wp\/v2\/posts\/13525"}],"collection":[{"href":"https:\/\/sandzakpress.net\/arhiva\/wp-json\/wp\/v2\/posts"}],"about":[{"href":"https:\/\/sandzakpress.net\/arhiva\/wp-json\/wp\/v2\/types\/post"}],"author":[{"embeddable":true,"href":"https:\/\/sandzakpress.net\/arhiva\/wp-json\/wp\/v2\/users\/83"}],"replies":[{"embeddable":true,"href":"https:\/\/sandzakpress.net\/arhiva\/wp-json\/wp\/v2\/comments?post=13525"}],"version-history":[{"count":0,"href":"https:\/\/sandzakpress.net\/arhiva\/wp-json\/wp\/v2\/posts\/13525\/revisions"}],"wp:featuredmedia":[{"embeddable":true,"href":"https:\/\/sandzakpress.net\/arhiva\/wp-json\/wp\/v2\/media\/13526"}],"wp:attachment":[{"href":"https:\/\/sandzakpress.net\/arhiva\/wp-json\/wp\/v2\/media?parent=13525"}],"wp:term":[{"taxonomy":"category","embeddable":true,"href":"https:\/\/sandzakpress.net\/arhiva\/wp-json\/wp\/v2\/categories?post=13525"},{"taxonomy":"post_tag","embeddable":true,"href":"https:\/\/sandzakpress.net\/arhiva\/wp-json\/wp\/v2\/tags?post=13525"}],"curies":[{"name":"wp","href":"https:\/\/api.w.org\/{rel}","templated":true}]}}