{"id":135235,"date":"2015-08-31T14:27:12","date_gmt":"2015-08-31T12:27:12","guid":{"rendered":"https:\/\/sandzakpress.net\/arhiva\/?p=135235"},"modified":"2015-08-31T14:41:45","modified_gmt":"2015-08-31T12:41:45","slug":"eksluzivno-obecana-podrska-osnivanju-prekogranicne-regije-sandzak-iz-belgije-njemacke-i-holandije","status":"publish","type":"post","link":"https:\/\/sandzakpress.net\/arhiva\/obecana-podrska-osnivanju-prekogranicne-regije-sandzak-iz-belgije-njemacke-i-holandije","title":{"rendered":"Obe\u0107ana podr\u0161ka osnivanju prekograni\u010dne regije Sand\u017eak iz Belgije, Njema\u010dke i Holandije"},"content":{"rendered":"<div id=\"id_55e447bd5e9b38c14419008\" class=\"text_exposed_root text_exposed\"><strong><img loading=\"lazy\" decoding=\"async\" class=\"aligncenter size-full wp-image-135236\" src=\"https:\/\/sandzakpress.net\/arhiva\/wp-content\/uploads\/2015\/08\/10984288_712033675607222_6061478770111151632_n.png\" alt=\"10984288_712033675607222_6061478770111151632_n\" width=\"700\" height=\"586\" srcset=\"https:\/\/sandzakpress.net\/arhiva\/wp-content\/uploads\/2015\/08\/10984288_712033675607222_6061478770111151632_n.png 700w, https:\/\/sandzakpress.net\/arhiva\/wp-content\/uploads\/2015\/08\/10984288_712033675607222_6061478770111151632_n-616x516.png 616w\" sizes=\"(max-width: 700px) 100vw, 700px\" \/>Sand\u017eak &#8211; Na nedavnom sastanku predstavnika euroregije Maas-Rhein sa predstavnicima HG Sand\u017eak Euroregio iz Ahena u belgijskom gradu Eupenu koji je i sjedi\u0161te EMR prekograni\u010dne regije unutar granica Njema\u010dke, Belgije i Holandije, obe\u0107ana je podr\u0161ka osnivanju prekograni\u010dne regije Sand\u017eaka na granici Crne Gor<\/strong><span class=\"text_exposed_show\"><span class=\"text_exposed_show\"><strong>e i Srbije!<\/strong><\/span><\/span><\/p>\n<p>Osim podr\u0161ke od strane prekograni\u010dne regije EMR u Eupenu, projekat osnivanja prekograni\u010dne regije Sand\u017eak podr\u017eali su i iz kabineta predsjednika federalne jedinice DG (njema\u010dko govorno podru\u010dje) u Belgiji, holandske provincije Limburg kao i Aachenskog okruga iz Njema\u010dke. Osnivanje regije su podr\u017eali i Karl Heinz Lambertz, predsjednik Evropske zajednice prekograni\u010dnih regiona i predsjednik Odbora za prekograni\u010dnu i regionalnu saradnju pri Evropskoj uniji.<\/p>\n<p>Kako Ro\u017eaje Free Press saznaje, u Belgiji su istakli spremnost da ugoste delegaciju iz Sand\u017eaka radi razmjene iskustava kada je u pitanju osnivanje nove prekograni\u010dne regije.<\/p>\n<p>EMR prekograni\u010dna regija je osnovana 1976. godina a pravni status su dobili petnaest godina kasnije. Predstavnici HG Sand\u017eak Euroregio su dobili obe\u0107anja za podr\u0161ku u infrastrukturi, tehni\u010dku i pravnu pomo\u0107, ponudu privredne saradnje kao i iskazanu spremnost da predstavnici njema\u010dko-belgijsko-holands<wbr><\/wbr>ke regije posjete Sand\u017eak.<\/p>\n<p>Na sastanku koji je trajao puna dva sata, razgovaralo se o tome kako Evropa gleda na zemlje kandidate koje opstruiraju saradnju me\u0111u narodima i dr\u017eavama kroz konstruisanje prekograni\u010dne regije. Jo\u0161 krajem pro\u0161le godine projekat prekograni\u010dne regije Sand\u017eak dobio je i zvani\u010dnu podr\u0161ku iz Brisela od Petera Sch\u00f6nera, predsjednika Evropske dru\u0161tveno-politi\u010dke obrazovne zajednice koji je izjavio da bi konstituisanjem prekograni\u010dne regije Sand\u017eak, bio dobar signal za EU u toku procedure pristupanja Srbije i Crne Gore u EU. Predsjednik HG Sand\u017eak Euroregio Zaim \u010celebi\u0107, je za RFP ranije izjavio da ustavna rje\u0161enja kao i pozitivno zakonodavstvo i Srbije i Crne Gore ne stoje na putu ostvarivanju ovoga projekta. Sve parlamentarne stranke u Crnoj Gori i Srbiji kroz podr\u0161ku pristupnim pregovorima sa EU u na\u010delu podr\u017eavaju i prekograni\u010dnu saradnju.<\/p>\n<p>Na sastanku u Eupenu, najavljeno je da \u0107e skorije biti podnijeta inicijativa vladama u Beogradu i Podgorici sa zahtjevom da se aktivno uklju\u010de u ovaj evropski projekat. Tako\u0111e, napomenuto je da je izuzev deklarativne podr\u0161ke, projekat Sand\u017eak Euroregio nai\u0161ao na prikrivenu opstrukciju. Iz EMR-a su prestavili njihova iskustva tokom postojanja prekograni\u010dne regije EMR i naveli \u010dinjenice da su na ovaj na\u010din ostvareni veliki benefiti za sam region, od koga su naravno, indirektno koristi imali i centri.<\/p>\n<p>Ko sprje\u010dava BS da se zala\u017ee za Sand\u017eak?<\/p>\n<p>Bo\u0161nja\u010dka stranka je jedna od dvije partije u Crnoj Gori koja u programu i statutu partije ima \u010dlan u kojem se garantuje zalaganje ove stranke za rje\u0161avanje statusa Sand\u017eaka kao prekograni\u010dne regije. Kako saznajemo, HG Sand\u017eak Euroregio je vi\u0161e puta nudio saradnju BS da aktivno u\u010destvuje na ostvarivanju projekta koji je apsolutno identi\u010dan sa programskim opredjeljenjima ove stranke kada je Sand\u017eak u pitanju. Do sada je podr\u0161ka od ove partije izostala, a zvani\u010dnog odgovora od ove partije jo\u0161 uvijek nije bilo.<\/p>\n<\/div>\n<p>&nbsp;<\/p>\n<p>(Ro\u017eaje Free Press)<\/p>\n","protected":false},"excerpt":{"rendered":"<p>Sand\u017eak &#8211; Na nedavnom sastanku predstavnika euroregije Maas-Rhein sa predstavnicima HG Sand\u017eak Euroregio iz Ahena u belgijskom gradu Eupenu koji je i sjedi\u0161te EMR prekograni\u010dne regije unutar granica Njema\u010dke, Belgije i Holandije, obe\u0107ana je podr\u0161ka osnivanju prekograni\u010dne regije Sand\u017eaka na granici Crne Gore i Srbije! Osim podr\u0161ke od strane prekograni\u010dne regije EMR u Eupenu, projekat [&hellip;]<\/p>\n","protected":false},"author":83,"featured_media":135236,"comment_status":"open","ping_status":"open","sticky":false,"template":"","format":"standard","meta":{"footnotes":""},"categories":[9538,72,398,800,52,397,10174,327,392,396,393,395,394,399,10173,9548,9545,8957],"tags":[],"class_list":{"0":"post-135235","1":"post","2":"type-post","3":"status-publish","4":"format-standard","5":"has-post-thumbnail","7":"category-njemacka-dijaspora-gradovi-vase-vijesti","8":"category-novi-pazar","9":"category-rozaje","10":"category-nacija","11":"category-sjenica","12":"category-berane","13":"category-petnjica-vase-vijesti","14":"category-tutin","15":"category-prijepolje_","16":"category-bijelo_polje","17":"category-priboj","18":"category-pljevlja_","19":"category-nova-varos","20":"category-plav_","21":"category-gusinje-vase-vijesti","22":"category-belgija-dijaspora-gradovi-vase-vijesti","23":"category-holandija-dijaspora-gradovi-vase-vijesti","24":"category-vijesti-dana"},"yoast_head":"<!-- This site is optimized with the Yoast SEO Premium plugin v23.1 (Yoast SEO v24.9) - https:\/\/yoast.com\/wordpress\/plugins\/seo\/ -->\n<title>Obe\u0107ana podr\u0161ka osnivanju prekograni\u010dne regije Sand\u017eak iz Belgije, Njema\u010dke i Holandije<\/title>\n<meta name=\"robots\" content=\"index, follow, max-snippet:-1, max-image-preview:large, max-video-preview:-1\" \/>\n<link rel=\"canonical\" href=\"https:\/\/sandzakpress.net\/arhiva\/obecana-podrska-osnivanju-prekogranicne-regije-sandzak-iz-belgije-njemacke-i-holandije\/\" \/>\n<meta property=\"og:locale\" content=\"bs_BA\" \/>\n<meta property=\"og:type\" content=\"article\" \/>\n<meta property=\"og:title\" content=\"Obe\u0107ana podr\u0161ka osnivanju prekograni\u010dne regije Sand\u017eak iz Belgije, Njema\u010dke i Holandije\" \/>\n<meta property=\"og:description\" content=\"Sand\u017eak &#8211; Na nedavnom sastanku predstavnika euroregije Maas-Rhein sa predstavnicima HG Sand\u017eak Euroregio iz Ahena u belgijskom gradu Eupenu koji je i sjedi\u0161te EMR prekograni\u010dne regije unutar granica Njema\u010dke, Belgije i Holandije, obe\u0107ana je podr\u0161ka osnivanju prekograni\u010dne regije Sand\u017eaka na granici Crne Gore i Srbije! Osim podr\u0161ke od strane prekograni\u010dne regije EMR u Eupenu, projekat [&hellip;]\" \/>\n<meta property=\"og:url\" content=\"https:\/\/sandzakpress.net\/arhiva\/obecana-podrska-osnivanju-prekogranicne-regije-sandzak-iz-belgije-njemacke-i-holandije\/\" \/>\n<meta property=\"og:site_name\" content=\"Sand\u017eak PRESS\" \/>\n<meta property=\"article:published_time\" content=\"2015-08-31T12:27:12+00:00\" \/>\n<meta property=\"article:modified_time\" content=\"2015-08-31T12:41:45+00:00\" \/>\n<meta property=\"og:image\" content=\"https:\/\/sandzakpress.net\/arhiva\/wp-content\/uploads\/2015\/08\/10984288_712033675607222_6061478770111151632_n.png\" \/>\n\t<meta property=\"og:image:width\" content=\"700\" \/>\n\t<meta property=\"og:image:height\" content=\"586\" \/>\n\t<meta property=\"og:image:type\" content=\"image\/png\" \/>\n<meta name=\"author\" content=\"bosniak\" \/>\n<meta name=\"twitter:card\" content=\"summary_large_image\" \/>\n<meta name=\"twitter:label1\" content=\"Written by\" \/>\n\t<meta name=\"twitter:data1\" content=\"bosniak\" \/>\n\t<meta name=\"twitter:label2\" content=\"Est. reading time\" \/>\n\t<meta name=\"twitter:data2\" content=\"3 minute\" \/>\n<script type=\"application\/ld+json\" class=\"yoast-schema-graph\">{\"@context\":\"https:\/\/schema.org\",\"@graph\":[{\"@type\":\"Article\",\"@id\":\"https:\/\/sandzakpress.net\/arhiva\/obecana-podrska-osnivanju-prekogranicne-regije-sandzak-iz-belgije-njemacke-i-holandije\/#article\",\"isPartOf\":{\"@id\":\"https:\/\/sandzakpress.net\/arhiva\/obecana-podrska-osnivanju-prekogranicne-regije-sandzak-iz-belgije-njemacke-i-holandije\/\"},\"author\":{\"name\":\"bosniak\",\"@id\":\"https:\/\/sandzakpress.net\/arhiva\/#\/schema\/person\/c8baee722073534b583ea7bdb2e36c02\"},\"headline\":\"Obe\u0107ana podr\u0161ka osnivanju prekograni\u010dne regije Sand\u017eak iz Belgije, Njema\u010dke i Holandije\",\"datePublished\":\"2015-08-31T12:27:12+00:00\",\"dateModified\":\"2015-08-31T12:41:45+00:00\",\"mainEntityOfPage\":{\"@id\":\"https:\/\/sandzakpress.net\/arhiva\/obecana-podrska-osnivanju-prekogranicne-regije-sandzak-iz-belgije-njemacke-i-holandije\/\"},\"wordCount\":559,\"commentCount\":54,\"publisher\":{\"@id\":\"https:\/\/sandzakpress.net\/arhiva\/#\/schema\/person\/6e72b67d6e51910a1117b3b483ba20bd\"},\"image\":{\"@id\":\"https:\/\/sandzakpress.net\/arhiva\/obecana-podrska-osnivanju-prekogranicne-regije-sandzak-iz-belgije-njemacke-i-holandije\/#primaryimage\"},\"thumbnailUrl\":\"https:\/\/sandzakpress.net\/arhiva\/wp-content\/uploads\/2015\/08\/10984288_712033675607222_6061478770111151632_n.png\",\"articleSection\":[\"Njema\u010dka\",\"Novi Pazar\",\"Ro\u017eaje\",\"Nacija\",\"Sjenica\",\"Berane\",\"Petnjica\",\"Tutin\",\"Prijepolje\",\"Bijelo Polje\",\"Priboj\",\"Pljevlja\",\"Nova Varo\u0161\",\"Plav\",\"Gusinje\",\"Belgija\",\"Holandija\",\"VIJESTI DANA\"],\"inLanguage\":\"bs-BA\",\"potentialAction\":[{\"@type\":\"CommentAction\",\"name\":\"Comment\",\"target\":[\"https:\/\/sandzakpress.net\/arhiva\/obecana-podrska-osnivanju-prekogranicne-regije-sandzak-iz-belgije-njemacke-i-holandije\/#respond\"]}]},{\"@type\":\"WebPage\",\"@id\":\"https:\/\/sandzakpress.net\/arhiva\/obecana-podrska-osnivanju-prekogranicne-regije-sandzak-iz-belgije-njemacke-i-holandije\/\",\"url\":\"https:\/\/sandzakpress.net\/arhiva\/obecana-podrska-osnivanju-prekogranicne-regije-sandzak-iz-belgije-njemacke-i-holandije\/\",\"name\":\"Obe\u0107ana podr\u0161ka osnivanju prekograni\u010dne regije Sand\u017eak iz Belgije, Njema\u010dke i Holandije\",\"isPartOf\":{\"@id\":\"https:\/\/sandzakpress.net\/arhiva\/#website\"},\"primaryImageOfPage\":{\"@id\":\"https:\/\/sandzakpress.net\/arhiva\/obecana-podrska-osnivanju-prekogranicne-regije-sandzak-iz-belgije-njemacke-i-holandije\/#primaryimage\"},\"image\":{\"@id\":\"https:\/\/sandzakpress.net\/arhiva\/obecana-podrska-osnivanju-prekogranicne-regije-sandzak-iz-belgije-njemacke-i-holandije\/#primaryimage\"},\"thumbnailUrl\":\"https:\/\/sandzakpress.net\/arhiva\/wp-content\/uploads\/2015\/08\/10984288_712033675607222_6061478770111151632_n.png\",\"datePublished\":\"2015-08-31T12:27:12+00:00\",\"dateModified\":\"2015-08-31T12:41:45+00:00\",\"breadcrumb\":{\"@id\":\"https:\/\/sandzakpress.net\/arhiva\/obecana-podrska-osnivanju-prekogranicne-regije-sandzak-iz-belgije-njemacke-i-holandije\/#breadcrumb\"},\"inLanguage\":\"bs-BA\",\"potentialAction\":[{\"@type\":\"ReadAction\",\"target\":[\"https:\/\/sandzakpress.net\/arhiva\/obecana-podrska-osnivanju-prekogranicne-regije-sandzak-iz-belgije-njemacke-i-holandije\/\"]}]},{\"@type\":\"ImageObject\",\"inLanguage\":\"bs-BA\",\"@id\":\"https:\/\/sandzakpress.net\/arhiva\/obecana-podrska-osnivanju-prekogranicne-regije-sandzak-iz-belgije-njemacke-i-holandije\/#primaryimage\",\"url\":\"https:\/\/sandzakpress.net\/arhiva\/wp-content\/uploads\/2015\/08\/10984288_712033675607222_6061478770111151632_n.png\",\"contentUrl\":\"https:\/\/sandzakpress.net\/arhiva\/wp-content\/uploads\/2015\/08\/10984288_712033675607222_6061478770111151632_n.png\",\"width\":700,\"height\":586},{\"@type\":\"BreadcrumbList\",\"@id\":\"https:\/\/sandzakpress.net\/arhiva\/obecana-podrska-osnivanju-prekogranicne-regije-sandzak-iz-belgije-njemacke-i-holandije\/#breadcrumb\",\"itemListElement\":[{\"@type\":\"ListItem\",\"position\":1,\"name\":\"Home\",\"item\":\"https:\/\/sandzakpress.net\/arhiva\/\"},{\"@type\":\"ListItem\",\"position\":2,\"name\":\"Obe\u0107ana podr\u0161ka osnivanju prekograni\u010dne regije Sand\u017eak iz Belgije, Njema\u010dke i Holandije\"}]},{\"@type\":\"WebSite\",\"@id\":\"https:\/\/sandzakpress.net\/arhiva\/#website\",\"url\":\"https:\/\/sandzakpress.net\/arhiva\/\",\"name\":\"Sand\u017eak PRESS\",\"description\":\"Prve elektronske novine u Sand\u017eaku\",\"publisher\":{\"@id\":\"https:\/\/sandzakpress.net\/arhiva\/#\/schema\/person\/6e72b67d6e51910a1117b3b483ba20bd\"},\"potentialAction\":[{\"@type\":\"SearchAction\",\"target\":{\"@type\":\"EntryPoint\",\"urlTemplate\":\"https:\/\/sandzakpress.net\/arhiva\/?s={search_term_string}\"},\"query-input\":{\"@type\":\"PropertyValueSpecification\",\"valueRequired\":true,\"valueName\":\"search_term_string\"}}],\"inLanguage\":\"bs-BA\"},{\"@type\":[\"Person\",\"Organization\"],\"@id\":\"https:\/\/sandzakpress.net\/arhiva\/#\/schema\/person\/6e72b67d6e51910a1117b3b483ba20bd\",\"name\":\"Kul\",\"image\":{\"@type\":\"ImageObject\",\"inLanguage\":\"bs-BA\",\"@id\":\"https:\/\/sandzakpress.net\/arhiva\/#\/schema\/person\/image\/\",\"url\":\"https:\/\/secure.gravatar.com\/avatar\/42263f39aa27ac04c43cab85c280eb2e?s=96&d=mm&r=pg\",\"contentUrl\":\"https:\/\/secure.gravatar.com\/avatar\/42263f39aa27ac04c43cab85c280eb2e?s=96&d=mm&r=pg\",\"caption\":\"Kul\"},\"logo\":{\"@id\":\"https:\/\/sandzakpress.net\/arhiva\/#\/schema\/person\/image\/\"}},{\"@type\":\"Person\",\"@id\":\"https:\/\/sandzakpress.net\/arhiva\/#\/schema\/person\/c8baee722073534b583ea7bdb2e36c02\",\"name\":\"bosniak\",\"image\":{\"@type\":\"ImageObject\",\"inLanguage\":\"bs-BA\",\"@id\":\"https:\/\/sandzakpress.net\/arhiva\/#\/schema\/person\/image\/\",\"url\":\"https:\/\/secure.gravatar.com\/avatar\/a04fd330bfe3a36a72a0ad4a6d89fca7?s=96&d=mm&r=pg\",\"contentUrl\":\"https:\/\/secure.gravatar.com\/avatar\/a04fd330bfe3a36a72a0ad4a6d89fca7?s=96&d=mm&r=pg\",\"caption\":\"bosniak\"},\"url\":\"https:\/\/sandzakpress.net\/arhiva\/author\/bosniak\/\"}]}<\/script>\n<!-- \/ Yoast SEO Premium plugin. -->","yoast_head_json":{"title":"Obe\u0107ana podr\u0161ka osnivanju prekograni\u010dne regije Sand\u017eak iz Belgije, Njema\u010dke i Holandije","robots":{"index":"index","follow":"follow","max-snippet":"max-snippet:-1","max-image-preview":"max-image-preview:large","max-video-preview":"max-video-preview:-1"},"canonical":"https:\/\/sandzakpress.net\/arhiva\/obecana-podrska-osnivanju-prekogranicne-regije-sandzak-iz-belgije-njemacke-i-holandije\/","og_locale":"bs_BA","og_type":"article","og_title":"Obe\u0107ana podr\u0161ka osnivanju prekograni\u010dne regije Sand\u017eak iz Belgije, Njema\u010dke i Holandije","og_description":"Sand\u017eak &#8211; Na nedavnom sastanku predstavnika euroregije Maas-Rhein sa predstavnicima HG Sand\u017eak Euroregio iz Ahena u belgijskom gradu Eupenu koji je i sjedi\u0161te EMR prekograni\u010dne regije unutar granica Njema\u010dke, Belgije i Holandije, obe\u0107ana je podr\u0161ka osnivanju prekograni\u010dne regije Sand\u017eaka na granici Crne Gore i Srbije! Osim podr\u0161ke od strane prekograni\u010dne regije EMR u Eupenu, projekat [&hellip;]","og_url":"https:\/\/sandzakpress.net\/arhiva\/obecana-podrska-osnivanju-prekogranicne-regije-sandzak-iz-belgije-njemacke-i-holandije\/","og_site_name":"Sand\u017eak PRESS","article_published_time":"2015-08-31T12:27:12+00:00","article_modified_time":"2015-08-31T12:41:45+00:00","og_image":[{"width":700,"height":586,"url":"https:\/\/sandzakpress.net\/arhiva\/wp-content\/uploads\/2015\/08\/10984288_712033675607222_6061478770111151632_n.png","type":"image\/png"}],"author":"bosniak","twitter_card":"summary_large_image","twitter_misc":{"Written by":"bosniak","Est. reading time":"3 minute"},"schema":{"@context":"https:\/\/schema.org","@graph":[{"@type":"Article","@id":"https:\/\/sandzakpress.net\/arhiva\/obecana-podrska-osnivanju-prekogranicne-regije-sandzak-iz-belgije-njemacke-i-holandije\/#article","isPartOf":{"@id":"https:\/\/sandzakpress.net\/arhiva\/obecana-podrska-osnivanju-prekogranicne-regije-sandzak-iz-belgije-njemacke-i-holandije\/"},"author":{"name":"bosniak","@id":"https:\/\/sandzakpress.net\/arhiva\/#\/schema\/person\/c8baee722073534b583ea7bdb2e36c02"},"headline":"Obe\u0107ana podr\u0161ka osnivanju prekograni\u010dne regije Sand\u017eak iz Belgije, Njema\u010dke i Holandije","datePublished":"2015-08-31T12:27:12+00:00","dateModified":"2015-08-31T12:41:45+00:00","mainEntityOfPage":{"@id":"https:\/\/sandzakpress.net\/arhiva\/obecana-podrska-osnivanju-prekogranicne-regije-sandzak-iz-belgije-njemacke-i-holandije\/"},"wordCount":559,"commentCount":54,"publisher":{"@id":"https:\/\/sandzakpress.net\/arhiva\/#\/schema\/person\/6e72b67d6e51910a1117b3b483ba20bd"},"image":{"@id":"https:\/\/sandzakpress.net\/arhiva\/obecana-podrska-osnivanju-prekogranicne-regije-sandzak-iz-belgije-njemacke-i-holandije\/#primaryimage"},"thumbnailUrl":"https:\/\/sandzakpress.net\/arhiva\/wp-content\/uploads\/2015\/08\/10984288_712033675607222_6061478770111151632_n.png","articleSection":["Njema\u010dka","Novi Pazar","Ro\u017eaje","Nacija","Sjenica","Berane","Petnjica","Tutin","Prijepolje","Bijelo Polje","Priboj","Pljevlja","Nova Varo\u0161","Plav","Gusinje","Belgija","Holandija","VIJESTI DANA"],"inLanguage":"bs-BA","potentialAction":[{"@type":"CommentAction","name":"Comment","target":["https:\/\/sandzakpress.net\/arhiva\/obecana-podrska-osnivanju-prekogranicne-regije-sandzak-iz-belgije-njemacke-i-holandije\/#respond"]}]},{"@type":"WebPage","@id":"https:\/\/sandzakpress.net\/arhiva\/obecana-podrska-osnivanju-prekogranicne-regije-sandzak-iz-belgije-njemacke-i-holandije\/","url":"https:\/\/sandzakpress.net\/arhiva\/obecana-podrska-osnivanju-prekogranicne-regije-sandzak-iz-belgije-njemacke-i-holandije\/","name":"Obe\u0107ana podr\u0161ka osnivanju prekograni\u010dne regije Sand\u017eak iz Belgije, Njema\u010dke i Holandije","isPartOf":{"@id":"https:\/\/sandzakpress.net\/arhiva\/#website"},"primaryImageOfPage":{"@id":"https:\/\/sandzakpress.net\/arhiva\/obecana-podrska-osnivanju-prekogranicne-regije-sandzak-iz-belgije-njemacke-i-holandije\/#primaryimage"},"image":{"@id":"https:\/\/sandzakpress.net\/arhiva\/obecana-podrska-osnivanju-prekogranicne-regije-sandzak-iz-belgije-njemacke-i-holandije\/#primaryimage"},"thumbnailUrl":"https:\/\/sandzakpress.net\/arhiva\/wp-content\/uploads\/2015\/08\/10984288_712033675607222_6061478770111151632_n.png","datePublished":"2015-08-31T12:27:12+00:00","dateModified":"2015-08-31T12:41:45+00:00","breadcrumb":{"@id":"https:\/\/sandzakpress.net\/arhiva\/obecana-podrska-osnivanju-prekogranicne-regije-sandzak-iz-belgije-njemacke-i-holandije\/#breadcrumb"},"inLanguage":"bs-BA","potentialAction":[{"@type":"ReadAction","target":["https:\/\/sandzakpress.net\/arhiva\/obecana-podrska-osnivanju-prekogranicne-regije-sandzak-iz-belgije-njemacke-i-holandije\/"]}]},{"@type":"ImageObject","inLanguage":"bs-BA","@id":"https:\/\/sandzakpress.net\/arhiva\/obecana-podrska-osnivanju-prekogranicne-regije-sandzak-iz-belgije-njemacke-i-holandije\/#primaryimage","url":"https:\/\/sandzakpress.net\/arhiva\/wp-content\/uploads\/2015\/08\/10984288_712033675607222_6061478770111151632_n.png","contentUrl":"https:\/\/sandzakpress.net\/arhiva\/wp-content\/uploads\/2015\/08\/10984288_712033675607222_6061478770111151632_n.png","width":700,"height":586},{"@type":"BreadcrumbList","@id":"https:\/\/sandzakpress.net\/arhiva\/obecana-podrska-osnivanju-prekogranicne-regije-sandzak-iz-belgije-njemacke-i-holandije\/#breadcrumb","itemListElement":[{"@type":"ListItem","position":1,"name":"Home","item":"https:\/\/sandzakpress.net\/arhiva\/"},{"@type":"ListItem","position":2,"name":"Obe\u0107ana podr\u0161ka osnivanju prekograni\u010dne regije Sand\u017eak iz Belgije, Njema\u010dke i Holandije"}]},{"@type":"WebSite","@id":"https:\/\/sandzakpress.net\/arhiva\/#website","url":"https:\/\/sandzakpress.net\/arhiva\/","name":"Sand\u017eak PRESS","description":"Prve elektronske novine u Sand\u017eaku","publisher":{"@id":"https:\/\/sandzakpress.net\/arhiva\/#\/schema\/person\/6e72b67d6e51910a1117b3b483ba20bd"},"potentialAction":[{"@type":"SearchAction","target":{"@type":"EntryPoint","urlTemplate":"https:\/\/sandzakpress.net\/arhiva\/?s={search_term_string}"},"query-input":{"@type":"PropertyValueSpecification","valueRequired":true,"valueName":"search_term_string"}}],"inLanguage":"bs-BA"},{"@type":["Person","Organization"],"@id":"https:\/\/sandzakpress.net\/arhiva\/#\/schema\/person\/6e72b67d6e51910a1117b3b483ba20bd","name":"Kul","image":{"@type":"ImageObject","inLanguage":"bs-BA","@id":"https:\/\/sandzakpress.net\/arhiva\/#\/schema\/person\/image\/","url":"https:\/\/secure.gravatar.com\/avatar\/42263f39aa27ac04c43cab85c280eb2e?s=96&d=mm&r=pg","contentUrl":"https:\/\/secure.gravatar.com\/avatar\/42263f39aa27ac04c43cab85c280eb2e?s=96&d=mm&r=pg","caption":"Kul"},"logo":{"@id":"https:\/\/sandzakpress.net\/arhiva\/#\/schema\/person\/image\/"}},{"@type":"Person","@id":"https:\/\/sandzakpress.net\/arhiva\/#\/schema\/person\/c8baee722073534b583ea7bdb2e36c02","name":"bosniak","image":{"@type":"ImageObject","inLanguage":"bs-BA","@id":"https:\/\/sandzakpress.net\/arhiva\/#\/schema\/person\/image\/","url":"https:\/\/secure.gravatar.com\/avatar\/a04fd330bfe3a36a72a0ad4a6d89fca7?s=96&d=mm&r=pg","contentUrl":"https:\/\/secure.gravatar.com\/avatar\/a04fd330bfe3a36a72a0ad4a6d89fca7?s=96&d=mm&r=pg","caption":"bosniak"},"url":"https:\/\/sandzakpress.net\/arhiva\/author\/bosniak\/"}]}},"_links":{"self":[{"href":"https:\/\/sandzakpress.net\/arhiva\/wp-json\/wp\/v2\/posts\/135235"}],"collection":[{"href":"https:\/\/sandzakpress.net\/arhiva\/wp-json\/wp\/v2\/posts"}],"about":[{"href":"https:\/\/sandzakpress.net\/arhiva\/wp-json\/wp\/v2\/types\/post"}],"author":[{"embeddable":true,"href":"https:\/\/sandzakpress.net\/arhiva\/wp-json\/wp\/v2\/users\/83"}],"replies":[{"embeddable":true,"href":"https:\/\/sandzakpress.net\/arhiva\/wp-json\/wp\/v2\/comments?post=135235"}],"version-history":[{"count":0,"href":"https:\/\/sandzakpress.net\/arhiva\/wp-json\/wp\/v2\/posts\/135235\/revisions"}],"wp:featuredmedia":[{"embeddable":true,"href":"https:\/\/sandzakpress.net\/arhiva\/wp-json\/wp\/v2\/media\/135236"}],"wp:attachment":[{"href":"https:\/\/sandzakpress.net\/arhiva\/wp-json\/wp\/v2\/media?parent=135235"}],"wp:term":[{"taxonomy":"category","embeddable":true,"href":"https:\/\/sandzakpress.net\/arhiva\/wp-json\/wp\/v2\/categories?post=135235"},{"taxonomy":"post_tag","embeddable":true,"href":"https:\/\/sandzakpress.net\/arhiva\/wp-json\/wp\/v2\/tags?post=135235"}],"curies":[{"name":"wp","href":"https:\/\/api.w.org\/{rel}","templated":true}]}}