{"id":135111,"date":"2015-08-29T11:58:55","date_gmt":"2015-08-29T09:58:55","guid":{"rendered":"https:\/\/sandzakpress.net\/arhiva\/amela-tuku-docekalo-vise-od-6-000-zenicana"},"modified":"2015-08-29T11:58:55","modified_gmt":"2015-08-29T09:58:55","slug":"amela-tuku-docekalo-vise-od-6-000-zenicana","status":"publish","type":"post","link":"https:\/\/sandzakpress.net\/arhiva\/amela-tuku-docekalo-vise-od-6-000-zenicana\/","title":{"rendered":"Amela Tuku do\u010dekalo vi\u0161e od 6.000 Zeni\u010dana"},"content":{"rendered":"<p><img decoding=\"async\" src=\"http:\/\/www.trt.net.tr\/bosanski\/fotograf\/haberler\/detay\/amela-tuku-doekalo-vie-od-6000-zeniana_trt-bosanski-51318.jpg\" alt=\"amela-tuku-doekalo-vie-od-6000-zeniana\" \/><\/p>\n<p><strong>Zenica \u2013 Oko \u0161est hiljada ljudi prisustvovalo je sve\u010danom do\u010deku za najboljeg bosanskohercegova\u010dkog atleti\u010dara Amela Tuku, koji se sino\u0107 vratio u Bosnu i Hercegovinu sa Svjetskog prvenstva u Pekingu gdje je osvojio bronzanu medalju u trci na 800 metara.<\/strong><\/p>\n<p>Sve\u010dani do\u010dek organizovao je Atletski klub \u201eZenica\u201c u saradnji sa JP za upravljanje i odr\u017eavanje sportskih objekata te Gradom Zenica na atletskom stadionu Kamberovi\u0107a polje u Zenici.<\/p>\n<p>Amel Tuka stigao je u Sarajevo oko 19 sati, gdje je uprili\u010dena konferencija za novinare na Me\u0111unarodnom aerodromu, nakon \u010dega se uputio prema svom drugom domu, atletskom stadionu u Zenici gdje je napravio svoje prve korake u ovom sportu.<\/p>\n<p>Amel je nakon dolaska na teren atletskog stadiona u Zenici istr\u010dao po\u010dasni krug, kako bi pozdravio prisutne, koji su mu upu\u0107ivali gromoglasne aplauze izvikuju\u0107i njegovo ime. Potom se uputio prema pozornici.<\/p>\n<p>Obra\u0107anje je po\u010deo rije\u010dima kako je medalja koju je osvojio, ne samo njegova, nego i medalja svih ljudi Bosne i Hercegovine.<\/p>\n<p>\u201eHvala vam na svemu, Bosanci i Hercegovci. Ja vam se od srca zahvaljujem na svemu \u0161to radite za mene, \u0161to ste mi pru\u017eili veliku podr\u0161ku, zbog toga sam i osvojio medalju, to je ono \u0161to mi je bilo potrebno\u201c, rekao je Tuka.<\/p>\n<p>Amel Tuka se zahvalio svima na podr\u0161ci, kao i sugra\u0111anima koji su redovno pratili njegove utrke i navijali, a posebno se zahvalio svojim roditeljima.<\/p>\n<p>Prethodno su se obratili Amelove klupske kolege i predstavnici kluba u kojem trenira koji su poru\u010dili da je Amel, ne samo dobar sportista, nego i \u010dovjek i prijatelj.<\/p>\n<p>Hamza Ali\u0107, Amelov klupski i kolega iz reprezentacije BiH u atletici, rekao je kako je Amel prije svega dobar prijatelj i \u010dovjek i odli\u010dan sportista.<\/p>\n<p>\u201eOn je, prije svega, veliki \u010dovjek, sva\u0161ta smo pro\u0161li kroz ovih nekoliko godina. Kada je on do\u0161ao, bio je dje\u010dak, a ja sam bio ve\u0107 u najboljim godinama. Niko nikada nije o\u010dekivao da \u0107e napraviti ovakve rezultate, znali smo da je talenat, ali da \u0107e napraviti ovakve rezultate, niko nije o\u010dekivao da \u0107e ovako uspjeti\u201c, rekao je Ali\u0107.<\/p>\n<p>Dodao je kako je Amel stigao do sasvim novog nivoa i da je tre\u0107i najbr\u017ei bijelac na svijetu koji je istr\u010dao vrijeme 1:42:51 u utrci na 800 metara. Ali\u0107 je rekao kako Argentina ima Messija, Srbija \u0110okovi\u0107a, a Bosna i Hercegovina Amela Tuku.<\/p>\n<p>Suad Kaknjo, predsjednik Atletskog saveza BiH, rekao je kako \u0107e atletske pri\u010de pri\u010dati uspje\u0161ni bh. atleti\u010dari.<\/p>\n<p>\u201eAtletski stadion na Kamberovi\u0107a polju ve\u0107 desetlje\u0107ima gleda uspjehe ljudi koji su ovdje trenirali. Ja ne\u0107u govoriti o desetlje\u0107ima, nego o 2007. godini kada je ovaj stadion dobio novo ruho, a tada je zapo\u010dela najmodernija pri\u010da zeni\u010dke atletike, \u0161to je izrodilo velike uspjehe Amela Tuke, Hamze Ali\u0107a, Dejana Mileusni\u0107a, Mesuda Pezera, svi su oni postigli zapa\u017eene rezultate\u201c, rekao je Kaknjo.<\/p>\n<p>Na kraju zvani\u010dnog programa uslijedio je vatromet i pjesma, a i sam Amel Tuka zapjevao je sa okupljenima na stadionu u Zenici.<\/p>\n<p>Podsjetimo, Amel Tuka osvojio je tre\u0107e mjesto u utrci na 800 metara na Svjetskom prvenstvu u Pekingu sa vremenom 1:46:30, osvojiv\u0161i bronzanu medalju, prvu medalju za Bosnu i Hercegovinu na svjetskim prvenstvima u atletici.<\/p>\n<p>(Anadolu Agency)<\/p>\n<p>Pogledajte vijest na izvornom sajtu:<\/p>\n<p><a href=\"http:\/\/bosnapress.net\/amela-tuku-docekalo-vise-od-6-000-zenicana\/\" target=\"_blank\">Amela Tuku do\u010dekalo vi\u0161e od 6.000 Zeni\u010dana<\/a><\/p>\n","protected":false},"excerpt":{"rendered":"<p>Zenica \u2013 Oko \u0161est hiljada ljudi prisustvovalo je sve\u010danom do\u010deku za najboljeg bosanskohercegova\u010dkog atleti\u010dara Amela Tuku, koji se sino\u0107 vratio u Bosnu i Hercegovinu sa Svjetskog prvenstva u Pekingu gdje je osvojio bronzanu medalju u trci na 800 metara. Sve\u010dani do\u010dek organizovao je Atletski klub \u201eZenica\u201c u saradnji sa JP za upravljanje i odr\u017eavanje sportskih [&hellip;]<\/p>\n","protected":false},"author":83,"featured_media":135113,"comment_status":"open","ping_status":"open","sticky":false,"template":"","format":"standard","meta":{"footnotes":""},"categories":[10513],"tags":[10466],"class_list":{"0":"post-135111","1":"post","2":"type-post","3":"status-publish","4":"format-standard","5":"has-post-thumbnail","7":"category-bosna-press","8":"tag-bosna-i-hercegovina"},"yoast_head":"<!-- This site is optimized with the Yoast SEO Premium plugin v23.1 (Yoast SEO v24.9) - https:\/\/yoast.com\/wordpress\/plugins\/seo\/ -->\n<title>Amela Tuku do\u010dekalo vi\u0161e od 6.000 Zeni\u010dana<\/title>\n<meta name=\"robots\" content=\"index, follow, max-snippet:-1, max-image-preview:large, max-video-preview:-1\" \/>\n<link rel=\"canonical\" href=\"https:\/\/sandzakpress.net\/arhiva\/amela-tuku-docekalo-vise-od-6-000-zenicana\/\" \/>\n<meta property=\"og:locale\" content=\"bs_BA\" \/>\n<meta property=\"og:type\" content=\"article\" \/>\n<meta property=\"og:title\" content=\"Amela Tuku do\u010dekalo vi\u0161e od 6.000 Zeni\u010dana\" \/>\n<meta property=\"og:description\" content=\"Zenica \u2013 Oko \u0161est hiljada ljudi prisustvovalo je sve\u010danom do\u010deku za najboljeg bosanskohercegova\u010dkog atleti\u010dara Amela Tuku, koji se sino\u0107 vratio u Bosnu i Hercegovinu sa Svjetskog prvenstva u Pekingu gdje je osvojio bronzanu medalju u trci na 800 metara. Sve\u010dani do\u010dek organizovao je Atletski klub \u201eZenica\u201c u saradnji sa JP za upravljanje i odr\u017eavanje sportskih [&hellip;]\" \/>\n<meta property=\"og:url\" content=\"https:\/\/sandzakpress.net\/arhiva\/amela-tuku-docekalo-vise-od-6-000-zenicana\/\" \/>\n<meta property=\"og:site_name\" content=\"Sand\u017eak PRESS\" \/>\n<meta property=\"article:published_time\" content=\"2015-08-29T09:58:55+00:00\" \/>\n<meta property=\"og:image\" content=\"https:\/\/sandzakpress.net\/arhiva\/wp-content\/uploads\/2015\/08\/amela-tuku-doekalo-vie-od-6000-zeniana_trt-bosanski-51318.png\" \/>\n\t<meta property=\"og:image:width\" content=\"600\" \/>\n\t<meta property=\"og:image:height\" content=\"363\" \/>\n\t<meta property=\"og:image:type\" content=\"image\/png\" \/>\n<meta name=\"author\" content=\"bosniak\" \/>\n<meta name=\"twitter:card\" content=\"summary_large_image\" \/>\n<meta name=\"twitter:label1\" content=\"Written by\" \/>\n\t<meta name=\"twitter:data1\" content=\"bosniak\" \/>\n\t<meta name=\"twitter:label2\" content=\"Est. reading time\" \/>\n\t<meta name=\"twitter:data2\" content=\"3 minute\" \/>\n<script type=\"application\/ld+json\" class=\"yoast-schema-graph\">{\"@context\":\"https:\/\/schema.org\",\"@graph\":[{\"@type\":\"Article\",\"@id\":\"https:\/\/sandzakpress.net\/arhiva\/amela-tuku-docekalo-vise-od-6-000-zenicana\/#article\",\"isPartOf\":{\"@id\":\"https:\/\/sandzakpress.net\/arhiva\/amela-tuku-docekalo-vise-od-6-000-zenicana\/\"},\"author\":{\"name\":\"bosniak\",\"@id\":\"https:\/\/sandzakpress.net\/arhiva\/#\/schema\/person\/c8baee722073534b583ea7bdb2e36c02\"},\"headline\":\"Amela Tuku do\u010dekalo vi\u0161e od 6.000 Zeni\u010dana\",\"datePublished\":\"2015-08-29T09:58:55+00:00\",\"mainEntityOfPage\":{\"@id\":\"https:\/\/sandzakpress.net\/arhiva\/amela-tuku-docekalo-vise-od-6-000-zenicana\/\"},\"wordCount\":576,\"commentCount\":3,\"publisher\":{\"@id\":\"https:\/\/sandzakpress.net\/arhiva\/#\/schema\/person\/6e72b67d6e51910a1117b3b483ba20bd\"},\"image\":{\"@id\":\"https:\/\/sandzakpress.net\/arhiva\/amela-tuku-docekalo-vise-od-6-000-zenicana\/#primaryimage\"},\"thumbnailUrl\":\"https:\/\/sandzakpress.net\/arhiva\/wp-content\/uploads\/2015\/08\/amela-tuku-doekalo-vie-od-6000-zeniana_trt-bosanski-51318.png\",\"keywords\":[\"Bosna i Hercegovina\"],\"articleSection\":[\"Bosna PRESS\"],\"inLanguage\":\"bs-BA\",\"potentialAction\":[{\"@type\":\"CommentAction\",\"name\":\"Comment\",\"target\":[\"https:\/\/sandzakpress.net\/arhiva\/amela-tuku-docekalo-vise-od-6-000-zenicana\/#respond\"]}]},{\"@type\":\"WebPage\",\"@id\":\"https:\/\/sandzakpress.net\/arhiva\/amela-tuku-docekalo-vise-od-6-000-zenicana\/\",\"url\":\"https:\/\/sandzakpress.net\/arhiva\/amela-tuku-docekalo-vise-od-6-000-zenicana\/\",\"name\":\"Amela Tuku do\u010dekalo vi\u0161e od 6.000 Zeni\u010dana\",\"isPartOf\":{\"@id\":\"https:\/\/sandzakpress.net\/arhiva\/#website\"},\"primaryImageOfPage\":{\"@id\":\"https:\/\/sandzakpress.net\/arhiva\/amela-tuku-docekalo-vise-od-6-000-zenicana\/#primaryimage\"},\"image\":{\"@id\":\"https:\/\/sandzakpress.net\/arhiva\/amela-tuku-docekalo-vise-od-6-000-zenicana\/#primaryimage\"},\"thumbnailUrl\":\"https:\/\/sandzakpress.net\/arhiva\/wp-content\/uploads\/2015\/08\/amela-tuku-doekalo-vie-od-6000-zeniana_trt-bosanski-51318.png\",\"datePublished\":\"2015-08-29T09:58:55+00:00\",\"breadcrumb\":{\"@id\":\"https:\/\/sandzakpress.net\/arhiva\/amela-tuku-docekalo-vise-od-6-000-zenicana\/#breadcrumb\"},\"inLanguage\":\"bs-BA\",\"potentialAction\":[{\"@type\":\"ReadAction\",\"target\":[\"https:\/\/sandzakpress.net\/arhiva\/amela-tuku-docekalo-vise-od-6-000-zenicana\/\"]}]},{\"@type\":\"ImageObject\",\"inLanguage\":\"bs-BA\",\"@id\":\"https:\/\/sandzakpress.net\/arhiva\/amela-tuku-docekalo-vise-od-6-000-zenicana\/#primaryimage\",\"url\":\"https:\/\/sandzakpress.net\/arhiva\/wp-content\/uploads\/2015\/08\/amela-tuku-doekalo-vie-od-6000-zeniana_trt-bosanski-51318.png\",\"contentUrl\":\"https:\/\/sandzakpress.net\/arhiva\/wp-content\/uploads\/2015\/08\/amela-tuku-doekalo-vie-od-6000-zeniana_trt-bosanski-51318.png\",\"width\":600,\"height\":363},{\"@type\":\"BreadcrumbList\",\"@id\":\"https:\/\/sandzakpress.net\/arhiva\/amela-tuku-docekalo-vise-od-6-000-zenicana\/#breadcrumb\",\"itemListElement\":[{\"@type\":\"ListItem\",\"position\":1,\"name\":\"Home\",\"item\":\"https:\/\/sandzakpress.net\/arhiva\/\"},{\"@type\":\"ListItem\",\"position\":2,\"name\":\"Amela Tuku do\u010dekalo vi\u0161e od 6.000 Zeni\u010dana\"}]},{\"@type\":\"WebSite\",\"@id\":\"https:\/\/sandzakpress.net\/arhiva\/#website\",\"url\":\"https:\/\/sandzakpress.net\/arhiva\/\",\"name\":\"Sand\u017eak PRESS\",\"description\":\"Prve elektronske novine u Sand\u017eaku\",\"publisher\":{\"@id\":\"https:\/\/sandzakpress.net\/arhiva\/#\/schema\/person\/6e72b67d6e51910a1117b3b483ba20bd\"},\"potentialAction\":[{\"@type\":\"SearchAction\",\"target\":{\"@type\":\"EntryPoint\",\"urlTemplate\":\"https:\/\/sandzakpress.net\/arhiva\/?s={search_term_string}\"},\"query-input\":{\"@type\":\"PropertyValueSpecification\",\"valueRequired\":true,\"valueName\":\"search_term_string\"}}],\"inLanguage\":\"bs-BA\"},{\"@type\":[\"Person\",\"Organization\"],\"@id\":\"https:\/\/sandzakpress.net\/arhiva\/#\/schema\/person\/6e72b67d6e51910a1117b3b483ba20bd\",\"name\":\"Kul\",\"image\":{\"@type\":\"ImageObject\",\"inLanguage\":\"bs-BA\",\"@id\":\"https:\/\/sandzakpress.net\/arhiva\/#\/schema\/person\/image\/\",\"url\":\"https:\/\/secure.gravatar.com\/avatar\/42263f39aa27ac04c43cab85c280eb2e?s=96&d=mm&r=pg\",\"contentUrl\":\"https:\/\/secure.gravatar.com\/avatar\/42263f39aa27ac04c43cab85c280eb2e?s=96&d=mm&r=pg\",\"caption\":\"Kul\"},\"logo\":{\"@id\":\"https:\/\/sandzakpress.net\/arhiva\/#\/schema\/person\/image\/\"}},{\"@type\":\"Person\",\"@id\":\"https:\/\/sandzakpress.net\/arhiva\/#\/schema\/person\/c8baee722073534b583ea7bdb2e36c02\",\"name\":\"bosniak\",\"image\":{\"@type\":\"ImageObject\",\"inLanguage\":\"bs-BA\",\"@id\":\"https:\/\/sandzakpress.net\/arhiva\/#\/schema\/person\/image\/\",\"url\":\"https:\/\/secure.gravatar.com\/avatar\/a04fd330bfe3a36a72a0ad4a6d89fca7?s=96&d=mm&r=pg\",\"contentUrl\":\"https:\/\/secure.gravatar.com\/avatar\/a04fd330bfe3a36a72a0ad4a6d89fca7?s=96&d=mm&r=pg\",\"caption\":\"bosniak\"},\"url\":\"https:\/\/sandzakpress.net\/arhiva\/author\/bosniak\/\"}]}<\/script>\n<!-- \/ Yoast SEO Premium plugin. -->","yoast_head_json":{"title":"Amela Tuku do\u010dekalo vi\u0161e od 6.000 Zeni\u010dana","robots":{"index":"index","follow":"follow","max-snippet":"max-snippet:-1","max-image-preview":"max-image-preview:large","max-video-preview":"max-video-preview:-1"},"canonical":"https:\/\/sandzakpress.net\/arhiva\/amela-tuku-docekalo-vise-od-6-000-zenicana\/","og_locale":"bs_BA","og_type":"article","og_title":"Amela Tuku do\u010dekalo vi\u0161e od 6.000 Zeni\u010dana","og_description":"Zenica \u2013 Oko \u0161est hiljada ljudi prisustvovalo je sve\u010danom do\u010deku za najboljeg bosanskohercegova\u010dkog atleti\u010dara Amela Tuku, koji se sino\u0107 vratio u Bosnu i Hercegovinu sa Svjetskog prvenstva u Pekingu gdje je osvojio bronzanu medalju u trci na 800 metara. Sve\u010dani do\u010dek organizovao je Atletski klub \u201eZenica\u201c u saradnji sa JP za upravljanje i odr\u017eavanje sportskih [&hellip;]","og_url":"https:\/\/sandzakpress.net\/arhiva\/amela-tuku-docekalo-vise-od-6-000-zenicana\/","og_site_name":"Sand\u017eak PRESS","article_published_time":"2015-08-29T09:58:55+00:00","og_image":[{"width":600,"height":363,"url":"https:\/\/sandzakpress.net\/arhiva\/wp-content\/uploads\/2015\/08\/amela-tuku-doekalo-vie-od-6000-zeniana_trt-bosanski-51318.png","type":"image\/png"}],"author":"bosniak","twitter_card":"summary_large_image","twitter_misc":{"Written by":"bosniak","Est. reading time":"3 minute"},"schema":{"@context":"https:\/\/schema.org","@graph":[{"@type":"Article","@id":"https:\/\/sandzakpress.net\/arhiva\/amela-tuku-docekalo-vise-od-6-000-zenicana\/#article","isPartOf":{"@id":"https:\/\/sandzakpress.net\/arhiva\/amela-tuku-docekalo-vise-od-6-000-zenicana\/"},"author":{"name":"bosniak","@id":"https:\/\/sandzakpress.net\/arhiva\/#\/schema\/person\/c8baee722073534b583ea7bdb2e36c02"},"headline":"Amela Tuku do\u010dekalo vi\u0161e od 6.000 Zeni\u010dana","datePublished":"2015-08-29T09:58:55+00:00","mainEntityOfPage":{"@id":"https:\/\/sandzakpress.net\/arhiva\/amela-tuku-docekalo-vise-od-6-000-zenicana\/"},"wordCount":576,"commentCount":3,"publisher":{"@id":"https:\/\/sandzakpress.net\/arhiva\/#\/schema\/person\/6e72b67d6e51910a1117b3b483ba20bd"},"image":{"@id":"https:\/\/sandzakpress.net\/arhiva\/amela-tuku-docekalo-vise-od-6-000-zenicana\/#primaryimage"},"thumbnailUrl":"https:\/\/sandzakpress.net\/arhiva\/wp-content\/uploads\/2015\/08\/amela-tuku-doekalo-vie-od-6000-zeniana_trt-bosanski-51318.png","keywords":["Bosna i Hercegovina"],"articleSection":["Bosna PRESS"],"inLanguage":"bs-BA","potentialAction":[{"@type":"CommentAction","name":"Comment","target":["https:\/\/sandzakpress.net\/arhiva\/amela-tuku-docekalo-vise-od-6-000-zenicana\/#respond"]}]},{"@type":"WebPage","@id":"https:\/\/sandzakpress.net\/arhiva\/amela-tuku-docekalo-vise-od-6-000-zenicana\/","url":"https:\/\/sandzakpress.net\/arhiva\/amela-tuku-docekalo-vise-od-6-000-zenicana\/","name":"Amela Tuku do\u010dekalo vi\u0161e od 6.000 Zeni\u010dana","isPartOf":{"@id":"https:\/\/sandzakpress.net\/arhiva\/#website"},"primaryImageOfPage":{"@id":"https:\/\/sandzakpress.net\/arhiva\/amela-tuku-docekalo-vise-od-6-000-zenicana\/#primaryimage"},"image":{"@id":"https:\/\/sandzakpress.net\/arhiva\/amela-tuku-docekalo-vise-od-6-000-zenicana\/#primaryimage"},"thumbnailUrl":"https:\/\/sandzakpress.net\/arhiva\/wp-content\/uploads\/2015\/08\/amela-tuku-doekalo-vie-od-6000-zeniana_trt-bosanski-51318.png","datePublished":"2015-08-29T09:58:55+00:00","breadcrumb":{"@id":"https:\/\/sandzakpress.net\/arhiva\/amela-tuku-docekalo-vise-od-6-000-zenicana\/#breadcrumb"},"inLanguage":"bs-BA","potentialAction":[{"@type":"ReadAction","target":["https:\/\/sandzakpress.net\/arhiva\/amela-tuku-docekalo-vise-od-6-000-zenicana\/"]}]},{"@type":"ImageObject","inLanguage":"bs-BA","@id":"https:\/\/sandzakpress.net\/arhiva\/amela-tuku-docekalo-vise-od-6-000-zenicana\/#primaryimage","url":"https:\/\/sandzakpress.net\/arhiva\/wp-content\/uploads\/2015\/08\/amela-tuku-doekalo-vie-od-6000-zeniana_trt-bosanski-51318.png","contentUrl":"https:\/\/sandzakpress.net\/arhiva\/wp-content\/uploads\/2015\/08\/amela-tuku-doekalo-vie-od-6000-zeniana_trt-bosanski-51318.png","width":600,"height":363},{"@type":"BreadcrumbList","@id":"https:\/\/sandzakpress.net\/arhiva\/amela-tuku-docekalo-vise-od-6-000-zenicana\/#breadcrumb","itemListElement":[{"@type":"ListItem","position":1,"name":"Home","item":"https:\/\/sandzakpress.net\/arhiva\/"},{"@type":"ListItem","position":2,"name":"Amela Tuku do\u010dekalo vi\u0161e od 6.000 Zeni\u010dana"}]},{"@type":"WebSite","@id":"https:\/\/sandzakpress.net\/arhiva\/#website","url":"https:\/\/sandzakpress.net\/arhiva\/","name":"Sand\u017eak PRESS","description":"Prve elektronske novine u Sand\u017eaku","publisher":{"@id":"https:\/\/sandzakpress.net\/arhiva\/#\/schema\/person\/6e72b67d6e51910a1117b3b483ba20bd"},"potentialAction":[{"@type":"SearchAction","target":{"@type":"EntryPoint","urlTemplate":"https:\/\/sandzakpress.net\/arhiva\/?s={search_term_string}"},"query-input":{"@type":"PropertyValueSpecification","valueRequired":true,"valueName":"search_term_string"}}],"inLanguage":"bs-BA"},{"@type":["Person","Organization"],"@id":"https:\/\/sandzakpress.net\/arhiva\/#\/schema\/person\/6e72b67d6e51910a1117b3b483ba20bd","name":"Kul","image":{"@type":"ImageObject","inLanguage":"bs-BA","@id":"https:\/\/sandzakpress.net\/arhiva\/#\/schema\/person\/image\/","url":"https:\/\/secure.gravatar.com\/avatar\/42263f39aa27ac04c43cab85c280eb2e?s=96&d=mm&r=pg","contentUrl":"https:\/\/secure.gravatar.com\/avatar\/42263f39aa27ac04c43cab85c280eb2e?s=96&d=mm&r=pg","caption":"Kul"},"logo":{"@id":"https:\/\/sandzakpress.net\/arhiva\/#\/schema\/person\/image\/"}},{"@type":"Person","@id":"https:\/\/sandzakpress.net\/arhiva\/#\/schema\/person\/c8baee722073534b583ea7bdb2e36c02","name":"bosniak","image":{"@type":"ImageObject","inLanguage":"bs-BA","@id":"https:\/\/sandzakpress.net\/arhiva\/#\/schema\/person\/image\/","url":"https:\/\/secure.gravatar.com\/avatar\/a04fd330bfe3a36a72a0ad4a6d89fca7?s=96&d=mm&r=pg","contentUrl":"https:\/\/secure.gravatar.com\/avatar\/a04fd330bfe3a36a72a0ad4a6d89fca7?s=96&d=mm&r=pg","caption":"bosniak"},"url":"https:\/\/sandzakpress.net\/arhiva\/author\/bosniak\/"}]}},"_links":{"self":[{"href":"https:\/\/sandzakpress.net\/arhiva\/wp-json\/wp\/v2\/posts\/135111"}],"collection":[{"href":"https:\/\/sandzakpress.net\/arhiva\/wp-json\/wp\/v2\/posts"}],"about":[{"href":"https:\/\/sandzakpress.net\/arhiva\/wp-json\/wp\/v2\/types\/post"}],"author":[{"embeddable":true,"href":"https:\/\/sandzakpress.net\/arhiva\/wp-json\/wp\/v2\/users\/83"}],"replies":[{"embeddable":true,"href":"https:\/\/sandzakpress.net\/arhiva\/wp-json\/wp\/v2\/comments?post=135111"}],"version-history":[{"count":0,"href":"https:\/\/sandzakpress.net\/arhiva\/wp-json\/wp\/v2\/posts\/135111\/revisions"}],"wp:featuredmedia":[{"embeddable":true,"href":"https:\/\/sandzakpress.net\/arhiva\/wp-json\/wp\/v2\/media\/135113"}],"wp:attachment":[{"href":"https:\/\/sandzakpress.net\/arhiva\/wp-json\/wp\/v2\/media?parent=135111"}],"wp:term":[{"taxonomy":"category","embeddable":true,"href":"https:\/\/sandzakpress.net\/arhiva\/wp-json\/wp\/v2\/categories?post=135111"},{"taxonomy":"post_tag","embeddable":true,"href":"https:\/\/sandzakpress.net\/arhiva\/wp-json\/wp\/v2\/tags?post=135111"}],"curies":[{"name":"wp","href":"https:\/\/api.w.org\/{rel}","templated":true}]}}