{"id":13510,"date":"2011-03-07T17:56:29","date_gmt":"2011-03-07T16:56:29","guid":{"rendered":"https:\/\/sandzakpress.net\/arhiva\/?p=13510"},"modified":"2011-03-07T17:56:29","modified_gmt":"2011-03-07T16:56:29","slug":"aida-corovic-i-nevladin-sektor","status":"publish","type":"post","link":"https:\/\/sandzakpress.net\/arhiva\/aida-corovic-i-nevladin-sektor\/","title":{"rendered":"Aida \u0106orovi\u0107 i (ne)vladin sektor"},"content":{"rendered":"<p><a href=\"https:\/\/sandzakpress.net\/arhiva\/wp-content\/uploads\/2011\/03\/aida-corovic-i-ishak-slezovic.jpg\"><img loading=\"lazy\" decoding=\"async\" class=\"aligncenter size-full wp-image-13511\" title=\"aida corovic i ishak slezovic\" src=\"https:\/\/sandzakpress.net\/arhiva\/wp-content\/uploads\/2011\/03\/aida-corovic-i-ishak-slezovic.jpg\" alt=\"\" width=\"616\" height=\"287\" \/><\/a><\/p>\n<p><strong>Aida \u0106orovi\u0107, direktorica je nevladine organizacije &#8220;Urban-in&#8221; iz Novoga Pazara. Povijest ove organizacije se\u017ee jo\u0161 u 90-e godine pro\u0161loga stolje\u0107a, kada je prili\u010dno agresivno nastojala organizirati civilni nevladin sektor u Sand\u017eaku. Ovo je jedina autenti\u010dna sand\u017ea\u010dka organizacija civilnoga nevladinog sektora, jer su sve ostale u stvari ispostave ostalih, kakvi su Fond za humanitarno pravo, Helsinski odbor za ljudska prava, Sand\u017ea\u010dki odbor za ljudska prava i mnogi drugi, kojima je Sand\u017eak bio, a i danas je, u fokusu razvoja civilnoga dru\u0161tva, uklju\u010duju\u0107i i one iz Europe i SAD-a, kakvi su Mercy Corps, FAO, Human Rights Watch, i nekoliko drugih.<\/strong><\/p>\n<p>Upravo ta Aidina agresivnost, ali i uspje\u0161nost dokaz su postojanja civilnoga dru\u0161tva me\u0111u Bo\u0161njacima Sand\u017eaka, ali i gra\u0111anske orijentacije. Da Bo\u0161njaci nemaju u sebi taj kapacitet, Urban-in nikada i ne bi do\u0161ao do takvoga zna\u010daja,kakav je imao u kriznim godinama srbijanske agresije unaokolo.<\/p>\n<p>Urban-in je direktna paradigma nepostojanja jednoumlja u Sand\u017eaku, od pada komunista, koja\u00a0 nije jedina. U Sand\u017eaku djeluje SDP Rasima Ljaji\u0107a, i SDA Sand\u017eaka Sulejmana Ugljanina, koje su poznate samo zato jer su njihovi predsjednici u javnoj politi\u010dkoj sceni Srbije. Me\u0111utim, tu se politi\u010dka paleta ne zaustavlja, jer u Sand\u017eaku djeluje i mnogo drugih politi\u010dkih partija koje ne participiraju niti u dr\u017eavnoj niti u lokalnoj vlasti, ali postoje-Bo\u0161njacka demokratska zajednica, Liberalno-bo\u0161nja\u010dka organizacija acc.prof.dr.sci. Muhameda Filipovi\u0107a, Narodni pokret Sand\u017eaka, Socijal-demokratska partija Sand\u017eaka. U svakom sand\u017eackom gradu, postoji po nekoliko nevladinih organizacija, kao promotera civilnoga dru\u0161tva-Urban-in je samo u najve\u0107em gradu Sand\u017eaka, i \u00a0o njoj i najvi\u0161e zna. Tako da ovo pokazuje da Sand\u017eaku ne postoji jednoumlje.<\/p>\n<p>Procesi koji se trenutno u Sand\u017eaku de\u0161avaju, doti\u010du se isklju\u010divo sand\u017ea\u010dkih Bo\u0161njaka. Radi se o nacionalnom probu\u0111enju, koje je kasno, ipak dolazi do izraza i tice se nacionalne homogenizacije Bosnjaka Sand\u017eaka, po osnovnim \u00a0principima od vitalnoga \u00a0nacionalnog \u00a0zna\u010daja \u00a0po opstanak bo\u0161njaka\u00a0 u Sand\u017eaku, ali i drugih idejno-ideolo\u0161kih osnova.<\/p>\n<p>Drugim rije\u010dima, ne mo\u017ee se vi\u0161e desiti da politi\u010dki i civilni sektor sand\u017ea\u010dkih Bo\u0161njaka (a prvenstveno politi\u010dki), ima u osnovi razli\u010dite ideologije. Sulejman Ugljanin, sa pomaga\u010dima poku\u0161ao je naru\u0161iti duhovno jedinstvo svih Bo\u0161njaka napadaju\u0107i vjerski aspekt i \u0161ire\u0107i turstvo. \u00a0Rasim Ljajic je pobijedio u sand\u017ea\u010dkim op\u0107inama i gradovima, na fonu &#8220;izbora manjega zla&#8221; , jer je Bo\u0161njacima bilo dosta poltronstva i izdaja Ugljanina. Me\u0111utim, Ljaji\u0107 je bo\u0161nja\u0161tvo zamijenio nacionalnim blijedilom, \u010dak i izjavio da se osje\u0107a Srbinom muslimanske vjeroispovjesti, te direktno promovirao ideju Srba-muslimana.<\/p>\n<p>To su primalni grijehovi ova dva u Sand\u017eaku sada ve\u0107 biv\u0161a politi\u010dara. Rasim Ljaji\u0107 mo\u017ee se nadati samo mjestu u nekom veleposlanstvu, jer mu je SDP prakti\u010dno nestala. Ugljanin \u0107e opstati, u znatno smanjenom obimu, jer su ideje njegove stranke prevazi\u0111ene i obsolentne, a sam Ugljanin kompromitiran ve\u0107 od poznatoga konstruiranog sudsko-policijskoga procesa iz po\u010detka 90-ih godina pro\u0161loga stolje\u0107a,koji niti do danas nije zavr\u0161en-mnogi Bo\u0161njaci, koji su optu\u017eeni tada vise nisu me\u0111u \u017eivima ,a ne zna se jesu li krivi ili ne. Toliko o uspjehu reforme srbijanskoga pravosudnog sustava.<\/p>\n<p>Stoga, ne stoji navod da u Sand\u017eaku ne postoji politi\u010dki pluralizam i civilni sektor. Oni postoje ali je samo politi\u0107ki dio bio optere\u0107en presijom srbijanske dr\u017eave te izdao vitalni nacionalni interes, za fotelje, mjesta po upravnim odborima zapo\u0161ljenja sogora\u00a0 snaha,sinova i unuka.<\/p>\n<p>Sand\u017ea\u010dka politi\u010dka scena se nalazi u svojevrsnom politi\u010dkom vakuumu-Ugljanin i Ljajic su ovdje i prakti\u010dka pro\u0161lost,ali i u interegnumu. Vakum ce se popuniti na narednim op\u0107inskim izborima koji se zajedno sa parlamentarnim najavljuju ve\u0107 u periodu od listopada do studenoga, ove godine.<\/p>\n<p>Interregnum je upravo problem. Asimetri\u010dna je preraspodjela politi\u010dke mo\u0107i na politi\u010dkoj sceni Sand\u017eaka, te to proizvodi sve probleme .Muftija Muamer ef. Zukorli\u0107u, u nezgodnoj je situaciji-dokazani vjerski lider, koga je zapala rola i politi\u010dkoga.<\/p>\n<p>\u010cini se da je muftija Zukorli\u0107 pod velikom presijom, jer jo\u0161 od poku\u0161aja Vojislava Ko\u0161tunice, da instalira nekakvu paravjersku tvorevinu u Sand\u017eaku i me\u0111u Bosnjake 2007. Godine do dana dana\u0161njeg ne prestaju \u00a0poku\u0161aji iz pojedinih struktura vlasti, potpomognuti dijelovima obavje\u0161tajnih slu\u017ebi.<\/p>\n<p>Na jednoj strani\u00a0 prvi je primarni grijeh muftije Zukorlica (govor\u0107i o njemu kao institucionalnoj li\u010dnosti, a ne kao o samom ef. Zukorli\u0107u) napad na nevladin sektor kako se to \u017eeli predstaviti u srbijanskoj javnosti. Nije napadnut nevladin sektor, jer Aida \u0106orovi\u0107 je \u010dlanica LDP-a \u010cedomira Jovanovi\u0107a.<\/p>\n<p>Stoga, pored grijeha muftije Zukorli\u0107a, mora se odvagati i grijeh Aide \u0106orovi\u0107 -licemjerna je politika,vjersku i nevladinu civilnu scenu Sand\u017eaka, njena pozicija-kako bi ona nama pojasnila dvije \u010dinjenice:<\/p>\n<p>1.Da je doti\u010dna direktorica apoliti\u010dke nevladine organizacije Urban-in,<\/p>\n<p>2.Da je istovremeno \u010dlanica Jovanovi\u0107eve politi\u010dke stranke LDP.<\/p>\n<p>Ove dvije \u010dinjenice, direktno kompromitiraju i nju kao subjekt od relevantnosti za davanje bilo kakvoga mi\u0161ljenja ili kvalificiranja.<\/p>\n<p>Jer, kada se na koncu zavr\u0161e op\u0107i izbori, Bo\u0161njaci ce dobiti jasan politi\u010dki sektor a Aida \u0106orovi\u0107 \u0107e ostati &#8220;pod obje to\u010dke&#8221;, i biti upitna li\u010dnost za davanje bilo kakvih smatranja, koja se moraju uzeti u razmatranje.<\/p>\n<p>Ovim ne \u017eelim ja diskvalificirati \u010corovi\u0107evu, ve\u0107 joj postaviti identi\u010dan problem:<br \/>\nako je njena uloga ukazivanje dru\u0161tvu na anomalije mora se postavit pitanje nije li i ona sama vladino-nevladina anomalija?<\/p>\n<p>Javna je tajna, da je \u010corovi\u0107eva glasnogovornik &#8220;zvijezde u padu&#8221;,Rasima Ljaji\u0107a.<\/p>\n<p>Stoga, izbori bilo kada zna\u010dajno \u0107e i osvje\u017eiti, ali i promijeniti i razjasniti.<\/p>\n<p>Autor: <strong>NN<\/strong><\/p>\n<p>Izvor: <strong>Forum.hr<\/strong><\/p>\n","protected":false},"excerpt":{"rendered":"<p>Aida \u0106orovi\u0107, direktorica je nevladine organizacije &#8220;Urban-in&#8221; iz Novoga Pazara. Povijest ove organizacije se\u017ee jo\u0161 u 90-e godine pro\u0161loga stolje\u0107a, kada je prili\u010dno agresivno nastojala organizirati civilni nevladin sektor u Sand\u017eaku. Ovo je jedina autenti\u010dna sand\u017ea\u010dka organizacija civilnoga nevladinog sektora, jer su sve ostale u stvari ispostave ostalih, kakvi su Fond za humanitarno pravo, Helsinski [&hellip;]<\/p>\n","protected":false},"author":83,"featured_media":13511,"comment_status":"open","ping_status":"open","sticky":false,"template":"","format":"standard","meta":{"footnotes":""},"categories":[72],"tags":[],"class_list":{"0":"post-13510","1":"post","2":"type-post","3":"status-publish","4":"format-standard","5":"has-post-thumbnail","7":"category-novi-pazar"},"yoast_head":"<!-- This site is optimized with the Yoast SEO Premium plugin v23.1 (Yoast SEO v24.9) - https:\/\/yoast.com\/wordpress\/plugins\/seo\/ -->\n<title>Aida \u0106orovi\u0107 i (ne)vladin sektor<\/title>\n<meta name=\"robots\" content=\"index, follow, max-snippet:-1, max-image-preview:large, max-video-preview:-1\" \/>\n<link rel=\"canonical\" href=\"https:\/\/sandzakpress.net\/arhiva\/aida-corovic-i-nevladin-sektor\/\" \/>\n<meta property=\"og:locale\" content=\"bs_BA\" \/>\n<meta property=\"og:type\" content=\"article\" \/>\n<meta property=\"og:title\" content=\"Aida \u0106orovi\u0107 i (ne)vladin sektor\" \/>\n<meta property=\"og:description\" content=\"Aida \u0106orovi\u0107, direktorica je nevladine organizacije &#8220;Urban-in&#8221; iz Novoga Pazara. Povijest ove organizacije se\u017ee jo\u0161 u 90-e godine pro\u0161loga stolje\u0107a, kada je prili\u010dno agresivno nastojala organizirati civilni nevladin sektor u Sand\u017eaku. Ovo je jedina autenti\u010dna sand\u017ea\u010dka organizacija civilnoga nevladinog sektora, jer su sve ostale u stvari ispostave ostalih, kakvi su Fond za humanitarno pravo, Helsinski [&hellip;]\" \/>\n<meta property=\"og:url\" content=\"https:\/\/sandzakpress.net\/arhiva\/aida-corovic-i-nevladin-sektor\/\" \/>\n<meta property=\"og:site_name\" content=\"Sand\u017eak PRESS\" \/>\n<meta property=\"article:published_time\" content=\"2011-03-07T16:56:29+00:00\" \/>\n<meta property=\"og:image\" content=\"https:\/\/sandzakpress.net\/arhiva\/wp-content\/uploads\/2011\/03\/aida-corovic-i-ishak-slezovic.jpg\" \/>\n\t<meta property=\"og:image:width\" content=\"616\" \/>\n\t<meta property=\"og:image:height\" content=\"287\" \/>\n\t<meta property=\"og:image:type\" content=\"image\/jpeg\" \/>\n<meta name=\"author\" content=\"bosniak\" \/>\n<meta name=\"twitter:card\" content=\"summary_large_image\" \/>\n<meta name=\"twitter:label1\" content=\"Written by\" \/>\n\t<meta name=\"twitter:data1\" content=\"bosniak\" \/>\n\t<meta name=\"twitter:label2\" content=\"Est. reading time\" \/>\n\t<meta name=\"twitter:data2\" content=\"5 minuta\" \/>\n<script type=\"application\/ld+json\" class=\"yoast-schema-graph\">{\"@context\":\"https:\/\/schema.org\",\"@graph\":[{\"@type\":\"Article\",\"@id\":\"https:\/\/sandzakpress.net\/arhiva\/aida-corovic-i-nevladin-sektor\/#article\",\"isPartOf\":{\"@id\":\"https:\/\/sandzakpress.net\/arhiva\/aida-corovic-i-nevladin-sektor\/\"},\"author\":{\"name\":\"bosniak\",\"@id\":\"https:\/\/sandzakpress.net\/arhiva\/#\/schema\/person\/c8baee722073534b583ea7bdb2e36c02\"},\"headline\":\"Aida \u0106orovi\u0107 i (ne)vladin sektor\",\"datePublished\":\"2011-03-07T16:56:29+00:00\",\"mainEntityOfPage\":{\"@id\":\"https:\/\/sandzakpress.net\/arhiva\/aida-corovic-i-nevladin-sektor\/\"},\"wordCount\":998,\"commentCount\":2,\"publisher\":{\"@id\":\"https:\/\/sandzakpress.net\/arhiva\/#\/schema\/person\/6e72b67d6e51910a1117b3b483ba20bd\"},\"image\":{\"@id\":\"https:\/\/sandzakpress.net\/arhiva\/aida-corovic-i-nevladin-sektor\/#primaryimage\"},\"thumbnailUrl\":\"https:\/\/sandzakpress.net\/arhiva\/wp-content\/uploads\/2011\/03\/aida-corovic-i-ishak-slezovic.jpg\",\"articleSection\":[\"Novi Pazar\"],\"inLanguage\":\"bs-BA\",\"potentialAction\":[{\"@type\":\"CommentAction\",\"name\":\"Comment\",\"target\":[\"https:\/\/sandzakpress.net\/arhiva\/aida-corovic-i-nevladin-sektor\/#respond\"]}]},{\"@type\":\"WebPage\",\"@id\":\"https:\/\/sandzakpress.net\/arhiva\/aida-corovic-i-nevladin-sektor\/\",\"url\":\"https:\/\/sandzakpress.net\/arhiva\/aida-corovic-i-nevladin-sektor\/\",\"name\":\"Aida \u0106orovi\u0107 i (ne)vladin sektor\",\"isPartOf\":{\"@id\":\"https:\/\/sandzakpress.net\/arhiva\/#website\"},\"primaryImageOfPage\":{\"@id\":\"https:\/\/sandzakpress.net\/arhiva\/aida-corovic-i-nevladin-sektor\/#primaryimage\"},\"image\":{\"@id\":\"https:\/\/sandzakpress.net\/arhiva\/aida-corovic-i-nevladin-sektor\/#primaryimage\"},\"thumbnailUrl\":\"https:\/\/sandzakpress.net\/arhiva\/wp-content\/uploads\/2011\/03\/aida-corovic-i-ishak-slezovic.jpg\",\"datePublished\":\"2011-03-07T16:56:29+00:00\",\"breadcrumb\":{\"@id\":\"https:\/\/sandzakpress.net\/arhiva\/aida-corovic-i-nevladin-sektor\/#breadcrumb\"},\"inLanguage\":\"bs-BA\",\"potentialAction\":[{\"@type\":\"ReadAction\",\"target\":[\"https:\/\/sandzakpress.net\/arhiva\/aida-corovic-i-nevladin-sektor\/\"]}]},{\"@type\":\"ImageObject\",\"inLanguage\":\"bs-BA\",\"@id\":\"https:\/\/sandzakpress.net\/arhiva\/aida-corovic-i-nevladin-sektor\/#primaryimage\",\"url\":\"https:\/\/sandzakpress.net\/arhiva\/wp-content\/uploads\/2011\/03\/aida-corovic-i-ishak-slezovic.jpg\",\"contentUrl\":\"https:\/\/sandzakpress.net\/arhiva\/wp-content\/uploads\/2011\/03\/aida-corovic-i-ishak-slezovic.jpg\",\"width\":616,\"height\":287},{\"@type\":\"BreadcrumbList\",\"@id\":\"https:\/\/sandzakpress.net\/arhiva\/aida-corovic-i-nevladin-sektor\/#breadcrumb\",\"itemListElement\":[{\"@type\":\"ListItem\",\"position\":1,\"name\":\"Home\",\"item\":\"https:\/\/sandzakpress.net\/arhiva\/\"},{\"@type\":\"ListItem\",\"position\":2,\"name\":\"Aida \u0106orovi\u0107 i (ne)vladin sektor\"}]},{\"@type\":\"WebSite\",\"@id\":\"https:\/\/sandzakpress.net\/arhiva\/#website\",\"url\":\"https:\/\/sandzakpress.net\/arhiva\/\",\"name\":\"Sand\u017eak PRESS\",\"description\":\"Prve elektronske novine u Sand\u017eaku\",\"publisher\":{\"@id\":\"https:\/\/sandzakpress.net\/arhiva\/#\/schema\/person\/6e72b67d6e51910a1117b3b483ba20bd\"},\"potentialAction\":[{\"@type\":\"SearchAction\",\"target\":{\"@type\":\"EntryPoint\",\"urlTemplate\":\"https:\/\/sandzakpress.net\/arhiva\/?s={search_term_string}\"},\"query-input\":{\"@type\":\"PropertyValueSpecification\",\"valueRequired\":true,\"valueName\":\"search_term_string\"}}],\"inLanguage\":\"bs-BA\"},{\"@type\":[\"Person\",\"Organization\"],\"@id\":\"https:\/\/sandzakpress.net\/arhiva\/#\/schema\/person\/6e72b67d6e51910a1117b3b483ba20bd\",\"name\":\"Kul\",\"image\":{\"@type\":\"ImageObject\",\"inLanguage\":\"bs-BA\",\"@id\":\"https:\/\/sandzakpress.net\/arhiva\/#\/schema\/person\/image\/\",\"url\":\"https:\/\/secure.gravatar.com\/avatar\/42263f39aa27ac04c43cab85c280eb2e?s=96&d=mm&r=pg\",\"contentUrl\":\"https:\/\/secure.gravatar.com\/avatar\/42263f39aa27ac04c43cab85c280eb2e?s=96&d=mm&r=pg\",\"caption\":\"Kul\"},\"logo\":{\"@id\":\"https:\/\/sandzakpress.net\/arhiva\/#\/schema\/person\/image\/\"}},{\"@type\":\"Person\",\"@id\":\"https:\/\/sandzakpress.net\/arhiva\/#\/schema\/person\/c8baee722073534b583ea7bdb2e36c02\",\"name\":\"bosniak\",\"image\":{\"@type\":\"ImageObject\",\"inLanguage\":\"bs-BA\",\"@id\":\"https:\/\/sandzakpress.net\/arhiva\/#\/schema\/person\/image\/\",\"url\":\"https:\/\/secure.gravatar.com\/avatar\/a04fd330bfe3a36a72a0ad4a6d89fca7?s=96&d=mm&r=pg\",\"contentUrl\":\"https:\/\/secure.gravatar.com\/avatar\/a04fd330bfe3a36a72a0ad4a6d89fca7?s=96&d=mm&r=pg\",\"caption\":\"bosniak\"},\"url\":\"https:\/\/sandzakpress.net\/arhiva\/author\/bosniak\/\"}]}<\/script>\n<!-- \/ Yoast SEO Premium plugin. -->","yoast_head_json":{"title":"Aida \u0106orovi\u0107 i (ne)vladin sektor","robots":{"index":"index","follow":"follow","max-snippet":"max-snippet:-1","max-image-preview":"max-image-preview:large","max-video-preview":"max-video-preview:-1"},"canonical":"https:\/\/sandzakpress.net\/arhiva\/aida-corovic-i-nevladin-sektor\/","og_locale":"bs_BA","og_type":"article","og_title":"Aida \u0106orovi\u0107 i (ne)vladin sektor","og_description":"Aida \u0106orovi\u0107, direktorica je nevladine organizacije &#8220;Urban-in&#8221; iz Novoga Pazara. Povijest ove organizacije se\u017ee jo\u0161 u 90-e godine pro\u0161loga stolje\u0107a, kada je prili\u010dno agresivno nastojala organizirati civilni nevladin sektor u Sand\u017eaku. Ovo je jedina autenti\u010dna sand\u017ea\u010dka organizacija civilnoga nevladinog sektora, jer su sve ostale u stvari ispostave ostalih, kakvi su Fond za humanitarno pravo, Helsinski [&hellip;]","og_url":"https:\/\/sandzakpress.net\/arhiva\/aida-corovic-i-nevladin-sektor\/","og_site_name":"Sand\u017eak PRESS","article_published_time":"2011-03-07T16:56:29+00:00","og_image":[{"width":616,"height":287,"url":"https:\/\/sandzakpress.net\/arhiva\/wp-content\/uploads\/2011\/03\/aida-corovic-i-ishak-slezovic.jpg","type":"image\/jpeg"}],"author":"bosniak","twitter_card":"summary_large_image","twitter_misc":{"Written by":"bosniak","Est. reading time":"5 minuta"},"schema":{"@context":"https:\/\/schema.org","@graph":[{"@type":"Article","@id":"https:\/\/sandzakpress.net\/arhiva\/aida-corovic-i-nevladin-sektor\/#article","isPartOf":{"@id":"https:\/\/sandzakpress.net\/arhiva\/aida-corovic-i-nevladin-sektor\/"},"author":{"name":"bosniak","@id":"https:\/\/sandzakpress.net\/arhiva\/#\/schema\/person\/c8baee722073534b583ea7bdb2e36c02"},"headline":"Aida \u0106orovi\u0107 i (ne)vladin sektor","datePublished":"2011-03-07T16:56:29+00:00","mainEntityOfPage":{"@id":"https:\/\/sandzakpress.net\/arhiva\/aida-corovic-i-nevladin-sektor\/"},"wordCount":998,"commentCount":2,"publisher":{"@id":"https:\/\/sandzakpress.net\/arhiva\/#\/schema\/person\/6e72b67d6e51910a1117b3b483ba20bd"},"image":{"@id":"https:\/\/sandzakpress.net\/arhiva\/aida-corovic-i-nevladin-sektor\/#primaryimage"},"thumbnailUrl":"https:\/\/sandzakpress.net\/arhiva\/wp-content\/uploads\/2011\/03\/aida-corovic-i-ishak-slezovic.jpg","articleSection":["Novi Pazar"],"inLanguage":"bs-BA","potentialAction":[{"@type":"CommentAction","name":"Comment","target":["https:\/\/sandzakpress.net\/arhiva\/aida-corovic-i-nevladin-sektor\/#respond"]}]},{"@type":"WebPage","@id":"https:\/\/sandzakpress.net\/arhiva\/aida-corovic-i-nevladin-sektor\/","url":"https:\/\/sandzakpress.net\/arhiva\/aida-corovic-i-nevladin-sektor\/","name":"Aida \u0106orovi\u0107 i (ne)vladin sektor","isPartOf":{"@id":"https:\/\/sandzakpress.net\/arhiva\/#website"},"primaryImageOfPage":{"@id":"https:\/\/sandzakpress.net\/arhiva\/aida-corovic-i-nevladin-sektor\/#primaryimage"},"image":{"@id":"https:\/\/sandzakpress.net\/arhiva\/aida-corovic-i-nevladin-sektor\/#primaryimage"},"thumbnailUrl":"https:\/\/sandzakpress.net\/arhiva\/wp-content\/uploads\/2011\/03\/aida-corovic-i-ishak-slezovic.jpg","datePublished":"2011-03-07T16:56:29+00:00","breadcrumb":{"@id":"https:\/\/sandzakpress.net\/arhiva\/aida-corovic-i-nevladin-sektor\/#breadcrumb"},"inLanguage":"bs-BA","potentialAction":[{"@type":"ReadAction","target":["https:\/\/sandzakpress.net\/arhiva\/aida-corovic-i-nevladin-sektor\/"]}]},{"@type":"ImageObject","inLanguage":"bs-BA","@id":"https:\/\/sandzakpress.net\/arhiva\/aida-corovic-i-nevladin-sektor\/#primaryimage","url":"https:\/\/sandzakpress.net\/arhiva\/wp-content\/uploads\/2011\/03\/aida-corovic-i-ishak-slezovic.jpg","contentUrl":"https:\/\/sandzakpress.net\/arhiva\/wp-content\/uploads\/2011\/03\/aida-corovic-i-ishak-slezovic.jpg","width":616,"height":287},{"@type":"BreadcrumbList","@id":"https:\/\/sandzakpress.net\/arhiva\/aida-corovic-i-nevladin-sektor\/#breadcrumb","itemListElement":[{"@type":"ListItem","position":1,"name":"Home","item":"https:\/\/sandzakpress.net\/arhiva\/"},{"@type":"ListItem","position":2,"name":"Aida \u0106orovi\u0107 i (ne)vladin sektor"}]},{"@type":"WebSite","@id":"https:\/\/sandzakpress.net\/arhiva\/#website","url":"https:\/\/sandzakpress.net\/arhiva\/","name":"Sand\u017eak PRESS","description":"Prve elektronske novine u Sand\u017eaku","publisher":{"@id":"https:\/\/sandzakpress.net\/arhiva\/#\/schema\/person\/6e72b67d6e51910a1117b3b483ba20bd"},"potentialAction":[{"@type":"SearchAction","target":{"@type":"EntryPoint","urlTemplate":"https:\/\/sandzakpress.net\/arhiva\/?s={search_term_string}"},"query-input":{"@type":"PropertyValueSpecification","valueRequired":true,"valueName":"search_term_string"}}],"inLanguage":"bs-BA"},{"@type":["Person","Organization"],"@id":"https:\/\/sandzakpress.net\/arhiva\/#\/schema\/person\/6e72b67d6e51910a1117b3b483ba20bd","name":"Kul","image":{"@type":"ImageObject","inLanguage":"bs-BA","@id":"https:\/\/sandzakpress.net\/arhiva\/#\/schema\/person\/image\/","url":"https:\/\/secure.gravatar.com\/avatar\/42263f39aa27ac04c43cab85c280eb2e?s=96&d=mm&r=pg","contentUrl":"https:\/\/secure.gravatar.com\/avatar\/42263f39aa27ac04c43cab85c280eb2e?s=96&d=mm&r=pg","caption":"Kul"},"logo":{"@id":"https:\/\/sandzakpress.net\/arhiva\/#\/schema\/person\/image\/"}},{"@type":"Person","@id":"https:\/\/sandzakpress.net\/arhiva\/#\/schema\/person\/c8baee722073534b583ea7bdb2e36c02","name":"bosniak","image":{"@type":"ImageObject","inLanguage":"bs-BA","@id":"https:\/\/sandzakpress.net\/arhiva\/#\/schema\/person\/image\/","url":"https:\/\/secure.gravatar.com\/avatar\/a04fd330bfe3a36a72a0ad4a6d89fca7?s=96&d=mm&r=pg","contentUrl":"https:\/\/secure.gravatar.com\/avatar\/a04fd330bfe3a36a72a0ad4a6d89fca7?s=96&d=mm&r=pg","caption":"bosniak"},"url":"https:\/\/sandzakpress.net\/arhiva\/author\/bosniak\/"}]}},"_links":{"self":[{"href":"https:\/\/sandzakpress.net\/arhiva\/wp-json\/wp\/v2\/posts\/13510"}],"collection":[{"href":"https:\/\/sandzakpress.net\/arhiva\/wp-json\/wp\/v2\/posts"}],"about":[{"href":"https:\/\/sandzakpress.net\/arhiva\/wp-json\/wp\/v2\/types\/post"}],"author":[{"embeddable":true,"href":"https:\/\/sandzakpress.net\/arhiva\/wp-json\/wp\/v2\/users\/83"}],"replies":[{"embeddable":true,"href":"https:\/\/sandzakpress.net\/arhiva\/wp-json\/wp\/v2\/comments?post=13510"}],"version-history":[{"count":0,"href":"https:\/\/sandzakpress.net\/arhiva\/wp-json\/wp\/v2\/posts\/13510\/revisions"}],"wp:featuredmedia":[{"embeddable":true,"href":"https:\/\/sandzakpress.net\/arhiva\/wp-json\/wp\/v2\/media\/13511"}],"wp:attachment":[{"href":"https:\/\/sandzakpress.net\/arhiva\/wp-json\/wp\/v2\/media?parent=13510"}],"wp:term":[{"taxonomy":"category","embeddable":true,"href":"https:\/\/sandzakpress.net\/arhiva\/wp-json\/wp\/v2\/categories?post=13510"},{"taxonomy":"post_tag","embeddable":true,"href":"https:\/\/sandzakpress.net\/arhiva\/wp-json\/wp\/v2\/tags?post=13510"}],"curies":[{"name":"wp","href":"https:\/\/api.w.org\/{rel}","templated":true}]}}