{"id":134928,"date":"2015-08-28T10:43:42","date_gmt":"2015-08-28T08:43:42","guid":{"rendered":"https:\/\/sandzakpress.net\/arhiva\/rijaset-islamske-zajednice-u-bih-oko-imena-bosanskog-jezika-nema-kompromisa"},"modified":"2015-08-28T10:43:42","modified_gmt":"2015-08-28T08:43:42","slug":"rijaset-islamske-zajednice-u-bih-oko-imena-bosanskog-jezika-nema-kompromisa","status":"publish","type":"post","link":"https:\/\/sandzakpress.net\/arhiva\/rijaset-islamske-zajednice-u-bih-oko-imena-bosanskog-jezika-nema-kompromisa\/","title":{"rendered":"Rijaset Islamske zajednice u BiH: Oko imena bosanskog jezika nema kompromisa"},"content":{"rendered":"<p><img loading=\"lazy\" decoding=\"async\" class=\"\" src=\"http:\/\/www.akos.ba\/media\/k2\/items\/cache\/34fad27ef22b34b5f23e3db7f3fcfa3b_XL.jpg\" alt=\"Rijaset Islamske zajednice u BiH: Oko imena bosanskog jezika nema kompromisa\" width=\"598\" height=\"449\" \/><\/p>\n<p><strong>BiH \u2013 Pod predsjedavanjem reisu-l-uleme Huseina ef. Kavazovi\u0107a u Sarajevu je danas odr\u017eana 12. \u00a0redovna sjednica Rijaseta Islamske zajednice u Bosni i Hercegovini\u00a0<\/strong><\/p>\n<p>Sjednici Rijaseta su prisustvovali \u010dlanovi Rijaseta: zamjenik reisu-l-uleme Husein ef. Smaji\u0107, direktor Uprave za obrazovanje i nauku dr. Enes ef. Kari\u0107, direktor Uprave za vanjske poslove i dijasporu Razim ef. \u010coli\u0107, direktor Uprave za administrativne i pravne poslove Ismail ef. Smajlovi\u0107 i direktor Uprave za ekonomske i finansijske poslove Zejnil ef. Rebihi\u0107. Sjednici su prisustvovali i \u0161ef Kancelarije Reisu-l-uleme Rifat Feti\u0107, sekretar Rijaseta Mensur ef. Karad\u017ea, rukovodioci Ureda: za zekat mr. Elnur ef. Salihovi\u0107, za dru\u0161tvenu brigu Hamed ef. Efendi\u0107 i direktor Vakufske direkcije dr. Senaid ef. Zajimovi\u0107.<br \/>\n\u010clanovi Rijaseta su razmatrali vi\u0161e aktuelnih tema o \u010demu su donijeli i odre\u0111ene odluke.Dosta pa\u017enje u raspravi je posve\u0107eno statusu Bosanskog jezika u RS o \u010demu je sa sjednice upu\u0107eno saop\u0107enje za javnost Rijaseta Islamske zajednice u BiH. Tekst saop\u0107enja MINA donosi u cjelosti:<\/p>\n<p>SAOP\u0106ENJE RIJASETA ISLAMSKE ZAJEDNICE U BOSNI I HERCEGOVINI<\/p>\n<p>u vezi sa poricanjem Bosanskog jezika<\/p>\n<p>Ve\u0107 decenijama, na\u017ealost, svjedo\u010dimo kako je jedan od primarnih zadataka Srpske akademije nauka i umjetnosti, sa sjedi\u0161tem u Beogradu, i njenih akademika nacionalista o\u010duvanje i promoviranje velikosrpske hegemonisti\u010dke politike na Balkanu. U to smo se najbolnije uvjerili u vremenima Agresije na dr\u017eavu Bosnu i Hercegovinu devedesetih godina pro\u0161log stolje\u0107a i genocida nad bo\u0161nja\u010dkim narodom. Zato se posljednje ideolo\u0161ki dizajnirane pri\u010de o bosanskom jeziku samo uklapaju u taj dugovjeki nacionalisti\u010dki mozaik bezprizornog i vrije\u0111aju\u0107eg be\u0161\u010da\u0161\u0107a pod krinkom tzv. nauke. Nije nam poznato da se u svijetu ijednom drugom narodu i dru\u0161tvu osporava pravo na vlastiti jezik, vlastitu jezi\u010dku tradiciju, na povijesno pam\u0107enje, kulturu, nacionalni identitet, kao \u0161to se to od strane SANU i nacionalista akademika, u ime srpskoga naroda, osporava bo\u0161nja\u010dkom narodu.<\/p>\n<p>Ovakvi bi istupi, u normalnim vremenima, bili vi\u0161e za \u017ealjenje, gnu\u0161anje, ignoriranje, ali kad se zna da su u Bosni i Hercegovini i na Balkanu fa\u0161izam i fa\u0161izoidnost tijesno isprepleteni s tzv. demokratizacijskim procesima, onda ima razloga da budemo zabrinuti. Nijekanje jezika jest jednako nijekanje naroda i njegova ukupnog duhovnog i kulturnog naslije\u0111a oblikovanog na maternjem jeziku; nijekanje bosanskog jezika jest nijekanje prava na \u017eivot Bo\u0161njacima i Bosni i Hercegovini, prava na \u017eivotni prostor, prava na nacionalno dostojanstvo, prava na mirniju budu\u0107nost. Ovakvi pseudoznanstveni nacionalisti\u010dki istupi daju krila onim fa\u0161izoidnim snagama, grupama, institucijama na prostoru dr\u017eave Bosne i Hercegovine da, \u010dak, uskra\u0107uju elementarno ljudsko pravo da se u \u0161kolsku svjedod\u017ebu unese ime maternjeg jezika onako kako ga njegovi govornici oduvijek osje\u0107aju, imenuju, pi\u0161u od Kulina bana do vremena u kojemu mi \u017eivimo.<\/p>\n<p>Polaze\u0107i od su\u0161tinske vjerske istine da je jezik, klju\u010dno sredstvo komunikacije izme\u0111u ljudi, kultura, dostignutih znanja, jedan od primarnih darova Boga ljudskome rodu na Zemlji i da je nijekanje bilo kojeg jezika i njegova imena samo nastavak genocidne i fa\u0161isti\u010dke politike, makar to bilo i pod krinkom tzv. nauke, pozivamo sve \u010dlanove Islamske zajednice koji govore bosanskim jezikom, sve Bo\u0161njake u Bosni i Hercegovini, Sand\u017eaku, Srbiji, Hrvatskoj, Crnoj Gori, bilo gdje u iseljeni\u0161tvu da ovom pitanju pri\u0111u krajnje ozbiljno, obazrivo i dostojanstveno, a sve obrazovne institucije u dr\u017eavi Bosni i Hercegovini, nadle\u017ena ministarstva na svim razinama izvr\u0161ne vlasti, politi\u010dke predstavnike, obrazovna, kulturna i druga udru\u017eenja da pristupe sistematskijem prou\u010davanju bosanskoga jezi\u010dkog naslije\u0111a kroz podr\u0161ku konkretnim znanstvenoistra\u017eiva\u010dkim projektima, i institucijama koje brinu o bosanskom jeziku. Za Islamsku zajednicu u Bosni i Hercegovini nije prihvatljivo da bilo ko od bo\u0161nja\u010dkih predstavnika na bilo kojem nivou i u bilo kojoj instituciji pravi kompromis oko imena bosanskog jezika i poku\u0161ajima da ga se zamijeni nekim neustavnim terminima.<\/p>\n<p>Rasprava o ostalim temama<\/p>\n<p>Rijaset je donio odluku da mektebska nastava po\u010dne 12. septembra 2015., a odvija\u0107e se prema dosada\u0161njem planu i programu.<\/p>\n<p>\u010clanovi Rijaseta su razmatrali i izvje\u0161taj Uprave za vjerska pitanja o predramazanskim i ramazanskim aktivnostima.Izvje\u0161taj je prihva\u0107en kao informacija, a zaklju\u010deno je da se za zajedni\u010dku sjednicu Rijaseta i Vije\u0107a za fetve uradi cjelovit izvje\u0161taj koji \u0107e obuhvatiti aktivnosti Uprave za vjerska pitanja, drugih Uprava, Ureda, Muftijstava, fakulteta, medresa i drugih ustanova koje su u\u010destvovale u realizaciji ovogodi\u0161njih ramazanskih aktivnosti.<\/p>\n<p>Na sjednici je usvojen Prijedlog \u0161kolskog kalendara za medrese, prema kojem \u0107e nastava po\u010deti 1. septembra ove i traja\u0107e do 31. avgusta 2016. godine.<\/p>\n<p>\u010clanovi Rijaseta imenovali su Gra\u0111evinski odbor za izgradnju Alad\u017ea d\u017eamije u Fo\u010di.<\/p>\n<p>Predsjednik Odbora je Remzija ef. Piti\u0107, muftija gora\u017edanski, a \u010dlanovi su : dr. Senaid Zajimovi\u0107, Salem ef. \u0106emo, Hajrudin Andelija i Faruk ef. D\u017eanki\u0107.<\/p>\n<p>Razmatran je i povoljnim ocijenjen Izvje\u0161taj o realizaciji bud\u017eeta Rijaseta i njegovih ustanova u prvom polugodi\u0161tu ove godine.<\/p>\n<p>\u010clanovi Rijaseta su na dana\u0161njoj sjednici iskazali posebnu brigu za izbjeglice iz Iraka i Sirije. Odlu\u010deno je da se u petak 4. septembra u svim d\u017eamijama u domovini bo\u0161nja\u010dkoj dijaspori uprili\u010di sergija, prikupljanje nov\u010danih sredstava za izbjeglice Iraka i Sirije.Osim sergije,bit \u0107e izdvojen dio pomo\u010di iz kurbanskog mesa,a organizirat \u0107e se i prikupljanje poljoprivrednih usjeva za tu namjenu, te istra\u017eiti mogu\u0107nosti za eventualni smje\u0161taj.<\/p>\n<p>Rijaset je prihvatio Informaciju o realizaciji Sedmog foruma o vakufsko-pravnim pitanjima.Odato je priznanje organizatorima za uspje\u0161no odr\u017eavanje, ovog za Islamsku zajednicu, zna\u010dajnog skupa.<\/p>\n<p>Na sjednici je donesena i Odluka o davanju saglasnosti Fakultetu islamskih nauka u Sarajevu za upis studenata na studijski program za imame.<\/p>\n<p>(akos.ba)<\/p>\n<p>\u00a0<\/p>\n<p>Pogledajte vijest na izvornom sajtu:<\/p>\n<p><a href=\"http:\/\/bosnapress.net\/rijaset-islamske-zajednice-u-bih-oko-imena-bosanskog-jezika-nema-kompromisa\/\" target=\"_blank\">Rijaset Islamske zajednice u BiH: Oko imena bosanskog jezika nema kompromisa<\/a><\/p>\n","protected":false},"excerpt":{"rendered":"<p>BiH \u2013 Pod predsjedavanjem reisu-l-uleme Huseina ef. Kavazovi\u0107a u Sarajevu je danas odr\u017eana 12. \u00a0redovna sjednica Rijaseta Islamske zajednice u Bosni i Hercegovini\u00a0 Sjednici Rijaseta su prisustvovali \u010dlanovi Rijaseta: zamjenik reisu-l-uleme Husein ef. Smaji\u0107, direktor Uprave za obrazovanje i nauku dr. Enes ef. Kari\u0107, direktor Uprave za vanjske poslove i dijasporu Razim ef. \u010coli\u0107, direktor [&hellip;]<\/p>\n","protected":false},"author":83,"featured_media":134930,"comment_status":"open","ping_status":"open","sticky":false,"template":"","format":"standard","meta":{"footnotes":""},"categories":[10513],"tags":[10466],"class_list":{"0":"post-134928","1":"post","2":"type-post","3":"status-publish","4":"format-standard","5":"has-post-thumbnail","7":"category-bosna-press","8":"tag-bosna-i-hercegovina"},"yoast_head":"<!-- This site is optimized with the Yoast SEO Premium plugin v23.1 (Yoast SEO v24.9) - https:\/\/yoast.com\/wordpress\/plugins\/seo\/ -->\n<title>Rijaset Islamske zajednice u BiH: Oko imena bosanskog jezika nema kompromisa<\/title>\n<meta name=\"robots\" content=\"index, follow, max-snippet:-1, max-image-preview:large, max-video-preview:-1\" \/>\n<link rel=\"canonical\" href=\"https:\/\/sandzakpress.net\/arhiva\/rijaset-islamske-zajednice-u-bih-oko-imena-bosanskog-jezika-nema-kompromisa\/\" \/>\n<meta property=\"og:locale\" content=\"bs_BA\" \/>\n<meta property=\"og:type\" content=\"article\" \/>\n<meta property=\"og:title\" content=\"Rijaset Islamske zajednice u BiH: Oko imena bosanskog jezika nema kompromisa\" \/>\n<meta property=\"og:description\" content=\"BiH \u2013 Pod predsjedavanjem reisu-l-uleme Huseina ef. Kavazovi\u0107a u Sarajevu je danas odr\u017eana 12. \u00a0redovna sjednica Rijaseta Islamske zajednice u Bosni i Hercegovini\u00a0 Sjednici Rijaseta su prisustvovali \u010dlanovi Rijaseta: zamjenik reisu-l-uleme Husein ef. Smaji\u0107, direktor Uprave za obrazovanje i nauku dr. Enes ef. Kari\u0107, direktor Uprave za vanjske poslove i dijasporu Razim ef. \u010coli\u0107, direktor [&hellip;]\" \/>\n<meta property=\"og:url\" content=\"https:\/\/sandzakpress.net\/arhiva\/rijaset-islamske-zajednice-u-bih-oko-imena-bosanskog-jezika-nema-kompromisa\/\" \/>\n<meta property=\"og:site_name\" content=\"Sand\u017eak PRESS\" \/>\n<meta property=\"article:published_time\" content=\"2015-08-28T08:43:42+00:00\" \/>\n<meta property=\"og:image\" content=\"https:\/\/sandzakpress.net\/arhiva\/wp-content\/uploads\/2015\/08\/34fad27ef22b34b5f23e3db7f3fcfa3b_XL1.jpg\" \/>\n\t<meta property=\"og:image:width\" content=\"900\" \/>\n\t<meta property=\"og:image:height\" content=\"676\" \/>\n\t<meta property=\"og:image:type\" content=\"image\/jpeg\" \/>\n<meta name=\"author\" content=\"bosniak\" \/>\n<meta name=\"twitter:card\" content=\"summary_large_image\" \/>\n<meta name=\"twitter:label1\" content=\"Written by\" \/>\n\t<meta name=\"twitter:data1\" content=\"bosniak\" \/>\n\t<meta name=\"twitter:label2\" content=\"Est. reading time\" \/>\n\t<meta name=\"twitter:data2\" content=\"5 minuta\" \/>\n<script type=\"application\/ld+json\" class=\"yoast-schema-graph\">{\"@context\":\"https:\/\/schema.org\",\"@graph\":[{\"@type\":\"Article\",\"@id\":\"https:\/\/sandzakpress.net\/arhiva\/rijaset-islamske-zajednice-u-bih-oko-imena-bosanskog-jezika-nema-kompromisa\/#article\",\"isPartOf\":{\"@id\":\"https:\/\/sandzakpress.net\/arhiva\/rijaset-islamske-zajednice-u-bih-oko-imena-bosanskog-jezika-nema-kompromisa\/\"},\"author\":{\"name\":\"bosniak\",\"@id\":\"https:\/\/sandzakpress.net\/arhiva\/#\/schema\/person\/c8baee722073534b583ea7bdb2e36c02\"},\"headline\":\"Rijaset Islamske zajednice u BiH: Oko imena bosanskog jezika nema kompromisa\",\"datePublished\":\"2015-08-28T08:43:42+00:00\",\"mainEntityOfPage\":{\"@id\":\"https:\/\/sandzakpress.net\/arhiva\/rijaset-islamske-zajednice-u-bih-oko-imena-bosanskog-jezika-nema-kompromisa\/\"},\"wordCount\":990,\"commentCount\":1,\"publisher\":{\"@id\":\"https:\/\/sandzakpress.net\/arhiva\/#\/schema\/person\/6e72b67d6e51910a1117b3b483ba20bd\"},\"image\":{\"@id\":\"https:\/\/sandzakpress.net\/arhiva\/rijaset-islamske-zajednice-u-bih-oko-imena-bosanskog-jezika-nema-kompromisa\/#primaryimage\"},\"thumbnailUrl\":\"https:\/\/sandzakpress.net\/arhiva\/wp-content\/uploads\/2015\/08\/34fad27ef22b34b5f23e3db7f3fcfa3b_XL1.jpg\",\"keywords\":[\"Bosna i Hercegovina\"],\"articleSection\":[\"Bosna PRESS\"],\"inLanguage\":\"bs-BA\",\"potentialAction\":[{\"@type\":\"CommentAction\",\"name\":\"Comment\",\"target\":[\"https:\/\/sandzakpress.net\/arhiva\/rijaset-islamske-zajednice-u-bih-oko-imena-bosanskog-jezika-nema-kompromisa\/#respond\"]}]},{\"@type\":\"WebPage\",\"@id\":\"https:\/\/sandzakpress.net\/arhiva\/rijaset-islamske-zajednice-u-bih-oko-imena-bosanskog-jezika-nema-kompromisa\/\",\"url\":\"https:\/\/sandzakpress.net\/arhiva\/rijaset-islamske-zajednice-u-bih-oko-imena-bosanskog-jezika-nema-kompromisa\/\",\"name\":\"Rijaset Islamske zajednice u BiH: Oko imena bosanskog jezika nema kompromisa\",\"isPartOf\":{\"@id\":\"https:\/\/sandzakpress.net\/arhiva\/#website\"},\"primaryImageOfPage\":{\"@id\":\"https:\/\/sandzakpress.net\/arhiva\/rijaset-islamske-zajednice-u-bih-oko-imena-bosanskog-jezika-nema-kompromisa\/#primaryimage\"},\"image\":{\"@id\":\"https:\/\/sandzakpress.net\/arhiva\/rijaset-islamske-zajednice-u-bih-oko-imena-bosanskog-jezika-nema-kompromisa\/#primaryimage\"},\"thumbnailUrl\":\"https:\/\/sandzakpress.net\/arhiva\/wp-content\/uploads\/2015\/08\/34fad27ef22b34b5f23e3db7f3fcfa3b_XL1.jpg\",\"datePublished\":\"2015-08-28T08:43:42+00:00\",\"breadcrumb\":{\"@id\":\"https:\/\/sandzakpress.net\/arhiva\/rijaset-islamske-zajednice-u-bih-oko-imena-bosanskog-jezika-nema-kompromisa\/#breadcrumb\"},\"inLanguage\":\"bs-BA\",\"potentialAction\":[{\"@type\":\"ReadAction\",\"target\":[\"https:\/\/sandzakpress.net\/arhiva\/rijaset-islamske-zajednice-u-bih-oko-imena-bosanskog-jezika-nema-kompromisa\/\"]}]},{\"@type\":\"ImageObject\",\"inLanguage\":\"bs-BA\",\"@id\":\"https:\/\/sandzakpress.net\/arhiva\/rijaset-islamske-zajednice-u-bih-oko-imena-bosanskog-jezika-nema-kompromisa\/#primaryimage\",\"url\":\"https:\/\/sandzakpress.net\/arhiva\/wp-content\/uploads\/2015\/08\/34fad27ef22b34b5f23e3db7f3fcfa3b_XL1.jpg\",\"contentUrl\":\"https:\/\/sandzakpress.net\/arhiva\/wp-content\/uploads\/2015\/08\/34fad27ef22b34b5f23e3db7f3fcfa3b_XL1.jpg\",\"width\":900,\"height\":676},{\"@type\":\"BreadcrumbList\",\"@id\":\"https:\/\/sandzakpress.net\/arhiva\/rijaset-islamske-zajednice-u-bih-oko-imena-bosanskog-jezika-nema-kompromisa\/#breadcrumb\",\"itemListElement\":[{\"@type\":\"ListItem\",\"position\":1,\"name\":\"Home\",\"item\":\"https:\/\/sandzakpress.net\/arhiva\/\"},{\"@type\":\"ListItem\",\"position\":2,\"name\":\"Rijaset Islamske zajednice u BiH: Oko imena bosanskog jezika nema kompromisa\"}]},{\"@type\":\"WebSite\",\"@id\":\"https:\/\/sandzakpress.net\/arhiva\/#website\",\"url\":\"https:\/\/sandzakpress.net\/arhiva\/\",\"name\":\"Sand\u017eak PRESS\",\"description\":\"Prve elektronske novine u Sand\u017eaku\",\"publisher\":{\"@id\":\"https:\/\/sandzakpress.net\/arhiva\/#\/schema\/person\/6e72b67d6e51910a1117b3b483ba20bd\"},\"potentialAction\":[{\"@type\":\"SearchAction\",\"target\":{\"@type\":\"EntryPoint\",\"urlTemplate\":\"https:\/\/sandzakpress.net\/arhiva\/?s={search_term_string}\"},\"query-input\":{\"@type\":\"PropertyValueSpecification\",\"valueRequired\":true,\"valueName\":\"search_term_string\"}}],\"inLanguage\":\"bs-BA\"},{\"@type\":[\"Person\",\"Organization\"],\"@id\":\"https:\/\/sandzakpress.net\/arhiva\/#\/schema\/person\/6e72b67d6e51910a1117b3b483ba20bd\",\"name\":\"Kul\",\"image\":{\"@type\":\"ImageObject\",\"inLanguage\":\"bs-BA\",\"@id\":\"https:\/\/sandzakpress.net\/arhiva\/#\/schema\/person\/image\/\",\"url\":\"https:\/\/secure.gravatar.com\/avatar\/42263f39aa27ac04c43cab85c280eb2e?s=96&d=mm&r=pg\",\"contentUrl\":\"https:\/\/secure.gravatar.com\/avatar\/42263f39aa27ac04c43cab85c280eb2e?s=96&d=mm&r=pg\",\"caption\":\"Kul\"},\"logo\":{\"@id\":\"https:\/\/sandzakpress.net\/arhiva\/#\/schema\/person\/image\/\"}},{\"@type\":\"Person\",\"@id\":\"https:\/\/sandzakpress.net\/arhiva\/#\/schema\/person\/c8baee722073534b583ea7bdb2e36c02\",\"name\":\"bosniak\",\"image\":{\"@type\":\"ImageObject\",\"inLanguage\":\"bs-BA\",\"@id\":\"https:\/\/sandzakpress.net\/arhiva\/#\/schema\/person\/image\/\",\"url\":\"https:\/\/secure.gravatar.com\/avatar\/a04fd330bfe3a36a72a0ad4a6d89fca7?s=96&d=mm&r=pg\",\"contentUrl\":\"https:\/\/secure.gravatar.com\/avatar\/a04fd330bfe3a36a72a0ad4a6d89fca7?s=96&d=mm&r=pg\",\"caption\":\"bosniak\"},\"url\":\"https:\/\/sandzakpress.net\/arhiva\/author\/bosniak\/\"}]}<\/script>\n<!-- \/ Yoast SEO Premium plugin. -->","yoast_head_json":{"title":"Rijaset Islamske zajednice u BiH: Oko imena bosanskog jezika nema kompromisa","robots":{"index":"index","follow":"follow","max-snippet":"max-snippet:-1","max-image-preview":"max-image-preview:large","max-video-preview":"max-video-preview:-1"},"canonical":"https:\/\/sandzakpress.net\/arhiva\/rijaset-islamske-zajednice-u-bih-oko-imena-bosanskog-jezika-nema-kompromisa\/","og_locale":"bs_BA","og_type":"article","og_title":"Rijaset Islamske zajednice u BiH: Oko imena bosanskog jezika nema kompromisa","og_description":"BiH \u2013 Pod predsjedavanjem reisu-l-uleme Huseina ef. Kavazovi\u0107a u Sarajevu je danas odr\u017eana 12. \u00a0redovna sjednica Rijaseta Islamske zajednice u Bosni i Hercegovini\u00a0 Sjednici Rijaseta su prisustvovali \u010dlanovi Rijaseta: zamjenik reisu-l-uleme Husein ef. Smaji\u0107, direktor Uprave za obrazovanje i nauku dr. Enes ef. Kari\u0107, direktor Uprave za vanjske poslove i dijasporu Razim ef. \u010coli\u0107, direktor [&hellip;]","og_url":"https:\/\/sandzakpress.net\/arhiva\/rijaset-islamske-zajednice-u-bih-oko-imena-bosanskog-jezika-nema-kompromisa\/","og_site_name":"Sand\u017eak PRESS","article_published_time":"2015-08-28T08:43:42+00:00","og_image":[{"width":900,"height":676,"url":"https:\/\/sandzakpress.net\/arhiva\/wp-content\/uploads\/2015\/08\/34fad27ef22b34b5f23e3db7f3fcfa3b_XL1.jpg","type":"image\/jpeg"}],"author":"bosniak","twitter_card":"summary_large_image","twitter_misc":{"Written by":"bosniak","Est. reading time":"5 minuta"},"schema":{"@context":"https:\/\/schema.org","@graph":[{"@type":"Article","@id":"https:\/\/sandzakpress.net\/arhiva\/rijaset-islamske-zajednice-u-bih-oko-imena-bosanskog-jezika-nema-kompromisa\/#article","isPartOf":{"@id":"https:\/\/sandzakpress.net\/arhiva\/rijaset-islamske-zajednice-u-bih-oko-imena-bosanskog-jezika-nema-kompromisa\/"},"author":{"name":"bosniak","@id":"https:\/\/sandzakpress.net\/arhiva\/#\/schema\/person\/c8baee722073534b583ea7bdb2e36c02"},"headline":"Rijaset Islamske zajednice u BiH: Oko imena bosanskog jezika nema kompromisa","datePublished":"2015-08-28T08:43:42+00:00","mainEntityOfPage":{"@id":"https:\/\/sandzakpress.net\/arhiva\/rijaset-islamske-zajednice-u-bih-oko-imena-bosanskog-jezika-nema-kompromisa\/"},"wordCount":990,"commentCount":1,"publisher":{"@id":"https:\/\/sandzakpress.net\/arhiva\/#\/schema\/person\/6e72b67d6e51910a1117b3b483ba20bd"},"image":{"@id":"https:\/\/sandzakpress.net\/arhiva\/rijaset-islamske-zajednice-u-bih-oko-imena-bosanskog-jezika-nema-kompromisa\/#primaryimage"},"thumbnailUrl":"https:\/\/sandzakpress.net\/arhiva\/wp-content\/uploads\/2015\/08\/34fad27ef22b34b5f23e3db7f3fcfa3b_XL1.jpg","keywords":["Bosna i Hercegovina"],"articleSection":["Bosna PRESS"],"inLanguage":"bs-BA","potentialAction":[{"@type":"CommentAction","name":"Comment","target":["https:\/\/sandzakpress.net\/arhiva\/rijaset-islamske-zajednice-u-bih-oko-imena-bosanskog-jezika-nema-kompromisa\/#respond"]}]},{"@type":"WebPage","@id":"https:\/\/sandzakpress.net\/arhiva\/rijaset-islamske-zajednice-u-bih-oko-imena-bosanskog-jezika-nema-kompromisa\/","url":"https:\/\/sandzakpress.net\/arhiva\/rijaset-islamske-zajednice-u-bih-oko-imena-bosanskog-jezika-nema-kompromisa\/","name":"Rijaset Islamske zajednice u BiH: Oko imena bosanskog jezika nema kompromisa","isPartOf":{"@id":"https:\/\/sandzakpress.net\/arhiva\/#website"},"primaryImageOfPage":{"@id":"https:\/\/sandzakpress.net\/arhiva\/rijaset-islamske-zajednice-u-bih-oko-imena-bosanskog-jezika-nema-kompromisa\/#primaryimage"},"image":{"@id":"https:\/\/sandzakpress.net\/arhiva\/rijaset-islamske-zajednice-u-bih-oko-imena-bosanskog-jezika-nema-kompromisa\/#primaryimage"},"thumbnailUrl":"https:\/\/sandzakpress.net\/arhiva\/wp-content\/uploads\/2015\/08\/34fad27ef22b34b5f23e3db7f3fcfa3b_XL1.jpg","datePublished":"2015-08-28T08:43:42+00:00","breadcrumb":{"@id":"https:\/\/sandzakpress.net\/arhiva\/rijaset-islamske-zajednice-u-bih-oko-imena-bosanskog-jezika-nema-kompromisa\/#breadcrumb"},"inLanguage":"bs-BA","potentialAction":[{"@type":"ReadAction","target":["https:\/\/sandzakpress.net\/arhiva\/rijaset-islamske-zajednice-u-bih-oko-imena-bosanskog-jezika-nema-kompromisa\/"]}]},{"@type":"ImageObject","inLanguage":"bs-BA","@id":"https:\/\/sandzakpress.net\/arhiva\/rijaset-islamske-zajednice-u-bih-oko-imena-bosanskog-jezika-nema-kompromisa\/#primaryimage","url":"https:\/\/sandzakpress.net\/arhiva\/wp-content\/uploads\/2015\/08\/34fad27ef22b34b5f23e3db7f3fcfa3b_XL1.jpg","contentUrl":"https:\/\/sandzakpress.net\/arhiva\/wp-content\/uploads\/2015\/08\/34fad27ef22b34b5f23e3db7f3fcfa3b_XL1.jpg","width":900,"height":676},{"@type":"BreadcrumbList","@id":"https:\/\/sandzakpress.net\/arhiva\/rijaset-islamske-zajednice-u-bih-oko-imena-bosanskog-jezika-nema-kompromisa\/#breadcrumb","itemListElement":[{"@type":"ListItem","position":1,"name":"Home","item":"https:\/\/sandzakpress.net\/arhiva\/"},{"@type":"ListItem","position":2,"name":"Rijaset Islamske zajednice u BiH: Oko imena bosanskog jezika nema kompromisa"}]},{"@type":"WebSite","@id":"https:\/\/sandzakpress.net\/arhiva\/#website","url":"https:\/\/sandzakpress.net\/arhiva\/","name":"Sand\u017eak PRESS","description":"Prve elektronske novine u Sand\u017eaku","publisher":{"@id":"https:\/\/sandzakpress.net\/arhiva\/#\/schema\/person\/6e72b67d6e51910a1117b3b483ba20bd"},"potentialAction":[{"@type":"SearchAction","target":{"@type":"EntryPoint","urlTemplate":"https:\/\/sandzakpress.net\/arhiva\/?s={search_term_string}"},"query-input":{"@type":"PropertyValueSpecification","valueRequired":true,"valueName":"search_term_string"}}],"inLanguage":"bs-BA"},{"@type":["Person","Organization"],"@id":"https:\/\/sandzakpress.net\/arhiva\/#\/schema\/person\/6e72b67d6e51910a1117b3b483ba20bd","name":"Kul","image":{"@type":"ImageObject","inLanguage":"bs-BA","@id":"https:\/\/sandzakpress.net\/arhiva\/#\/schema\/person\/image\/","url":"https:\/\/secure.gravatar.com\/avatar\/42263f39aa27ac04c43cab85c280eb2e?s=96&d=mm&r=pg","contentUrl":"https:\/\/secure.gravatar.com\/avatar\/42263f39aa27ac04c43cab85c280eb2e?s=96&d=mm&r=pg","caption":"Kul"},"logo":{"@id":"https:\/\/sandzakpress.net\/arhiva\/#\/schema\/person\/image\/"}},{"@type":"Person","@id":"https:\/\/sandzakpress.net\/arhiva\/#\/schema\/person\/c8baee722073534b583ea7bdb2e36c02","name":"bosniak","image":{"@type":"ImageObject","inLanguage":"bs-BA","@id":"https:\/\/sandzakpress.net\/arhiva\/#\/schema\/person\/image\/","url":"https:\/\/secure.gravatar.com\/avatar\/a04fd330bfe3a36a72a0ad4a6d89fca7?s=96&d=mm&r=pg","contentUrl":"https:\/\/secure.gravatar.com\/avatar\/a04fd330bfe3a36a72a0ad4a6d89fca7?s=96&d=mm&r=pg","caption":"bosniak"},"url":"https:\/\/sandzakpress.net\/arhiva\/author\/bosniak\/"}]}},"_links":{"self":[{"href":"https:\/\/sandzakpress.net\/arhiva\/wp-json\/wp\/v2\/posts\/134928"}],"collection":[{"href":"https:\/\/sandzakpress.net\/arhiva\/wp-json\/wp\/v2\/posts"}],"about":[{"href":"https:\/\/sandzakpress.net\/arhiva\/wp-json\/wp\/v2\/types\/post"}],"author":[{"embeddable":true,"href":"https:\/\/sandzakpress.net\/arhiva\/wp-json\/wp\/v2\/users\/83"}],"replies":[{"embeddable":true,"href":"https:\/\/sandzakpress.net\/arhiva\/wp-json\/wp\/v2\/comments?post=134928"}],"version-history":[{"count":0,"href":"https:\/\/sandzakpress.net\/arhiva\/wp-json\/wp\/v2\/posts\/134928\/revisions"}],"wp:featuredmedia":[{"embeddable":true,"href":"https:\/\/sandzakpress.net\/arhiva\/wp-json\/wp\/v2\/media\/134930"}],"wp:attachment":[{"href":"https:\/\/sandzakpress.net\/arhiva\/wp-json\/wp\/v2\/media?parent=134928"}],"wp:term":[{"taxonomy":"category","embeddable":true,"href":"https:\/\/sandzakpress.net\/arhiva\/wp-json\/wp\/v2\/categories?post=134928"},{"taxonomy":"post_tag","embeddable":true,"href":"https:\/\/sandzakpress.net\/arhiva\/wp-json\/wp\/v2\/tags?post=134928"}],"curies":[{"name":"wp","href":"https:\/\/api.w.org\/{rel}","templated":true}]}}