{"id":134923,"date":"2015-08-28T09:08:51","date_gmt":"2015-08-28T07:08:51","guid":{"rendered":"https:\/\/sandzakpress.net\/arhiva\/ministarstvo-poljoprivrede-hrvatske-nase-je-pravo-zastititi-potrosace-u-eu-i-interese-nasih-gradana"},"modified":"2015-08-28T09:08:51","modified_gmt":"2015-08-28T07:08:51","slug":"ministarstvo-poljoprivrede-hrvatske-nase-je-pravo-zastititi-potrosace-u-eu-i-interese-nasih-gradana","status":"publish","type":"post","link":"https:\/\/sandzakpress.net\/arhiva\/ministarstvo-poljoprivrede-hrvatske-nase-je-pravo-zastititi-potrosace-u-eu-i-interese-nasih-gradana\/","title":{"rendered":"Ministarstvo poljoprivrede Hrvatske: Na\u0161e je pravo za\u0161tititi potro\u0161a\u010de u EU i interese na\u0161ih gra\u0111ana"},"content":{"rendered":"<p><img loading=\"lazy\" decoding=\"async\" class=\"\" src=\"http:\/\/www.blic.rs\/data\/images\/2013-02-18\/315131_mleko01rasfoto-mladen-surjanac_f.jpg?ver=1361374149\" alt=\"\" width=\"601\" height=\"345\" \/><\/p>\n<p><strong>HR, BiH \u2013 Iz Ministarstva poljoprivrede Republike Hrvatske nisu \u017eeljeli potvrditi da li je i za\u0161to ova zemlja zatra\u017eila da BiH bude skinuta s liste zemalja koje mogu izvoziti mlijeko u EU.<\/strong><\/p>\n<p>\u201cRepublika Hrvatska punopravna je \u010dlanica Evropske unije, zajednice zemalja koja dijeli tr\u017ei\u0161te od 500 miliona ljudi. Odluke o zajedni\u010dkom tr\u017ei\u0161tu, tr\u017ei\u0161tu s tre\u0107im zemljama, kao i mehanizmima za\u0161tite istog u EU se donose zajedni\u010dki, demokratski i s ciljem za\u0161tite evropskih proizvo\u0111a\u010da i potro\u0161a\u010da. Pravo je i du\u017enost svake zemlje \u010dlanice zauzeti se za svoje interese i interese gra\u0111ana svoje zemlje u procesu dono\u0161enja odluka koje \u0107e vrijediti za sve zemlje \u010dlanice jednako. No, procesi dono\u0161enja i mijenjanja odluka unutra\u0161nja su pitanja Evropske unije te ih ovom prilikom ne \u017eelimo komentarisati\u201d, ka\u017eu za Klix.ba iz ovog ministarstva.<\/p>\n<p>Podsje\u0107aju da Evropska komisija u ime svih zemalja \u010dlanica propituje i predla\u017ee ili zabranjuje trgovinu odre\u0111enih proizvoda sa tre\u0107im zemljama te da nijedna dr\u017eava \u010dlanica nema mogu\u0107nost bilateralno ure\u0111ivati trgovinske odnose s tre\u0107im zemljama.<\/p>\n<p>\u201cPravila sigurnosti hrane zajedni\u010dkog evropskog tr\u017ei\u0161ta vrijede za sve zemlje \u010dlanice jednako, ali i za sve proizvode, odnosno objekte, u tre\u0107im zemljama koji \u017eele u\u010destvovati na evropskom tr\u017ei\u0161tu\u201d, dodaju iz Ministarstva poljoprivrede Republike Hrvatske.<\/p>\n<p>(klix)<\/p>\n<p>Pogledajte vijest na izvornom sajtu:<\/p>\n<p><a href=\"http:\/\/bosnapress.net\/ministarstvo-poljoprivrede-hrvatske-nase-je-pravo-zastititi-potrosace-u-eu-i-interese-nasih-gradana\/\" target=\"_blank\">Ministarstvo poljoprivrede Hrvatske: Na\u0161e je pravo za\u0161tititi potro\u0161a\u010de u EU i interese na\u0161ih gra\u0111ana<\/a><\/p>\n","protected":false},"excerpt":{"rendered":"<p>HR, BiH \u2013 Iz Ministarstva poljoprivrede Republike Hrvatske nisu \u017eeljeli potvrditi da li je i za\u0161to ova zemlja zatra\u017eila da BiH bude skinuta s liste zemalja koje mogu izvoziti mlijeko u EU. \u201cRepublika Hrvatska punopravna je \u010dlanica Evropske unije, zajednice zemalja koja dijeli tr\u017ei\u0161te od 500 miliona ljudi. Odluke o zajedni\u010dkom tr\u017ei\u0161tu, tr\u017ei\u0161tu s tre\u0107im [&hellip;]<\/p>\n","protected":false},"author":83,"featured_media":134924,"comment_status":"open","ping_status":"open","sticky":false,"template":"","format":"standard","meta":{"footnotes":""},"categories":[10513],"tags":[10466],"class_list":{"0":"post-134923","1":"post","2":"type-post","3":"status-publish","4":"format-standard","5":"has-post-thumbnail","7":"category-bosna-press","8":"tag-bosna-i-hercegovina"},"yoast_head":"<!-- This site is optimized with the Yoast SEO Premium plugin v23.1 (Yoast SEO v24.9) - https:\/\/yoast.com\/wordpress\/plugins\/seo\/ -->\n<title>Ministarstvo poljoprivrede Hrvatske: Na\u0161e je pravo za\u0161tititi potro\u0161a\u010de u EU i interese na\u0161ih gra\u0111ana<\/title>\n<meta name=\"robots\" content=\"index, follow, max-snippet:-1, max-image-preview:large, max-video-preview:-1\" \/>\n<link rel=\"canonical\" href=\"https:\/\/sandzakpress.net\/arhiva\/ministarstvo-poljoprivrede-hrvatske-nase-je-pravo-zastititi-potrosace-u-eu-i-interese-nasih-gradana\/\" \/>\n<meta property=\"og:locale\" content=\"bs_BA\" \/>\n<meta property=\"og:type\" content=\"article\" \/>\n<meta property=\"og:title\" content=\"Ministarstvo poljoprivrede Hrvatske: Na\u0161e je pravo za\u0161tititi potro\u0161a\u010de u EU i interese na\u0161ih gra\u0111ana\" \/>\n<meta property=\"og:description\" content=\"HR, BiH \u2013 Iz Ministarstva poljoprivrede Republike Hrvatske nisu \u017eeljeli potvrditi da li je i za\u0161to ova zemlja zatra\u017eila da BiH bude skinuta s liste zemalja koje mogu izvoziti mlijeko u EU. \u201cRepublika Hrvatska punopravna je \u010dlanica Evropske unije, zajednice zemalja koja dijeli tr\u017ei\u0161te od 500 miliona ljudi. Odluke o zajedni\u010dkom tr\u017ei\u0161tu, tr\u017ei\u0161tu s tre\u0107im [&hellip;]\" \/>\n<meta property=\"og:url\" content=\"https:\/\/sandzakpress.net\/arhiva\/ministarstvo-poljoprivrede-hrvatske-nase-je-pravo-zastititi-potrosace-u-eu-i-interese-nasih-gradana\/\" \/>\n<meta property=\"og:site_name\" content=\"Sand\u017eak PRESS\" \/>\n<meta property=\"article:published_time\" content=\"2015-08-28T07:08:51+00:00\" \/>\n<meta property=\"og:image\" content=\"https:\/\/sandzakpress.net\/arhiva\/wp-content\/uploads\/2015\/08\/315131_mleko01rasfoto-mladen-surjanac_f.jpg\" \/>\n\t<meta property=\"og:image:width\" content=\"470\" \/>\n\t<meta property=\"og:image:height\" content=\"270\" \/>\n\t<meta property=\"og:image:type\" content=\"image\/jpeg\" \/>\n<meta name=\"author\" content=\"bosniak\" \/>\n<meta name=\"twitter:card\" content=\"summary_large_image\" \/>\n<meta name=\"twitter:label1\" content=\"Written by\" \/>\n\t<meta name=\"twitter:data1\" content=\"bosniak\" \/>\n\t<meta name=\"twitter:label2\" content=\"Est. reading time\" \/>\n\t<meta name=\"twitter:data2\" content=\"1 minuta\" \/>\n<script type=\"application\/ld+json\" class=\"yoast-schema-graph\">{\"@context\":\"https:\/\/schema.org\",\"@graph\":[{\"@type\":\"Article\",\"@id\":\"https:\/\/sandzakpress.net\/arhiva\/ministarstvo-poljoprivrede-hrvatske-nase-je-pravo-zastititi-potrosace-u-eu-i-interese-nasih-gradana\/#article\",\"isPartOf\":{\"@id\":\"https:\/\/sandzakpress.net\/arhiva\/ministarstvo-poljoprivrede-hrvatske-nase-je-pravo-zastititi-potrosace-u-eu-i-interese-nasih-gradana\/\"},\"author\":{\"name\":\"bosniak\",\"@id\":\"https:\/\/sandzakpress.net\/arhiva\/#\/schema\/person\/c8baee722073534b583ea7bdb2e36c02\"},\"headline\":\"Ministarstvo poljoprivrede Hrvatske: Na\u0161e je pravo za\u0161tititi potro\u0161a\u010de u EU i interese na\u0161ih gra\u0111ana\",\"datePublished\":\"2015-08-28T07:08:51+00:00\",\"mainEntityOfPage\":{\"@id\":\"https:\/\/sandzakpress.net\/arhiva\/ministarstvo-poljoprivrede-hrvatske-nase-je-pravo-zastititi-potrosace-u-eu-i-interese-nasih-gradana\/\"},\"wordCount\":279,\"commentCount\":3,\"publisher\":{\"@id\":\"https:\/\/sandzakpress.net\/arhiva\/#\/schema\/person\/6e72b67d6e51910a1117b3b483ba20bd\"},\"image\":{\"@id\":\"https:\/\/sandzakpress.net\/arhiva\/ministarstvo-poljoprivrede-hrvatske-nase-je-pravo-zastititi-potrosace-u-eu-i-interese-nasih-gradana\/#primaryimage\"},\"thumbnailUrl\":\"https:\/\/sandzakpress.net\/arhiva\/wp-content\/uploads\/2015\/08\/315131_mleko01rasfoto-mladen-surjanac_f.jpg\",\"keywords\":[\"Bosna i Hercegovina\"],\"articleSection\":[\"Bosna PRESS\"],\"inLanguage\":\"bs-BA\",\"potentialAction\":[{\"@type\":\"CommentAction\",\"name\":\"Comment\",\"target\":[\"https:\/\/sandzakpress.net\/arhiva\/ministarstvo-poljoprivrede-hrvatske-nase-je-pravo-zastititi-potrosace-u-eu-i-interese-nasih-gradana\/#respond\"]}]},{\"@type\":\"WebPage\",\"@id\":\"https:\/\/sandzakpress.net\/arhiva\/ministarstvo-poljoprivrede-hrvatske-nase-je-pravo-zastititi-potrosace-u-eu-i-interese-nasih-gradana\/\",\"url\":\"https:\/\/sandzakpress.net\/arhiva\/ministarstvo-poljoprivrede-hrvatske-nase-je-pravo-zastititi-potrosace-u-eu-i-interese-nasih-gradana\/\",\"name\":\"Ministarstvo poljoprivrede Hrvatske: Na\u0161e je pravo za\u0161tititi potro\u0161a\u010de u EU i interese na\u0161ih gra\u0111ana\",\"isPartOf\":{\"@id\":\"https:\/\/sandzakpress.net\/arhiva\/#website\"},\"primaryImageOfPage\":{\"@id\":\"https:\/\/sandzakpress.net\/arhiva\/ministarstvo-poljoprivrede-hrvatske-nase-je-pravo-zastititi-potrosace-u-eu-i-interese-nasih-gradana\/#primaryimage\"},\"image\":{\"@id\":\"https:\/\/sandzakpress.net\/arhiva\/ministarstvo-poljoprivrede-hrvatske-nase-je-pravo-zastititi-potrosace-u-eu-i-interese-nasih-gradana\/#primaryimage\"},\"thumbnailUrl\":\"https:\/\/sandzakpress.net\/arhiva\/wp-content\/uploads\/2015\/08\/315131_mleko01rasfoto-mladen-surjanac_f.jpg\",\"datePublished\":\"2015-08-28T07:08:51+00:00\",\"breadcrumb\":{\"@id\":\"https:\/\/sandzakpress.net\/arhiva\/ministarstvo-poljoprivrede-hrvatske-nase-je-pravo-zastititi-potrosace-u-eu-i-interese-nasih-gradana\/#breadcrumb\"},\"inLanguage\":\"bs-BA\",\"potentialAction\":[{\"@type\":\"ReadAction\",\"target\":[\"https:\/\/sandzakpress.net\/arhiva\/ministarstvo-poljoprivrede-hrvatske-nase-je-pravo-zastititi-potrosace-u-eu-i-interese-nasih-gradana\/\"]}]},{\"@type\":\"ImageObject\",\"inLanguage\":\"bs-BA\",\"@id\":\"https:\/\/sandzakpress.net\/arhiva\/ministarstvo-poljoprivrede-hrvatske-nase-je-pravo-zastititi-potrosace-u-eu-i-interese-nasih-gradana\/#primaryimage\",\"url\":\"https:\/\/sandzakpress.net\/arhiva\/wp-content\/uploads\/2015\/08\/315131_mleko01rasfoto-mladen-surjanac_f.jpg\",\"contentUrl\":\"https:\/\/sandzakpress.net\/arhiva\/wp-content\/uploads\/2015\/08\/315131_mleko01rasfoto-mladen-surjanac_f.jpg\",\"width\":470,\"height\":270},{\"@type\":\"BreadcrumbList\",\"@id\":\"https:\/\/sandzakpress.net\/arhiva\/ministarstvo-poljoprivrede-hrvatske-nase-je-pravo-zastititi-potrosace-u-eu-i-interese-nasih-gradana\/#breadcrumb\",\"itemListElement\":[{\"@type\":\"ListItem\",\"position\":1,\"name\":\"Home\",\"item\":\"https:\/\/sandzakpress.net\/arhiva\/\"},{\"@type\":\"ListItem\",\"position\":2,\"name\":\"Ministarstvo poljoprivrede Hrvatske: Na\u0161e je pravo za\u0161tititi potro\u0161a\u010de u EU i interese na\u0161ih gra\u0111ana\"}]},{\"@type\":\"WebSite\",\"@id\":\"https:\/\/sandzakpress.net\/arhiva\/#website\",\"url\":\"https:\/\/sandzakpress.net\/arhiva\/\",\"name\":\"Sand\u017eak PRESS\",\"description\":\"Prve elektronske novine u Sand\u017eaku\",\"publisher\":{\"@id\":\"https:\/\/sandzakpress.net\/arhiva\/#\/schema\/person\/6e72b67d6e51910a1117b3b483ba20bd\"},\"potentialAction\":[{\"@type\":\"SearchAction\",\"target\":{\"@type\":\"EntryPoint\",\"urlTemplate\":\"https:\/\/sandzakpress.net\/arhiva\/?s={search_term_string}\"},\"query-input\":{\"@type\":\"PropertyValueSpecification\",\"valueRequired\":true,\"valueName\":\"search_term_string\"}}],\"inLanguage\":\"bs-BA\"},{\"@type\":[\"Person\",\"Organization\"],\"@id\":\"https:\/\/sandzakpress.net\/arhiva\/#\/schema\/person\/6e72b67d6e51910a1117b3b483ba20bd\",\"name\":\"Kul\",\"image\":{\"@type\":\"ImageObject\",\"inLanguage\":\"bs-BA\",\"@id\":\"https:\/\/sandzakpress.net\/arhiva\/#\/schema\/person\/image\/\",\"url\":\"https:\/\/secure.gravatar.com\/avatar\/42263f39aa27ac04c43cab85c280eb2e?s=96&d=mm&r=pg\",\"contentUrl\":\"https:\/\/secure.gravatar.com\/avatar\/42263f39aa27ac04c43cab85c280eb2e?s=96&d=mm&r=pg\",\"caption\":\"Kul\"},\"logo\":{\"@id\":\"https:\/\/sandzakpress.net\/arhiva\/#\/schema\/person\/image\/\"}},{\"@type\":\"Person\",\"@id\":\"https:\/\/sandzakpress.net\/arhiva\/#\/schema\/person\/c8baee722073534b583ea7bdb2e36c02\",\"name\":\"bosniak\",\"image\":{\"@type\":\"ImageObject\",\"inLanguage\":\"bs-BA\",\"@id\":\"https:\/\/sandzakpress.net\/arhiva\/#\/schema\/person\/image\/\",\"url\":\"https:\/\/secure.gravatar.com\/avatar\/a04fd330bfe3a36a72a0ad4a6d89fca7?s=96&d=mm&r=pg\",\"contentUrl\":\"https:\/\/secure.gravatar.com\/avatar\/a04fd330bfe3a36a72a0ad4a6d89fca7?s=96&d=mm&r=pg\",\"caption\":\"bosniak\"},\"url\":\"https:\/\/sandzakpress.net\/arhiva\/author\/bosniak\/\"}]}<\/script>\n<!-- \/ Yoast SEO Premium plugin. -->","yoast_head_json":{"title":"Ministarstvo poljoprivrede Hrvatske: Na\u0161e je pravo za\u0161tititi potro\u0161a\u010de u EU i interese na\u0161ih gra\u0111ana","robots":{"index":"index","follow":"follow","max-snippet":"max-snippet:-1","max-image-preview":"max-image-preview:large","max-video-preview":"max-video-preview:-1"},"canonical":"https:\/\/sandzakpress.net\/arhiva\/ministarstvo-poljoprivrede-hrvatske-nase-je-pravo-zastititi-potrosace-u-eu-i-interese-nasih-gradana\/","og_locale":"bs_BA","og_type":"article","og_title":"Ministarstvo poljoprivrede Hrvatske: Na\u0161e je pravo za\u0161tititi potro\u0161a\u010de u EU i interese na\u0161ih gra\u0111ana","og_description":"HR, BiH \u2013 Iz Ministarstva poljoprivrede Republike Hrvatske nisu \u017eeljeli potvrditi da li je i za\u0161to ova zemlja zatra\u017eila da BiH bude skinuta s liste zemalja koje mogu izvoziti mlijeko u EU. \u201cRepublika Hrvatska punopravna je \u010dlanica Evropske unije, zajednice zemalja koja dijeli tr\u017ei\u0161te od 500 miliona ljudi. Odluke o zajedni\u010dkom tr\u017ei\u0161tu, tr\u017ei\u0161tu s tre\u0107im [&hellip;]","og_url":"https:\/\/sandzakpress.net\/arhiva\/ministarstvo-poljoprivrede-hrvatske-nase-je-pravo-zastititi-potrosace-u-eu-i-interese-nasih-gradana\/","og_site_name":"Sand\u017eak PRESS","article_published_time":"2015-08-28T07:08:51+00:00","og_image":[{"width":470,"height":270,"url":"https:\/\/sandzakpress.net\/arhiva\/wp-content\/uploads\/2015\/08\/315131_mleko01rasfoto-mladen-surjanac_f.jpg","type":"image\/jpeg"}],"author":"bosniak","twitter_card":"summary_large_image","twitter_misc":{"Written by":"bosniak","Est. reading time":"1 minuta"},"schema":{"@context":"https:\/\/schema.org","@graph":[{"@type":"Article","@id":"https:\/\/sandzakpress.net\/arhiva\/ministarstvo-poljoprivrede-hrvatske-nase-je-pravo-zastititi-potrosace-u-eu-i-interese-nasih-gradana\/#article","isPartOf":{"@id":"https:\/\/sandzakpress.net\/arhiva\/ministarstvo-poljoprivrede-hrvatske-nase-je-pravo-zastititi-potrosace-u-eu-i-interese-nasih-gradana\/"},"author":{"name":"bosniak","@id":"https:\/\/sandzakpress.net\/arhiva\/#\/schema\/person\/c8baee722073534b583ea7bdb2e36c02"},"headline":"Ministarstvo poljoprivrede Hrvatske: Na\u0161e je pravo za\u0161tititi potro\u0161a\u010de u EU i interese na\u0161ih gra\u0111ana","datePublished":"2015-08-28T07:08:51+00:00","mainEntityOfPage":{"@id":"https:\/\/sandzakpress.net\/arhiva\/ministarstvo-poljoprivrede-hrvatske-nase-je-pravo-zastititi-potrosace-u-eu-i-interese-nasih-gradana\/"},"wordCount":279,"commentCount":3,"publisher":{"@id":"https:\/\/sandzakpress.net\/arhiva\/#\/schema\/person\/6e72b67d6e51910a1117b3b483ba20bd"},"image":{"@id":"https:\/\/sandzakpress.net\/arhiva\/ministarstvo-poljoprivrede-hrvatske-nase-je-pravo-zastititi-potrosace-u-eu-i-interese-nasih-gradana\/#primaryimage"},"thumbnailUrl":"https:\/\/sandzakpress.net\/arhiva\/wp-content\/uploads\/2015\/08\/315131_mleko01rasfoto-mladen-surjanac_f.jpg","keywords":["Bosna i Hercegovina"],"articleSection":["Bosna PRESS"],"inLanguage":"bs-BA","potentialAction":[{"@type":"CommentAction","name":"Comment","target":["https:\/\/sandzakpress.net\/arhiva\/ministarstvo-poljoprivrede-hrvatske-nase-je-pravo-zastititi-potrosace-u-eu-i-interese-nasih-gradana\/#respond"]}]},{"@type":"WebPage","@id":"https:\/\/sandzakpress.net\/arhiva\/ministarstvo-poljoprivrede-hrvatske-nase-je-pravo-zastititi-potrosace-u-eu-i-interese-nasih-gradana\/","url":"https:\/\/sandzakpress.net\/arhiva\/ministarstvo-poljoprivrede-hrvatske-nase-je-pravo-zastititi-potrosace-u-eu-i-interese-nasih-gradana\/","name":"Ministarstvo poljoprivrede Hrvatske: Na\u0161e je pravo za\u0161tititi potro\u0161a\u010de u EU i interese na\u0161ih gra\u0111ana","isPartOf":{"@id":"https:\/\/sandzakpress.net\/arhiva\/#website"},"primaryImageOfPage":{"@id":"https:\/\/sandzakpress.net\/arhiva\/ministarstvo-poljoprivrede-hrvatske-nase-je-pravo-zastititi-potrosace-u-eu-i-interese-nasih-gradana\/#primaryimage"},"image":{"@id":"https:\/\/sandzakpress.net\/arhiva\/ministarstvo-poljoprivrede-hrvatske-nase-je-pravo-zastititi-potrosace-u-eu-i-interese-nasih-gradana\/#primaryimage"},"thumbnailUrl":"https:\/\/sandzakpress.net\/arhiva\/wp-content\/uploads\/2015\/08\/315131_mleko01rasfoto-mladen-surjanac_f.jpg","datePublished":"2015-08-28T07:08:51+00:00","breadcrumb":{"@id":"https:\/\/sandzakpress.net\/arhiva\/ministarstvo-poljoprivrede-hrvatske-nase-je-pravo-zastititi-potrosace-u-eu-i-interese-nasih-gradana\/#breadcrumb"},"inLanguage":"bs-BA","potentialAction":[{"@type":"ReadAction","target":["https:\/\/sandzakpress.net\/arhiva\/ministarstvo-poljoprivrede-hrvatske-nase-je-pravo-zastititi-potrosace-u-eu-i-interese-nasih-gradana\/"]}]},{"@type":"ImageObject","inLanguage":"bs-BA","@id":"https:\/\/sandzakpress.net\/arhiva\/ministarstvo-poljoprivrede-hrvatske-nase-je-pravo-zastititi-potrosace-u-eu-i-interese-nasih-gradana\/#primaryimage","url":"https:\/\/sandzakpress.net\/arhiva\/wp-content\/uploads\/2015\/08\/315131_mleko01rasfoto-mladen-surjanac_f.jpg","contentUrl":"https:\/\/sandzakpress.net\/arhiva\/wp-content\/uploads\/2015\/08\/315131_mleko01rasfoto-mladen-surjanac_f.jpg","width":470,"height":270},{"@type":"BreadcrumbList","@id":"https:\/\/sandzakpress.net\/arhiva\/ministarstvo-poljoprivrede-hrvatske-nase-je-pravo-zastititi-potrosace-u-eu-i-interese-nasih-gradana\/#breadcrumb","itemListElement":[{"@type":"ListItem","position":1,"name":"Home","item":"https:\/\/sandzakpress.net\/arhiva\/"},{"@type":"ListItem","position":2,"name":"Ministarstvo poljoprivrede Hrvatske: Na\u0161e je pravo za\u0161tititi potro\u0161a\u010de u EU i interese na\u0161ih gra\u0111ana"}]},{"@type":"WebSite","@id":"https:\/\/sandzakpress.net\/arhiva\/#website","url":"https:\/\/sandzakpress.net\/arhiva\/","name":"Sand\u017eak PRESS","description":"Prve elektronske novine u Sand\u017eaku","publisher":{"@id":"https:\/\/sandzakpress.net\/arhiva\/#\/schema\/person\/6e72b67d6e51910a1117b3b483ba20bd"},"potentialAction":[{"@type":"SearchAction","target":{"@type":"EntryPoint","urlTemplate":"https:\/\/sandzakpress.net\/arhiva\/?s={search_term_string}"},"query-input":{"@type":"PropertyValueSpecification","valueRequired":true,"valueName":"search_term_string"}}],"inLanguage":"bs-BA"},{"@type":["Person","Organization"],"@id":"https:\/\/sandzakpress.net\/arhiva\/#\/schema\/person\/6e72b67d6e51910a1117b3b483ba20bd","name":"Kul","image":{"@type":"ImageObject","inLanguage":"bs-BA","@id":"https:\/\/sandzakpress.net\/arhiva\/#\/schema\/person\/image\/","url":"https:\/\/secure.gravatar.com\/avatar\/42263f39aa27ac04c43cab85c280eb2e?s=96&d=mm&r=pg","contentUrl":"https:\/\/secure.gravatar.com\/avatar\/42263f39aa27ac04c43cab85c280eb2e?s=96&d=mm&r=pg","caption":"Kul"},"logo":{"@id":"https:\/\/sandzakpress.net\/arhiva\/#\/schema\/person\/image\/"}},{"@type":"Person","@id":"https:\/\/sandzakpress.net\/arhiva\/#\/schema\/person\/c8baee722073534b583ea7bdb2e36c02","name":"bosniak","image":{"@type":"ImageObject","inLanguage":"bs-BA","@id":"https:\/\/sandzakpress.net\/arhiva\/#\/schema\/person\/image\/","url":"https:\/\/secure.gravatar.com\/avatar\/a04fd330bfe3a36a72a0ad4a6d89fca7?s=96&d=mm&r=pg","contentUrl":"https:\/\/secure.gravatar.com\/avatar\/a04fd330bfe3a36a72a0ad4a6d89fca7?s=96&d=mm&r=pg","caption":"bosniak"},"url":"https:\/\/sandzakpress.net\/arhiva\/author\/bosniak\/"}]}},"_links":{"self":[{"href":"https:\/\/sandzakpress.net\/arhiva\/wp-json\/wp\/v2\/posts\/134923"}],"collection":[{"href":"https:\/\/sandzakpress.net\/arhiva\/wp-json\/wp\/v2\/posts"}],"about":[{"href":"https:\/\/sandzakpress.net\/arhiva\/wp-json\/wp\/v2\/types\/post"}],"author":[{"embeddable":true,"href":"https:\/\/sandzakpress.net\/arhiva\/wp-json\/wp\/v2\/users\/83"}],"replies":[{"embeddable":true,"href":"https:\/\/sandzakpress.net\/arhiva\/wp-json\/wp\/v2\/comments?post=134923"}],"version-history":[{"count":0,"href":"https:\/\/sandzakpress.net\/arhiva\/wp-json\/wp\/v2\/posts\/134923\/revisions"}],"wp:featuredmedia":[{"embeddable":true,"href":"https:\/\/sandzakpress.net\/arhiva\/wp-json\/wp\/v2\/media\/134924"}],"wp:attachment":[{"href":"https:\/\/sandzakpress.net\/arhiva\/wp-json\/wp\/v2\/media?parent=134923"}],"wp:term":[{"taxonomy":"category","embeddable":true,"href":"https:\/\/sandzakpress.net\/arhiva\/wp-json\/wp\/v2\/categories?post=134923"},{"taxonomy":"post_tag","embeddable":true,"href":"https:\/\/sandzakpress.net\/arhiva\/wp-json\/wp\/v2\/tags?post=134923"}],"curies":[{"name":"wp","href":"https:\/\/api.w.org\/{rel}","templated":true}]}}