{"id":134883,"date":"2015-08-27T14:53:07","date_gmt":"2015-08-27T12:53:07","guid":{"rendered":"https:\/\/sandzakpress.net\/arhiva\/?p=134883"},"modified":"2015-08-27T14:53:07","modified_gmt":"2015-08-27T12:53:07","slug":"petnjica-gaseci-pozar-na-autu-zapalio-okolnu-sumu","status":"publish","type":"post","link":"https:\/\/sandzakpress.net\/arhiva\/petnjica-gaseci-pozar-na-autu-zapalio-okolnu-sumu\/","title":{"rendered":"Petnjica: Gase\u0107i po\u017ear na autu zapalio okolnu \u0161umu"},"content":{"rendered":"<p><strong><img loading=\"lazy\" decoding=\"async\" class=\"alignnone size-full wp-image-91967\" src=\"http:\/\/www.sandzacke.rs\/wp-content\/uploads\/2015\/08\/pozar-suma-3.jpg\" alt=\"pozar suma 3\" width=\"640\" height=\"400\" \/><\/strong><\/p>\n<p><strong>Petnjica &#8211; Jedan mje\u0161tanin Petnjice nehoti\u010dno je, gase\u0107i svoj auto na kojem se dogodio po\u017ear, zapalio okolnu \u0161umu.<\/strong><\/p>\n<p>Incident se dogodio na lokalnom putu od Petnjice prema selu Bor i to tako \u0161to je voza\u010d u namjeri da ugasi po\u017ear na svom automobilu, iz gepeka umjesto bidona sa vodom izvadio bidon sa rezervnim benzinom i polio auto.<\/p>\n<p>Tada se vatra rasplamsala i pro\u0161irila na \u0161umu u okolini, on je bio prinu\u0111en da pozove vatrogasce iz Berana.<\/p>\n<p>\u201cKada je shvatio da je umjesto vode u bidonu benzin, on ga je mahinalno bacio, a onda se vatra ra\u0161irila na \u0161umu. Automobil je prili\u010dno havarisan u po\u017earu, a \u0161umu smo uspjeli da spasimo. Kada smo dobili poziv najprije smo pomislili da je u pitanju \u0161ala, sve dok \u010dovjek nije zavapio \u2013 aman ljudi, nije va\u017ean auto, spa\u0161avajte \u0161umu\u201d, ispri\u010dao je portalu Vijesti jedan od beranskih vatrogasaca.<\/p>\n<p>Mjesto incidenta od Berana je udaljeno preko dvadeset kilometara. U Petnjici jo\u0161 ne postoji vatrogasna slu\u017eba.<\/p>\n<p>(Vijesti)<\/p>\n","protected":false},"excerpt":{"rendered":"<p>Petnjica &#8211; Jedan mje\u0161tanin Petnjice nehoti\u010dno je, gase\u0107i svoj auto na kojem se dogodio po\u017ear, zapalio okolnu \u0161umu. Incident se dogodio na lokalnom putu od Petnjice prema selu Bor i to tako \u0161to je voza\u010d u namjeri da ugasi po\u017ear na svom automobilu, iz gepeka umjesto bidona sa vodom izvadio bidon sa rezervnim benzinom i [&hellip;]<\/p>\n","protected":false},"author":83,"featured_media":134884,"comment_status":"open","ping_status":"open","sticky":false,"template":"","format":"standard","meta":{"footnotes":""},"categories":[10174,801],"tags":[],"class_list":{"0":"post-134883","1":"post","2":"type-post","3":"status-publish","4":"format-standard","5":"has-post-thumbnail","7":"category-petnjica-vase-vijesti","8":"category-crna_hronika"},"yoast_head":"<!-- This site is optimized with the Yoast SEO Premium plugin v23.1 (Yoast SEO v24.9) - https:\/\/yoast.com\/wordpress\/plugins\/seo\/ -->\n<title>Petnjica: Gase\u0107i po\u017ear na autu zapalio okolnu \u0161umu<\/title>\n<meta name=\"robots\" content=\"index, follow, max-snippet:-1, max-image-preview:large, max-video-preview:-1\" \/>\n<link rel=\"canonical\" href=\"https:\/\/sandzakpress.net\/arhiva\/petnjica-gaseci-pozar-na-autu-zapalio-okolnu-sumu\/\" \/>\n<meta property=\"og:locale\" content=\"bs_BA\" \/>\n<meta property=\"og:type\" content=\"article\" \/>\n<meta property=\"og:title\" content=\"Petnjica: Gase\u0107i po\u017ear na autu zapalio okolnu \u0161umu\" \/>\n<meta property=\"og:description\" content=\"Petnjica &#8211; Jedan mje\u0161tanin Petnjice nehoti\u010dno je, gase\u0107i svoj auto na kojem se dogodio po\u017ear, zapalio okolnu \u0161umu. Incident se dogodio na lokalnom putu od Petnjice prema selu Bor i to tako \u0161to je voza\u010d u namjeri da ugasi po\u017ear na svom automobilu, iz gepeka umjesto bidona sa vodom izvadio bidon sa rezervnim benzinom i [&hellip;]\" \/>\n<meta property=\"og:url\" content=\"https:\/\/sandzakpress.net\/arhiva\/petnjica-gaseci-pozar-na-autu-zapalio-okolnu-sumu\/\" \/>\n<meta property=\"og:site_name\" content=\"Sand\u017eak PRESS\" \/>\n<meta property=\"article:published_time\" content=\"2015-08-27T12:53:07+00:00\" \/>\n<meta property=\"og:image\" content=\"https:\/\/sandzakpress.net\/arhiva\/wp-content\/uploads\/2015\/08\/pozar-suma-3.jpg\" \/>\n\t<meta property=\"og:image:width\" content=\"640\" \/>\n\t<meta property=\"og:image:height\" content=\"400\" \/>\n\t<meta property=\"og:image:type\" content=\"image\/jpeg\" \/>\n<meta name=\"author\" content=\"bosniak\" \/>\n<meta name=\"twitter:card\" content=\"summary_large_image\" \/>\n<meta name=\"twitter:label1\" content=\"Written by\" \/>\n\t<meta name=\"twitter:data1\" content=\"bosniak\" \/>\n\t<meta name=\"twitter:label2\" content=\"Est. reading time\" \/>\n\t<meta name=\"twitter:data2\" content=\"1 minuta\" \/>\n<script type=\"application\/ld+json\" class=\"yoast-schema-graph\">{\"@context\":\"https:\/\/schema.org\",\"@graph\":[{\"@type\":\"Article\",\"@id\":\"https:\/\/sandzakpress.net\/arhiva\/petnjica-gaseci-pozar-na-autu-zapalio-okolnu-sumu\/#article\",\"isPartOf\":{\"@id\":\"https:\/\/sandzakpress.net\/arhiva\/petnjica-gaseci-pozar-na-autu-zapalio-okolnu-sumu\/\"},\"author\":{\"name\":\"bosniak\",\"@id\":\"https:\/\/sandzakpress.net\/arhiva\/#\/schema\/person\/c8baee722073534b583ea7bdb2e36c02\"},\"headline\":\"Petnjica: Gase\u0107i po\u017ear na autu zapalio okolnu \u0161umu\",\"datePublished\":\"2015-08-27T12:53:07+00:00\",\"mainEntityOfPage\":{\"@id\":\"https:\/\/sandzakpress.net\/arhiva\/petnjica-gaseci-pozar-na-autu-zapalio-okolnu-sumu\/\"},\"wordCount\":183,\"commentCount\":2,\"publisher\":{\"@id\":\"https:\/\/sandzakpress.net\/arhiva\/#\/schema\/person\/6e72b67d6e51910a1117b3b483ba20bd\"},\"image\":{\"@id\":\"https:\/\/sandzakpress.net\/arhiva\/petnjica-gaseci-pozar-na-autu-zapalio-okolnu-sumu\/#primaryimage\"},\"thumbnailUrl\":\"https:\/\/sandzakpress.net\/arhiva\/wp-content\/uploads\/2015\/08\/pozar-suma-3.jpg\",\"articleSection\":[\"Petnjica\",\"Hronika\"],\"inLanguage\":\"bs-BA\",\"potentialAction\":[{\"@type\":\"CommentAction\",\"name\":\"Comment\",\"target\":[\"https:\/\/sandzakpress.net\/arhiva\/petnjica-gaseci-pozar-na-autu-zapalio-okolnu-sumu\/#respond\"]}]},{\"@type\":\"WebPage\",\"@id\":\"https:\/\/sandzakpress.net\/arhiva\/petnjica-gaseci-pozar-na-autu-zapalio-okolnu-sumu\/\",\"url\":\"https:\/\/sandzakpress.net\/arhiva\/petnjica-gaseci-pozar-na-autu-zapalio-okolnu-sumu\/\",\"name\":\"Petnjica: Gase\u0107i po\u017ear na autu zapalio okolnu \u0161umu\",\"isPartOf\":{\"@id\":\"https:\/\/sandzakpress.net\/arhiva\/#website\"},\"primaryImageOfPage\":{\"@id\":\"https:\/\/sandzakpress.net\/arhiva\/petnjica-gaseci-pozar-na-autu-zapalio-okolnu-sumu\/#primaryimage\"},\"image\":{\"@id\":\"https:\/\/sandzakpress.net\/arhiva\/petnjica-gaseci-pozar-na-autu-zapalio-okolnu-sumu\/#primaryimage\"},\"thumbnailUrl\":\"https:\/\/sandzakpress.net\/arhiva\/wp-content\/uploads\/2015\/08\/pozar-suma-3.jpg\",\"datePublished\":\"2015-08-27T12:53:07+00:00\",\"breadcrumb\":{\"@id\":\"https:\/\/sandzakpress.net\/arhiva\/petnjica-gaseci-pozar-na-autu-zapalio-okolnu-sumu\/#breadcrumb\"},\"inLanguage\":\"bs-BA\",\"potentialAction\":[{\"@type\":\"ReadAction\",\"target\":[\"https:\/\/sandzakpress.net\/arhiva\/petnjica-gaseci-pozar-na-autu-zapalio-okolnu-sumu\/\"]}]},{\"@type\":\"ImageObject\",\"inLanguage\":\"bs-BA\",\"@id\":\"https:\/\/sandzakpress.net\/arhiva\/petnjica-gaseci-pozar-na-autu-zapalio-okolnu-sumu\/#primaryimage\",\"url\":\"https:\/\/sandzakpress.net\/arhiva\/wp-content\/uploads\/2015\/08\/pozar-suma-3.jpg\",\"contentUrl\":\"https:\/\/sandzakpress.net\/arhiva\/wp-content\/uploads\/2015\/08\/pozar-suma-3.jpg\",\"width\":640,\"height\":400},{\"@type\":\"BreadcrumbList\",\"@id\":\"https:\/\/sandzakpress.net\/arhiva\/petnjica-gaseci-pozar-na-autu-zapalio-okolnu-sumu\/#breadcrumb\",\"itemListElement\":[{\"@type\":\"ListItem\",\"position\":1,\"name\":\"Home\",\"item\":\"https:\/\/sandzakpress.net\/arhiva\/\"},{\"@type\":\"ListItem\",\"position\":2,\"name\":\"Petnjica: Gase\u0107i po\u017ear na autu zapalio okolnu \u0161umu\"}]},{\"@type\":\"WebSite\",\"@id\":\"https:\/\/sandzakpress.net\/arhiva\/#website\",\"url\":\"https:\/\/sandzakpress.net\/arhiva\/\",\"name\":\"Sand\u017eak PRESS\",\"description\":\"Prve elektronske novine u Sand\u017eaku\",\"publisher\":{\"@id\":\"https:\/\/sandzakpress.net\/arhiva\/#\/schema\/person\/6e72b67d6e51910a1117b3b483ba20bd\"},\"potentialAction\":[{\"@type\":\"SearchAction\",\"target\":{\"@type\":\"EntryPoint\",\"urlTemplate\":\"https:\/\/sandzakpress.net\/arhiva\/?s={search_term_string}\"},\"query-input\":{\"@type\":\"PropertyValueSpecification\",\"valueRequired\":true,\"valueName\":\"search_term_string\"}}],\"inLanguage\":\"bs-BA\"},{\"@type\":[\"Person\",\"Organization\"],\"@id\":\"https:\/\/sandzakpress.net\/arhiva\/#\/schema\/person\/6e72b67d6e51910a1117b3b483ba20bd\",\"name\":\"Kul\",\"image\":{\"@type\":\"ImageObject\",\"inLanguage\":\"bs-BA\",\"@id\":\"https:\/\/sandzakpress.net\/arhiva\/#\/schema\/person\/image\/\",\"url\":\"https:\/\/secure.gravatar.com\/avatar\/42263f39aa27ac04c43cab85c280eb2e?s=96&d=mm&r=pg\",\"contentUrl\":\"https:\/\/secure.gravatar.com\/avatar\/42263f39aa27ac04c43cab85c280eb2e?s=96&d=mm&r=pg\",\"caption\":\"Kul\"},\"logo\":{\"@id\":\"https:\/\/sandzakpress.net\/arhiva\/#\/schema\/person\/image\/\"}},{\"@type\":\"Person\",\"@id\":\"https:\/\/sandzakpress.net\/arhiva\/#\/schema\/person\/c8baee722073534b583ea7bdb2e36c02\",\"name\":\"bosniak\",\"image\":{\"@type\":\"ImageObject\",\"inLanguage\":\"bs-BA\",\"@id\":\"https:\/\/sandzakpress.net\/arhiva\/#\/schema\/person\/image\/\",\"url\":\"https:\/\/secure.gravatar.com\/avatar\/a04fd330bfe3a36a72a0ad4a6d89fca7?s=96&d=mm&r=pg\",\"contentUrl\":\"https:\/\/secure.gravatar.com\/avatar\/a04fd330bfe3a36a72a0ad4a6d89fca7?s=96&d=mm&r=pg\",\"caption\":\"bosniak\"},\"url\":\"https:\/\/sandzakpress.net\/arhiva\/author\/bosniak\/\"}]}<\/script>\n<!-- \/ Yoast SEO Premium plugin. -->","yoast_head_json":{"title":"Petnjica: Gase\u0107i po\u017ear na autu zapalio okolnu \u0161umu","robots":{"index":"index","follow":"follow","max-snippet":"max-snippet:-1","max-image-preview":"max-image-preview:large","max-video-preview":"max-video-preview:-1"},"canonical":"https:\/\/sandzakpress.net\/arhiva\/petnjica-gaseci-pozar-na-autu-zapalio-okolnu-sumu\/","og_locale":"bs_BA","og_type":"article","og_title":"Petnjica: Gase\u0107i po\u017ear na autu zapalio okolnu \u0161umu","og_description":"Petnjica &#8211; Jedan mje\u0161tanin Petnjice nehoti\u010dno je, gase\u0107i svoj auto na kojem se dogodio po\u017ear, zapalio okolnu \u0161umu. Incident se dogodio na lokalnom putu od Petnjice prema selu Bor i to tako \u0161to je voza\u010d u namjeri da ugasi po\u017ear na svom automobilu, iz gepeka umjesto bidona sa vodom izvadio bidon sa rezervnim benzinom i [&hellip;]","og_url":"https:\/\/sandzakpress.net\/arhiva\/petnjica-gaseci-pozar-na-autu-zapalio-okolnu-sumu\/","og_site_name":"Sand\u017eak PRESS","article_published_time":"2015-08-27T12:53:07+00:00","og_image":[{"width":640,"height":400,"url":"https:\/\/sandzakpress.net\/arhiva\/wp-content\/uploads\/2015\/08\/pozar-suma-3.jpg","type":"image\/jpeg"}],"author":"bosniak","twitter_card":"summary_large_image","twitter_misc":{"Written by":"bosniak","Est. reading time":"1 minuta"},"schema":{"@context":"https:\/\/schema.org","@graph":[{"@type":"Article","@id":"https:\/\/sandzakpress.net\/arhiva\/petnjica-gaseci-pozar-na-autu-zapalio-okolnu-sumu\/#article","isPartOf":{"@id":"https:\/\/sandzakpress.net\/arhiva\/petnjica-gaseci-pozar-na-autu-zapalio-okolnu-sumu\/"},"author":{"name":"bosniak","@id":"https:\/\/sandzakpress.net\/arhiva\/#\/schema\/person\/c8baee722073534b583ea7bdb2e36c02"},"headline":"Petnjica: Gase\u0107i po\u017ear na autu zapalio okolnu \u0161umu","datePublished":"2015-08-27T12:53:07+00:00","mainEntityOfPage":{"@id":"https:\/\/sandzakpress.net\/arhiva\/petnjica-gaseci-pozar-na-autu-zapalio-okolnu-sumu\/"},"wordCount":183,"commentCount":2,"publisher":{"@id":"https:\/\/sandzakpress.net\/arhiva\/#\/schema\/person\/6e72b67d6e51910a1117b3b483ba20bd"},"image":{"@id":"https:\/\/sandzakpress.net\/arhiva\/petnjica-gaseci-pozar-na-autu-zapalio-okolnu-sumu\/#primaryimage"},"thumbnailUrl":"https:\/\/sandzakpress.net\/arhiva\/wp-content\/uploads\/2015\/08\/pozar-suma-3.jpg","articleSection":["Petnjica","Hronika"],"inLanguage":"bs-BA","potentialAction":[{"@type":"CommentAction","name":"Comment","target":["https:\/\/sandzakpress.net\/arhiva\/petnjica-gaseci-pozar-na-autu-zapalio-okolnu-sumu\/#respond"]}]},{"@type":"WebPage","@id":"https:\/\/sandzakpress.net\/arhiva\/petnjica-gaseci-pozar-na-autu-zapalio-okolnu-sumu\/","url":"https:\/\/sandzakpress.net\/arhiva\/petnjica-gaseci-pozar-na-autu-zapalio-okolnu-sumu\/","name":"Petnjica: Gase\u0107i po\u017ear na autu zapalio okolnu \u0161umu","isPartOf":{"@id":"https:\/\/sandzakpress.net\/arhiva\/#website"},"primaryImageOfPage":{"@id":"https:\/\/sandzakpress.net\/arhiva\/petnjica-gaseci-pozar-na-autu-zapalio-okolnu-sumu\/#primaryimage"},"image":{"@id":"https:\/\/sandzakpress.net\/arhiva\/petnjica-gaseci-pozar-na-autu-zapalio-okolnu-sumu\/#primaryimage"},"thumbnailUrl":"https:\/\/sandzakpress.net\/arhiva\/wp-content\/uploads\/2015\/08\/pozar-suma-3.jpg","datePublished":"2015-08-27T12:53:07+00:00","breadcrumb":{"@id":"https:\/\/sandzakpress.net\/arhiva\/petnjica-gaseci-pozar-na-autu-zapalio-okolnu-sumu\/#breadcrumb"},"inLanguage":"bs-BA","potentialAction":[{"@type":"ReadAction","target":["https:\/\/sandzakpress.net\/arhiva\/petnjica-gaseci-pozar-na-autu-zapalio-okolnu-sumu\/"]}]},{"@type":"ImageObject","inLanguage":"bs-BA","@id":"https:\/\/sandzakpress.net\/arhiva\/petnjica-gaseci-pozar-na-autu-zapalio-okolnu-sumu\/#primaryimage","url":"https:\/\/sandzakpress.net\/arhiva\/wp-content\/uploads\/2015\/08\/pozar-suma-3.jpg","contentUrl":"https:\/\/sandzakpress.net\/arhiva\/wp-content\/uploads\/2015\/08\/pozar-suma-3.jpg","width":640,"height":400},{"@type":"BreadcrumbList","@id":"https:\/\/sandzakpress.net\/arhiva\/petnjica-gaseci-pozar-na-autu-zapalio-okolnu-sumu\/#breadcrumb","itemListElement":[{"@type":"ListItem","position":1,"name":"Home","item":"https:\/\/sandzakpress.net\/arhiva\/"},{"@type":"ListItem","position":2,"name":"Petnjica: Gase\u0107i po\u017ear na autu zapalio okolnu \u0161umu"}]},{"@type":"WebSite","@id":"https:\/\/sandzakpress.net\/arhiva\/#website","url":"https:\/\/sandzakpress.net\/arhiva\/","name":"Sand\u017eak PRESS","description":"Prve elektronske novine u Sand\u017eaku","publisher":{"@id":"https:\/\/sandzakpress.net\/arhiva\/#\/schema\/person\/6e72b67d6e51910a1117b3b483ba20bd"},"potentialAction":[{"@type":"SearchAction","target":{"@type":"EntryPoint","urlTemplate":"https:\/\/sandzakpress.net\/arhiva\/?s={search_term_string}"},"query-input":{"@type":"PropertyValueSpecification","valueRequired":true,"valueName":"search_term_string"}}],"inLanguage":"bs-BA"},{"@type":["Person","Organization"],"@id":"https:\/\/sandzakpress.net\/arhiva\/#\/schema\/person\/6e72b67d6e51910a1117b3b483ba20bd","name":"Kul","image":{"@type":"ImageObject","inLanguage":"bs-BA","@id":"https:\/\/sandzakpress.net\/arhiva\/#\/schema\/person\/image\/","url":"https:\/\/secure.gravatar.com\/avatar\/42263f39aa27ac04c43cab85c280eb2e?s=96&d=mm&r=pg","contentUrl":"https:\/\/secure.gravatar.com\/avatar\/42263f39aa27ac04c43cab85c280eb2e?s=96&d=mm&r=pg","caption":"Kul"},"logo":{"@id":"https:\/\/sandzakpress.net\/arhiva\/#\/schema\/person\/image\/"}},{"@type":"Person","@id":"https:\/\/sandzakpress.net\/arhiva\/#\/schema\/person\/c8baee722073534b583ea7bdb2e36c02","name":"bosniak","image":{"@type":"ImageObject","inLanguage":"bs-BA","@id":"https:\/\/sandzakpress.net\/arhiva\/#\/schema\/person\/image\/","url":"https:\/\/secure.gravatar.com\/avatar\/a04fd330bfe3a36a72a0ad4a6d89fca7?s=96&d=mm&r=pg","contentUrl":"https:\/\/secure.gravatar.com\/avatar\/a04fd330bfe3a36a72a0ad4a6d89fca7?s=96&d=mm&r=pg","caption":"bosniak"},"url":"https:\/\/sandzakpress.net\/arhiva\/author\/bosniak\/"}]}},"_links":{"self":[{"href":"https:\/\/sandzakpress.net\/arhiva\/wp-json\/wp\/v2\/posts\/134883"}],"collection":[{"href":"https:\/\/sandzakpress.net\/arhiva\/wp-json\/wp\/v2\/posts"}],"about":[{"href":"https:\/\/sandzakpress.net\/arhiva\/wp-json\/wp\/v2\/types\/post"}],"author":[{"embeddable":true,"href":"https:\/\/sandzakpress.net\/arhiva\/wp-json\/wp\/v2\/users\/83"}],"replies":[{"embeddable":true,"href":"https:\/\/sandzakpress.net\/arhiva\/wp-json\/wp\/v2\/comments?post=134883"}],"version-history":[{"count":0,"href":"https:\/\/sandzakpress.net\/arhiva\/wp-json\/wp\/v2\/posts\/134883\/revisions"}],"wp:featuredmedia":[{"embeddable":true,"href":"https:\/\/sandzakpress.net\/arhiva\/wp-json\/wp\/v2\/media\/134884"}],"wp:attachment":[{"href":"https:\/\/sandzakpress.net\/arhiva\/wp-json\/wp\/v2\/media?parent=134883"}],"wp:term":[{"taxonomy":"category","embeddable":true,"href":"https:\/\/sandzakpress.net\/arhiva\/wp-json\/wp\/v2\/categories?post=134883"},{"taxonomy":"post_tag","embeddable":true,"href":"https:\/\/sandzakpress.net\/arhiva\/wp-json\/wp\/v2\/tags?post=134883"}],"curies":[{"name":"wp","href":"https:\/\/api.w.org\/{rel}","templated":true}]}}