{"id":13485,"date":"2011-03-04T17:34:37","date_gmt":"2011-03-04T16:34:37","guid":{"rendered":"https:\/\/sandzakpress.net\/arhiva\/?p=13485"},"modified":"2011-03-04T17:34:37","modified_gmt":"2011-03-04T16:34:37","slug":"narod-libije-ce-pobijediti-gadafija","status":"publish","type":"post","link":"https:\/\/sandzakpress.net\/arhiva\/narod-libije-ce-pobijediti-gadafija\/","title":{"rendered":"Narod Libije \u0107e pobijediti Gadafija"},"content":{"rendered":"<p><strong><a href=\"https:\/\/sandzakpress.net\/arhiva\/wp-content\/uploads\/2011\/03\/mohmedelmokhtar.jpg\"><img loading=\"lazy\" decoding=\"async\" class=\"alignleft size-full wp-image-13486\" src=\"https:\/\/sandzakpress.net\/arhiva\/wp-content\/uploads\/2011\/03\/mohmedelmokhtar.jpg\" alt=\"\" width=\"180\" height=\"220\" \/><\/a>Libija &#8211; Muhamed, sin libijskog mud\u017eahida Omera Muhtara,  izjavio je da \u0107e narod  Libije u svojoj borbi pobijediti i poraziti  pukovnika Gadafija,  uspore\u0111ivaju\u0107i narodne proteste koji traju ve\u0107 tre\u0107u  sedmicu s  protestima protiv italijanskog okupatora.<\/strong><\/p>\n<p>On je u  svojoj izjavi koju je dao za egipatske novine \u201eE\u0161-\u0160uruk\u201c  rekao: \u201cJa sam s  omladinom Libije, zahtjevam slobodu, dostojanstvo i  oslobo\u0111enje Libije  od Gadafija. Allah je na njihovoj strani u njihovoj  borbi i siguran sam  da \u0107e iza\u0107i kao pobjednici\u201c.<\/p>\n<p>Muhtarov sin  koji sada ima 89 godina  uporedio je narodni otpor protiv Gadafija s  narodnim ustankom i otporom  protiv italijanske okupacije jer su oba  ustanka protiv nepravde.  Muhamed ibn Omer Muhtar je dodao kako su  egiptaska i tuniska revolucija  ohrabrile omladinu Libije u svom ustanku  i da narod Libije \u017eeli da se  zavr\u0161i 42-godi\u0161nja vladavine Gadafija jer  je vrijeme da po\u010dne nova era u  Libiji.<\/p>\n<p>\u201eSva plemena u Libiji  su slo\u017ena i nisu razjedinjena  kako tvrdi Gadafi koji je doveo pla\u0107enike  da ubijaju njegov narod. Bez  obzira na sve, mi \u0107emo pobijediti uz  Allahovu pomo\u0107\u201c, rekao je na kraju  sin najpoznatijeg borca za  oslobo\u0111enje Libije od italijanske okupacije,  Omera Muhtara.<\/p>\n<p>Izvor: <strong>IslamBosna.ba<\/strong><\/p>\n","protected":false},"excerpt":{"rendered":"<p>Libija &#8211; Muhamed, sin libijskog mud\u017eahida Omera Muhtara, izjavio je da \u0107e narod Libije u svojoj borbi pobijediti i poraziti pukovnika Gadafija, uspore\u0111ivaju\u0107i narodne proteste koji traju ve\u0107 tre\u0107u sedmicu s protestima protiv italijanskog okupatora. On je u svojoj izjavi koju je dao za egipatske novine \u201eE\u0161-\u0160uruk\u201c rekao: \u201cJa sam s omladinom Libije, zahtjevam slobodu, [&hellip;]<\/p>\n","protected":false},"author":13,"featured_media":13486,"comment_status":"open","ping_status":"open","sticky":false,"template":"","format":"standard","meta":{"footnotes":""},"categories":[9],"tags":[],"class_list":{"0":"post-13485","1":"post","2":"type-post","3":"status-publish","4":"format-standard","5":"has-post-thumbnail","7":"category-svijet"},"yoast_head":"<!-- This site is optimized with the Yoast SEO Premium plugin v23.1 (Yoast SEO v24.9) - https:\/\/yoast.com\/wordpress\/plugins\/seo\/ -->\n<title>Narod Libije \u0107e pobijediti Gadafija<\/title>\n<meta name=\"robots\" content=\"index, follow, max-snippet:-1, max-image-preview:large, max-video-preview:-1\" \/>\n<link rel=\"canonical\" href=\"https:\/\/sandzakpress.net\/arhiva\/narod-libije-ce-pobijediti-gadafija\/\" \/>\n<meta property=\"og:locale\" content=\"bs_BA\" \/>\n<meta property=\"og:type\" content=\"article\" \/>\n<meta property=\"og:title\" content=\"Narod Libije \u0107e pobijediti Gadafija\" \/>\n<meta property=\"og:description\" content=\"Libija &#8211; Muhamed, sin libijskog mud\u017eahida Omera Muhtara, izjavio je da \u0107e narod Libije u svojoj borbi pobijediti i poraziti pukovnika Gadafija, uspore\u0111ivaju\u0107i narodne proteste koji traju ve\u0107 tre\u0107u sedmicu s protestima protiv italijanskog okupatora. On je u svojoj izjavi koju je dao za egipatske novine \u201eE\u0161-\u0160uruk\u201c rekao: \u201cJa sam s omladinom Libije, zahtjevam slobodu, [&hellip;]\" \/>\n<meta property=\"og:url\" content=\"https:\/\/sandzakpress.net\/arhiva\/narod-libije-ce-pobijediti-gadafija\/\" \/>\n<meta property=\"og:site_name\" content=\"Sand\u017eak PRESS\" \/>\n<meta property=\"article:published_time\" content=\"2011-03-04T16:34:37+00:00\" \/>\n<meta property=\"og:image\" content=\"https:\/\/sandzakpress.net\/arhiva\/wp-content\/uploads\/2011\/03\/mohmedelmokhtar.jpg\" \/>\n\t<meta property=\"og:image:width\" content=\"180\" \/>\n\t<meta property=\"og:image:height\" content=\"220\" \/>\n\t<meta property=\"og:image:type\" content=\"image\/jpeg\" \/>\n<meta name=\"twitter:card\" content=\"summary_large_image\" \/>\n<meta name=\"twitter:label1\" content=\"Written by\" \/>\n\t<meta name=\"twitter:data1\" content=\"\" \/>\n\t<meta name=\"twitter:label2\" content=\"Est. reading time\" \/>\n\t<meta name=\"twitter:data2\" content=\"1 minuta\" \/>\n<script type=\"application\/ld+json\" class=\"yoast-schema-graph\">{\"@context\":\"https:\/\/schema.org\",\"@graph\":[{\"@type\":\"Article\",\"@id\":\"https:\/\/sandzakpress.net\/arhiva\/narod-libije-ce-pobijediti-gadafija\/#article\",\"isPartOf\":{\"@id\":\"https:\/\/sandzakpress.net\/arhiva\/narod-libije-ce-pobijediti-gadafija\/\"},\"author\":{\"name\":\"\",\"@id\":\"\"},\"headline\":\"Narod Libije \u0107e pobijediti Gadafija\",\"datePublished\":\"2011-03-04T16:34:37+00:00\",\"mainEntityOfPage\":{\"@id\":\"https:\/\/sandzakpress.net\/arhiva\/narod-libije-ce-pobijediti-gadafija\/\"},\"wordCount\":208,\"commentCount\":2,\"publisher\":{\"@id\":\"https:\/\/sandzakpress.net\/arhiva\/#\/schema\/person\/6e72b67d6e51910a1117b3b483ba20bd\"},\"image\":{\"@id\":\"https:\/\/sandzakpress.net\/arhiva\/narod-libije-ce-pobijediti-gadafija\/#primaryimage\"},\"thumbnailUrl\":\"https:\/\/sandzakpress.net\/arhiva\/wp-content\/uploads\/2011\/03\/mohmedelmokhtar.jpg\",\"articleSection\":[\"Svijet\"],\"inLanguage\":\"bs-BA\",\"potentialAction\":[{\"@type\":\"CommentAction\",\"name\":\"Comment\",\"target\":[\"https:\/\/sandzakpress.net\/arhiva\/narod-libije-ce-pobijediti-gadafija\/#respond\"]}]},{\"@type\":\"WebPage\",\"@id\":\"https:\/\/sandzakpress.net\/arhiva\/narod-libije-ce-pobijediti-gadafija\/\",\"url\":\"https:\/\/sandzakpress.net\/arhiva\/narod-libije-ce-pobijediti-gadafija\/\",\"name\":\"Narod Libije \u0107e pobijediti Gadafija\",\"isPartOf\":{\"@id\":\"https:\/\/sandzakpress.net\/arhiva\/#website\"},\"primaryImageOfPage\":{\"@id\":\"https:\/\/sandzakpress.net\/arhiva\/narod-libije-ce-pobijediti-gadafija\/#primaryimage\"},\"image\":{\"@id\":\"https:\/\/sandzakpress.net\/arhiva\/narod-libije-ce-pobijediti-gadafija\/#primaryimage\"},\"thumbnailUrl\":\"https:\/\/sandzakpress.net\/arhiva\/wp-content\/uploads\/2011\/03\/mohmedelmokhtar.jpg\",\"datePublished\":\"2011-03-04T16:34:37+00:00\",\"breadcrumb\":{\"@id\":\"https:\/\/sandzakpress.net\/arhiva\/narod-libije-ce-pobijediti-gadafija\/#breadcrumb\"},\"inLanguage\":\"bs-BA\",\"potentialAction\":[{\"@type\":\"ReadAction\",\"target\":[\"https:\/\/sandzakpress.net\/arhiva\/narod-libije-ce-pobijediti-gadafija\/\"]}]},{\"@type\":\"ImageObject\",\"inLanguage\":\"bs-BA\",\"@id\":\"https:\/\/sandzakpress.net\/arhiva\/narod-libije-ce-pobijediti-gadafija\/#primaryimage\",\"url\":\"https:\/\/sandzakpress.net\/arhiva\/wp-content\/uploads\/2011\/03\/mohmedelmokhtar.jpg\",\"contentUrl\":\"https:\/\/sandzakpress.net\/arhiva\/wp-content\/uploads\/2011\/03\/mohmedelmokhtar.jpg\",\"width\":180,\"height\":220},{\"@type\":\"BreadcrumbList\",\"@id\":\"https:\/\/sandzakpress.net\/arhiva\/narod-libije-ce-pobijediti-gadafija\/#breadcrumb\",\"itemListElement\":[{\"@type\":\"ListItem\",\"position\":1,\"name\":\"Home\",\"item\":\"https:\/\/sandzakpress.net\/arhiva\/\"},{\"@type\":\"ListItem\",\"position\":2,\"name\":\"Narod Libije \u0107e pobijediti Gadafija\"}]},{\"@type\":\"WebSite\",\"@id\":\"https:\/\/sandzakpress.net\/arhiva\/#website\",\"url\":\"https:\/\/sandzakpress.net\/arhiva\/\",\"name\":\"Sand\u017eak PRESS\",\"description\":\"Prve elektronske novine u Sand\u017eaku\",\"publisher\":{\"@id\":\"https:\/\/sandzakpress.net\/arhiva\/#\/schema\/person\/6e72b67d6e51910a1117b3b483ba20bd\"},\"potentialAction\":[{\"@type\":\"SearchAction\",\"target\":{\"@type\":\"EntryPoint\",\"urlTemplate\":\"https:\/\/sandzakpress.net\/arhiva\/?s={search_term_string}\"},\"query-input\":{\"@type\":\"PropertyValueSpecification\",\"valueRequired\":true,\"valueName\":\"search_term_string\"}}],\"inLanguage\":\"bs-BA\"},{\"@type\":[\"Person\",\"Organization\"],\"@id\":\"https:\/\/sandzakpress.net\/arhiva\/#\/schema\/person\/6e72b67d6e51910a1117b3b483ba20bd\",\"name\":\"Kul\",\"image\":{\"@type\":\"ImageObject\",\"inLanguage\":\"bs-BA\",\"@id\":\"https:\/\/sandzakpress.net\/arhiva\/#\/schema\/person\/image\/\",\"url\":\"https:\/\/secure.gravatar.com\/avatar\/42263f39aa27ac04c43cab85c280eb2e?s=96&d=mm&r=pg\",\"contentUrl\":\"https:\/\/secure.gravatar.com\/avatar\/42263f39aa27ac04c43cab85c280eb2e?s=96&d=mm&r=pg\",\"caption\":\"Kul\"},\"logo\":{\"@id\":\"https:\/\/sandzakpress.net\/arhiva\/#\/schema\/person\/image\/\"}},{\"@type\":\"Person\",\"@id\":\"\",\"url\":\"https:\/\/sandzakpress.net\/arhiva\/author\/\"}]}<\/script>\n<!-- \/ Yoast SEO Premium plugin. -->","yoast_head_json":{"title":"Narod Libije \u0107e pobijediti Gadafija","robots":{"index":"index","follow":"follow","max-snippet":"max-snippet:-1","max-image-preview":"max-image-preview:large","max-video-preview":"max-video-preview:-1"},"canonical":"https:\/\/sandzakpress.net\/arhiva\/narod-libije-ce-pobijediti-gadafija\/","og_locale":"bs_BA","og_type":"article","og_title":"Narod Libije \u0107e pobijediti Gadafija","og_description":"Libija &#8211; Muhamed, sin libijskog mud\u017eahida Omera Muhtara, izjavio je da \u0107e narod Libije u svojoj borbi pobijediti i poraziti pukovnika Gadafija, uspore\u0111ivaju\u0107i narodne proteste koji traju ve\u0107 tre\u0107u sedmicu s protestima protiv italijanskog okupatora. On je u svojoj izjavi koju je dao za egipatske novine \u201eE\u0161-\u0160uruk\u201c rekao: \u201cJa sam s omladinom Libije, zahtjevam slobodu, [&hellip;]","og_url":"https:\/\/sandzakpress.net\/arhiva\/narod-libije-ce-pobijediti-gadafija\/","og_site_name":"Sand\u017eak PRESS","article_published_time":"2011-03-04T16:34:37+00:00","og_image":[{"width":180,"height":220,"url":"https:\/\/sandzakpress.net\/arhiva\/wp-content\/uploads\/2011\/03\/mohmedelmokhtar.jpg","type":"image\/jpeg"}],"twitter_card":"summary_large_image","twitter_misc":{"Written by":"","Est. reading time":"1 minuta"},"schema":{"@context":"https:\/\/schema.org","@graph":[{"@type":"Article","@id":"https:\/\/sandzakpress.net\/arhiva\/narod-libije-ce-pobijediti-gadafija\/#article","isPartOf":{"@id":"https:\/\/sandzakpress.net\/arhiva\/narod-libije-ce-pobijediti-gadafija\/"},"author":{"name":"","@id":""},"headline":"Narod Libije \u0107e pobijediti Gadafija","datePublished":"2011-03-04T16:34:37+00:00","mainEntityOfPage":{"@id":"https:\/\/sandzakpress.net\/arhiva\/narod-libije-ce-pobijediti-gadafija\/"},"wordCount":208,"commentCount":2,"publisher":{"@id":"https:\/\/sandzakpress.net\/arhiva\/#\/schema\/person\/6e72b67d6e51910a1117b3b483ba20bd"},"image":{"@id":"https:\/\/sandzakpress.net\/arhiva\/narod-libije-ce-pobijediti-gadafija\/#primaryimage"},"thumbnailUrl":"https:\/\/sandzakpress.net\/arhiva\/wp-content\/uploads\/2011\/03\/mohmedelmokhtar.jpg","articleSection":["Svijet"],"inLanguage":"bs-BA","potentialAction":[{"@type":"CommentAction","name":"Comment","target":["https:\/\/sandzakpress.net\/arhiva\/narod-libije-ce-pobijediti-gadafija\/#respond"]}]},{"@type":"WebPage","@id":"https:\/\/sandzakpress.net\/arhiva\/narod-libije-ce-pobijediti-gadafija\/","url":"https:\/\/sandzakpress.net\/arhiva\/narod-libije-ce-pobijediti-gadafija\/","name":"Narod Libije \u0107e pobijediti Gadafija","isPartOf":{"@id":"https:\/\/sandzakpress.net\/arhiva\/#website"},"primaryImageOfPage":{"@id":"https:\/\/sandzakpress.net\/arhiva\/narod-libije-ce-pobijediti-gadafija\/#primaryimage"},"image":{"@id":"https:\/\/sandzakpress.net\/arhiva\/narod-libije-ce-pobijediti-gadafija\/#primaryimage"},"thumbnailUrl":"https:\/\/sandzakpress.net\/arhiva\/wp-content\/uploads\/2011\/03\/mohmedelmokhtar.jpg","datePublished":"2011-03-04T16:34:37+00:00","breadcrumb":{"@id":"https:\/\/sandzakpress.net\/arhiva\/narod-libije-ce-pobijediti-gadafija\/#breadcrumb"},"inLanguage":"bs-BA","potentialAction":[{"@type":"ReadAction","target":["https:\/\/sandzakpress.net\/arhiva\/narod-libije-ce-pobijediti-gadafija\/"]}]},{"@type":"ImageObject","inLanguage":"bs-BA","@id":"https:\/\/sandzakpress.net\/arhiva\/narod-libije-ce-pobijediti-gadafija\/#primaryimage","url":"https:\/\/sandzakpress.net\/arhiva\/wp-content\/uploads\/2011\/03\/mohmedelmokhtar.jpg","contentUrl":"https:\/\/sandzakpress.net\/arhiva\/wp-content\/uploads\/2011\/03\/mohmedelmokhtar.jpg","width":180,"height":220},{"@type":"BreadcrumbList","@id":"https:\/\/sandzakpress.net\/arhiva\/narod-libije-ce-pobijediti-gadafija\/#breadcrumb","itemListElement":[{"@type":"ListItem","position":1,"name":"Home","item":"https:\/\/sandzakpress.net\/arhiva\/"},{"@type":"ListItem","position":2,"name":"Narod Libije \u0107e pobijediti Gadafija"}]},{"@type":"WebSite","@id":"https:\/\/sandzakpress.net\/arhiva\/#website","url":"https:\/\/sandzakpress.net\/arhiva\/","name":"Sand\u017eak PRESS","description":"Prve elektronske novine u Sand\u017eaku","publisher":{"@id":"https:\/\/sandzakpress.net\/arhiva\/#\/schema\/person\/6e72b67d6e51910a1117b3b483ba20bd"},"potentialAction":[{"@type":"SearchAction","target":{"@type":"EntryPoint","urlTemplate":"https:\/\/sandzakpress.net\/arhiva\/?s={search_term_string}"},"query-input":{"@type":"PropertyValueSpecification","valueRequired":true,"valueName":"search_term_string"}}],"inLanguage":"bs-BA"},{"@type":["Person","Organization"],"@id":"https:\/\/sandzakpress.net\/arhiva\/#\/schema\/person\/6e72b67d6e51910a1117b3b483ba20bd","name":"Kul","image":{"@type":"ImageObject","inLanguage":"bs-BA","@id":"https:\/\/sandzakpress.net\/arhiva\/#\/schema\/person\/image\/","url":"https:\/\/secure.gravatar.com\/avatar\/42263f39aa27ac04c43cab85c280eb2e?s=96&d=mm&r=pg","contentUrl":"https:\/\/secure.gravatar.com\/avatar\/42263f39aa27ac04c43cab85c280eb2e?s=96&d=mm&r=pg","caption":"Kul"},"logo":{"@id":"https:\/\/sandzakpress.net\/arhiva\/#\/schema\/person\/image\/"}},{"@type":"Person","@id":"","url":"https:\/\/sandzakpress.net\/arhiva\/author\/"}]}},"_links":{"self":[{"href":"https:\/\/sandzakpress.net\/arhiva\/wp-json\/wp\/v2\/posts\/13485"}],"collection":[{"href":"https:\/\/sandzakpress.net\/arhiva\/wp-json\/wp\/v2\/posts"}],"about":[{"href":"https:\/\/sandzakpress.net\/arhiva\/wp-json\/wp\/v2\/types\/post"}],"author":[{"embeddable":true,"href":"https:\/\/sandzakpress.net\/arhiva\/wp-json\/wp\/v2\/users\/13"}],"replies":[{"embeddable":true,"href":"https:\/\/sandzakpress.net\/arhiva\/wp-json\/wp\/v2\/comments?post=13485"}],"version-history":[{"count":0,"href":"https:\/\/sandzakpress.net\/arhiva\/wp-json\/wp\/v2\/posts\/13485\/revisions"}],"wp:featuredmedia":[{"embeddable":true,"href":"https:\/\/sandzakpress.net\/arhiva\/wp-json\/wp\/v2\/media\/13486"}],"wp:attachment":[{"href":"https:\/\/sandzakpress.net\/arhiva\/wp-json\/wp\/v2\/media?parent=13485"}],"wp:term":[{"taxonomy":"category","embeddable":true,"href":"https:\/\/sandzakpress.net\/arhiva\/wp-json\/wp\/v2\/categories?post=13485"},{"taxonomy":"post_tag","embeddable":true,"href":"https:\/\/sandzakpress.net\/arhiva\/wp-json\/wp\/v2\/tags?post=13485"}],"curies":[{"name":"wp","href":"https:\/\/api.w.org\/{rel}","templated":true}]}}