{"id":134807,"date":"2015-08-27T08:45:19","date_gmt":"2015-08-27T06:45:19","guid":{"rendered":"https:\/\/sandzakpress.net\/arhiva\/ramic-potpisivanje-ugovora-o-granici-s-crnom-gorom-kojoj-je-ostavljena-sutorina-antibosanskohercegovacki-akt"},"modified":"2015-08-27T08:45:19","modified_gmt":"2015-08-27T06:45:19","slug":"ramic-potpisivanje-ugovora-o-granici-s-crnom-gorom-kojoj-je-ostavljena-sutorina-antibosanskohercegovacki-akt","status":"publish","type":"post","link":"https:\/\/sandzakpress.net\/arhiva\/ramic-potpisivanje-ugovora-o-granici-s-crnom-gorom-kojoj-je-ostavljena-sutorina-antibosanskohercegovacki-akt\/","title":{"rendered":"Rami\u0107: Potpisivanje ugovora o granici s Crnom Gorom, kojoj je ostavljena Sutorina, antibosanskohercegova\u010dki akt"},"content":{"rendered":"<p><img loading=\"lazy\" decoding=\"async\" class=\"\" src=\"http:\/\/www.bosnjaci.net\/foto\/Konvencija_KBSA_Atlanta_30_nov_2013_Emir_Ramic.jpg\" alt=\"\" width=\"598\" height=\"430\" \/><\/p>\n<p><strong>BiH, Crna Gora \u2013 Danas su ministri vanjskih poslova Bosne i Hercegovine Igor Crnadak i unutra\u0161njih poslova Crne Gore Ra\u0161ko Konjevi\u0107 u zgradi Predsjedni\u0161tva Republike Austrije u Be\u010du potpisali Sporazum o granici izme\u0111u BiH i Crne Gore. Gra\u0111ani BiH u dijaspori su izuteno razo\u010darani izdajni\u010dkim \u010dinom od strane onog dijela bosanskohercegova\u010dkih politi\u010dara, prije svega bo\u0161nja\u010dkih, koji su svojim glasom odobrili i poklonili Crnoj Gori. Sutorina koja je i u gruntu dio tertorije BiH i posebno kao strate\u0161ki i ekonomski va\u017ean izlaz na Jadransko more. Tim povodom izjavu za javnost dao je Emir Rami\u0107, direktor Instituta za istra\u017eivanje genocida \u2013 Kanada:<\/strong><\/p>\n<p>Sutorina je bosanskohercegova\u010dka historijska ba\u0161tina od njenog osnivanja kao dr\u017eave. U historiji dr\u017eave Bosne i Hercegovine nikada nije bilo dozvoljeno otimanje dr\u017eavne teritorije. Dobrosusjedski odnosi Bosne i Hercegovine i Crne Gore su jedino mogu\u0107i na bazi utvr\u0111ivanja granica na osnovu historijskih \u010dinjenica. A historijska, geografska, politi\u010dka i pravna \u010dinjenica bazirana na istra\u017eivanjima velikog broja stru\u010dnjaka je da Sutorina pripada Bosni i Hercegovini, koja na nju ima historijski kontinuitet od najstarijih vremena, jo\u0161 od vremena srednjovjekovne Bosne.<\/p>\n<p>Crna Gora nema ni jednog pravnog ni historijskog argumenata za Sutorinu. Kao neprocjenjivo, strate\u0161ko bosansko-hercegova\u010dko dr\u017eavno blago i direktan izlaz na otvoreno more, Sutorina koja je i u gruntu bosanskohercegova\u010dka, pripada Bosni i Hercegovini. U uslovima kada je potpisivanje sporazuma s Crnom Gorom gotova stvar va\u017eno je da javnost u matici i dijaspori poduzme sve potrebne aktivnosti da bi se sprije\u010dilo njegovo ratificiranje, te time osigurale pretpostavke za \u201cvra\u0107anje\u201d Sutorine pod jurisdikciju Bosne i Hercegovine. Va\u017eno je da se \u0161ira javnost bolje upozna sa historijskom gra\u0111om i historijskim \u010dinjenicama koje pokazuju da Sutorina pripada Bosni i Hercegovini. U tom smislu istra\u017eivanja istaknutih nau\u010dnih lidera jasno ukazuju da ne postoji ni jedan pisani dokument kojim bi Crna Gora dobila Sutorinu.<\/p>\n<p>Ako nauka tako ka\u017ee postavlja se pitanje na osnovu \u010dega odlu\u010duje bosansko-hercegova\u010dki izabrani politi\u010dki establi\u0161ment, na osnovu \u010dega ustupa dio teritorije svoje dr\u017eave drugoj dr\u017eavi. Nema drugog odgovora ve\u0107 da se radi o prodaji dr\u017eavne teritorije i to onog kvalitativnog dijela dr\u017eavne teritorije koji omogu\u010duje izlaz na otvoreno more. U ime \u017ertava agresije i genocida u Bosni i Hercegovini, u ime pre\u017eivjelih svjedoka tih zlo\u010dina du\u017enost je da se borimo za dr\u017eavne granice, odnosno za teritorijalni integritet i suverenitet jedinstvene bosansko-hercegova\u010dke dr\u017eave. Ali isto tako da se borimo za bosansko-hercegova\u010dku ba\u0161tinu na kojoj se vi\u0161e od hiljadu godina, \u010desto i krvlju \u017ertava zalijeva Ideja Bosne i Bosanski duh. Zato niko nema pravo poklanjati dio teritorije Bosne i Hercegovine, zaklju\u010dio je Rami\u0107.<\/p>\n<p>(bosnjaci.net)<\/p>\n<p>Pogledajte vijest na izvornom sajtu:<\/p>\n<p><a href=\"http:\/\/bosnapress.net\/ramic-potpisivanje-ugovora-o-granici-s-crnom-gorom-kojoj-je-ostavljena-sutorina-antibosanskohercegovacki-akt\/\" target=\"_blank\">Rami\u0107: Potpisivanje ugovora o granici s Crnom Gorom, kojoj je ostavljena Sutorina, antibosanskohercegova\u010dki akt<\/a><\/p>\n","protected":false},"excerpt":{"rendered":"<p>BiH, Crna Gora \u2013 Danas su ministri vanjskih poslova Bosne i Hercegovine Igor Crnadak i unutra\u0161njih poslova Crne Gore Ra\u0161ko Konjevi\u0107 u zgradi Predsjedni\u0161tva Republike Austrije u Be\u010du potpisali Sporazum o granici izme\u0111u BiH i Crne Gore. Gra\u0111ani BiH u dijaspori su izuteno razo\u010darani izdajni\u010dkim \u010dinom od strane onog dijela bosanskohercegova\u010dkih politi\u010dara, prije svega bo\u0161nja\u010dkih, [&hellip;]<\/p>\n","protected":false},"author":83,"featured_media":134809,"comment_status":"open","ping_status":"open","sticky":false,"template":"","format":"standard","meta":{"footnotes":""},"categories":[10513],"tags":[10466],"class_list":{"0":"post-134807","1":"post","2":"type-post","3":"status-publish","4":"format-standard","5":"has-post-thumbnail","7":"category-bosna-press","8":"tag-bosna-i-hercegovina"},"yoast_head":"<!-- This site is optimized with the Yoast SEO Premium plugin v23.1 (Yoast SEO v24.9) - https:\/\/yoast.com\/wordpress\/plugins\/seo\/ -->\n<title>Rami\u0107: Potpisivanje ugovora o granici s Crnom Gorom, kojoj je ostavljena Sutorina, antibosanskohercegova\u010dki akt<\/title>\n<meta name=\"robots\" content=\"index, follow, max-snippet:-1, max-image-preview:large, max-video-preview:-1\" \/>\n<link rel=\"canonical\" href=\"https:\/\/sandzakpress.net\/arhiva\/ramic-potpisivanje-ugovora-o-granici-s-crnom-gorom-kojoj-je-ostavljena-sutorina-antibosanskohercegovacki-akt\/\" \/>\n<meta property=\"og:locale\" content=\"bs_BA\" \/>\n<meta property=\"og:type\" content=\"article\" \/>\n<meta property=\"og:title\" content=\"Rami\u0107: Potpisivanje ugovora o granici s Crnom Gorom, kojoj je ostavljena Sutorina, antibosanskohercegova\u010dki akt\" \/>\n<meta property=\"og:description\" content=\"BiH, Crna Gora \u2013 Danas su ministri vanjskih poslova Bosne i Hercegovine Igor Crnadak i unutra\u0161njih poslova Crne Gore Ra\u0161ko Konjevi\u0107 u zgradi Predsjedni\u0161tva Republike Austrije u Be\u010du potpisali Sporazum o granici izme\u0111u BiH i Crne Gore. Gra\u0111ani BiH u dijaspori su izuteno razo\u010darani izdajni\u010dkim \u010dinom od strane onog dijela bosanskohercegova\u010dkih politi\u010dara, prije svega bo\u0161nja\u010dkih, [&hellip;]\" \/>\n<meta property=\"og:url\" content=\"https:\/\/sandzakpress.net\/arhiva\/ramic-potpisivanje-ugovora-o-granici-s-crnom-gorom-kojoj-je-ostavljena-sutorina-antibosanskohercegovacki-akt\/\" \/>\n<meta property=\"og:site_name\" content=\"Sand\u017eak PRESS\" \/>\n<meta property=\"article:published_time\" content=\"2015-08-27T06:45:19+00:00\" \/>\n<meta property=\"og:image\" content=\"https:\/\/sandzakpress.net\/arhiva\/wp-content\/uploads\/2015\/08\/Konvencija_KBSA_Atlanta_30_nov_2013_Emir_Ramic1.jpg\" \/>\n\t<meta property=\"og:image:width\" content=\"663\" \/>\n\t<meta property=\"og:image:height\" content=\"477\" \/>\n\t<meta property=\"og:image:type\" content=\"image\/jpeg\" \/>\n<meta name=\"author\" content=\"bosniak\" \/>\n<meta name=\"twitter:card\" content=\"summary_large_image\" \/>\n<meta name=\"twitter:label1\" content=\"Written by\" \/>\n\t<meta name=\"twitter:data1\" content=\"bosniak\" \/>\n\t<meta name=\"twitter:label2\" content=\"Est. reading time\" \/>\n\t<meta name=\"twitter:data2\" content=\"2 minute\" \/>\n<script type=\"application\/ld+json\" class=\"yoast-schema-graph\">{\"@context\":\"https:\/\/schema.org\",\"@graph\":[{\"@type\":\"Article\",\"@id\":\"https:\/\/sandzakpress.net\/arhiva\/ramic-potpisivanje-ugovora-o-granici-s-crnom-gorom-kojoj-je-ostavljena-sutorina-antibosanskohercegovacki-akt\/#article\",\"isPartOf\":{\"@id\":\"https:\/\/sandzakpress.net\/arhiva\/ramic-potpisivanje-ugovora-o-granici-s-crnom-gorom-kojoj-je-ostavljena-sutorina-antibosanskohercegovacki-akt\/\"},\"author\":{\"name\":\"bosniak\",\"@id\":\"https:\/\/sandzakpress.net\/arhiva\/#\/schema\/person\/c8baee722073534b583ea7bdb2e36c02\"},\"headline\":\"Rami\u0107: Potpisivanje ugovora o granici s Crnom Gorom, kojoj je ostavljena Sutorina, antibosanskohercegova\u010dki akt\",\"datePublished\":\"2015-08-27T06:45:19+00:00\",\"mainEntityOfPage\":{\"@id\":\"https:\/\/sandzakpress.net\/arhiva\/ramic-potpisivanje-ugovora-o-granici-s-crnom-gorom-kojoj-je-ostavljena-sutorina-antibosanskohercegovacki-akt\/\"},\"wordCount\":507,\"commentCount\":0,\"publisher\":{\"@id\":\"https:\/\/sandzakpress.net\/arhiva\/#\/schema\/person\/6e72b67d6e51910a1117b3b483ba20bd\"},\"image\":{\"@id\":\"https:\/\/sandzakpress.net\/arhiva\/ramic-potpisivanje-ugovora-o-granici-s-crnom-gorom-kojoj-je-ostavljena-sutorina-antibosanskohercegovacki-akt\/#primaryimage\"},\"thumbnailUrl\":\"https:\/\/sandzakpress.net\/arhiva\/wp-content\/uploads\/2015\/08\/Konvencija_KBSA_Atlanta_30_nov_2013_Emir_Ramic1.jpg\",\"keywords\":[\"Bosna i Hercegovina\"],\"articleSection\":[\"Bosna PRESS\"],\"inLanguage\":\"bs-BA\",\"potentialAction\":[{\"@type\":\"CommentAction\",\"name\":\"Comment\",\"target\":[\"https:\/\/sandzakpress.net\/arhiva\/ramic-potpisivanje-ugovora-o-granici-s-crnom-gorom-kojoj-je-ostavljena-sutorina-antibosanskohercegovacki-akt\/#respond\"]}]},{\"@type\":\"WebPage\",\"@id\":\"https:\/\/sandzakpress.net\/arhiva\/ramic-potpisivanje-ugovora-o-granici-s-crnom-gorom-kojoj-je-ostavljena-sutorina-antibosanskohercegovacki-akt\/\",\"url\":\"https:\/\/sandzakpress.net\/arhiva\/ramic-potpisivanje-ugovora-o-granici-s-crnom-gorom-kojoj-je-ostavljena-sutorina-antibosanskohercegovacki-akt\/\",\"name\":\"Rami\u0107: Potpisivanje ugovora o granici s Crnom Gorom, kojoj je ostavljena Sutorina, antibosanskohercegova\u010dki akt\",\"isPartOf\":{\"@id\":\"https:\/\/sandzakpress.net\/arhiva\/#website\"},\"primaryImageOfPage\":{\"@id\":\"https:\/\/sandzakpress.net\/arhiva\/ramic-potpisivanje-ugovora-o-granici-s-crnom-gorom-kojoj-je-ostavljena-sutorina-antibosanskohercegovacki-akt\/#primaryimage\"},\"image\":{\"@id\":\"https:\/\/sandzakpress.net\/arhiva\/ramic-potpisivanje-ugovora-o-granici-s-crnom-gorom-kojoj-je-ostavljena-sutorina-antibosanskohercegovacki-akt\/#primaryimage\"},\"thumbnailUrl\":\"https:\/\/sandzakpress.net\/arhiva\/wp-content\/uploads\/2015\/08\/Konvencija_KBSA_Atlanta_30_nov_2013_Emir_Ramic1.jpg\",\"datePublished\":\"2015-08-27T06:45:19+00:00\",\"breadcrumb\":{\"@id\":\"https:\/\/sandzakpress.net\/arhiva\/ramic-potpisivanje-ugovora-o-granici-s-crnom-gorom-kojoj-je-ostavljena-sutorina-antibosanskohercegovacki-akt\/#breadcrumb\"},\"inLanguage\":\"bs-BA\",\"potentialAction\":[{\"@type\":\"ReadAction\",\"target\":[\"https:\/\/sandzakpress.net\/arhiva\/ramic-potpisivanje-ugovora-o-granici-s-crnom-gorom-kojoj-je-ostavljena-sutorina-antibosanskohercegovacki-akt\/\"]}]},{\"@type\":\"ImageObject\",\"inLanguage\":\"bs-BA\",\"@id\":\"https:\/\/sandzakpress.net\/arhiva\/ramic-potpisivanje-ugovora-o-granici-s-crnom-gorom-kojoj-je-ostavljena-sutorina-antibosanskohercegovacki-akt\/#primaryimage\",\"url\":\"https:\/\/sandzakpress.net\/arhiva\/wp-content\/uploads\/2015\/08\/Konvencija_KBSA_Atlanta_30_nov_2013_Emir_Ramic1.jpg\",\"contentUrl\":\"https:\/\/sandzakpress.net\/arhiva\/wp-content\/uploads\/2015\/08\/Konvencija_KBSA_Atlanta_30_nov_2013_Emir_Ramic1.jpg\",\"width\":663,\"height\":477},{\"@type\":\"BreadcrumbList\",\"@id\":\"https:\/\/sandzakpress.net\/arhiva\/ramic-potpisivanje-ugovora-o-granici-s-crnom-gorom-kojoj-je-ostavljena-sutorina-antibosanskohercegovacki-akt\/#breadcrumb\",\"itemListElement\":[{\"@type\":\"ListItem\",\"position\":1,\"name\":\"Home\",\"item\":\"https:\/\/sandzakpress.net\/arhiva\/\"},{\"@type\":\"ListItem\",\"position\":2,\"name\":\"Rami\u0107: Potpisivanje ugovora o granici s Crnom Gorom, kojoj je ostavljena Sutorina, antibosanskohercegova\u010dki akt\"}]},{\"@type\":\"WebSite\",\"@id\":\"https:\/\/sandzakpress.net\/arhiva\/#website\",\"url\":\"https:\/\/sandzakpress.net\/arhiva\/\",\"name\":\"Sand\u017eak PRESS\",\"description\":\"Prve elektronske novine u Sand\u017eaku\",\"publisher\":{\"@id\":\"https:\/\/sandzakpress.net\/arhiva\/#\/schema\/person\/6e72b67d6e51910a1117b3b483ba20bd\"},\"potentialAction\":[{\"@type\":\"SearchAction\",\"target\":{\"@type\":\"EntryPoint\",\"urlTemplate\":\"https:\/\/sandzakpress.net\/arhiva\/?s={search_term_string}\"},\"query-input\":{\"@type\":\"PropertyValueSpecification\",\"valueRequired\":true,\"valueName\":\"search_term_string\"}}],\"inLanguage\":\"bs-BA\"},{\"@type\":[\"Person\",\"Organization\"],\"@id\":\"https:\/\/sandzakpress.net\/arhiva\/#\/schema\/person\/6e72b67d6e51910a1117b3b483ba20bd\",\"name\":\"Kul\",\"image\":{\"@type\":\"ImageObject\",\"inLanguage\":\"bs-BA\",\"@id\":\"https:\/\/sandzakpress.net\/arhiva\/#\/schema\/person\/image\/\",\"url\":\"https:\/\/secure.gravatar.com\/avatar\/42263f39aa27ac04c43cab85c280eb2e?s=96&d=mm&r=pg\",\"contentUrl\":\"https:\/\/secure.gravatar.com\/avatar\/42263f39aa27ac04c43cab85c280eb2e?s=96&d=mm&r=pg\",\"caption\":\"Kul\"},\"logo\":{\"@id\":\"https:\/\/sandzakpress.net\/arhiva\/#\/schema\/person\/image\/\"}},{\"@type\":\"Person\",\"@id\":\"https:\/\/sandzakpress.net\/arhiva\/#\/schema\/person\/c8baee722073534b583ea7bdb2e36c02\",\"name\":\"bosniak\",\"image\":{\"@type\":\"ImageObject\",\"inLanguage\":\"bs-BA\",\"@id\":\"https:\/\/sandzakpress.net\/arhiva\/#\/schema\/person\/image\/\",\"url\":\"https:\/\/secure.gravatar.com\/avatar\/a04fd330bfe3a36a72a0ad4a6d89fca7?s=96&d=mm&r=pg\",\"contentUrl\":\"https:\/\/secure.gravatar.com\/avatar\/a04fd330bfe3a36a72a0ad4a6d89fca7?s=96&d=mm&r=pg\",\"caption\":\"bosniak\"},\"url\":\"https:\/\/sandzakpress.net\/arhiva\/author\/bosniak\/\"}]}<\/script>\n<!-- \/ Yoast SEO Premium plugin. -->","yoast_head_json":{"title":"Rami\u0107: Potpisivanje ugovora o granici s Crnom Gorom, kojoj je ostavljena Sutorina, antibosanskohercegova\u010dki akt","robots":{"index":"index","follow":"follow","max-snippet":"max-snippet:-1","max-image-preview":"max-image-preview:large","max-video-preview":"max-video-preview:-1"},"canonical":"https:\/\/sandzakpress.net\/arhiva\/ramic-potpisivanje-ugovora-o-granici-s-crnom-gorom-kojoj-je-ostavljena-sutorina-antibosanskohercegovacki-akt\/","og_locale":"bs_BA","og_type":"article","og_title":"Rami\u0107: Potpisivanje ugovora o granici s Crnom Gorom, kojoj je ostavljena Sutorina, antibosanskohercegova\u010dki akt","og_description":"BiH, Crna Gora \u2013 Danas su ministri vanjskih poslova Bosne i Hercegovine Igor Crnadak i unutra\u0161njih poslova Crne Gore Ra\u0161ko Konjevi\u0107 u zgradi Predsjedni\u0161tva Republike Austrije u Be\u010du potpisali Sporazum o granici izme\u0111u BiH i Crne Gore. Gra\u0111ani BiH u dijaspori su izuteno razo\u010darani izdajni\u010dkim \u010dinom od strane onog dijela bosanskohercegova\u010dkih politi\u010dara, prije svega bo\u0161nja\u010dkih, [&hellip;]","og_url":"https:\/\/sandzakpress.net\/arhiva\/ramic-potpisivanje-ugovora-o-granici-s-crnom-gorom-kojoj-je-ostavljena-sutorina-antibosanskohercegovacki-akt\/","og_site_name":"Sand\u017eak PRESS","article_published_time":"2015-08-27T06:45:19+00:00","og_image":[{"width":663,"height":477,"url":"https:\/\/sandzakpress.net\/arhiva\/wp-content\/uploads\/2015\/08\/Konvencija_KBSA_Atlanta_30_nov_2013_Emir_Ramic1.jpg","type":"image\/jpeg"}],"author":"bosniak","twitter_card":"summary_large_image","twitter_misc":{"Written by":"bosniak","Est. reading time":"2 minute"},"schema":{"@context":"https:\/\/schema.org","@graph":[{"@type":"Article","@id":"https:\/\/sandzakpress.net\/arhiva\/ramic-potpisivanje-ugovora-o-granici-s-crnom-gorom-kojoj-je-ostavljena-sutorina-antibosanskohercegovacki-akt\/#article","isPartOf":{"@id":"https:\/\/sandzakpress.net\/arhiva\/ramic-potpisivanje-ugovora-o-granici-s-crnom-gorom-kojoj-je-ostavljena-sutorina-antibosanskohercegovacki-akt\/"},"author":{"name":"bosniak","@id":"https:\/\/sandzakpress.net\/arhiva\/#\/schema\/person\/c8baee722073534b583ea7bdb2e36c02"},"headline":"Rami\u0107: Potpisivanje ugovora o granici s Crnom Gorom, kojoj je ostavljena Sutorina, antibosanskohercegova\u010dki akt","datePublished":"2015-08-27T06:45:19+00:00","mainEntityOfPage":{"@id":"https:\/\/sandzakpress.net\/arhiva\/ramic-potpisivanje-ugovora-o-granici-s-crnom-gorom-kojoj-je-ostavljena-sutorina-antibosanskohercegovacki-akt\/"},"wordCount":507,"commentCount":0,"publisher":{"@id":"https:\/\/sandzakpress.net\/arhiva\/#\/schema\/person\/6e72b67d6e51910a1117b3b483ba20bd"},"image":{"@id":"https:\/\/sandzakpress.net\/arhiva\/ramic-potpisivanje-ugovora-o-granici-s-crnom-gorom-kojoj-je-ostavljena-sutorina-antibosanskohercegovacki-akt\/#primaryimage"},"thumbnailUrl":"https:\/\/sandzakpress.net\/arhiva\/wp-content\/uploads\/2015\/08\/Konvencija_KBSA_Atlanta_30_nov_2013_Emir_Ramic1.jpg","keywords":["Bosna i Hercegovina"],"articleSection":["Bosna PRESS"],"inLanguage":"bs-BA","potentialAction":[{"@type":"CommentAction","name":"Comment","target":["https:\/\/sandzakpress.net\/arhiva\/ramic-potpisivanje-ugovora-o-granici-s-crnom-gorom-kojoj-je-ostavljena-sutorina-antibosanskohercegovacki-akt\/#respond"]}]},{"@type":"WebPage","@id":"https:\/\/sandzakpress.net\/arhiva\/ramic-potpisivanje-ugovora-o-granici-s-crnom-gorom-kojoj-je-ostavljena-sutorina-antibosanskohercegovacki-akt\/","url":"https:\/\/sandzakpress.net\/arhiva\/ramic-potpisivanje-ugovora-o-granici-s-crnom-gorom-kojoj-je-ostavljena-sutorina-antibosanskohercegovacki-akt\/","name":"Rami\u0107: Potpisivanje ugovora o granici s Crnom Gorom, kojoj je ostavljena Sutorina, antibosanskohercegova\u010dki akt","isPartOf":{"@id":"https:\/\/sandzakpress.net\/arhiva\/#website"},"primaryImageOfPage":{"@id":"https:\/\/sandzakpress.net\/arhiva\/ramic-potpisivanje-ugovora-o-granici-s-crnom-gorom-kojoj-je-ostavljena-sutorina-antibosanskohercegovacki-akt\/#primaryimage"},"image":{"@id":"https:\/\/sandzakpress.net\/arhiva\/ramic-potpisivanje-ugovora-o-granici-s-crnom-gorom-kojoj-je-ostavljena-sutorina-antibosanskohercegovacki-akt\/#primaryimage"},"thumbnailUrl":"https:\/\/sandzakpress.net\/arhiva\/wp-content\/uploads\/2015\/08\/Konvencija_KBSA_Atlanta_30_nov_2013_Emir_Ramic1.jpg","datePublished":"2015-08-27T06:45:19+00:00","breadcrumb":{"@id":"https:\/\/sandzakpress.net\/arhiva\/ramic-potpisivanje-ugovora-o-granici-s-crnom-gorom-kojoj-je-ostavljena-sutorina-antibosanskohercegovacki-akt\/#breadcrumb"},"inLanguage":"bs-BA","potentialAction":[{"@type":"ReadAction","target":["https:\/\/sandzakpress.net\/arhiva\/ramic-potpisivanje-ugovora-o-granici-s-crnom-gorom-kojoj-je-ostavljena-sutorina-antibosanskohercegovacki-akt\/"]}]},{"@type":"ImageObject","inLanguage":"bs-BA","@id":"https:\/\/sandzakpress.net\/arhiva\/ramic-potpisivanje-ugovora-o-granici-s-crnom-gorom-kojoj-je-ostavljena-sutorina-antibosanskohercegovacki-akt\/#primaryimage","url":"https:\/\/sandzakpress.net\/arhiva\/wp-content\/uploads\/2015\/08\/Konvencija_KBSA_Atlanta_30_nov_2013_Emir_Ramic1.jpg","contentUrl":"https:\/\/sandzakpress.net\/arhiva\/wp-content\/uploads\/2015\/08\/Konvencija_KBSA_Atlanta_30_nov_2013_Emir_Ramic1.jpg","width":663,"height":477},{"@type":"BreadcrumbList","@id":"https:\/\/sandzakpress.net\/arhiva\/ramic-potpisivanje-ugovora-o-granici-s-crnom-gorom-kojoj-je-ostavljena-sutorina-antibosanskohercegovacki-akt\/#breadcrumb","itemListElement":[{"@type":"ListItem","position":1,"name":"Home","item":"https:\/\/sandzakpress.net\/arhiva\/"},{"@type":"ListItem","position":2,"name":"Rami\u0107: Potpisivanje ugovora o granici s Crnom Gorom, kojoj je ostavljena Sutorina, antibosanskohercegova\u010dki akt"}]},{"@type":"WebSite","@id":"https:\/\/sandzakpress.net\/arhiva\/#website","url":"https:\/\/sandzakpress.net\/arhiva\/","name":"Sand\u017eak PRESS","description":"Prve elektronske novine u Sand\u017eaku","publisher":{"@id":"https:\/\/sandzakpress.net\/arhiva\/#\/schema\/person\/6e72b67d6e51910a1117b3b483ba20bd"},"potentialAction":[{"@type":"SearchAction","target":{"@type":"EntryPoint","urlTemplate":"https:\/\/sandzakpress.net\/arhiva\/?s={search_term_string}"},"query-input":{"@type":"PropertyValueSpecification","valueRequired":true,"valueName":"search_term_string"}}],"inLanguage":"bs-BA"},{"@type":["Person","Organization"],"@id":"https:\/\/sandzakpress.net\/arhiva\/#\/schema\/person\/6e72b67d6e51910a1117b3b483ba20bd","name":"Kul","image":{"@type":"ImageObject","inLanguage":"bs-BA","@id":"https:\/\/sandzakpress.net\/arhiva\/#\/schema\/person\/image\/","url":"https:\/\/secure.gravatar.com\/avatar\/42263f39aa27ac04c43cab85c280eb2e?s=96&d=mm&r=pg","contentUrl":"https:\/\/secure.gravatar.com\/avatar\/42263f39aa27ac04c43cab85c280eb2e?s=96&d=mm&r=pg","caption":"Kul"},"logo":{"@id":"https:\/\/sandzakpress.net\/arhiva\/#\/schema\/person\/image\/"}},{"@type":"Person","@id":"https:\/\/sandzakpress.net\/arhiva\/#\/schema\/person\/c8baee722073534b583ea7bdb2e36c02","name":"bosniak","image":{"@type":"ImageObject","inLanguage":"bs-BA","@id":"https:\/\/sandzakpress.net\/arhiva\/#\/schema\/person\/image\/","url":"https:\/\/secure.gravatar.com\/avatar\/a04fd330bfe3a36a72a0ad4a6d89fca7?s=96&d=mm&r=pg","contentUrl":"https:\/\/secure.gravatar.com\/avatar\/a04fd330bfe3a36a72a0ad4a6d89fca7?s=96&d=mm&r=pg","caption":"bosniak"},"url":"https:\/\/sandzakpress.net\/arhiva\/author\/bosniak\/"}]}},"_links":{"self":[{"href":"https:\/\/sandzakpress.net\/arhiva\/wp-json\/wp\/v2\/posts\/134807"}],"collection":[{"href":"https:\/\/sandzakpress.net\/arhiva\/wp-json\/wp\/v2\/posts"}],"about":[{"href":"https:\/\/sandzakpress.net\/arhiva\/wp-json\/wp\/v2\/types\/post"}],"author":[{"embeddable":true,"href":"https:\/\/sandzakpress.net\/arhiva\/wp-json\/wp\/v2\/users\/83"}],"replies":[{"embeddable":true,"href":"https:\/\/sandzakpress.net\/arhiva\/wp-json\/wp\/v2\/comments?post=134807"}],"version-history":[{"count":0,"href":"https:\/\/sandzakpress.net\/arhiva\/wp-json\/wp\/v2\/posts\/134807\/revisions"}],"wp:featuredmedia":[{"embeddable":true,"href":"https:\/\/sandzakpress.net\/arhiva\/wp-json\/wp\/v2\/media\/134809"}],"wp:attachment":[{"href":"https:\/\/sandzakpress.net\/arhiva\/wp-json\/wp\/v2\/media?parent=134807"}],"wp:term":[{"taxonomy":"category","embeddable":true,"href":"https:\/\/sandzakpress.net\/arhiva\/wp-json\/wp\/v2\/categories?post=134807"},{"taxonomy":"post_tag","embeddable":true,"href":"https:\/\/sandzakpress.net\/arhiva\/wp-json\/wp\/v2\/tags?post=134807"}],"curies":[{"name":"wp","href":"https:\/\/api.w.org\/{rel}","templated":true}]}}