{"id":134787,"date":"2015-08-26T19:00:06","date_gmt":"2015-08-26T17:00:06","guid":{"rendered":"https:\/\/sandzakpress.net\/arhiva\/dr-ceric-sanu-je-u-panici-zbog-razotkrivanja-srpskih-lazi-o-bosni-i-bosnjacima"},"modified":"2015-08-26T19:00:06","modified_gmt":"2015-08-26T17:00:06","slug":"dr-ceric-sanu-je-u-panici-zbog-razotkrivanja-srpskih-lazi-o-bosni-i-bosnjacima","status":"publish","type":"post","link":"https:\/\/sandzakpress.net\/arhiva\/dr-ceric-sanu-je-u-panici-zbog-razotkrivanja-srpskih-lazi-o-bosni-i-bosnjacima\/","title":{"rendered":"Dr. Ceri\u0107: SANU je u panici zbog razotkrivanja srpskih la\u017ei o Bosni i Bo\u0161njacima"},"content":{"rendered":"<p style=\"text-align: justify\"><strong><a href=\"http:\/\/bosnapress.net\/wp-content\/uploads\/2015\/08\/b_140921054.jpg\"><img loading=\"lazy\" decoding=\"async\" class=\"alignnone size-large wp-image-144034\" src=\"http:\/\/bosnapress.net\/wp-content\/uploads\/2015\/08\/b_140921054-616x341.jpg\" alt=\"b_140921054\" width=\"600\" height=\"332\" \/><\/a>Sarajevo \u2013 Dr. Mustafa Ceri\u0107, reisu-l-ulema emeritus i predsjednik Svjetskog bo\u0161nja\u010dkog kongresa, najavio je za portal Radiosarajevo.ba kako \u0107e se jo\u0161 vi\u0161e anga\u017eirati u bh. politici.<\/strong><span id=\"more-144033\"><\/span><\/p>\n<p style=\"text-align: justify\">U intervjuu koji je dao za Radiosarajevo komentirao je aktuelnu politi\u010dku situaciju u BiH, odgovarao na pitanja o Sutorini i poku\u0161aju da se bosanski jezik zamijeni bo\u0161nja\u010dkim, situaciju sa migrantima\u2026podsje\u0107aju\u0107i na kandidaturu koju je na pro\u0161lim izborima imao za \u010dlana Predsjedni\u0161tva BiH, na\u0161 sagovornik nam je otkrio kako ima planova i ponuda, a onda je dodao:<\/p>\n<p style=\"text-align: justify\">\u201eKa\u017eu da je slavni Abraham Lincoln tek u osmom poku\u0161aju bio izabran za predsjednika Amerike.\u201c<\/p>\n<p style=\"text-align: justify\">Razgovarala: Lana Ramljak, Radiosarajevo.ba<\/p>\n<p style=\"text-align: justify\"><strong>Radiosarajevo.ba: Kako komentirate trenutnu politi\u010dku situaciju u BiH?<\/strong><\/p>\n<p style=\"text-align: justify\">Ceri\u0107: Trenutna situacija je konfuzna. No, kao da smo se na nju navikli. \u010cini mi se da je politi\u010dka konfuzija pravilo na\u0161eg \u017eivota u Bosni pa nas to vi\u0161e i ne iritira kao \u0161to bi iritirala nekog drugog. Kao \u0161to bi politi\u010dka konfuzija pokrenula neke druge narode ili gra\u0111ane da im se objasne nejasne politi\u010dke stvari. Ali, i za ovu intezivnu politi\u010dku konfuziju ima razlog, a to je da kad god je neko i poku\u0161ao da konfuziju otkloni, da stvari u politici objasni, on ne samo da nije ni\u0161ta objasnio, ve\u0107 je postoje\u0107u konfuziju u\u010dinio jo\u0161 gorom. Zato se ovdje u politici primjenjuje pravilo: \u201c\u0160uti i trpi, jer mo\u017ee biti gore\u201d. Zbog toga se ovdje svako povla\u010di u sebe i mu\u010di svoju muku. Svako brine svoju brigu kako zna i umije. Niko ne o\u010dekuje da ga neko primijeti i podijeli s njim njegovu muku i olak\u0161a mu njegovu brigu.<\/p>\n<p style=\"text-align: justify\">No, nisu svi u istom polo\u017eaju. Nisu svi u istoj situaciji. Ima ih koji nemaju muke. Mnogo ih ima. I koji imaju s kim podijeliti svoje brige. Njima ni\u0161ta ne fali. Oni sve imaju. I vi\u0161e nego \u0161to im treba. Njima odgovara ova politi\u010dka konfuzija, jer u mutnom se najbolje i najvi\u0161e ulovi. To ho\u0107u da ka\u017eem. Postoje \u201cMi\u201d gore i \u201cMi\u201d dolje. Iako je \u201cMi\u201d dolje ima vi\u0161e, \u201cMi\u201d gore su ja\u010di. Zato se \u201cMi\u201d gore zala\u017eu za prilago\u0111avanje postoje\u0107oj \u201ckonfuznoj\u201d situaciji. Dok \u201cMi\u201d dolje \u017eeli promjene, ali nema mo\u0107i, jer svu svoju mo\u0107 su \u201cMi\u201d dolje dali ovima \u0161to su \u201cMi\u201d gore, o\u010dekuju\u0107i da \u0107e im se ne\u0161to od toga vratiti. Ali im se ne vra\u0107a. Ili im se vra\u0107a na ka\u0161ikicu od koje se te\u0161ko mo\u017ee \u017eivjeti. Ali se mora trpiti. Kako je tako je. Ne daj, Bo\u017ee, gore.<\/p>\n<p style=\"text-align: justify\">Mada neki ka\u017eu da ne mo\u017ee biti gore nego \u0161to jest. Te\u0161ko je biti sudija u ovoj raspravi izme\u0111u \u201cMi\u201d gore i \u201cMi\u201d dolje. Oba \u201cMi\u201d su kriva za postoje\u0107e konfuzno stanje. \u201cMi\u201d gore su krivi zato \u0161to su se popeli isuvi\u0161e visoko pa ne vide \u0161ta se stvarno doga\u0111a dolje. A \u201cMi\u201d dolje su krivi \u0161to su ih podigli tako visoko da im se sada ne silazi dolje tako nisko, do onih koji su im podmetnuli svoja le\u0111a da se popnu tako visoko. Gore.<\/p>\n<p style=\"text-align: justify\"><strong>Radiosarajevo.ba: Nedavno ste uputili pismo Draganu \u010covi\u0107u vezano za Sutorinu. Da li ima odgovora i\/ili reakcija?<\/strong><\/p>\n<p style=\"text-align: justify\">Ceri\u0107: Nema odgovora. Niti ima reakcije. Ima samo najavljena akcija Dragana \u010covi\u0107a u Be\u010du o potpisivanju sporazuma sa Crnom Gorom o granicama, bolje re\u0107i to je sporazum o otpisivanju Sutorine na \u0161tetu dr\u017eavne imovine Bosne i Hercegovine a u korist Crne Gore. Tu \u010covi\u0107evu akciju u Be\u010du ja bih ovako prokomentirsao: Sutorina uskoro na Be\u010dkoj konferenciji kao nekad cijela Bosna na Berlinskom kongresu. Naime, kao \u0161to je poznato prije 137 godina u Berlinu je odr\u017ean Berlinski kongres od 13. jula do 13. jula, 1878, na kojem su sedam evropskih sila na \u010delu sa Otto von Bismarkom raspravljale o Isto\u010dnom pitanju i rije\u0161ile ga kako su ga rije\u0161ili. Srbiji i Crnoj Gori je potvr\u0111ena nezavisnost, dok je Austro-Ugarska Monarhija dobila mandat za Bosnu i Hercegovinu. Kasnije, ili ta\u010dnije 1908. godine, Monarhija je aneksirala Bosnu i tako je definitivno odvaja od Porte u Istanbula.<\/p>\n<p style=\"text-align: justify\">Delegaciju Porte, tj. osmanske carevine, na Berlinskom kongresu predvodio je Aleksandar Karatheodori Pa\u0161a (1833\u20131906), porijeklom Grk iz poznate i mo\u0107ne gr\u010dke porodice Fanariot iz Istanbola, koja je imala veliki utjecaj na Porti. Karatheodori Pa\u0161i je pomagao Mehmet Ali Pa\u0161a. Nije poznato za\u0161to je Sultan u zadnji \u010das pred odlazak delegacije za Berlin umjesto biv\u0161eg premijera Sadik Pa\u0161e imenovao ba\u0161 Aleksandra Karatheodori Pa\u0161u za \u0161efa ottomanske delegacije na Berlinskom kongresu. Karatheodori Pa\u0161i vjerovatno nije ni znao gdje se nalazi Bosna, ali je o\u010dito znao \u0161ta treba da radi \u2013 da preda Bosnu Austro-Ugarskoj. Niko nije pitao Bosance \u0161ta misle o svojoj zemlji, niti je iko htio \u010duti njihov zahtjev za nezavisnost. Niko od Bosanaca nije bio u Berlinu na Berlinskom kongresu. Bosnu je zastupa Grk i zato ju je lahko predao drugima, koji nisu Bosanci. Srbiju su zastupali Srbi. Crnu Goru Crnogorci.<\/p>\n<p style=\"text-align: justify\">Historija se ponavlja. Naro\u010dito ovdje kod nas kad je rije\u010d o davanju ili izdavanju Bosne. Ovoga puta Bosna se ne daje, odnosno ne izdaje u Berlinu, ve\u0107 u Be\u010du, gdje \u0107e biti odr\u017eana Konferencija o Zapadnom Balkanu. Nije pred Otto von Bismarkom ve\u0107 pred Hajncom Fi\u0161erom (Heinz Fischer), predsjednikom Austrije. Naime, Dragan \u010covi\u0107e je najavio da \u0107e potpisati sporazum o granicama sa Crnom Gorom ba\u0161 u Be\u010du u prisustvu predsjednika Austrije Fi\u0161era, kao \u0161to je i Karatheodori Pa\u0161a u prisustvu Oto von Bismarka potpisao u Berlinu sporazum o austrougarskom mandatu za Bosnu. Potom je uslijedila aneksija Bosne. Sli\u010dno \u0107e biti i sa Sutorinom. Dragan \u010covi\u0107 \u0107e, kako je najavio, potpisati sporazum o otpisivanju Sutorine u Be\u010du. Potom \u0107e uslijediti aneksija od strane Crne Gore, poslije koje slijede druge aneksije bosanske teritorije i s zapada i s istoka. Jer, kad susjedi vide da je Bosancima svejedno \u0161to im se oduzima teritorija, svi \u0107e pohrliti da uzmu \u0161to vi\u0161e mogu od Bosne (i Hercegovine). To je zakon d\u017eungle, koji se name\u0107e samo Bosni. Uzmi \u0161to ti se pru\u017ea dok nije nestalo. Otmi \u0161to ti se daje da otme\u0161 dok jo\u0161 ima.<\/p>\n<p style=\"text-align: justify\">Naravno, nije Dragan \u010covi\u0107 isto \u0161to i Karatheodori Pa\u0161a. \u010covi\u0107 nije kriv \u0161to ga je zapalo da ima gotovu istu ulogu u Be\u010du, koju je imao Karatheodori Pa\u0161a u Berlinu prije 137 godina. To je vjerovatno puka slu\u010dajnost. Dragan \u010covi\u0107 je, me\u0111utim, kriv zato \u0161to pristaje da njegov potpis ostane kao trag jedne od velikih izdaja teritorijalnog integriteta i suvereniteta bosanske dr\u017eave. Koliko je Dragan \u010covi\u0107 svjestan toga ne znam, ali znam da je ostalo malo vremena da shvati da je otpisivanje Sutorine Bosni a pripisvanje Crnoj Gori veleizdaja.<br \/>\nNa\u0161e je bilo da mu to ka\u017eemo, a njegovo da uradi po svojoj savjesti. Njegovo je da izbjegne veleizdaju. Ako ne izbjegne, onda neka snosi konsekvence svoje veleizdaje. Na\u0161a borba za Sutorinu kao princip teritorijalnog integriteta i suvereniteta bosanske dr\u017eave ne\u0107e stati. Bez obzira na ishod Be\u010dke Koneferencije.<\/p>\n<p style=\"text-align: justify\">Na pitanju Sutorine mjeri se moralni patriotizam i savjest svakog Bosanca, posebno politi\u010dara i parlamentarca. Ali i svakog gra\u0111anina dr\u017eave Bosne i Hercegovine, koji ima svijest i savjest o sebi, svom domu, svojoj domovini, svojoj naciji i svojoj dr\u017eavi.<\/p>\n<p style=\"text-align: justify\"><strong>Radiosarajevo.ba: Ne mogu da Vas ne pitam \u2013 mo\u017eemo li o\u010dekivati Va\u0161 ve\u0107i angan\u017eman u bh. politici. Ako da, na koji na\u010din?<\/strong><\/p>\n<p style=\"text-align: justify\">Ceri\u0107: Na svaki mogu\u0107i na\u010din. Koji ima smisla. A ima smisla da radim sve \u0161to mislim da je korisno za moj narod i dr\u017eavu. Dakle, sve su mi opcije otvorene za moj javni anga\u017eman. Ja sam tu da budem u slo\u017ebi svog naroda, svoje vjere, svoje nacije, svoje dr\u017eave i cijelog \u010dovje\u010danstva. Trenutno sam na putu za Seul, Ju\u017ena Koreja, gdje \u0107u prisustvovati i govoriti na Svjetskom samitu o miru. Imam mnogo svojih planova a i ponuda drugih. No, definitivno ostajem ovdje u svom gradu i u svojoj dr\u017eavi. Ima mnogo posla. Sretan sam i zadovoljan. Ka\u017eu da je slavni Abraham Lincoln tek u osmom poku\u0161aju bio izabran za predsjednika Amerike.<\/p>\n<p style=\"text-align: justify\"><strong>Radiosarajevo.ba: Poku\u0161aj da se uru\u0161i bosanski jezik i zamijeni \u201cbo\u0161nja\u010dkom\u201d varijantom, komentirate kako\u2026?<\/strong><\/p>\n<p style=\"text-align: justify\">Ceri\u0107: Nikako! Zato \u0161to uop\u0107e nije vi\u0161e va\u017eno \u0161ta SANU u Beogradu misli o Bosni, o Bo\u0161njacima, o bosnskom jeziku, o bosanskoj sevdalinki, o bosanskom konju, o bosanskom \u017eivotu\u2026 Nije to vi\u0161e institucija, koja zaslu\u017euje respekt. SANU je izgubio smisao i za nauku i za umjetnost. Pa samim tim i ta ocjena o bosanskom jeziku je \u010dista blama\u017ea, koja nas upu\u010duje na zaklju\u010dak da su srpska nauka i umjetnost u velikoj politi\u010dkoj i moralnoj krizi.<\/p>\n<p style=\"text-align: justify\">Sve vrste diktata, dekreta, deklaracija, rezolucija i drugih nacionalisti\u010dkih i \u0161ovinisti\u010dkih proglasa izgubili su smisao zato \u0161to nema vi\u0161e onih koji ih primaju i bespogovorno slu\u0161aju. Pitam vas, koga SANU pou\u010dava o bosanskom jeziku? Bo\u0161njake nikako. Jer Bo\u0161njacima proglasi SANU ne zna\u010de ni\u0161ta. Srbima tako\u0111er proglas o bosanskom jeziku ni\u0161ta ne zna\u010di, jer ih se to ne ti\u010de. A i oni kojih se kao ti\u010de, ne znaju \u0161ta to zapravo zna\u010di. Me\u0111utim, ima jedna stvar koja je dobra, a to je da ovakvi nasrtaji SANU i drugih iz Beograda na Bosnu, Bo\u0161njake i bosanski jezik i kulturu budi kod Bo\u0161njaka nacionalni, dr\u017eavni\u010dki i kulturni ponios. Jer, ni jedna nacija nije definirana iz same sebe. Sve nacije su definirane u odnosu na druge nacije. One koje pokazuju prema njoj neprijateljske namjere.<br \/>\nBo\u0161njacima se sada upravo doga\u0111a to da prema njima jedna nacija pokazuje netrpeljivost, negira ih kroz negaciju njihovog jezika. Nije ovdje rije\u010d o imenu bosanskog jezika. Ovdje je rije\u010d o negaciji kao frustraciji onoga koji se osje\u0107a ugro\u017eenim zato \u0161to mu se otkrivaju la\u017ei i prevare na kojima je on gradio svoj vlastiti nacionalni i kulturni identitet. Upravo tako, srpska nauka i umjetnost, koju je decenijama kreirala SANU, bazirana je na mnogim la\u017eima i prevarama, posebnio u odnosu na bosansku historiju, nauku, kulturu i umjetnost. Toj praksi dolazi kraj i zato je SANU u panici. Svaka nova istina o Bosni i Bo\u0161njacima je razotkrivanje stare srpske la\u017ei o Bosni i Bo\u0161njacima. Jer, istina se ne ustanovljava diktatima i dekretima, kao \u0161to je to bila dosada praksa od strane Beograda. Istina je samo po sebi istina i ne trpi nikakvu represiju. La\u017e ne postoji sama po sebi. La\u017e se mora ustanoviti i i mora se odr\u017eavati represijom. Ali \u010dim nestane represije, nestane i la\u017ei. Da bi se ponovo uspostavila, la\u017e potrebuje novu represiju. Bo\u0161njaci su definitivno odlu\u010dili da ne prihvatja vi\u0161e represiju, koja ih negira. The game is over!<\/p>\n<p style=\"text-align: justify\"><strong>Radiosarajevo.ba: Stravi\u010dne su slike izbjeglica koje pristi\u017eu na Balkan posljednjih dana. Kako komentirate ovu te\u0161ku situaciju?<\/strong><\/p>\n<p style=\"text-align: justify\">Ceri\u0107: Hvala vam za ovo pitanje. Dozvolite mi da vam odgovorima na ovaj na\u010din. Ko su imigranti s istoka? Ljudi? Ili su oni samo Arapi, Sirijci, Ira\u010dani, Libijci, Afganistanci\u2026 samo muslimani. Opasni muslimani sa dje\u010dicom u naru\u010dju i sa kesicama u rukama. Opasni su gdje god da su: u svojoj zemlji, ili na svom imigraciskom putu prema Europi.<\/p>\n<p style=\"text-align: justify\">U svojoj zemlji su opasni zato \u0161to su ustali protiv orjentalnih despota. Dok su na svom imigraciskom putu opasni zato \u0161to su radikalni. Ili bi mogli biti radikalni. I zato ih se Europa pla\u0161i. I zato ih se Bosna pla\u0161i. Jer, Bosna je isto tako Europa. Bar kad se ti\u010de odnosa prema imigrantima s istoka Bosna je na euroskom nivou. Isto tako ima strah od muslimana s istoka. Koji su po definiciji nepo\u017eeljni. Jer, mogli bi biti radikalni. Ovu definiciju muslimana u Europi mi Bo\u0161njaci muslimani u Bosni dobro pamtimo. Europa zna da Bo\u0161njaci nismo radikalni! Ali, za svaki slu\u010daj Bo\u0161njake treba dr\u017eati pod budnim okom njihovih \u010duvara zato \u0161to bi mogli postati radikalni. Oni koji su u Bosni stvarno radikalni nisu opasni, jer se za njih zna da su radikalni, ali muslimani koji nisu radikalni, kao \u0161to su Bo\u0161njaci, su opasni zato \u0161to bi mogli postati radikalni.<\/p>\n<p style=\"text-align: justify\">Ali, Bosna ne mo\u017ee re\u0107i da nema d\u017eamija, kao \u0161to ka\u017ee Slova\u010dka pa da joj to bude razlog da ne primi imigrante muslimane s istoka. Jer, u Bosni ima mnogo d\u017eamija, ima mnogo i crkava, ima i sinagoga. Ima u Bosni mjesta gdje nema ni d\u017eamija, ni crkava, ni sinagoga. Da svako izabere \u0161to mu je volja. U Bosni ima sve \u0161to ljudima treba. I zato Bosna ne bi trebala da se pla\u0161i. Kao \u0161to se pla\u0161i Slova\u010dka da primi muslimane zato \u0161to kod nje nema muslimana, nema d\u017eamija. Ali, o\u010dito u tome i jeste problem za Bosnu \u0161to u njoj ima mnogo muslimana i d\u017eamija. Ve\u0107i je to problem nego za Slova\u010dku \u0161to nema \u2013 muslimana.<\/p>\n<p style=\"text-align: justify\">Bosna je, dakle, na velikom ispitu savjesti zbog imigranata s istoka. Koji su uglavnom muslimani sa djecom u naru\u010dju i kesicama u rukama. Bosna je na ispitu ba\u0161 zato \u0161tu u njoj ima muslimana, i d\u017eamija. Koji imaju pravo i obavezu da pru\u017ee ruku pomo\u0107i svome bratu po vjeri s istim razlogom s kojim mu drugi uskra\u010duju ruku pomo\u0107i zbog njegove vjere.<\/p>\n<p style=\"text-align: justify\">Nema niko pravo nanositi bol i patnju na na\u0161u savjest. A to nam se upravo \u010dini. Ka\u017ee nam se vi u Bosni ne smijete pomo\u0107i svojoj bra\u0107i muslimanima s istoka zato \u0161to ste muslimani, kao i oni me\u0111u kojima mo\u017eda ima radikalnih elemenata. Zbog tih koji su \u201cmo\u017eda\u201d radikalni vi u Bosni ne smijete pomagati ni onima koji \u201cmo\u017eda\u201d nisu radikalni. Ni njihovoj djeci, ni njihovim \u017eenama \u2013 ne smijete im pru\u017eati ruku, jer je opasno da msuliman osjeti ruku pomo\u0107i od muslimana. To bi moglo biti radikalno.<br \/>\nTo je zaista sramno i porazno. To je nepodno\u0161ljivo da nam se tako servira najve\u0107a imigratska kriza stolje\u0107a u kojoj su muslimani najve\u0107a \u017ertva. Zbog koje mi muslimani u Bosni ne mo\u017eemo imati mirnu savjest. Imigranti s istoka su Arapi, Sirijci, Ira\u010dani, Libijci, Afganistanci\u2026 muslimani! Ali oni su ljudi! Jesu li? Pitam, jesu li oni ljudi. Jesu!<\/p>\n<p style=\"text-align: justify\">Bosno moja, budi druga\u010dija od njih! Nemoj se bojati! Nemoj da te pla\u0161e zlobnici! Od tvoje vjere! I od tvoje bra\u0107e! Budi hrabra, Bosno moja! Nemoj se stiditi \u0161to ima\u0161 d\u017eamije, crkve i sinagoga! Budi ponosna na svoje gostoprimstvo u pro\u0161losti! Budi dobra u sada\u0161njasti za lijep primjer u budu\u0107nosti.<\/p>\n<p style=\"text-align: justify\">(Radiosarajevo.ba)<\/p>\n<p>Pogledajte vijest na izvornom sajtu:<\/p>\n<p><a href=\"http:\/\/bosnapress.net\/dr-ceric-sanu-je-u-panici-zbog-razotkrivanja-srpskih-lazi-o-bosni-i-bosnjacima\/\" target=\"_blank\">Dr. Ceri\u0107: SANU je u panici zbog razotkrivanja srpskih la\u017ei o Bosni i Bo\u0161njacima<\/a><\/p>\n","protected":false},"excerpt":{"rendered":"<p>Sarajevo \u2013 Dr. Mustafa Ceri\u0107, reisu-l-ulema emeritus i predsjednik Svjetskog bo\u0161nja\u010dkog kongresa, najavio je za portal Radiosarajevo.ba kako \u0107e se jo\u0161 vi\u0161e anga\u017eirati u bh. politici. U intervjuu koji je dao za Radiosarajevo komentirao je aktuelnu politi\u010dku situaciju u BiH, odgovarao na pitanja o Sutorini i poku\u0161aju da se bosanski jezik zamijeni bo\u0161nja\u010dkim, situaciju sa [&hellip;]<\/p>\n","protected":false},"author":83,"featured_media":134789,"comment_status":"open","ping_status":"open","sticky":false,"template":"","format":"standard","meta":{"footnotes":""},"categories":[10513],"tags":[10466],"class_list":{"0":"post-134787","1":"post","2":"type-post","3":"status-publish","4":"format-standard","5":"has-post-thumbnail","7":"category-bosna-press","8":"tag-bosna-i-hercegovina"},"yoast_head":"<!-- This site is optimized with the Yoast SEO Premium plugin v23.1 (Yoast SEO v24.9) - https:\/\/yoast.com\/wordpress\/plugins\/seo\/ -->\n<title>Dr. Ceri\u0107: SANU je u panici zbog razotkrivanja srpskih la\u017ei o Bosni i Bo\u0161njacima<\/title>\n<meta name=\"robots\" content=\"index, follow, max-snippet:-1, max-image-preview:large, max-video-preview:-1\" \/>\n<link rel=\"canonical\" href=\"https:\/\/sandzakpress.net\/arhiva\/dr-ceric-sanu-je-u-panici-zbog-razotkrivanja-srpskih-lazi-o-bosni-i-bosnjacima\/\" \/>\n<meta property=\"og:locale\" content=\"bs_BA\" \/>\n<meta property=\"og:type\" content=\"article\" \/>\n<meta property=\"og:title\" content=\"Dr. Ceri\u0107: SANU je u panici zbog razotkrivanja srpskih la\u017ei o Bosni i Bo\u0161njacima\" \/>\n<meta property=\"og:description\" content=\"Sarajevo \u2013 Dr. Mustafa Ceri\u0107, reisu-l-ulema emeritus i predsjednik Svjetskog bo\u0161nja\u010dkog kongresa, najavio je za portal Radiosarajevo.ba kako \u0107e se jo\u0161 vi\u0161e anga\u017eirati u bh. politici. U intervjuu koji je dao za Radiosarajevo komentirao je aktuelnu politi\u010dku situaciju u BiH, odgovarao na pitanja o Sutorini i poku\u0161aju da se bosanski jezik zamijeni bo\u0161nja\u010dkim, situaciju sa [&hellip;]\" \/>\n<meta property=\"og:url\" content=\"https:\/\/sandzakpress.net\/arhiva\/dr-ceric-sanu-je-u-panici-zbog-razotkrivanja-srpskih-lazi-o-bosni-i-bosnjacima\/\" \/>\n<meta property=\"og:site_name\" content=\"Sand\u017eak PRESS\" \/>\n<meta property=\"article:published_time\" content=\"2015-08-26T17:00:06+00:00\" \/>\n<meta property=\"og:image\" content=\"https:\/\/sandzakpress.net\/arhiva\/wp-content\/uploads\/2015\/08\/b_140921054-616x3411.jpg\" \/>\n\t<meta property=\"og:image:width\" content=\"616\" \/>\n\t<meta property=\"og:image:height\" content=\"341\" \/>\n\t<meta property=\"og:image:type\" content=\"image\/jpeg\" \/>\n<meta name=\"author\" content=\"bosniak\" \/>\n<meta name=\"twitter:card\" content=\"summary_large_image\" \/>\n<meta name=\"twitter:label1\" content=\"Written by\" \/>\n\t<meta name=\"twitter:data1\" content=\"bosniak\" \/>\n\t<meta name=\"twitter:label2\" content=\"Est. reading time\" \/>\n\t<meta name=\"twitter:data2\" content=\"13 minuta\" \/>\n<script type=\"application\/ld+json\" class=\"yoast-schema-graph\">{\"@context\":\"https:\/\/schema.org\",\"@graph\":[{\"@type\":\"Article\",\"@id\":\"https:\/\/sandzakpress.net\/arhiva\/dr-ceric-sanu-je-u-panici-zbog-razotkrivanja-srpskih-lazi-o-bosni-i-bosnjacima\/#article\",\"isPartOf\":{\"@id\":\"https:\/\/sandzakpress.net\/arhiva\/dr-ceric-sanu-je-u-panici-zbog-razotkrivanja-srpskih-lazi-o-bosni-i-bosnjacima\/\"},\"author\":{\"name\":\"bosniak\",\"@id\":\"https:\/\/sandzakpress.net\/arhiva\/#\/schema\/person\/c8baee722073534b583ea7bdb2e36c02\"},\"headline\":\"Dr. Ceri\u0107: SANU je u panici zbog razotkrivanja srpskih la\u017ei o Bosni i Bo\u0161njacima\",\"datePublished\":\"2015-08-26T17:00:06+00:00\",\"mainEntityOfPage\":{\"@id\":\"https:\/\/sandzakpress.net\/arhiva\/dr-ceric-sanu-je-u-panici-zbog-razotkrivanja-srpskih-lazi-o-bosni-i-bosnjacima\/\"},\"wordCount\":2561,\"commentCount\":11,\"publisher\":{\"@id\":\"https:\/\/sandzakpress.net\/arhiva\/#\/schema\/person\/6e72b67d6e51910a1117b3b483ba20bd\"},\"image\":{\"@id\":\"https:\/\/sandzakpress.net\/arhiva\/dr-ceric-sanu-je-u-panici-zbog-razotkrivanja-srpskih-lazi-o-bosni-i-bosnjacima\/#primaryimage\"},\"thumbnailUrl\":\"https:\/\/sandzakpress.net\/arhiva\/wp-content\/uploads\/2015\/08\/b_140921054-616x3411.jpg\",\"keywords\":[\"Bosna i Hercegovina\"],\"articleSection\":[\"Bosna PRESS\"],\"inLanguage\":\"bs-BA\",\"potentialAction\":[{\"@type\":\"CommentAction\",\"name\":\"Comment\",\"target\":[\"https:\/\/sandzakpress.net\/arhiva\/dr-ceric-sanu-je-u-panici-zbog-razotkrivanja-srpskih-lazi-o-bosni-i-bosnjacima\/#respond\"]}]},{\"@type\":\"WebPage\",\"@id\":\"https:\/\/sandzakpress.net\/arhiva\/dr-ceric-sanu-je-u-panici-zbog-razotkrivanja-srpskih-lazi-o-bosni-i-bosnjacima\/\",\"url\":\"https:\/\/sandzakpress.net\/arhiva\/dr-ceric-sanu-je-u-panici-zbog-razotkrivanja-srpskih-lazi-o-bosni-i-bosnjacima\/\",\"name\":\"Dr. Ceri\u0107: SANU je u panici zbog razotkrivanja srpskih la\u017ei o Bosni i Bo\u0161njacima\",\"isPartOf\":{\"@id\":\"https:\/\/sandzakpress.net\/arhiva\/#website\"},\"primaryImageOfPage\":{\"@id\":\"https:\/\/sandzakpress.net\/arhiva\/dr-ceric-sanu-je-u-panici-zbog-razotkrivanja-srpskih-lazi-o-bosni-i-bosnjacima\/#primaryimage\"},\"image\":{\"@id\":\"https:\/\/sandzakpress.net\/arhiva\/dr-ceric-sanu-je-u-panici-zbog-razotkrivanja-srpskih-lazi-o-bosni-i-bosnjacima\/#primaryimage\"},\"thumbnailUrl\":\"https:\/\/sandzakpress.net\/arhiva\/wp-content\/uploads\/2015\/08\/b_140921054-616x3411.jpg\",\"datePublished\":\"2015-08-26T17:00:06+00:00\",\"breadcrumb\":{\"@id\":\"https:\/\/sandzakpress.net\/arhiva\/dr-ceric-sanu-je-u-panici-zbog-razotkrivanja-srpskih-lazi-o-bosni-i-bosnjacima\/#breadcrumb\"},\"inLanguage\":\"bs-BA\",\"potentialAction\":[{\"@type\":\"ReadAction\",\"target\":[\"https:\/\/sandzakpress.net\/arhiva\/dr-ceric-sanu-je-u-panici-zbog-razotkrivanja-srpskih-lazi-o-bosni-i-bosnjacima\/\"]}]},{\"@type\":\"ImageObject\",\"inLanguage\":\"bs-BA\",\"@id\":\"https:\/\/sandzakpress.net\/arhiva\/dr-ceric-sanu-je-u-panici-zbog-razotkrivanja-srpskih-lazi-o-bosni-i-bosnjacima\/#primaryimage\",\"url\":\"https:\/\/sandzakpress.net\/arhiva\/wp-content\/uploads\/2015\/08\/b_140921054-616x3411.jpg\",\"contentUrl\":\"https:\/\/sandzakpress.net\/arhiva\/wp-content\/uploads\/2015\/08\/b_140921054-616x3411.jpg\",\"width\":616,\"height\":341},{\"@type\":\"BreadcrumbList\",\"@id\":\"https:\/\/sandzakpress.net\/arhiva\/dr-ceric-sanu-je-u-panici-zbog-razotkrivanja-srpskih-lazi-o-bosni-i-bosnjacima\/#breadcrumb\",\"itemListElement\":[{\"@type\":\"ListItem\",\"position\":1,\"name\":\"Home\",\"item\":\"https:\/\/sandzakpress.net\/arhiva\/\"},{\"@type\":\"ListItem\",\"position\":2,\"name\":\"Dr. Ceri\u0107: SANU je u panici zbog razotkrivanja srpskih la\u017ei o Bosni i Bo\u0161njacima\"}]},{\"@type\":\"WebSite\",\"@id\":\"https:\/\/sandzakpress.net\/arhiva\/#website\",\"url\":\"https:\/\/sandzakpress.net\/arhiva\/\",\"name\":\"Sand\u017eak PRESS\",\"description\":\"Prve elektronske novine u Sand\u017eaku\",\"publisher\":{\"@id\":\"https:\/\/sandzakpress.net\/arhiva\/#\/schema\/person\/6e72b67d6e51910a1117b3b483ba20bd\"},\"potentialAction\":[{\"@type\":\"SearchAction\",\"target\":{\"@type\":\"EntryPoint\",\"urlTemplate\":\"https:\/\/sandzakpress.net\/arhiva\/?s={search_term_string}\"},\"query-input\":{\"@type\":\"PropertyValueSpecification\",\"valueRequired\":true,\"valueName\":\"search_term_string\"}}],\"inLanguage\":\"bs-BA\"},{\"@type\":[\"Person\",\"Organization\"],\"@id\":\"https:\/\/sandzakpress.net\/arhiva\/#\/schema\/person\/6e72b67d6e51910a1117b3b483ba20bd\",\"name\":\"Kul\",\"image\":{\"@type\":\"ImageObject\",\"inLanguage\":\"bs-BA\",\"@id\":\"https:\/\/sandzakpress.net\/arhiva\/#\/schema\/person\/image\/\",\"url\":\"https:\/\/secure.gravatar.com\/avatar\/42263f39aa27ac04c43cab85c280eb2e?s=96&d=mm&r=pg\",\"contentUrl\":\"https:\/\/secure.gravatar.com\/avatar\/42263f39aa27ac04c43cab85c280eb2e?s=96&d=mm&r=pg\",\"caption\":\"Kul\"},\"logo\":{\"@id\":\"https:\/\/sandzakpress.net\/arhiva\/#\/schema\/person\/image\/\"}},{\"@type\":\"Person\",\"@id\":\"https:\/\/sandzakpress.net\/arhiva\/#\/schema\/person\/c8baee722073534b583ea7bdb2e36c02\",\"name\":\"bosniak\",\"image\":{\"@type\":\"ImageObject\",\"inLanguage\":\"bs-BA\",\"@id\":\"https:\/\/sandzakpress.net\/arhiva\/#\/schema\/person\/image\/\",\"url\":\"https:\/\/secure.gravatar.com\/avatar\/a04fd330bfe3a36a72a0ad4a6d89fca7?s=96&d=mm&r=pg\",\"contentUrl\":\"https:\/\/secure.gravatar.com\/avatar\/a04fd330bfe3a36a72a0ad4a6d89fca7?s=96&d=mm&r=pg\",\"caption\":\"bosniak\"},\"url\":\"https:\/\/sandzakpress.net\/arhiva\/author\/bosniak\/\"}]}<\/script>\n<!-- \/ Yoast SEO Premium plugin. -->","yoast_head_json":{"title":"Dr. Ceri\u0107: SANU je u panici zbog razotkrivanja srpskih la\u017ei o Bosni i Bo\u0161njacima","robots":{"index":"index","follow":"follow","max-snippet":"max-snippet:-1","max-image-preview":"max-image-preview:large","max-video-preview":"max-video-preview:-1"},"canonical":"https:\/\/sandzakpress.net\/arhiva\/dr-ceric-sanu-je-u-panici-zbog-razotkrivanja-srpskih-lazi-o-bosni-i-bosnjacima\/","og_locale":"bs_BA","og_type":"article","og_title":"Dr. Ceri\u0107: SANU je u panici zbog razotkrivanja srpskih la\u017ei o Bosni i Bo\u0161njacima","og_description":"Sarajevo \u2013 Dr. Mustafa Ceri\u0107, reisu-l-ulema emeritus i predsjednik Svjetskog bo\u0161nja\u010dkog kongresa, najavio je za portal Radiosarajevo.ba kako \u0107e se jo\u0161 vi\u0161e anga\u017eirati u bh. politici. U intervjuu koji je dao za Radiosarajevo komentirao je aktuelnu politi\u010dku situaciju u BiH, odgovarao na pitanja o Sutorini i poku\u0161aju da se bosanski jezik zamijeni bo\u0161nja\u010dkim, situaciju sa [&hellip;]","og_url":"https:\/\/sandzakpress.net\/arhiva\/dr-ceric-sanu-je-u-panici-zbog-razotkrivanja-srpskih-lazi-o-bosni-i-bosnjacima\/","og_site_name":"Sand\u017eak PRESS","article_published_time":"2015-08-26T17:00:06+00:00","og_image":[{"width":616,"height":341,"url":"https:\/\/sandzakpress.net\/arhiva\/wp-content\/uploads\/2015\/08\/b_140921054-616x3411.jpg","type":"image\/jpeg"}],"author":"bosniak","twitter_card":"summary_large_image","twitter_misc":{"Written by":"bosniak","Est. reading time":"13 minuta"},"schema":{"@context":"https:\/\/schema.org","@graph":[{"@type":"Article","@id":"https:\/\/sandzakpress.net\/arhiva\/dr-ceric-sanu-je-u-panici-zbog-razotkrivanja-srpskih-lazi-o-bosni-i-bosnjacima\/#article","isPartOf":{"@id":"https:\/\/sandzakpress.net\/arhiva\/dr-ceric-sanu-je-u-panici-zbog-razotkrivanja-srpskih-lazi-o-bosni-i-bosnjacima\/"},"author":{"name":"bosniak","@id":"https:\/\/sandzakpress.net\/arhiva\/#\/schema\/person\/c8baee722073534b583ea7bdb2e36c02"},"headline":"Dr. Ceri\u0107: SANU je u panici zbog razotkrivanja srpskih la\u017ei o Bosni i Bo\u0161njacima","datePublished":"2015-08-26T17:00:06+00:00","mainEntityOfPage":{"@id":"https:\/\/sandzakpress.net\/arhiva\/dr-ceric-sanu-je-u-panici-zbog-razotkrivanja-srpskih-lazi-o-bosni-i-bosnjacima\/"},"wordCount":2561,"commentCount":11,"publisher":{"@id":"https:\/\/sandzakpress.net\/arhiva\/#\/schema\/person\/6e72b67d6e51910a1117b3b483ba20bd"},"image":{"@id":"https:\/\/sandzakpress.net\/arhiva\/dr-ceric-sanu-je-u-panici-zbog-razotkrivanja-srpskih-lazi-o-bosni-i-bosnjacima\/#primaryimage"},"thumbnailUrl":"https:\/\/sandzakpress.net\/arhiva\/wp-content\/uploads\/2015\/08\/b_140921054-616x3411.jpg","keywords":["Bosna i Hercegovina"],"articleSection":["Bosna PRESS"],"inLanguage":"bs-BA","potentialAction":[{"@type":"CommentAction","name":"Comment","target":["https:\/\/sandzakpress.net\/arhiva\/dr-ceric-sanu-je-u-panici-zbog-razotkrivanja-srpskih-lazi-o-bosni-i-bosnjacima\/#respond"]}]},{"@type":"WebPage","@id":"https:\/\/sandzakpress.net\/arhiva\/dr-ceric-sanu-je-u-panici-zbog-razotkrivanja-srpskih-lazi-o-bosni-i-bosnjacima\/","url":"https:\/\/sandzakpress.net\/arhiva\/dr-ceric-sanu-je-u-panici-zbog-razotkrivanja-srpskih-lazi-o-bosni-i-bosnjacima\/","name":"Dr. Ceri\u0107: SANU je u panici zbog razotkrivanja srpskih la\u017ei o Bosni i Bo\u0161njacima","isPartOf":{"@id":"https:\/\/sandzakpress.net\/arhiva\/#website"},"primaryImageOfPage":{"@id":"https:\/\/sandzakpress.net\/arhiva\/dr-ceric-sanu-je-u-panici-zbog-razotkrivanja-srpskih-lazi-o-bosni-i-bosnjacima\/#primaryimage"},"image":{"@id":"https:\/\/sandzakpress.net\/arhiva\/dr-ceric-sanu-je-u-panici-zbog-razotkrivanja-srpskih-lazi-o-bosni-i-bosnjacima\/#primaryimage"},"thumbnailUrl":"https:\/\/sandzakpress.net\/arhiva\/wp-content\/uploads\/2015\/08\/b_140921054-616x3411.jpg","datePublished":"2015-08-26T17:00:06+00:00","breadcrumb":{"@id":"https:\/\/sandzakpress.net\/arhiva\/dr-ceric-sanu-je-u-panici-zbog-razotkrivanja-srpskih-lazi-o-bosni-i-bosnjacima\/#breadcrumb"},"inLanguage":"bs-BA","potentialAction":[{"@type":"ReadAction","target":["https:\/\/sandzakpress.net\/arhiva\/dr-ceric-sanu-je-u-panici-zbog-razotkrivanja-srpskih-lazi-o-bosni-i-bosnjacima\/"]}]},{"@type":"ImageObject","inLanguage":"bs-BA","@id":"https:\/\/sandzakpress.net\/arhiva\/dr-ceric-sanu-je-u-panici-zbog-razotkrivanja-srpskih-lazi-o-bosni-i-bosnjacima\/#primaryimage","url":"https:\/\/sandzakpress.net\/arhiva\/wp-content\/uploads\/2015\/08\/b_140921054-616x3411.jpg","contentUrl":"https:\/\/sandzakpress.net\/arhiva\/wp-content\/uploads\/2015\/08\/b_140921054-616x3411.jpg","width":616,"height":341},{"@type":"BreadcrumbList","@id":"https:\/\/sandzakpress.net\/arhiva\/dr-ceric-sanu-je-u-panici-zbog-razotkrivanja-srpskih-lazi-o-bosni-i-bosnjacima\/#breadcrumb","itemListElement":[{"@type":"ListItem","position":1,"name":"Home","item":"https:\/\/sandzakpress.net\/arhiva\/"},{"@type":"ListItem","position":2,"name":"Dr. Ceri\u0107: SANU je u panici zbog razotkrivanja srpskih la\u017ei o Bosni i Bo\u0161njacima"}]},{"@type":"WebSite","@id":"https:\/\/sandzakpress.net\/arhiva\/#website","url":"https:\/\/sandzakpress.net\/arhiva\/","name":"Sand\u017eak PRESS","description":"Prve elektronske novine u Sand\u017eaku","publisher":{"@id":"https:\/\/sandzakpress.net\/arhiva\/#\/schema\/person\/6e72b67d6e51910a1117b3b483ba20bd"},"potentialAction":[{"@type":"SearchAction","target":{"@type":"EntryPoint","urlTemplate":"https:\/\/sandzakpress.net\/arhiva\/?s={search_term_string}"},"query-input":{"@type":"PropertyValueSpecification","valueRequired":true,"valueName":"search_term_string"}}],"inLanguage":"bs-BA"},{"@type":["Person","Organization"],"@id":"https:\/\/sandzakpress.net\/arhiva\/#\/schema\/person\/6e72b67d6e51910a1117b3b483ba20bd","name":"Kul","image":{"@type":"ImageObject","inLanguage":"bs-BA","@id":"https:\/\/sandzakpress.net\/arhiva\/#\/schema\/person\/image\/","url":"https:\/\/secure.gravatar.com\/avatar\/42263f39aa27ac04c43cab85c280eb2e?s=96&d=mm&r=pg","contentUrl":"https:\/\/secure.gravatar.com\/avatar\/42263f39aa27ac04c43cab85c280eb2e?s=96&d=mm&r=pg","caption":"Kul"},"logo":{"@id":"https:\/\/sandzakpress.net\/arhiva\/#\/schema\/person\/image\/"}},{"@type":"Person","@id":"https:\/\/sandzakpress.net\/arhiva\/#\/schema\/person\/c8baee722073534b583ea7bdb2e36c02","name":"bosniak","image":{"@type":"ImageObject","inLanguage":"bs-BA","@id":"https:\/\/sandzakpress.net\/arhiva\/#\/schema\/person\/image\/","url":"https:\/\/secure.gravatar.com\/avatar\/a04fd330bfe3a36a72a0ad4a6d89fca7?s=96&d=mm&r=pg","contentUrl":"https:\/\/secure.gravatar.com\/avatar\/a04fd330bfe3a36a72a0ad4a6d89fca7?s=96&d=mm&r=pg","caption":"bosniak"},"url":"https:\/\/sandzakpress.net\/arhiva\/author\/bosniak\/"}]}},"_links":{"self":[{"href":"https:\/\/sandzakpress.net\/arhiva\/wp-json\/wp\/v2\/posts\/134787"}],"collection":[{"href":"https:\/\/sandzakpress.net\/arhiva\/wp-json\/wp\/v2\/posts"}],"about":[{"href":"https:\/\/sandzakpress.net\/arhiva\/wp-json\/wp\/v2\/types\/post"}],"author":[{"embeddable":true,"href":"https:\/\/sandzakpress.net\/arhiva\/wp-json\/wp\/v2\/users\/83"}],"replies":[{"embeddable":true,"href":"https:\/\/sandzakpress.net\/arhiva\/wp-json\/wp\/v2\/comments?post=134787"}],"version-history":[{"count":0,"href":"https:\/\/sandzakpress.net\/arhiva\/wp-json\/wp\/v2\/posts\/134787\/revisions"}],"wp:featuredmedia":[{"embeddable":true,"href":"https:\/\/sandzakpress.net\/arhiva\/wp-json\/wp\/v2\/media\/134789"}],"wp:attachment":[{"href":"https:\/\/sandzakpress.net\/arhiva\/wp-json\/wp\/v2\/media?parent=134787"}],"wp:term":[{"taxonomy":"category","embeddable":true,"href":"https:\/\/sandzakpress.net\/arhiva\/wp-json\/wp\/v2\/categories?post=134787"},{"taxonomy":"post_tag","embeddable":true,"href":"https:\/\/sandzakpress.net\/arhiva\/wp-json\/wp\/v2\/tags?post=134787"}],"curies":[{"name":"wp","href":"https:\/\/api.w.org\/{rel}","templated":true}]}}