{"id":134744,"date":"2015-08-26T11:45:48","date_gmt":"2015-08-26T09:45:48","guid":{"rendered":"https:\/\/sandzakpress.net\/arhiva\/zvizdic-o-konferenciji-u-becu-bih-ce-predstaviti-projekat-jadransko-jonskog-autoputa-i-gasovoda"},"modified":"2015-08-26T11:45:48","modified_gmt":"2015-08-26T09:45:48","slug":"zvizdic-o-konferenciji-u-becu-bih-ce-predstaviti-projekat-jadransko-jonskog-autoputa-i-gasovoda","status":"publish","type":"post","link":"https:\/\/sandzakpress.net\/arhiva\/zvizdic-o-konferenciji-u-becu-bih-ce-predstaviti-projekat-jadransko-jonskog-autoputa-i-gasovoda\/","title":{"rendered":"Zvizdi\u0107 o Konferenciji u Be\u010du: BiH \u0107e predstaviti projekat Jadransko-jonskog autoputa i gasovoda"},"content":{"rendered":"<p><img loading=\"lazy\" decoding=\"async\" class=\"\" src=\"http:\/\/www.trt.net.tr\/bosanski\/fotograf\/haberler\/detay\/zvizdi-o-konferenciji-u-beu-bih-e-predstaviti_trt-bosanski-51103.jpg\" alt=\"zvizdi-o-konferenciji-u-beu-bih-e-predstaviti\" width=\"589\" height=\"392\" \/><\/p>\n<p><strong>Austrija, BiH \u2013 Na konferenciji zemalja Zapadnog Balkana, koja u Be\u010du po\u010dinje 27. augusta, delegacija Bosne i Hercegovine predstavit \u0107e niz projekata vezanih za energetske i transportne segmente, izjavio je danas predsjedavaju\u0107i Vije\u0107a ministara BiH Denis Zvizi\u0107.<\/strong><\/p>\n<p>Govore\u0107i\u00a0 na konferenciji za medije u Sarajevu, Zvizdi\u0107 je prezentuju\u0107i zaklju\u010dke 20. sjednice Vije\u0107a ministara BiH kazao da je pripremljen i usvojen materijal vezan za projekte koji \u0107e u \u010detvrtak u Be\u010du biti prezentovani pred evropskim zvani\u010dnicima.<\/p>\n<p>\u201cProjekti su iz oblasti transporta. Rije\u010d je o mostu\u00a0na dionici autoputa 5C\u00a0za koji \u0107emo dobiti grant sredstva, okvirno vrijeme\u00a0\u0107e biti od kraja 2016. do kraja 2017. godine i radit\u00a0\u0107emo zajedno sa Republikom Hrvatskom\u201d, kazao je Zvizi\u0107.<\/p>\n<p>Prema njegovim rije\u010dima, drugi projekat koji \u0107e tako\u0111er biti predstavljen je most na dionici autoputa Banjaluka-Gradi\u0161ka \u010dija je izgradnja planirana od 2017. do 2018. godine, a za \u0161ta je saglasnost, kako je istakao Zvizdi\u0107, dala i Republike Hrvatska.<\/p>\n<p>\u201cTi projekti su ve\u0107 dogovoreni i bit \u0107e potvr\u0111eni na konferenciji. BiH \u0107e prezentovati projekat Jadransko-jonskog autoputa i smatramo da treba prolaziti kroz BiH. To je trasa gdje nema mostova niti tunela ni drugih objekta, rije\u010d je o prihvatljivoj cijeni. Tra\u017eit \u0107emo iznos od 14 miliona eura kako bi bili spremni da ve\u0107 u 2016. ili 2017. krenemo sa realizacijom ovog va\u017enog projekta koji je jednakog stepena pritoriteta kao autoput 5C. Tada bi bili izvanredno regionalno povezani\u201d, naglasio je Zvizdi\u0107.<\/p>\n<p>Dodao je kako su ostali projekti vezani za transport, a koji\u00a0obuhvataju tri dionice autuputa u iznosu o\u00a0milijardu i 100\u00a0miliona eura. Sva potrebna dokumentacija je, isti\u010de Zvizi\u0107, pripremljena. Projekti uklju\u010duju i obnovu \u017eeljezni\u010dkog\u00a0koridora na autoputu 5C, rehabilitaciju\u00a0plovnog puta rijeke Save, pro\u0161renje luke Br\u010dko od\u00a0ukupne\u00a0vrijednost\u00a0milijardu\u00a0i 250 miliona eura.<\/p>\n<p>\u2013 BiH \u0107e postupiti po me\u0111unarodnim sporazumima o izbjeglicama \u2013<\/p>\n<p>\u201cDrugi set materijala vezan je za energetske projekte. Projekte koje \u0107emo predstaviti su 400 kilovatni dalekovod koji povezuje BiH, Srbiju i Crnu Goru, a ukupna vrijednost je 66 miliona eura od \u010dega na Srbiju otpada 47 miliona jer tamo prolazi najve\u0107im dijelom, a na dvije zemlje po 9 miliona eura.\u00a0Drugi projekat je Jadransko-jonski gasovod. Tra\u017eimo da ovaj gasovod tranzitno prolazi kroz BiH, da ide od Albanije, Crne Gore preko BiH i Hrvatske\u201d, naglasio je Zvizdi\u0107.<\/p>\n<p>Tako\u0111er, pitanje izbjeglica bilo je dana\u0161nja tema na sjednici s posebnom osvrtom na situaciju s kojom se suo\u010dava susjedna Srbija i Makedonija.<\/p>\n<p>\u201cImamo informacije od ministara i zaklju\u010dci su da \u0107e\u00a0BiH po\u0161tovati\u00a0me\u0111unarodne sporazume koji imaju veze sa izbjegli\u010dkom krizom. Pokaza\u0107emo stepen humanosti i solidarnosti, znamo da njima kona\u010dni cilj nije bih ve\u0107 zemlje Evropske unije. Ako talas krene prema BiH mi \u0107emo sa kapacitetom\u00a0i prije svega humano do\u010dekati izbjeglice sje\u0107aju\u0107i se nedavnih vremena kada je veliki dio gra\u0111ana BiH bio u sli\u010dnom statusu poput njih\u201d, napomenuo je.<\/p>\n<p>\u2013 \u010cestitka Tuki \u2013<\/p>\n<p>Zvizi\u0107 je iskoristio priliku te uputio \u010destitske bosanskohercegova\u010dkom atleti\u010daru Amelu Tuki koji je danas u finalu\u00a0Svjetskog\u00a0prvenstva\u00a0u Pekingu osvojio tre\u0107e mjesto u utrci na 800 metara.<\/p>\n<p>\u201c\u017delim da se \u010destitam Tuki na osvojem tre\u0107em mjestu u svoje ime i ime Vije\u0107a ministara BiH\u201d.<\/p>\n<p>Ina\u010de, predstoje\u0107a konferencija u Be\u010du dio je\u00a0Berlinskog procesa koji je pro\u0161le godine inicirala njema\u010dka kancelarka Angela Merkel u cilju poticanja evropskih integracija \u0161est zemalja zapadnog Balkana \u010dije prisustvo dr\u017eavnika se o\u010dekuje.\u00a0Neke od glavnih tema konferencije bit \u0107e proces prizbli\u017eavanja \u0161est zemalja regije Evropskoj uniiji kao i problem migranata u Evropi.<\/p>\n<p>(Anadolu Agenyc)<\/p>\n<p>Pogledajte vijest na izvornom sajtu:<\/p>\n<p><a href=\"http:\/\/bosnapress.net\/zvizdic-o-konferenciji-u-becu-bih-ce-predstaviti-projekat-jadransko-jonskog-autoputa-i-gasovoda\/\" target=\"_blank\">Zvizdi\u0107 o Konferenciji u Be\u010du: BiH \u0107e predstaviti projekat Jadransko-jonskog autoputa i gasovoda<\/a><\/p>\n","protected":false},"excerpt":{"rendered":"<p>Austrija, BiH \u2013 Na konferenciji zemalja Zapadnog Balkana, koja u Be\u010du po\u010dinje 27. augusta, delegacija Bosne i Hercegovine predstavit \u0107e niz projekata vezanih za energetske i transportne segmente, izjavio je danas predsjedavaju\u0107i Vije\u0107a ministara BiH Denis Zvizi\u0107. Govore\u0107i\u00a0 na konferenciji za medije u Sarajevu, Zvizdi\u0107 je prezentuju\u0107i zaklju\u010dke 20. sjednice Vije\u0107a ministara BiH kazao da [&hellip;]<\/p>\n","protected":false},"author":83,"featured_media":134746,"comment_status":"open","ping_status":"open","sticky":false,"template":"","format":"standard","meta":{"footnotes":""},"categories":[10513],"tags":[10466],"class_list":{"0":"post-134744","1":"post","2":"type-post","3":"status-publish","4":"format-standard","5":"has-post-thumbnail","7":"category-bosna-press","8":"tag-bosna-i-hercegovina"},"yoast_head":"<!-- This site is optimized with the Yoast SEO Premium plugin v23.1 (Yoast SEO v24.9) - https:\/\/yoast.com\/wordpress\/plugins\/seo\/ -->\n<title>Zvizdi\u0107 o Konferenciji u Be\u010du: BiH \u0107e predstaviti projekat Jadransko-jonskog autoputa i gasovoda<\/title>\n<meta name=\"robots\" content=\"index, follow, max-snippet:-1, max-image-preview:large, max-video-preview:-1\" \/>\n<link rel=\"canonical\" href=\"https:\/\/sandzakpress.net\/arhiva\/zvizdic-o-konferenciji-u-becu-bih-ce-predstaviti-projekat-jadransko-jonskog-autoputa-i-gasovoda\/\" \/>\n<meta property=\"og:locale\" content=\"bs_BA\" \/>\n<meta property=\"og:type\" content=\"article\" \/>\n<meta property=\"og:title\" content=\"Zvizdi\u0107 o Konferenciji u Be\u010du: BiH \u0107e predstaviti projekat Jadransko-jonskog autoputa i gasovoda\" \/>\n<meta property=\"og:description\" content=\"Austrija, BiH \u2013 Na konferenciji zemalja Zapadnog Balkana, koja u Be\u010du po\u010dinje 27. augusta, delegacija Bosne i Hercegovine predstavit \u0107e niz projekata vezanih za energetske i transportne segmente, izjavio je danas predsjedavaju\u0107i Vije\u0107a ministara BiH Denis Zvizi\u0107. Govore\u0107i\u00a0 na konferenciji za medije u Sarajevu, Zvizdi\u0107 je prezentuju\u0107i zaklju\u010dke 20. sjednice Vije\u0107a ministara BiH kazao da [&hellip;]\" \/>\n<meta property=\"og:url\" content=\"https:\/\/sandzakpress.net\/arhiva\/zvizdic-o-konferenciji-u-becu-bih-ce-predstaviti-projekat-jadransko-jonskog-autoputa-i-gasovoda\/\" \/>\n<meta property=\"og:site_name\" content=\"Sand\u017eak PRESS\" \/>\n<meta property=\"article:published_time\" content=\"2015-08-26T09:45:48+00:00\" \/>\n<meta property=\"og:image\" content=\"https:\/\/sandzakpress.net\/arhiva\/wp-content\/uploads\/2015\/08\/zvizdi-o-konferenciji-u-beu-bih-e-predstaviti_trt-bosanski-511031.jpg\" \/>\n\t<meta property=\"og:image:width\" content=\"600\" \/>\n\t<meta property=\"og:image:height\" content=\"399\" \/>\n\t<meta property=\"og:image:type\" content=\"image\/jpeg\" \/>\n<meta name=\"author\" content=\"bosniak\" \/>\n<meta name=\"twitter:card\" content=\"summary_large_image\" \/>\n<meta name=\"twitter:label1\" content=\"Written by\" \/>\n\t<meta name=\"twitter:data1\" content=\"bosniak\" \/>\n\t<meta name=\"twitter:label2\" content=\"Est. reading time\" \/>\n\t<meta name=\"twitter:data2\" content=\"3 minute\" \/>\n<script type=\"application\/ld+json\" class=\"yoast-schema-graph\">{\"@context\":\"https:\/\/schema.org\",\"@graph\":[{\"@type\":\"Article\",\"@id\":\"https:\/\/sandzakpress.net\/arhiva\/zvizdic-o-konferenciji-u-becu-bih-ce-predstaviti-projekat-jadransko-jonskog-autoputa-i-gasovoda\/#article\",\"isPartOf\":{\"@id\":\"https:\/\/sandzakpress.net\/arhiva\/zvizdic-o-konferenciji-u-becu-bih-ce-predstaviti-projekat-jadransko-jonskog-autoputa-i-gasovoda\/\"},\"author\":{\"name\":\"bosniak\",\"@id\":\"https:\/\/sandzakpress.net\/arhiva\/#\/schema\/person\/c8baee722073534b583ea7bdb2e36c02\"},\"headline\":\"Zvizdi\u0107 o Konferenciji u Be\u010du: BiH \u0107e predstaviti projekat Jadransko-jonskog autoputa i gasovoda\",\"datePublished\":\"2015-08-26T09:45:48+00:00\",\"mainEntityOfPage\":{\"@id\":\"https:\/\/sandzakpress.net\/arhiva\/zvizdic-o-konferenciji-u-becu-bih-ce-predstaviti-projekat-jadransko-jonskog-autoputa-i-gasovoda\/\"},\"wordCount\":629,\"commentCount\":0,\"publisher\":{\"@id\":\"https:\/\/sandzakpress.net\/arhiva\/#\/schema\/person\/6e72b67d6e51910a1117b3b483ba20bd\"},\"image\":{\"@id\":\"https:\/\/sandzakpress.net\/arhiva\/zvizdic-o-konferenciji-u-becu-bih-ce-predstaviti-projekat-jadransko-jonskog-autoputa-i-gasovoda\/#primaryimage\"},\"thumbnailUrl\":\"https:\/\/sandzakpress.net\/arhiva\/wp-content\/uploads\/2015\/08\/zvizdi-o-konferenciji-u-beu-bih-e-predstaviti_trt-bosanski-511031.jpg\",\"keywords\":[\"Bosna i Hercegovina\"],\"articleSection\":[\"Bosna PRESS\"],\"inLanguage\":\"bs-BA\",\"potentialAction\":[{\"@type\":\"CommentAction\",\"name\":\"Comment\",\"target\":[\"https:\/\/sandzakpress.net\/arhiva\/zvizdic-o-konferenciji-u-becu-bih-ce-predstaviti-projekat-jadransko-jonskog-autoputa-i-gasovoda\/#respond\"]}]},{\"@type\":\"WebPage\",\"@id\":\"https:\/\/sandzakpress.net\/arhiva\/zvizdic-o-konferenciji-u-becu-bih-ce-predstaviti-projekat-jadransko-jonskog-autoputa-i-gasovoda\/\",\"url\":\"https:\/\/sandzakpress.net\/arhiva\/zvizdic-o-konferenciji-u-becu-bih-ce-predstaviti-projekat-jadransko-jonskog-autoputa-i-gasovoda\/\",\"name\":\"Zvizdi\u0107 o Konferenciji u Be\u010du: BiH \u0107e predstaviti projekat Jadransko-jonskog autoputa i gasovoda\",\"isPartOf\":{\"@id\":\"https:\/\/sandzakpress.net\/arhiva\/#website\"},\"primaryImageOfPage\":{\"@id\":\"https:\/\/sandzakpress.net\/arhiva\/zvizdic-o-konferenciji-u-becu-bih-ce-predstaviti-projekat-jadransko-jonskog-autoputa-i-gasovoda\/#primaryimage\"},\"image\":{\"@id\":\"https:\/\/sandzakpress.net\/arhiva\/zvizdic-o-konferenciji-u-becu-bih-ce-predstaviti-projekat-jadransko-jonskog-autoputa-i-gasovoda\/#primaryimage\"},\"thumbnailUrl\":\"https:\/\/sandzakpress.net\/arhiva\/wp-content\/uploads\/2015\/08\/zvizdi-o-konferenciji-u-beu-bih-e-predstaviti_trt-bosanski-511031.jpg\",\"datePublished\":\"2015-08-26T09:45:48+00:00\",\"breadcrumb\":{\"@id\":\"https:\/\/sandzakpress.net\/arhiva\/zvizdic-o-konferenciji-u-becu-bih-ce-predstaviti-projekat-jadransko-jonskog-autoputa-i-gasovoda\/#breadcrumb\"},\"inLanguage\":\"bs-BA\",\"potentialAction\":[{\"@type\":\"ReadAction\",\"target\":[\"https:\/\/sandzakpress.net\/arhiva\/zvizdic-o-konferenciji-u-becu-bih-ce-predstaviti-projekat-jadransko-jonskog-autoputa-i-gasovoda\/\"]}]},{\"@type\":\"ImageObject\",\"inLanguage\":\"bs-BA\",\"@id\":\"https:\/\/sandzakpress.net\/arhiva\/zvizdic-o-konferenciji-u-becu-bih-ce-predstaviti-projekat-jadransko-jonskog-autoputa-i-gasovoda\/#primaryimage\",\"url\":\"https:\/\/sandzakpress.net\/arhiva\/wp-content\/uploads\/2015\/08\/zvizdi-o-konferenciji-u-beu-bih-e-predstaviti_trt-bosanski-511031.jpg\",\"contentUrl\":\"https:\/\/sandzakpress.net\/arhiva\/wp-content\/uploads\/2015\/08\/zvizdi-o-konferenciji-u-beu-bih-e-predstaviti_trt-bosanski-511031.jpg\",\"width\":600,\"height\":399},{\"@type\":\"BreadcrumbList\",\"@id\":\"https:\/\/sandzakpress.net\/arhiva\/zvizdic-o-konferenciji-u-becu-bih-ce-predstaviti-projekat-jadransko-jonskog-autoputa-i-gasovoda\/#breadcrumb\",\"itemListElement\":[{\"@type\":\"ListItem\",\"position\":1,\"name\":\"Home\",\"item\":\"https:\/\/sandzakpress.net\/arhiva\/\"},{\"@type\":\"ListItem\",\"position\":2,\"name\":\"Zvizdi\u0107 o Konferenciji u Be\u010du: BiH \u0107e predstaviti projekat Jadransko-jonskog autoputa i gasovoda\"}]},{\"@type\":\"WebSite\",\"@id\":\"https:\/\/sandzakpress.net\/arhiva\/#website\",\"url\":\"https:\/\/sandzakpress.net\/arhiva\/\",\"name\":\"Sand\u017eak PRESS\",\"description\":\"Prve elektronske novine u Sand\u017eaku\",\"publisher\":{\"@id\":\"https:\/\/sandzakpress.net\/arhiva\/#\/schema\/person\/6e72b67d6e51910a1117b3b483ba20bd\"},\"potentialAction\":[{\"@type\":\"SearchAction\",\"target\":{\"@type\":\"EntryPoint\",\"urlTemplate\":\"https:\/\/sandzakpress.net\/arhiva\/?s={search_term_string}\"},\"query-input\":{\"@type\":\"PropertyValueSpecification\",\"valueRequired\":true,\"valueName\":\"search_term_string\"}}],\"inLanguage\":\"bs-BA\"},{\"@type\":[\"Person\",\"Organization\"],\"@id\":\"https:\/\/sandzakpress.net\/arhiva\/#\/schema\/person\/6e72b67d6e51910a1117b3b483ba20bd\",\"name\":\"Kul\",\"image\":{\"@type\":\"ImageObject\",\"inLanguage\":\"bs-BA\",\"@id\":\"https:\/\/sandzakpress.net\/arhiva\/#\/schema\/person\/image\/\",\"url\":\"https:\/\/secure.gravatar.com\/avatar\/42263f39aa27ac04c43cab85c280eb2e?s=96&d=mm&r=pg\",\"contentUrl\":\"https:\/\/secure.gravatar.com\/avatar\/42263f39aa27ac04c43cab85c280eb2e?s=96&d=mm&r=pg\",\"caption\":\"Kul\"},\"logo\":{\"@id\":\"https:\/\/sandzakpress.net\/arhiva\/#\/schema\/person\/image\/\"}},{\"@type\":\"Person\",\"@id\":\"https:\/\/sandzakpress.net\/arhiva\/#\/schema\/person\/c8baee722073534b583ea7bdb2e36c02\",\"name\":\"bosniak\",\"image\":{\"@type\":\"ImageObject\",\"inLanguage\":\"bs-BA\",\"@id\":\"https:\/\/sandzakpress.net\/arhiva\/#\/schema\/person\/image\/\",\"url\":\"https:\/\/secure.gravatar.com\/avatar\/a04fd330bfe3a36a72a0ad4a6d89fca7?s=96&d=mm&r=pg\",\"contentUrl\":\"https:\/\/secure.gravatar.com\/avatar\/a04fd330bfe3a36a72a0ad4a6d89fca7?s=96&d=mm&r=pg\",\"caption\":\"bosniak\"},\"url\":\"https:\/\/sandzakpress.net\/arhiva\/author\/bosniak\/\"}]}<\/script>\n<!-- \/ Yoast SEO Premium plugin. -->","yoast_head_json":{"title":"Zvizdi\u0107 o Konferenciji u Be\u010du: BiH \u0107e predstaviti projekat Jadransko-jonskog autoputa i gasovoda","robots":{"index":"index","follow":"follow","max-snippet":"max-snippet:-1","max-image-preview":"max-image-preview:large","max-video-preview":"max-video-preview:-1"},"canonical":"https:\/\/sandzakpress.net\/arhiva\/zvizdic-o-konferenciji-u-becu-bih-ce-predstaviti-projekat-jadransko-jonskog-autoputa-i-gasovoda\/","og_locale":"bs_BA","og_type":"article","og_title":"Zvizdi\u0107 o Konferenciji u Be\u010du: BiH \u0107e predstaviti projekat Jadransko-jonskog autoputa i gasovoda","og_description":"Austrija, BiH \u2013 Na konferenciji zemalja Zapadnog Balkana, koja u Be\u010du po\u010dinje 27. augusta, delegacija Bosne i Hercegovine predstavit \u0107e niz projekata vezanih za energetske i transportne segmente, izjavio je danas predsjedavaju\u0107i Vije\u0107a ministara BiH Denis Zvizi\u0107. Govore\u0107i\u00a0 na konferenciji za medije u Sarajevu, Zvizdi\u0107 je prezentuju\u0107i zaklju\u010dke 20. sjednice Vije\u0107a ministara BiH kazao da [&hellip;]","og_url":"https:\/\/sandzakpress.net\/arhiva\/zvizdic-o-konferenciji-u-becu-bih-ce-predstaviti-projekat-jadransko-jonskog-autoputa-i-gasovoda\/","og_site_name":"Sand\u017eak PRESS","article_published_time":"2015-08-26T09:45:48+00:00","og_image":[{"width":600,"height":399,"url":"https:\/\/sandzakpress.net\/arhiva\/wp-content\/uploads\/2015\/08\/zvizdi-o-konferenciji-u-beu-bih-e-predstaviti_trt-bosanski-511031.jpg","type":"image\/jpeg"}],"author":"bosniak","twitter_card":"summary_large_image","twitter_misc":{"Written by":"bosniak","Est. reading time":"3 minute"},"schema":{"@context":"https:\/\/schema.org","@graph":[{"@type":"Article","@id":"https:\/\/sandzakpress.net\/arhiva\/zvizdic-o-konferenciji-u-becu-bih-ce-predstaviti-projekat-jadransko-jonskog-autoputa-i-gasovoda\/#article","isPartOf":{"@id":"https:\/\/sandzakpress.net\/arhiva\/zvizdic-o-konferenciji-u-becu-bih-ce-predstaviti-projekat-jadransko-jonskog-autoputa-i-gasovoda\/"},"author":{"name":"bosniak","@id":"https:\/\/sandzakpress.net\/arhiva\/#\/schema\/person\/c8baee722073534b583ea7bdb2e36c02"},"headline":"Zvizdi\u0107 o Konferenciji u Be\u010du: BiH \u0107e predstaviti projekat Jadransko-jonskog autoputa i gasovoda","datePublished":"2015-08-26T09:45:48+00:00","mainEntityOfPage":{"@id":"https:\/\/sandzakpress.net\/arhiva\/zvizdic-o-konferenciji-u-becu-bih-ce-predstaviti-projekat-jadransko-jonskog-autoputa-i-gasovoda\/"},"wordCount":629,"commentCount":0,"publisher":{"@id":"https:\/\/sandzakpress.net\/arhiva\/#\/schema\/person\/6e72b67d6e51910a1117b3b483ba20bd"},"image":{"@id":"https:\/\/sandzakpress.net\/arhiva\/zvizdic-o-konferenciji-u-becu-bih-ce-predstaviti-projekat-jadransko-jonskog-autoputa-i-gasovoda\/#primaryimage"},"thumbnailUrl":"https:\/\/sandzakpress.net\/arhiva\/wp-content\/uploads\/2015\/08\/zvizdi-o-konferenciji-u-beu-bih-e-predstaviti_trt-bosanski-511031.jpg","keywords":["Bosna i Hercegovina"],"articleSection":["Bosna PRESS"],"inLanguage":"bs-BA","potentialAction":[{"@type":"CommentAction","name":"Comment","target":["https:\/\/sandzakpress.net\/arhiva\/zvizdic-o-konferenciji-u-becu-bih-ce-predstaviti-projekat-jadransko-jonskog-autoputa-i-gasovoda\/#respond"]}]},{"@type":"WebPage","@id":"https:\/\/sandzakpress.net\/arhiva\/zvizdic-o-konferenciji-u-becu-bih-ce-predstaviti-projekat-jadransko-jonskog-autoputa-i-gasovoda\/","url":"https:\/\/sandzakpress.net\/arhiva\/zvizdic-o-konferenciji-u-becu-bih-ce-predstaviti-projekat-jadransko-jonskog-autoputa-i-gasovoda\/","name":"Zvizdi\u0107 o Konferenciji u Be\u010du: BiH \u0107e predstaviti projekat Jadransko-jonskog autoputa i gasovoda","isPartOf":{"@id":"https:\/\/sandzakpress.net\/arhiva\/#website"},"primaryImageOfPage":{"@id":"https:\/\/sandzakpress.net\/arhiva\/zvizdic-o-konferenciji-u-becu-bih-ce-predstaviti-projekat-jadransko-jonskog-autoputa-i-gasovoda\/#primaryimage"},"image":{"@id":"https:\/\/sandzakpress.net\/arhiva\/zvizdic-o-konferenciji-u-becu-bih-ce-predstaviti-projekat-jadransko-jonskog-autoputa-i-gasovoda\/#primaryimage"},"thumbnailUrl":"https:\/\/sandzakpress.net\/arhiva\/wp-content\/uploads\/2015\/08\/zvizdi-o-konferenciji-u-beu-bih-e-predstaviti_trt-bosanski-511031.jpg","datePublished":"2015-08-26T09:45:48+00:00","breadcrumb":{"@id":"https:\/\/sandzakpress.net\/arhiva\/zvizdic-o-konferenciji-u-becu-bih-ce-predstaviti-projekat-jadransko-jonskog-autoputa-i-gasovoda\/#breadcrumb"},"inLanguage":"bs-BA","potentialAction":[{"@type":"ReadAction","target":["https:\/\/sandzakpress.net\/arhiva\/zvizdic-o-konferenciji-u-becu-bih-ce-predstaviti-projekat-jadransko-jonskog-autoputa-i-gasovoda\/"]}]},{"@type":"ImageObject","inLanguage":"bs-BA","@id":"https:\/\/sandzakpress.net\/arhiva\/zvizdic-o-konferenciji-u-becu-bih-ce-predstaviti-projekat-jadransko-jonskog-autoputa-i-gasovoda\/#primaryimage","url":"https:\/\/sandzakpress.net\/arhiva\/wp-content\/uploads\/2015\/08\/zvizdi-o-konferenciji-u-beu-bih-e-predstaviti_trt-bosanski-511031.jpg","contentUrl":"https:\/\/sandzakpress.net\/arhiva\/wp-content\/uploads\/2015\/08\/zvizdi-o-konferenciji-u-beu-bih-e-predstaviti_trt-bosanski-511031.jpg","width":600,"height":399},{"@type":"BreadcrumbList","@id":"https:\/\/sandzakpress.net\/arhiva\/zvizdic-o-konferenciji-u-becu-bih-ce-predstaviti-projekat-jadransko-jonskog-autoputa-i-gasovoda\/#breadcrumb","itemListElement":[{"@type":"ListItem","position":1,"name":"Home","item":"https:\/\/sandzakpress.net\/arhiva\/"},{"@type":"ListItem","position":2,"name":"Zvizdi\u0107 o Konferenciji u Be\u010du: BiH \u0107e predstaviti projekat Jadransko-jonskog autoputa i gasovoda"}]},{"@type":"WebSite","@id":"https:\/\/sandzakpress.net\/arhiva\/#website","url":"https:\/\/sandzakpress.net\/arhiva\/","name":"Sand\u017eak PRESS","description":"Prve elektronske novine u Sand\u017eaku","publisher":{"@id":"https:\/\/sandzakpress.net\/arhiva\/#\/schema\/person\/6e72b67d6e51910a1117b3b483ba20bd"},"potentialAction":[{"@type":"SearchAction","target":{"@type":"EntryPoint","urlTemplate":"https:\/\/sandzakpress.net\/arhiva\/?s={search_term_string}"},"query-input":{"@type":"PropertyValueSpecification","valueRequired":true,"valueName":"search_term_string"}}],"inLanguage":"bs-BA"},{"@type":["Person","Organization"],"@id":"https:\/\/sandzakpress.net\/arhiva\/#\/schema\/person\/6e72b67d6e51910a1117b3b483ba20bd","name":"Kul","image":{"@type":"ImageObject","inLanguage":"bs-BA","@id":"https:\/\/sandzakpress.net\/arhiva\/#\/schema\/person\/image\/","url":"https:\/\/secure.gravatar.com\/avatar\/42263f39aa27ac04c43cab85c280eb2e?s=96&d=mm&r=pg","contentUrl":"https:\/\/secure.gravatar.com\/avatar\/42263f39aa27ac04c43cab85c280eb2e?s=96&d=mm&r=pg","caption":"Kul"},"logo":{"@id":"https:\/\/sandzakpress.net\/arhiva\/#\/schema\/person\/image\/"}},{"@type":"Person","@id":"https:\/\/sandzakpress.net\/arhiva\/#\/schema\/person\/c8baee722073534b583ea7bdb2e36c02","name":"bosniak","image":{"@type":"ImageObject","inLanguage":"bs-BA","@id":"https:\/\/sandzakpress.net\/arhiva\/#\/schema\/person\/image\/","url":"https:\/\/secure.gravatar.com\/avatar\/a04fd330bfe3a36a72a0ad4a6d89fca7?s=96&d=mm&r=pg","contentUrl":"https:\/\/secure.gravatar.com\/avatar\/a04fd330bfe3a36a72a0ad4a6d89fca7?s=96&d=mm&r=pg","caption":"bosniak"},"url":"https:\/\/sandzakpress.net\/arhiva\/author\/bosniak\/"}]}},"_links":{"self":[{"href":"https:\/\/sandzakpress.net\/arhiva\/wp-json\/wp\/v2\/posts\/134744"}],"collection":[{"href":"https:\/\/sandzakpress.net\/arhiva\/wp-json\/wp\/v2\/posts"}],"about":[{"href":"https:\/\/sandzakpress.net\/arhiva\/wp-json\/wp\/v2\/types\/post"}],"author":[{"embeddable":true,"href":"https:\/\/sandzakpress.net\/arhiva\/wp-json\/wp\/v2\/users\/83"}],"replies":[{"embeddable":true,"href":"https:\/\/sandzakpress.net\/arhiva\/wp-json\/wp\/v2\/comments?post=134744"}],"version-history":[{"count":0,"href":"https:\/\/sandzakpress.net\/arhiva\/wp-json\/wp\/v2\/posts\/134744\/revisions"}],"wp:featuredmedia":[{"embeddable":true,"href":"https:\/\/sandzakpress.net\/arhiva\/wp-json\/wp\/v2\/media\/134746"}],"wp:attachment":[{"href":"https:\/\/sandzakpress.net\/arhiva\/wp-json\/wp\/v2\/media?parent=134744"}],"wp:term":[{"taxonomy":"category","embeddable":true,"href":"https:\/\/sandzakpress.net\/arhiva\/wp-json\/wp\/v2\/categories?post=134744"},{"taxonomy":"post_tag","embeddable":true,"href":"https:\/\/sandzakpress.net\/arhiva\/wp-json\/wp\/v2\/tags?post=134744"}],"curies":[{"name":"wp","href":"https:\/\/api.w.org\/{rel}","templated":true}]}}