{"id":134707,"date":"2015-08-26T10:00:50","date_gmt":"2015-08-26T08:00:50","guid":{"rendered":"https:\/\/sandzakpress.net\/arhiva\/na-razvalinama-jugoslavije-zivimo-u-magarecem-sistemu-vrednosti"},"modified":"2015-08-26T10:00:50","modified_gmt":"2015-08-26T08:00:50","slug":"na-razvalinama-jugoslavije-zivimo-u-magarecem-sistemu-vrednosti","status":"publish","type":"post","link":"https:\/\/sandzakpress.net\/arhiva\/na-razvalinama-jugoslavije-zivimo-u-magarecem-sistemu-vrednosti\/","title":{"rendered":"Na razvalinama Jugoslavije, \u017eivimo u magare\u0107em sistemu vrednosti"},"content":{"rendered":"<p><img loading=\"lazy\" decoding=\"async\" class=\"\" src=\"http:\/\/www.vijesti.ba\/thumbnail.php?file=news\/2015\/June\/vuk_draskovic_1_363334660.jpg&amp;size=article_medium\" alt=\"image\" width=\"599\" height=\"449\" \/><\/p>\n<p><strong>BiH, Srbija \u2013 \u201e\u017deleo bih i da \u201cIsusovi memoari\u201d podstaknu trajno zbli\u017eavanje Bo\u0161njaka i Srba. Mi smo dva stabla istog korena, iste pameti, i kad jeste i kad nije naopaka. Mi smo jedni drugima najpre\u010di i najbli\u017ei.\u201c- ka\u017ee Vuk Dra\u0161kovi\u0107, pisac i polit\u010dar, komentari\u0161u\u0107i svoj posljednji roman. U \u201eIsusovim memoarima\u201c Dra\u0161kovi\u0107, kroz pre\u017eivljavanje hromog fotoreportera iz hercegova\u010dkog sela \u010cemernica, \u010diji je nadimak \u0106opavi Isus, sa distance opisuje tragediju koja je se dogodila u BiH u posljednjem ratu. Pi\u0161e o propagandi, me\u0111uljudskim odnosima, istrebljenju hercegova\u010dkih sela, i na koncu besmislu rata u kome je i sam u\u010destvovao.<\/strong><\/p>\n<p><strong>VIJESTI.BA: Va\u0161 posljednji roman \u201cIsusovi memoari\u201d, ocjenjen je kao jedan od najja\u010dih antiratnih romana u srpskoj knji\u017eevnosti. On je, ujedno, i nastavak romana \u201eNo\u017e\u201c, romana za koji su mnogi smatrali da je \u201990 tih godina pomogao ja\u010danje srpske nacionalne svijesti. Da li mislite da je \u201eNo\u017e\u201c zaista doprinio tome? I da li ste se ikada zapitali za\u0161to ste ga napisali?<br \/>\n<\/strong><br \/>\nDRA\u0160KOVI\u0106: \u201cNo\u017e\u201d je doprineo demonta\u017ei komunisti\u010dke zabrane o skrivanju i poricanju usta\u0161kog genocida nad Srbima u nacisti\u010dkoj Hrvatskoj. Poruka romana bila je proro\u010danska: Oni koji bi da zaboravimo, spremni su i da ponove. I ponovili su zlo\u010din na kraju pro\u0161log veka. Ponovili su ga komunisti\u010dki generali, slu\u017ebe bezbednosti, polaznici i predava\u010di partijske \u0161kole u Kumrovcu. Za\u0161to bih se pitao za\u0161to sam \u201eNo\u017e\u201c napisao? Zlo\u010dini se, u ime bilo koga ili \u010dega, ne smeju skrivati. Umetnost pokazuje utrobu Zla. Bez toga, nema i ne mo\u017ee biti pobede Dobra. Tu utrobu Zla pokazujem i u romanu Isusovi memoari.<\/p>\n<p><strong>VIJESTI.BA:\u00a0 U romanu,\u00a0 kriti\u010dari cijene, pi\u0161ete objektivno o svemu, pa i o sebi? Mo\u017ee li \u010dovjek biti objektivan prema sebi? Za\u0161to niste koristili prava imena, kada je \u010ditaocu koji i povr\u0161no poznaje situaciju jasno o kome je rije\u010d? <\/strong><\/p>\n<p>DRA\u0160KOVI\u0106:Veoma je te\u0161ko, takore\u0107i i nemogu\u0107e, biti objektivan prema sebi samome. Zbog toga u \u201eIsusovim memoarima\u201c onaj koji sam ja (Maksim Kozba\u0161a) ne progovara ni re\u010di. On \u0107uti, drugi pri\u010daju o njemu. U romanu \u201eVia Romana\u201c ja sam sebe, odnosno Maksima Kozba\u0161u, i ubio. Smetao mi je, morao sam da ga uklonim, a nisam imao pravo da ga sasvim zaobi\u0111em. Izbegao sam prava imena aktera, jer su ona neva\u017ena, va\u017eno je kakvi su i ko su, a jednom mi je i Branko \u0106opi\u0107 rekao da se mnogo opekao sa pravim imenima, na primer Nikoletine Bursa\u0107a.<\/p>\n<p><strong>VIJESTI.BA:\u00a0 Da li biste voljeli da romanom \u201cIsusovi memoari\u201d promjenite i\u010dije mi\u0161ljenje o ratu u BiH, ako biste, \u0161ta biste voljeli da ljudi uvide? Konkretno, Srbi i Bo\u0161njaci, za koje je radnja romana vezana? <\/strong><\/p>\n<p>DRA\u0160KOVI\u0106: Voleo bih da \u201cIsusovi memoari\u201d pomognu po\u0161tenom sagledavanju krvavih ratova u kojima je ubijena jedna velika dr\u017eava, Jugoslavija, na \u010dijim se ru\u0161evinama danas \u0161epure rezervati i bantustani mr\u017enje i bede, uvijeni u haljine nacije, vere, istorije, \u010dak i praistorije. \u017deleo bih i da \u201cIsusovi memoari\u201d podstaknu trajno zbli\u017eavanje Bo\u0161njaka i Srba. Mi smo dva stabla istog korena, iste pameti, i kad jeste i kad nije naopaka. Mi smo jedni drugima najpre\u010di i najbli\u017ei.<\/p>\n<p><strong>VIJESTI.BA:\u00a0 U romanu pi\u0161ete i ovaj put o odnosu \u010detnika i partizana, moglo bi se re\u0107i \u201eizbalansirano\u201c. Rije\u010d \u010detnik, danas, recimo u Sarajevu, je pogrdan naziv za Srbina. Da li se stav prema \u010detnicima promjenio u poslednjih 20 godina, kako kod drugih naroda tako i kod Srba?<br \/>\n<\/strong><br \/>\nDRA\u0160KOVI\u0106: Promenio se, i to dramati\u010dno. Danas u Srbiji mnogi, mo\u017eda i ve\u0107ina mla\u0111eg sveta, generala Mihailovi\u0107a, koji je bio protivnik komunizma i programski se borio za Jugoslaviju na Zapadu, isti\u010du kao antievropsku i antiameri\u010dku ikonu. Sve pod petokrakama, eno srpskih \u201e\u010detnika\u201c u Ukrajini, u Donjecku i Lugansku,brane spomenike Lenjinu. Srpski komunisti\u010dki generali, udba\u0161i, mafija\u0161i i krvave Crvene beretke, koji su organizovali, predvodili i po\u010dinili najstra\u0161nije zlo\u010dine po Bosni, Hercegovini, na Kosovu, u nekim podru\u010djima Hrvatske, za Bo\u0161njake, Albance i Hrvate su \u201esrpski \u010detnici\u201c. A ko su oni, pokazujem u romanu Isusovi memoari. Ne bi me za\u010dudilo i da, jednoga dana, ne bude saop\u0161teno i da je Dra\u017ea Mihailovi\u0107 bio za Tita i Staljina, i da su, i njega, ubili \u010detnici.<\/p>\n<p><strong>VIJESTI.BA:\u00a0 U \u201cIsusovim memoarima\u201d pi\u0161ete i o brojanju \u017ertava iz rata u rat, ko je koga u kom ratu vi\u0161e \u201eistrijebio\u201c, ima li tome kraja?<br \/>\n<\/strong><br \/>\nDRA\u0160KOVI\u0106: Nema, na \u017ealost, sve dok svak tra\u017ei i vidi samo balvan u oku onog drugog, a niko ne\u0107e da, najpre, izvadi balvan iz oka svog. Ta plemenska svest, da nema sopstvenog greha i krivice, sastavlja \u0160\u0107epanov \u201ctefter mrtvih\u201d u Isusovim memoarima, a Veljko Vujovi\u0107, \u0106opavi Isus, izgovara zlokobnu re\u010denicu: \u201cNesta\u0107e nas, to vam garantujem\u201d!<\/p>\n<p><strong>VIJESTI.BA:\u00a0 Pisci se \u017eale da se knjige ne prodaju, da se \u010dita samo \u201elaka\u201c literatura, s druge strane \u201eIsusove memoare\u201c, \u201eTamo daleko\u201c i druge Va\u0161e knjige nerijetko se mogu vidjeti u rukama \u010ditalaca. Jesmo li postali povr\u0161ni, kao \u0161to se stalno proklamuje, i\u00a0 ima li ozbiljna literatura budu\u0107nost?<br \/>\n<\/strong><br \/>\nDRA\u0160KOVI\u0106: Izuzetna \u010ditanost mojih knjiga u ovoj duhovnoj i moralnoj pusto\u0161i malo je \u010dudo i zbog toga \u0161to sam ja, i kao pisac, u Srbiji i danas pod anatemom ogromne ve\u0107ine knji\u017eevnih autoriteta, kriti\u010dara i \u017eirija, onih istih kojima sam, na takozvanom Drugom kongresu srpskih intelektualaca, odr\u017eanom 1994. u Beogradu, u lica sasuo da su oni \u201eduhovni podrum prljavog rata\u201c u Bosni i Hercegovini. Usred usta\u0161kog pomora Srba, Goran napisa \u201eJamu\u201c, Skender napisa \u201eStojanku majku\u201c, a Nazor \u201eMajku pravoslavnu\u201c. Srpskoj literaturi ne slu\u017ei na \u010dast \u0161to \u0107uti o Srebrenici, o ubijenoj deci u Prijedoru, o ranama Sarajeva, o ru\u0161enju oko 500 d\u017eamija\u2026 Koliko sam umeo, ja sam progovorio u \u201eIsusovim memoarima\u201c. Ina\u010de, svi mi danas, na razvalinama Jugoslavije, \u017eivimo u magare\u0107em sistemu vrednosti. Pleva je skuplja od zlata, jagma je op\u0161ta za glupo\u0161\u0107u, prizemljem, nemoralom i prostotom. Ipak, prave vrednosti, pa i ozbiljna literatura, ne\u0107e i ne mogu biti sahranjene.<\/p>\n<p>Razgovarala: Aleksandra Tolj<br \/>\n(Vijesti.ba)<\/p>\n<p>Pogledajte vijest na izvornom sajtu:<\/p>\n<p><a href=\"http:\/\/bosnapress.net\/na-razvalinama-jugoslavije-zivimo-u-magarecem-sistemu-vrednosti\/\" target=\"_blank\">Na razvalinama Jugoslavije, \u017eivimo u magare\u0107em sistemu vrednosti<\/a><\/p>\n","protected":false},"excerpt":{"rendered":"<p>BiH, Srbija \u2013 \u201e\u017deleo bih i da \u201cIsusovi memoari\u201d podstaknu trajno zbli\u017eavanje Bo\u0161njaka i Srba. Mi smo dva stabla istog korena, iste pameti, i kad jeste i kad nije naopaka. Mi smo jedni drugima najpre\u010di i najbli\u017ei.\u201c- ka\u017ee Vuk Dra\u0161kovi\u0107, pisac i polit\u010dar, komentari\u0161u\u0107i svoj posljednji roman. U \u201eIsusovim memoarima\u201c Dra\u0161kovi\u0107, kroz pre\u017eivljavanje hromog fotoreportera [&hellip;]<\/p>\n","protected":false},"author":83,"featured_media":0,"comment_status":"open","ping_status":"open","sticky":false,"template":"","format":"standard","meta":{"footnotes":""},"categories":[10513],"tags":[10466],"class_list":{"0":"post-134707","1":"post","2":"type-post","3":"status-publish","4":"format-standard","6":"category-bosna-press","7":"tag-bosna-i-hercegovina"},"yoast_head":"<!-- This site is optimized with the Yoast SEO Premium plugin v23.1 (Yoast SEO v24.9) - https:\/\/yoast.com\/wordpress\/plugins\/seo\/ -->\n<title>Na razvalinama Jugoslavije, \u017eivimo u magare\u0107em sistemu vrednosti<\/title>\n<meta name=\"robots\" content=\"index, follow, max-snippet:-1, max-image-preview:large, max-video-preview:-1\" \/>\n<link rel=\"canonical\" href=\"https:\/\/sandzakpress.net\/arhiva\/na-razvalinama-jugoslavije-zivimo-u-magarecem-sistemu-vrednosti\/\" \/>\n<meta property=\"og:locale\" content=\"bs_BA\" \/>\n<meta property=\"og:type\" content=\"article\" \/>\n<meta property=\"og:title\" content=\"Na razvalinama Jugoslavije, \u017eivimo u magare\u0107em sistemu vrednosti\" \/>\n<meta property=\"og:description\" content=\"BiH, Srbija \u2013 \u201e\u017deleo bih i da \u201cIsusovi memoari\u201d podstaknu trajno zbli\u017eavanje Bo\u0161njaka i Srba. Mi smo dva stabla istog korena, iste pameti, i kad jeste i kad nije naopaka. Mi smo jedni drugima najpre\u010di i najbli\u017ei.\u201c- ka\u017ee Vuk Dra\u0161kovi\u0107, pisac i polit\u010dar, komentari\u0161u\u0107i svoj posljednji roman. U \u201eIsusovim memoarima\u201c Dra\u0161kovi\u0107, kroz pre\u017eivljavanje hromog fotoreportera [&hellip;]\" \/>\n<meta property=\"og:url\" content=\"https:\/\/sandzakpress.net\/arhiva\/na-razvalinama-jugoslavije-zivimo-u-magarecem-sistemu-vrednosti\/\" \/>\n<meta property=\"og:site_name\" content=\"Sand\u017eak PRESS\" \/>\n<meta property=\"article:published_time\" content=\"2015-08-26T08:00:50+00:00\" \/>\n<meta property=\"og:image\" content=\"http:\/\/www.vijesti.ba\/thumbnail.php?file=news\/2015\/June\/vuk_draskovic_1_363334660.jpg&amp;size=article_medium\" \/>\n<meta name=\"author\" content=\"bosniak\" \/>\n<meta name=\"twitter:card\" content=\"summary_large_image\" \/>\n<meta name=\"twitter:label1\" content=\"Written by\" \/>\n\t<meta name=\"twitter:data1\" content=\"bosniak\" \/>\n\t<meta name=\"twitter:label2\" content=\"Est. reading time\" \/>\n\t<meta name=\"twitter:data2\" content=\"5 minuta\" \/>\n<script type=\"application\/ld+json\" class=\"yoast-schema-graph\">{\"@context\":\"https:\/\/schema.org\",\"@graph\":[{\"@type\":\"Article\",\"@id\":\"https:\/\/sandzakpress.net\/arhiva\/na-razvalinama-jugoslavije-zivimo-u-magarecem-sistemu-vrednosti\/#article\",\"isPartOf\":{\"@id\":\"https:\/\/sandzakpress.net\/arhiva\/na-razvalinama-jugoslavije-zivimo-u-magarecem-sistemu-vrednosti\/\"},\"author\":{\"name\":\"bosniak\",\"@id\":\"https:\/\/sandzakpress.net\/arhiva\/#\/schema\/person\/c8baee722073534b583ea7bdb2e36c02\"},\"headline\":\"Na razvalinama Jugoslavije, \u017eivimo u magare\u0107em sistemu vrednosti\",\"datePublished\":\"2015-08-26T08:00:50+00:00\",\"mainEntityOfPage\":{\"@id\":\"https:\/\/sandzakpress.net\/arhiva\/na-razvalinama-jugoslavije-zivimo-u-magarecem-sistemu-vrednosti\/\"},\"wordCount\":1081,\"commentCount\":0,\"publisher\":{\"@id\":\"https:\/\/sandzakpress.net\/arhiva\/#\/schema\/person\/6e72b67d6e51910a1117b3b483ba20bd\"},\"image\":{\"@id\":\"https:\/\/sandzakpress.net\/arhiva\/na-razvalinama-jugoslavije-zivimo-u-magarecem-sistemu-vrednosti\/#primaryimage\"},\"thumbnailUrl\":\"http:\/\/www.vijesti.ba\/thumbnail.php?file=news\/2015\/June\/vuk_draskovic_1_363334660.jpg&amp;size=article_medium\",\"keywords\":[\"Bosna i Hercegovina\"],\"articleSection\":[\"Bosna PRESS\"],\"inLanguage\":\"bs-BA\",\"potentialAction\":[{\"@type\":\"CommentAction\",\"name\":\"Comment\",\"target\":[\"https:\/\/sandzakpress.net\/arhiva\/na-razvalinama-jugoslavije-zivimo-u-magarecem-sistemu-vrednosti\/#respond\"]}]},{\"@type\":\"WebPage\",\"@id\":\"https:\/\/sandzakpress.net\/arhiva\/na-razvalinama-jugoslavije-zivimo-u-magarecem-sistemu-vrednosti\/\",\"url\":\"https:\/\/sandzakpress.net\/arhiva\/na-razvalinama-jugoslavije-zivimo-u-magarecem-sistemu-vrednosti\/\",\"name\":\"Na razvalinama Jugoslavije, \u017eivimo u magare\u0107em sistemu vrednosti\",\"isPartOf\":{\"@id\":\"https:\/\/sandzakpress.net\/arhiva\/#website\"},\"primaryImageOfPage\":{\"@id\":\"https:\/\/sandzakpress.net\/arhiva\/na-razvalinama-jugoslavije-zivimo-u-magarecem-sistemu-vrednosti\/#primaryimage\"},\"image\":{\"@id\":\"https:\/\/sandzakpress.net\/arhiva\/na-razvalinama-jugoslavije-zivimo-u-magarecem-sistemu-vrednosti\/#primaryimage\"},\"thumbnailUrl\":\"http:\/\/www.vijesti.ba\/thumbnail.php?file=news\/2015\/June\/vuk_draskovic_1_363334660.jpg&amp;size=article_medium\",\"datePublished\":\"2015-08-26T08:00:50+00:00\",\"breadcrumb\":{\"@id\":\"https:\/\/sandzakpress.net\/arhiva\/na-razvalinama-jugoslavije-zivimo-u-magarecem-sistemu-vrednosti\/#breadcrumb\"},\"inLanguage\":\"bs-BA\",\"potentialAction\":[{\"@type\":\"ReadAction\",\"target\":[\"https:\/\/sandzakpress.net\/arhiva\/na-razvalinama-jugoslavije-zivimo-u-magarecem-sistemu-vrednosti\/\"]}]},{\"@type\":\"ImageObject\",\"inLanguage\":\"bs-BA\",\"@id\":\"https:\/\/sandzakpress.net\/arhiva\/na-razvalinama-jugoslavije-zivimo-u-magarecem-sistemu-vrednosti\/#primaryimage\",\"url\":\"http:\/\/www.vijesti.ba\/thumbnail.php?file=news\/2015\/June\/vuk_draskovic_1_363334660.jpg&amp;size=article_medium\",\"contentUrl\":\"http:\/\/www.vijesti.ba\/thumbnail.php?file=news\/2015\/June\/vuk_draskovic_1_363334660.jpg&amp;size=article_medium\"},{\"@type\":\"BreadcrumbList\",\"@id\":\"https:\/\/sandzakpress.net\/arhiva\/na-razvalinama-jugoslavije-zivimo-u-magarecem-sistemu-vrednosti\/#breadcrumb\",\"itemListElement\":[{\"@type\":\"ListItem\",\"position\":1,\"name\":\"Home\",\"item\":\"https:\/\/sandzakpress.net\/arhiva\/\"},{\"@type\":\"ListItem\",\"position\":2,\"name\":\"Na razvalinama Jugoslavije, \u017eivimo u magare\u0107em sistemu vrednosti\"}]},{\"@type\":\"WebSite\",\"@id\":\"https:\/\/sandzakpress.net\/arhiva\/#website\",\"url\":\"https:\/\/sandzakpress.net\/arhiva\/\",\"name\":\"Sand\u017eak PRESS\",\"description\":\"Prve elektronske novine u Sand\u017eaku\",\"publisher\":{\"@id\":\"https:\/\/sandzakpress.net\/arhiva\/#\/schema\/person\/6e72b67d6e51910a1117b3b483ba20bd\"},\"potentialAction\":[{\"@type\":\"SearchAction\",\"target\":{\"@type\":\"EntryPoint\",\"urlTemplate\":\"https:\/\/sandzakpress.net\/arhiva\/?s={search_term_string}\"},\"query-input\":{\"@type\":\"PropertyValueSpecification\",\"valueRequired\":true,\"valueName\":\"search_term_string\"}}],\"inLanguage\":\"bs-BA\"},{\"@type\":[\"Person\",\"Organization\"],\"@id\":\"https:\/\/sandzakpress.net\/arhiva\/#\/schema\/person\/6e72b67d6e51910a1117b3b483ba20bd\",\"name\":\"Kul\",\"image\":{\"@type\":\"ImageObject\",\"inLanguage\":\"bs-BA\",\"@id\":\"https:\/\/sandzakpress.net\/arhiva\/#\/schema\/person\/image\/\",\"url\":\"https:\/\/secure.gravatar.com\/avatar\/42263f39aa27ac04c43cab85c280eb2e?s=96&d=mm&r=pg\",\"contentUrl\":\"https:\/\/secure.gravatar.com\/avatar\/42263f39aa27ac04c43cab85c280eb2e?s=96&d=mm&r=pg\",\"caption\":\"Kul\"},\"logo\":{\"@id\":\"https:\/\/sandzakpress.net\/arhiva\/#\/schema\/person\/image\/\"}},{\"@type\":\"Person\",\"@id\":\"https:\/\/sandzakpress.net\/arhiva\/#\/schema\/person\/c8baee722073534b583ea7bdb2e36c02\",\"name\":\"bosniak\",\"image\":{\"@type\":\"ImageObject\",\"inLanguage\":\"bs-BA\",\"@id\":\"https:\/\/sandzakpress.net\/arhiva\/#\/schema\/person\/image\/\",\"url\":\"https:\/\/secure.gravatar.com\/avatar\/a04fd330bfe3a36a72a0ad4a6d89fca7?s=96&d=mm&r=pg\",\"contentUrl\":\"https:\/\/secure.gravatar.com\/avatar\/a04fd330bfe3a36a72a0ad4a6d89fca7?s=96&d=mm&r=pg\",\"caption\":\"bosniak\"},\"url\":\"https:\/\/sandzakpress.net\/arhiva\/author\/bosniak\/\"}]}<\/script>\n<!-- \/ Yoast SEO Premium plugin. -->","yoast_head_json":{"title":"Na razvalinama Jugoslavije, \u017eivimo u magare\u0107em sistemu vrednosti","robots":{"index":"index","follow":"follow","max-snippet":"max-snippet:-1","max-image-preview":"max-image-preview:large","max-video-preview":"max-video-preview:-1"},"canonical":"https:\/\/sandzakpress.net\/arhiva\/na-razvalinama-jugoslavije-zivimo-u-magarecem-sistemu-vrednosti\/","og_locale":"bs_BA","og_type":"article","og_title":"Na razvalinama Jugoslavije, \u017eivimo u magare\u0107em sistemu vrednosti","og_description":"BiH, Srbija \u2013 \u201e\u017deleo bih i da \u201cIsusovi memoari\u201d podstaknu trajno zbli\u017eavanje Bo\u0161njaka i Srba. Mi smo dva stabla istog korena, iste pameti, i kad jeste i kad nije naopaka. Mi smo jedni drugima najpre\u010di i najbli\u017ei.\u201c- ka\u017ee Vuk Dra\u0161kovi\u0107, pisac i polit\u010dar, komentari\u0161u\u0107i svoj posljednji roman. U \u201eIsusovim memoarima\u201c Dra\u0161kovi\u0107, kroz pre\u017eivljavanje hromog fotoreportera [&hellip;]","og_url":"https:\/\/sandzakpress.net\/arhiva\/na-razvalinama-jugoslavije-zivimo-u-magarecem-sistemu-vrednosti\/","og_site_name":"Sand\u017eak PRESS","article_published_time":"2015-08-26T08:00:50+00:00","og_image":[{"url":"http:\/\/www.vijesti.ba\/thumbnail.php?file=news\/2015\/June\/vuk_draskovic_1_363334660.jpg&amp;size=article_medium","type":"","width":"","height":""}],"author":"bosniak","twitter_card":"summary_large_image","twitter_misc":{"Written by":"bosniak","Est. reading time":"5 minuta"},"schema":{"@context":"https:\/\/schema.org","@graph":[{"@type":"Article","@id":"https:\/\/sandzakpress.net\/arhiva\/na-razvalinama-jugoslavije-zivimo-u-magarecem-sistemu-vrednosti\/#article","isPartOf":{"@id":"https:\/\/sandzakpress.net\/arhiva\/na-razvalinama-jugoslavije-zivimo-u-magarecem-sistemu-vrednosti\/"},"author":{"name":"bosniak","@id":"https:\/\/sandzakpress.net\/arhiva\/#\/schema\/person\/c8baee722073534b583ea7bdb2e36c02"},"headline":"Na razvalinama Jugoslavije, \u017eivimo u magare\u0107em sistemu vrednosti","datePublished":"2015-08-26T08:00:50+00:00","mainEntityOfPage":{"@id":"https:\/\/sandzakpress.net\/arhiva\/na-razvalinama-jugoslavije-zivimo-u-magarecem-sistemu-vrednosti\/"},"wordCount":1081,"commentCount":0,"publisher":{"@id":"https:\/\/sandzakpress.net\/arhiva\/#\/schema\/person\/6e72b67d6e51910a1117b3b483ba20bd"},"image":{"@id":"https:\/\/sandzakpress.net\/arhiva\/na-razvalinama-jugoslavije-zivimo-u-magarecem-sistemu-vrednosti\/#primaryimage"},"thumbnailUrl":"http:\/\/www.vijesti.ba\/thumbnail.php?file=news\/2015\/June\/vuk_draskovic_1_363334660.jpg&amp;size=article_medium","keywords":["Bosna i Hercegovina"],"articleSection":["Bosna PRESS"],"inLanguage":"bs-BA","potentialAction":[{"@type":"CommentAction","name":"Comment","target":["https:\/\/sandzakpress.net\/arhiva\/na-razvalinama-jugoslavije-zivimo-u-magarecem-sistemu-vrednosti\/#respond"]}]},{"@type":"WebPage","@id":"https:\/\/sandzakpress.net\/arhiva\/na-razvalinama-jugoslavije-zivimo-u-magarecem-sistemu-vrednosti\/","url":"https:\/\/sandzakpress.net\/arhiva\/na-razvalinama-jugoslavije-zivimo-u-magarecem-sistemu-vrednosti\/","name":"Na razvalinama Jugoslavije, \u017eivimo u magare\u0107em sistemu vrednosti","isPartOf":{"@id":"https:\/\/sandzakpress.net\/arhiva\/#website"},"primaryImageOfPage":{"@id":"https:\/\/sandzakpress.net\/arhiva\/na-razvalinama-jugoslavije-zivimo-u-magarecem-sistemu-vrednosti\/#primaryimage"},"image":{"@id":"https:\/\/sandzakpress.net\/arhiva\/na-razvalinama-jugoslavije-zivimo-u-magarecem-sistemu-vrednosti\/#primaryimage"},"thumbnailUrl":"http:\/\/www.vijesti.ba\/thumbnail.php?file=news\/2015\/June\/vuk_draskovic_1_363334660.jpg&amp;size=article_medium","datePublished":"2015-08-26T08:00:50+00:00","breadcrumb":{"@id":"https:\/\/sandzakpress.net\/arhiva\/na-razvalinama-jugoslavije-zivimo-u-magarecem-sistemu-vrednosti\/#breadcrumb"},"inLanguage":"bs-BA","potentialAction":[{"@type":"ReadAction","target":["https:\/\/sandzakpress.net\/arhiva\/na-razvalinama-jugoslavije-zivimo-u-magarecem-sistemu-vrednosti\/"]}]},{"@type":"ImageObject","inLanguage":"bs-BA","@id":"https:\/\/sandzakpress.net\/arhiva\/na-razvalinama-jugoslavije-zivimo-u-magarecem-sistemu-vrednosti\/#primaryimage","url":"http:\/\/www.vijesti.ba\/thumbnail.php?file=news\/2015\/June\/vuk_draskovic_1_363334660.jpg&amp;size=article_medium","contentUrl":"http:\/\/www.vijesti.ba\/thumbnail.php?file=news\/2015\/June\/vuk_draskovic_1_363334660.jpg&amp;size=article_medium"},{"@type":"BreadcrumbList","@id":"https:\/\/sandzakpress.net\/arhiva\/na-razvalinama-jugoslavije-zivimo-u-magarecem-sistemu-vrednosti\/#breadcrumb","itemListElement":[{"@type":"ListItem","position":1,"name":"Home","item":"https:\/\/sandzakpress.net\/arhiva\/"},{"@type":"ListItem","position":2,"name":"Na razvalinama Jugoslavije, \u017eivimo u magare\u0107em sistemu vrednosti"}]},{"@type":"WebSite","@id":"https:\/\/sandzakpress.net\/arhiva\/#website","url":"https:\/\/sandzakpress.net\/arhiva\/","name":"Sand\u017eak PRESS","description":"Prve elektronske novine u Sand\u017eaku","publisher":{"@id":"https:\/\/sandzakpress.net\/arhiva\/#\/schema\/person\/6e72b67d6e51910a1117b3b483ba20bd"},"potentialAction":[{"@type":"SearchAction","target":{"@type":"EntryPoint","urlTemplate":"https:\/\/sandzakpress.net\/arhiva\/?s={search_term_string}"},"query-input":{"@type":"PropertyValueSpecification","valueRequired":true,"valueName":"search_term_string"}}],"inLanguage":"bs-BA"},{"@type":["Person","Organization"],"@id":"https:\/\/sandzakpress.net\/arhiva\/#\/schema\/person\/6e72b67d6e51910a1117b3b483ba20bd","name":"Kul","image":{"@type":"ImageObject","inLanguage":"bs-BA","@id":"https:\/\/sandzakpress.net\/arhiva\/#\/schema\/person\/image\/","url":"https:\/\/secure.gravatar.com\/avatar\/42263f39aa27ac04c43cab85c280eb2e?s=96&d=mm&r=pg","contentUrl":"https:\/\/secure.gravatar.com\/avatar\/42263f39aa27ac04c43cab85c280eb2e?s=96&d=mm&r=pg","caption":"Kul"},"logo":{"@id":"https:\/\/sandzakpress.net\/arhiva\/#\/schema\/person\/image\/"}},{"@type":"Person","@id":"https:\/\/sandzakpress.net\/arhiva\/#\/schema\/person\/c8baee722073534b583ea7bdb2e36c02","name":"bosniak","image":{"@type":"ImageObject","inLanguage":"bs-BA","@id":"https:\/\/sandzakpress.net\/arhiva\/#\/schema\/person\/image\/","url":"https:\/\/secure.gravatar.com\/avatar\/a04fd330bfe3a36a72a0ad4a6d89fca7?s=96&d=mm&r=pg","contentUrl":"https:\/\/secure.gravatar.com\/avatar\/a04fd330bfe3a36a72a0ad4a6d89fca7?s=96&d=mm&r=pg","caption":"bosniak"},"url":"https:\/\/sandzakpress.net\/arhiva\/author\/bosniak\/"}]}},"_links":{"self":[{"href":"https:\/\/sandzakpress.net\/arhiva\/wp-json\/wp\/v2\/posts\/134707"}],"collection":[{"href":"https:\/\/sandzakpress.net\/arhiva\/wp-json\/wp\/v2\/posts"}],"about":[{"href":"https:\/\/sandzakpress.net\/arhiva\/wp-json\/wp\/v2\/types\/post"}],"author":[{"embeddable":true,"href":"https:\/\/sandzakpress.net\/arhiva\/wp-json\/wp\/v2\/users\/83"}],"replies":[{"embeddable":true,"href":"https:\/\/sandzakpress.net\/arhiva\/wp-json\/wp\/v2\/comments?post=134707"}],"version-history":[{"count":0,"href":"https:\/\/sandzakpress.net\/arhiva\/wp-json\/wp\/v2\/posts\/134707\/revisions"}],"wp:attachment":[{"href":"https:\/\/sandzakpress.net\/arhiva\/wp-json\/wp\/v2\/media?parent=134707"}],"wp:term":[{"taxonomy":"category","embeddable":true,"href":"https:\/\/sandzakpress.net\/arhiva\/wp-json\/wp\/v2\/categories?post=134707"},{"taxonomy":"post_tag","embeddable":true,"href":"https:\/\/sandzakpress.net\/arhiva\/wp-json\/wp\/v2\/tags?post=134707"}],"curies":[{"name":"wp","href":"https:\/\/api.w.org\/{rel}","templated":true}]}}