{"id":134704,"date":"2015-08-26T10:03:45","date_gmt":"2015-08-26T08:03:45","guid":{"rendered":"https:\/\/sandzakpress.net\/arhiva\/zaustavimo-ratificiranje-ugovora-sa-cg-sprijecimo-izdaju-bh-sutorine"},"modified":"2015-08-26T10:03:45","modified_gmt":"2015-08-26T08:03:45","slug":"zaustavimo-ratificiranje-ugovora-sa-cg-sprijecimo-izdaju-bh-sutorine","status":"publish","type":"post","link":"https:\/\/sandzakpress.net\/arhiva\/zaustavimo-ratificiranje-ugovora-sa-cg-sprijecimo-izdaju-bh-sutorine\/","title":{"rendered":"Zaustavimo ratificiranje ugovora sa CG, sprije\u010dimo izdaju BH. Sutorine"},"content":{"rendered":"<p><img loading=\"lazy\" decoding=\"async\" class=\"\" src=\"http:\/\/www.bosnjaci.net\/foto\/Sutorina_Covic_Izetbegovic.jpg\" alt=\"\" width=\"599\" height=\"390\" \/><\/p>\n<p><strong>Sarajevo \u2013 Forum bo\u0161nja\u010dkih intelektualaca ju\u010der je u Sarajevu odr\u017eao Javnu tribinu o Sutorini na kojoj su svi u\u010desnici jasno i glasno zahtjevali od strane Parlamentarne skup\u0161tine Bosne i Hercegovine da se ne ratificira ugovor o granici sa Crnom Gorom sve dok se ne utvrdi vlasni\u0161tvo Sutorine i Kru\u0161evice koji po svim historijskim, geografskim i pravnim normama pripada dr\u017eavi Bosni i Hercegovini, dok taj dio teritorije desetlje\u0107ima koristi Crna Gora. Press konferencije na Javnoj tribini bila je na temu \u201cPotpisivanje ugovora o granici sa Crnom Gorom je najve\u0107a prevara i veleizdaja Bosne i Hercegovine\u201d. <\/strong><\/p>\n<p>U nastavku \u0107emo objaviti video clipove sa javne tribine, dok mo\u017eete pro\u010ditati pismo koje su Predsjedni\u0161tvu Bosne i Hercegovine uputili Vije\u0107e kongresa bo\u0161nja\u010dkih intelektualaca \u2013 Akademska i gra\u0111anska inicijativa za povrat Sutorine i Kru\u0161evice u sastav BiH. Pismo prenosimo u cjelosti:<\/p>\n<p><i>Predmet: Podsje\u0107anje na \u010dinjenice na koje smo ukazivali i ranije da je Sutorina dr\u017eavni teritorij Bosne i Hercegovine<\/i><\/p>\n<p>Po\u0161tovani gospodine \u010covi\u0107,<br \/>\n\u2022 Obra\u0107amo Vam se u ime Akademske i gra\u0111anske inicijative za povrat na\u0161e Sutorine i Kru\u0161evice u sastav BiH. Radi se o aktivnoj mre\u017ei desetina eksperata iz raznih oblasti, uklju\u010duji\u0107i ustav, doma\u0107e i me\u0111unarodno pravo, historiju, demografiju, geografiju i me\u0111unarodne odnose, o dr\u017eavljanima BiH u zemlji i dijaspori, koji ve\u0107 godinama poku\u0161avaju alarmirati sve relevantne institucije BiH da poduzmu sve potrebne mjere kako bi me\u0111unarodna granica na\u0161e zemlje sa Crnom Gorom bila utvr\u0111ena na zakonit i pravi\u010dan na\u010din, \u0161to je, nesumnjivo, u dugoro\u010dnom ekonomskom i geopoliti\u010dkom interesu na\u0161e zemlje<\/p>\n<p>\u2022 Gra\u0111ani Bosne i Hercegovine su na dru\u0161tvenoj mre\u017ei Facebook napravili grupu pod nazivom \u201cSutorina je Bosna i Hercegovina. Vratite nam je nazad\u201d, kojoj se u vrlo kratkom roku pridru\u017eio veliki broj gra\u0111ana, patriota Bosne i Hercegovine, a za kratko vrijeme su sakupili oko 15.000 lajkova. Pored navedenog profila, formiranog 2006. godine, postoji i Facebook profil \u201cAkademska i gra\u0111anska inicijativa za povrat Sutorine i Kru\u0161evice u sastav BiH\u201d sa oko 4.100 lajkova formiran 6.10.2014. godinezna\u010di, samo ova dva profila prati oko 20.000 ljudi iz BiH i dijaspore. Tako\u0111er napominjemo da je klix.ba napravio anketu. Podr\u017eavate li Inicijativu da se Sutorina vrati BiH?\u201d (rezultati ankete na http:\/\/www.klix.ba\/ankete\/1006) u kojoj je u\u010destvovalo 35.000 anketiranih ljudi Ako se sabere broj anketiranih na klix.ba i broj ljudi koji prate dva navedena Facebook profila \u2013 onda imamo skoro 50.000 zainteresiranih gra\u0111ana BiH iz zemlje i dijaspore. Dakle, moglo bi se re\u0107i da je proveden jedan specifi\u010dan referedum o povratu Sutorine Bosni i Hercegovini, na kojem je u\u010destvovalo oko 50.000 gra\u0111ana iz na\u0161e domovine i dijaspore.<\/p>\n<p>\u2022 Na\u0161a Akademska i gra\u0111anska inivijativa je stalno tvrdila na osnovu konkretnih \u010dinjenica da su Sutorina i Kru\u0161evica dr\u017eavni teritorij Bosne i Hercegovine.<\/p>\n<p>\u2022 Akademska i gra\u0111anska inicijativa je opredjeljena za suverenitet, teritorijalni integritet i politi\u010dku nezavisnost Bosne i Hercegovine u skladu sa me\u0111unarodnim pravom.<\/p>\n<p>\u2022 \u010clanom 1. Dejtonskog ustava Bosne i Hercegovine utvr\u0111eno je da \u201d \u2026 Bosna i Hercegovina, \u010dije je zvani\u010dno ime od sada \u201cBosna i Hercegovina\u201d, nastavlja svoje pravno postojanje po me\u0111unarodnom pravu kao dr\u017eava, sa unutra\u0161njom strukturom modificiranom ovim Ustavom i sa postoje\u0107im me\u0111unarodno priznatim granicama \u2026\u201d<\/p>\n<p>\u2022 Mi tvrdimo da su Sutorina i Kru\u0161evica, kao i Klek (Neum) od 1371. godine bile u sastavu Bosne i Hercergovine.<\/p>\n<p>\u2022 Sutorina i Kru\u0161evica historijski nikada nisu bile u sastavu Crne Gore. \u2022 Karlova\u010dkim mirom iz 1699. godine potvr\u0111ena su dva izlaza Bosne i Hercegovine na more, Sutorina i Klek (Neum).<\/p>\n<p>\u2022 Izme\u0111u Bosne i Hercegovine i Republike Crne Gore nisu me\u0111usobno utvr\u0111ene granice niti jednim me\u0111unarodnim ili me\u0111usobnim priznanjem granica, posebno podru\u010dja Sutorine, jer nigdje nije obznanjen niti jedan me\u0111unarodni akt koji bi nasilno ili na bilo koji drugi na\u010din oduzeo Bosni i Hercegovini podru\u010dje Sutorine i Kru\u0161evice i priklju\u010dio ih Crnoj Gori, niti su se ove dvije dr\u017eave sporile, niti vode me\u0111unarodni spor pred me\u0111unarodnim sudom ili arbitra\u017eom o Sutorini.<\/p>\n<p>\u2022 Na\u0161 poznati i uva\u017eeni histori\u010dar prof. dr. Galib \u0160ljivo, koji je, uzgred re\u010deno, davno odbranio svoj magistarski rad, a zatim i doktorsku disertaciju u Beogradu o Sutorini i Kleku (Neum), napisao je knjigu \u201cIzlaz Bosne i Hercegovine na Jadran (Neum \u2013 Klek i Sutorina u me\u0111unarodnim odnosima 1815. \u2013 1878.)\u201d, objavljenu 2001. godine. Tako\u0111er prof. dr. Galib \u0160ljivo je istra\u017eio gra\u0111u u svim relevantnim arhivima (Be\u010d, Minhen, Istanbul, Beograd, Sarajevo) i prona\u0161ao niz neoborivih dokaza da je Sutorina bila i jeste u vlasni\u0161tvu dr\u017eave BiH.<\/p>\n<p>\u2022 Kod utvr\u0111ivanja granica, ne odlu\u010duje samo pravo ve\u0107 se prosu\u0111uju idrugi dokumenti, koji \u010desto mogu uticati na odluku o me\u0111udr\u017eavnim granicama, tim prije \u0161to izme\u0111u Crne Gore i Bosne i Hercegovine nisu me\u0111usobno utvr\u0111ene granice nijednim me\u0111unardnim, ili me\u0111usobnim priznanjem granica, posebnu podru\u010dja Sutorine.<\/p>\n<p>\u2022 Podru\u010dje Sutorine je veoma va\u017eno za Bosnu i Hercegovinu, bar od Mirovnog ugovora u Sremskim Karlovcima 1699. godine, Be\u010dkog kongresa 1815. godine i Berlinskog kongresa 1878. godine.<\/p>\n<p>\u2022 Osmansko carstvo i Austrijsko carstvo su imali tokom 19. stolje\u0107a niz diplomatskih sukoba oko ovih podru\u010dja, ali Austrija nije nikada niti jednim aktom sporila Osmanskom carstvu pravo svojine nad enklavama Klekom iSutorinom.<\/p>\n<p>\u2022 Iako su se sukobi smirili zaposjedanjem Bosne i Hercegovne od strane AustroUgarske i njenim upravljanjem Bosnom i Hercegovinom, Austro-Ugarske vlasti nisu Neum priklju\u010dile administrativno Metkovi\u0107u, koji je administrativno bio pod upravom namjesni\u0161tva Dalmacije u Zadru nego Stocu, dakle administrativno u sastavu Bosne i Hercegovine. Iz istih razloga ni podru\u010dje Sutorine nije priklju\u010deno Bokokotorskom podru\u010dju, nego Trebinju. Dakle, Austro-Ugarske vlasti su uvijek po\u0161tovale Osmansko carstvo i njegovu vlast nad teritorij om Bosne i Hercegovine.<\/p>\n<p>\u2022 Berlinski kongres je donio odluku da Austro-Ugarska umjesto Osmanskog carstva zaposjedne Bosnu i preuzme upravljanje Bosnom.<\/p>\n<p>\u2022 13. jula 1878. godine, na prijedlog Austro-Ugarske monarhije, Berlinski kongres je utvrdio i priznao teritoriju Bosne i Hercegovine i njenu ma\u0111unarodno priznatu granicu sa dva izlaza na Jadransko more u Neumu iSutorini.<\/p>\n<p>\u2022 27. jula 1878. godine Berlinski kongres predao je svoj Operat o Bosni AustroUgarskoj monarhiji, kojoj se odobrava da Bosnu zaposjedne i njome upravlja.<\/p>\n<p>\u2022 1. novembra 1918. godine Austro-Ugarski vojni upravitelj Bosnom i Hercegovinom general Sarkoti\u0107, vratio je upravu nad Bosnom i Hercegovinom Narodnom vije\u0107u Bosne i Hercegovine u granicama utvr\u0111enim na Berlinskom kongresu.<\/p>\n<p>\u2022 1. decembra 1918. godine odlukom Narodnog vije\u0107a Bosne i Hercegovine, Bosna i Hercegovina je u\u0161la u sastav Kraljevine SHS.<\/p>\n<p><b>\u2022 Za vrijeme upravljanja Austro-Ugarske monarhije pokrajinom Bosnom i Hercegovinom ona imala je status Corpus separatum (posebno tijelo, naziv za podru\u010dje izdvojeno iz neke ve\u0107e cjeline i nezavisno od nje). <\/b><\/p>\n<p>\u2022 Zajedni\u010dka dr\u017eava prestala je da postoji 1991. godine izlaskom Slovenije i Hrvatske iz iste, a to je u\u010dinila i Bosna i Hercegovina 1992. godine.<\/p>\n<p>\u2022 Arbitra\u017ena komisija konstatovalaje Mi\u0161ljenjem br. 8 odjula 1992. godine daje proces raspadanja SFRJ do\u0161ao do kraja i da SFRJ vi\u0161e ne postoji.<\/p>\n<p>\u2022 Srbija i Crna Gora osnovale su novu dr\u017eavu pod nazivom SRJ usvojiv\u0161i svoj ustav u aprilu 1992. godine, a kasnije su se zvale Srbija i Crna Gora.<\/p>\n<p>\u2022 Crna Gora je istupila iz dr\u017eavne zajednice sa Srbijom 21. maja 2006. godine istvorila samostalnu Republiku, a Srbija je temeljem Ustavne povelje preuzela me\u0111unarodno pravni subjektivitet biv\u0161e zajednice Srbije i Crne Gore.<\/p>\n<p><b>\u2022 Na\u0161a Sutorina ostala je kod Crne Gore kao njen nesavjestan posjed i na tra\u017eenje Bosne i Hercegovine Crna Gora je odbila da vrati Sutorinu Bosni i Hercegovini, pa je i danas dr\u017ei kao nesavjesni posjednik. <\/b><\/p>\n<p>\u2022 Ovo su historijske \u010dinjenice o statusu Bosne i Hercegovine i Sutorine od 13. jula 1878. godine do 2006. godine (1), (2). 4<\/p>\n<p>S po\u0161tovanjem,<br \/>\nZa Akademsku i gra\u0111ansku inicijativu za povrat Sutorine i Kru\u0161evice u sastav BiH<\/p>\n<p><b>Prof. dr. Suad Kurt\u0107ehaji\u0107, predsjednik <\/b><\/p>\n<p>(bosnjci.agency)<\/p>\n<p>Pogledajte vijest na izvornom sajtu:<\/p>\n<p><a href=\"http:\/\/bosnapress.net\/zaustavimo-ratificiranje-ugovora-sa-cg-sprijecimo-izdaju-bh-sutorine\/\" target=\"_blank\">Zaustavimo ratificiranje ugovora sa CG, sprije\u010dimo izdaju BH. Sutorine<\/a><\/p>\n","protected":false},"excerpt":{"rendered":"<p>Sarajevo \u2013 Forum bo\u0161nja\u010dkih intelektualaca ju\u010der je u Sarajevu odr\u017eao Javnu tribinu o Sutorini na kojoj su svi u\u010desnici jasno i glasno zahtjevali od strane Parlamentarne skup\u0161tine Bosne i Hercegovine da se ne ratificira ugovor o granici sa Crnom Gorom sve dok se ne utvrdi vlasni\u0161tvo Sutorine i Kru\u0161evice koji po svim historijskim, geografskim i [&hellip;]<\/p>\n","protected":false},"author":83,"featured_media":134706,"comment_status":"open","ping_status":"open","sticky":false,"template":"","format":"standard","meta":{"footnotes":""},"categories":[10513],"tags":[10466],"class_list":{"0":"post-134704","1":"post","2":"type-post","3":"status-publish","4":"format-standard","5":"has-post-thumbnail","7":"category-bosna-press","8":"tag-bosna-i-hercegovina"},"yoast_head":"<!-- This site is optimized with the Yoast SEO Premium plugin v23.1 (Yoast SEO v24.9) - https:\/\/yoast.com\/wordpress\/plugins\/seo\/ -->\n<title>Zaustavimo ratificiranje ugovora sa CG, sprije\u010dimo izdaju BH. Sutorine<\/title>\n<meta name=\"robots\" content=\"index, follow, max-snippet:-1, max-image-preview:large, max-video-preview:-1\" \/>\n<link rel=\"canonical\" href=\"https:\/\/sandzakpress.net\/arhiva\/zaustavimo-ratificiranje-ugovora-sa-cg-sprijecimo-izdaju-bh-sutorine\/\" \/>\n<meta property=\"og:locale\" content=\"bs_BA\" \/>\n<meta property=\"og:type\" content=\"article\" \/>\n<meta property=\"og:title\" content=\"Zaustavimo ratificiranje ugovora sa CG, sprije\u010dimo izdaju BH. Sutorine\" \/>\n<meta property=\"og:description\" content=\"Sarajevo \u2013 Forum bo\u0161nja\u010dkih intelektualaca ju\u010der je u Sarajevu odr\u017eao Javnu tribinu o Sutorini na kojoj su svi u\u010desnici jasno i glasno zahtjevali od strane Parlamentarne skup\u0161tine Bosne i Hercegovine da se ne ratificira ugovor o granici sa Crnom Gorom sve dok se ne utvrdi vlasni\u0161tvo Sutorine i Kru\u0161evice koji po svim historijskim, geografskim i [&hellip;]\" \/>\n<meta property=\"og:url\" content=\"https:\/\/sandzakpress.net\/arhiva\/zaustavimo-ratificiranje-ugovora-sa-cg-sprijecimo-izdaju-bh-sutorine\/\" \/>\n<meta property=\"og:site_name\" content=\"Sand\u017eak PRESS\" \/>\n<meta property=\"article:published_time\" content=\"2015-08-26T08:03:45+00:00\" \/>\n<meta property=\"og:image\" content=\"https:\/\/sandzakpress.net\/arhiva\/wp-content\/uploads\/2015\/08\/Sutorina_Covic_Izetbegovic1.jpg\" \/>\n\t<meta property=\"og:image:width\" content=\"680\" \/>\n\t<meta property=\"og:image:height\" content=\"443\" \/>\n\t<meta property=\"og:image:type\" content=\"image\/jpeg\" \/>\n<meta name=\"author\" content=\"bosniak\" \/>\n<meta name=\"twitter:card\" content=\"summary_large_image\" \/>\n<meta name=\"twitter:label1\" content=\"Written by\" \/>\n\t<meta name=\"twitter:data1\" content=\"bosniak\" \/>\n\t<meta name=\"twitter:label2\" content=\"Est. reading time\" \/>\n\t<meta name=\"twitter:data2\" content=\"7 minuta\" \/>\n<script type=\"application\/ld+json\" class=\"yoast-schema-graph\">{\"@context\":\"https:\/\/schema.org\",\"@graph\":[{\"@type\":\"Article\",\"@id\":\"https:\/\/sandzakpress.net\/arhiva\/zaustavimo-ratificiranje-ugovora-sa-cg-sprijecimo-izdaju-bh-sutorine\/#article\",\"isPartOf\":{\"@id\":\"https:\/\/sandzakpress.net\/arhiva\/zaustavimo-ratificiranje-ugovora-sa-cg-sprijecimo-izdaju-bh-sutorine\/\"},\"author\":{\"name\":\"bosniak\",\"@id\":\"https:\/\/sandzakpress.net\/arhiva\/#\/schema\/person\/c8baee722073534b583ea7bdb2e36c02\"},\"headline\":\"Zaustavimo ratificiranje ugovora sa CG, sprije\u010dimo izdaju BH. Sutorine\",\"datePublished\":\"2015-08-26T08:03:45+00:00\",\"mainEntityOfPage\":{\"@id\":\"https:\/\/sandzakpress.net\/arhiva\/zaustavimo-ratificiranje-ugovora-sa-cg-sprijecimo-izdaju-bh-sutorine\/\"},\"wordCount\":1350,\"commentCount\":0,\"publisher\":{\"@id\":\"https:\/\/sandzakpress.net\/arhiva\/#\/schema\/person\/6e72b67d6e51910a1117b3b483ba20bd\"},\"image\":{\"@id\":\"https:\/\/sandzakpress.net\/arhiva\/zaustavimo-ratificiranje-ugovora-sa-cg-sprijecimo-izdaju-bh-sutorine\/#primaryimage\"},\"thumbnailUrl\":\"https:\/\/sandzakpress.net\/arhiva\/wp-content\/uploads\/2015\/08\/Sutorina_Covic_Izetbegovic1.jpg\",\"keywords\":[\"Bosna i Hercegovina\"],\"articleSection\":[\"Bosna PRESS\"],\"inLanguage\":\"bs-BA\",\"potentialAction\":[{\"@type\":\"CommentAction\",\"name\":\"Comment\",\"target\":[\"https:\/\/sandzakpress.net\/arhiva\/zaustavimo-ratificiranje-ugovora-sa-cg-sprijecimo-izdaju-bh-sutorine\/#respond\"]}]},{\"@type\":\"WebPage\",\"@id\":\"https:\/\/sandzakpress.net\/arhiva\/zaustavimo-ratificiranje-ugovora-sa-cg-sprijecimo-izdaju-bh-sutorine\/\",\"url\":\"https:\/\/sandzakpress.net\/arhiva\/zaustavimo-ratificiranje-ugovora-sa-cg-sprijecimo-izdaju-bh-sutorine\/\",\"name\":\"Zaustavimo ratificiranje ugovora sa CG, sprije\u010dimo izdaju BH. Sutorine\",\"isPartOf\":{\"@id\":\"https:\/\/sandzakpress.net\/arhiva\/#website\"},\"primaryImageOfPage\":{\"@id\":\"https:\/\/sandzakpress.net\/arhiva\/zaustavimo-ratificiranje-ugovora-sa-cg-sprijecimo-izdaju-bh-sutorine\/#primaryimage\"},\"image\":{\"@id\":\"https:\/\/sandzakpress.net\/arhiva\/zaustavimo-ratificiranje-ugovora-sa-cg-sprijecimo-izdaju-bh-sutorine\/#primaryimage\"},\"thumbnailUrl\":\"https:\/\/sandzakpress.net\/arhiva\/wp-content\/uploads\/2015\/08\/Sutorina_Covic_Izetbegovic1.jpg\",\"datePublished\":\"2015-08-26T08:03:45+00:00\",\"breadcrumb\":{\"@id\":\"https:\/\/sandzakpress.net\/arhiva\/zaustavimo-ratificiranje-ugovora-sa-cg-sprijecimo-izdaju-bh-sutorine\/#breadcrumb\"},\"inLanguage\":\"bs-BA\",\"potentialAction\":[{\"@type\":\"ReadAction\",\"target\":[\"https:\/\/sandzakpress.net\/arhiva\/zaustavimo-ratificiranje-ugovora-sa-cg-sprijecimo-izdaju-bh-sutorine\/\"]}]},{\"@type\":\"ImageObject\",\"inLanguage\":\"bs-BA\",\"@id\":\"https:\/\/sandzakpress.net\/arhiva\/zaustavimo-ratificiranje-ugovora-sa-cg-sprijecimo-izdaju-bh-sutorine\/#primaryimage\",\"url\":\"https:\/\/sandzakpress.net\/arhiva\/wp-content\/uploads\/2015\/08\/Sutorina_Covic_Izetbegovic1.jpg\",\"contentUrl\":\"https:\/\/sandzakpress.net\/arhiva\/wp-content\/uploads\/2015\/08\/Sutorina_Covic_Izetbegovic1.jpg\",\"width\":680,\"height\":443},{\"@type\":\"BreadcrumbList\",\"@id\":\"https:\/\/sandzakpress.net\/arhiva\/zaustavimo-ratificiranje-ugovora-sa-cg-sprijecimo-izdaju-bh-sutorine\/#breadcrumb\",\"itemListElement\":[{\"@type\":\"ListItem\",\"position\":1,\"name\":\"Home\",\"item\":\"https:\/\/sandzakpress.net\/arhiva\/\"},{\"@type\":\"ListItem\",\"position\":2,\"name\":\"Zaustavimo ratificiranje ugovora sa CG, sprije\u010dimo izdaju BH. Sutorine\"}]},{\"@type\":\"WebSite\",\"@id\":\"https:\/\/sandzakpress.net\/arhiva\/#website\",\"url\":\"https:\/\/sandzakpress.net\/arhiva\/\",\"name\":\"Sand\u017eak PRESS\",\"description\":\"Prve elektronske novine u Sand\u017eaku\",\"publisher\":{\"@id\":\"https:\/\/sandzakpress.net\/arhiva\/#\/schema\/person\/6e72b67d6e51910a1117b3b483ba20bd\"},\"potentialAction\":[{\"@type\":\"SearchAction\",\"target\":{\"@type\":\"EntryPoint\",\"urlTemplate\":\"https:\/\/sandzakpress.net\/arhiva\/?s={search_term_string}\"},\"query-input\":{\"@type\":\"PropertyValueSpecification\",\"valueRequired\":true,\"valueName\":\"search_term_string\"}}],\"inLanguage\":\"bs-BA\"},{\"@type\":[\"Person\",\"Organization\"],\"@id\":\"https:\/\/sandzakpress.net\/arhiva\/#\/schema\/person\/6e72b67d6e51910a1117b3b483ba20bd\",\"name\":\"Kul\",\"image\":{\"@type\":\"ImageObject\",\"inLanguage\":\"bs-BA\",\"@id\":\"https:\/\/sandzakpress.net\/arhiva\/#\/schema\/person\/image\/\",\"url\":\"https:\/\/secure.gravatar.com\/avatar\/42263f39aa27ac04c43cab85c280eb2e?s=96&d=mm&r=pg\",\"contentUrl\":\"https:\/\/secure.gravatar.com\/avatar\/42263f39aa27ac04c43cab85c280eb2e?s=96&d=mm&r=pg\",\"caption\":\"Kul\"},\"logo\":{\"@id\":\"https:\/\/sandzakpress.net\/arhiva\/#\/schema\/person\/image\/\"}},{\"@type\":\"Person\",\"@id\":\"https:\/\/sandzakpress.net\/arhiva\/#\/schema\/person\/c8baee722073534b583ea7bdb2e36c02\",\"name\":\"bosniak\",\"image\":{\"@type\":\"ImageObject\",\"inLanguage\":\"bs-BA\",\"@id\":\"https:\/\/sandzakpress.net\/arhiva\/#\/schema\/person\/image\/\",\"url\":\"https:\/\/secure.gravatar.com\/avatar\/a04fd330bfe3a36a72a0ad4a6d89fca7?s=96&d=mm&r=pg\",\"contentUrl\":\"https:\/\/secure.gravatar.com\/avatar\/a04fd330bfe3a36a72a0ad4a6d89fca7?s=96&d=mm&r=pg\",\"caption\":\"bosniak\"},\"url\":\"https:\/\/sandzakpress.net\/arhiva\/author\/bosniak\/\"}]}<\/script>\n<!-- \/ Yoast SEO Premium plugin. -->","yoast_head_json":{"title":"Zaustavimo ratificiranje ugovora sa CG, sprije\u010dimo izdaju BH. Sutorine","robots":{"index":"index","follow":"follow","max-snippet":"max-snippet:-1","max-image-preview":"max-image-preview:large","max-video-preview":"max-video-preview:-1"},"canonical":"https:\/\/sandzakpress.net\/arhiva\/zaustavimo-ratificiranje-ugovora-sa-cg-sprijecimo-izdaju-bh-sutorine\/","og_locale":"bs_BA","og_type":"article","og_title":"Zaustavimo ratificiranje ugovora sa CG, sprije\u010dimo izdaju BH. Sutorine","og_description":"Sarajevo \u2013 Forum bo\u0161nja\u010dkih intelektualaca ju\u010der je u Sarajevu odr\u017eao Javnu tribinu o Sutorini na kojoj su svi u\u010desnici jasno i glasno zahtjevali od strane Parlamentarne skup\u0161tine Bosne i Hercegovine da se ne ratificira ugovor o granici sa Crnom Gorom sve dok se ne utvrdi vlasni\u0161tvo Sutorine i Kru\u0161evice koji po svim historijskim, geografskim i [&hellip;]","og_url":"https:\/\/sandzakpress.net\/arhiva\/zaustavimo-ratificiranje-ugovora-sa-cg-sprijecimo-izdaju-bh-sutorine\/","og_site_name":"Sand\u017eak PRESS","article_published_time":"2015-08-26T08:03:45+00:00","og_image":[{"width":680,"height":443,"url":"https:\/\/sandzakpress.net\/arhiva\/wp-content\/uploads\/2015\/08\/Sutorina_Covic_Izetbegovic1.jpg","type":"image\/jpeg"}],"author":"bosniak","twitter_card":"summary_large_image","twitter_misc":{"Written by":"bosniak","Est. reading time":"7 minuta"},"schema":{"@context":"https:\/\/schema.org","@graph":[{"@type":"Article","@id":"https:\/\/sandzakpress.net\/arhiva\/zaustavimo-ratificiranje-ugovora-sa-cg-sprijecimo-izdaju-bh-sutorine\/#article","isPartOf":{"@id":"https:\/\/sandzakpress.net\/arhiva\/zaustavimo-ratificiranje-ugovora-sa-cg-sprijecimo-izdaju-bh-sutorine\/"},"author":{"name":"bosniak","@id":"https:\/\/sandzakpress.net\/arhiva\/#\/schema\/person\/c8baee722073534b583ea7bdb2e36c02"},"headline":"Zaustavimo ratificiranje ugovora sa CG, sprije\u010dimo izdaju BH. Sutorine","datePublished":"2015-08-26T08:03:45+00:00","mainEntityOfPage":{"@id":"https:\/\/sandzakpress.net\/arhiva\/zaustavimo-ratificiranje-ugovora-sa-cg-sprijecimo-izdaju-bh-sutorine\/"},"wordCount":1350,"commentCount":0,"publisher":{"@id":"https:\/\/sandzakpress.net\/arhiva\/#\/schema\/person\/6e72b67d6e51910a1117b3b483ba20bd"},"image":{"@id":"https:\/\/sandzakpress.net\/arhiva\/zaustavimo-ratificiranje-ugovora-sa-cg-sprijecimo-izdaju-bh-sutorine\/#primaryimage"},"thumbnailUrl":"https:\/\/sandzakpress.net\/arhiva\/wp-content\/uploads\/2015\/08\/Sutorina_Covic_Izetbegovic1.jpg","keywords":["Bosna i Hercegovina"],"articleSection":["Bosna PRESS"],"inLanguage":"bs-BA","potentialAction":[{"@type":"CommentAction","name":"Comment","target":["https:\/\/sandzakpress.net\/arhiva\/zaustavimo-ratificiranje-ugovora-sa-cg-sprijecimo-izdaju-bh-sutorine\/#respond"]}]},{"@type":"WebPage","@id":"https:\/\/sandzakpress.net\/arhiva\/zaustavimo-ratificiranje-ugovora-sa-cg-sprijecimo-izdaju-bh-sutorine\/","url":"https:\/\/sandzakpress.net\/arhiva\/zaustavimo-ratificiranje-ugovora-sa-cg-sprijecimo-izdaju-bh-sutorine\/","name":"Zaustavimo ratificiranje ugovora sa CG, sprije\u010dimo izdaju BH. Sutorine","isPartOf":{"@id":"https:\/\/sandzakpress.net\/arhiva\/#website"},"primaryImageOfPage":{"@id":"https:\/\/sandzakpress.net\/arhiva\/zaustavimo-ratificiranje-ugovora-sa-cg-sprijecimo-izdaju-bh-sutorine\/#primaryimage"},"image":{"@id":"https:\/\/sandzakpress.net\/arhiva\/zaustavimo-ratificiranje-ugovora-sa-cg-sprijecimo-izdaju-bh-sutorine\/#primaryimage"},"thumbnailUrl":"https:\/\/sandzakpress.net\/arhiva\/wp-content\/uploads\/2015\/08\/Sutorina_Covic_Izetbegovic1.jpg","datePublished":"2015-08-26T08:03:45+00:00","breadcrumb":{"@id":"https:\/\/sandzakpress.net\/arhiva\/zaustavimo-ratificiranje-ugovora-sa-cg-sprijecimo-izdaju-bh-sutorine\/#breadcrumb"},"inLanguage":"bs-BA","potentialAction":[{"@type":"ReadAction","target":["https:\/\/sandzakpress.net\/arhiva\/zaustavimo-ratificiranje-ugovora-sa-cg-sprijecimo-izdaju-bh-sutorine\/"]}]},{"@type":"ImageObject","inLanguage":"bs-BA","@id":"https:\/\/sandzakpress.net\/arhiva\/zaustavimo-ratificiranje-ugovora-sa-cg-sprijecimo-izdaju-bh-sutorine\/#primaryimage","url":"https:\/\/sandzakpress.net\/arhiva\/wp-content\/uploads\/2015\/08\/Sutorina_Covic_Izetbegovic1.jpg","contentUrl":"https:\/\/sandzakpress.net\/arhiva\/wp-content\/uploads\/2015\/08\/Sutorina_Covic_Izetbegovic1.jpg","width":680,"height":443},{"@type":"BreadcrumbList","@id":"https:\/\/sandzakpress.net\/arhiva\/zaustavimo-ratificiranje-ugovora-sa-cg-sprijecimo-izdaju-bh-sutorine\/#breadcrumb","itemListElement":[{"@type":"ListItem","position":1,"name":"Home","item":"https:\/\/sandzakpress.net\/arhiva\/"},{"@type":"ListItem","position":2,"name":"Zaustavimo ratificiranje ugovora sa CG, sprije\u010dimo izdaju BH. Sutorine"}]},{"@type":"WebSite","@id":"https:\/\/sandzakpress.net\/arhiva\/#website","url":"https:\/\/sandzakpress.net\/arhiva\/","name":"Sand\u017eak PRESS","description":"Prve elektronske novine u Sand\u017eaku","publisher":{"@id":"https:\/\/sandzakpress.net\/arhiva\/#\/schema\/person\/6e72b67d6e51910a1117b3b483ba20bd"},"potentialAction":[{"@type":"SearchAction","target":{"@type":"EntryPoint","urlTemplate":"https:\/\/sandzakpress.net\/arhiva\/?s={search_term_string}"},"query-input":{"@type":"PropertyValueSpecification","valueRequired":true,"valueName":"search_term_string"}}],"inLanguage":"bs-BA"},{"@type":["Person","Organization"],"@id":"https:\/\/sandzakpress.net\/arhiva\/#\/schema\/person\/6e72b67d6e51910a1117b3b483ba20bd","name":"Kul","image":{"@type":"ImageObject","inLanguage":"bs-BA","@id":"https:\/\/sandzakpress.net\/arhiva\/#\/schema\/person\/image\/","url":"https:\/\/secure.gravatar.com\/avatar\/42263f39aa27ac04c43cab85c280eb2e?s=96&d=mm&r=pg","contentUrl":"https:\/\/secure.gravatar.com\/avatar\/42263f39aa27ac04c43cab85c280eb2e?s=96&d=mm&r=pg","caption":"Kul"},"logo":{"@id":"https:\/\/sandzakpress.net\/arhiva\/#\/schema\/person\/image\/"}},{"@type":"Person","@id":"https:\/\/sandzakpress.net\/arhiva\/#\/schema\/person\/c8baee722073534b583ea7bdb2e36c02","name":"bosniak","image":{"@type":"ImageObject","inLanguage":"bs-BA","@id":"https:\/\/sandzakpress.net\/arhiva\/#\/schema\/person\/image\/","url":"https:\/\/secure.gravatar.com\/avatar\/a04fd330bfe3a36a72a0ad4a6d89fca7?s=96&d=mm&r=pg","contentUrl":"https:\/\/secure.gravatar.com\/avatar\/a04fd330bfe3a36a72a0ad4a6d89fca7?s=96&d=mm&r=pg","caption":"bosniak"},"url":"https:\/\/sandzakpress.net\/arhiva\/author\/bosniak\/"}]}},"_links":{"self":[{"href":"https:\/\/sandzakpress.net\/arhiva\/wp-json\/wp\/v2\/posts\/134704"}],"collection":[{"href":"https:\/\/sandzakpress.net\/arhiva\/wp-json\/wp\/v2\/posts"}],"about":[{"href":"https:\/\/sandzakpress.net\/arhiva\/wp-json\/wp\/v2\/types\/post"}],"author":[{"embeddable":true,"href":"https:\/\/sandzakpress.net\/arhiva\/wp-json\/wp\/v2\/users\/83"}],"replies":[{"embeddable":true,"href":"https:\/\/sandzakpress.net\/arhiva\/wp-json\/wp\/v2\/comments?post=134704"}],"version-history":[{"count":0,"href":"https:\/\/sandzakpress.net\/arhiva\/wp-json\/wp\/v2\/posts\/134704\/revisions"}],"wp:featuredmedia":[{"embeddable":true,"href":"https:\/\/sandzakpress.net\/arhiva\/wp-json\/wp\/v2\/media\/134706"}],"wp:attachment":[{"href":"https:\/\/sandzakpress.net\/arhiva\/wp-json\/wp\/v2\/media?parent=134704"}],"wp:term":[{"taxonomy":"category","embeddable":true,"href":"https:\/\/sandzakpress.net\/arhiva\/wp-json\/wp\/v2\/categories?post=134704"},{"taxonomy":"post_tag","embeddable":true,"href":"https:\/\/sandzakpress.net\/arhiva\/wp-json\/wp\/v2\/tags?post=134704"}],"curies":[{"name":"wp","href":"https:\/\/api.w.org\/{rel}","templated":true}]}}