{"id":134701,"date":"2015-08-26T10:08:58","date_gmt":"2015-08-26T08:08:58","guid":{"rendered":"https:\/\/sandzakpress.net\/arhiva\/tragedija-za-tragedijom-za-nekoliko-sati-u-bih-ugaseno-pet-mladih-zivota"},"modified":"2015-08-26T10:08:58","modified_gmt":"2015-08-26T08:08:58","slug":"tragedija-za-tragedijom-za-nekoliko-sati-u-bih-ugaseno-pet-mladih-zivota","status":"publish","type":"post","link":"https:\/\/sandzakpress.net\/arhiva\/tragedija-za-tragedijom-za-nekoliko-sati-u-bih-ugaseno-pet-mladih-zivota\/","title":{"rendered":"Tragedija za tragedijom: Za nekoliko sati u BiH uga\u0161eno pet mladih \u017eivota"},"content":{"rendered":"<p><img loading=\"lazy\" decoding=\"async\" class=\"\" src=\"http:\/\/www.sandzaklive.rs\/images\/OSTALO-1\/slicica_policija.jpg\" alt=\"slicica policija\" width=\"600\" height=\"399\" \/><\/p>\n<p><strong>BiH \u2013 Pet uglavnom mladih osoba je poginulo, a nekoliko je povrije\u0111eno u stravi\u010dnim udesima koji su se desili u ponedjeljak u razmaku od nekoliko sati.<\/strong><\/p>\n<p>Crna serija zapo\u010deta je oko 14 sati, kada je u sudaru s automobilom u mjestu Zaton Doli, na Jadranskoj magistrali, poginuo slova\u010dki dr\u017eavljanin \u010diji identitet nije saop\u0161ten iz policije.<\/p>\n<p>Druga stravi\u010dna nesre\u0107a u kojoj je \u017eivot izgubio motociklista Danijel Majki\u0107 (24) dogodila se tako\u0111e u ponedjeljak ve\u010de u prijedorskoj Ulici Me\u0161e Selimovi\u0107a. Do nesre\u0107e je do\u0161lo kada se Majki\u0107, voze\u0107i motocikl honda, sudario s mercedesom kojim je upravljao Darko \u0110ukanovi\u0107. Uzrok ovog sudara jo\u0161 nije utvr\u0111en.<\/p>\n<p>Oko 22.30 u mjestu Vrani\u0107i, kod Gora\u017eda, poginuo je Armin Ad\u017eem (29), biv\u0161i rukometa\u0161 iz ovog grada, koji je voze\u0107i motor jamaha udario u nisan koji je vozio Mirzet Hranj\u010di\u0107.<\/p>\n<p>Dra\u0161ko Lazar, kantonalni tu\u017eilac, izjavio je da se jo\u0161 utvr\u0111uju uzroci ove nesre\u0107e, ali da se zasad zna da je motociklista preticao drugo vozilo i sudario se s nisanom.<\/p>\n<p>U isto vrijeme na putu u mjestu Nemila, kod Zenice, poginuo je Rasim Mu\u0161inovi\u0107 (20) iz Viteza.<\/p>\n<p>Nastradali je bio za volanom golfa 2 i direktno se sudario s kamionom mercedes, vlasni\u0161tvo Mesne industrije \u201cMadi\u201d iz Te\u0161nja, kojeg je vozio Mustafa S. iz ovog grada, a koji je te\u0161ko povrije\u0111en.<\/p>\n<p>Crna serija zavr\u0161ena je porodi\u010dnom tragedijom na magistralnom putu Derventa \u2013 Doboj u mjestu Tunjestala, gdje je oko 23 \u010dasa poginuo Brandon Laib (17) iz Njema\u010dke.<\/p>\n<p>On je bio suvoza\u010d u vozilu krajzler koji je vozio njegov otac Mihael, a koji se sudario sa kamionom man kojim je upravljao Sreten Todi\u0107 iz Bijeljine.<\/p>\n<p>Pored sina koji je poginuo i oca koji je te\u017ee povrije\u0111en, u automobilu se nalazilo i trogodi\u0161nje dijete, koje je tako\u0111e povrije\u0111eno, i supruga koja je pro\u0161la sa lak\u0161im povredama.<\/p>\n<p>Prema nezvani\u010dnim informacijama, do ove nesre\u0107e je do\u0161lo kada je Todi\u0107 iz zasad nepoznatih razloga izgubio kontrolu nad kamionom te se zanio na putu, i to u trenutku kad je iz suprotnog pravca nai\u0161ao krajzler, te je do\u0161lo do te\u0161kog sudara.<\/p>\n<p>U CJB Doboj su kazali da je obavljen uvi\u0111aj i da \u0107e uzrok nesre\u0107e i vi\u0161e detalja biti poznati nakon istrage.<\/p>\n<p>(sandzaklive)<\/p>\n<p>Pogledajte vijest na izvornom sajtu:<\/p>\n<p><a href=\"http:\/\/bosnapress.net\/tragedija-za-tragedijom-za-nekoliko-sati-u-bih-ugaseno-pet-mladih-zivota\/\" target=\"_blank\">Tragedija za tragedijom: Za nekoliko sati u BiH uga\u0161eno pet mladih \u017eivota<\/a><\/p>\n","protected":false},"excerpt":{"rendered":"<p>BiH \u2013 Pet uglavnom mladih osoba je poginulo, a nekoliko je povrije\u0111eno u stravi\u010dnim udesima koji su se desili u ponedjeljak u razmaku od nekoliko sati. Crna serija zapo\u010deta je oko 14 sati, kada je u sudaru s automobilom u mjestu Zaton Doli, na Jadranskoj magistrali, poginuo slova\u010dki dr\u017eavljanin \u010diji identitet nije saop\u0161ten iz policije. [&hellip;]<\/p>\n","protected":false},"author":83,"featured_media":134703,"comment_status":"open","ping_status":"open","sticky":false,"template":"","format":"standard","meta":{"footnotes":""},"categories":[10513],"tags":[10466],"class_list":{"0":"post-134701","1":"post","2":"type-post","3":"status-publish","4":"format-standard","5":"has-post-thumbnail","7":"category-bosna-press","8":"tag-bosna-i-hercegovina"},"yoast_head":"<!-- This site is optimized with the Yoast SEO Premium plugin v23.1 (Yoast SEO v24.9) - https:\/\/yoast.com\/wordpress\/plugins\/seo\/ -->\n<title>Tragedija za tragedijom: Za nekoliko sati u BiH uga\u0161eno pet mladih \u017eivota<\/title>\n<meta name=\"robots\" content=\"index, follow, max-snippet:-1, max-image-preview:large, max-video-preview:-1\" \/>\n<link rel=\"canonical\" href=\"https:\/\/sandzakpress.net\/arhiva\/tragedija-za-tragedijom-za-nekoliko-sati-u-bih-ugaseno-pet-mladih-zivota\/\" \/>\n<meta property=\"og:locale\" content=\"bs_BA\" \/>\n<meta property=\"og:type\" content=\"article\" \/>\n<meta property=\"og:title\" content=\"Tragedija za tragedijom: Za nekoliko sati u BiH uga\u0161eno pet mladih \u017eivota\" \/>\n<meta property=\"og:description\" content=\"BiH \u2013 Pet uglavnom mladih osoba je poginulo, a nekoliko je povrije\u0111eno u stravi\u010dnim udesima koji su se desili u ponedjeljak u razmaku od nekoliko sati. Crna serija zapo\u010deta je oko 14 sati, kada je u sudaru s automobilom u mjestu Zaton Doli, na Jadranskoj magistrali, poginuo slova\u010dki dr\u017eavljanin \u010diji identitet nije saop\u0161ten iz policije. [&hellip;]\" \/>\n<meta property=\"og:url\" content=\"https:\/\/sandzakpress.net\/arhiva\/tragedija-za-tragedijom-za-nekoliko-sati-u-bih-ugaseno-pet-mladih-zivota\/\" \/>\n<meta property=\"og:site_name\" content=\"Sand\u017eak PRESS\" \/>\n<meta property=\"article:published_time\" content=\"2015-08-26T08:08:58+00:00\" \/>\n<meta property=\"og:image\" content=\"https:\/\/sandzakpress.net\/arhiva\/wp-content\/uploads\/2015\/08\/slicica_policija1.jpg\" \/>\n\t<meta property=\"og:image:width\" content=\"275\" \/>\n\t<meta property=\"og:image:height\" content=\"183\" \/>\n\t<meta property=\"og:image:type\" content=\"image\/jpeg\" \/>\n<meta name=\"author\" content=\"bosniak\" \/>\n<meta name=\"twitter:card\" content=\"summary_large_image\" \/>\n<meta name=\"twitter:label1\" content=\"Written by\" \/>\n\t<meta name=\"twitter:data1\" content=\"bosniak\" \/>\n\t<meta name=\"twitter:label2\" content=\"Est. reading time\" \/>\n\t<meta name=\"twitter:data2\" content=\"2 minute\" \/>\n<script type=\"application\/ld+json\" class=\"yoast-schema-graph\">{\"@context\":\"https:\/\/schema.org\",\"@graph\":[{\"@type\":\"Article\",\"@id\":\"https:\/\/sandzakpress.net\/arhiva\/tragedija-za-tragedijom-za-nekoliko-sati-u-bih-ugaseno-pet-mladih-zivota\/#article\",\"isPartOf\":{\"@id\":\"https:\/\/sandzakpress.net\/arhiva\/tragedija-za-tragedijom-za-nekoliko-sati-u-bih-ugaseno-pet-mladih-zivota\/\"},\"author\":{\"name\":\"bosniak\",\"@id\":\"https:\/\/sandzakpress.net\/arhiva\/#\/schema\/person\/c8baee722073534b583ea7bdb2e36c02\"},\"headline\":\"Tragedija za tragedijom: Za nekoliko sati u BiH uga\u0161eno pet mladih \u017eivota\",\"datePublished\":\"2015-08-26T08:08:58+00:00\",\"mainEntityOfPage\":{\"@id\":\"https:\/\/sandzakpress.net\/arhiva\/tragedija-za-tragedijom-za-nekoliko-sati-u-bih-ugaseno-pet-mladih-zivota\/\"},\"wordCount\":428,\"commentCount\":0,\"publisher\":{\"@id\":\"https:\/\/sandzakpress.net\/arhiva\/#\/schema\/person\/6e72b67d6e51910a1117b3b483ba20bd\"},\"image\":{\"@id\":\"https:\/\/sandzakpress.net\/arhiva\/tragedija-za-tragedijom-za-nekoliko-sati-u-bih-ugaseno-pet-mladih-zivota\/#primaryimage\"},\"thumbnailUrl\":\"https:\/\/sandzakpress.net\/arhiva\/wp-content\/uploads\/2015\/08\/slicica_policija1.jpg\",\"keywords\":[\"Bosna i Hercegovina\"],\"articleSection\":[\"Bosna PRESS\"],\"inLanguage\":\"bs-BA\",\"potentialAction\":[{\"@type\":\"CommentAction\",\"name\":\"Comment\",\"target\":[\"https:\/\/sandzakpress.net\/arhiva\/tragedija-za-tragedijom-za-nekoliko-sati-u-bih-ugaseno-pet-mladih-zivota\/#respond\"]}]},{\"@type\":\"WebPage\",\"@id\":\"https:\/\/sandzakpress.net\/arhiva\/tragedija-za-tragedijom-za-nekoliko-sati-u-bih-ugaseno-pet-mladih-zivota\/\",\"url\":\"https:\/\/sandzakpress.net\/arhiva\/tragedija-za-tragedijom-za-nekoliko-sati-u-bih-ugaseno-pet-mladih-zivota\/\",\"name\":\"Tragedija za tragedijom: Za nekoliko sati u BiH uga\u0161eno pet mladih \u017eivota\",\"isPartOf\":{\"@id\":\"https:\/\/sandzakpress.net\/arhiva\/#website\"},\"primaryImageOfPage\":{\"@id\":\"https:\/\/sandzakpress.net\/arhiva\/tragedija-za-tragedijom-za-nekoliko-sati-u-bih-ugaseno-pet-mladih-zivota\/#primaryimage\"},\"image\":{\"@id\":\"https:\/\/sandzakpress.net\/arhiva\/tragedija-za-tragedijom-za-nekoliko-sati-u-bih-ugaseno-pet-mladih-zivota\/#primaryimage\"},\"thumbnailUrl\":\"https:\/\/sandzakpress.net\/arhiva\/wp-content\/uploads\/2015\/08\/slicica_policija1.jpg\",\"datePublished\":\"2015-08-26T08:08:58+00:00\",\"breadcrumb\":{\"@id\":\"https:\/\/sandzakpress.net\/arhiva\/tragedija-za-tragedijom-za-nekoliko-sati-u-bih-ugaseno-pet-mladih-zivota\/#breadcrumb\"},\"inLanguage\":\"bs-BA\",\"potentialAction\":[{\"@type\":\"ReadAction\",\"target\":[\"https:\/\/sandzakpress.net\/arhiva\/tragedija-za-tragedijom-za-nekoliko-sati-u-bih-ugaseno-pet-mladih-zivota\/\"]}]},{\"@type\":\"ImageObject\",\"inLanguage\":\"bs-BA\",\"@id\":\"https:\/\/sandzakpress.net\/arhiva\/tragedija-za-tragedijom-za-nekoliko-sati-u-bih-ugaseno-pet-mladih-zivota\/#primaryimage\",\"url\":\"https:\/\/sandzakpress.net\/arhiva\/wp-content\/uploads\/2015\/08\/slicica_policija1.jpg\",\"contentUrl\":\"https:\/\/sandzakpress.net\/arhiva\/wp-content\/uploads\/2015\/08\/slicica_policija1.jpg\",\"width\":275,\"height\":183},{\"@type\":\"BreadcrumbList\",\"@id\":\"https:\/\/sandzakpress.net\/arhiva\/tragedija-za-tragedijom-za-nekoliko-sati-u-bih-ugaseno-pet-mladih-zivota\/#breadcrumb\",\"itemListElement\":[{\"@type\":\"ListItem\",\"position\":1,\"name\":\"Home\",\"item\":\"https:\/\/sandzakpress.net\/arhiva\/\"},{\"@type\":\"ListItem\",\"position\":2,\"name\":\"Tragedija za tragedijom: Za nekoliko sati u BiH uga\u0161eno pet mladih \u017eivota\"}]},{\"@type\":\"WebSite\",\"@id\":\"https:\/\/sandzakpress.net\/arhiva\/#website\",\"url\":\"https:\/\/sandzakpress.net\/arhiva\/\",\"name\":\"Sand\u017eak PRESS\",\"description\":\"Prve elektronske novine u Sand\u017eaku\",\"publisher\":{\"@id\":\"https:\/\/sandzakpress.net\/arhiva\/#\/schema\/person\/6e72b67d6e51910a1117b3b483ba20bd\"},\"potentialAction\":[{\"@type\":\"SearchAction\",\"target\":{\"@type\":\"EntryPoint\",\"urlTemplate\":\"https:\/\/sandzakpress.net\/arhiva\/?s={search_term_string}\"},\"query-input\":{\"@type\":\"PropertyValueSpecification\",\"valueRequired\":true,\"valueName\":\"search_term_string\"}}],\"inLanguage\":\"bs-BA\"},{\"@type\":[\"Person\",\"Organization\"],\"@id\":\"https:\/\/sandzakpress.net\/arhiva\/#\/schema\/person\/6e72b67d6e51910a1117b3b483ba20bd\",\"name\":\"Kul\",\"image\":{\"@type\":\"ImageObject\",\"inLanguage\":\"bs-BA\",\"@id\":\"https:\/\/sandzakpress.net\/arhiva\/#\/schema\/person\/image\/\",\"url\":\"https:\/\/secure.gravatar.com\/avatar\/42263f39aa27ac04c43cab85c280eb2e?s=96&d=mm&r=pg\",\"contentUrl\":\"https:\/\/secure.gravatar.com\/avatar\/42263f39aa27ac04c43cab85c280eb2e?s=96&d=mm&r=pg\",\"caption\":\"Kul\"},\"logo\":{\"@id\":\"https:\/\/sandzakpress.net\/arhiva\/#\/schema\/person\/image\/\"}},{\"@type\":\"Person\",\"@id\":\"https:\/\/sandzakpress.net\/arhiva\/#\/schema\/person\/c8baee722073534b583ea7bdb2e36c02\",\"name\":\"bosniak\",\"image\":{\"@type\":\"ImageObject\",\"inLanguage\":\"bs-BA\",\"@id\":\"https:\/\/sandzakpress.net\/arhiva\/#\/schema\/person\/image\/\",\"url\":\"https:\/\/secure.gravatar.com\/avatar\/a04fd330bfe3a36a72a0ad4a6d89fca7?s=96&d=mm&r=pg\",\"contentUrl\":\"https:\/\/secure.gravatar.com\/avatar\/a04fd330bfe3a36a72a0ad4a6d89fca7?s=96&d=mm&r=pg\",\"caption\":\"bosniak\"},\"url\":\"https:\/\/sandzakpress.net\/arhiva\/author\/bosniak\/\"}]}<\/script>\n<!-- \/ Yoast SEO Premium plugin. -->","yoast_head_json":{"title":"Tragedija za tragedijom: Za nekoliko sati u BiH uga\u0161eno pet mladih \u017eivota","robots":{"index":"index","follow":"follow","max-snippet":"max-snippet:-1","max-image-preview":"max-image-preview:large","max-video-preview":"max-video-preview:-1"},"canonical":"https:\/\/sandzakpress.net\/arhiva\/tragedija-za-tragedijom-za-nekoliko-sati-u-bih-ugaseno-pet-mladih-zivota\/","og_locale":"bs_BA","og_type":"article","og_title":"Tragedija za tragedijom: Za nekoliko sati u BiH uga\u0161eno pet mladih \u017eivota","og_description":"BiH \u2013 Pet uglavnom mladih osoba je poginulo, a nekoliko je povrije\u0111eno u stravi\u010dnim udesima koji su se desili u ponedjeljak u razmaku od nekoliko sati. Crna serija zapo\u010deta je oko 14 sati, kada je u sudaru s automobilom u mjestu Zaton Doli, na Jadranskoj magistrali, poginuo slova\u010dki dr\u017eavljanin \u010diji identitet nije saop\u0161ten iz policije. [&hellip;]","og_url":"https:\/\/sandzakpress.net\/arhiva\/tragedija-za-tragedijom-za-nekoliko-sati-u-bih-ugaseno-pet-mladih-zivota\/","og_site_name":"Sand\u017eak PRESS","article_published_time":"2015-08-26T08:08:58+00:00","og_image":[{"width":275,"height":183,"url":"https:\/\/sandzakpress.net\/arhiva\/wp-content\/uploads\/2015\/08\/slicica_policija1.jpg","type":"image\/jpeg"}],"author":"bosniak","twitter_card":"summary_large_image","twitter_misc":{"Written by":"bosniak","Est. reading time":"2 minute"},"schema":{"@context":"https:\/\/schema.org","@graph":[{"@type":"Article","@id":"https:\/\/sandzakpress.net\/arhiva\/tragedija-za-tragedijom-za-nekoliko-sati-u-bih-ugaseno-pet-mladih-zivota\/#article","isPartOf":{"@id":"https:\/\/sandzakpress.net\/arhiva\/tragedija-za-tragedijom-za-nekoliko-sati-u-bih-ugaseno-pet-mladih-zivota\/"},"author":{"name":"bosniak","@id":"https:\/\/sandzakpress.net\/arhiva\/#\/schema\/person\/c8baee722073534b583ea7bdb2e36c02"},"headline":"Tragedija za tragedijom: Za nekoliko sati u BiH uga\u0161eno pet mladih \u017eivota","datePublished":"2015-08-26T08:08:58+00:00","mainEntityOfPage":{"@id":"https:\/\/sandzakpress.net\/arhiva\/tragedija-za-tragedijom-za-nekoliko-sati-u-bih-ugaseno-pet-mladih-zivota\/"},"wordCount":428,"commentCount":0,"publisher":{"@id":"https:\/\/sandzakpress.net\/arhiva\/#\/schema\/person\/6e72b67d6e51910a1117b3b483ba20bd"},"image":{"@id":"https:\/\/sandzakpress.net\/arhiva\/tragedija-za-tragedijom-za-nekoliko-sati-u-bih-ugaseno-pet-mladih-zivota\/#primaryimage"},"thumbnailUrl":"https:\/\/sandzakpress.net\/arhiva\/wp-content\/uploads\/2015\/08\/slicica_policija1.jpg","keywords":["Bosna i Hercegovina"],"articleSection":["Bosna PRESS"],"inLanguage":"bs-BA","potentialAction":[{"@type":"CommentAction","name":"Comment","target":["https:\/\/sandzakpress.net\/arhiva\/tragedija-za-tragedijom-za-nekoliko-sati-u-bih-ugaseno-pet-mladih-zivota\/#respond"]}]},{"@type":"WebPage","@id":"https:\/\/sandzakpress.net\/arhiva\/tragedija-za-tragedijom-za-nekoliko-sati-u-bih-ugaseno-pet-mladih-zivota\/","url":"https:\/\/sandzakpress.net\/arhiva\/tragedija-za-tragedijom-za-nekoliko-sati-u-bih-ugaseno-pet-mladih-zivota\/","name":"Tragedija za tragedijom: Za nekoliko sati u BiH uga\u0161eno pet mladih \u017eivota","isPartOf":{"@id":"https:\/\/sandzakpress.net\/arhiva\/#website"},"primaryImageOfPage":{"@id":"https:\/\/sandzakpress.net\/arhiva\/tragedija-za-tragedijom-za-nekoliko-sati-u-bih-ugaseno-pet-mladih-zivota\/#primaryimage"},"image":{"@id":"https:\/\/sandzakpress.net\/arhiva\/tragedija-za-tragedijom-za-nekoliko-sati-u-bih-ugaseno-pet-mladih-zivota\/#primaryimage"},"thumbnailUrl":"https:\/\/sandzakpress.net\/arhiva\/wp-content\/uploads\/2015\/08\/slicica_policija1.jpg","datePublished":"2015-08-26T08:08:58+00:00","breadcrumb":{"@id":"https:\/\/sandzakpress.net\/arhiva\/tragedija-za-tragedijom-za-nekoliko-sati-u-bih-ugaseno-pet-mladih-zivota\/#breadcrumb"},"inLanguage":"bs-BA","potentialAction":[{"@type":"ReadAction","target":["https:\/\/sandzakpress.net\/arhiva\/tragedija-za-tragedijom-za-nekoliko-sati-u-bih-ugaseno-pet-mladih-zivota\/"]}]},{"@type":"ImageObject","inLanguage":"bs-BA","@id":"https:\/\/sandzakpress.net\/arhiva\/tragedija-za-tragedijom-za-nekoliko-sati-u-bih-ugaseno-pet-mladih-zivota\/#primaryimage","url":"https:\/\/sandzakpress.net\/arhiva\/wp-content\/uploads\/2015\/08\/slicica_policija1.jpg","contentUrl":"https:\/\/sandzakpress.net\/arhiva\/wp-content\/uploads\/2015\/08\/slicica_policija1.jpg","width":275,"height":183},{"@type":"BreadcrumbList","@id":"https:\/\/sandzakpress.net\/arhiva\/tragedija-za-tragedijom-za-nekoliko-sati-u-bih-ugaseno-pet-mladih-zivota\/#breadcrumb","itemListElement":[{"@type":"ListItem","position":1,"name":"Home","item":"https:\/\/sandzakpress.net\/arhiva\/"},{"@type":"ListItem","position":2,"name":"Tragedija za tragedijom: Za nekoliko sati u BiH uga\u0161eno pet mladih \u017eivota"}]},{"@type":"WebSite","@id":"https:\/\/sandzakpress.net\/arhiva\/#website","url":"https:\/\/sandzakpress.net\/arhiva\/","name":"Sand\u017eak PRESS","description":"Prve elektronske novine u Sand\u017eaku","publisher":{"@id":"https:\/\/sandzakpress.net\/arhiva\/#\/schema\/person\/6e72b67d6e51910a1117b3b483ba20bd"},"potentialAction":[{"@type":"SearchAction","target":{"@type":"EntryPoint","urlTemplate":"https:\/\/sandzakpress.net\/arhiva\/?s={search_term_string}"},"query-input":{"@type":"PropertyValueSpecification","valueRequired":true,"valueName":"search_term_string"}}],"inLanguage":"bs-BA"},{"@type":["Person","Organization"],"@id":"https:\/\/sandzakpress.net\/arhiva\/#\/schema\/person\/6e72b67d6e51910a1117b3b483ba20bd","name":"Kul","image":{"@type":"ImageObject","inLanguage":"bs-BA","@id":"https:\/\/sandzakpress.net\/arhiva\/#\/schema\/person\/image\/","url":"https:\/\/secure.gravatar.com\/avatar\/42263f39aa27ac04c43cab85c280eb2e?s=96&d=mm&r=pg","contentUrl":"https:\/\/secure.gravatar.com\/avatar\/42263f39aa27ac04c43cab85c280eb2e?s=96&d=mm&r=pg","caption":"Kul"},"logo":{"@id":"https:\/\/sandzakpress.net\/arhiva\/#\/schema\/person\/image\/"}},{"@type":"Person","@id":"https:\/\/sandzakpress.net\/arhiva\/#\/schema\/person\/c8baee722073534b583ea7bdb2e36c02","name":"bosniak","image":{"@type":"ImageObject","inLanguage":"bs-BA","@id":"https:\/\/sandzakpress.net\/arhiva\/#\/schema\/person\/image\/","url":"https:\/\/secure.gravatar.com\/avatar\/a04fd330bfe3a36a72a0ad4a6d89fca7?s=96&d=mm&r=pg","contentUrl":"https:\/\/secure.gravatar.com\/avatar\/a04fd330bfe3a36a72a0ad4a6d89fca7?s=96&d=mm&r=pg","caption":"bosniak"},"url":"https:\/\/sandzakpress.net\/arhiva\/author\/bosniak\/"}]}},"_links":{"self":[{"href":"https:\/\/sandzakpress.net\/arhiva\/wp-json\/wp\/v2\/posts\/134701"}],"collection":[{"href":"https:\/\/sandzakpress.net\/arhiva\/wp-json\/wp\/v2\/posts"}],"about":[{"href":"https:\/\/sandzakpress.net\/arhiva\/wp-json\/wp\/v2\/types\/post"}],"author":[{"embeddable":true,"href":"https:\/\/sandzakpress.net\/arhiva\/wp-json\/wp\/v2\/users\/83"}],"replies":[{"embeddable":true,"href":"https:\/\/sandzakpress.net\/arhiva\/wp-json\/wp\/v2\/comments?post=134701"}],"version-history":[{"count":0,"href":"https:\/\/sandzakpress.net\/arhiva\/wp-json\/wp\/v2\/posts\/134701\/revisions"}],"wp:featuredmedia":[{"embeddable":true,"href":"https:\/\/sandzakpress.net\/arhiva\/wp-json\/wp\/v2\/media\/134703"}],"wp:attachment":[{"href":"https:\/\/sandzakpress.net\/arhiva\/wp-json\/wp\/v2\/media?parent=134701"}],"wp:term":[{"taxonomy":"category","embeddable":true,"href":"https:\/\/sandzakpress.net\/arhiva\/wp-json\/wp\/v2\/categories?post=134701"},{"taxonomy":"post_tag","embeddable":true,"href":"https:\/\/sandzakpress.net\/arhiva\/wp-json\/wp\/v2\/tags?post=134701"}],"curies":[{"name":"wp","href":"https:\/\/api.w.org\/{rel}","templated":true}]}}