{"id":134657,"date":"2015-08-25T13:46:21","date_gmt":"2015-08-25T11:46:21","guid":{"rendered":"https:\/\/sandzakpress.net\/arhiva\/idemo-po-medalju-ovo-su-protivnici-amela-tuke-u-finalu"},"modified":"2015-08-25T13:46:21","modified_gmt":"2015-08-25T11:46:21","slug":"idemo-po-medalju-ovo-su-protivnici-amela-tuke-u-finalu","status":"publish","type":"post","link":"https:\/\/sandzakpress.net\/arhiva\/idemo-po-medalju-ovo-su-protivnici-amela-tuke-u-finalu\/","title":{"rendered":"Idemo po medalju \u2013 Ovo su protivnici Amela Tuke u finalu!"},"content":{"rendered":"<p><img decoding=\"async\" src=\"http:\/\/www.avaz.ba\/storage\/2015\/08\/24\/thumbs\/55dae577-d07c-44f7-b75d-58150a0a0a64-tuka-718x446.jpg\" alt=\"IDEMO PO MEDALJU Ovo su protivnici Amela Tuke u finalu!\" \/><\/p>\n<p><strong>BiH \u2013 Bosanskohercegova\u010dki atleti\u010dar Amel Tuka danas \u0107e od 14.55 sati, kada po\u010dinje trka na 800 metara Svjetskog prvenstva u Kini, krenuti put do medalje. Iako ga bh. javnost ve\u0107 progla\u0161ava osvaja\u010dem zlatne medalje, do tog cilja Tuka ne\u0107e sti\u0107i lako.<\/strong><\/p>\n<p>Naime, prvi favorit trke bit \u0107e svjetski rekorder Kenijac David Rudisha koji ove sezone nije u najboljoj formi i ima vrlo lo\u0161e rezultate. S druge strane, na\u0161 Kakanjac vlasnik je najboljeg vremena sezone, ali treba uzeti u obzir neiskustvo takmi\u010denja na velikoj sceni.<\/p>\n<p>Ina\u010de, Rudisha je legenda ove discipline, osoba koja dr\u017ei \u0161est od 10 najbr\u017eih rezultata na 800 metara svih vremena, ali i osoba koja je imala dosta problema s povredama. Najbolji rezultat Rudishe, ujedno i svjetski rekord, iznosi 1:40,91.<\/p>\n<p>Pored spomenutog Rudishe, protivnici Tuke u najva\u017enijoj trci sezone su Ferguson Cheruiyot Rotich (Kenija), Adam Kszczot (Poljska), Alfred Kipketer (Kenija), Pierre-Ambroise Bosse (Francuska), Nader Belhanbel (Maroko), Musaeb Abdulrahman Balla (Katar).<\/p>\n<ul>\n<li>Iako prvobitno nije ostvario plasman u finale, 21-godi\u0161nji Nader Belhanbel na\u0161ao se me\u0111u osam najboljih srednjopruga\u0161a svijeta zahvaljuju\u0107i diskvalifikaciji aktuelnog svjetskog prvaka, Mohammeda Amana. Kladionice mu daju najmanje \u0161anse.<\/li>\n<li>Plasman u finale ovogodi\u0161njeg Svjetskog prvenstva je za Musaeb Abdulrahman Ballazasad najve\u0107i uspjeh u karijeri.Najbolji li\u010dni rezultat mu je 1:43,82<\/li>\n<li>Kao i Belhanbelu i Balli, Alfredu Kipketeru je ovo prvi put da se na\u0161ao u finalu Svjetskog prvenstva. Radi se o perspektivnom srednjopruga\u0161u pred kojim je velika karijera.<\/li>\n<li>Pierre-Ambroise Bosse je jedan od uzdanica Evrope za osvajanje medalje. Sa svojih 1:42,53 itekako obe\u0107ava.<\/li>\n<li>Adam Kszczot je 25-godi\u0161nji Poljak koji ve\u0107 ima du\u017eu seriju dobrih rezultata iza sebe.Najbolji rezultat mu je 1:43,30.<\/li>\n<li>Ferguson Cheruiyot Rotich je trenutno \u0161esti srednjopruga\u0161 i 87. atleti\u010dar svijeta u ukupnom poretku. Daju mu najve\u0107u \u0161ansu za bronzanu medalju.<\/li>\n<\/ul>\n<p>Na velikim atletskim takmi\u010denjima nikada nismo bili bli\u017ee medalji. Prema tome, sretno Amele!<\/p>\n<p>(Avaz)<\/p>\n<p>Pogledajte vijest na izvornom sajtu:<\/p>\n<p><a href=\"http:\/\/bosnapress.net\/idemo-po-medalju-ovo-su-protivnici-amela-tuke-u-finalu\/\" target=\"_blank\">Idemo po medalju \u2013 Ovo su protivnici Amela Tuke u finalu!<\/a><\/p>\n","protected":false},"excerpt":{"rendered":"<p>BiH \u2013 Bosanskohercegova\u010dki atleti\u010dar Amel Tuka danas \u0107e od 14.55 sati, kada po\u010dinje trka na 800 metara Svjetskog prvenstva u Kini, krenuti put do medalje. Iako ga bh. javnost ve\u0107 progla\u0161ava osvaja\u010dem zlatne medalje, do tog cilja Tuka ne\u0107e sti\u0107i lako. Naime, prvi favorit trke bit \u0107e svjetski rekorder Kenijac David Rudisha koji ove sezone [&hellip;]<\/p>\n","protected":false},"author":83,"featured_media":134659,"comment_status":"open","ping_status":"open","sticky":false,"template":"","format":"standard","meta":{"footnotes":""},"categories":[10513],"tags":[10466],"class_list":{"0":"post-134657","1":"post","2":"type-post","3":"status-publish","4":"format-standard","5":"has-post-thumbnail","7":"category-bosna-press","8":"tag-bosna-i-hercegovina"},"yoast_head":"<!-- This site is optimized with the Yoast SEO Premium plugin v23.1 (Yoast SEO v24.9) - https:\/\/yoast.com\/wordpress\/plugins\/seo\/ -->\n<title>Idemo po medalju \u2013 Ovo su protivnici Amela Tuke u finalu!<\/title>\n<meta name=\"robots\" content=\"index, follow, max-snippet:-1, max-image-preview:large, max-video-preview:-1\" \/>\n<link rel=\"canonical\" href=\"https:\/\/sandzakpress.net\/arhiva\/idemo-po-medalju-ovo-su-protivnici-amela-tuke-u-finalu\/\" \/>\n<meta property=\"og:locale\" content=\"bs_BA\" \/>\n<meta property=\"og:type\" content=\"article\" \/>\n<meta property=\"og:title\" content=\"Idemo po medalju \u2013 Ovo su protivnici Amela Tuke u finalu!\" \/>\n<meta property=\"og:description\" content=\"BiH \u2013 Bosanskohercegova\u010dki atleti\u010dar Amel Tuka danas \u0107e od 14.55 sati, kada po\u010dinje trka na 800 metara Svjetskog prvenstva u Kini, krenuti put do medalje. Iako ga bh. javnost ve\u0107 progla\u0161ava osvaja\u010dem zlatne medalje, do tog cilja Tuka ne\u0107e sti\u0107i lako. Naime, prvi favorit trke bit \u0107e svjetski rekorder Kenijac David Rudisha koji ove sezone [&hellip;]\" \/>\n<meta property=\"og:url\" content=\"https:\/\/sandzakpress.net\/arhiva\/idemo-po-medalju-ovo-su-protivnici-amela-tuke-u-finalu\/\" \/>\n<meta property=\"og:site_name\" content=\"Sand\u017eak PRESS\" \/>\n<meta property=\"article:published_time\" content=\"2015-08-25T11:46:21+00:00\" \/>\n<meta property=\"og:image\" content=\"https:\/\/sandzakpress.net\/arhiva\/wp-content\/uploads\/2015\/08\/55dae577-d07c-44f7-b75d-58150a0a0a64-tuka-718x4463.jpg\" \/>\n\t<meta property=\"og:image:width\" content=\"718\" \/>\n\t<meta property=\"og:image:height\" content=\"446\" \/>\n\t<meta property=\"og:image:type\" content=\"image\/jpeg\" \/>\n<meta name=\"author\" content=\"bosniak\" \/>\n<meta name=\"twitter:card\" content=\"summary_large_image\" \/>\n<meta name=\"twitter:label1\" content=\"Written by\" \/>\n\t<meta name=\"twitter:data1\" content=\"bosniak\" \/>\n\t<meta name=\"twitter:label2\" content=\"Est. reading time\" \/>\n\t<meta name=\"twitter:data2\" content=\"2 minute\" \/>\n<script type=\"application\/ld+json\" class=\"yoast-schema-graph\">{\"@context\":\"https:\/\/schema.org\",\"@graph\":[{\"@type\":\"Article\",\"@id\":\"https:\/\/sandzakpress.net\/arhiva\/idemo-po-medalju-ovo-su-protivnici-amela-tuke-u-finalu\/#article\",\"isPartOf\":{\"@id\":\"https:\/\/sandzakpress.net\/arhiva\/idemo-po-medalju-ovo-su-protivnici-amela-tuke-u-finalu\/\"},\"author\":{\"name\":\"bosniak\",\"@id\":\"https:\/\/sandzakpress.net\/arhiva\/#\/schema\/person\/c8baee722073534b583ea7bdb2e36c02\"},\"headline\":\"Idemo po medalju \u2013 Ovo su protivnici Amela Tuke u finalu!\",\"datePublished\":\"2015-08-25T11:46:21+00:00\",\"mainEntityOfPage\":{\"@id\":\"https:\/\/sandzakpress.net\/arhiva\/idemo-po-medalju-ovo-su-protivnici-amela-tuke-u-finalu\/\"},\"wordCount\":344,\"commentCount\":3,\"publisher\":{\"@id\":\"https:\/\/sandzakpress.net\/arhiva\/#\/schema\/person\/6e72b67d6e51910a1117b3b483ba20bd\"},\"image\":{\"@id\":\"https:\/\/sandzakpress.net\/arhiva\/idemo-po-medalju-ovo-su-protivnici-amela-tuke-u-finalu\/#primaryimage\"},\"thumbnailUrl\":\"https:\/\/sandzakpress.net\/arhiva\/wp-content\/uploads\/2015\/08\/55dae577-d07c-44f7-b75d-58150a0a0a64-tuka-718x4463.jpg\",\"keywords\":[\"Bosna i Hercegovina\"],\"articleSection\":[\"Bosna PRESS\"],\"inLanguage\":\"bs-BA\",\"potentialAction\":[{\"@type\":\"CommentAction\",\"name\":\"Comment\",\"target\":[\"https:\/\/sandzakpress.net\/arhiva\/idemo-po-medalju-ovo-su-protivnici-amela-tuke-u-finalu\/#respond\"]}]},{\"@type\":\"WebPage\",\"@id\":\"https:\/\/sandzakpress.net\/arhiva\/idemo-po-medalju-ovo-su-protivnici-amela-tuke-u-finalu\/\",\"url\":\"https:\/\/sandzakpress.net\/arhiva\/idemo-po-medalju-ovo-su-protivnici-amela-tuke-u-finalu\/\",\"name\":\"Idemo po medalju \u2013 Ovo su protivnici Amela Tuke u finalu!\",\"isPartOf\":{\"@id\":\"https:\/\/sandzakpress.net\/arhiva\/#website\"},\"primaryImageOfPage\":{\"@id\":\"https:\/\/sandzakpress.net\/arhiva\/idemo-po-medalju-ovo-su-protivnici-amela-tuke-u-finalu\/#primaryimage\"},\"image\":{\"@id\":\"https:\/\/sandzakpress.net\/arhiva\/idemo-po-medalju-ovo-su-protivnici-amela-tuke-u-finalu\/#primaryimage\"},\"thumbnailUrl\":\"https:\/\/sandzakpress.net\/arhiva\/wp-content\/uploads\/2015\/08\/55dae577-d07c-44f7-b75d-58150a0a0a64-tuka-718x4463.jpg\",\"datePublished\":\"2015-08-25T11:46:21+00:00\",\"breadcrumb\":{\"@id\":\"https:\/\/sandzakpress.net\/arhiva\/idemo-po-medalju-ovo-su-protivnici-amela-tuke-u-finalu\/#breadcrumb\"},\"inLanguage\":\"bs-BA\",\"potentialAction\":[{\"@type\":\"ReadAction\",\"target\":[\"https:\/\/sandzakpress.net\/arhiva\/idemo-po-medalju-ovo-su-protivnici-amela-tuke-u-finalu\/\"]}]},{\"@type\":\"ImageObject\",\"inLanguage\":\"bs-BA\",\"@id\":\"https:\/\/sandzakpress.net\/arhiva\/idemo-po-medalju-ovo-su-protivnici-amela-tuke-u-finalu\/#primaryimage\",\"url\":\"https:\/\/sandzakpress.net\/arhiva\/wp-content\/uploads\/2015\/08\/55dae577-d07c-44f7-b75d-58150a0a0a64-tuka-718x4463.jpg\",\"contentUrl\":\"https:\/\/sandzakpress.net\/arhiva\/wp-content\/uploads\/2015\/08\/55dae577-d07c-44f7-b75d-58150a0a0a64-tuka-718x4463.jpg\",\"width\":718,\"height\":446},{\"@type\":\"BreadcrumbList\",\"@id\":\"https:\/\/sandzakpress.net\/arhiva\/idemo-po-medalju-ovo-su-protivnici-amela-tuke-u-finalu\/#breadcrumb\",\"itemListElement\":[{\"@type\":\"ListItem\",\"position\":1,\"name\":\"Home\",\"item\":\"https:\/\/sandzakpress.net\/arhiva\/\"},{\"@type\":\"ListItem\",\"position\":2,\"name\":\"Idemo po medalju \u2013 Ovo su protivnici Amela Tuke u finalu!\"}]},{\"@type\":\"WebSite\",\"@id\":\"https:\/\/sandzakpress.net\/arhiva\/#website\",\"url\":\"https:\/\/sandzakpress.net\/arhiva\/\",\"name\":\"Sand\u017eak PRESS\",\"description\":\"Prve elektronske novine u Sand\u017eaku\",\"publisher\":{\"@id\":\"https:\/\/sandzakpress.net\/arhiva\/#\/schema\/person\/6e72b67d6e51910a1117b3b483ba20bd\"},\"potentialAction\":[{\"@type\":\"SearchAction\",\"target\":{\"@type\":\"EntryPoint\",\"urlTemplate\":\"https:\/\/sandzakpress.net\/arhiva\/?s={search_term_string}\"},\"query-input\":{\"@type\":\"PropertyValueSpecification\",\"valueRequired\":true,\"valueName\":\"search_term_string\"}}],\"inLanguage\":\"bs-BA\"},{\"@type\":[\"Person\",\"Organization\"],\"@id\":\"https:\/\/sandzakpress.net\/arhiva\/#\/schema\/person\/6e72b67d6e51910a1117b3b483ba20bd\",\"name\":\"Kul\",\"image\":{\"@type\":\"ImageObject\",\"inLanguage\":\"bs-BA\",\"@id\":\"https:\/\/sandzakpress.net\/arhiva\/#\/schema\/person\/image\/\",\"url\":\"https:\/\/secure.gravatar.com\/avatar\/42263f39aa27ac04c43cab85c280eb2e?s=96&d=mm&r=pg\",\"contentUrl\":\"https:\/\/secure.gravatar.com\/avatar\/42263f39aa27ac04c43cab85c280eb2e?s=96&d=mm&r=pg\",\"caption\":\"Kul\"},\"logo\":{\"@id\":\"https:\/\/sandzakpress.net\/arhiva\/#\/schema\/person\/image\/\"}},{\"@type\":\"Person\",\"@id\":\"https:\/\/sandzakpress.net\/arhiva\/#\/schema\/person\/c8baee722073534b583ea7bdb2e36c02\",\"name\":\"bosniak\",\"image\":{\"@type\":\"ImageObject\",\"inLanguage\":\"bs-BA\",\"@id\":\"https:\/\/sandzakpress.net\/arhiva\/#\/schema\/person\/image\/\",\"url\":\"https:\/\/secure.gravatar.com\/avatar\/a04fd330bfe3a36a72a0ad4a6d89fca7?s=96&d=mm&r=pg\",\"contentUrl\":\"https:\/\/secure.gravatar.com\/avatar\/a04fd330bfe3a36a72a0ad4a6d89fca7?s=96&d=mm&r=pg\",\"caption\":\"bosniak\"},\"url\":\"https:\/\/sandzakpress.net\/arhiva\/author\/bosniak\/\"}]}<\/script>\n<!-- \/ Yoast SEO Premium plugin. -->","yoast_head_json":{"title":"Idemo po medalju \u2013 Ovo su protivnici Amela Tuke u finalu!","robots":{"index":"index","follow":"follow","max-snippet":"max-snippet:-1","max-image-preview":"max-image-preview:large","max-video-preview":"max-video-preview:-1"},"canonical":"https:\/\/sandzakpress.net\/arhiva\/idemo-po-medalju-ovo-su-protivnici-amela-tuke-u-finalu\/","og_locale":"bs_BA","og_type":"article","og_title":"Idemo po medalju \u2013 Ovo su protivnici Amela Tuke u finalu!","og_description":"BiH \u2013 Bosanskohercegova\u010dki atleti\u010dar Amel Tuka danas \u0107e od 14.55 sati, kada po\u010dinje trka na 800 metara Svjetskog prvenstva u Kini, krenuti put do medalje. Iako ga bh. javnost ve\u0107 progla\u0161ava osvaja\u010dem zlatne medalje, do tog cilja Tuka ne\u0107e sti\u0107i lako. Naime, prvi favorit trke bit \u0107e svjetski rekorder Kenijac David Rudisha koji ove sezone [&hellip;]","og_url":"https:\/\/sandzakpress.net\/arhiva\/idemo-po-medalju-ovo-su-protivnici-amela-tuke-u-finalu\/","og_site_name":"Sand\u017eak PRESS","article_published_time":"2015-08-25T11:46:21+00:00","og_image":[{"width":718,"height":446,"url":"https:\/\/sandzakpress.net\/arhiva\/wp-content\/uploads\/2015\/08\/55dae577-d07c-44f7-b75d-58150a0a0a64-tuka-718x4463.jpg","type":"image\/jpeg"}],"author":"bosniak","twitter_card":"summary_large_image","twitter_misc":{"Written by":"bosniak","Est. reading time":"2 minute"},"schema":{"@context":"https:\/\/schema.org","@graph":[{"@type":"Article","@id":"https:\/\/sandzakpress.net\/arhiva\/idemo-po-medalju-ovo-su-protivnici-amela-tuke-u-finalu\/#article","isPartOf":{"@id":"https:\/\/sandzakpress.net\/arhiva\/idemo-po-medalju-ovo-su-protivnici-amela-tuke-u-finalu\/"},"author":{"name":"bosniak","@id":"https:\/\/sandzakpress.net\/arhiva\/#\/schema\/person\/c8baee722073534b583ea7bdb2e36c02"},"headline":"Idemo po medalju \u2013 Ovo su protivnici Amela Tuke u finalu!","datePublished":"2015-08-25T11:46:21+00:00","mainEntityOfPage":{"@id":"https:\/\/sandzakpress.net\/arhiva\/idemo-po-medalju-ovo-su-protivnici-amela-tuke-u-finalu\/"},"wordCount":344,"commentCount":3,"publisher":{"@id":"https:\/\/sandzakpress.net\/arhiva\/#\/schema\/person\/6e72b67d6e51910a1117b3b483ba20bd"},"image":{"@id":"https:\/\/sandzakpress.net\/arhiva\/idemo-po-medalju-ovo-su-protivnici-amela-tuke-u-finalu\/#primaryimage"},"thumbnailUrl":"https:\/\/sandzakpress.net\/arhiva\/wp-content\/uploads\/2015\/08\/55dae577-d07c-44f7-b75d-58150a0a0a64-tuka-718x4463.jpg","keywords":["Bosna i Hercegovina"],"articleSection":["Bosna PRESS"],"inLanguage":"bs-BA","potentialAction":[{"@type":"CommentAction","name":"Comment","target":["https:\/\/sandzakpress.net\/arhiva\/idemo-po-medalju-ovo-su-protivnici-amela-tuke-u-finalu\/#respond"]}]},{"@type":"WebPage","@id":"https:\/\/sandzakpress.net\/arhiva\/idemo-po-medalju-ovo-su-protivnici-amela-tuke-u-finalu\/","url":"https:\/\/sandzakpress.net\/arhiva\/idemo-po-medalju-ovo-su-protivnici-amela-tuke-u-finalu\/","name":"Idemo po medalju \u2013 Ovo su protivnici Amela Tuke u finalu!","isPartOf":{"@id":"https:\/\/sandzakpress.net\/arhiva\/#website"},"primaryImageOfPage":{"@id":"https:\/\/sandzakpress.net\/arhiva\/idemo-po-medalju-ovo-su-protivnici-amela-tuke-u-finalu\/#primaryimage"},"image":{"@id":"https:\/\/sandzakpress.net\/arhiva\/idemo-po-medalju-ovo-su-protivnici-amela-tuke-u-finalu\/#primaryimage"},"thumbnailUrl":"https:\/\/sandzakpress.net\/arhiva\/wp-content\/uploads\/2015\/08\/55dae577-d07c-44f7-b75d-58150a0a0a64-tuka-718x4463.jpg","datePublished":"2015-08-25T11:46:21+00:00","breadcrumb":{"@id":"https:\/\/sandzakpress.net\/arhiva\/idemo-po-medalju-ovo-su-protivnici-amela-tuke-u-finalu\/#breadcrumb"},"inLanguage":"bs-BA","potentialAction":[{"@type":"ReadAction","target":["https:\/\/sandzakpress.net\/arhiva\/idemo-po-medalju-ovo-su-protivnici-amela-tuke-u-finalu\/"]}]},{"@type":"ImageObject","inLanguage":"bs-BA","@id":"https:\/\/sandzakpress.net\/arhiva\/idemo-po-medalju-ovo-su-protivnici-amela-tuke-u-finalu\/#primaryimage","url":"https:\/\/sandzakpress.net\/arhiva\/wp-content\/uploads\/2015\/08\/55dae577-d07c-44f7-b75d-58150a0a0a64-tuka-718x4463.jpg","contentUrl":"https:\/\/sandzakpress.net\/arhiva\/wp-content\/uploads\/2015\/08\/55dae577-d07c-44f7-b75d-58150a0a0a64-tuka-718x4463.jpg","width":718,"height":446},{"@type":"BreadcrumbList","@id":"https:\/\/sandzakpress.net\/arhiva\/idemo-po-medalju-ovo-su-protivnici-amela-tuke-u-finalu\/#breadcrumb","itemListElement":[{"@type":"ListItem","position":1,"name":"Home","item":"https:\/\/sandzakpress.net\/arhiva\/"},{"@type":"ListItem","position":2,"name":"Idemo po medalju \u2013 Ovo su protivnici Amela Tuke u finalu!"}]},{"@type":"WebSite","@id":"https:\/\/sandzakpress.net\/arhiva\/#website","url":"https:\/\/sandzakpress.net\/arhiva\/","name":"Sand\u017eak PRESS","description":"Prve elektronske novine u Sand\u017eaku","publisher":{"@id":"https:\/\/sandzakpress.net\/arhiva\/#\/schema\/person\/6e72b67d6e51910a1117b3b483ba20bd"},"potentialAction":[{"@type":"SearchAction","target":{"@type":"EntryPoint","urlTemplate":"https:\/\/sandzakpress.net\/arhiva\/?s={search_term_string}"},"query-input":{"@type":"PropertyValueSpecification","valueRequired":true,"valueName":"search_term_string"}}],"inLanguage":"bs-BA"},{"@type":["Person","Organization"],"@id":"https:\/\/sandzakpress.net\/arhiva\/#\/schema\/person\/6e72b67d6e51910a1117b3b483ba20bd","name":"Kul","image":{"@type":"ImageObject","inLanguage":"bs-BA","@id":"https:\/\/sandzakpress.net\/arhiva\/#\/schema\/person\/image\/","url":"https:\/\/secure.gravatar.com\/avatar\/42263f39aa27ac04c43cab85c280eb2e?s=96&d=mm&r=pg","contentUrl":"https:\/\/secure.gravatar.com\/avatar\/42263f39aa27ac04c43cab85c280eb2e?s=96&d=mm&r=pg","caption":"Kul"},"logo":{"@id":"https:\/\/sandzakpress.net\/arhiva\/#\/schema\/person\/image\/"}},{"@type":"Person","@id":"https:\/\/sandzakpress.net\/arhiva\/#\/schema\/person\/c8baee722073534b583ea7bdb2e36c02","name":"bosniak","image":{"@type":"ImageObject","inLanguage":"bs-BA","@id":"https:\/\/sandzakpress.net\/arhiva\/#\/schema\/person\/image\/","url":"https:\/\/secure.gravatar.com\/avatar\/a04fd330bfe3a36a72a0ad4a6d89fca7?s=96&d=mm&r=pg","contentUrl":"https:\/\/secure.gravatar.com\/avatar\/a04fd330bfe3a36a72a0ad4a6d89fca7?s=96&d=mm&r=pg","caption":"bosniak"},"url":"https:\/\/sandzakpress.net\/arhiva\/author\/bosniak\/"}]}},"_links":{"self":[{"href":"https:\/\/sandzakpress.net\/arhiva\/wp-json\/wp\/v2\/posts\/134657"}],"collection":[{"href":"https:\/\/sandzakpress.net\/arhiva\/wp-json\/wp\/v2\/posts"}],"about":[{"href":"https:\/\/sandzakpress.net\/arhiva\/wp-json\/wp\/v2\/types\/post"}],"author":[{"embeddable":true,"href":"https:\/\/sandzakpress.net\/arhiva\/wp-json\/wp\/v2\/users\/83"}],"replies":[{"embeddable":true,"href":"https:\/\/sandzakpress.net\/arhiva\/wp-json\/wp\/v2\/comments?post=134657"}],"version-history":[{"count":0,"href":"https:\/\/sandzakpress.net\/arhiva\/wp-json\/wp\/v2\/posts\/134657\/revisions"}],"wp:featuredmedia":[{"embeddable":true,"href":"https:\/\/sandzakpress.net\/arhiva\/wp-json\/wp\/v2\/media\/134659"}],"wp:attachment":[{"href":"https:\/\/sandzakpress.net\/arhiva\/wp-json\/wp\/v2\/media?parent=134657"}],"wp:term":[{"taxonomy":"category","embeddable":true,"href":"https:\/\/sandzakpress.net\/arhiva\/wp-json\/wp\/v2\/categories?post=134657"},{"taxonomy":"post_tag","embeddable":true,"href":"https:\/\/sandzakpress.net\/arhiva\/wp-json\/wp\/v2\/tags?post=134657"}],"curies":[{"name":"wp","href":"https:\/\/api.w.org\/{rel}","templated":true}]}}