{"id":134651,"date":"2015-08-25T14:16:18","date_gmt":"2015-08-25T12:16:18","guid":{"rendered":"https:\/\/sandzakpress.net\/arhiva\/godisnjica-stravicnog-masakra-u-sarajevu-sjetimo-se-mucki-ubijenih-sugradana"},"modified":"2015-08-25T14:16:18","modified_gmt":"2015-08-25T12:16:18","slug":"godisnjica-stravicnog-masakra-u-sarajevu-sjetimo-se-mucki-ubijenih-sugradana","status":"publish","type":"post","link":"https:\/\/sandzakpress.net\/arhiva\/godisnjica-stravicnog-masakra-u-sarajevu-sjetimo-se-mucki-ubijenih-sugradana\/","title":{"rendered":"Godi\u0161njica stravi\u010dnog masakra u Sarajevu: Sjetimo se mu\u010dki ubijenih sugra\u0111ana"},"content":{"rendered":"<p><img decoding=\"async\" src=\"http:\/\/radiosarajevo.ba\/img\/s\/627x344\/\/upload\/images\/Sarajevo\/ruze2.jpg\" alt=\"\" \/><\/p>\n<p><strong>Sarajevo \u2013 Na Trgu heroja u op\u0107ini Novo Sarajevo danas je obilje\u017eena 23. godi\u0161njica stravi\u010dnog ratnog masakra u kojem su stradali civili, pet \u010dlanova jedne porodice od kojih dvoje djece, kao i njihova kom\u0161inica.<\/strong><\/p>\n<p>Polo\u017eeni su cvije\u0107e i vijenci na mjestu pogibije.<\/p>\n<p>Obilje\u017eavanju su prisustvovali srodnici poginulih, predstavnici Udru\u017eenja roditelja ubijene djece opkoljenog Sarajeva 1992 -1995, Op\u0107ine Novo Sarajevo i gradske uprave, gra\u0111ani i prijatelji.<\/p>\n<p>Predsjednik Udru\u017eenja roditelja ubijene djece Fikret Grabovica za Fenu je rekao da se osje\u0107a veoma te\u0161ko na ovom mjestu posebno znaju\u0107i pojedinosti o zlo\u010dinu i \u010dinjenicu da su stradala i djeca.<\/p>\n<p>\u201eSve se dogodilo u vatrenoj stihiji. I ovaj doga\u0111aj je dokaz da zlo\u010dinci nisu birali ni mjesto ni ciljeve ve\u0107 su ciljano i s namjerom ubijali gra\u0111ane Sarajeva. Posebno boli to \u0161to za tako te\u017eak zlo\u010din ni do danas niko nije odgovarao\u201c, rekao je Grabovica.<\/p>\n<p>U znak sje\u0107anja na njih, 2011. godine postavljena je spomen-plo\u010da.<\/p>\n<p>Radiosarajevo.ba<\/p>\n<p>Pogledajte vijest na izvornom sajtu:<\/p>\n<p><a href=\"http:\/\/bosnapress.net\/godisnjica-stravicnog-masakra-u-sarajevu-sjetimo-se-mucki-ubijenih-sugradana\/\" target=\"_blank\">Godi\u0161njica stravi\u010dnog masakra u Sarajevu: Sjetimo se mu\u010dki ubijenih sugra\u0111ana<\/a><\/p>\n","protected":false},"excerpt":{"rendered":"<p>Sarajevo \u2013 Na Trgu heroja u op\u0107ini Novo Sarajevo danas je obilje\u017eena 23. godi\u0161njica stravi\u010dnog ratnog masakra u kojem su stradali civili, pet \u010dlanova jedne porodice od kojih dvoje djece, kao i njihova kom\u0161inica. Polo\u017eeni su cvije\u0107e i vijenci na mjestu pogibije. Obilje\u017eavanju su prisustvovali srodnici poginulih, predstavnici Udru\u017eenja roditelja ubijene djece opkoljenog Sarajeva 1992 [&hellip;]<\/p>\n","protected":false},"author":83,"featured_media":134653,"comment_status":"open","ping_status":"open","sticky":false,"template":"","format":"standard","meta":{"footnotes":""},"categories":[10513],"tags":[10466],"class_list":{"0":"post-134651","1":"post","2":"type-post","3":"status-publish","4":"format-standard","5":"has-post-thumbnail","7":"category-bosna-press","8":"tag-bosna-i-hercegovina"},"yoast_head":"<!-- This site is optimized with the Yoast SEO Premium plugin v23.1 (Yoast SEO v24.9) - https:\/\/yoast.com\/wordpress\/plugins\/seo\/ -->\n<title>Godi\u0161njica stravi\u010dnog masakra u Sarajevu: Sjetimo se mu\u010dki ubijenih sugra\u0111ana<\/title>\n<meta name=\"robots\" content=\"index, follow, max-snippet:-1, max-image-preview:large, max-video-preview:-1\" \/>\n<link rel=\"canonical\" href=\"https:\/\/sandzakpress.net\/arhiva\/godisnjica-stravicnog-masakra-u-sarajevu-sjetimo-se-mucki-ubijenih-sugradana\/\" \/>\n<meta property=\"og:locale\" content=\"bs_BA\" \/>\n<meta property=\"og:type\" content=\"article\" \/>\n<meta property=\"og:title\" content=\"Godi\u0161njica stravi\u010dnog masakra u Sarajevu: Sjetimo se mu\u010dki ubijenih sugra\u0111ana\" \/>\n<meta property=\"og:description\" content=\"Sarajevo \u2013 Na Trgu heroja u op\u0107ini Novo Sarajevo danas je obilje\u017eena 23. godi\u0161njica stravi\u010dnog ratnog masakra u kojem su stradali civili, pet \u010dlanova jedne porodice od kojih dvoje djece, kao i njihova kom\u0161inica. Polo\u017eeni su cvije\u0107e i vijenci na mjestu pogibije. Obilje\u017eavanju su prisustvovali srodnici poginulih, predstavnici Udru\u017eenja roditelja ubijene djece opkoljenog Sarajeva 1992 [&hellip;]\" \/>\n<meta property=\"og:url\" content=\"https:\/\/sandzakpress.net\/arhiva\/godisnjica-stravicnog-masakra-u-sarajevu-sjetimo-se-mucki-ubijenih-sugradana\/\" \/>\n<meta property=\"og:site_name\" content=\"Sand\u017eak PRESS\" \/>\n<meta property=\"article:published_time\" content=\"2015-08-25T12:16:18+00:00\" \/>\n<meta property=\"og:image\" content=\"https:\/\/sandzakpress.net\/arhiva\/wp-content\/uploads\/2015\/08\/ruze21.jpg\" \/>\n\t<meta property=\"og:image:width\" content=\"626\" \/>\n\t<meta property=\"og:image:height\" content=\"344\" \/>\n\t<meta property=\"og:image:type\" content=\"image\/jpeg\" \/>\n<meta name=\"author\" content=\"bosniak\" \/>\n<meta name=\"twitter:card\" content=\"summary_large_image\" \/>\n<meta name=\"twitter:label1\" content=\"Written by\" \/>\n\t<meta name=\"twitter:data1\" content=\"bosniak\" \/>\n\t<meta name=\"twitter:label2\" content=\"Est. reading time\" \/>\n\t<meta name=\"twitter:data2\" content=\"1 minuta\" \/>\n<script type=\"application\/ld+json\" class=\"yoast-schema-graph\">{\"@context\":\"https:\/\/schema.org\",\"@graph\":[{\"@type\":\"Article\",\"@id\":\"https:\/\/sandzakpress.net\/arhiva\/godisnjica-stravicnog-masakra-u-sarajevu-sjetimo-se-mucki-ubijenih-sugradana\/#article\",\"isPartOf\":{\"@id\":\"https:\/\/sandzakpress.net\/arhiva\/godisnjica-stravicnog-masakra-u-sarajevu-sjetimo-se-mucki-ubijenih-sugradana\/\"},\"author\":{\"name\":\"bosniak\",\"@id\":\"https:\/\/sandzakpress.net\/arhiva\/#\/schema\/person\/c8baee722073534b583ea7bdb2e36c02\"},\"headline\":\"Godi\u0161njica stravi\u010dnog masakra u Sarajevu: Sjetimo se mu\u010dki ubijenih sugra\u0111ana\",\"datePublished\":\"2015-08-25T12:16:18+00:00\",\"mainEntityOfPage\":{\"@id\":\"https:\/\/sandzakpress.net\/arhiva\/godisnjica-stravicnog-masakra-u-sarajevu-sjetimo-se-mucki-ubijenih-sugradana\/\"},\"wordCount\":205,\"commentCount\":1,\"publisher\":{\"@id\":\"https:\/\/sandzakpress.net\/arhiva\/#\/schema\/person\/6e72b67d6e51910a1117b3b483ba20bd\"},\"image\":{\"@id\":\"https:\/\/sandzakpress.net\/arhiva\/godisnjica-stravicnog-masakra-u-sarajevu-sjetimo-se-mucki-ubijenih-sugradana\/#primaryimage\"},\"thumbnailUrl\":\"https:\/\/sandzakpress.net\/arhiva\/wp-content\/uploads\/2015\/08\/ruze21.jpg\",\"keywords\":[\"Bosna i Hercegovina\"],\"articleSection\":[\"Bosna PRESS\"],\"inLanguage\":\"bs-BA\",\"potentialAction\":[{\"@type\":\"CommentAction\",\"name\":\"Comment\",\"target\":[\"https:\/\/sandzakpress.net\/arhiva\/godisnjica-stravicnog-masakra-u-sarajevu-sjetimo-se-mucki-ubijenih-sugradana\/#respond\"]}]},{\"@type\":\"WebPage\",\"@id\":\"https:\/\/sandzakpress.net\/arhiva\/godisnjica-stravicnog-masakra-u-sarajevu-sjetimo-se-mucki-ubijenih-sugradana\/\",\"url\":\"https:\/\/sandzakpress.net\/arhiva\/godisnjica-stravicnog-masakra-u-sarajevu-sjetimo-se-mucki-ubijenih-sugradana\/\",\"name\":\"Godi\u0161njica stravi\u010dnog masakra u Sarajevu: Sjetimo se mu\u010dki ubijenih sugra\u0111ana\",\"isPartOf\":{\"@id\":\"https:\/\/sandzakpress.net\/arhiva\/#website\"},\"primaryImageOfPage\":{\"@id\":\"https:\/\/sandzakpress.net\/arhiva\/godisnjica-stravicnog-masakra-u-sarajevu-sjetimo-se-mucki-ubijenih-sugradana\/#primaryimage\"},\"image\":{\"@id\":\"https:\/\/sandzakpress.net\/arhiva\/godisnjica-stravicnog-masakra-u-sarajevu-sjetimo-se-mucki-ubijenih-sugradana\/#primaryimage\"},\"thumbnailUrl\":\"https:\/\/sandzakpress.net\/arhiva\/wp-content\/uploads\/2015\/08\/ruze21.jpg\",\"datePublished\":\"2015-08-25T12:16:18+00:00\",\"breadcrumb\":{\"@id\":\"https:\/\/sandzakpress.net\/arhiva\/godisnjica-stravicnog-masakra-u-sarajevu-sjetimo-se-mucki-ubijenih-sugradana\/#breadcrumb\"},\"inLanguage\":\"bs-BA\",\"potentialAction\":[{\"@type\":\"ReadAction\",\"target\":[\"https:\/\/sandzakpress.net\/arhiva\/godisnjica-stravicnog-masakra-u-sarajevu-sjetimo-se-mucki-ubijenih-sugradana\/\"]}]},{\"@type\":\"ImageObject\",\"inLanguage\":\"bs-BA\",\"@id\":\"https:\/\/sandzakpress.net\/arhiva\/godisnjica-stravicnog-masakra-u-sarajevu-sjetimo-se-mucki-ubijenih-sugradana\/#primaryimage\",\"url\":\"https:\/\/sandzakpress.net\/arhiva\/wp-content\/uploads\/2015\/08\/ruze21.jpg\",\"contentUrl\":\"https:\/\/sandzakpress.net\/arhiva\/wp-content\/uploads\/2015\/08\/ruze21.jpg\",\"width\":626,\"height\":344},{\"@type\":\"BreadcrumbList\",\"@id\":\"https:\/\/sandzakpress.net\/arhiva\/godisnjica-stravicnog-masakra-u-sarajevu-sjetimo-se-mucki-ubijenih-sugradana\/#breadcrumb\",\"itemListElement\":[{\"@type\":\"ListItem\",\"position\":1,\"name\":\"Home\",\"item\":\"https:\/\/sandzakpress.net\/arhiva\/\"},{\"@type\":\"ListItem\",\"position\":2,\"name\":\"Godi\u0161njica stravi\u010dnog masakra u Sarajevu: Sjetimo se mu\u010dki ubijenih sugra\u0111ana\"}]},{\"@type\":\"WebSite\",\"@id\":\"https:\/\/sandzakpress.net\/arhiva\/#website\",\"url\":\"https:\/\/sandzakpress.net\/arhiva\/\",\"name\":\"Sand\u017eak PRESS\",\"description\":\"Prve elektronske novine u Sand\u017eaku\",\"publisher\":{\"@id\":\"https:\/\/sandzakpress.net\/arhiva\/#\/schema\/person\/6e72b67d6e51910a1117b3b483ba20bd\"},\"potentialAction\":[{\"@type\":\"SearchAction\",\"target\":{\"@type\":\"EntryPoint\",\"urlTemplate\":\"https:\/\/sandzakpress.net\/arhiva\/?s={search_term_string}\"},\"query-input\":{\"@type\":\"PropertyValueSpecification\",\"valueRequired\":true,\"valueName\":\"search_term_string\"}}],\"inLanguage\":\"bs-BA\"},{\"@type\":[\"Person\",\"Organization\"],\"@id\":\"https:\/\/sandzakpress.net\/arhiva\/#\/schema\/person\/6e72b67d6e51910a1117b3b483ba20bd\",\"name\":\"Kul\",\"image\":{\"@type\":\"ImageObject\",\"inLanguage\":\"bs-BA\",\"@id\":\"https:\/\/sandzakpress.net\/arhiva\/#\/schema\/person\/image\/\",\"url\":\"https:\/\/secure.gravatar.com\/avatar\/42263f39aa27ac04c43cab85c280eb2e?s=96&d=mm&r=pg\",\"contentUrl\":\"https:\/\/secure.gravatar.com\/avatar\/42263f39aa27ac04c43cab85c280eb2e?s=96&d=mm&r=pg\",\"caption\":\"Kul\"},\"logo\":{\"@id\":\"https:\/\/sandzakpress.net\/arhiva\/#\/schema\/person\/image\/\"}},{\"@type\":\"Person\",\"@id\":\"https:\/\/sandzakpress.net\/arhiva\/#\/schema\/person\/c8baee722073534b583ea7bdb2e36c02\",\"name\":\"bosniak\",\"image\":{\"@type\":\"ImageObject\",\"inLanguage\":\"bs-BA\",\"@id\":\"https:\/\/sandzakpress.net\/arhiva\/#\/schema\/person\/image\/\",\"url\":\"https:\/\/secure.gravatar.com\/avatar\/a04fd330bfe3a36a72a0ad4a6d89fca7?s=96&d=mm&r=pg\",\"contentUrl\":\"https:\/\/secure.gravatar.com\/avatar\/a04fd330bfe3a36a72a0ad4a6d89fca7?s=96&d=mm&r=pg\",\"caption\":\"bosniak\"},\"url\":\"https:\/\/sandzakpress.net\/arhiva\/author\/bosniak\/\"}]}<\/script>\n<!-- \/ Yoast SEO Premium plugin. -->","yoast_head_json":{"title":"Godi\u0161njica stravi\u010dnog masakra u Sarajevu: Sjetimo se mu\u010dki ubijenih sugra\u0111ana","robots":{"index":"index","follow":"follow","max-snippet":"max-snippet:-1","max-image-preview":"max-image-preview:large","max-video-preview":"max-video-preview:-1"},"canonical":"https:\/\/sandzakpress.net\/arhiva\/godisnjica-stravicnog-masakra-u-sarajevu-sjetimo-se-mucki-ubijenih-sugradana\/","og_locale":"bs_BA","og_type":"article","og_title":"Godi\u0161njica stravi\u010dnog masakra u Sarajevu: Sjetimo se mu\u010dki ubijenih sugra\u0111ana","og_description":"Sarajevo \u2013 Na Trgu heroja u op\u0107ini Novo Sarajevo danas je obilje\u017eena 23. godi\u0161njica stravi\u010dnog ratnog masakra u kojem su stradali civili, pet \u010dlanova jedne porodice od kojih dvoje djece, kao i njihova kom\u0161inica. Polo\u017eeni su cvije\u0107e i vijenci na mjestu pogibije. Obilje\u017eavanju su prisustvovali srodnici poginulih, predstavnici Udru\u017eenja roditelja ubijene djece opkoljenog Sarajeva 1992 [&hellip;]","og_url":"https:\/\/sandzakpress.net\/arhiva\/godisnjica-stravicnog-masakra-u-sarajevu-sjetimo-se-mucki-ubijenih-sugradana\/","og_site_name":"Sand\u017eak PRESS","article_published_time":"2015-08-25T12:16:18+00:00","og_image":[{"width":626,"height":344,"url":"https:\/\/sandzakpress.net\/arhiva\/wp-content\/uploads\/2015\/08\/ruze21.jpg","type":"image\/jpeg"}],"author":"bosniak","twitter_card":"summary_large_image","twitter_misc":{"Written by":"bosniak","Est. reading time":"1 minuta"},"schema":{"@context":"https:\/\/schema.org","@graph":[{"@type":"Article","@id":"https:\/\/sandzakpress.net\/arhiva\/godisnjica-stravicnog-masakra-u-sarajevu-sjetimo-se-mucki-ubijenih-sugradana\/#article","isPartOf":{"@id":"https:\/\/sandzakpress.net\/arhiva\/godisnjica-stravicnog-masakra-u-sarajevu-sjetimo-se-mucki-ubijenih-sugradana\/"},"author":{"name":"bosniak","@id":"https:\/\/sandzakpress.net\/arhiva\/#\/schema\/person\/c8baee722073534b583ea7bdb2e36c02"},"headline":"Godi\u0161njica stravi\u010dnog masakra u Sarajevu: Sjetimo se mu\u010dki ubijenih sugra\u0111ana","datePublished":"2015-08-25T12:16:18+00:00","mainEntityOfPage":{"@id":"https:\/\/sandzakpress.net\/arhiva\/godisnjica-stravicnog-masakra-u-sarajevu-sjetimo-se-mucki-ubijenih-sugradana\/"},"wordCount":205,"commentCount":1,"publisher":{"@id":"https:\/\/sandzakpress.net\/arhiva\/#\/schema\/person\/6e72b67d6e51910a1117b3b483ba20bd"},"image":{"@id":"https:\/\/sandzakpress.net\/arhiva\/godisnjica-stravicnog-masakra-u-sarajevu-sjetimo-se-mucki-ubijenih-sugradana\/#primaryimage"},"thumbnailUrl":"https:\/\/sandzakpress.net\/arhiva\/wp-content\/uploads\/2015\/08\/ruze21.jpg","keywords":["Bosna i Hercegovina"],"articleSection":["Bosna PRESS"],"inLanguage":"bs-BA","potentialAction":[{"@type":"CommentAction","name":"Comment","target":["https:\/\/sandzakpress.net\/arhiva\/godisnjica-stravicnog-masakra-u-sarajevu-sjetimo-se-mucki-ubijenih-sugradana\/#respond"]}]},{"@type":"WebPage","@id":"https:\/\/sandzakpress.net\/arhiva\/godisnjica-stravicnog-masakra-u-sarajevu-sjetimo-se-mucki-ubijenih-sugradana\/","url":"https:\/\/sandzakpress.net\/arhiva\/godisnjica-stravicnog-masakra-u-sarajevu-sjetimo-se-mucki-ubijenih-sugradana\/","name":"Godi\u0161njica stravi\u010dnog masakra u Sarajevu: Sjetimo se mu\u010dki ubijenih sugra\u0111ana","isPartOf":{"@id":"https:\/\/sandzakpress.net\/arhiva\/#website"},"primaryImageOfPage":{"@id":"https:\/\/sandzakpress.net\/arhiva\/godisnjica-stravicnog-masakra-u-sarajevu-sjetimo-se-mucki-ubijenih-sugradana\/#primaryimage"},"image":{"@id":"https:\/\/sandzakpress.net\/arhiva\/godisnjica-stravicnog-masakra-u-sarajevu-sjetimo-se-mucki-ubijenih-sugradana\/#primaryimage"},"thumbnailUrl":"https:\/\/sandzakpress.net\/arhiva\/wp-content\/uploads\/2015\/08\/ruze21.jpg","datePublished":"2015-08-25T12:16:18+00:00","breadcrumb":{"@id":"https:\/\/sandzakpress.net\/arhiva\/godisnjica-stravicnog-masakra-u-sarajevu-sjetimo-se-mucki-ubijenih-sugradana\/#breadcrumb"},"inLanguage":"bs-BA","potentialAction":[{"@type":"ReadAction","target":["https:\/\/sandzakpress.net\/arhiva\/godisnjica-stravicnog-masakra-u-sarajevu-sjetimo-se-mucki-ubijenih-sugradana\/"]}]},{"@type":"ImageObject","inLanguage":"bs-BA","@id":"https:\/\/sandzakpress.net\/arhiva\/godisnjica-stravicnog-masakra-u-sarajevu-sjetimo-se-mucki-ubijenih-sugradana\/#primaryimage","url":"https:\/\/sandzakpress.net\/arhiva\/wp-content\/uploads\/2015\/08\/ruze21.jpg","contentUrl":"https:\/\/sandzakpress.net\/arhiva\/wp-content\/uploads\/2015\/08\/ruze21.jpg","width":626,"height":344},{"@type":"BreadcrumbList","@id":"https:\/\/sandzakpress.net\/arhiva\/godisnjica-stravicnog-masakra-u-sarajevu-sjetimo-se-mucki-ubijenih-sugradana\/#breadcrumb","itemListElement":[{"@type":"ListItem","position":1,"name":"Home","item":"https:\/\/sandzakpress.net\/arhiva\/"},{"@type":"ListItem","position":2,"name":"Godi\u0161njica stravi\u010dnog masakra u Sarajevu: Sjetimo se mu\u010dki ubijenih sugra\u0111ana"}]},{"@type":"WebSite","@id":"https:\/\/sandzakpress.net\/arhiva\/#website","url":"https:\/\/sandzakpress.net\/arhiva\/","name":"Sand\u017eak PRESS","description":"Prve elektronske novine u Sand\u017eaku","publisher":{"@id":"https:\/\/sandzakpress.net\/arhiva\/#\/schema\/person\/6e72b67d6e51910a1117b3b483ba20bd"},"potentialAction":[{"@type":"SearchAction","target":{"@type":"EntryPoint","urlTemplate":"https:\/\/sandzakpress.net\/arhiva\/?s={search_term_string}"},"query-input":{"@type":"PropertyValueSpecification","valueRequired":true,"valueName":"search_term_string"}}],"inLanguage":"bs-BA"},{"@type":["Person","Organization"],"@id":"https:\/\/sandzakpress.net\/arhiva\/#\/schema\/person\/6e72b67d6e51910a1117b3b483ba20bd","name":"Kul","image":{"@type":"ImageObject","inLanguage":"bs-BA","@id":"https:\/\/sandzakpress.net\/arhiva\/#\/schema\/person\/image\/","url":"https:\/\/secure.gravatar.com\/avatar\/42263f39aa27ac04c43cab85c280eb2e?s=96&d=mm&r=pg","contentUrl":"https:\/\/secure.gravatar.com\/avatar\/42263f39aa27ac04c43cab85c280eb2e?s=96&d=mm&r=pg","caption":"Kul"},"logo":{"@id":"https:\/\/sandzakpress.net\/arhiva\/#\/schema\/person\/image\/"}},{"@type":"Person","@id":"https:\/\/sandzakpress.net\/arhiva\/#\/schema\/person\/c8baee722073534b583ea7bdb2e36c02","name":"bosniak","image":{"@type":"ImageObject","inLanguage":"bs-BA","@id":"https:\/\/sandzakpress.net\/arhiva\/#\/schema\/person\/image\/","url":"https:\/\/secure.gravatar.com\/avatar\/a04fd330bfe3a36a72a0ad4a6d89fca7?s=96&d=mm&r=pg","contentUrl":"https:\/\/secure.gravatar.com\/avatar\/a04fd330bfe3a36a72a0ad4a6d89fca7?s=96&d=mm&r=pg","caption":"bosniak"},"url":"https:\/\/sandzakpress.net\/arhiva\/author\/bosniak\/"}]}},"_links":{"self":[{"href":"https:\/\/sandzakpress.net\/arhiva\/wp-json\/wp\/v2\/posts\/134651"}],"collection":[{"href":"https:\/\/sandzakpress.net\/arhiva\/wp-json\/wp\/v2\/posts"}],"about":[{"href":"https:\/\/sandzakpress.net\/arhiva\/wp-json\/wp\/v2\/types\/post"}],"author":[{"embeddable":true,"href":"https:\/\/sandzakpress.net\/arhiva\/wp-json\/wp\/v2\/users\/83"}],"replies":[{"embeddable":true,"href":"https:\/\/sandzakpress.net\/arhiva\/wp-json\/wp\/v2\/comments?post=134651"}],"version-history":[{"count":0,"href":"https:\/\/sandzakpress.net\/arhiva\/wp-json\/wp\/v2\/posts\/134651\/revisions"}],"wp:featuredmedia":[{"embeddable":true,"href":"https:\/\/sandzakpress.net\/arhiva\/wp-json\/wp\/v2\/media\/134653"}],"wp:attachment":[{"href":"https:\/\/sandzakpress.net\/arhiva\/wp-json\/wp\/v2\/media?parent=134651"}],"wp:term":[{"taxonomy":"category","embeddable":true,"href":"https:\/\/sandzakpress.net\/arhiva\/wp-json\/wp\/v2\/categories?post=134651"},{"taxonomy":"post_tag","embeddable":true,"href":"https:\/\/sandzakpress.net\/arhiva\/wp-json\/wp\/v2\/tags?post=134651"}],"curies":[{"name":"wp","href":"https:\/\/api.w.org\/{rel}","templated":true}]}}