{"id":134617,"date":"2015-08-25T13:39:50","date_gmt":"2015-08-25T11:39:50","guid":{"rendered":"https:\/\/sandzakpress.net\/arhiva\/?p=134617"},"modified":"2015-08-25T13:39:50","modified_gmt":"2015-08-25T11:39:50","slug":"premijer-liga-zove-adema-ljajica","status":"publish","type":"post","link":"https:\/\/sandzakpress.net\/arhiva\/premijer-liga-zove-adema-ljajica\/","title":{"rendered":"Premijer liga zove Adema Ljaji\u0107a"},"content":{"rendered":"<p><img loading=\"lazy\" decoding=\"async\" class=\"aligncenter size-full wp-image-118054\" src=\"https:\/\/sandzakpress.net\/arhiva\/wp-content\/uploads\/2014\/12\/ljajic-.jpg\" alt=\"ljajic-\" width=\"616\" height=\"410\" \/><strong>Italija &#8211; Nije uspeo sa Man\u010dester junajtedom kad je bi tinejd\u017eer, ali sedam godina kasnije po svoj prilici \u0107e Adem Ljaji\u0107 da zaigra u Premijer ligi. Njegova nova destinacija trebalo bi da bude Aston Vila, a kako javljaju uticajni britanski i italijanski mediji, transfer bi trebalo da bude realizovan u naredna dva dana.<\/strong><\/p>\n<p>Informaciju je u etar pustio engleski Skaj sport, odmah se na nju naslonio Kal\u010domarketo, uvervaju\u0107i da je sportski direktor Rome Valter Sabatini po\u010deo pregovore sa \u010delnicima kluba iz Birmingema, koja po svemu sude\u0107i tra\u017ei igra\u010da nagla\u0161enih ofanzivnih karakteristika u veznom redu.<\/p>\n<p>U ovom trenutku nije poznata visina obe\u0161te\u0107enja koju Roma zahteva na ime Ljaji\u0107evom transfera. Prema nekim informacijama, Vu\u010dica ne \u017eeli da ga pusti za manje od 10.000.000 evra, a s obzirom da ga je pre dva leta platila Fjorentini 11.000.000, logi\u010dno je o\u010dekivati da ne izgubi novac. \u010cak se pominje da je osim Aston Vile za Ljaji\u0107a zainteresovan i Totenhem, \u0161to dodatno poja\u010dava vesti da \u0107e reprezentativac Srbije do kraja prelaznog roka napustiti Olimpiko.<\/p>\n<p>Najmanje realna varijanta glasi da se Ljaji\u0107 preseli u Milano, odakle ga zove Inter. Nerazurima je posle odlaska Matea Kova\u010di\u0107a u Real Madrid potreban organizator igre, ali \u0107e te\u0161ko do Adema. Tim pre \u0161to u transakciji na relaciji Inter-Roma ne bi bio uklju\u010den novac, ve\u0107 razmena igra\u010da (u suprtonom smeru bi navodno oti\u0161ao \u0161toper \u017duan \u017dezus), ali Vu\u010dica na to ne \u017eeli da pristane.<\/p>\n<p>Zato je Aston Vila favorit. Za sad\u2026<\/p>\n<p>izvor: mozzartsport<\/p>\n","protected":false},"excerpt":{"rendered":"<p>Italija &#8211; Nije uspeo sa Man\u010dester junajtedom kad je bi tinejd\u017eer, ali sedam godina kasnije po svoj prilici \u0107e Adem Ljaji\u0107 da zaigra u Premijer ligi. Njegova nova destinacija trebalo bi da bude Aston Vila, a kako javljaju uticajni britanski i italijanski mediji, transfer bi trebalo da bude realizovan u naredna dva dana. Informaciju je [&hellip;]<\/p>\n","protected":false},"author":83,"featured_media":118054,"comment_status":"open","ping_status":"open","sticky":false,"template":"","format":"standard","meta":{"footnotes":""},"categories":[13,10309],"tags":[],"class_list":{"0":"post-134617","1":"post","2":"type-post","3":"status-publish","4":"format-standard","5":"has-post-thumbnail","7":"category-sport","8":"category-italija"},"yoast_head":"<!-- This site is optimized with the Yoast SEO Premium plugin v23.1 (Yoast SEO v24.9) - https:\/\/yoast.com\/wordpress\/plugins\/seo\/ -->\n<title>Premijer liga zove Adema Ljaji\u0107a<\/title>\n<meta name=\"robots\" content=\"index, follow, max-snippet:-1, max-image-preview:large, max-video-preview:-1\" \/>\n<link rel=\"canonical\" href=\"https:\/\/sandzakpress.net\/arhiva\/premijer-liga-zove-adema-ljajica\/\" \/>\n<meta property=\"og:locale\" content=\"bs_BA\" \/>\n<meta property=\"og:type\" content=\"article\" \/>\n<meta property=\"og:title\" content=\"Premijer liga zove Adema Ljaji\u0107a\" \/>\n<meta property=\"og:description\" content=\"Italija &#8211; Nije uspeo sa Man\u010dester junajtedom kad je bi tinejd\u017eer, ali sedam godina kasnije po svoj prilici \u0107e Adem Ljaji\u0107 da zaigra u Premijer ligi. Njegova nova destinacija trebalo bi da bude Aston Vila, a kako javljaju uticajni britanski i italijanski mediji, transfer bi trebalo da bude realizovan u naredna dva dana. Informaciju je [&hellip;]\" \/>\n<meta property=\"og:url\" content=\"https:\/\/sandzakpress.net\/arhiva\/premijer-liga-zove-adema-ljajica\/\" \/>\n<meta property=\"og:site_name\" content=\"Sand\u017eak PRESS\" \/>\n<meta property=\"article:published_time\" content=\"2015-08-25T11:39:50+00:00\" \/>\n<meta property=\"og:image\" content=\"https:\/\/sandzakpress.net\/arhiva\/wp-content\/uploads\/2014\/12\/ljajic-.jpg\" \/>\n\t<meta property=\"og:image:width\" content=\"616\" \/>\n\t<meta property=\"og:image:height\" content=\"410\" \/>\n\t<meta property=\"og:image:type\" content=\"image\/jpeg\" \/>\n<meta name=\"author\" content=\"bosniak\" \/>\n<meta name=\"twitter:card\" content=\"summary_large_image\" \/>\n<meta name=\"twitter:label1\" content=\"Written by\" \/>\n\t<meta name=\"twitter:data1\" content=\"bosniak\" \/>\n\t<meta name=\"twitter:label2\" content=\"Est. reading time\" \/>\n\t<meta name=\"twitter:data2\" content=\"1 minuta\" \/>\n<script type=\"application\/ld+json\" class=\"yoast-schema-graph\">{\"@context\":\"https:\/\/schema.org\",\"@graph\":[{\"@type\":\"Article\",\"@id\":\"https:\/\/sandzakpress.net\/arhiva\/premijer-liga-zove-adema-ljajica\/#article\",\"isPartOf\":{\"@id\":\"https:\/\/sandzakpress.net\/arhiva\/premijer-liga-zove-adema-ljajica\/\"},\"author\":{\"name\":\"bosniak\",\"@id\":\"https:\/\/sandzakpress.net\/arhiva\/#\/schema\/person\/c8baee722073534b583ea7bdb2e36c02\"},\"headline\":\"Premijer liga zove Adema Ljaji\u0107a\",\"datePublished\":\"2015-08-25T11:39:50+00:00\",\"mainEntityOfPage\":{\"@id\":\"https:\/\/sandzakpress.net\/arhiva\/premijer-liga-zove-adema-ljajica\/\"},\"wordCount\":269,\"commentCount\":0,\"publisher\":{\"@id\":\"https:\/\/sandzakpress.net\/arhiva\/#\/schema\/person\/6e72b67d6e51910a1117b3b483ba20bd\"},\"image\":{\"@id\":\"https:\/\/sandzakpress.net\/arhiva\/premijer-liga-zove-adema-ljajica\/#primaryimage\"},\"thumbnailUrl\":\"https:\/\/sandzakpress.net\/arhiva\/wp-content\/uploads\/2014\/12\/ljajic-.jpg\",\"articleSection\":[\"Sport\",\"Italija\"],\"inLanguage\":\"bs-BA\",\"potentialAction\":[{\"@type\":\"CommentAction\",\"name\":\"Comment\",\"target\":[\"https:\/\/sandzakpress.net\/arhiva\/premijer-liga-zove-adema-ljajica\/#respond\"]}]},{\"@type\":\"WebPage\",\"@id\":\"https:\/\/sandzakpress.net\/arhiva\/premijer-liga-zove-adema-ljajica\/\",\"url\":\"https:\/\/sandzakpress.net\/arhiva\/premijer-liga-zove-adema-ljajica\/\",\"name\":\"Premijer liga zove Adema Ljaji\u0107a\",\"isPartOf\":{\"@id\":\"https:\/\/sandzakpress.net\/arhiva\/#website\"},\"primaryImageOfPage\":{\"@id\":\"https:\/\/sandzakpress.net\/arhiva\/premijer-liga-zove-adema-ljajica\/#primaryimage\"},\"image\":{\"@id\":\"https:\/\/sandzakpress.net\/arhiva\/premijer-liga-zove-adema-ljajica\/#primaryimage\"},\"thumbnailUrl\":\"https:\/\/sandzakpress.net\/arhiva\/wp-content\/uploads\/2014\/12\/ljajic-.jpg\",\"datePublished\":\"2015-08-25T11:39:50+00:00\",\"breadcrumb\":{\"@id\":\"https:\/\/sandzakpress.net\/arhiva\/premijer-liga-zove-adema-ljajica\/#breadcrumb\"},\"inLanguage\":\"bs-BA\",\"potentialAction\":[{\"@type\":\"ReadAction\",\"target\":[\"https:\/\/sandzakpress.net\/arhiva\/premijer-liga-zove-adema-ljajica\/\"]}]},{\"@type\":\"ImageObject\",\"inLanguage\":\"bs-BA\",\"@id\":\"https:\/\/sandzakpress.net\/arhiva\/premijer-liga-zove-adema-ljajica\/#primaryimage\",\"url\":\"https:\/\/sandzakpress.net\/arhiva\/wp-content\/uploads\/2014\/12\/ljajic-.jpg\",\"contentUrl\":\"https:\/\/sandzakpress.net\/arhiva\/wp-content\/uploads\/2014\/12\/ljajic-.jpg\",\"width\":616,\"height\":410},{\"@type\":\"BreadcrumbList\",\"@id\":\"https:\/\/sandzakpress.net\/arhiva\/premijer-liga-zove-adema-ljajica\/#breadcrumb\",\"itemListElement\":[{\"@type\":\"ListItem\",\"position\":1,\"name\":\"Home\",\"item\":\"https:\/\/sandzakpress.net\/arhiva\/\"},{\"@type\":\"ListItem\",\"position\":2,\"name\":\"Premijer liga zove Adema Ljaji\u0107a\"}]},{\"@type\":\"WebSite\",\"@id\":\"https:\/\/sandzakpress.net\/arhiva\/#website\",\"url\":\"https:\/\/sandzakpress.net\/arhiva\/\",\"name\":\"Sand\u017eak PRESS\",\"description\":\"Prve elektronske novine u Sand\u017eaku\",\"publisher\":{\"@id\":\"https:\/\/sandzakpress.net\/arhiva\/#\/schema\/person\/6e72b67d6e51910a1117b3b483ba20bd\"},\"potentialAction\":[{\"@type\":\"SearchAction\",\"target\":{\"@type\":\"EntryPoint\",\"urlTemplate\":\"https:\/\/sandzakpress.net\/arhiva\/?s={search_term_string}\"},\"query-input\":{\"@type\":\"PropertyValueSpecification\",\"valueRequired\":true,\"valueName\":\"search_term_string\"}}],\"inLanguage\":\"bs-BA\"},{\"@type\":[\"Person\",\"Organization\"],\"@id\":\"https:\/\/sandzakpress.net\/arhiva\/#\/schema\/person\/6e72b67d6e51910a1117b3b483ba20bd\",\"name\":\"Kul\",\"image\":{\"@type\":\"ImageObject\",\"inLanguage\":\"bs-BA\",\"@id\":\"https:\/\/sandzakpress.net\/arhiva\/#\/schema\/person\/image\/\",\"url\":\"https:\/\/secure.gravatar.com\/avatar\/42263f39aa27ac04c43cab85c280eb2e?s=96&d=mm&r=pg\",\"contentUrl\":\"https:\/\/secure.gravatar.com\/avatar\/42263f39aa27ac04c43cab85c280eb2e?s=96&d=mm&r=pg\",\"caption\":\"Kul\"},\"logo\":{\"@id\":\"https:\/\/sandzakpress.net\/arhiva\/#\/schema\/person\/image\/\"}},{\"@type\":\"Person\",\"@id\":\"https:\/\/sandzakpress.net\/arhiva\/#\/schema\/person\/c8baee722073534b583ea7bdb2e36c02\",\"name\":\"bosniak\",\"image\":{\"@type\":\"ImageObject\",\"inLanguage\":\"bs-BA\",\"@id\":\"https:\/\/sandzakpress.net\/arhiva\/#\/schema\/person\/image\/\",\"url\":\"https:\/\/secure.gravatar.com\/avatar\/a04fd330bfe3a36a72a0ad4a6d89fca7?s=96&d=mm&r=pg\",\"contentUrl\":\"https:\/\/secure.gravatar.com\/avatar\/a04fd330bfe3a36a72a0ad4a6d89fca7?s=96&d=mm&r=pg\",\"caption\":\"bosniak\"},\"url\":\"https:\/\/sandzakpress.net\/arhiva\/author\/bosniak\/\"}]}<\/script>\n<!-- \/ Yoast SEO Premium plugin. -->","yoast_head_json":{"title":"Premijer liga zove Adema Ljaji\u0107a","robots":{"index":"index","follow":"follow","max-snippet":"max-snippet:-1","max-image-preview":"max-image-preview:large","max-video-preview":"max-video-preview:-1"},"canonical":"https:\/\/sandzakpress.net\/arhiva\/premijer-liga-zove-adema-ljajica\/","og_locale":"bs_BA","og_type":"article","og_title":"Premijer liga zove Adema Ljaji\u0107a","og_description":"Italija &#8211; Nije uspeo sa Man\u010dester junajtedom kad je bi tinejd\u017eer, ali sedam godina kasnije po svoj prilici \u0107e Adem Ljaji\u0107 da zaigra u Premijer ligi. Njegova nova destinacija trebalo bi da bude Aston Vila, a kako javljaju uticajni britanski i italijanski mediji, transfer bi trebalo da bude realizovan u naredna dva dana. Informaciju je [&hellip;]","og_url":"https:\/\/sandzakpress.net\/arhiva\/premijer-liga-zove-adema-ljajica\/","og_site_name":"Sand\u017eak PRESS","article_published_time":"2015-08-25T11:39:50+00:00","og_image":[{"width":616,"height":410,"url":"https:\/\/sandzakpress.net\/arhiva\/wp-content\/uploads\/2014\/12\/ljajic-.jpg","type":"image\/jpeg"}],"author":"bosniak","twitter_card":"summary_large_image","twitter_misc":{"Written by":"bosniak","Est. reading time":"1 minuta"},"schema":{"@context":"https:\/\/schema.org","@graph":[{"@type":"Article","@id":"https:\/\/sandzakpress.net\/arhiva\/premijer-liga-zove-adema-ljajica\/#article","isPartOf":{"@id":"https:\/\/sandzakpress.net\/arhiva\/premijer-liga-zove-adema-ljajica\/"},"author":{"name":"bosniak","@id":"https:\/\/sandzakpress.net\/arhiva\/#\/schema\/person\/c8baee722073534b583ea7bdb2e36c02"},"headline":"Premijer liga zove Adema Ljaji\u0107a","datePublished":"2015-08-25T11:39:50+00:00","mainEntityOfPage":{"@id":"https:\/\/sandzakpress.net\/arhiva\/premijer-liga-zove-adema-ljajica\/"},"wordCount":269,"commentCount":0,"publisher":{"@id":"https:\/\/sandzakpress.net\/arhiva\/#\/schema\/person\/6e72b67d6e51910a1117b3b483ba20bd"},"image":{"@id":"https:\/\/sandzakpress.net\/arhiva\/premijer-liga-zove-adema-ljajica\/#primaryimage"},"thumbnailUrl":"https:\/\/sandzakpress.net\/arhiva\/wp-content\/uploads\/2014\/12\/ljajic-.jpg","articleSection":["Sport","Italija"],"inLanguage":"bs-BA","potentialAction":[{"@type":"CommentAction","name":"Comment","target":["https:\/\/sandzakpress.net\/arhiva\/premijer-liga-zove-adema-ljajica\/#respond"]}]},{"@type":"WebPage","@id":"https:\/\/sandzakpress.net\/arhiva\/premijer-liga-zove-adema-ljajica\/","url":"https:\/\/sandzakpress.net\/arhiva\/premijer-liga-zove-adema-ljajica\/","name":"Premijer liga zove Adema Ljaji\u0107a","isPartOf":{"@id":"https:\/\/sandzakpress.net\/arhiva\/#website"},"primaryImageOfPage":{"@id":"https:\/\/sandzakpress.net\/arhiva\/premijer-liga-zove-adema-ljajica\/#primaryimage"},"image":{"@id":"https:\/\/sandzakpress.net\/arhiva\/premijer-liga-zove-adema-ljajica\/#primaryimage"},"thumbnailUrl":"https:\/\/sandzakpress.net\/arhiva\/wp-content\/uploads\/2014\/12\/ljajic-.jpg","datePublished":"2015-08-25T11:39:50+00:00","breadcrumb":{"@id":"https:\/\/sandzakpress.net\/arhiva\/premijer-liga-zove-adema-ljajica\/#breadcrumb"},"inLanguage":"bs-BA","potentialAction":[{"@type":"ReadAction","target":["https:\/\/sandzakpress.net\/arhiva\/premijer-liga-zove-adema-ljajica\/"]}]},{"@type":"ImageObject","inLanguage":"bs-BA","@id":"https:\/\/sandzakpress.net\/arhiva\/premijer-liga-zove-adema-ljajica\/#primaryimage","url":"https:\/\/sandzakpress.net\/arhiva\/wp-content\/uploads\/2014\/12\/ljajic-.jpg","contentUrl":"https:\/\/sandzakpress.net\/arhiva\/wp-content\/uploads\/2014\/12\/ljajic-.jpg","width":616,"height":410},{"@type":"BreadcrumbList","@id":"https:\/\/sandzakpress.net\/arhiva\/premijer-liga-zove-adema-ljajica\/#breadcrumb","itemListElement":[{"@type":"ListItem","position":1,"name":"Home","item":"https:\/\/sandzakpress.net\/arhiva\/"},{"@type":"ListItem","position":2,"name":"Premijer liga zove Adema Ljaji\u0107a"}]},{"@type":"WebSite","@id":"https:\/\/sandzakpress.net\/arhiva\/#website","url":"https:\/\/sandzakpress.net\/arhiva\/","name":"Sand\u017eak PRESS","description":"Prve elektronske novine u Sand\u017eaku","publisher":{"@id":"https:\/\/sandzakpress.net\/arhiva\/#\/schema\/person\/6e72b67d6e51910a1117b3b483ba20bd"},"potentialAction":[{"@type":"SearchAction","target":{"@type":"EntryPoint","urlTemplate":"https:\/\/sandzakpress.net\/arhiva\/?s={search_term_string}"},"query-input":{"@type":"PropertyValueSpecification","valueRequired":true,"valueName":"search_term_string"}}],"inLanguage":"bs-BA"},{"@type":["Person","Organization"],"@id":"https:\/\/sandzakpress.net\/arhiva\/#\/schema\/person\/6e72b67d6e51910a1117b3b483ba20bd","name":"Kul","image":{"@type":"ImageObject","inLanguage":"bs-BA","@id":"https:\/\/sandzakpress.net\/arhiva\/#\/schema\/person\/image\/","url":"https:\/\/secure.gravatar.com\/avatar\/42263f39aa27ac04c43cab85c280eb2e?s=96&d=mm&r=pg","contentUrl":"https:\/\/secure.gravatar.com\/avatar\/42263f39aa27ac04c43cab85c280eb2e?s=96&d=mm&r=pg","caption":"Kul"},"logo":{"@id":"https:\/\/sandzakpress.net\/arhiva\/#\/schema\/person\/image\/"}},{"@type":"Person","@id":"https:\/\/sandzakpress.net\/arhiva\/#\/schema\/person\/c8baee722073534b583ea7bdb2e36c02","name":"bosniak","image":{"@type":"ImageObject","inLanguage":"bs-BA","@id":"https:\/\/sandzakpress.net\/arhiva\/#\/schema\/person\/image\/","url":"https:\/\/secure.gravatar.com\/avatar\/a04fd330bfe3a36a72a0ad4a6d89fca7?s=96&d=mm&r=pg","contentUrl":"https:\/\/secure.gravatar.com\/avatar\/a04fd330bfe3a36a72a0ad4a6d89fca7?s=96&d=mm&r=pg","caption":"bosniak"},"url":"https:\/\/sandzakpress.net\/arhiva\/author\/bosniak\/"}]}},"_links":{"self":[{"href":"https:\/\/sandzakpress.net\/arhiva\/wp-json\/wp\/v2\/posts\/134617"}],"collection":[{"href":"https:\/\/sandzakpress.net\/arhiva\/wp-json\/wp\/v2\/posts"}],"about":[{"href":"https:\/\/sandzakpress.net\/arhiva\/wp-json\/wp\/v2\/types\/post"}],"author":[{"embeddable":true,"href":"https:\/\/sandzakpress.net\/arhiva\/wp-json\/wp\/v2\/users\/83"}],"replies":[{"embeddable":true,"href":"https:\/\/sandzakpress.net\/arhiva\/wp-json\/wp\/v2\/comments?post=134617"}],"version-history":[{"count":0,"href":"https:\/\/sandzakpress.net\/arhiva\/wp-json\/wp\/v2\/posts\/134617\/revisions"}],"wp:featuredmedia":[{"embeddable":true,"href":"https:\/\/sandzakpress.net\/arhiva\/wp-json\/wp\/v2\/media\/118054"}],"wp:attachment":[{"href":"https:\/\/sandzakpress.net\/arhiva\/wp-json\/wp\/v2\/media?parent=134617"}],"wp:term":[{"taxonomy":"category","embeddable":true,"href":"https:\/\/sandzakpress.net\/arhiva\/wp-json\/wp\/v2\/categories?post=134617"},{"taxonomy":"post_tag","embeddable":true,"href":"https:\/\/sandzakpress.net\/arhiva\/wp-json\/wp\/v2\/tags?post=134617"}],"curies":[{"name":"wp","href":"https:\/\/api.w.org\/{rel}","templated":true}]}}