{"id":134517,"date":"2015-08-24T15:07:23","date_gmt":"2015-08-24T13:07:23","guid":{"rendered":"https:\/\/sandzakpress.net\/arhiva\/hasim-taci-necemo-dozvoliti-novu-republiku-srpsku"},"modified":"2015-08-24T15:07:23","modified_gmt":"2015-08-24T13:07:23","slug":"hasim-taci-necemo-dozvoliti-novu-republiku-srpsku","status":"publish","type":"post","link":"https:\/\/sandzakpress.net\/arhiva\/hasim-taci-necemo-dozvoliti-novu-republiku-srpsku\/","title":{"rendered":"Ha\u0161im Ta\u010di: Ne\u0107emo dozvoliti novu \u201crepubliku srpsku\u201d"},"content":{"rendered":"<p><img decoding=\"async\" src=\"http:\/\/www.avaz.ba\/storage\/2015\/08\/24\/thumbs\/55dacb12-639c-4235-a231-42120a0a0a64-hasim-taci-nova-718x446.jpg\" alt=\"HA\u0160IM TA\u010cI: Ne\u0107emo dozvoliti novu \" \/><\/p>\n<p><strong>Balkan \u2013 Nakon zavr\u0161ene redovne sjednice Vije\u0107a sigurnosti UN-a posve\u0107ene Kosovu, ministar vanjskih poslova ove zemlje Ha\u0161im Ta\u010di (Hashim Thaci) dao je ekskluzivni intervju stalnom dopisniku \u201cDnevnog avaza\u201d iz Njujorka, u kojem je izrazio \u017ealjenje \u0161to nije prisustvovao 20. godi\u0161njici obilje\u017eavanja genocida u Srebrenici.<\/strong><\/p>\n<p>S velikim interesiranjem prije intervju je prelistavao \u201eAvazovo\u201c specijalno izdanje \u201cPamti\u0161 li Srebrenicu\u201d, koje mu je u Ujedinjenim narodima uru\u010dio ameri\u010dki dopisnik najve\u0107e kosovske privatne televizije RTV 21 Halil Mula, u \u010dijem je studiju u Njujorku ovaj razgovor i vo\u0111en.<\/p>\n<p><strong>Prihvatanje istine<\/strong><\/p>\n<p>U Njujorku je Ta\u010di ovaj put ispunio medijske naslove porukom vlastima u Beogradu da trebaju \u201cprestati sanjati san o velikoj Srbiji, jer taj san je potro\u0161en\u201c. Poru\u010dio je i da bi \u201cSrbija izgubila svaki rat koji bi ponovo pokrenula\u201d protiv svojih susjeda. U razgovoru za \u201eAvaz\u201c zauzeo je stav da su inicijative za pomirenje koje dolaze od predsjednika Vlade Srbije Aleksandra Vu\u010di\u0107a dobrodo\u0161le, ali da bi uspjele, one moraju biti utemeljene na punom, a ne selektivnom prihvatanju istine o onome \u0161to se dogodilo u biv\u0161oj Jugoslaviji, o ratovima u Sloveniji i Hrvatskoj, sve do rata na Kosovu 1999.<\/p>\n<p>Po\u010dnimo ovom Va\u0161om otvorenom ponudom Ivici Da\u010di\u0107u, prvom potpredsjedniku Vlade Srbije i \u0161efu srbijanske diplomatije, da mu dodijelite paso\u0161 Republike Kosovo. Je li to ozbiljna ponuda ili neka vrsta politi\u010dke provokacije?<\/p>\n<p>\u2013 To je sasvim ozbiljna ponuda, izre\u010dena na javno mjestu. On je ro\u0111en na Kosovu, iako su njegovi roditelji do\u0161li u na\u0161u zemlju izme\u0111u Prvog i Drugog svjetskog rata kao kolonizatori. Ali, prema na\u0161em Ustavu, svaki gra\u0111anin koji je ro\u0111en na Kosovu ima pravo na dr\u017eavljanstvo, odnosno dvojno dr\u017eavljanstvo, i gospodin Da\u010di\u0107 je isto tako dobrodo\u0161ao da preuzme svoj paso\u0161.<\/p>\n<p>Pitao sam zamjenika ruskog ambasadora pri UN-u \u0161ta misli o Va\u0161oj ponudi, na \u0161ta je on odgovorio da je to \u201csasvim neodgovorna izjava\u201d s Va\u0161e strane. Koji je Va\u0161 odgovor na to?<\/p>\n<p>To nije neodgovorna izjava ili ponuda. To je ustavna ponuda i izjava koja se bazira na na\u0161em Ustavu. To je ustavni odgovor s moje strane.<\/p>\n<p>A je li gospodin Da\u010di\u0107 javno ili privatno odgovorio na tu ponudu?<\/p>\n<p>\u2013 On nije odgovorio, ali ponuda je otvorena.<\/p>\n<p>S obzirom na to da se sprema nova runda pregovora u dijalogu izme\u0111u Pri\u0161tine i Beograda, kako \u0107ete odgovoriti na zahtjeve da se na sjeveru Kosova formira zajednica srpskih op\u0107ina te na primjedbe onih koji tvrde da se na Kosovu ovime uvodi \u201cnova republika srpska\u201d?<\/p>\n<p>\u2013 Nema \u0161anse da to bude \u201crepublika srpska\u201d, zato \u0161to mi to ne\u0107emo dozvoliti. Sve \u0107e to biti u skladu s na\u0161im Ustavom i na\u0161im kosovskim zakonima. \u017delim re\u0107i da \u0107e to biti dobrovoljna asocijacija srpskih op\u0107ina bez izvr\u0161nog mandata, jer za takvo ne\u0161to, jednostavno, nema \u0161anse. Ponavljam, mi to ne\u0107emo dozvoliti, da imamo \u201ctre\u0107u silu\u201d u ovoj asocijaciji.<\/p>\n<p>Ali, u isto vrijeme mi \u0107emo raditi da koordiniramo te stvari koje \u0107e biti u skladu s evropskim vrijednostima i standardima i na temelju onoga \u0161to je dogovoreno kroz dokument predsjednika Ahtisarija za Kosovo. To zna\u010di da \u0107e to biti asocijacija, a ne poseban entitet, dakle bit \u0107e to normalna asocijacija, kao i druge koje ve\u0107 imamo.<\/p>\n<p><strong>Po\u010dinili genocid<\/strong><\/p>\n<p>U Vije\u0107u sigurnosti UN-a opet ste vi\u0161e puta spomenuli Srebrenicu. Razumijevaju\u0107i to kao Va\u0161 pijetet prema \u017ertvama, pitam Vas ima li to spominjanje i neku drugu, politi\u010dku dimenziju?<\/p>\n<p>\u2013 Znate, Srbija je po\u010dela ratove u Sloveniji, pa u Hrvatskoj, onda u BiH i na kraju na Kosovu. To su historijski fakti. I sada, oni poku\u0161avaju biti najve\u0107i mirotvorci u regionu. No, ne smije se zaboraviti ta istina, da su oni po\u010dinili genocid u Hrvatskoj, u Srebrenici i onda na Kosovu. Niko ne mo\u017ee iznova pisati historiju o tome. Jer, jednostavno, istina je istina. Oni (Srbi) po\u010deli su ratove u biv\u0161im jugoslavenskim republikama i na Kosovu, a Srbija je direktno, kao dr\u017eava, a ne samo na nivou pojedinaca po\u010dinila sve te genocide u Srebrenici, u Hrvatskoj i na Kosovu.<\/p>\n<p><strong>Imaju ambiciju<\/strong><\/p>\n<p>Gospodin Da\u010di\u0107 u jednoj izjavi za na\u0161e novine, pro\u0161le godine, tako\u0111er u Njujorku, rekao je da Beograd ne planira niti ima ambicije da na Kosovu pravi novu \u201crepubliku srpsku\u201d. Zna\u010di li to da se va\u0161i stavovi poklapaju?<\/p>\n<p>\u2013 Oni nemaju plan, ali ambiciju imaju. Te planove mi ne\u0107emo niti mo\u017eemo dozvoliti da se na Kosovu implementiraju, ni pod kojim uvjetima.<\/p>\n<p>Ne smijemo zaboraviti pro\u0161lost<\/p>\n<p>Vi i predsjednik Vlade Hrvatske Zoran Milanovi\u0107 direktno ste odbili inicijativu Aleksandra Vu\u010di\u0107a da se odredi zajedni\u010dki dan za komemoraciju \u017ertvama svih ratova iz devedesetih, dok su u Sarajevu ostali nedore\u010deni. Imate li neku poruku za bh. politi\u010dke lidere?<\/p>\n<p>\u2013 Mi moramo misliti o budu\u0107nosti, naravno o pomirenju, ali, jednostavno, ne mo\u017eemo niti imamo pravo zaboraviti pro\u0161lost. To je moja poruka za Sarajevo i sve ostale.<\/p>\n<p>(Avaz)<\/p>\n<p>Pogledajte vijest na izvornom sajtu:<\/p>\n<p><a href=\"http:\/\/bosnapress.net\/hasim-taci-necemo-dozvoliti-novu-republiku-srpsku\/\" target=\"_blank\">Ha\u0161im Ta\u010di: Ne\u0107emo dozvoliti novu \u201crepubliku srpsku\u201d<\/a><\/p>\n","protected":false},"excerpt":{"rendered":"<p>Balkan \u2013 Nakon zavr\u0161ene redovne sjednice Vije\u0107a sigurnosti UN-a posve\u0107ene Kosovu, ministar vanjskih poslova ove zemlje Ha\u0161im Ta\u010di (Hashim Thaci) dao je ekskluzivni intervju stalnom dopisniku \u201cDnevnog avaza\u201d iz Njujorka, u kojem je izrazio \u017ealjenje \u0161to nije prisustvovao 20. godi\u0161njici obilje\u017eavanja genocida u Srebrenici. S velikim interesiranjem prije intervju je prelistavao \u201eAvazovo\u201c specijalno izdanje \u201cPamti\u0161 [&hellip;]<\/p>\n","protected":false},"author":83,"featured_media":134519,"comment_status":"open","ping_status":"open","sticky":false,"template":"","format":"standard","meta":{"footnotes":""},"categories":[10513],"tags":[10466],"class_list":{"0":"post-134517","1":"post","2":"type-post","3":"status-publish","4":"format-standard","5":"has-post-thumbnail","7":"category-bosna-press","8":"tag-bosna-i-hercegovina"},"yoast_head":"<!-- This site is optimized with the Yoast SEO Premium plugin v23.1 (Yoast SEO v24.9) - https:\/\/yoast.com\/wordpress\/plugins\/seo\/ -->\n<title>Ha\u0161im Ta\u010di: Ne\u0107emo dozvoliti novu \u201crepubliku srpsku\u201d<\/title>\n<meta name=\"robots\" content=\"index, follow, max-snippet:-1, max-image-preview:large, max-video-preview:-1\" \/>\n<link rel=\"canonical\" href=\"https:\/\/sandzakpress.net\/arhiva\/hasim-taci-necemo-dozvoliti-novu-republiku-srpsku\/\" \/>\n<meta property=\"og:locale\" content=\"bs_BA\" \/>\n<meta property=\"og:type\" content=\"article\" \/>\n<meta property=\"og:title\" content=\"Ha\u0161im Ta\u010di: Ne\u0107emo dozvoliti novu \u201crepubliku srpsku\u201d\" \/>\n<meta property=\"og:description\" content=\"Balkan \u2013 Nakon zavr\u0161ene redovne sjednice Vije\u0107a sigurnosti UN-a posve\u0107ene Kosovu, ministar vanjskih poslova ove zemlje Ha\u0161im Ta\u010di (Hashim Thaci) dao je ekskluzivni intervju stalnom dopisniku \u201cDnevnog avaza\u201d iz Njujorka, u kojem je izrazio \u017ealjenje \u0161to nije prisustvovao 20. godi\u0161njici obilje\u017eavanja genocida u Srebrenici. S velikim interesiranjem prije intervju je prelistavao \u201eAvazovo\u201c specijalno izdanje \u201cPamti\u0161 [&hellip;]\" \/>\n<meta property=\"og:url\" content=\"https:\/\/sandzakpress.net\/arhiva\/hasim-taci-necemo-dozvoliti-novu-republiku-srpsku\/\" \/>\n<meta property=\"og:site_name\" content=\"Sand\u017eak PRESS\" \/>\n<meta property=\"article:published_time\" content=\"2015-08-24T13:07:23+00:00\" \/>\n<meta property=\"og:image\" content=\"https:\/\/sandzakpress.net\/arhiva\/wp-content\/uploads\/2015\/08\/55dacb12-639c-4235-a231-42120a0a0a64-hasim-taci-nova-718x4461.jpg\" \/>\n\t<meta property=\"og:image:width\" content=\"718\" \/>\n\t<meta property=\"og:image:height\" content=\"446\" \/>\n\t<meta property=\"og:image:type\" content=\"image\/jpeg\" \/>\n<meta name=\"author\" content=\"bosniak\" \/>\n<meta name=\"twitter:card\" content=\"summary_large_image\" \/>\n<meta name=\"twitter:label1\" content=\"Written by\" \/>\n\t<meta name=\"twitter:data1\" content=\"bosniak\" \/>\n\t<meta name=\"twitter:label2\" content=\"Est. reading time\" \/>\n\t<meta name=\"twitter:data2\" content=\"4 minute\" \/>\n<script type=\"application\/ld+json\" class=\"yoast-schema-graph\">{\"@context\":\"https:\/\/schema.org\",\"@graph\":[{\"@type\":\"Article\",\"@id\":\"https:\/\/sandzakpress.net\/arhiva\/hasim-taci-necemo-dozvoliti-novu-republiku-srpsku\/#article\",\"isPartOf\":{\"@id\":\"https:\/\/sandzakpress.net\/arhiva\/hasim-taci-necemo-dozvoliti-novu-republiku-srpsku\/\"},\"author\":{\"name\":\"bosniak\",\"@id\":\"https:\/\/sandzakpress.net\/arhiva\/#\/schema\/person\/c8baee722073534b583ea7bdb2e36c02\"},\"headline\":\"Ha\u0161im Ta\u010di: Ne\u0107emo dozvoliti novu \u201crepubliku srpsku\u201d\",\"datePublished\":\"2015-08-24T13:07:23+00:00\",\"mainEntityOfPage\":{\"@id\":\"https:\/\/sandzakpress.net\/arhiva\/hasim-taci-necemo-dozvoliti-novu-republiku-srpsku\/\"},\"wordCount\":874,\"commentCount\":26,\"publisher\":{\"@id\":\"https:\/\/sandzakpress.net\/arhiva\/#\/schema\/person\/6e72b67d6e51910a1117b3b483ba20bd\"},\"image\":{\"@id\":\"https:\/\/sandzakpress.net\/arhiva\/hasim-taci-necemo-dozvoliti-novu-republiku-srpsku\/#primaryimage\"},\"thumbnailUrl\":\"https:\/\/sandzakpress.net\/arhiva\/wp-content\/uploads\/2015\/08\/55dacb12-639c-4235-a231-42120a0a0a64-hasim-taci-nova-718x4461.jpg\",\"keywords\":[\"Bosna i Hercegovina\"],\"articleSection\":[\"Bosna PRESS\"],\"inLanguage\":\"bs-BA\",\"potentialAction\":[{\"@type\":\"CommentAction\",\"name\":\"Comment\",\"target\":[\"https:\/\/sandzakpress.net\/arhiva\/hasim-taci-necemo-dozvoliti-novu-republiku-srpsku\/#respond\"]}]},{\"@type\":\"WebPage\",\"@id\":\"https:\/\/sandzakpress.net\/arhiva\/hasim-taci-necemo-dozvoliti-novu-republiku-srpsku\/\",\"url\":\"https:\/\/sandzakpress.net\/arhiva\/hasim-taci-necemo-dozvoliti-novu-republiku-srpsku\/\",\"name\":\"Ha\u0161im Ta\u010di: Ne\u0107emo dozvoliti novu \u201crepubliku srpsku\u201d\",\"isPartOf\":{\"@id\":\"https:\/\/sandzakpress.net\/arhiva\/#website\"},\"primaryImageOfPage\":{\"@id\":\"https:\/\/sandzakpress.net\/arhiva\/hasim-taci-necemo-dozvoliti-novu-republiku-srpsku\/#primaryimage\"},\"image\":{\"@id\":\"https:\/\/sandzakpress.net\/arhiva\/hasim-taci-necemo-dozvoliti-novu-republiku-srpsku\/#primaryimage\"},\"thumbnailUrl\":\"https:\/\/sandzakpress.net\/arhiva\/wp-content\/uploads\/2015\/08\/55dacb12-639c-4235-a231-42120a0a0a64-hasim-taci-nova-718x4461.jpg\",\"datePublished\":\"2015-08-24T13:07:23+00:00\",\"breadcrumb\":{\"@id\":\"https:\/\/sandzakpress.net\/arhiva\/hasim-taci-necemo-dozvoliti-novu-republiku-srpsku\/#breadcrumb\"},\"inLanguage\":\"bs-BA\",\"potentialAction\":[{\"@type\":\"ReadAction\",\"target\":[\"https:\/\/sandzakpress.net\/arhiva\/hasim-taci-necemo-dozvoliti-novu-republiku-srpsku\/\"]}]},{\"@type\":\"ImageObject\",\"inLanguage\":\"bs-BA\",\"@id\":\"https:\/\/sandzakpress.net\/arhiva\/hasim-taci-necemo-dozvoliti-novu-republiku-srpsku\/#primaryimage\",\"url\":\"https:\/\/sandzakpress.net\/arhiva\/wp-content\/uploads\/2015\/08\/55dacb12-639c-4235-a231-42120a0a0a64-hasim-taci-nova-718x4461.jpg\",\"contentUrl\":\"https:\/\/sandzakpress.net\/arhiva\/wp-content\/uploads\/2015\/08\/55dacb12-639c-4235-a231-42120a0a0a64-hasim-taci-nova-718x4461.jpg\",\"width\":718,\"height\":446},{\"@type\":\"BreadcrumbList\",\"@id\":\"https:\/\/sandzakpress.net\/arhiva\/hasim-taci-necemo-dozvoliti-novu-republiku-srpsku\/#breadcrumb\",\"itemListElement\":[{\"@type\":\"ListItem\",\"position\":1,\"name\":\"Home\",\"item\":\"https:\/\/sandzakpress.net\/arhiva\/\"},{\"@type\":\"ListItem\",\"position\":2,\"name\":\"Ha\u0161im Ta\u010di: Ne\u0107emo dozvoliti novu \u201crepubliku srpsku\u201d\"}]},{\"@type\":\"WebSite\",\"@id\":\"https:\/\/sandzakpress.net\/arhiva\/#website\",\"url\":\"https:\/\/sandzakpress.net\/arhiva\/\",\"name\":\"Sand\u017eak PRESS\",\"description\":\"Prve elektronske novine u Sand\u017eaku\",\"publisher\":{\"@id\":\"https:\/\/sandzakpress.net\/arhiva\/#\/schema\/person\/6e72b67d6e51910a1117b3b483ba20bd\"},\"potentialAction\":[{\"@type\":\"SearchAction\",\"target\":{\"@type\":\"EntryPoint\",\"urlTemplate\":\"https:\/\/sandzakpress.net\/arhiva\/?s={search_term_string}\"},\"query-input\":{\"@type\":\"PropertyValueSpecification\",\"valueRequired\":true,\"valueName\":\"search_term_string\"}}],\"inLanguage\":\"bs-BA\"},{\"@type\":[\"Person\",\"Organization\"],\"@id\":\"https:\/\/sandzakpress.net\/arhiva\/#\/schema\/person\/6e72b67d6e51910a1117b3b483ba20bd\",\"name\":\"Kul\",\"image\":{\"@type\":\"ImageObject\",\"inLanguage\":\"bs-BA\",\"@id\":\"https:\/\/sandzakpress.net\/arhiva\/#\/schema\/person\/image\/\",\"url\":\"https:\/\/secure.gravatar.com\/avatar\/42263f39aa27ac04c43cab85c280eb2e?s=96&d=mm&r=pg\",\"contentUrl\":\"https:\/\/secure.gravatar.com\/avatar\/42263f39aa27ac04c43cab85c280eb2e?s=96&d=mm&r=pg\",\"caption\":\"Kul\"},\"logo\":{\"@id\":\"https:\/\/sandzakpress.net\/arhiva\/#\/schema\/person\/image\/\"}},{\"@type\":\"Person\",\"@id\":\"https:\/\/sandzakpress.net\/arhiva\/#\/schema\/person\/c8baee722073534b583ea7bdb2e36c02\",\"name\":\"bosniak\",\"image\":{\"@type\":\"ImageObject\",\"inLanguage\":\"bs-BA\",\"@id\":\"https:\/\/sandzakpress.net\/arhiva\/#\/schema\/person\/image\/\",\"url\":\"https:\/\/secure.gravatar.com\/avatar\/a04fd330bfe3a36a72a0ad4a6d89fca7?s=96&d=mm&r=pg\",\"contentUrl\":\"https:\/\/secure.gravatar.com\/avatar\/a04fd330bfe3a36a72a0ad4a6d89fca7?s=96&d=mm&r=pg\",\"caption\":\"bosniak\"},\"url\":\"https:\/\/sandzakpress.net\/arhiva\/author\/bosniak\/\"}]}<\/script>\n<!-- \/ Yoast SEO Premium plugin. -->","yoast_head_json":{"title":"Ha\u0161im Ta\u010di: Ne\u0107emo dozvoliti novu \u201crepubliku srpsku\u201d","robots":{"index":"index","follow":"follow","max-snippet":"max-snippet:-1","max-image-preview":"max-image-preview:large","max-video-preview":"max-video-preview:-1"},"canonical":"https:\/\/sandzakpress.net\/arhiva\/hasim-taci-necemo-dozvoliti-novu-republiku-srpsku\/","og_locale":"bs_BA","og_type":"article","og_title":"Ha\u0161im Ta\u010di: Ne\u0107emo dozvoliti novu \u201crepubliku srpsku\u201d","og_description":"Balkan \u2013 Nakon zavr\u0161ene redovne sjednice Vije\u0107a sigurnosti UN-a posve\u0107ene Kosovu, ministar vanjskih poslova ove zemlje Ha\u0161im Ta\u010di (Hashim Thaci) dao je ekskluzivni intervju stalnom dopisniku \u201cDnevnog avaza\u201d iz Njujorka, u kojem je izrazio \u017ealjenje \u0161to nije prisustvovao 20. godi\u0161njici obilje\u017eavanja genocida u Srebrenici. S velikim interesiranjem prije intervju je prelistavao \u201eAvazovo\u201c specijalno izdanje \u201cPamti\u0161 [&hellip;]","og_url":"https:\/\/sandzakpress.net\/arhiva\/hasim-taci-necemo-dozvoliti-novu-republiku-srpsku\/","og_site_name":"Sand\u017eak PRESS","article_published_time":"2015-08-24T13:07:23+00:00","og_image":[{"width":718,"height":446,"url":"https:\/\/sandzakpress.net\/arhiva\/wp-content\/uploads\/2015\/08\/55dacb12-639c-4235-a231-42120a0a0a64-hasim-taci-nova-718x4461.jpg","type":"image\/jpeg"}],"author":"bosniak","twitter_card":"summary_large_image","twitter_misc":{"Written by":"bosniak","Est. reading time":"4 minute"},"schema":{"@context":"https:\/\/schema.org","@graph":[{"@type":"Article","@id":"https:\/\/sandzakpress.net\/arhiva\/hasim-taci-necemo-dozvoliti-novu-republiku-srpsku\/#article","isPartOf":{"@id":"https:\/\/sandzakpress.net\/arhiva\/hasim-taci-necemo-dozvoliti-novu-republiku-srpsku\/"},"author":{"name":"bosniak","@id":"https:\/\/sandzakpress.net\/arhiva\/#\/schema\/person\/c8baee722073534b583ea7bdb2e36c02"},"headline":"Ha\u0161im Ta\u010di: Ne\u0107emo dozvoliti novu \u201crepubliku srpsku\u201d","datePublished":"2015-08-24T13:07:23+00:00","mainEntityOfPage":{"@id":"https:\/\/sandzakpress.net\/arhiva\/hasim-taci-necemo-dozvoliti-novu-republiku-srpsku\/"},"wordCount":874,"commentCount":26,"publisher":{"@id":"https:\/\/sandzakpress.net\/arhiva\/#\/schema\/person\/6e72b67d6e51910a1117b3b483ba20bd"},"image":{"@id":"https:\/\/sandzakpress.net\/arhiva\/hasim-taci-necemo-dozvoliti-novu-republiku-srpsku\/#primaryimage"},"thumbnailUrl":"https:\/\/sandzakpress.net\/arhiva\/wp-content\/uploads\/2015\/08\/55dacb12-639c-4235-a231-42120a0a0a64-hasim-taci-nova-718x4461.jpg","keywords":["Bosna i Hercegovina"],"articleSection":["Bosna PRESS"],"inLanguage":"bs-BA","potentialAction":[{"@type":"CommentAction","name":"Comment","target":["https:\/\/sandzakpress.net\/arhiva\/hasim-taci-necemo-dozvoliti-novu-republiku-srpsku\/#respond"]}]},{"@type":"WebPage","@id":"https:\/\/sandzakpress.net\/arhiva\/hasim-taci-necemo-dozvoliti-novu-republiku-srpsku\/","url":"https:\/\/sandzakpress.net\/arhiva\/hasim-taci-necemo-dozvoliti-novu-republiku-srpsku\/","name":"Ha\u0161im Ta\u010di: Ne\u0107emo dozvoliti novu \u201crepubliku srpsku\u201d","isPartOf":{"@id":"https:\/\/sandzakpress.net\/arhiva\/#website"},"primaryImageOfPage":{"@id":"https:\/\/sandzakpress.net\/arhiva\/hasim-taci-necemo-dozvoliti-novu-republiku-srpsku\/#primaryimage"},"image":{"@id":"https:\/\/sandzakpress.net\/arhiva\/hasim-taci-necemo-dozvoliti-novu-republiku-srpsku\/#primaryimage"},"thumbnailUrl":"https:\/\/sandzakpress.net\/arhiva\/wp-content\/uploads\/2015\/08\/55dacb12-639c-4235-a231-42120a0a0a64-hasim-taci-nova-718x4461.jpg","datePublished":"2015-08-24T13:07:23+00:00","breadcrumb":{"@id":"https:\/\/sandzakpress.net\/arhiva\/hasim-taci-necemo-dozvoliti-novu-republiku-srpsku\/#breadcrumb"},"inLanguage":"bs-BA","potentialAction":[{"@type":"ReadAction","target":["https:\/\/sandzakpress.net\/arhiva\/hasim-taci-necemo-dozvoliti-novu-republiku-srpsku\/"]}]},{"@type":"ImageObject","inLanguage":"bs-BA","@id":"https:\/\/sandzakpress.net\/arhiva\/hasim-taci-necemo-dozvoliti-novu-republiku-srpsku\/#primaryimage","url":"https:\/\/sandzakpress.net\/arhiva\/wp-content\/uploads\/2015\/08\/55dacb12-639c-4235-a231-42120a0a0a64-hasim-taci-nova-718x4461.jpg","contentUrl":"https:\/\/sandzakpress.net\/arhiva\/wp-content\/uploads\/2015\/08\/55dacb12-639c-4235-a231-42120a0a0a64-hasim-taci-nova-718x4461.jpg","width":718,"height":446},{"@type":"BreadcrumbList","@id":"https:\/\/sandzakpress.net\/arhiva\/hasim-taci-necemo-dozvoliti-novu-republiku-srpsku\/#breadcrumb","itemListElement":[{"@type":"ListItem","position":1,"name":"Home","item":"https:\/\/sandzakpress.net\/arhiva\/"},{"@type":"ListItem","position":2,"name":"Ha\u0161im Ta\u010di: Ne\u0107emo dozvoliti novu \u201crepubliku srpsku\u201d"}]},{"@type":"WebSite","@id":"https:\/\/sandzakpress.net\/arhiva\/#website","url":"https:\/\/sandzakpress.net\/arhiva\/","name":"Sand\u017eak PRESS","description":"Prve elektronske novine u Sand\u017eaku","publisher":{"@id":"https:\/\/sandzakpress.net\/arhiva\/#\/schema\/person\/6e72b67d6e51910a1117b3b483ba20bd"},"potentialAction":[{"@type":"SearchAction","target":{"@type":"EntryPoint","urlTemplate":"https:\/\/sandzakpress.net\/arhiva\/?s={search_term_string}"},"query-input":{"@type":"PropertyValueSpecification","valueRequired":true,"valueName":"search_term_string"}}],"inLanguage":"bs-BA"},{"@type":["Person","Organization"],"@id":"https:\/\/sandzakpress.net\/arhiva\/#\/schema\/person\/6e72b67d6e51910a1117b3b483ba20bd","name":"Kul","image":{"@type":"ImageObject","inLanguage":"bs-BA","@id":"https:\/\/sandzakpress.net\/arhiva\/#\/schema\/person\/image\/","url":"https:\/\/secure.gravatar.com\/avatar\/42263f39aa27ac04c43cab85c280eb2e?s=96&d=mm&r=pg","contentUrl":"https:\/\/secure.gravatar.com\/avatar\/42263f39aa27ac04c43cab85c280eb2e?s=96&d=mm&r=pg","caption":"Kul"},"logo":{"@id":"https:\/\/sandzakpress.net\/arhiva\/#\/schema\/person\/image\/"}},{"@type":"Person","@id":"https:\/\/sandzakpress.net\/arhiva\/#\/schema\/person\/c8baee722073534b583ea7bdb2e36c02","name":"bosniak","image":{"@type":"ImageObject","inLanguage":"bs-BA","@id":"https:\/\/sandzakpress.net\/arhiva\/#\/schema\/person\/image\/","url":"https:\/\/secure.gravatar.com\/avatar\/a04fd330bfe3a36a72a0ad4a6d89fca7?s=96&d=mm&r=pg","contentUrl":"https:\/\/secure.gravatar.com\/avatar\/a04fd330bfe3a36a72a0ad4a6d89fca7?s=96&d=mm&r=pg","caption":"bosniak"},"url":"https:\/\/sandzakpress.net\/arhiva\/author\/bosniak\/"}]}},"_links":{"self":[{"href":"https:\/\/sandzakpress.net\/arhiva\/wp-json\/wp\/v2\/posts\/134517"}],"collection":[{"href":"https:\/\/sandzakpress.net\/arhiva\/wp-json\/wp\/v2\/posts"}],"about":[{"href":"https:\/\/sandzakpress.net\/arhiva\/wp-json\/wp\/v2\/types\/post"}],"author":[{"embeddable":true,"href":"https:\/\/sandzakpress.net\/arhiva\/wp-json\/wp\/v2\/users\/83"}],"replies":[{"embeddable":true,"href":"https:\/\/sandzakpress.net\/arhiva\/wp-json\/wp\/v2\/comments?post=134517"}],"version-history":[{"count":0,"href":"https:\/\/sandzakpress.net\/arhiva\/wp-json\/wp\/v2\/posts\/134517\/revisions"}],"wp:featuredmedia":[{"embeddable":true,"href":"https:\/\/sandzakpress.net\/arhiva\/wp-json\/wp\/v2\/media\/134519"}],"wp:attachment":[{"href":"https:\/\/sandzakpress.net\/arhiva\/wp-json\/wp\/v2\/media?parent=134517"}],"wp:term":[{"taxonomy":"category","embeddable":true,"href":"https:\/\/sandzakpress.net\/arhiva\/wp-json\/wp\/v2\/categories?post=134517"},{"taxonomy":"post_tag","embeddable":true,"href":"https:\/\/sandzakpress.net\/arhiva\/wp-json\/wp\/v2\/tags?post=134517"}],"curies":[{"name":"wp","href":"https:\/\/api.w.org\/{rel}","templated":true}]}}