{"id":134478,"date":"2015-08-24T14:23:36","date_gmt":"2015-08-24T12:23:36","guid":{"rendered":"https:\/\/sandzakpress.net\/arhiva\/komsicev-df-izlazi-radoncicev-sbb-ulazi-u-vlast-na-svim-razinama"},"modified":"2015-08-24T14:23:36","modified_gmt":"2015-08-24T12:23:36","slug":"komsicev-df-izlazi-radoncicev-sbb-ulazi-u-vlast-na-svim-razinama","status":"publish","type":"post","link":"https:\/\/sandzakpress.net\/arhiva\/komsicev-df-izlazi-radoncicev-sbb-ulazi-u-vlast-na-svim-razinama\/","title":{"rendered":"Kom\u0161i\u0107ev DF izlazi, Radon\u010di\u0107ev SBB ulazi u vlast na svim razinama!"},"content":{"rendered":"<p><img decoding=\"async\" src=\"http:\/\/www.dalsivalter.com\/wp-content\/uploads\/2015\/07\/Fahroo-%C5%BDeljko-Bakir.png\" alt=\"\" \/><\/p>\n<p><strong>Srajevo \u2013 SDA \u0107e danas najvjerovatnije prihvatiti prijedlog HDZ-a o ulasku Radon\u010di\u0107evog SBB-a u novu parlamentarnu ve\u0107inu na svim razinama. <\/strong><\/p>\n<p>Predsjednik Saveza za bolju budu\u0107nost BiH Fahrudin Radon\u010di\u0107 na svom Twitter profilu ponovio je u kratkim crtama ono \u0161to je izjavio prije dva dana u Mostar<strong>u\u00a0<\/strong>nakon sastanka s liderom HDZ-a, Draganom \u010covi\u0107em, da bi stranka na \u010dijem je \u010delu mogla postati dio nove politi\u010dke koalicije okupljene oko Stranke demokratske akcije (SDA) i Hrvatske demokratske zajednice (HDZ) BiH.<\/p>\n<p>\u201cBiH, ako \u017eeli da opstane, o\u010digledno zahtjeva kompromis svih, uklju\u010duju\u0107i i mene i gospodina Izetbegovi\u0107a i \u010covi\u0107a\u201d, napisao je Radon\u010di\u0107 na svom Twitter profilu.<\/p>\n<p>Prema informacijama\u00a0 Slobodne Bosne, Kolegij SDA danas \u0107e razmatrati ovu ponudu koja je o\u010dito ranije bila dogovorena i najerovatnije \u0107e na\u010delno odgovoriti poziitivno. Dvije stranke, SDA i SBB, formirat \u0107e strana\u010dke delegacije koje \u0107e pripremiti teren za kasniji razgovor strana\u010dkih \u0161efova, Bakira Izetbegovi\u0107a i Fahrudina Radon\u010di\u0107a, koji bi se mogli sastati po\u010detkom naredne sedmice i potpisati koalicioni sporazum, pod uvjetom da se prethodno definiraju i usuglase klju\u010dne odredbe koalicione platforme \u010diji je temelj ranije usvojena reformska agenda.<\/p>\n<p>Koalicija SDA i SBB podrazumijevala bi rekonstrukciju vlastri na svim razinama, od kantona do Vije\u0107e ministara BiH, pri \u010demu bi Kom\u0161i\u0107ev DF preselio u opoziciju a poziciju ove stranke preuzeo bi Radin\u010di\u0107ev SBB i Jerlagi\u0107eva Stranka za BiH (na federalnoj razini).<\/p>\n<p>Koalicioni partner iz Republike Srpske na dr\u017eavnoj razini i dalje bi bio Savez za promjene.<\/p>\n<p>\u00a0<\/p>\n<p>(Slobodna Bosna)<\/p>\n<p>Pogledajte vijest na izvornom sajtu:<\/p>\n<p><a href=\"http:\/\/bosnapress.net\/komsicev-df-izlazi-radoncicev-sbb-ulazi-u-vlast-na-svim-razinama\/\" target=\"_blank\">Kom\u0161i\u0107ev DF izlazi, Radon\u010di\u0107ev SBB ulazi u vlast na svim razinama!<\/a><\/p>\n","protected":false},"excerpt":{"rendered":"<p>Srajevo \u2013 SDA \u0107e danas najvjerovatnije prihvatiti prijedlog HDZ-a o ulasku Radon\u010di\u0107evog SBB-a u novu parlamentarnu ve\u0107inu na svim razinama. Predsjednik Saveza za bolju budu\u0107nost BiH Fahrudin Radon\u010di\u0107 na svom Twitter profilu ponovio je u kratkim crtama ono \u0161to je izjavio prije dva dana u Mostaru\u00a0nakon sastanka s liderom HDZ-a, Draganom \u010covi\u0107em, da bi stranka [&hellip;]<\/p>\n","protected":false},"author":83,"featured_media":134480,"comment_status":"open","ping_status":"open","sticky":false,"template":"","format":"standard","meta":{"footnotes":""},"categories":[10513],"tags":[10466],"class_list":{"0":"post-134478","1":"post","2":"type-post","3":"status-publish","4":"format-standard","5":"has-post-thumbnail","7":"category-bosna-press","8":"tag-bosna-i-hercegovina"},"yoast_head":"<!-- This site is optimized with the Yoast SEO Premium plugin v23.1 (Yoast SEO v24.9) - https:\/\/yoast.com\/wordpress\/plugins\/seo\/ -->\n<title>Kom\u0161i\u0107ev DF izlazi, Radon\u010di\u0107ev SBB ulazi u vlast na svim razinama!<\/title>\n<meta name=\"robots\" content=\"index, follow, max-snippet:-1, max-image-preview:large, max-video-preview:-1\" \/>\n<link rel=\"canonical\" href=\"https:\/\/sandzakpress.net\/arhiva\/komsicev-df-izlazi-radoncicev-sbb-ulazi-u-vlast-na-svim-razinama\/\" \/>\n<meta property=\"og:locale\" content=\"bs_BA\" \/>\n<meta property=\"og:type\" content=\"article\" \/>\n<meta property=\"og:title\" content=\"Kom\u0161i\u0107ev DF izlazi, Radon\u010di\u0107ev SBB ulazi u vlast na svim razinama!\" \/>\n<meta property=\"og:description\" content=\"Srajevo \u2013 SDA \u0107e danas najvjerovatnije prihvatiti prijedlog HDZ-a o ulasku Radon\u010di\u0107evog SBB-a u novu parlamentarnu ve\u0107inu na svim razinama. Predsjednik Saveza za bolju budu\u0107nost BiH Fahrudin Radon\u010di\u0107 na svom Twitter profilu ponovio je u kratkim crtama ono \u0161to je izjavio prije dva dana u Mostaru\u00a0nakon sastanka s liderom HDZ-a, Draganom \u010covi\u0107em, da bi stranka [&hellip;]\" \/>\n<meta property=\"og:url\" content=\"https:\/\/sandzakpress.net\/arhiva\/komsicev-df-izlazi-radoncicev-sbb-ulazi-u-vlast-na-svim-razinama\/\" \/>\n<meta property=\"og:site_name\" content=\"Sand\u017eak PRESS\" \/>\n<meta property=\"article:published_time\" content=\"2015-08-24T12:23:36+00:00\" \/>\n<meta property=\"og:image\" content=\"https:\/\/sandzakpress.net\/arhiva\/wp-content\/uploads\/2015\/08\/Fahroo-%C5%BDeljko-Bakir.png\" \/>\n\t<meta property=\"og:image:width\" content=\"658\" \/>\n\t<meta property=\"og:image:height\" content=\"453\" \/>\n\t<meta property=\"og:image:type\" content=\"image\/png\" \/>\n<meta name=\"author\" content=\"bosniak\" \/>\n<meta name=\"twitter:card\" content=\"summary_large_image\" \/>\n<meta name=\"twitter:label1\" content=\"Written by\" \/>\n\t<meta name=\"twitter:data1\" content=\"bosniak\" \/>\n\t<meta name=\"twitter:label2\" content=\"Est. reading time\" \/>\n\t<meta name=\"twitter:data2\" content=\"1 minuta\" \/>\n<script type=\"application\/ld+json\" class=\"yoast-schema-graph\">{\"@context\":\"https:\/\/schema.org\",\"@graph\":[{\"@type\":\"Article\",\"@id\":\"https:\/\/sandzakpress.net\/arhiva\/komsicev-df-izlazi-radoncicev-sbb-ulazi-u-vlast-na-svim-razinama\/#article\",\"isPartOf\":{\"@id\":\"https:\/\/sandzakpress.net\/arhiva\/komsicev-df-izlazi-radoncicev-sbb-ulazi-u-vlast-na-svim-razinama\/\"},\"author\":{\"name\":\"bosniak\",\"@id\":\"https:\/\/sandzakpress.net\/arhiva\/#\/schema\/person\/c8baee722073534b583ea7bdb2e36c02\"},\"headline\":\"Kom\u0161i\u0107ev DF izlazi, Radon\u010di\u0107ev SBB ulazi u vlast na svim razinama!\",\"datePublished\":\"2015-08-24T12:23:36+00:00\",\"mainEntityOfPage\":{\"@id\":\"https:\/\/sandzakpress.net\/arhiva\/komsicev-df-izlazi-radoncicev-sbb-ulazi-u-vlast-na-svim-razinama\/\"},\"wordCount\":300,\"commentCount\":0,\"publisher\":{\"@id\":\"https:\/\/sandzakpress.net\/arhiva\/#\/schema\/person\/6e72b67d6e51910a1117b3b483ba20bd\"},\"image\":{\"@id\":\"https:\/\/sandzakpress.net\/arhiva\/komsicev-df-izlazi-radoncicev-sbb-ulazi-u-vlast-na-svim-razinama\/#primaryimage\"},\"thumbnailUrl\":\"https:\/\/sandzakpress.net\/arhiva\/wp-content\/uploads\/2015\/08\/Fahroo-%C5%BDeljko-Bakir.png\",\"keywords\":[\"Bosna i Hercegovina\"],\"articleSection\":[\"Bosna PRESS\"],\"inLanguage\":\"bs-BA\",\"potentialAction\":[{\"@type\":\"CommentAction\",\"name\":\"Comment\",\"target\":[\"https:\/\/sandzakpress.net\/arhiva\/komsicev-df-izlazi-radoncicev-sbb-ulazi-u-vlast-na-svim-razinama\/#respond\"]}]},{\"@type\":\"WebPage\",\"@id\":\"https:\/\/sandzakpress.net\/arhiva\/komsicev-df-izlazi-radoncicev-sbb-ulazi-u-vlast-na-svim-razinama\/\",\"url\":\"https:\/\/sandzakpress.net\/arhiva\/komsicev-df-izlazi-radoncicev-sbb-ulazi-u-vlast-na-svim-razinama\/\",\"name\":\"Kom\u0161i\u0107ev DF izlazi, Radon\u010di\u0107ev SBB ulazi u vlast na svim razinama!\",\"isPartOf\":{\"@id\":\"https:\/\/sandzakpress.net\/arhiva\/#website\"},\"primaryImageOfPage\":{\"@id\":\"https:\/\/sandzakpress.net\/arhiva\/komsicev-df-izlazi-radoncicev-sbb-ulazi-u-vlast-na-svim-razinama\/#primaryimage\"},\"image\":{\"@id\":\"https:\/\/sandzakpress.net\/arhiva\/komsicev-df-izlazi-radoncicev-sbb-ulazi-u-vlast-na-svim-razinama\/#primaryimage\"},\"thumbnailUrl\":\"https:\/\/sandzakpress.net\/arhiva\/wp-content\/uploads\/2015\/08\/Fahroo-%C5%BDeljko-Bakir.png\",\"datePublished\":\"2015-08-24T12:23:36+00:00\",\"breadcrumb\":{\"@id\":\"https:\/\/sandzakpress.net\/arhiva\/komsicev-df-izlazi-radoncicev-sbb-ulazi-u-vlast-na-svim-razinama\/#breadcrumb\"},\"inLanguage\":\"bs-BA\",\"potentialAction\":[{\"@type\":\"ReadAction\",\"target\":[\"https:\/\/sandzakpress.net\/arhiva\/komsicev-df-izlazi-radoncicev-sbb-ulazi-u-vlast-na-svim-razinama\/\"]}]},{\"@type\":\"ImageObject\",\"inLanguage\":\"bs-BA\",\"@id\":\"https:\/\/sandzakpress.net\/arhiva\/komsicev-df-izlazi-radoncicev-sbb-ulazi-u-vlast-na-svim-razinama\/#primaryimage\",\"url\":\"https:\/\/sandzakpress.net\/arhiva\/wp-content\/uploads\/2015\/08\/Fahroo-%C5%BDeljko-Bakir.png\",\"contentUrl\":\"https:\/\/sandzakpress.net\/arhiva\/wp-content\/uploads\/2015\/08\/Fahroo-%C5%BDeljko-Bakir.png\",\"width\":658,\"height\":453},{\"@type\":\"BreadcrumbList\",\"@id\":\"https:\/\/sandzakpress.net\/arhiva\/komsicev-df-izlazi-radoncicev-sbb-ulazi-u-vlast-na-svim-razinama\/#breadcrumb\",\"itemListElement\":[{\"@type\":\"ListItem\",\"position\":1,\"name\":\"Home\",\"item\":\"https:\/\/sandzakpress.net\/arhiva\/\"},{\"@type\":\"ListItem\",\"position\":2,\"name\":\"Kom\u0161i\u0107ev DF izlazi, Radon\u010di\u0107ev SBB ulazi u vlast na svim razinama!\"}]},{\"@type\":\"WebSite\",\"@id\":\"https:\/\/sandzakpress.net\/arhiva\/#website\",\"url\":\"https:\/\/sandzakpress.net\/arhiva\/\",\"name\":\"Sand\u017eak PRESS\",\"description\":\"Prve elektronske novine u Sand\u017eaku\",\"publisher\":{\"@id\":\"https:\/\/sandzakpress.net\/arhiva\/#\/schema\/person\/6e72b67d6e51910a1117b3b483ba20bd\"},\"potentialAction\":[{\"@type\":\"SearchAction\",\"target\":{\"@type\":\"EntryPoint\",\"urlTemplate\":\"https:\/\/sandzakpress.net\/arhiva\/?s={search_term_string}\"},\"query-input\":{\"@type\":\"PropertyValueSpecification\",\"valueRequired\":true,\"valueName\":\"search_term_string\"}}],\"inLanguage\":\"bs-BA\"},{\"@type\":[\"Person\",\"Organization\"],\"@id\":\"https:\/\/sandzakpress.net\/arhiva\/#\/schema\/person\/6e72b67d6e51910a1117b3b483ba20bd\",\"name\":\"Kul\",\"image\":{\"@type\":\"ImageObject\",\"inLanguage\":\"bs-BA\",\"@id\":\"https:\/\/sandzakpress.net\/arhiva\/#\/schema\/person\/image\/\",\"url\":\"https:\/\/secure.gravatar.com\/avatar\/42263f39aa27ac04c43cab85c280eb2e?s=96&d=mm&r=pg\",\"contentUrl\":\"https:\/\/secure.gravatar.com\/avatar\/42263f39aa27ac04c43cab85c280eb2e?s=96&d=mm&r=pg\",\"caption\":\"Kul\"},\"logo\":{\"@id\":\"https:\/\/sandzakpress.net\/arhiva\/#\/schema\/person\/image\/\"}},{\"@type\":\"Person\",\"@id\":\"https:\/\/sandzakpress.net\/arhiva\/#\/schema\/person\/c8baee722073534b583ea7bdb2e36c02\",\"name\":\"bosniak\",\"image\":{\"@type\":\"ImageObject\",\"inLanguage\":\"bs-BA\",\"@id\":\"https:\/\/sandzakpress.net\/arhiva\/#\/schema\/person\/image\/\",\"url\":\"https:\/\/secure.gravatar.com\/avatar\/a04fd330bfe3a36a72a0ad4a6d89fca7?s=96&d=mm&r=pg\",\"contentUrl\":\"https:\/\/secure.gravatar.com\/avatar\/a04fd330bfe3a36a72a0ad4a6d89fca7?s=96&d=mm&r=pg\",\"caption\":\"bosniak\"},\"url\":\"https:\/\/sandzakpress.net\/arhiva\/author\/bosniak\/\"}]}<\/script>\n<!-- \/ Yoast SEO Premium plugin. -->","yoast_head_json":{"title":"Kom\u0161i\u0107ev DF izlazi, Radon\u010di\u0107ev SBB ulazi u vlast na svim razinama!","robots":{"index":"index","follow":"follow","max-snippet":"max-snippet:-1","max-image-preview":"max-image-preview:large","max-video-preview":"max-video-preview:-1"},"canonical":"https:\/\/sandzakpress.net\/arhiva\/komsicev-df-izlazi-radoncicev-sbb-ulazi-u-vlast-na-svim-razinama\/","og_locale":"bs_BA","og_type":"article","og_title":"Kom\u0161i\u0107ev DF izlazi, Radon\u010di\u0107ev SBB ulazi u vlast na svim razinama!","og_description":"Srajevo \u2013 SDA \u0107e danas najvjerovatnije prihvatiti prijedlog HDZ-a o ulasku Radon\u010di\u0107evog SBB-a u novu parlamentarnu ve\u0107inu na svim razinama. Predsjednik Saveza za bolju budu\u0107nost BiH Fahrudin Radon\u010di\u0107 na svom Twitter profilu ponovio je u kratkim crtama ono \u0161to je izjavio prije dva dana u Mostaru\u00a0nakon sastanka s liderom HDZ-a, Draganom \u010covi\u0107em, da bi stranka [&hellip;]","og_url":"https:\/\/sandzakpress.net\/arhiva\/komsicev-df-izlazi-radoncicev-sbb-ulazi-u-vlast-na-svim-razinama\/","og_site_name":"Sand\u017eak PRESS","article_published_time":"2015-08-24T12:23:36+00:00","og_image":[{"width":658,"height":453,"url":"https:\/\/sandzakpress.net\/arhiva\/wp-content\/uploads\/2015\/08\/Fahroo-%C5%BDeljko-Bakir.png","type":"image\/png"}],"author":"bosniak","twitter_card":"summary_large_image","twitter_misc":{"Written by":"bosniak","Est. reading time":"1 minuta"},"schema":{"@context":"https:\/\/schema.org","@graph":[{"@type":"Article","@id":"https:\/\/sandzakpress.net\/arhiva\/komsicev-df-izlazi-radoncicev-sbb-ulazi-u-vlast-na-svim-razinama\/#article","isPartOf":{"@id":"https:\/\/sandzakpress.net\/arhiva\/komsicev-df-izlazi-radoncicev-sbb-ulazi-u-vlast-na-svim-razinama\/"},"author":{"name":"bosniak","@id":"https:\/\/sandzakpress.net\/arhiva\/#\/schema\/person\/c8baee722073534b583ea7bdb2e36c02"},"headline":"Kom\u0161i\u0107ev DF izlazi, Radon\u010di\u0107ev SBB ulazi u vlast na svim razinama!","datePublished":"2015-08-24T12:23:36+00:00","mainEntityOfPage":{"@id":"https:\/\/sandzakpress.net\/arhiva\/komsicev-df-izlazi-radoncicev-sbb-ulazi-u-vlast-na-svim-razinama\/"},"wordCount":300,"commentCount":0,"publisher":{"@id":"https:\/\/sandzakpress.net\/arhiva\/#\/schema\/person\/6e72b67d6e51910a1117b3b483ba20bd"},"image":{"@id":"https:\/\/sandzakpress.net\/arhiva\/komsicev-df-izlazi-radoncicev-sbb-ulazi-u-vlast-na-svim-razinama\/#primaryimage"},"thumbnailUrl":"https:\/\/sandzakpress.net\/arhiva\/wp-content\/uploads\/2015\/08\/Fahroo-%C5%BDeljko-Bakir.png","keywords":["Bosna i Hercegovina"],"articleSection":["Bosna PRESS"],"inLanguage":"bs-BA","potentialAction":[{"@type":"CommentAction","name":"Comment","target":["https:\/\/sandzakpress.net\/arhiva\/komsicev-df-izlazi-radoncicev-sbb-ulazi-u-vlast-na-svim-razinama\/#respond"]}]},{"@type":"WebPage","@id":"https:\/\/sandzakpress.net\/arhiva\/komsicev-df-izlazi-radoncicev-sbb-ulazi-u-vlast-na-svim-razinama\/","url":"https:\/\/sandzakpress.net\/arhiva\/komsicev-df-izlazi-radoncicev-sbb-ulazi-u-vlast-na-svim-razinama\/","name":"Kom\u0161i\u0107ev DF izlazi, Radon\u010di\u0107ev SBB ulazi u vlast na svim razinama!","isPartOf":{"@id":"https:\/\/sandzakpress.net\/arhiva\/#website"},"primaryImageOfPage":{"@id":"https:\/\/sandzakpress.net\/arhiva\/komsicev-df-izlazi-radoncicev-sbb-ulazi-u-vlast-na-svim-razinama\/#primaryimage"},"image":{"@id":"https:\/\/sandzakpress.net\/arhiva\/komsicev-df-izlazi-radoncicev-sbb-ulazi-u-vlast-na-svim-razinama\/#primaryimage"},"thumbnailUrl":"https:\/\/sandzakpress.net\/arhiva\/wp-content\/uploads\/2015\/08\/Fahroo-%C5%BDeljko-Bakir.png","datePublished":"2015-08-24T12:23:36+00:00","breadcrumb":{"@id":"https:\/\/sandzakpress.net\/arhiva\/komsicev-df-izlazi-radoncicev-sbb-ulazi-u-vlast-na-svim-razinama\/#breadcrumb"},"inLanguage":"bs-BA","potentialAction":[{"@type":"ReadAction","target":["https:\/\/sandzakpress.net\/arhiva\/komsicev-df-izlazi-radoncicev-sbb-ulazi-u-vlast-na-svim-razinama\/"]}]},{"@type":"ImageObject","inLanguage":"bs-BA","@id":"https:\/\/sandzakpress.net\/arhiva\/komsicev-df-izlazi-radoncicev-sbb-ulazi-u-vlast-na-svim-razinama\/#primaryimage","url":"https:\/\/sandzakpress.net\/arhiva\/wp-content\/uploads\/2015\/08\/Fahroo-%C5%BDeljko-Bakir.png","contentUrl":"https:\/\/sandzakpress.net\/arhiva\/wp-content\/uploads\/2015\/08\/Fahroo-%C5%BDeljko-Bakir.png","width":658,"height":453},{"@type":"BreadcrumbList","@id":"https:\/\/sandzakpress.net\/arhiva\/komsicev-df-izlazi-radoncicev-sbb-ulazi-u-vlast-na-svim-razinama\/#breadcrumb","itemListElement":[{"@type":"ListItem","position":1,"name":"Home","item":"https:\/\/sandzakpress.net\/arhiva\/"},{"@type":"ListItem","position":2,"name":"Kom\u0161i\u0107ev DF izlazi, Radon\u010di\u0107ev SBB ulazi u vlast na svim razinama!"}]},{"@type":"WebSite","@id":"https:\/\/sandzakpress.net\/arhiva\/#website","url":"https:\/\/sandzakpress.net\/arhiva\/","name":"Sand\u017eak PRESS","description":"Prve elektronske novine u Sand\u017eaku","publisher":{"@id":"https:\/\/sandzakpress.net\/arhiva\/#\/schema\/person\/6e72b67d6e51910a1117b3b483ba20bd"},"potentialAction":[{"@type":"SearchAction","target":{"@type":"EntryPoint","urlTemplate":"https:\/\/sandzakpress.net\/arhiva\/?s={search_term_string}"},"query-input":{"@type":"PropertyValueSpecification","valueRequired":true,"valueName":"search_term_string"}}],"inLanguage":"bs-BA"},{"@type":["Person","Organization"],"@id":"https:\/\/sandzakpress.net\/arhiva\/#\/schema\/person\/6e72b67d6e51910a1117b3b483ba20bd","name":"Kul","image":{"@type":"ImageObject","inLanguage":"bs-BA","@id":"https:\/\/sandzakpress.net\/arhiva\/#\/schema\/person\/image\/","url":"https:\/\/secure.gravatar.com\/avatar\/42263f39aa27ac04c43cab85c280eb2e?s=96&d=mm&r=pg","contentUrl":"https:\/\/secure.gravatar.com\/avatar\/42263f39aa27ac04c43cab85c280eb2e?s=96&d=mm&r=pg","caption":"Kul"},"logo":{"@id":"https:\/\/sandzakpress.net\/arhiva\/#\/schema\/person\/image\/"}},{"@type":"Person","@id":"https:\/\/sandzakpress.net\/arhiva\/#\/schema\/person\/c8baee722073534b583ea7bdb2e36c02","name":"bosniak","image":{"@type":"ImageObject","inLanguage":"bs-BA","@id":"https:\/\/sandzakpress.net\/arhiva\/#\/schema\/person\/image\/","url":"https:\/\/secure.gravatar.com\/avatar\/a04fd330bfe3a36a72a0ad4a6d89fca7?s=96&d=mm&r=pg","contentUrl":"https:\/\/secure.gravatar.com\/avatar\/a04fd330bfe3a36a72a0ad4a6d89fca7?s=96&d=mm&r=pg","caption":"bosniak"},"url":"https:\/\/sandzakpress.net\/arhiva\/author\/bosniak\/"}]}},"_links":{"self":[{"href":"https:\/\/sandzakpress.net\/arhiva\/wp-json\/wp\/v2\/posts\/134478"}],"collection":[{"href":"https:\/\/sandzakpress.net\/arhiva\/wp-json\/wp\/v2\/posts"}],"about":[{"href":"https:\/\/sandzakpress.net\/arhiva\/wp-json\/wp\/v2\/types\/post"}],"author":[{"embeddable":true,"href":"https:\/\/sandzakpress.net\/arhiva\/wp-json\/wp\/v2\/users\/83"}],"replies":[{"embeddable":true,"href":"https:\/\/sandzakpress.net\/arhiva\/wp-json\/wp\/v2\/comments?post=134478"}],"version-history":[{"count":0,"href":"https:\/\/sandzakpress.net\/arhiva\/wp-json\/wp\/v2\/posts\/134478\/revisions"}],"wp:featuredmedia":[{"embeddable":true,"href":"https:\/\/sandzakpress.net\/arhiva\/wp-json\/wp\/v2\/media\/134480"}],"wp:attachment":[{"href":"https:\/\/sandzakpress.net\/arhiva\/wp-json\/wp\/v2\/media?parent=134478"}],"wp:term":[{"taxonomy":"category","embeddable":true,"href":"https:\/\/sandzakpress.net\/arhiva\/wp-json\/wp\/v2\/categories?post=134478"},{"taxonomy":"post_tag","embeddable":true,"href":"https:\/\/sandzakpress.net\/arhiva\/wp-json\/wp\/v2\/tags?post=134478"}],"curies":[{"name":"wp","href":"https:\/\/api.w.org\/{rel}","templated":true}]}}