{"id":134451,"date":"2015-08-23T15:18:56","date_gmt":"2015-08-23T13:18:56","guid":{"rendered":"https:\/\/sandzakpress.net\/arhiva\/?p=134451"},"modified":"2015-08-23T15:18:56","modified_gmt":"2015-08-23T13:18:56","slug":"fejzic-ima-vecu-podrsku-iz-dps-a-nego-iz-bs-a","status":"publish","type":"post","link":"https:\/\/sandzakpress.net\/arhiva\/fejzic-ima-vecu-podrsku-iz-dps-a-nego-iz-bs-a\/","title":{"rendered":"Fejzi\u0107 ima ve\u0107u podr\u0161ku iz DPS-a nego iz BS-a"},"content":{"rendered":"<p><img loading=\"lazy\" decoding=\"async\" class=\"\" src=\"http:\/\/www.vijesti.me\/media\/cache\/60\/96\/60963ad145cef9c94d0378af8c57e811.jpg\" alt=\"Bilo pritisaka, prste umije\u0161ala i politika\" width=\"600\" height=\"377\" \/><\/p>\n<p><strong>Ro\u017eaje &#8211; Fejzi\u0107 bi bio izabran i da je imao protivkandidata, \u010demu u prilog ide i novi Ustav koji je usvojen neposredno prije izbora<\/strong><\/p>\n<p>Op\u0161tinskim odborima Islamske zajednice (IZ) sugerisano je da kao jedinog kandidata za reisa predlo\u017ee Rifata Fejzi\u0107a.<\/p>\n<p>To je \u201cVijestima\u201c potvrdilo vi\u0161e \u010dlanova odbora iz Bijelog Polja, Plava, Pljevalja i Ro\u017eaja, ali ogromna ve\u0107ina funkcionera IZ tvrdi da bi Fejzi\u0107 bio izabran i da je imao protivkandidata.<\/p>\n<p>Tome u prilog ide i \u010dinjenica da je, uo\u010di izbora, novi Ustav IZ skrojen po mjeri Fejzi\u0107a, o \u010demu su \u201cVijesti\u201d ranije pisale.\u00a0<\/p>\n<p>\u010clan bjelopoljskog odbora tvrdi da je preporu\u010deno da Fejzi\u0107 bude jedini kandidat, jer se na taj na\u010din \u017eeljelo pokazati prividno jedinstvo u IZ.<\/p>\n<p>\u201cOd raspisivanja izbora, u kontinuitetu je vr\u0161en pritisak na \u010dlanove odbora, kako unutar odbora, tako i iz Me\u0161ihata IZ. Preporu\u010deno nam je da je najpametnije da podr\u017eimo Fejzi\u0107a, jer \u0107emo na taj na\u010din pokazati jedinstvo, \u0161to \u0107e nam se vratiti u politi\u010dkom smislu. Istaknuto je i da je, sad ve\u0107 reizabrani reis, jedina osoba iz IZ koja ima apsolutnu podr\u0161ku vlasti, \u010dak ve\u0107u iz DPS- a, nego iz BS-a\u201d, rekao je on, insistiraju\u0107i na anonimnosti \u201ckako ne bi zavr\u0161io kao hafiz Abdurahman Kujevi\u0107, koji je zbog neslaganja sa Fejzi\u0107evim stavovima izop\u0161ten iz IZ\u201c.<\/p>\n<p>Uprkos obe\u0107anjima, Fejzi\u0107 nikada nije prokomentarisao promjenu Ustava IZ. Po ustaljenoj praksi nije odgovarao na poziv ni sms \u201eVijesti\u201c, u kojem je zamoljen da odgovori na tvrdnje da je bilo pritisaka prilikom reizbora.<\/p>\n<p>Nedavno reizabranog Fejzi\u0107a za reisa je predlo\u017eilo 14 op\u0161tinskih odbora, nakon \u010dega je dobio i jednoglasnu podr\u0161ku 39 \u010dlanova Sabora, Islamskog vije\u0107a i Me\u0161ihata.<\/p>\n<p>\u201cDa je rije\u010d o ogromnoj politi\u010dkoj podr\u0161ci govori i podatak da je ve\u0107ina \u010dlanova u svim tim tijelima iz BS-a&#8230;\u201d, tvrdi \u010dlan pljevaljskog odbora IZ.<\/p>\n<p>I njegov kolega iz ro\u017eajskog odbora ne spori da je bilo \u201cizvjesnih pritisaka\u201d, ali isti\u010de da bi \u00a0\u201ci bez njih odbori podr\u017eali Fejzi\u0107a, za vrijeme \u010dijeg mandata su vjerski objekti do\u017eivljeli preporod\u201d.\u00a0<\/p>\n<p>\u201cIzgra\u0111ene su medrese, islamski centri, brojne d\u017eamije, a obezbije\u0111ene su i zna\u010dajne donacije iz Turske\u201c, rekao je on.<\/p>\n<p>\u00a0\u010clan plavskog odbora tvrdi da je \u00a0Fejzi\u0107 na svim nivoima IZ postavio svoje ljude, \u0161to mu omogu\u0107ava da ponovo bude biran:\u00a0\u201cDok su Fejzi\u0107u sa razli\u010ditih politi\u010dkih i diplomatskih adresa stizale \u010destitke, narod je na dru\u0161tvenim mre\u017eama uglavnom \u017ealio zbog reizbora&#8230; Izabran je zasigurno po volji re\u017eima, \u010demu u prilog ide i da je Ustav IZ promijenjen u aprilu&#8230;, u izbornoj godini\u201c.<\/p>\n<p>Ustavom su predvi\u0111eni potpuno novi uslovi za izbor, izme\u0111u ostalih i da kandidat ne mo\u017ee biti mla\u0111i od 40, ni stariji od 60 godina, i da mora imati bar 10 godina iskustva. Nijedan od tih uslova Fejzi\u0107 nije ispunjavao kada je 2003. prvi put izabran za reisa.\u00a0<\/p>\n<p>Prethodni Ustav IZ predvi\u0111ao je \u010detvorogodi\u0161nji mandat, uz mogu\u0107nost jednog reizbora. Novi, pak, propisuje da mandat reisa traje \u0161est godina, ali se ne precizira koliko puta jedan kandidat mo\u017ee da bude biran.\u00a0<\/p>\n<p>I prvi Fejzi\u0107ev mandat trajao \u00a0je dvije godine du\u017ee, a odluku o tome, uz sporenje o legitimnosti, donio je Sabor IZ.<\/p>\n<p><strong>DPS ga podr\u017eao i kada je biran za Demirovi\u0107evog nasljednika<\/strong><\/p>\n<p>Zapisnik sa vanredne sjednice Odbora IZ Bar svjedo\u010di da je i prilikom izbora Fejzi\u0107a za reisa 2003. godine bilo pritisaka i da je on i tada u\u017eivao podr\u0161ku DPS-a.<\/p>\n<p>U njemu pi\u0161e da je tada\u0161nji predsjednik Odbora i aktuelni potpredsjednik Skup\u0161tina Crne Gore Suljo Mustafi\u0107 (BS) \u00a0rekao da mu je tada\u0161nji reis Idriz Demirovi\u0107 nalo\u017eio da se ne podr\u017ei Aljo Cikoti\u0107, koga je navodno podr\u017eavao SDP.\u00a0<\/p>\n<p>\u201cMogu da ka\u017eem da je bilo pritisaka i poziva iz DPS\u2013a da izaberemo Rifata Fejzi\u0107a. Smatram da ako po ne\u010dijoj diktaturi budemo radili &#8211; nije ispravno\u201c, pi\u0161e u zapisniku.\u00a0<\/p>\n<p>I \u010dlan Semir Karastanovi\u0107 tada je kazao da politi\u010dke stranke \u017eele da postave reisa, zbog \u010dega ne \u201cbi trebalo da pro\u0111e nijedan kandidat\u201c.\u00a0<\/p>\n<p>\u201cSDP urgira da se postavi Aljo Cikoti\u0107, a DPS Rifat Fejzi\u0107&#8230; Mislim da mi kao OIZ ne treba nikoga da podr\u017eimo\u201c, pi\u0161e u zapisniku sa sjednice odr\u017eane 2003. godine.<\/p>\n<p>(vijesti.me)<\/p>\n","protected":false},"excerpt":{"rendered":"<p>Ro\u017eaje &#8211; Fejzi\u0107 bi bio izabran i da je imao protivkandidata, \u010demu u prilog ide i novi Ustav koji je usvojen neposredno prije izbora Op\u0161tinskim odborima Islamske zajednice (IZ) sugerisano je da kao jedinog kandidata za reisa predlo\u017ee Rifata Fejzi\u0107a. To je \u201cVijestima\u201c potvrdilo vi\u0161e \u010dlanova odbora iz Bijelog Polja, Plava, Pljevalja i Ro\u017eaja, ali [&hellip;]<\/p>\n","protected":false},"author":509,"featured_media":134452,"comment_status":"open","ping_status":"open","sticky":false,"template":"","format":"standard","meta":{"footnotes":""},"categories":[398,802,8957,798],"tags":[],"class_list":{"0":"post-134451","1":"post","2":"type-post","3":"status-publish","4":"format-standard","5":"has-post-thumbnail","7":"category-rozaje","8":"category-islamska_zajednica","9":"category-vijesti-dana","10":"category-teme"},"yoast_head":"<!-- This site is optimized with the Yoast SEO Premium plugin v23.1 (Yoast SEO v24.9) - https:\/\/yoast.com\/wordpress\/plugins\/seo\/ -->\n<title>Fejzi\u0107 ima ve\u0107u podr\u0161ku iz DPS-a nego iz BS-a<\/title>\n<meta name=\"robots\" content=\"index, follow, max-snippet:-1, max-image-preview:large, max-video-preview:-1\" \/>\n<link rel=\"canonical\" href=\"https:\/\/sandzakpress.net\/arhiva\/fejzic-ima-vecu-podrsku-iz-dps-a-nego-iz-bs-a\/\" \/>\n<meta property=\"og:locale\" content=\"bs_BA\" \/>\n<meta property=\"og:type\" content=\"article\" \/>\n<meta property=\"og:title\" content=\"Fejzi\u0107 ima ve\u0107u podr\u0161ku iz DPS-a nego iz BS-a\" \/>\n<meta property=\"og:description\" content=\"Ro\u017eaje &#8211; Fejzi\u0107 bi bio izabran i da je imao protivkandidata, \u010demu u prilog ide i novi Ustav koji je usvojen neposredno prije izbora Op\u0161tinskim odborima Islamske zajednice (IZ) sugerisano je da kao jedinog kandidata za reisa predlo\u017ee Rifata Fejzi\u0107a. To je \u201cVijestima\u201c potvrdilo vi\u0161e \u010dlanova odbora iz Bijelog Polja, Plava, Pljevalja i Ro\u017eaja, ali [&hellip;]\" \/>\n<meta property=\"og:url\" content=\"https:\/\/sandzakpress.net\/arhiva\/fejzic-ima-vecu-podrsku-iz-dps-a-nego-iz-bs-a\/\" \/>\n<meta property=\"og:site_name\" content=\"Sand\u017eak PRESS\" \/>\n<meta property=\"article:published_time\" content=\"2015-08-23T13:18:56+00:00\" \/>\n<meta property=\"og:image\" content=\"https:\/\/sandzakpress.net\/arhiva\/wp-content\/uploads\/2015\/08\/60963ad145cef9c94d0378af8c57e811.jpg\" \/>\n\t<meta property=\"og:image:width\" content=\"560\" \/>\n\t<meta property=\"og:image:height\" content=\"352\" \/>\n\t<meta property=\"og:image:type\" content=\"image\/jpeg\" \/>\n<meta name=\"author\" content=\"Agencija\" \/>\n<meta name=\"twitter:card\" content=\"summary_large_image\" \/>\n<meta name=\"twitter:label1\" content=\"Written by\" \/>\n\t<meta name=\"twitter:data1\" content=\"Agencija\" \/>\n\t<meta name=\"twitter:label2\" content=\"Est. reading time\" \/>\n\t<meta name=\"twitter:data2\" content=\"4 minute\" \/>\n<script type=\"application\/ld+json\" class=\"yoast-schema-graph\">{\"@context\":\"https:\/\/schema.org\",\"@graph\":[{\"@type\":\"Article\",\"@id\":\"https:\/\/sandzakpress.net\/arhiva\/fejzic-ima-vecu-podrsku-iz-dps-a-nego-iz-bs-a\/#article\",\"isPartOf\":{\"@id\":\"https:\/\/sandzakpress.net\/arhiva\/fejzic-ima-vecu-podrsku-iz-dps-a-nego-iz-bs-a\/\"},\"author\":{\"name\":\"Agencija\",\"@id\":\"https:\/\/sandzakpress.net\/arhiva\/#\/schema\/person\/cb59d7e3ab91ab90dd680ad0305a6185\"},\"headline\":\"Fejzi\u0107 ima ve\u0107u podr\u0161ku iz DPS-a nego iz BS-a\",\"datePublished\":\"2015-08-23T13:18:56+00:00\",\"mainEntityOfPage\":{\"@id\":\"https:\/\/sandzakpress.net\/arhiva\/fejzic-ima-vecu-podrsku-iz-dps-a-nego-iz-bs-a\/\"},\"wordCount\":748,\"commentCount\":17,\"publisher\":{\"@id\":\"https:\/\/sandzakpress.net\/arhiva\/#\/schema\/person\/6e72b67d6e51910a1117b3b483ba20bd\"},\"image\":{\"@id\":\"https:\/\/sandzakpress.net\/arhiva\/fejzic-ima-vecu-podrsku-iz-dps-a-nego-iz-bs-a\/#primaryimage\"},\"thumbnailUrl\":\"https:\/\/sandzakpress.net\/arhiva\/wp-content\/uploads\/2015\/08\/60963ad145cef9c94d0378af8c57e811.jpg\",\"articleSection\":[\"Ro\u017eaje\",\"Islamska zajednica\",\"VIJESTI DANA\",\"NAJNOVIJE\"],\"inLanguage\":\"bs-BA\",\"potentialAction\":[{\"@type\":\"CommentAction\",\"name\":\"Comment\",\"target\":[\"https:\/\/sandzakpress.net\/arhiva\/fejzic-ima-vecu-podrsku-iz-dps-a-nego-iz-bs-a\/#respond\"]}]},{\"@type\":\"WebPage\",\"@id\":\"https:\/\/sandzakpress.net\/arhiva\/fejzic-ima-vecu-podrsku-iz-dps-a-nego-iz-bs-a\/\",\"url\":\"https:\/\/sandzakpress.net\/arhiva\/fejzic-ima-vecu-podrsku-iz-dps-a-nego-iz-bs-a\/\",\"name\":\"Fejzi\u0107 ima ve\u0107u podr\u0161ku iz DPS-a nego iz BS-a\",\"isPartOf\":{\"@id\":\"https:\/\/sandzakpress.net\/arhiva\/#website\"},\"primaryImageOfPage\":{\"@id\":\"https:\/\/sandzakpress.net\/arhiva\/fejzic-ima-vecu-podrsku-iz-dps-a-nego-iz-bs-a\/#primaryimage\"},\"image\":{\"@id\":\"https:\/\/sandzakpress.net\/arhiva\/fejzic-ima-vecu-podrsku-iz-dps-a-nego-iz-bs-a\/#primaryimage\"},\"thumbnailUrl\":\"https:\/\/sandzakpress.net\/arhiva\/wp-content\/uploads\/2015\/08\/60963ad145cef9c94d0378af8c57e811.jpg\",\"datePublished\":\"2015-08-23T13:18:56+00:00\",\"breadcrumb\":{\"@id\":\"https:\/\/sandzakpress.net\/arhiva\/fejzic-ima-vecu-podrsku-iz-dps-a-nego-iz-bs-a\/#breadcrumb\"},\"inLanguage\":\"bs-BA\",\"potentialAction\":[{\"@type\":\"ReadAction\",\"target\":[\"https:\/\/sandzakpress.net\/arhiva\/fejzic-ima-vecu-podrsku-iz-dps-a-nego-iz-bs-a\/\"]}]},{\"@type\":\"ImageObject\",\"inLanguage\":\"bs-BA\",\"@id\":\"https:\/\/sandzakpress.net\/arhiva\/fejzic-ima-vecu-podrsku-iz-dps-a-nego-iz-bs-a\/#primaryimage\",\"url\":\"https:\/\/sandzakpress.net\/arhiva\/wp-content\/uploads\/2015\/08\/60963ad145cef9c94d0378af8c57e811.jpg\",\"contentUrl\":\"https:\/\/sandzakpress.net\/arhiva\/wp-content\/uploads\/2015\/08\/60963ad145cef9c94d0378af8c57e811.jpg\",\"width\":560,\"height\":352},{\"@type\":\"BreadcrumbList\",\"@id\":\"https:\/\/sandzakpress.net\/arhiva\/fejzic-ima-vecu-podrsku-iz-dps-a-nego-iz-bs-a\/#breadcrumb\",\"itemListElement\":[{\"@type\":\"ListItem\",\"position\":1,\"name\":\"Home\",\"item\":\"https:\/\/sandzakpress.net\/arhiva\/\"},{\"@type\":\"ListItem\",\"position\":2,\"name\":\"Fejzi\u0107 ima ve\u0107u podr\u0161ku iz DPS-a nego iz BS-a\"}]},{\"@type\":\"WebSite\",\"@id\":\"https:\/\/sandzakpress.net\/arhiva\/#website\",\"url\":\"https:\/\/sandzakpress.net\/arhiva\/\",\"name\":\"Sand\u017eak PRESS\",\"description\":\"Prve elektronske novine u Sand\u017eaku\",\"publisher\":{\"@id\":\"https:\/\/sandzakpress.net\/arhiva\/#\/schema\/person\/6e72b67d6e51910a1117b3b483ba20bd\"},\"potentialAction\":[{\"@type\":\"SearchAction\",\"target\":{\"@type\":\"EntryPoint\",\"urlTemplate\":\"https:\/\/sandzakpress.net\/arhiva\/?s={search_term_string}\"},\"query-input\":{\"@type\":\"PropertyValueSpecification\",\"valueRequired\":true,\"valueName\":\"search_term_string\"}}],\"inLanguage\":\"bs-BA\"},{\"@type\":[\"Person\",\"Organization\"],\"@id\":\"https:\/\/sandzakpress.net\/arhiva\/#\/schema\/person\/6e72b67d6e51910a1117b3b483ba20bd\",\"name\":\"Kul\",\"image\":{\"@type\":\"ImageObject\",\"inLanguage\":\"bs-BA\",\"@id\":\"https:\/\/sandzakpress.net\/arhiva\/#\/schema\/person\/image\/\",\"url\":\"https:\/\/secure.gravatar.com\/avatar\/42263f39aa27ac04c43cab85c280eb2e?s=96&d=mm&r=pg\",\"contentUrl\":\"https:\/\/secure.gravatar.com\/avatar\/42263f39aa27ac04c43cab85c280eb2e?s=96&d=mm&r=pg\",\"caption\":\"Kul\"},\"logo\":{\"@id\":\"https:\/\/sandzakpress.net\/arhiva\/#\/schema\/person\/image\/\"}},{\"@type\":\"Person\",\"@id\":\"https:\/\/sandzakpress.net\/arhiva\/#\/schema\/person\/cb59d7e3ab91ab90dd680ad0305a6185\",\"name\":\"Agencija\",\"image\":{\"@type\":\"ImageObject\",\"inLanguage\":\"bs-BA\",\"@id\":\"https:\/\/sandzakpress.net\/arhiva\/#\/schema\/person\/image\/\",\"url\":\"https:\/\/secure.gravatar.com\/avatar\/4b7fafa80a22f0c2afe23966b3961fe0?s=96&d=mm&r=pg\",\"contentUrl\":\"https:\/\/secure.gravatar.com\/avatar\/4b7fafa80a22f0c2afe23966b3961fe0?s=96&d=mm&r=pg\",\"caption\":\"Agencija\"},\"url\":\"https:\/\/sandzakpress.net\/arhiva\/author\/agencija\/\"}]}<\/script>\n<!-- \/ Yoast SEO Premium plugin. -->","yoast_head_json":{"title":"Fejzi\u0107 ima ve\u0107u podr\u0161ku iz DPS-a nego iz BS-a","robots":{"index":"index","follow":"follow","max-snippet":"max-snippet:-1","max-image-preview":"max-image-preview:large","max-video-preview":"max-video-preview:-1"},"canonical":"https:\/\/sandzakpress.net\/arhiva\/fejzic-ima-vecu-podrsku-iz-dps-a-nego-iz-bs-a\/","og_locale":"bs_BA","og_type":"article","og_title":"Fejzi\u0107 ima ve\u0107u podr\u0161ku iz DPS-a nego iz BS-a","og_description":"Ro\u017eaje &#8211; Fejzi\u0107 bi bio izabran i da je imao protivkandidata, \u010demu u prilog ide i novi Ustav koji je usvojen neposredno prije izbora Op\u0161tinskim odborima Islamske zajednice (IZ) sugerisano je da kao jedinog kandidata za reisa predlo\u017ee Rifata Fejzi\u0107a. To je \u201cVijestima\u201c potvrdilo vi\u0161e \u010dlanova odbora iz Bijelog Polja, Plava, Pljevalja i Ro\u017eaja, ali [&hellip;]","og_url":"https:\/\/sandzakpress.net\/arhiva\/fejzic-ima-vecu-podrsku-iz-dps-a-nego-iz-bs-a\/","og_site_name":"Sand\u017eak PRESS","article_published_time":"2015-08-23T13:18:56+00:00","og_image":[{"width":560,"height":352,"url":"https:\/\/sandzakpress.net\/arhiva\/wp-content\/uploads\/2015\/08\/60963ad145cef9c94d0378af8c57e811.jpg","type":"image\/jpeg"}],"author":"Agencija","twitter_card":"summary_large_image","twitter_misc":{"Written by":"Agencija","Est. reading time":"4 minute"},"schema":{"@context":"https:\/\/schema.org","@graph":[{"@type":"Article","@id":"https:\/\/sandzakpress.net\/arhiva\/fejzic-ima-vecu-podrsku-iz-dps-a-nego-iz-bs-a\/#article","isPartOf":{"@id":"https:\/\/sandzakpress.net\/arhiva\/fejzic-ima-vecu-podrsku-iz-dps-a-nego-iz-bs-a\/"},"author":{"name":"Agencija","@id":"https:\/\/sandzakpress.net\/arhiva\/#\/schema\/person\/cb59d7e3ab91ab90dd680ad0305a6185"},"headline":"Fejzi\u0107 ima ve\u0107u podr\u0161ku iz DPS-a nego iz BS-a","datePublished":"2015-08-23T13:18:56+00:00","mainEntityOfPage":{"@id":"https:\/\/sandzakpress.net\/arhiva\/fejzic-ima-vecu-podrsku-iz-dps-a-nego-iz-bs-a\/"},"wordCount":748,"commentCount":17,"publisher":{"@id":"https:\/\/sandzakpress.net\/arhiva\/#\/schema\/person\/6e72b67d6e51910a1117b3b483ba20bd"},"image":{"@id":"https:\/\/sandzakpress.net\/arhiva\/fejzic-ima-vecu-podrsku-iz-dps-a-nego-iz-bs-a\/#primaryimage"},"thumbnailUrl":"https:\/\/sandzakpress.net\/arhiva\/wp-content\/uploads\/2015\/08\/60963ad145cef9c94d0378af8c57e811.jpg","articleSection":["Ro\u017eaje","Islamska zajednica","VIJESTI DANA","NAJNOVIJE"],"inLanguage":"bs-BA","potentialAction":[{"@type":"CommentAction","name":"Comment","target":["https:\/\/sandzakpress.net\/arhiva\/fejzic-ima-vecu-podrsku-iz-dps-a-nego-iz-bs-a\/#respond"]}]},{"@type":"WebPage","@id":"https:\/\/sandzakpress.net\/arhiva\/fejzic-ima-vecu-podrsku-iz-dps-a-nego-iz-bs-a\/","url":"https:\/\/sandzakpress.net\/arhiva\/fejzic-ima-vecu-podrsku-iz-dps-a-nego-iz-bs-a\/","name":"Fejzi\u0107 ima ve\u0107u podr\u0161ku iz DPS-a nego iz BS-a","isPartOf":{"@id":"https:\/\/sandzakpress.net\/arhiva\/#website"},"primaryImageOfPage":{"@id":"https:\/\/sandzakpress.net\/arhiva\/fejzic-ima-vecu-podrsku-iz-dps-a-nego-iz-bs-a\/#primaryimage"},"image":{"@id":"https:\/\/sandzakpress.net\/arhiva\/fejzic-ima-vecu-podrsku-iz-dps-a-nego-iz-bs-a\/#primaryimage"},"thumbnailUrl":"https:\/\/sandzakpress.net\/arhiva\/wp-content\/uploads\/2015\/08\/60963ad145cef9c94d0378af8c57e811.jpg","datePublished":"2015-08-23T13:18:56+00:00","breadcrumb":{"@id":"https:\/\/sandzakpress.net\/arhiva\/fejzic-ima-vecu-podrsku-iz-dps-a-nego-iz-bs-a\/#breadcrumb"},"inLanguage":"bs-BA","potentialAction":[{"@type":"ReadAction","target":["https:\/\/sandzakpress.net\/arhiva\/fejzic-ima-vecu-podrsku-iz-dps-a-nego-iz-bs-a\/"]}]},{"@type":"ImageObject","inLanguage":"bs-BA","@id":"https:\/\/sandzakpress.net\/arhiva\/fejzic-ima-vecu-podrsku-iz-dps-a-nego-iz-bs-a\/#primaryimage","url":"https:\/\/sandzakpress.net\/arhiva\/wp-content\/uploads\/2015\/08\/60963ad145cef9c94d0378af8c57e811.jpg","contentUrl":"https:\/\/sandzakpress.net\/arhiva\/wp-content\/uploads\/2015\/08\/60963ad145cef9c94d0378af8c57e811.jpg","width":560,"height":352},{"@type":"BreadcrumbList","@id":"https:\/\/sandzakpress.net\/arhiva\/fejzic-ima-vecu-podrsku-iz-dps-a-nego-iz-bs-a\/#breadcrumb","itemListElement":[{"@type":"ListItem","position":1,"name":"Home","item":"https:\/\/sandzakpress.net\/arhiva\/"},{"@type":"ListItem","position":2,"name":"Fejzi\u0107 ima ve\u0107u podr\u0161ku iz DPS-a nego iz BS-a"}]},{"@type":"WebSite","@id":"https:\/\/sandzakpress.net\/arhiva\/#website","url":"https:\/\/sandzakpress.net\/arhiva\/","name":"Sand\u017eak PRESS","description":"Prve elektronske novine u Sand\u017eaku","publisher":{"@id":"https:\/\/sandzakpress.net\/arhiva\/#\/schema\/person\/6e72b67d6e51910a1117b3b483ba20bd"},"potentialAction":[{"@type":"SearchAction","target":{"@type":"EntryPoint","urlTemplate":"https:\/\/sandzakpress.net\/arhiva\/?s={search_term_string}"},"query-input":{"@type":"PropertyValueSpecification","valueRequired":true,"valueName":"search_term_string"}}],"inLanguage":"bs-BA"},{"@type":["Person","Organization"],"@id":"https:\/\/sandzakpress.net\/arhiva\/#\/schema\/person\/6e72b67d6e51910a1117b3b483ba20bd","name":"Kul","image":{"@type":"ImageObject","inLanguage":"bs-BA","@id":"https:\/\/sandzakpress.net\/arhiva\/#\/schema\/person\/image\/","url":"https:\/\/secure.gravatar.com\/avatar\/42263f39aa27ac04c43cab85c280eb2e?s=96&d=mm&r=pg","contentUrl":"https:\/\/secure.gravatar.com\/avatar\/42263f39aa27ac04c43cab85c280eb2e?s=96&d=mm&r=pg","caption":"Kul"},"logo":{"@id":"https:\/\/sandzakpress.net\/arhiva\/#\/schema\/person\/image\/"}},{"@type":"Person","@id":"https:\/\/sandzakpress.net\/arhiva\/#\/schema\/person\/cb59d7e3ab91ab90dd680ad0305a6185","name":"Agencija","image":{"@type":"ImageObject","inLanguage":"bs-BA","@id":"https:\/\/sandzakpress.net\/arhiva\/#\/schema\/person\/image\/","url":"https:\/\/secure.gravatar.com\/avatar\/4b7fafa80a22f0c2afe23966b3961fe0?s=96&d=mm&r=pg","contentUrl":"https:\/\/secure.gravatar.com\/avatar\/4b7fafa80a22f0c2afe23966b3961fe0?s=96&d=mm&r=pg","caption":"Agencija"},"url":"https:\/\/sandzakpress.net\/arhiva\/author\/agencija\/"}]}},"_links":{"self":[{"href":"https:\/\/sandzakpress.net\/arhiva\/wp-json\/wp\/v2\/posts\/134451"}],"collection":[{"href":"https:\/\/sandzakpress.net\/arhiva\/wp-json\/wp\/v2\/posts"}],"about":[{"href":"https:\/\/sandzakpress.net\/arhiva\/wp-json\/wp\/v2\/types\/post"}],"author":[{"embeddable":true,"href":"https:\/\/sandzakpress.net\/arhiva\/wp-json\/wp\/v2\/users\/509"}],"replies":[{"embeddable":true,"href":"https:\/\/sandzakpress.net\/arhiva\/wp-json\/wp\/v2\/comments?post=134451"}],"version-history":[{"count":0,"href":"https:\/\/sandzakpress.net\/arhiva\/wp-json\/wp\/v2\/posts\/134451\/revisions"}],"wp:featuredmedia":[{"embeddable":true,"href":"https:\/\/sandzakpress.net\/arhiva\/wp-json\/wp\/v2\/media\/134452"}],"wp:attachment":[{"href":"https:\/\/sandzakpress.net\/arhiva\/wp-json\/wp\/v2\/media?parent=134451"}],"wp:term":[{"taxonomy":"category","embeddable":true,"href":"https:\/\/sandzakpress.net\/arhiva\/wp-json\/wp\/v2\/categories?post=134451"},{"taxonomy":"post_tag","embeddable":true,"href":"https:\/\/sandzakpress.net\/arhiva\/wp-json\/wp\/v2\/tags?post=134451"}],"curies":[{"name":"wp","href":"https:\/\/api.w.org\/{rel}","templated":true}]}}