{"id":134447,"date":"2015-08-23T15:13:09","date_gmt":"2015-08-23T13:13:09","guid":{"rendered":"https:\/\/sandzakpress.net\/arhiva\/?p=134447"},"modified":"2015-08-23T15:13:09","modified_gmt":"2015-08-23T13:13:09","slug":"evo-ko-ce-od-gradana-sandzaka-biti-vracen-iz-njemacke-a-ko-moze-ostati","status":"publish","type":"post","link":"https:\/\/sandzakpress.net\/arhiva\/evo-ko-ce-od-gradana-sandzaka-biti-vracen-iz-njemacke-a-ko-moze-ostati\/","title":{"rendered":"Evo ko \u0107e od gra\u0111ana Sand\u017eaka biti vra\u0107en iz Njema\u010dke, a ko mo\u017ee ostati"},"content":{"rendered":"<p><img loading=\"lazy\" decoding=\"async\" class=\"\" src=\"http:\/\/www.sandzaklive.rs\/images\/2-OSTALO\/srbi-nemacka-azil-azilanti-shutterstock-1411158410-571375.jpg\" alt=\"srbi-nemacka-azil-azilanti-shutterstock-1411158410-571375\" width=\"599\" height=\"405\" \/><\/p>\n<p><strong>Svijet &#8211; Oni koji imaju odgovaraju\u0107e kvalifikacije za posao mogu da tra\u017ee radne vize i na osnovu toga da rade u Nema\u010dkoj. Ali tra\u017eiti azil nije put koji vodi do boravka i zaposlenja u Nema\u010dkoj, ka\u017ee ambasador Nema\u010dke Aksel Ditman.<\/strong><\/p>\n<p>Nema\u010dko-srpski odnosi su iz moje perspektive odli\u010dni. To je pre svega pokazala poseta kancelarke Angele Merkel 8. jula. Tokom te posete postalo je jasno koliko su bliski na\u0161i politi\u010dki, ekonomski, ali i kulturni odnosi. Politi\u010dki, potpuno podr\u017eavamo put Srbije u EU. \u0160to se ekonomije ti\u010de, od 2000. godine nema\u010dke kompanije investirale su u Srbiji vi\u0161e od 1,8 milijardi evra i otvorile 25.000 radnih mesta. Drugi smo najve\u0107i trgovinski partner Srbije i najve\u0107i bilateralni donator. U poslednjih 15 godina dali smo vi\u0161e od 1,7 milijardi evra kao razvojnu pomo\u0107 Srbiji &#8211; ka\u017ee u razgovoru za Danas Aksel Ditman, ambasador Nema\u010dke u Srbiji.<\/p>\n<p><strong>Ipak, u srpskoj javnosti preovla\u0111uje stav da je Nema\u010dka zemlja koja najvi\u0161e vr\u0161i pritisak na Srbiju da normalizuje odnose sa Kosovom i da je to klju\u010dno za pristupanje EU. Za zna\u010dajan deo gra\u0111ana Srbije to je jo\u0161 uvek osetljivo pitanje. Va\u0161 komentar?<\/strong><\/p>\n<p>&#8211; Nema\u010dka je posve\u0107en, blizak i potpuno pouzdan partner Srbiji u procesu pristupanja EU. Tome smo potpuno posve\u0107eni i zala\u017eemo se za to u diskusijama sa na\u0161im EU partnerima. Zajedno u EU smo dogovorili pregovara\u010dki okvir u kojem su definisane oblasti koje su prioritetne i za koje je va\u017eno da budu re\u0161ene na po\u010detku pregovora o pristupanju. Jedna od njih je proces normalizacije sa Kosovom. Veoma je va\u017eno da bude postignut su\u0161tinski napredak u pregovorima sa Kosovom jer \u0107e to omogu\u0107iti otvaranje poglavlja 35 u procesu pristupanja. To je zajedni\u010dka pozicija EU. Druga veoma va\u017ena oblast na po\u010detku pregovora jeste napredak u oblasti vladavine prava, koja je preduslov za otvaranje poglavlja 23 i 24. U oblast vladavine prava spada i sloboda medija. Uostalom te oblasti su veoma va\u017ene za stvaranje dobre investicione klime. Optimista sam da \u0107e ove godine biti otvorena prva poglavlja.\u00a0Nema\u010dka ovih dana vra\u0107a tra\u017eioce azila poreklom sa Kosova i iz Albanije.<\/p>\n<p><strong>Mo\u017ee li i Srbija uskoro da o\u010dekuje povratak tra\u017eioca azila iz Nema\u010dke?<\/strong><\/p>\n<p>&#8211; To je veoma veliki problem. Imamo ogroman broj tra\u017eioca azila. U sredu je ministar unutra\u0161njih poslova rekao da u Nema\u010dkoj ove godine o\u010dekujemo 800.000 zahteva za azil. Zahtevi ljudi iz Srbije su trenutno na \u010detvrtom su mestu po brojnosti. Izme\u0111u januara i jula vi\u0161e od 18.000 ljudi iz Srbije tra\u017eilo je azil u Nema\u010dkoj. 99 odsto tih zahteva se odbija i ljudi moraju da se vrate u Srbiju. Me\u0111utim, oni koji imaju odgovaraju\u0107e kvalifikacije za posao mogu da tra\u017ee radne vize i na osnovu toga da rade u Nema\u010dkoj. Sva obave\u0161tenja po tom pitanju su na sajtu ambasade. Ali tra\u017eiti azil nije put koji vodi do boravka i zaposlenja u Nema\u010dkoj.<\/p>\n<p>(sandzaklive)<\/p>\n","protected":false},"excerpt":{"rendered":"<p>Svijet &#8211; Oni koji imaju odgovaraju\u0107e kvalifikacije za posao mogu da tra\u017ee radne vize i na osnovu toga da rade u Nema\u010dkoj. Ali tra\u017eiti azil nije put koji vodi do boravka i zaposlenja u Nema\u010dkoj, ka\u017ee ambasador Nema\u010dke Aksel Ditman. Nema\u010dko-srpski odnosi su iz moje perspektive odli\u010dni. To je pre svega pokazala poseta kancelarke Angele [&hellip;]<\/p>\n","protected":false},"author":509,"featured_media":134448,"comment_status":"open","ping_status":"open","sticky":false,"template":"","format":"standard","meta":{"footnotes":""},"categories":[9538,9,798,10429],"tags":[],"class_list":{"0":"post-134447","1":"post","2":"type-post","3":"status-publish","4":"format-standard","5":"has-post-thumbnail","7":"category-njemacka-dijaspora-gradovi-vase-vijesti","8":"category-svijet","9":"category-teme","10":"category-vazno"},"yoast_head":"<!-- This site is optimized with the Yoast SEO Premium plugin v23.1 (Yoast SEO v24.9) - https:\/\/yoast.com\/wordpress\/plugins\/seo\/ -->\n<title>Evo ko \u0107e od gra\u0111ana Sand\u017eaka biti vra\u0107en iz Njema\u010dke, a ko mo\u017ee ostati<\/title>\n<meta name=\"robots\" content=\"index, follow, max-snippet:-1, max-image-preview:large, max-video-preview:-1\" \/>\n<link rel=\"canonical\" href=\"https:\/\/sandzakpress.net\/arhiva\/evo-ko-ce-od-gradana-sandzaka-biti-vracen-iz-njemacke-a-ko-moze-ostati\/\" \/>\n<meta property=\"og:locale\" content=\"bs_BA\" \/>\n<meta property=\"og:type\" content=\"article\" \/>\n<meta property=\"og:title\" content=\"Evo ko \u0107e od gra\u0111ana Sand\u017eaka biti vra\u0107en iz Njema\u010dke, a ko mo\u017ee ostati\" \/>\n<meta property=\"og:description\" content=\"Svijet &#8211; Oni koji imaju odgovaraju\u0107e kvalifikacije za posao mogu da tra\u017ee radne vize i na osnovu toga da rade u Nema\u010dkoj. Ali tra\u017eiti azil nije put koji vodi do boravka i zaposlenja u Nema\u010dkoj, ka\u017ee ambasador Nema\u010dke Aksel Ditman. Nema\u010dko-srpski odnosi su iz moje perspektive odli\u010dni. To je pre svega pokazala poseta kancelarke Angele [&hellip;]\" \/>\n<meta property=\"og:url\" content=\"https:\/\/sandzakpress.net\/arhiva\/evo-ko-ce-od-gradana-sandzaka-biti-vracen-iz-njemacke-a-ko-moze-ostati\/\" \/>\n<meta property=\"og:site_name\" content=\"Sand\u017eak PRESS\" \/>\n<meta property=\"article:published_time\" content=\"2015-08-23T13:13:09+00:00\" \/>\n<meta property=\"og:image\" content=\"https:\/\/sandzakpress.net\/arhiva\/wp-content\/uploads\/2015\/08\/srbi-nemacka-azil-azilanti-shutterstock-1411158410-571375.jpg\" \/>\n\t<meta property=\"og:image:width\" content=\"620\" \/>\n\t<meta property=\"og:image:height\" content=\"419\" \/>\n\t<meta property=\"og:image:type\" content=\"image\/jpeg\" \/>\n<meta name=\"author\" content=\"Agencija\" \/>\n<meta name=\"twitter:card\" content=\"summary_large_image\" \/>\n<meta name=\"twitter:label1\" content=\"Written by\" \/>\n\t<meta name=\"twitter:data1\" content=\"Agencija\" \/>\n\t<meta name=\"twitter:label2\" content=\"Est. reading time\" \/>\n\t<meta name=\"twitter:data2\" content=\"3 minute\" \/>\n<script type=\"application\/ld+json\" class=\"yoast-schema-graph\">{\"@context\":\"https:\/\/schema.org\",\"@graph\":[{\"@type\":\"Article\",\"@id\":\"https:\/\/sandzakpress.net\/arhiva\/evo-ko-ce-od-gradana-sandzaka-biti-vracen-iz-njemacke-a-ko-moze-ostati\/#article\",\"isPartOf\":{\"@id\":\"https:\/\/sandzakpress.net\/arhiva\/evo-ko-ce-od-gradana-sandzaka-biti-vracen-iz-njemacke-a-ko-moze-ostati\/\"},\"author\":{\"name\":\"Agencija\",\"@id\":\"https:\/\/sandzakpress.net\/arhiva\/#\/schema\/person\/cb59d7e3ab91ab90dd680ad0305a6185\"},\"headline\":\"Evo ko \u0107e od gra\u0111ana Sand\u017eaka biti vra\u0107en iz Njema\u010dke, a ko mo\u017ee ostati\",\"datePublished\":\"2015-08-23T13:13:09+00:00\",\"mainEntityOfPage\":{\"@id\":\"https:\/\/sandzakpress.net\/arhiva\/evo-ko-ce-od-gradana-sandzaka-biti-vracen-iz-njemacke-a-ko-moze-ostati\/\"},\"wordCount\":536,\"commentCount\":0,\"publisher\":{\"@id\":\"https:\/\/sandzakpress.net\/arhiva\/#\/schema\/person\/6e72b67d6e51910a1117b3b483ba20bd\"},\"image\":{\"@id\":\"https:\/\/sandzakpress.net\/arhiva\/evo-ko-ce-od-gradana-sandzaka-biti-vracen-iz-njemacke-a-ko-moze-ostati\/#primaryimage\"},\"thumbnailUrl\":\"https:\/\/sandzakpress.net\/arhiva\/wp-content\/uploads\/2015\/08\/srbi-nemacka-azil-azilanti-shutterstock-1411158410-571375.jpg\",\"articleSection\":[\"Njema\u010dka\",\"Svijet\",\"NAJNOVIJE\",\"VA\u017dNO!\"],\"inLanguage\":\"bs-BA\",\"potentialAction\":[{\"@type\":\"CommentAction\",\"name\":\"Comment\",\"target\":[\"https:\/\/sandzakpress.net\/arhiva\/evo-ko-ce-od-gradana-sandzaka-biti-vracen-iz-njemacke-a-ko-moze-ostati\/#respond\"]}]},{\"@type\":\"WebPage\",\"@id\":\"https:\/\/sandzakpress.net\/arhiva\/evo-ko-ce-od-gradana-sandzaka-biti-vracen-iz-njemacke-a-ko-moze-ostati\/\",\"url\":\"https:\/\/sandzakpress.net\/arhiva\/evo-ko-ce-od-gradana-sandzaka-biti-vracen-iz-njemacke-a-ko-moze-ostati\/\",\"name\":\"Evo ko \u0107e od gra\u0111ana Sand\u017eaka biti vra\u0107en iz Njema\u010dke, a ko mo\u017ee ostati\",\"isPartOf\":{\"@id\":\"https:\/\/sandzakpress.net\/arhiva\/#website\"},\"primaryImageOfPage\":{\"@id\":\"https:\/\/sandzakpress.net\/arhiva\/evo-ko-ce-od-gradana-sandzaka-biti-vracen-iz-njemacke-a-ko-moze-ostati\/#primaryimage\"},\"image\":{\"@id\":\"https:\/\/sandzakpress.net\/arhiva\/evo-ko-ce-od-gradana-sandzaka-biti-vracen-iz-njemacke-a-ko-moze-ostati\/#primaryimage\"},\"thumbnailUrl\":\"https:\/\/sandzakpress.net\/arhiva\/wp-content\/uploads\/2015\/08\/srbi-nemacka-azil-azilanti-shutterstock-1411158410-571375.jpg\",\"datePublished\":\"2015-08-23T13:13:09+00:00\",\"breadcrumb\":{\"@id\":\"https:\/\/sandzakpress.net\/arhiva\/evo-ko-ce-od-gradana-sandzaka-biti-vracen-iz-njemacke-a-ko-moze-ostati\/#breadcrumb\"},\"inLanguage\":\"bs-BA\",\"potentialAction\":[{\"@type\":\"ReadAction\",\"target\":[\"https:\/\/sandzakpress.net\/arhiva\/evo-ko-ce-od-gradana-sandzaka-biti-vracen-iz-njemacke-a-ko-moze-ostati\/\"]}]},{\"@type\":\"ImageObject\",\"inLanguage\":\"bs-BA\",\"@id\":\"https:\/\/sandzakpress.net\/arhiva\/evo-ko-ce-od-gradana-sandzaka-biti-vracen-iz-njemacke-a-ko-moze-ostati\/#primaryimage\",\"url\":\"https:\/\/sandzakpress.net\/arhiva\/wp-content\/uploads\/2015\/08\/srbi-nemacka-azil-azilanti-shutterstock-1411158410-571375.jpg\",\"contentUrl\":\"https:\/\/sandzakpress.net\/arhiva\/wp-content\/uploads\/2015\/08\/srbi-nemacka-azil-azilanti-shutterstock-1411158410-571375.jpg\",\"width\":620,\"height\":419},{\"@type\":\"BreadcrumbList\",\"@id\":\"https:\/\/sandzakpress.net\/arhiva\/evo-ko-ce-od-gradana-sandzaka-biti-vracen-iz-njemacke-a-ko-moze-ostati\/#breadcrumb\",\"itemListElement\":[{\"@type\":\"ListItem\",\"position\":1,\"name\":\"Home\",\"item\":\"https:\/\/sandzakpress.net\/arhiva\/\"},{\"@type\":\"ListItem\",\"position\":2,\"name\":\"Evo ko \u0107e od gra\u0111ana Sand\u017eaka biti vra\u0107en iz Njema\u010dke, a ko mo\u017ee ostati\"}]},{\"@type\":\"WebSite\",\"@id\":\"https:\/\/sandzakpress.net\/arhiva\/#website\",\"url\":\"https:\/\/sandzakpress.net\/arhiva\/\",\"name\":\"Sand\u017eak PRESS\",\"description\":\"Prve elektronske novine u Sand\u017eaku\",\"publisher\":{\"@id\":\"https:\/\/sandzakpress.net\/arhiva\/#\/schema\/person\/6e72b67d6e51910a1117b3b483ba20bd\"},\"potentialAction\":[{\"@type\":\"SearchAction\",\"target\":{\"@type\":\"EntryPoint\",\"urlTemplate\":\"https:\/\/sandzakpress.net\/arhiva\/?s={search_term_string}\"},\"query-input\":{\"@type\":\"PropertyValueSpecification\",\"valueRequired\":true,\"valueName\":\"search_term_string\"}}],\"inLanguage\":\"bs-BA\"},{\"@type\":[\"Person\",\"Organization\"],\"@id\":\"https:\/\/sandzakpress.net\/arhiva\/#\/schema\/person\/6e72b67d6e51910a1117b3b483ba20bd\",\"name\":\"Kul\",\"image\":{\"@type\":\"ImageObject\",\"inLanguage\":\"bs-BA\",\"@id\":\"https:\/\/sandzakpress.net\/arhiva\/#\/schema\/person\/image\/\",\"url\":\"https:\/\/secure.gravatar.com\/avatar\/42263f39aa27ac04c43cab85c280eb2e?s=96&d=mm&r=pg\",\"contentUrl\":\"https:\/\/secure.gravatar.com\/avatar\/42263f39aa27ac04c43cab85c280eb2e?s=96&d=mm&r=pg\",\"caption\":\"Kul\"},\"logo\":{\"@id\":\"https:\/\/sandzakpress.net\/arhiva\/#\/schema\/person\/image\/\"}},{\"@type\":\"Person\",\"@id\":\"https:\/\/sandzakpress.net\/arhiva\/#\/schema\/person\/cb59d7e3ab91ab90dd680ad0305a6185\",\"name\":\"Agencija\",\"image\":{\"@type\":\"ImageObject\",\"inLanguage\":\"bs-BA\",\"@id\":\"https:\/\/sandzakpress.net\/arhiva\/#\/schema\/person\/image\/\",\"url\":\"https:\/\/secure.gravatar.com\/avatar\/4b7fafa80a22f0c2afe23966b3961fe0?s=96&d=mm&r=pg\",\"contentUrl\":\"https:\/\/secure.gravatar.com\/avatar\/4b7fafa80a22f0c2afe23966b3961fe0?s=96&d=mm&r=pg\",\"caption\":\"Agencija\"},\"url\":\"https:\/\/sandzakpress.net\/arhiva\/author\/agencija\/\"}]}<\/script>\n<!-- \/ Yoast SEO Premium plugin. -->","yoast_head_json":{"title":"Evo ko \u0107e od gra\u0111ana Sand\u017eaka biti vra\u0107en iz Njema\u010dke, a ko mo\u017ee ostati","robots":{"index":"index","follow":"follow","max-snippet":"max-snippet:-1","max-image-preview":"max-image-preview:large","max-video-preview":"max-video-preview:-1"},"canonical":"https:\/\/sandzakpress.net\/arhiva\/evo-ko-ce-od-gradana-sandzaka-biti-vracen-iz-njemacke-a-ko-moze-ostati\/","og_locale":"bs_BA","og_type":"article","og_title":"Evo ko \u0107e od gra\u0111ana Sand\u017eaka biti vra\u0107en iz Njema\u010dke, a ko mo\u017ee ostati","og_description":"Svijet &#8211; Oni koji imaju odgovaraju\u0107e kvalifikacije za posao mogu da tra\u017ee radne vize i na osnovu toga da rade u Nema\u010dkoj. Ali tra\u017eiti azil nije put koji vodi do boravka i zaposlenja u Nema\u010dkoj, ka\u017ee ambasador Nema\u010dke Aksel Ditman. Nema\u010dko-srpski odnosi su iz moje perspektive odli\u010dni. To je pre svega pokazala poseta kancelarke Angele [&hellip;]","og_url":"https:\/\/sandzakpress.net\/arhiva\/evo-ko-ce-od-gradana-sandzaka-biti-vracen-iz-njemacke-a-ko-moze-ostati\/","og_site_name":"Sand\u017eak PRESS","article_published_time":"2015-08-23T13:13:09+00:00","og_image":[{"width":620,"height":419,"url":"https:\/\/sandzakpress.net\/arhiva\/wp-content\/uploads\/2015\/08\/srbi-nemacka-azil-azilanti-shutterstock-1411158410-571375.jpg","type":"image\/jpeg"}],"author":"Agencija","twitter_card":"summary_large_image","twitter_misc":{"Written by":"Agencija","Est. reading time":"3 minute"},"schema":{"@context":"https:\/\/schema.org","@graph":[{"@type":"Article","@id":"https:\/\/sandzakpress.net\/arhiva\/evo-ko-ce-od-gradana-sandzaka-biti-vracen-iz-njemacke-a-ko-moze-ostati\/#article","isPartOf":{"@id":"https:\/\/sandzakpress.net\/arhiva\/evo-ko-ce-od-gradana-sandzaka-biti-vracen-iz-njemacke-a-ko-moze-ostati\/"},"author":{"name":"Agencija","@id":"https:\/\/sandzakpress.net\/arhiva\/#\/schema\/person\/cb59d7e3ab91ab90dd680ad0305a6185"},"headline":"Evo ko \u0107e od gra\u0111ana Sand\u017eaka biti vra\u0107en iz Njema\u010dke, a ko mo\u017ee ostati","datePublished":"2015-08-23T13:13:09+00:00","mainEntityOfPage":{"@id":"https:\/\/sandzakpress.net\/arhiva\/evo-ko-ce-od-gradana-sandzaka-biti-vracen-iz-njemacke-a-ko-moze-ostati\/"},"wordCount":536,"commentCount":0,"publisher":{"@id":"https:\/\/sandzakpress.net\/arhiva\/#\/schema\/person\/6e72b67d6e51910a1117b3b483ba20bd"},"image":{"@id":"https:\/\/sandzakpress.net\/arhiva\/evo-ko-ce-od-gradana-sandzaka-biti-vracen-iz-njemacke-a-ko-moze-ostati\/#primaryimage"},"thumbnailUrl":"https:\/\/sandzakpress.net\/arhiva\/wp-content\/uploads\/2015\/08\/srbi-nemacka-azil-azilanti-shutterstock-1411158410-571375.jpg","articleSection":["Njema\u010dka","Svijet","NAJNOVIJE","VA\u017dNO!"],"inLanguage":"bs-BA","potentialAction":[{"@type":"CommentAction","name":"Comment","target":["https:\/\/sandzakpress.net\/arhiva\/evo-ko-ce-od-gradana-sandzaka-biti-vracen-iz-njemacke-a-ko-moze-ostati\/#respond"]}]},{"@type":"WebPage","@id":"https:\/\/sandzakpress.net\/arhiva\/evo-ko-ce-od-gradana-sandzaka-biti-vracen-iz-njemacke-a-ko-moze-ostati\/","url":"https:\/\/sandzakpress.net\/arhiva\/evo-ko-ce-od-gradana-sandzaka-biti-vracen-iz-njemacke-a-ko-moze-ostati\/","name":"Evo ko \u0107e od gra\u0111ana Sand\u017eaka biti vra\u0107en iz Njema\u010dke, a ko mo\u017ee ostati","isPartOf":{"@id":"https:\/\/sandzakpress.net\/arhiva\/#website"},"primaryImageOfPage":{"@id":"https:\/\/sandzakpress.net\/arhiva\/evo-ko-ce-od-gradana-sandzaka-biti-vracen-iz-njemacke-a-ko-moze-ostati\/#primaryimage"},"image":{"@id":"https:\/\/sandzakpress.net\/arhiva\/evo-ko-ce-od-gradana-sandzaka-biti-vracen-iz-njemacke-a-ko-moze-ostati\/#primaryimage"},"thumbnailUrl":"https:\/\/sandzakpress.net\/arhiva\/wp-content\/uploads\/2015\/08\/srbi-nemacka-azil-azilanti-shutterstock-1411158410-571375.jpg","datePublished":"2015-08-23T13:13:09+00:00","breadcrumb":{"@id":"https:\/\/sandzakpress.net\/arhiva\/evo-ko-ce-od-gradana-sandzaka-biti-vracen-iz-njemacke-a-ko-moze-ostati\/#breadcrumb"},"inLanguage":"bs-BA","potentialAction":[{"@type":"ReadAction","target":["https:\/\/sandzakpress.net\/arhiva\/evo-ko-ce-od-gradana-sandzaka-biti-vracen-iz-njemacke-a-ko-moze-ostati\/"]}]},{"@type":"ImageObject","inLanguage":"bs-BA","@id":"https:\/\/sandzakpress.net\/arhiva\/evo-ko-ce-od-gradana-sandzaka-biti-vracen-iz-njemacke-a-ko-moze-ostati\/#primaryimage","url":"https:\/\/sandzakpress.net\/arhiva\/wp-content\/uploads\/2015\/08\/srbi-nemacka-azil-azilanti-shutterstock-1411158410-571375.jpg","contentUrl":"https:\/\/sandzakpress.net\/arhiva\/wp-content\/uploads\/2015\/08\/srbi-nemacka-azil-azilanti-shutterstock-1411158410-571375.jpg","width":620,"height":419},{"@type":"BreadcrumbList","@id":"https:\/\/sandzakpress.net\/arhiva\/evo-ko-ce-od-gradana-sandzaka-biti-vracen-iz-njemacke-a-ko-moze-ostati\/#breadcrumb","itemListElement":[{"@type":"ListItem","position":1,"name":"Home","item":"https:\/\/sandzakpress.net\/arhiva\/"},{"@type":"ListItem","position":2,"name":"Evo ko \u0107e od gra\u0111ana Sand\u017eaka biti vra\u0107en iz Njema\u010dke, a ko mo\u017ee ostati"}]},{"@type":"WebSite","@id":"https:\/\/sandzakpress.net\/arhiva\/#website","url":"https:\/\/sandzakpress.net\/arhiva\/","name":"Sand\u017eak PRESS","description":"Prve elektronske novine u Sand\u017eaku","publisher":{"@id":"https:\/\/sandzakpress.net\/arhiva\/#\/schema\/person\/6e72b67d6e51910a1117b3b483ba20bd"},"potentialAction":[{"@type":"SearchAction","target":{"@type":"EntryPoint","urlTemplate":"https:\/\/sandzakpress.net\/arhiva\/?s={search_term_string}"},"query-input":{"@type":"PropertyValueSpecification","valueRequired":true,"valueName":"search_term_string"}}],"inLanguage":"bs-BA"},{"@type":["Person","Organization"],"@id":"https:\/\/sandzakpress.net\/arhiva\/#\/schema\/person\/6e72b67d6e51910a1117b3b483ba20bd","name":"Kul","image":{"@type":"ImageObject","inLanguage":"bs-BA","@id":"https:\/\/sandzakpress.net\/arhiva\/#\/schema\/person\/image\/","url":"https:\/\/secure.gravatar.com\/avatar\/42263f39aa27ac04c43cab85c280eb2e?s=96&d=mm&r=pg","contentUrl":"https:\/\/secure.gravatar.com\/avatar\/42263f39aa27ac04c43cab85c280eb2e?s=96&d=mm&r=pg","caption":"Kul"},"logo":{"@id":"https:\/\/sandzakpress.net\/arhiva\/#\/schema\/person\/image\/"}},{"@type":"Person","@id":"https:\/\/sandzakpress.net\/arhiva\/#\/schema\/person\/cb59d7e3ab91ab90dd680ad0305a6185","name":"Agencija","image":{"@type":"ImageObject","inLanguage":"bs-BA","@id":"https:\/\/sandzakpress.net\/arhiva\/#\/schema\/person\/image\/","url":"https:\/\/secure.gravatar.com\/avatar\/4b7fafa80a22f0c2afe23966b3961fe0?s=96&d=mm&r=pg","contentUrl":"https:\/\/secure.gravatar.com\/avatar\/4b7fafa80a22f0c2afe23966b3961fe0?s=96&d=mm&r=pg","caption":"Agencija"},"url":"https:\/\/sandzakpress.net\/arhiva\/author\/agencija\/"}]}},"_links":{"self":[{"href":"https:\/\/sandzakpress.net\/arhiva\/wp-json\/wp\/v2\/posts\/134447"}],"collection":[{"href":"https:\/\/sandzakpress.net\/arhiva\/wp-json\/wp\/v2\/posts"}],"about":[{"href":"https:\/\/sandzakpress.net\/arhiva\/wp-json\/wp\/v2\/types\/post"}],"author":[{"embeddable":true,"href":"https:\/\/sandzakpress.net\/arhiva\/wp-json\/wp\/v2\/users\/509"}],"replies":[{"embeddable":true,"href":"https:\/\/sandzakpress.net\/arhiva\/wp-json\/wp\/v2\/comments?post=134447"}],"version-history":[{"count":0,"href":"https:\/\/sandzakpress.net\/arhiva\/wp-json\/wp\/v2\/posts\/134447\/revisions"}],"wp:featuredmedia":[{"embeddable":true,"href":"https:\/\/sandzakpress.net\/arhiva\/wp-json\/wp\/v2\/media\/134448"}],"wp:attachment":[{"href":"https:\/\/sandzakpress.net\/arhiva\/wp-json\/wp\/v2\/media?parent=134447"}],"wp:term":[{"taxonomy":"category","embeddable":true,"href":"https:\/\/sandzakpress.net\/arhiva\/wp-json\/wp\/v2\/categories?post=134447"},{"taxonomy":"post_tag","embeddable":true,"href":"https:\/\/sandzakpress.net\/arhiva\/wp-json\/wp\/v2\/tags?post=134447"}],"curies":[{"name":"wp","href":"https:\/\/api.w.org\/{rel}","templated":true}]}}