{"id":134429,"date":"2015-08-22T15:24:02","date_gmt":"2015-08-22T13:24:02","guid":{"rendered":"https:\/\/sandzakpress.net\/arhiva\/preporod-osudio-sutnju-medureligisjkog-vijeca-bih-o-napadima-na-muslimane"},"modified":"2015-08-22T15:24:02","modified_gmt":"2015-08-22T13:24:02","slug":"preporod-osudio-sutnju-medureligisjkog-vijeca-bih-o-napadima-na-muslimane","status":"publish","type":"post","link":"https:\/\/sandzakpress.net\/arhiva\/preporod-osudio-sutnju-medureligisjkog-vijeca-bih-o-napadima-na-muslimane\/","title":{"rendered":"Preporod osudio \u0161utnju Me\u0111ureligisjkog vije\u0107a BiH o napadima na muslimane"},"content":{"rendered":"<p><img decoding=\"async\" src=\"http:\/\/saff.ba\/wp-content\/uploads\/2015\/08\/mrcv-650x365.jpg\" alt=\"Preporod osudio \u0161utnju Me\u0111ureligisjkog vije\u0107a BiH o napadima na muslimane u Zvorniku, Doboju, Prijedoru, Kotor-Varo\u0161i, Srebrenici\u2026\" \/><\/p>\n<p><strong>BiH \u2013 Prenosimo opravdanu reakciju islamskih informativnih novina Islamske zajednice u BiH \u201cPrepoprda\u201d na \u0161utnju Me\u0111ureligijskog vije\u0107a BiH na napada na muslimane u manjem bh. entitetu u proteklia dva mjeseca.<\/strong><\/p>\n<p>Devetnaestog avgusta mediji su objavili saop\u0107enje Me\u0111ureligijskog vije\u0107a BiH u kojem se osu\u0111uje napad deset osoba na bo\u0161nja\u010dke povratnike u Duvnu.<\/p>\n<p>Ovo saop\u0107enje je nastavak veoma zna\u010dajnog djelovanja Me\u0111ureligijskog vije\u0107a u BiH da unaprijedi svijest o toleranciji i su\u017eivotu u na\u0161oj domovini. Me\u0111utim, ono \u0161to ne\u0107e ostati zabilje\u017eeno, iako MRV vodi projekat monitoringa napada, jeste da su u posljednja dva mjeseca vi\u0161e puta napadnute d\u017eamije i muslimani. Najmanje \u0161to je moglo Me\u0111ureligijsko vije\u0107e uraditi jeste da u svom saop\u0107enju o napadu u Duvnu barem spomene i druge napade i zastra\u0161ivanja povratnika. Ako se o\u010dekuje reciprocitet u napadima, koji je izgleda va\u017ean za Me\u0111ureligijsko vije\u0107e kako izvje\u0161taj ne bi bio pristrasan (poput onog od drugog jula ove godine), Me\u0111ureligijsko vije\u0107e bi kona\u010dno trebalo shvatiti da to trenutno nije mogu\u0107e, jer samo su muslimani ti koji u toku godine vi\u0161e puta bivaju napadnuti.<br \/>\nSaop\u0107enje ili izvje\u0161taj o napadima na muslimane u Zvorniku, Doboju, Prijedoru, Kotor-Varo\u0161i, Srebrenici i drugim mjestima je ako ne moralna onda profesionalna obaveza Me\u0111ureligijskog vije\u0107a BiH.<\/p>\n<p>(Saff)<\/p>\n<p>Pogledajte vijest na izvornom sajtu:<\/p>\n<p><a href=\"http:\/\/bosnapress.net\/preporod-osudio-sutnju-medureligisjkog-vijeca-bih-o-napadima-na-muslimane\/\" target=\"_blank\">Preporod osudio \u0161utnju Me\u0111ureligisjkog vije\u0107a BiH o napadima na muslimane<\/a><\/p>\n","protected":false},"excerpt":{"rendered":"<p>BiH \u2013 Prenosimo opravdanu reakciju islamskih informativnih novina Islamske zajednice u BiH \u201cPrepoprda\u201d na \u0161utnju Me\u0111ureligijskog vije\u0107a BiH na napada na muslimane u manjem bh. entitetu u proteklia dva mjeseca. Devetnaestog avgusta mediji su objavili saop\u0107enje Me\u0111ureligijskog vije\u0107a BiH u kojem se osu\u0111uje napad deset osoba na bo\u0161nja\u010dke povratnike u Duvnu. Ovo saop\u0107enje je nastavak [&hellip;]<\/p>\n","protected":false},"author":83,"featured_media":134431,"comment_status":"open","ping_status":"open","sticky":false,"template":"","format":"standard","meta":{"footnotes":""},"categories":[10513],"tags":[10466],"class_list":{"0":"post-134429","1":"post","2":"type-post","3":"status-publish","4":"format-standard","5":"has-post-thumbnail","7":"category-bosna-press","8":"tag-bosna-i-hercegovina"},"yoast_head":"<!-- This site is optimized with the Yoast SEO Premium plugin v23.1 (Yoast SEO v24.9) - https:\/\/yoast.com\/wordpress\/plugins\/seo\/ -->\n<title>Preporod osudio \u0161utnju Me\u0111ureligisjkog vije\u0107a BiH o napadima na muslimane<\/title>\n<meta name=\"robots\" content=\"index, follow, max-snippet:-1, max-image-preview:large, max-video-preview:-1\" \/>\n<link rel=\"canonical\" href=\"https:\/\/sandzakpress.net\/arhiva\/preporod-osudio-sutnju-medureligisjkog-vijeca-bih-o-napadima-na-muslimane\/\" \/>\n<meta property=\"og:locale\" content=\"bs_BA\" \/>\n<meta property=\"og:type\" content=\"article\" \/>\n<meta property=\"og:title\" content=\"Preporod osudio \u0161utnju Me\u0111ureligisjkog vije\u0107a BiH o napadima na muslimane\" \/>\n<meta property=\"og:description\" content=\"BiH \u2013 Prenosimo opravdanu reakciju islamskih informativnih novina Islamske zajednice u BiH \u201cPrepoprda\u201d na \u0161utnju Me\u0111ureligijskog vije\u0107a BiH na napada na muslimane u manjem bh. entitetu u proteklia dva mjeseca. Devetnaestog avgusta mediji su objavili saop\u0107enje Me\u0111ureligijskog vije\u0107a BiH u kojem se osu\u0111uje napad deset osoba na bo\u0161nja\u010dke povratnike u Duvnu. Ovo saop\u0107enje je nastavak [&hellip;]\" \/>\n<meta property=\"og:url\" content=\"https:\/\/sandzakpress.net\/arhiva\/preporod-osudio-sutnju-medureligisjkog-vijeca-bih-o-napadima-na-muslimane\/\" \/>\n<meta property=\"og:site_name\" content=\"Sand\u017eak PRESS\" \/>\n<meta property=\"article:published_time\" content=\"2015-08-22T13:24:02+00:00\" \/>\n<meta property=\"og:image\" content=\"https:\/\/sandzakpress.net\/arhiva\/wp-content\/uploads\/2015\/08\/mrcv-650x3651.jpg\" \/>\n\t<meta property=\"og:image:width\" content=\"650\" \/>\n\t<meta property=\"og:image:height\" content=\"365\" \/>\n\t<meta property=\"og:image:type\" content=\"image\/jpeg\" \/>\n<meta name=\"author\" content=\"bosniak\" \/>\n<meta name=\"twitter:card\" content=\"summary_large_image\" \/>\n<meta name=\"twitter:label1\" content=\"Written by\" \/>\n\t<meta name=\"twitter:data1\" content=\"bosniak\" \/>\n\t<meta name=\"twitter:label2\" content=\"Est. reading time\" \/>\n\t<meta name=\"twitter:data2\" content=\"1 minuta\" \/>\n<script type=\"application\/ld+json\" class=\"yoast-schema-graph\">{\"@context\":\"https:\/\/schema.org\",\"@graph\":[{\"@type\":\"Article\",\"@id\":\"https:\/\/sandzakpress.net\/arhiva\/preporod-osudio-sutnju-medureligisjkog-vijeca-bih-o-napadima-na-muslimane\/#article\",\"isPartOf\":{\"@id\":\"https:\/\/sandzakpress.net\/arhiva\/preporod-osudio-sutnju-medureligisjkog-vijeca-bih-o-napadima-na-muslimane\/\"},\"author\":{\"name\":\"bosniak\",\"@id\":\"https:\/\/sandzakpress.net\/arhiva\/#\/schema\/person\/c8baee722073534b583ea7bdb2e36c02\"},\"headline\":\"Preporod osudio \u0161utnju Me\u0111ureligisjkog vije\u0107a BiH o napadima na muslimane\",\"datePublished\":\"2015-08-22T13:24:02+00:00\",\"mainEntityOfPage\":{\"@id\":\"https:\/\/sandzakpress.net\/arhiva\/preporod-osudio-sutnju-medureligisjkog-vijeca-bih-o-napadima-na-muslimane\/\"},\"wordCount\":264,\"commentCount\":1,\"publisher\":{\"@id\":\"https:\/\/sandzakpress.net\/arhiva\/#\/schema\/person\/6e72b67d6e51910a1117b3b483ba20bd\"},\"image\":{\"@id\":\"https:\/\/sandzakpress.net\/arhiva\/preporod-osudio-sutnju-medureligisjkog-vijeca-bih-o-napadima-na-muslimane\/#primaryimage\"},\"thumbnailUrl\":\"https:\/\/sandzakpress.net\/arhiva\/wp-content\/uploads\/2015\/08\/mrcv-650x3651.jpg\",\"keywords\":[\"Bosna i Hercegovina\"],\"articleSection\":[\"Bosna PRESS\"],\"inLanguage\":\"bs-BA\",\"potentialAction\":[{\"@type\":\"CommentAction\",\"name\":\"Comment\",\"target\":[\"https:\/\/sandzakpress.net\/arhiva\/preporod-osudio-sutnju-medureligisjkog-vijeca-bih-o-napadima-na-muslimane\/#respond\"]}]},{\"@type\":\"WebPage\",\"@id\":\"https:\/\/sandzakpress.net\/arhiva\/preporod-osudio-sutnju-medureligisjkog-vijeca-bih-o-napadima-na-muslimane\/\",\"url\":\"https:\/\/sandzakpress.net\/arhiva\/preporod-osudio-sutnju-medureligisjkog-vijeca-bih-o-napadima-na-muslimane\/\",\"name\":\"Preporod osudio \u0161utnju Me\u0111ureligisjkog vije\u0107a BiH o napadima na muslimane\",\"isPartOf\":{\"@id\":\"https:\/\/sandzakpress.net\/arhiva\/#website\"},\"primaryImageOfPage\":{\"@id\":\"https:\/\/sandzakpress.net\/arhiva\/preporod-osudio-sutnju-medureligisjkog-vijeca-bih-o-napadima-na-muslimane\/#primaryimage\"},\"image\":{\"@id\":\"https:\/\/sandzakpress.net\/arhiva\/preporod-osudio-sutnju-medureligisjkog-vijeca-bih-o-napadima-na-muslimane\/#primaryimage\"},\"thumbnailUrl\":\"https:\/\/sandzakpress.net\/arhiva\/wp-content\/uploads\/2015\/08\/mrcv-650x3651.jpg\",\"datePublished\":\"2015-08-22T13:24:02+00:00\",\"breadcrumb\":{\"@id\":\"https:\/\/sandzakpress.net\/arhiva\/preporod-osudio-sutnju-medureligisjkog-vijeca-bih-o-napadima-na-muslimane\/#breadcrumb\"},\"inLanguage\":\"bs-BA\",\"potentialAction\":[{\"@type\":\"ReadAction\",\"target\":[\"https:\/\/sandzakpress.net\/arhiva\/preporod-osudio-sutnju-medureligisjkog-vijeca-bih-o-napadima-na-muslimane\/\"]}]},{\"@type\":\"ImageObject\",\"inLanguage\":\"bs-BA\",\"@id\":\"https:\/\/sandzakpress.net\/arhiva\/preporod-osudio-sutnju-medureligisjkog-vijeca-bih-o-napadima-na-muslimane\/#primaryimage\",\"url\":\"https:\/\/sandzakpress.net\/arhiva\/wp-content\/uploads\/2015\/08\/mrcv-650x3651.jpg\",\"contentUrl\":\"https:\/\/sandzakpress.net\/arhiva\/wp-content\/uploads\/2015\/08\/mrcv-650x3651.jpg\",\"width\":650,\"height\":365},{\"@type\":\"BreadcrumbList\",\"@id\":\"https:\/\/sandzakpress.net\/arhiva\/preporod-osudio-sutnju-medureligisjkog-vijeca-bih-o-napadima-na-muslimane\/#breadcrumb\",\"itemListElement\":[{\"@type\":\"ListItem\",\"position\":1,\"name\":\"Home\",\"item\":\"https:\/\/sandzakpress.net\/arhiva\/\"},{\"@type\":\"ListItem\",\"position\":2,\"name\":\"Preporod osudio \u0161utnju Me\u0111ureligisjkog vije\u0107a BiH o napadima na muslimane\"}]},{\"@type\":\"WebSite\",\"@id\":\"https:\/\/sandzakpress.net\/arhiva\/#website\",\"url\":\"https:\/\/sandzakpress.net\/arhiva\/\",\"name\":\"Sand\u017eak PRESS\",\"description\":\"Prve elektronske novine u Sand\u017eaku\",\"publisher\":{\"@id\":\"https:\/\/sandzakpress.net\/arhiva\/#\/schema\/person\/6e72b67d6e51910a1117b3b483ba20bd\"},\"potentialAction\":[{\"@type\":\"SearchAction\",\"target\":{\"@type\":\"EntryPoint\",\"urlTemplate\":\"https:\/\/sandzakpress.net\/arhiva\/?s={search_term_string}\"},\"query-input\":{\"@type\":\"PropertyValueSpecification\",\"valueRequired\":true,\"valueName\":\"search_term_string\"}}],\"inLanguage\":\"bs-BA\"},{\"@type\":[\"Person\",\"Organization\"],\"@id\":\"https:\/\/sandzakpress.net\/arhiva\/#\/schema\/person\/6e72b67d6e51910a1117b3b483ba20bd\",\"name\":\"Kul\",\"image\":{\"@type\":\"ImageObject\",\"inLanguage\":\"bs-BA\",\"@id\":\"https:\/\/sandzakpress.net\/arhiva\/#\/schema\/person\/image\/\",\"url\":\"https:\/\/secure.gravatar.com\/avatar\/42263f39aa27ac04c43cab85c280eb2e?s=96&d=mm&r=pg\",\"contentUrl\":\"https:\/\/secure.gravatar.com\/avatar\/42263f39aa27ac04c43cab85c280eb2e?s=96&d=mm&r=pg\",\"caption\":\"Kul\"},\"logo\":{\"@id\":\"https:\/\/sandzakpress.net\/arhiva\/#\/schema\/person\/image\/\"}},{\"@type\":\"Person\",\"@id\":\"https:\/\/sandzakpress.net\/arhiva\/#\/schema\/person\/c8baee722073534b583ea7bdb2e36c02\",\"name\":\"bosniak\",\"image\":{\"@type\":\"ImageObject\",\"inLanguage\":\"bs-BA\",\"@id\":\"https:\/\/sandzakpress.net\/arhiva\/#\/schema\/person\/image\/\",\"url\":\"https:\/\/secure.gravatar.com\/avatar\/a04fd330bfe3a36a72a0ad4a6d89fca7?s=96&d=mm&r=pg\",\"contentUrl\":\"https:\/\/secure.gravatar.com\/avatar\/a04fd330bfe3a36a72a0ad4a6d89fca7?s=96&d=mm&r=pg\",\"caption\":\"bosniak\"},\"url\":\"https:\/\/sandzakpress.net\/arhiva\/author\/bosniak\/\"}]}<\/script>\n<!-- \/ Yoast SEO Premium plugin. -->","yoast_head_json":{"title":"Preporod osudio \u0161utnju Me\u0111ureligisjkog vije\u0107a BiH o napadima na muslimane","robots":{"index":"index","follow":"follow","max-snippet":"max-snippet:-1","max-image-preview":"max-image-preview:large","max-video-preview":"max-video-preview:-1"},"canonical":"https:\/\/sandzakpress.net\/arhiva\/preporod-osudio-sutnju-medureligisjkog-vijeca-bih-o-napadima-na-muslimane\/","og_locale":"bs_BA","og_type":"article","og_title":"Preporod osudio \u0161utnju Me\u0111ureligisjkog vije\u0107a BiH o napadima na muslimane","og_description":"BiH \u2013 Prenosimo opravdanu reakciju islamskih informativnih novina Islamske zajednice u BiH \u201cPrepoprda\u201d na \u0161utnju Me\u0111ureligijskog vije\u0107a BiH na napada na muslimane u manjem bh. entitetu u proteklia dva mjeseca. Devetnaestog avgusta mediji su objavili saop\u0107enje Me\u0111ureligijskog vije\u0107a BiH u kojem se osu\u0111uje napad deset osoba na bo\u0161nja\u010dke povratnike u Duvnu. Ovo saop\u0107enje je nastavak [&hellip;]","og_url":"https:\/\/sandzakpress.net\/arhiva\/preporod-osudio-sutnju-medureligisjkog-vijeca-bih-o-napadima-na-muslimane\/","og_site_name":"Sand\u017eak PRESS","article_published_time":"2015-08-22T13:24:02+00:00","og_image":[{"width":650,"height":365,"url":"https:\/\/sandzakpress.net\/arhiva\/wp-content\/uploads\/2015\/08\/mrcv-650x3651.jpg","type":"image\/jpeg"}],"author":"bosniak","twitter_card":"summary_large_image","twitter_misc":{"Written by":"bosniak","Est. reading time":"1 minuta"},"schema":{"@context":"https:\/\/schema.org","@graph":[{"@type":"Article","@id":"https:\/\/sandzakpress.net\/arhiva\/preporod-osudio-sutnju-medureligisjkog-vijeca-bih-o-napadima-na-muslimane\/#article","isPartOf":{"@id":"https:\/\/sandzakpress.net\/arhiva\/preporod-osudio-sutnju-medureligisjkog-vijeca-bih-o-napadima-na-muslimane\/"},"author":{"name":"bosniak","@id":"https:\/\/sandzakpress.net\/arhiva\/#\/schema\/person\/c8baee722073534b583ea7bdb2e36c02"},"headline":"Preporod osudio \u0161utnju Me\u0111ureligisjkog vije\u0107a BiH o napadima na muslimane","datePublished":"2015-08-22T13:24:02+00:00","mainEntityOfPage":{"@id":"https:\/\/sandzakpress.net\/arhiva\/preporod-osudio-sutnju-medureligisjkog-vijeca-bih-o-napadima-na-muslimane\/"},"wordCount":264,"commentCount":1,"publisher":{"@id":"https:\/\/sandzakpress.net\/arhiva\/#\/schema\/person\/6e72b67d6e51910a1117b3b483ba20bd"},"image":{"@id":"https:\/\/sandzakpress.net\/arhiva\/preporod-osudio-sutnju-medureligisjkog-vijeca-bih-o-napadima-na-muslimane\/#primaryimage"},"thumbnailUrl":"https:\/\/sandzakpress.net\/arhiva\/wp-content\/uploads\/2015\/08\/mrcv-650x3651.jpg","keywords":["Bosna i Hercegovina"],"articleSection":["Bosna PRESS"],"inLanguage":"bs-BA","potentialAction":[{"@type":"CommentAction","name":"Comment","target":["https:\/\/sandzakpress.net\/arhiva\/preporod-osudio-sutnju-medureligisjkog-vijeca-bih-o-napadima-na-muslimane\/#respond"]}]},{"@type":"WebPage","@id":"https:\/\/sandzakpress.net\/arhiva\/preporod-osudio-sutnju-medureligisjkog-vijeca-bih-o-napadima-na-muslimane\/","url":"https:\/\/sandzakpress.net\/arhiva\/preporod-osudio-sutnju-medureligisjkog-vijeca-bih-o-napadima-na-muslimane\/","name":"Preporod osudio \u0161utnju Me\u0111ureligisjkog vije\u0107a BiH o napadima na muslimane","isPartOf":{"@id":"https:\/\/sandzakpress.net\/arhiva\/#website"},"primaryImageOfPage":{"@id":"https:\/\/sandzakpress.net\/arhiva\/preporod-osudio-sutnju-medureligisjkog-vijeca-bih-o-napadima-na-muslimane\/#primaryimage"},"image":{"@id":"https:\/\/sandzakpress.net\/arhiva\/preporod-osudio-sutnju-medureligisjkog-vijeca-bih-o-napadima-na-muslimane\/#primaryimage"},"thumbnailUrl":"https:\/\/sandzakpress.net\/arhiva\/wp-content\/uploads\/2015\/08\/mrcv-650x3651.jpg","datePublished":"2015-08-22T13:24:02+00:00","breadcrumb":{"@id":"https:\/\/sandzakpress.net\/arhiva\/preporod-osudio-sutnju-medureligisjkog-vijeca-bih-o-napadima-na-muslimane\/#breadcrumb"},"inLanguage":"bs-BA","potentialAction":[{"@type":"ReadAction","target":["https:\/\/sandzakpress.net\/arhiva\/preporod-osudio-sutnju-medureligisjkog-vijeca-bih-o-napadima-na-muslimane\/"]}]},{"@type":"ImageObject","inLanguage":"bs-BA","@id":"https:\/\/sandzakpress.net\/arhiva\/preporod-osudio-sutnju-medureligisjkog-vijeca-bih-o-napadima-na-muslimane\/#primaryimage","url":"https:\/\/sandzakpress.net\/arhiva\/wp-content\/uploads\/2015\/08\/mrcv-650x3651.jpg","contentUrl":"https:\/\/sandzakpress.net\/arhiva\/wp-content\/uploads\/2015\/08\/mrcv-650x3651.jpg","width":650,"height":365},{"@type":"BreadcrumbList","@id":"https:\/\/sandzakpress.net\/arhiva\/preporod-osudio-sutnju-medureligisjkog-vijeca-bih-o-napadima-na-muslimane\/#breadcrumb","itemListElement":[{"@type":"ListItem","position":1,"name":"Home","item":"https:\/\/sandzakpress.net\/arhiva\/"},{"@type":"ListItem","position":2,"name":"Preporod osudio \u0161utnju Me\u0111ureligisjkog vije\u0107a BiH o napadima na muslimane"}]},{"@type":"WebSite","@id":"https:\/\/sandzakpress.net\/arhiva\/#website","url":"https:\/\/sandzakpress.net\/arhiva\/","name":"Sand\u017eak PRESS","description":"Prve elektronske novine u Sand\u017eaku","publisher":{"@id":"https:\/\/sandzakpress.net\/arhiva\/#\/schema\/person\/6e72b67d6e51910a1117b3b483ba20bd"},"potentialAction":[{"@type":"SearchAction","target":{"@type":"EntryPoint","urlTemplate":"https:\/\/sandzakpress.net\/arhiva\/?s={search_term_string}"},"query-input":{"@type":"PropertyValueSpecification","valueRequired":true,"valueName":"search_term_string"}}],"inLanguage":"bs-BA"},{"@type":["Person","Organization"],"@id":"https:\/\/sandzakpress.net\/arhiva\/#\/schema\/person\/6e72b67d6e51910a1117b3b483ba20bd","name":"Kul","image":{"@type":"ImageObject","inLanguage":"bs-BA","@id":"https:\/\/sandzakpress.net\/arhiva\/#\/schema\/person\/image\/","url":"https:\/\/secure.gravatar.com\/avatar\/42263f39aa27ac04c43cab85c280eb2e?s=96&d=mm&r=pg","contentUrl":"https:\/\/secure.gravatar.com\/avatar\/42263f39aa27ac04c43cab85c280eb2e?s=96&d=mm&r=pg","caption":"Kul"},"logo":{"@id":"https:\/\/sandzakpress.net\/arhiva\/#\/schema\/person\/image\/"}},{"@type":"Person","@id":"https:\/\/sandzakpress.net\/arhiva\/#\/schema\/person\/c8baee722073534b583ea7bdb2e36c02","name":"bosniak","image":{"@type":"ImageObject","inLanguage":"bs-BA","@id":"https:\/\/sandzakpress.net\/arhiva\/#\/schema\/person\/image\/","url":"https:\/\/secure.gravatar.com\/avatar\/a04fd330bfe3a36a72a0ad4a6d89fca7?s=96&d=mm&r=pg","contentUrl":"https:\/\/secure.gravatar.com\/avatar\/a04fd330bfe3a36a72a0ad4a6d89fca7?s=96&d=mm&r=pg","caption":"bosniak"},"url":"https:\/\/sandzakpress.net\/arhiva\/author\/bosniak\/"}]}},"_links":{"self":[{"href":"https:\/\/sandzakpress.net\/arhiva\/wp-json\/wp\/v2\/posts\/134429"}],"collection":[{"href":"https:\/\/sandzakpress.net\/arhiva\/wp-json\/wp\/v2\/posts"}],"about":[{"href":"https:\/\/sandzakpress.net\/arhiva\/wp-json\/wp\/v2\/types\/post"}],"author":[{"embeddable":true,"href":"https:\/\/sandzakpress.net\/arhiva\/wp-json\/wp\/v2\/users\/83"}],"replies":[{"embeddable":true,"href":"https:\/\/sandzakpress.net\/arhiva\/wp-json\/wp\/v2\/comments?post=134429"}],"version-history":[{"count":0,"href":"https:\/\/sandzakpress.net\/arhiva\/wp-json\/wp\/v2\/posts\/134429\/revisions"}],"wp:featuredmedia":[{"embeddable":true,"href":"https:\/\/sandzakpress.net\/arhiva\/wp-json\/wp\/v2\/media\/134431"}],"wp:attachment":[{"href":"https:\/\/sandzakpress.net\/arhiva\/wp-json\/wp\/v2\/media?parent=134429"}],"wp:term":[{"taxonomy":"category","embeddable":true,"href":"https:\/\/sandzakpress.net\/arhiva\/wp-json\/wp\/v2\/categories?post=134429"},{"taxonomy":"post_tag","embeddable":true,"href":"https:\/\/sandzakpress.net\/arhiva\/wp-json\/wp\/v2\/tags?post=134429"}],"curies":[{"name":"wp","href":"https:\/\/api.w.org\/{rel}","templated":true}]}}