{"id":134426,"date":"2015-08-22T15:24:44","date_gmt":"2015-08-22T13:24:44","guid":{"rendered":"https:\/\/sandzakpress.net\/arhiva\/focanska-ljepotica-aladza-dzamija-se-dize-iz-pepela-ozidano-osam-metara-zida"},"modified":"2015-08-22T15:24:44","modified_gmt":"2015-08-22T13:24:44","slug":"focanska-ljepotica-aladza-dzamija-se-dize-iz-pepela-ozidano-osam-metara-zida","status":"publish","type":"post","link":"https:\/\/sandzakpress.net\/arhiva\/focanska-ljepotica-aladza-dzamija-se-dize-iz-pepela-ozidano-osam-metara-zida\/","title":{"rendered":"Fo\u010danska ljepotica Alad\u017ea-d\u017eamija se di\u017ee iz pepela: Ozidano osam metara zida"},"content":{"rendered":"<p><img decoding=\"async\" src=\"http:\/\/www.trt.net.tr\/bosanski\/fotograf\/haberler\/detay\/foanska-ljepotica-alada-damija-se-die-iz-pepe_trt-bosanski-50899.jpg\" alt=\"foanska-ljepotica-alada-damija-se-die-iz-pepe\" \/><\/p>\n<p><strong>Fo\u010da \u2013 Izgradnja i obnova Alad\u017ea-d\u017eamije u Fo\u010di, koja je po\u010dela krajem pro\u0161le godine, ide planiranim tokom te se o\u010dekuje da \u0107e radovi biti i zavr\u0161eni u predvi\u0111enom roku, potvrdio je za Anadolu Agency (AA) predsjednik Med\u017elisa islamske zajednice (MZ) Fo\u010da Salem ef. \u0106emo.<\/strong><\/p>\n<p>\u201cZadovoljni smo napretkom u izgradnji i obnovi na\u0161e ljepotice Alad\u017ea-d\u017eamije. Ozidano je vi\u0161e od osam metara zida. Zida se munara i radovi su u toku. Idu svojom dinamikom. Mi se nadamo, uz Allahovu pomo\u0107 i pomo\u0107 ljudi koji dolaze, uklju\u010duju se i obilaze svoju Fo\u010du da \u0107e radovi na Alad\u017ei biti i zavr\u0161eni u predvi\u0111enom roku\u201d, istakao je \u0106emo.<\/p>\n<p>Izrazio je nadu da \u201c\u0107e dan, kada \u0107e Fo\u010dom ponovo zablistati Alad\u017ea-d\u017eamija, do\u010dekati i barem malo ranije od predvi\u0111enog roka\u201d. \u0106emo nagla\u0161ava da je protokolom predvi\u0111eno da Alad\u017ea-d\u017eamija bude zavr\u0161ena u roku od 1.020 dana od datuma po\u010detka izgradnje.<\/p>\n<p>\u201cDakle, oko tri godine. Ovo je posebna d\u017eamija sa svom svojom ljepotom i du\u0161om, posebna je njena unutra\u0161njost\u201d, istakao je \u0106emo.<\/p>\n<p>Nagla\u0161ava da je Alad\u017ea bila jedina d\u017eamija ovakve vrste, a neko je zaslu\u017eio da ona bude u Fo\u010di na jednom lijepom mjestu pored rijeke \u0106ehotine.<\/p>\n<p>\u201cNadamo se i mislimo da je i sada neko zaslu\u017eio da do\u010dekamo vrijeme da se ona obnavlja. Zna\u010di, ona je puno vi\u0161e od d\u017eamije. Bila je simbol grada Fo\u010de. Ko god je spomenuo Alad\u017eu, znalo se gdje se ona nalazi. Nadamo se da \u0107e ona vratiti tu ljepotu i taj svoj sjaj, ali i ljepotu grada\u201d, dodao je \u0106emo.<\/p>\n<p>Alad\u017ea-d\u017eamija, kada bude potpuno izgra\u0111ena, zajedno sa munarom, bit \u0107e visoka 19,5 metara.<\/p>\n<p>Podsjetimo, u prisustvu reisu-l-uleme Islamske zajednice u Bosni i Hercegovini Huseina ef. Kavazovi\u0107a, u Fo\u010di su u decembru pro\u0161le godine po\u010deli radovi na ponovnoj izgradnji d\u017eamije Alad\u017ea, koju je 1549. godine izgradio Hasan Nezir, bliski saradnik Mimara Sinana, a koja je u potpunosti sru\u0161ena u avgustu 1992. godine.<\/p>\n<p>Prvu ciglu u temelje Alad\u017ee spustili su reis Kavazovi\u0107, gora\u017edanski muftija Remzija Piti\u0107 i radnik.<\/p>\n<p>Izvo\u0111a\u010d radova na ponovnoj izgradnji Alad\u017ea-d\u017eamije je turska firma \u201cSama Insaat\u201d i nekoliko podizvo\u0111a\u010da, a obnovu d\u017eamije finansira Generalna direkcija vakufa Republike Turske.<\/p>\n<p>Kamen za izgradnju Alad\u017ee vadi se iz istog kamenoloma iz kojeg je va\u0111en i prije skoro pet vijekova, kada je Hasan gradio d\u017eamiju.<\/p>\n<p>Alad\u017ea je prva d\u017eamija u BiH koja je izgra\u0111ena u klasi\u010dnom osmanskom stilu. Iako uvr\u0161tena na UNESCO-ovu listu kulturne ba\u0161tine, Alad\u017ea je u potpunosti sru\u0161ena u avgustu 1992. godine, na po\u010detku rata u BiH vo\u0111enog od 1992. do 1995, a njeni ostaci prona\u0111eni su na dvije lokacije, nedaleko od mjesta na kojem se nalazila.<\/p>\n<p>(Anadolu Agency)<\/p>\n<p>Pogledajte vijest na izvornom sajtu:<\/p>\n<p><a href=\"http:\/\/bosnapress.net\/focanska-ljepotica-aladza-dzamija-se-dize-iz-pepela-ozidano-osam-metara-zida\/\" target=\"_blank\">Fo\u010danska ljepotica Alad\u017ea-d\u017eamija se di\u017ee iz pepela: Ozidano osam metara zida<\/a><\/p>\n","protected":false},"excerpt":{"rendered":"<p>Fo\u010da \u2013 Izgradnja i obnova Alad\u017ea-d\u017eamije u Fo\u010di, koja je po\u010dela krajem pro\u0161le godine, ide planiranim tokom te se o\u010dekuje da \u0107e radovi biti i zavr\u0161eni u predvi\u0111enom roku, potvrdio je za Anadolu Agency (AA) predsjednik Med\u017elisa islamske zajednice (MZ) Fo\u010da Salem ef. \u0106emo. \u201cZadovoljni smo napretkom u izgradnji i obnovi na\u0161e ljepotice Alad\u017ea-d\u017eamije. Ozidano [&hellip;]<\/p>\n","protected":false},"author":83,"featured_media":134428,"comment_status":"open","ping_status":"open","sticky":false,"template":"","format":"standard","meta":{"footnotes":""},"categories":[10513],"tags":[10466],"class_list":{"0":"post-134426","1":"post","2":"type-post","3":"status-publish","4":"format-standard","5":"has-post-thumbnail","7":"category-bosna-press","8":"tag-bosna-i-hercegovina"},"yoast_head":"<!-- This site is optimized with the Yoast SEO Premium plugin v23.1 (Yoast SEO v24.9) - https:\/\/yoast.com\/wordpress\/plugins\/seo\/ -->\n<title>Fo\u010danska ljepotica Alad\u017ea-d\u017eamija se di\u017ee iz pepela: Ozidano osam metara zida<\/title>\n<meta name=\"robots\" content=\"index, follow, max-snippet:-1, max-image-preview:large, max-video-preview:-1\" \/>\n<link rel=\"canonical\" href=\"https:\/\/sandzakpress.net\/arhiva\/focanska-ljepotica-aladza-dzamija-se-dize-iz-pepela-ozidano-osam-metara-zida\/\" \/>\n<meta property=\"og:locale\" content=\"bs_BA\" \/>\n<meta property=\"og:type\" content=\"article\" \/>\n<meta property=\"og:title\" content=\"Fo\u010danska ljepotica Alad\u017ea-d\u017eamija se di\u017ee iz pepela: Ozidano osam metara zida\" \/>\n<meta property=\"og:description\" content=\"Fo\u010da \u2013 Izgradnja i obnova Alad\u017ea-d\u017eamije u Fo\u010di, koja je po\u010dela krajem pro\u0161le godine, ide planiranim tokom te se o\u010dekuje da \u0107e radovi biti i zavr\u0161eni u predvi\u0111enom roku, potvrdio je za Anadolu Agency (AA) predsjednik Med\u017elisa islamske zajednice (MZ) Fo\u010da Salem ef. \u0106emo. \u201cZadovoljni smo napretkom u izgradnji i obnovi na\u0161e ljepotice Alad\u017ea-d\u017eamije. Ozidano [&hellip;]\" \/>\n<meta property=\"og:url\" content=\"https:\/\/sandzakpress.net\/arhiva\/focanska-ljepotica-aladza-dzamija-se-dize-iz-pepela-ozidano-osam-metara-zida\/\" \/>\n<meta property=\"og:site_name\" content=\"Sand\u017eak PRESS\" \/>\n<meta property=\"article:published_time\" content=\"2015-08-22T13:24:44+00:00\" \/>\n<meta property=\"og:image\" content=\"https:\/\/sandzakpress.net\/arhiva\/wp-content\/uploads\/2015\/08\/foanska-ljepotica-alada-damija-se-die-iz-pepe_trt-bosanski-508991.jpg\" \/>\n\t<meta property=\"og:image:width\" content=\"600\" \/>\n\t<meta property=\"og:image:height\" content=\"363\" \/>\n\t<meta property=\"og:image:type\" content=\"image\/jpeg\" \/>\n<meta name=\"author\" content=\"bosniak\" \/>\n<meta name=\"twitter:card\" content=\"summary_large_image\" \/>\n<meta name=\"twitter:label1\" content=\"Written by\" \/>\n\t<meta name=\"twitter:data1\" content=\"bosniak\" \/>\n\t<meta name=\"twitter:label2\" content=\"Est. reading time\" \/>\n\t<meta name=\"twitter:data2\" content=\"3 minute\" \/>\n<script type=\"application\/ld+json\" class=\"yoast-schema-graph\">{\"@context\":\"https:\/\/schema.org\",\"@graph\":[{\"@type\":\"Article\",\"@id\":\"https:\/\/sandzakpress.net\/arhiva\/focanska-ljepotica-aladza-dzamija-se-dize-iz-pepela-ozidano-osam-metara-zida\/#article\",\"isPartOf\":{\"@id\":\"https:\/\/sandzakpress.net\/arhiva\/focanska-ljepotica-aladza-dzamija-se-dize-iz-pepela-ozidano-osam-metara-zida\/\"},\"author\":{\"name\":\"bosniak\",\"@id\":\"https:\/\/sandzakpress.net\/arhiva\/#\/schema\/person\/c8baee722073534b583ea7bdb2e36c02\"},\"headline\":\"Fo\u010danska ljepotica Alad\u017ea-d\u017eamija se di\u017ee iz pepela: Ozidano osam metara zida\",\"datePublished\":\"2015-08-22T13:24:44+00:00\",\"mainEntityOfPage\":{\"@id\":\"https:\/\/sandzakpress.net\/arhiva\/focanska-ljepotica-aladza-dzamija-se-dize-iz-pepela-ozidano-osam-metara-zida\/\"},\"wordCount\":530,\"commentCount\":7,\"publisher\":{\"@id\":\"https:\/\/sandzakpress.net\/arhiva\/#\/schema\/person\/6e72b67d6e51910a1117b3b483ba20bd\"},\"image\":{\"@id\":\"https:\/\/sandzakpress.net\/arhiva\/focanska-ljepotica-aladza-dzamija-se-dize-iz-pepela-ozidano-osam-metara-zida\/#primaryimage\"},\"thumbnailUrl\":\"https:\/\/sandzakpress.net\/arhiva\/wp-content\/uploads\/2015\/08\/foanska-ljepotica-alada-damija-se-die-iz-pepe_trt-bosanski-508991.jpg\",\"keywords\":[\"Bosna i Hercegovina\"],\"articleSection\":[\"Bosna PRESS\"],\"inLanguage\":\"bs-BA\",\"potentialAction\":[{\"@type\":\"CommentAction\",\"name\":\"Comment\",\"target\":[\"https:\/\/sandzakpress.net\/arhiva\/focanska-ljepotica-aladza-dzamija-se-dize-iz-pepela-ozidano-osam-metara-zida\/#respond\"]}]},{\"@type\":\"WebPage\",\"@id\":\"https:\/\/sandzakpress.net\/arhiva\/focanska-ljepotica-aladza-dzamija-se-dize-iz-pepela-ozidano-osam-metara-zida\/\",\"url\":\"https:\/\/sandzakpress.net\/arhiva\/focanska-ljepotica-aladza-dzamija-se-dize-iz-pepela-ozidano-osam-metara-zida\/\",\"name\":\"Fo\u010danska ljepotica Alad\u017ea-d\u017eamija se di\u017ee iz pepela: Ozidano osam metara zida\",\"isPartOf\":{\"@id\":\"https:\/\/sandzakpress.net\/arhiva\/#website\"},\"primaryImageOfPage\":{\"@id\":\"https:\/\/sandzakpress.net\/arhiva\/focanska-ljepotica-aladza-dzamija-se-dize-iz-pepela-ozidano-osam-metara-zida\/#primaryimage\"},\"image\":{\"@id\":\"https:\/\/sandzakpress.net\/arhiva\/focanska-ljepotica-aladza-dzamija-se-dize-iz-pepela-ozidano-osam-metara-zida\/#primaryimage\"},\"thumbnailUrl\":\"https:\/\/sandzakpress.net\/arhiva\/wp-content\/uploads\/2015\/08\/foanska-ljepotica-alada-damija-se-die-iz-pepe_trt-bosanski-508991.jpg\",\"datePublished\":\"2015-08-22T13:24:44+00:00\",\"breadcrumb\":{\"@id\":\"https:\/\/sandzakpress.net\/arhiva\/focanska-ljepotica-aladza-dzamija-se-dize-iz-pepela-ozidano-osam-metara-zida\/#breadcrumb\"},\"inLanguage\":\"bs-BA\",\"potentialAction\":[{\"@type\":\"ReadAction\",\"target\":[\"https:\/\/sandzakpress.net\/arhiva\/focanska-ljepotica-aladza-dzamija-se-dize-iz-pepela-ozidano-osam-metara-zida\/\"]}]},{\"@type\":\"ImageObject\",\"inLanguage\":\"bs-BA\",\"@id\":\"https:\/\/sandzakpress.net\/arhiva\/focanska-ljepotica-aladza-dzamija-se-dize-iz-pepela-ozidano-osam-metara-zida\/#primaryimage\",\"url\":\"https:\/\/sandzakpress.net\/arhiva\/wp-content\/uploads\/2015\/08\/foanska-ljepotica-alada-damija-se-die-iz-pepe_trt-bosanski-508991.jpg\",\"contentUrl\":\"https:\/\/sandzakpress.net\/arhiva\/wp-content\/uploads\/2015\/08\/foanska-ljepotica-alada-damija-se-die-iz-pepe_trt-bosanski-508991.jpg\",\"width\":600,\"height\":363},{\"@type\":\"BreadcrumbList\",\"@id\":\"https:\/\/sandzakpress.net\/arhiva\/focanska-ljepotica-aladza-dzamija-se-dize-iz-pepela-ozidano-osam-metara-zida\/#breadcrumb\",\"itemListElement\":[{\"@type\":\"ListItem\",\"position\":1,\"name\":\"Home\",\"item\":\"https:\/\/sandzakpress.net\/arhiva\/\"},{\"@type\":\"ListItem\",\"position\":2,\"name\":\"Fo\u010danska ljepotica Alad\u017ea-d\u017eamija se di\u017ee iz pepela: Ozidano osam metara zida\"}]},{\"@type\":\"WebSite\",\"@id\":\"https:\/\/sandzakpress.net\/arhiva\/#website\",\"url\":\"https:\/\/sandzakpress.net\/arhiva\/\",\"name\":\"Sand\u017eak PRESS\",\"description\":\"Prve elektronske novine u Sand\u017eaku\",\"publisher\":{\"@id\":\"https:\/\/sandzakpress.net\/arhiva\/#\/schema\/person\/6e72b67d6e51910a1117b3b483ba20bd\"},\"potentialAction\":[{\"@type\":\"SearchAction\",\"target\":{\"@type\":\"EntryPoint\",\"urlTemplate\":\"https:\/\/sandzakpress.net\/arhiva\/?s={search_term_string}\"},\"query-input\":{\"@type\":\"PropertyValueSpecification\",\"valueRequired\":true,\"valueName\":\"search_term_string\"}}],\"inLanguage\":\"bs-BA\"},{\"@type\":[\"Person\",\"Organization\"],\"@id\":\"https:\/\/sandzakpress.net\/arhiva\/#\/schema\/person\/6e72b67d6e51910a1117b3b483ba20bd\",\"name\":\"Kul\",\"image\":{\"@type\":\"ImageObject\",\"inLanguage\":\"bs-BA\",\"@id\":\"https:\/\/sandzakpress.net\/arhiva\/#\/schema\/person\/image\/\",\"url\":\"https:\/\/secure.gravatar.com\/avatar\/42263f39aa27ac04c43cab85c280eb2e?s=96&d=mm&r=pg\",\"contentUrl\":\"https:\/\/secure.gravatar.com\/avatar\/42263f39aa27ac04c43cab85c280eb2e?s=96&d=mm&r=pg\",\"caption\":\"Kul\"},\"logo\":{\"@id\":\"https:\/\/sandzakpress.net\/arhiva\/#\/schema\/person\/image\/\"}},{\"@type\":\"Person\",\"@id\":\"https:\/\/sandzakpress.net\/arhiva\/#\/schema\/person\/c8baee722073534b583ea7bdb2e36c02\",\"name\":\"bosniak\",\"image\":{\"@type\":\"ImageObject\",\"inLanguage\":\"bs-BA\",\"@id\":\"https:\/\/sandzakpress.net\/arhiva\/#\/schema\/person\/image\/\",\"url\":\"https:\/\/secure.gravatar.com\/avatar\/a04fd330bfe3a36a72a0ad4a6d89fca7?s=96&d=mm&r=pg\",\"contentUrl\":\"https:\/\/secure.gravatar.com\/avatar\/a04fd330bfe3a36a72a0ad4a6d89fca7?s=96&d=mm&r=pg\",\"caption\":\"bosniak\"},\"url\":\"https:\/\/sandzakpress.net\/arhiva\/author\/bosniak\/\"}]}<\/script>\n<!-- \/ Yoast SEO Premium plugin. -->","yoast_head_json":{"title":"Fo\u010danska ljepotica Alad\u017ea-d\u017eamija se di\u017ee iz pepela: Ozidano osam metara zida","robots":{"index":"index","follow":"follow","max-snippet":"max-snippet:-1","max-image-preview":"max-image-preview:large","max-video-preview":"max-video-preview:-1"},"canonical":"https:\/\/sandzakpress.net\/arhiva\/focanska-ljepotica-aladza-dzamija-se-dize-iz-pepela-ozidano-osam-metara-zida\/","og_locale":"bs_BA","og_type":"article","og_title":"Fo\u010danska ljepotica Alad\u017ea-d\u017eamija se di\u017ee iz pepela: Ozidano osam metara zida","og_description":"Fo\u010da \u2013 Izgradnja i obnova Alad\u017ea-d\u017eamije u Fo\u010di, koja je po\u010dela krajem pro\u0161le godine, ide planiranim tokom te se o\u010dekuje da \u0107e radovi biti i zavr\u0161eni u predvi\u0111enom roku, potvrdio je za Anadolu Agency (AA) predsjednik Med\u017elisa islamske zajednice (MZ) Fo\u010da Salem ef. \u0106emo. \u201cZadovoljni smo napretkom u izgradnji i obnovi na\u0161e ljepotice Alad\u017ea-d\u017eamije. Ozidano [&hellip;]","og_url":"https:\/\/sandzakpress.net\/arhiva\/focanska-ljepotica-aladza-dzamija-se-dize-iz-pepela-ozidano-osam-metara-zida\/","og_site_name":"Sand\u017eak PRESS","article_published_time":"2015-08-22T13:24:44+00:00","og_image":[{"width":600,"height":363,"url":"https:\/\/sandzakpress.net\/arhiva\/wp-content\/uploads\/2015\/08\/foanska-ljepotica-alada-damija-se-die-iz-pepe_trt-bosanski-508991.jpg","type":"image\/jpeg"}],"author":"bosniak","twitter_card":"summary_large_image","twitter_misc":{"Written by":"bosniak","Est. reading time":"3 minute"},"schema":{"@context":"https:\/\/schema.org","@graph":[{"@type":"Article","@id":"https:\/\/sandzakpress.net\/arhiva\/focanska-ljepotica-aladza-dzamija-se-dize-iz-pepela-ozidano-osam-metara-zida\/#article","isPartOf":{"@id":"https:\/\/sandzakpress.net\/arhiva\/focanska-ljepotica-aladza-dzamija-se-dize-iz-pepela-ozidano-osam-metara-zida\/"},"author":{"name":"bosniak","@id":"https:\/\/sandzakpress.net\/arhiva\/#\/schema\/person\/c8baee722073534b583ea7bdb2e36c02"},"headline":"Fo\u010danska ljepotica Alad\u017ea-d\u017eamija se di\u017ee iz pepela: Ozidano osam metara zida","datePublished":"2015-08-22T13:24:44+00:00","mainEntityOfPage":{"@id":"https:\/\/sandzakpress.net\/arhiva\/focanska-ljepotica-aladza-dzamija-se-dize-iz-pepela-ozidano-osam-metara-zida\/"},"wordCount":530,"commentCount":7,"publisher":{"@id":"https:\/\/sandzakpress.net\/arhiva\/#\/schema\/person\/6e72b67d6e51910a1117b3b483ba20bd"},"image":{"@id":"https:\/\/sandzakpress.net\/arhiva\/focanska-ljepotica-aladza-dzamija-se-dize-iz-pepela-ozidano-osam-metara-zida\/#primaryimage"},"thumbnailUrl":"https:\/\/sandzakpress.net\/arhiva\/wp-content\/uploads\/2015\/08\/foanska-ljepotica-alada-damija-se-die-iz-pepe_trt-bosanski-508991.jpg","keywords":["Bosna i Hercegovina"],"articleSection":["Bosna PRESS"],"inLanguage":"bs-BA","potentialAction":[{"@type":"CommentAction","name":"Comment","target":["https:\/\/sandzakpress.net\/arhiva\/focanska-ljepotica-aladza-dzamija-se-dize-iz-pepela-ozidano-osam-metara-zida\/#respond"]}]},{"@type":"WebPage","@id":"https:\/\/sandzakpress.net\/arhiva\/focanska-ljepotica-aladza-dzamija-se-dize-iz-pepela-ozidano-osam-metara-zida\/","url":"https:\/\/sandzakpress.net\/arhiva\/focanska-ljepotica-aladza-dzamija-se-dize-iz-pepela-ozidano-osam-metara-zida\/","name":"Fo\u010danska ljepotica Alad\u017ea-d\u017eamija se di\u017ee iz pepela: Ozidano osam metara zida","isPartOf":{"@id":"https:\/\/sandzakpress.net\/arhiva\/#website"},"primaryImageOfPage":{"@id":"https:\/\/sandzakpress.net\/arhiva\/focanska-ljepotica-aladza-dzamija-se-dize-iz-pepela-ozidano-osam-metara-zida\/#primaryimage"},"image":{"@id":"https:\/\/sandzakpress.net\/arhiva\/focanska-ljepotica-aladza-dzamija-se-dize-iz-pepela-ozidano-osam-metara-zida\/#primaryimage"},"thumbnailUrl":"https:\/\/sandzakpress.net\/arhiva\/wp-content\/uploads\/2015\/08\/foanska-ljepotica-alada-damija-se-die-iz-pepe_trt-bosanski-508991.jpg","datePublished":"2015-08-22T13:24:44+00:00","breadcrumb":{"@id":"https:\/\/sandzakpress.net\/arhiva\/focanska-ljepotica-aladza-dzamija-se-dize-iz-pepela-ozidano-osam-metara-zida\/#breadcrumb"},"inLanguage":"bs-BA","potentialAction":[{"@type":"ReadAction","target":["https:\/\/sandzakpress.net\/arhiva\/focanska-ljepotica-aladza-dzamija-se-dize-iz-pepela-ozidano-osam-metara-zida\/"]}]},{"@type":"ImageObject","inLanguage":"bs-BA","@id":"https:\/\/sandzakpress.net\/arhiva\/focanska-ljepotica-aladza-dzamija-se-dize-iz-pepela-ozidano-osam-metara-zida\/#primaryimage","url":"https:\/\/sandzakpress.net\/arhiva\/wp-content\/uploads\/2015\/08\/foanska-ljepotica-alada-damija-se-die-iz-pepe_trt-bosanski-508991.jpg","contentUrl":"https:\/\/sandzakpress.net\/arhiva\/wp-content\/uploads\/2015\/08\/foanska-ljepotica-alada-damija-se-die-iz-pepe_trt-bosanski-508991.jpg","width":600,"height":363},{"@type":"BreadcrumbList","@id":"https:\/\/sandzakpress.net\/arhiva\/focanska-ljepotica-aladza-dzamija-se-dize-iz-pepela-ozidano-osam-metara-zida\/#breadcrumb","itemListElement":[{"@type":"ListItem","position":1,"name":"Home","item":"https:\/\/sandzakpress.net\/arhiva\/"},{"@type":"ListItem","position":2,"name":"Fo\u010danska ljepotica Alad\u017ea-d\u017eamija se di\u017ee iz pepela: Ozidano osam metara zida"}]},{"@type":"WebSite","@id":"https:\/\/sandzakpress.net\/arhiva\/#website","url":"https:\/\/sandzakpress.net\/arhiva\/","name":"Sand\u017eak PRESS","description":"Prve elektronske novine u Sand\u017eaku","publisher":{"@id":"https:\/\/sandzakpress.net\/arhiva\/#\/schema\/person\/6e72b67d6e51910a1117b3b483ba20bd"},"potentialAction":[{"@type":"SearchAction","target":{"@type":"EntryPoint","urlTemplate":"https:\/\/sandzakpress.net\/arhiva\/?s={search_term_string}"},"query-input":{"@type":"PropertyValueSpecification","valueRequired":true,"valueName":"search_term_string"}}],"inLanguage":"bs-BA"},{"@type":["Person","Organization"],"@id":"https:\/\/sandzakpress.net\/arhiva\/#\/schema\/person\/6e72b67d6e51910a1117b3b483ba20bd","name":"Kul","image":{"@type":"ImageObject","inLanguage":"bs-BA","@id":"https:\/\/sandzakpress.net\/arhiva\/#\/schema\/person\/image\/","url":"https:\/\/secure.gravatar.com\/avatar\/42263f39aa27ac04c43cab85c280eb2e?s=96&d=mm&r=pg","contentUrl":"https:\/\/secure.gravatar.com\/avatar\/42263f39aa27ac04c43cab85c280eb2e?s=96&d=mm&r=pg","caption":"Kul"},"logo":{"@id":"https:\/\/sandzakpress.net\/arhiva\/#\/schema\/person\/image\/"}},{"@type":"Person","@id":"https:\/\/sandzakpress.net\/arhiva\/#\/schema\/person\/c8baee722073534b583ea7bdb2e36c02","name":"bosniak","image":{"@type":"ImageObject","inLanguage":"bs-BA","@id":"https:\/\/sandzakpress.net\/arhiva\/#\/schema\/person\/image\/","url":"https:\/\/secure.gravatar.com\/avatar\/a04fd330bfe3a36a72a0ad4a6d89fca7?s=96&d=mm&r=pg","contentUrl":"https:\/\/secure.gravatar.com\/avatar\/a04fd330bfe3a36a72a0ad4a6d89fca7?s=96&d=mm&r=pg","caption":"bosniak"},"url":"https:\/\/sandzakpress.net\/arhiva\/author\/bosniak\/"}]}},"_links":{"self":[{"href":"https:\/\/sandzakpress.net\/arhiva\/wp-json\/wp\/v2\/posts\/134426"}],"collection":[{"href":"https:\/\/sandzakpress.net\/arhiva\/wp-json\/wp\/v2\/posts"}],"about":[{"href":"https:\/\/sandzakpress.net\/arhiva\/wp-json\/wp\/v2\/types\/post"}],"author":[{"embeddable":true,"href":"https:\/\/sandzakpress.net\/arhiva\/wp-json\/wp\/v2\/users\/83"}],"replies":[{"embeddable":true,"href":"https:\/\/sandzakpress.net\/arhiva\/wp-json\/wp\/v2\/comments?post=134426"}],"version-history":[{"count":0,"href":"https:\/\/sandzakpress.net\/arhiva\/wp-json\/wp\/v2\/posts\/134426\/revisions"}],"wp:featuredmedia":[{"embeddable":true,"href":"https:\/\/sandzakpress.net\/arhiva\/wp-json\/wp\/v2\/media\/134428"}],"wp:attachment":[{"href":"https:\/\/sandzakpress.net\/arhiva\/wp-json\/wp\/v2\/media?parent=134426"}],"wp:term":[{"taxonomy":"category","embeddable":true,"href":"https:\/\/sandzakpress.net\/arhiva\/wp-json\/wp\/v2\/categories?post=134426"},{"taxonomy":"post_tag","embeddable":true,"href":"https:\/\/sandzakpress.net\/arhiva\/wp-json\/wp\/v2\/tags?post=134426"}],"curies":[{"name":"wp","href":"https:\/\/api.w.org\/{rel}","templated":true}]}}