{"id":134423,"date":"2015-08-22T15:41:57","date_gmt":"2015-08-22T13:41:57","guid":{"rendered":"https:\/\/sandzakpress.net\/arhiva\/dr-ceric-negacija-mog-jezika-je-negacija-samoga-mene-genocid"},"modified":"2015-08-22T15:41:57","modified_gmt":"2015-08-22T13:41:57","slug":"dr-ceric-negacija-mog-jezika-je-negacija-samoga-mene-genocid","status":"publish","type":"post","link":"https:\/\/sandzakpress.net\/arhiva\/dr-ceric-negacija-mog-jezika-je-negacija-samoga-mene-genocid\/","title":{"rendered":"Dr. Ceri\u0107: Negacija mog jezika je negacija samoga mene \u2013 genocid!"},"content":{"rendered":"<p style=\"text-align: justify\"><strong><a href=\"http:\/\/bosnapress.net\/wp-content\/uploads\/2015\/08\/140628051.1_xl.jpg\"><img loading=\"lazy\" decoding=\"async\" class=\"alignnone size-large wp-image-143547\" src=\"http:\/\/bosnapress.net\/wp-content\/uploads\/2015\/08\/140628051.1_xl-616x409.jpg\" alt=\"140628051.1_xl\" width=\"600\" height=\"398\" \/><\/a>Sarajevo \u2013 Povodom saop\u0107enja Odbora za standardizaciju srpskog jezika Srpske akademije nauka i umjetnosti (SANU) kojem se negira postojanje bosanskog jezika, oglasio se predsjednik Svjetskog bo\u0161nja\u010dkog kongresa reisu-l-ulema emeritus dr. Mustafa Ceri\u0107.<\/strong><span id=\"more-143546\"><\/span><\/p>\n<p style=\"text-align: justify\">JA SAM JEZIK!<br \/>\nNEGACIJA MOG JEZIKA<br \/>\nJE NEGACIJA SAMOGA MENE \u2013 GENOCID!<\/p>\n<p style=\"text-align: justify\">\nJu\u010der si opet raspravljao o meni. O mom jeziku. U Beogradu. I donio si odluku da mene od ju\u010der nema. U mom jeziku. Ve\u0107 da me ima u tvom. Ka\u017ee\u0161 da nisam manjina zato \u0161to si odlu\u010dio da budem tvoja svojina. U svemu. Ho\u0107e\u0161 da budem tvoj. Jer bez mene ti si niko i ni\u0161ta. Bez mog ti nema\u0161 svog jezika. Ja sam kolijevka tvom jeziku, i tvojoj knji\u017eevnosti, i tvojoj kulturi. Ti to zna\u0161 i zato me negira\u0161. Negira\u0161 sve moje zato \u0161to otkrivam sve tvoje la\u017ei i prevare. Otkrivam sve tvoje zlo\u010dine mojim jezikom. Zato ho\u0107e\u0161 da mi jezik otme\u0161. Ho\u0107e\u0161 da me u\u0161utka\u0161. To ti je navika. Od koje ti se valja odviknuti. \u0160to prije to bolje. Kao i meni. Valja se odviknuti da me se ne ti\u010de \u0161ta ti misli\u0161 o meni. Niti \u0161ta ti govori\u0161 o mom jeziku i mojoj kulturi.<br \/>\nHo\u0107u da zna\u0161 da sam se ja skroz promijenio. Nisam onaj kojeg ti poznaje\u0161. Nisam zagledan u tebe. Nemam straha od tebe. Nisam podanik. Ja sam slobodan. E, to tebe zapravo najvi\u0161e brine. Jer, sve si u\u010dinio da budem ovisan o tebi, o tvojim odlukama i tvojim predrasudama. Ali, vrijeme je da se ti odvikne\u0161 od toga. Vrijeme je da se odvikne\u0161 od zablude da mene nema. Kao \u0161to je vrijeme i da se ja odviknem od varke da tebe ima u mom \u017eivotu. Ili obrnuto. Ti treba da se navikne\u0161 da mene ima. A ja treba da se naviknem da tebe nema da odlu\u010duje\u0161 o meni i mom jeziku. Nikada kao danas nisam bio odlu\u010dniji u tome da me se ne ti\u010de \u0161ta ti misli\u0161 o meni, o mom jeziku i o mojoj kulturi. Ali, znam da je tebi jako va\u017eno \u0161ta ja mislim o tebi. No, ja o tebi ni\u0161ta ne mislim. Ni dobro ni lo\u0161e. Ti meni nisi opsesija, kao \u0161to sam ja tebi. Ni\u0161ta me kod tebe naro\u010dito ne privla\u010di. Zato ja nemam potrebu da uzimam tvoje, kao \u0161to ti ima\u0161 potrebu da uzima\u0161 moje vrijednosti. Ja razumijem tu tvoju potrebu. Ali, ne razumijem tu tvoju pohlepu da moju vrijednost usvaja\u0161 kao svoju. To si mogao dosada raditi. Ali, odsada ne\u0107e\u0161 mo\u0107i. Ja ti ne\u0107u dopustiti da moje kulturne vrijednosti otu\u0111uje\u0161 od mene. Mo\u017ee\u0161 ih koristiti, ali ih ne mo\u017ee\u0161 otu\u0111ivati od mene kao dosada. Pro\u0161la su ta vremena.<br \/>\nKa\u017ee\u0161 da ti se ne svi\u0111a ime mog bosanskog jezika. Ti bi da se moj jezik druga\u010dije zova. A nisam te ni pitao o tome. Ti nisi niti pozvan, niti prozvan da se o tome izja\u0161njava\u0161. No, ti si se ipak izjasnio a da nisi ni svjestan u kakvu si zamku zapao. Nisi ni svjestan kakvu si bruku napravio svojoj naciji i kulturi. Ali, nije ti prvi put da se bruka\u0161 pred svjetom. Svijet se navikao na tvoj crni obraz. Ali, ja nisam. Ja ne prihvatam tvoju odluku. Bolje je da ka\u017eem u stvari da ja prihvatam tvoju odluku kao pouku da je tvoja negacija mog jezika ni\u0161tavna zato \u0161to je ni\u0161tavna tvoja negacija moga bi\u0107a kao takvog. Jer jezik je \u010dovjek, a \u010dovjek je jezik. \u010covjek bez jezika, nije \u010dovjek. Ja sam \u010dovjek zato \u0161to imam jezik. Ja sam jezik zato \u0161to sam \u010dovjek. Te dvije vrijednosti su neodvojive. Nema \u010dovjeka bez jezika. Kao \u0161to nema ni jezika bez \u010dovjeka. Negirati \u010dovjeku jezik zna\u010di negirati njega samoga. A to si ti htio posti\u0107i: negacijom mog jezika da negira\u0161 mene kao \u010dovjeka sa svim mojim pravima na \u017eivot, vjeru, slobodu, imetak i \u010dast.<br \/>\nZapravo, negacijom mog jezika ti mi najavljuje\u0161 novi genocid. A jo\u0161 uvijek se nisi oprao ni od svog strog genocida. Nisi nikad jasno i nedvosmisleno priznao svoj grijeh genocioda protiv mene. Nisi se pokajao zbog toga. Nisi mi obe\u0107ao da nikad vi\u0161e ne\u0107e\u0161 ni pomisliti a kamoli po\u010diniti genocid protiv mene. Umjesto toga ti negira\u0161 moj jezik. A to zna\u010di ti negira\u0161 moje bi\u0107e. A to zna\u010di ti si spreman opet po\u010diniti genocid protiv mene.<br \/>\nNema\u0161 pojma koliko si me osvijestio zbog toga. Probudio si me iz sna. O tvojoj dobroj namjeri. \u010cak sam bio pomislio da si se promijenio \u2013 nabolje. Slao si mi miroljubive poruke. Pripremao si me da ti mnogo toga oprostim. A onda si sve vratio na po\u010detak. Odnosno, ju\u010der si u Beogradu ozna\u010dio kraj mojim iluzijama. Poslu\u017eio si se najvi\u0161om institucijom tvoje nacionalisti\u010dke i \u0161ovinisti\u010dke pameti u Beogradu da mi poru\u010di\u0161 na dan davadeset tre\u0107e godi\u0161njice od Kori\u0107anskih stijena da me nema. Da me ne vidi\u0161. Da si spreman da me opet zgazi\u0161. Da si odlu\u010dio mi opet prijeti\u0161\u2026 da ho\u0107e\u0161 da me uni\u0161ti\u0161. Da ho\u0107e\u0161 tvojim jezikom da mi moj jezik otme\u0161. Ho\u0107e\u0161 da mi jezik is\u010dupa\u0161. Ho\u0107e\u0161 da mi du\u0161u otruje\u0161. Svojim jezikom ho\u0107e\u0161 da me unizi\u0161.<br \/>\nAli, ja tebe ne razumijem. Shvata\u0161! Ja imam svoj jezik kojim govorim. Kojeg ti ne razumije\u0161. Ti si mene udaljio od sebe. Nisam ja tebe od sebe. Ti si mene tra\u017eio po Bosni da me ubije\u0161. Nisam ja tebe. A sada ho\u0107e\u0161 da me usvoji\u0161. Ho\u0107e\u0161 da me tvojim jezikom porazi\u0161. Ali, zakasnio si. Ja nisam vi\u0161e slab. Ja sam sada sna\u017ean da ti jasno odgovorim: tebi tvoja, a meni moja vjera! Tebi tvoja, a meni moja nacija! Tebi tvoja, a meni moja kultura! Tebi tvoj, a meni moj jezik! Tvoj i moj jezik nisu isti. Zato \u0161to rije\u010d genocid na mom bosanskom jeziku zna\u010di tvoj zlo\u010din protiov \u010dovje\u010dnosti, dok na tvom srpskom jeziku genocid zna\u010di tvoj nacionalni trofej (republika srpska), protiv volje mog naroda. Tu se mi razlikujemo. Mi govorimo razli\u010ditim jezikom. Nema prevodioca koji nam mo\u017ee prevoditi osim tvoga kajanja i obe\u0107anja \u201cnikad vi\u0161e\u201d, kao i moga oprosta i smiraja \u201cnikad vi\u0161e\u201d, ali i nikad vi\u0161e mog zabora. No, ova razlika mo\u017ee biti dobar razlog da se upoznamo. Svako na svom jeziku da govori. Svako u svoje ime da dijalog vodi. Niko nikoga da ne negira. Niko nikome svoje odluke da ne name\u0107e. Svako svakoga da uva\u017eava. Svako svakome da po\u0161tuje pravo na \u017eivot, vjeru, slobodu, imetak i \u010dast.<br \/>\nOsje\u0107am da te iritira ova moja pri\u010da!<br \/>\nNe svi\u0111a ti se ova moja retorika!<br \/>\nTi si navikao da ja slu\u0161am a ti da govori\u0161. Navikao si da ti donosi\u0161 odluke o tome ko sam ja i \u0161ta sam, a ja da \u0161utim i da vi\u0107em dobro je, mo\u017ee biti gore!<br \/>\nTi si mene ocjenjivao po svojim mjeroilima, dok sam ja \u010dekao tvoju milost da pre\u017eivim!<br \/>\nKao \u0161to vidi\u0161, ni\u0161ta nije vi\u0161e kao \u0161to je bilo!<br \/>\nDo\u0161lo je vrijeme da ja govorim, a ti da slu\u0161a\u0161!<br \/>\nVrijeme je da shvati\u0161 da ja imam jezik, kojeg ti ne mo\u017ee\u0161 u\u0161utkat! Kojeg ti ne mo\u017ee\u0161 is\u010dupat!<br \/>\nSada ja donsim odluke, a ti \u0107e\u0161 da \u0161uti\u0161 i vi\u0107e\u0161 dobro je, magla je kazna biti ve\u0107a!<br \/>\nJa sam sada tu da tebe ocjenjujem, a ti da \u010deka\u0161 \u0161ta \u0107u ja re\u0107i o tebi, o tvom jeziku i tvojoj kulturi, a ne ti o meni, o mom jeziku i o mojoj kulturi!<br \/>\nAko ti je ovo previ\u0161e od mene, ima jedna utjehu za tebe: ja nisam negirao tvoj srpski jezik, kao \u0161to si ti negirao moj bosanski, a mogao sam!<br \/>\nNisam savjetovao Bo\u0161njacima da srpski jezik zovu vla\u0161kim, kao \u0161to si ti savjetovao Srbima da bosanski jezik zovu bo\u0161nja\u010dkim, a mogao sam!<br \/>\nJa nisam tebe negirao, kao \u0161to ti negira\u0161e mene, a mogao sam!<br \/>\nEto, vidi\u0161 kakvu si glupost napravio. Izlo\u017eio si negaciji samoga sebe sa negacijom mene, mog bosanskog jezika i moje bosanske kulture.<br \/>\nNe o\u010dekujem tvoje kajanje, ali nemoj ni ti o\u010dekivati moje uzmicanje od mog jezika, moje kulture i moje Bosne ponosne!<\/p>\n<p style=\"text-align: justify\">(Bosna PRESS)<\/p>\n<p>Pogledajte vijest na izvornom sajtu:<\/p>\n<p><a href=\"http:\/\/bosnapress.net\/dr-ceric-negacija-mog-jezika-je-negacija-samoga-mene-genocid\/\" target=\"_blank\">Dr. Ceri\u0107: Negacija mog jezika je negacija samoga mene \u2013 genocid!<\/a><\/p>\n","protected":false},"excerpt":{"rendered":"<p>Sarajevo \u2013 Povodom saop\u0107enja Odbora za standardizaciju srpskog jezika Srpske akademije nauka i umjetnosti (SANU) kojem se negira postojanje bosanskog jezika, oglasio se predsjednik Svjetskog bo\u0161nja\u010dkog kongresa reisu-l-ulema emeritus dr. Mustafa Ceri\u0107. JA SAM JEZIK! NEGACIJA MOG JEZIKA JE NEGACIJA SAMOGA MENE \u2013 GENOCID! Ju\u010der si opet raspravljao o meni. O mom jeziku. U Beogradu. [&hellip;]<\/p>\n","protected":false},"author":83,"featured_media":134425,"comment_status":"open","ping_status":"open","sticky":false,"template":"","format":"standard","meta":{"footnotes":""},"categories":[10513],"tags":[10466],"class_list":{"0":"post-134423","1":"post","2":"type-post","3":"status-publish","4":"format-standard","5":"has-post-thumbnail","7":"category-bosna-press","8":"tag-bosna-i-hercegovina"},"yoast_head":"<!-- This site is optimized with the Yoast SEO Premium plugin v23.1 (Yoast SEO v24.9) - https:\/\/yoast.com\/wordpress\/plugins\/seo\/ -->\n<title>Dr. Ceri\u0107: Negacija mog jezika je negacija samoga mene \u2013 genocid!<\/title>\n<meta name=\"robots\" content=\"index, follow, max-snippet:-1, max-image-preview:large, max-video-preview:-1\" \/>\n<link rel=\"canonical\" href=\"https:\/\/sandzakpress.net\/arhiva\/dr-ceric-negacija-mog-jezika-je-negacija-samoga-mene-genocid\/\" \/>\n<meta property=\"og:locale\" content=\"bs_BA\" \/>\n<meta property=\"og:type\" content=\"article\" \/>\n<meta property=\"og:title\" content=\"Dr. Ceri\u0107: Negacija mog jezika je negacija samoga mene \u2013 genocid!\" \/>\n<meta property=\"og:description\" content=\"Sarajevo \u2013 Povodom saop\u0107enja Odbora za standardizaciju srpskog jezika Srpske akademije nauka i umjetnosti (SANU) kojem se negira postojanje bosanskog jezika, oglasio se predsjednik Svjetskog bo\u0161nja\u010dkog kongresa reisu-l-ulema emeritus dr. Mustafa Ceri\u0107. JA SAM JEZIK! NEGACIJA MOG JEZIKA JE NEGACIJA SAMOGA MENE \u2013 GENOCID! Ju\u010der si opet raspravljao o meni. O mom jeziku. U Beogradu. [&hellip;]\" \/>\n<meta property=\"og:url\" content=\"https:\/\/sandzakpress.net\/arhiva\/dr-ceric-negacija-mog-jezika-je-negacija-samoga-mene-genocid\/\" \/>\n<meta property=\"og:site_name\" content=\"Sand\u017eak PRESS\" \/>\n<meta property=\"article:published_time\" content=\"2015-08-22T13:41:57+00:00\" \/>\n<meta property=\"og:image\" content=\"https:\/\/sandzakpress.net\/arhiva\/wp-content\/uploads\/2015\/08\/140628051.1_xl-616x4091.jpg\" \/>\n\t<meta property=\"og:image:width\" content=\"616\" \/>\n\t<meta property=\"og:image:height\" content=\"409\" \/>\n\t<meta property=\"og:image:type\" content=\"image\/jpeg\" \/>\n<meta name=\"author\" content=\"bosniak\" \/>\n<meta name=\"twitter:card\" content=\"summary_large_image\" \/>\n<meta name=\"twitter:label1\" content=\"Written by\" \/>\n\t<meta name=\"twitter:data1\" content=\"bosniak\" \/>\n\t<meta name=\"twitter:label2\" content=\"Est. reading time\" \/>\n\t<meta name=\"twitter:data2\" content=\"7 minuta\" \/>\n<script type=\"application\/ld+json\" class=\"yoast-schema-graph\">{\"@context\":\"https:\/\/schema.org\",\"@graph\":[{\"@type\":\"Article\",\"@id\":\"https:\/\/sandzakpress.net\/arhiva\/dr-ceric-negacija-mog-jezika-je-negacija-samoga-mene-genocid\/#article\",\"isPartOf\":{\"@id\":\"https:\/\/sandzakpress.net\/arhiva\/dr-ceric-negacija-mog-jezika-je-negacija-samoga-mene-genocid\/\"},\"author\":{\"name\":\"bosniak\",\"@id\":\"https:\/\/sandzakpress.net\/arhiva\/#\/schema\/person\/c8baee722073534b583ea7bdb2e36c02\"},\"headline\":\"Dr. Ceri\u0107: Negacija mog jezika je negacija samoga mene \u2013 genocid!\",\"datePublished\":\"2015-08-22T13:41:57+00:00\",\"mainEntityOfPage\":{\"@id\":\"https:\/\/sandzakpress.net\/arhiva\/dr-ceric-negacija-mog-jezika-je-negacija-samoga-mene-genocid\/\"},\"wordCount\":1444,\"commentCount\":42,\"publisher\":{\"@id\":\"https:\/\/sandzakpress.net\/arhiva\/#\/schema\/person\/6e72b67d6e51910a1117b3b483ba20bd\"},\"image\":{\"@id\":\"https:\/\/sandzakpress.net\/arhiva\/dr-ceric-negacija-mog-jezika-je-negacija-samoga-mene-genocid\/#primaryimage\"},\"thumbnailUrl\":\"https:\/\/sandzakpress.net\/arhiva\/wp-content\/uploads\/2015\/08\/140628051.1_xl-616x4091.jpg\",\"keywords\":[\"Bosna i Hercegovina\"],\"articleSection\":[\"Bosna PRESS\"],\"inLanguage\":\"bs-BA\",\"potentialAction\":[{\"@type\":\"CommentAction\",\"name\":\"Comment\",\"target\":[\"https:\/\/sandzakpress.net\/arhiva\/dr-ceric-negacija-mog-jezika-je-negacija-samoga-mene-genocid\/#respond\"]}]},{\"@type\":\"WebPage\",\"@id\":\"https:\/\/sandzakpress.net\/arhiva\/dr-ceric-negacija-mog-jezika-je-negacija-samoga-mene-genocid\/\",\"url\":\"https:\/\/sandzakpress.net\/arhiva\/dr-ceric-negacija-mog-jezika-je-negacija-samoga-mene-genocid\/\",\"name\":\"Dr. Ceri\u0107: Negacija mog jezika je negacija samoga mene \u2013 genocid!\",\"isPartOf\":{\"@id\":\"https:\/\/sandzakpress.net\/arhiva\/#website\"},\"primaryImageOfPage\":{\"@id\":\"https:\/\/sandzakpress.net\/arhiva\/dr-ceric-negacija-mog-jezika-je-negacija-samoga-mene-genocid\/#primaryimage\"},\"image\":{\"@id\":\"https:\/\/sandzakpress.net\/arhiva\/dr-ceric-negacija-mog-jezika-je-negacija-samoga-mene-genocid\/#primaryimage\"},\"thumbnailUrl\":\"https:\/\/sandzakpress.net\/arhiva\/wp-content\/uploads\/2015\/08\/140628051.1_xl-616x4091.jpg\",\"datePublished\":\"2015-08-22T13:41:57+00:00\",\"breadcrumb\":{\"@id\":\"https:\/\/sandzakpress.net\/arhiva\/dr-ceric-negacija-mog-jezika-je-negacija-samoga-mene-genocid\/#breadcrumb\"},\"inLanguage\":\"bs-BA\",\"potentialAction\":[{\"@type\":\"ReadAction\",\"target\":[\"https:\/\/sandzakpress.net\/arhiva\/dr-ceric-negacija-mog-jezika-je-negacija-samoga-mene-genocid\/\"]}]},{\"@type\":\"ImageObject\",\"inLanguage\":\"bs-BA\",\"@id\":\"https:\/\/sandzakpress.net\/arhiva\/dr-ceric-negacija-mog-jezika-je-negacija-samoga-mene-genocid\/#primaryimage\",\"url\":\"https:\/\/sandzakpress.net\/arhiva\/wp-content\/uploads\/2015\/08\/140628051.1_xl-616x4091.jpg\",\"contentUrl\":\"https:\/\/sandzakpress.net\/arhiva\/wp-content\/uploads\/2015\/08\/140628051.1_xl-616x4091.jpg\",\"width\":616,\"height\":409},{\"@type\":\"BreadcrumbList\",\"@id\":\"https:\/\/sandzakpress.net\/arhiva\/dr-ceric-negacija-mog-jezika-je-negacija-samoga-mene-genocid\/#breadcrumb\",\"itemListElement\":[{\"@type\":\"ListItem\",\"position\":1,\"name\":\"Home\",\"item\":\"https:\/\/sandzakpress.net\/arhiva\/\"},{\"@type\":\"ListItem\",\"position\":2,\"name\":\"Dr. Ceri\u0107: Negacija mog jezika je negacija samoga mene \u2013 genocid!\"}]},{\"@type\":\"WebSite\",\"@id\":\"https:\/\/sandzakpress.net\/arhiva\/#website\",\"url\":\"https:\/\/sandzakpress.net\/arhiva\/\",\"name\":\"Sand\u017eak PRESS\",\"description\":\"Prve elektronske novine u Sand\u017eaku\",\"publisher\":{\"@id\":\"https:\/\/sandzakpress.net\/arhiva\/#\/schema\/person\/6e72b67d6e51910a1117b3b483ba20bd\"},\"potentialAction\":[{\"@type\":\"SearchAction\",\"target\":{\"@type\":\"EntryPoint\",\"urlTemplate\":\"https:\/\/sandzakpress.net\/arhiva\/?s={search_term_string}\"},\"query-input\":{\"@type\":\"PropertyValueSpecification\",\"valueRequired\":true,\"valueName\":\"search_term_string\"}}],\"inLanguage\":\"bs-BA\"},{\"@type\":[\"Person\",\"Organization\"],\"@id\":\"https:\/\/sandzakpress.net\/arhiva\/#\/schema\/person\/6e72b67d6e51910a1117b3b483ba20bd\",\"name\":\"Kul\",\"image\":{\"@type\":\"ImageObject\",\"inLanguage\":\"bs-BA\",\"@id\":\"https:\/\/sandzakpress.net\/arhiva\/#\/schema\/person\/image\/\",\"url\":\"https:\/\/secure.gravatar.com\/avatar\/42263f39aa27ac04c43cab85c280eb2e?s=96&d=mm&r=pg\",\"contentUrl\":\"https:\/\/secure.gravatar.com\/avatar\/42263f39aa27ac04c43cab85c280eb2e?s=96&d=mm&r=pg\",\"caption\":\"Kul\"},\"logo\":{\"@id\":\"https:\/\/sandzakpress.net\/arhiva\/#\/schema\/person\/image\/\"}},{\"@type\":\"Person\",\"@id\":\"https:\/\/sandzakpress.net\/arhiva\/#\/schema\/person\/c8baee722073534b583ea7bdb2e36c02\",\"name\":\"bosniak\",\"image\":{\"@type\":\"ImageObject\",\"inLanguage\":\"bs-BA\",\"@id\":\"https:\/\/sandzakpress.net\/arhiva\/#\/schema\/person\/image\/\",\"url\":\"https:\/\/secure.gravatar.com\/avatar\/a04fd330bfe3a36a72a0ad4a6d89fca7?s=96&d=mm&r=pg\",\"contentUrl\":\"https:\/\/secure.gravatar.com\/avatar\/a04fd330bfe3a36a72a0ad4a6d89fca7?s=96&d=mm&r=pg\",\"caption\":\"bosniak\"},\"url\":\"https:\/\/sandzakpress.net\/arhiva\/author\/bosniak\/\"}]}<\/script>\n<!-- \/ Yoast SEO Premium plugin. -->","yoast_head_json":{"title":"Dr. Ceri\u0107: Negacija mog jezika je negacija samoga mene \u2013 genocid!","robots":{"index":"index","follow":"follow","max-snippet":"max-snippet:-1","max-image-preview":"max-image-preview:large","max-video-preview":"max-video-preview:-1"},"canonical":"https:\/\/sandzakpress.net\/arhiva\/dr-ceric-negacija-mog-jezika-je-negacija-samoga-mene-genocid\/","og_locale":"bs_BA","og_type":"article","og_title":"Dr. Ceri\u0107: Negacija mog jezika je negacija samoga mene \u2013 genocid!","og_description":"Sarajevo \u2013 Povodom saop\u0107enja Odbora za standardizaciju srpskog jezika Srpske akademije nauka i umjetnosti (SANU) kojem se negira postojanje bosanskog jezika, oglasio se predsjednik Svjetskog bo\u0161nja\u010dkog kongresa reisu-l-ulema emeritus dr. Mustafa Ceri\u0107. JA SAM JEZIK! NEGACIJA MOG JEZIKA JE NEGACIJA SAMOGA MENE \u2013 GENOCID! Ju\u010der si opet raspravljao o meni. O mom jeziku. U Beogradu. [&hellip;]","og_url":"https:\/\/sandzakpress.net\/arhiva\/dr-ceric-negacija-mog-jezika-je-negacija-samoga-mene-genocid\/","og_site_name":"Sand\u017eak PRESS","article_published_time":"2015-08-22T13:41:57+00:00","og_image":[{"width":616,"height":409,"url":"https:\/\/sandzakpress.net\/arhiva\/wp-content\/uploads\/2015\/08\/140628051.1_xl-616x4091.jpg","type":"image\/jpeg"}],"author":"bosniak","twitter_card":"summary_large_image","twitter_misc":{"Written by":"bosniak","Est. reading time":"7 minuta"},"schema":{"@context":"https:\/\/schema.org","@graph":[{"@type":"Article","@id":"https:\/\/sandzakpress.net\/arhiva\/dr-ceric-negacija-mog-jezika-je-negacija-samoga-mene-genocid\/#article","isPartOf":{"@id":"https:\/\/sandzakpress.net\/arhiva\/dr-ceric-negacija-mog-jezika-je-negacija-samoga-mene-genocid\/"},"author":{"name":"bosniak","@id":"https:\/\/sandzakpress.net\/arhiva\/#\/schema\/person\/c8baee722073534b583ea7bdb2e36c02"},"headline":"Dr. Ceri\u0107: Negacija mog jezika je negacija samoga mene \u2013 genocid!","datePublished":"2015-08-22T13:41:57+00:00","mainEntityOfPage":{"@id":"https:\/\/sandzakpress.net\/arhiva\/dr-ceric-negacija-mog-jezika-je-negacija-samoga-mene-genocid\/"},"wordCount":1444,"commentCount":42,"publisher":{"@id":"https:\/\/sandzakpress.net\/arhiva\/#\/schema\/person\/6e72b67d6e51910a1117b3b483ba20bd"},"image":{"@id":"https:\/\/sandzakpress.net\/arhiva\/dr-ceric-negacija-mog-jezika-je-negacija-samoga-mene-genocid\/#primaryimage"},"thumbnailUrl":"https:\/\/sandzakpress.net\/arhiva\/wp-content\/uploads\/2015\/08\/140628051.1_xl-616x4091.jpg","keywords":["Bosna i Hercegovina"],"articleSection":["Bosna PRESS"],"inLanguage":"bs-BA","potentialAction":[{"@type":"CommentAction","name":"Comment","target":["https:\/\/sandzakpress.net\/arhiva\/dr-ceric-negacija-mog-jezika-je-negacija-samoga-mene-genocid\/#respond"]}]},{"@type":"WebPage","@id":"https:\/\/sandzakpress.net\/arhiva\/dr-ceric-negacija-mog-jezika-je-negacija-samoga-mene-genocid\/","url":"https:\/\/sandzakpress.net\/arhiva\/dr-ceric-negacija-mog-jezika-je-negacija-samoga-mene-genocid\/","name":"Dr. Ceri\u0107: Negacija mog jezika je negacija samoga mene \u2013 genocid!","isPartOf":{"@id":"https:\/\/sandzakpress.net\/arhiva\/#website"},"primaryImageOfPage":{"@id":"https:\/\/sandzakpress.net\/arhiva\/dr-ceric-negacija-mog-jezika-je-negacija-samoga-mene-genocid\/#primaryimage"},"image":{"@id":"https:\/\/sandzakpress.net\/arhiva\/dr-ceric-negacija-mog-jezika-je-negacija-samoga-mene-genocid\/#primaryimage"},"thumbnailUrl":"https:\/\/sandzakpress.net\/arhiva\/wp-content\/uploads\/2015\/08\/140628051.1_xl-616x4091.jpg","datePublished":"2015-08-22T13:41:57+00:00","breadcrumb":{"@id":"https:\/\/sandzakpress.net\/arhiva\/dr-ceric-negacija-mog-jezika-je-negacija-samoga-mene-genocid\/#breadcrumb"},"inLanguage":"bs-BA","potentialAction":[{"@type":"ReadAction","target":["https:\/\/sandzakpress.net\/arhiva\/dr-ceric-negacija-mog-jezika-je-negacija-samoga-mene-genocid\/"]}]},{"@type":"ImageObject","inLanguage":"bs-BA","@id":"https:\/\/sandzakpress.net\/arhiva\/dr-ceric-negacija-mog-jezika-je-negacija-samoga-mene-genocid\/#primaryimage","url":"https:\/\/sandzakpress.net\/arhiva\/wp-content\/uploads\/2015\/08\/140628051.1_xl-616x4091.jpg","contentUrl":"https:\/\/sandzakpress.net\/arhiva\/wp-content\/uploads\/2015\/08\/140628051.1_xl-616x4091.jpg","width":616,"height":409},{"@type":"BreadcrumbList","@id":"https:\/\/sandzakpress.net\/arhiva\/dr-ceric-negacija-mog-jezika-je-negacija-samoga-mene-genocid\/#breadcrumb","itemListElement":[{"@type":"ListItem","position":1,"name":"Home","item":"https:\/\/sandzakpress.net\/arhiva\/"},{"@type":"ListItem","position":2,"name":"Dr. Ceri\u0107: Negacija mog jezika je negacija samoga mene \u2013 genocid!"}]},{"@type":"WebSite","@id":"https:\/\/sandzakpress.net\/arhiva\/#website","url":"https:\/\/sandzakpress.net\/arhiva\/","name":"Sand\u017eak PRESS","description":"Prve elektronske novine u Sand\u017eaku","publisher":{"@id":"https:\/\/sandzakpress.net\/arhiva\/#\/schema\/person\/6e72b67d6e51910a1117b3b483ba20bd"},"potentialAction":[{"@type":"SearchAction","target":{"@type":"EntryPoint","urlTemplate":"https:\/\/sandzakpress.net\/arhiva\/?s={search_term_string}"},"query-input":{"@type":"PropertyValueSpecification","valueRequired":true,"valueName":"search_term_string"}}],"inLanguage":"bs-BA"},{"@type":["Person","Organization"],"@id":"https:\/\/sandzakpress.net\/arhiva\/#\/schema\/person\/6e72b67d6e51910a1117b3b483ba20bd","name":"Kul","image":{"@type":"ImageObject","inLanguage":"bs-BA","@id":"https:\/\/sandzakpress.net\/arhiva\/#\/schema\/person\/image\/","url":"https:\/\/secure.gravatar.com\/avatar\/42263f39aa27ac04c43cab85c280eb2e?s=96&d=mm&r=pg","contentUrl":"https:\/\/secure.gravatar.com\/avatar\/42263f39aa27ac04c43cab85c280eb2e?s=96&d=mm&r=pg","caption":"Kul"},"logo":{"@id":"https:\/\/sandzakpress.net\/arhiva\/#\/schema\/person\/image\/"}},{"@type":"Person","@id":"https:\/\/sandzakpress.net\/arhiva\/#\/schema\/person\/c8baee722073534b583ea7bdb2e36c02","name":"bosniak","image":{"@type":"ImageObject","inLanguage":"bs-BA","@id":"https:\/\/sandzakpress.net\/arhiva\/#\/schema\/person\/image\/","url":"https:\/\/secure.gravatar.com\/avatar\/a04fd330bfe3a36a72a0ad4a6d89fca7?s=96&d=mm&r=pg","contentUrl":"https:\/\/secure.gravatar.com\/avatar\/a04fd330bfe3a36a72a0ad4a6d89fca7?s=96&d=mm&r=pg","caption":"bosniak"},"url":"https:\/\/sandzakpress.net\/arhiva\/author\/bosniak\/"}]}},"_links":{"self":[{"href":"https:\/\/sandzakpress.net\/arhiva\/wp-json\/wp\/v2\/posts\/134423"}],"collection":[{"href":"https:\/\/sandzakpress.net\/arhiva\/wp-json\/wp\/v2\/posts"}],"about":[{"href":"https:\/\/sandzakpress.net\/arhiva\/wp-json\/wp\/v2\/types\/post"}],"author":[{"embeddable":true,"href":"https:\/\/sandzakpress.net\/arhiva\/wp-json\/wp\/v2\/users\/83"}],"replies":[{"embeddable":true,"href":"https:\/\/sandzakpress.net\/arhiva\/wp-json\/wp\/v2\/comments?post=134423"}],"version-history":[{"count":0,"href":"https:\/\/sandzakpress.net\/arhiva\/wp-json\/wp\/v2\/posts\/134423\/revisions"}],"wp:featuredmedia":[{"embeddable":true,"href":"https:\/\/sandzakpress.net\/arhiva\/wp-json\/wp\/v2\/media\/134425"}],"wp:attachment":[{"href":"https:\/\/sandzakpress.net\/arhiva\/wp-json\/wp\/v2\/media?parent=134423"}],"wp:term":[{"taxonomy":"category","embeddable":true,"href":"https:\/\/sandzakpress.net\/arhiva\/wp-json\/wp\/v2\/categories?post=134423"},{"taxonomy":"post_tag","embeddable":true,"href":"https:\/\/sandzakpress.net\/arhiva\/wp-json\/wp\/v2\/tags?post=134423"}],"curies":[{"name":"wp","href":"https:\/\/api.w.org\/{rel}","templated":true}]}}