{"id":134412,"date":"2015-08-22T10:14:24","date_gmt":"2015-08-22T08:14:24","guid":{"rendered":"https:\/\/sandzakpress.net\/arhiva\/mlada-bosnjakinja-politicki-potencijal-finske"},"modified":"2015-08-22T10:14:24","modified_gmt":"2015-08-22T08:14:24","slug":"mlada-bosnjakinja-politicki-potencijal-finske","status":"publish","type":"post","link":"https:\/\/sandzakpress.net\/arhiva\/mlada-bosnjakinja-politicki-potencijal-finske\/","title":{"rendered":"Mlada Bo\u0161njakinja politi\u010dki potencijal Finske"},"content":{"rendered":"<p><img decoding=\"async\" src=\"http:\/\/balkans.aljazeera.net\/sites\/staff.balkans.aljazeera.com\/files\/styles\/aljazeera_article_main_image\/public\/amina-anadolija-main.jpg?itok=lTrHuMvj\" alt=\"Helsinki, Finska, Evropa, Amina Elezovi\u0107, Politika\" \/><\/p>\n<p><strong>Finska \u2013 Amina Elezovi\u0107, u\u010denica porijeklom iz Bosne i Hercegovine, koja s porodicom ve\u0107 nekoliko godina \u017eivi u Finskoj, izabrana je za \u201cMladu osobu 2014. godine Op\u0107ine Malax\u201d.<\/strong><\/p>\n<p>\u010celnici Op\u0107ine Malax, koja se nalazi u regiji Ostrobothnia, u zapadnom dijelu Finske, na ovaj na\u010din su izrazili zahvalnost mladoj Bosanki zbog anga\u017emana u politi\u010dkom i javnom \u017eivotu op\u0107ine, kao i na promociji op\u0107ine u Evropi i svijetu. Amina Elezovi\u0107 \u0107e nagradu zvani\u010dno preuzeti na sve\u010danoj ceremoniji u novembru.<\/p>\n<p>Amina Elezovi\u0107 je jedna od najmla\u0111ih osoba u toj razvijenoj skandinavskoj zemlji koja se aktivno bavi politikom, prenosi Anadolija. Ova 16-godi\u0161nja u\u010denica, ro\u0111ena u Te\u0161nju, ranije je u razgovoru za Anadoliju kazala kako je \u201cpolitika interesira, jer je to dobar na\u010din da pomogne i u\u010destvuje u rje\u0161avanju problema u dru\u0161tvu i dr\u017eavi\u201d.<\/p>\n<p><strong>Za prava u\u010denika i doseljenika<\/strong><\/p>\n<p>Ve\u0107 tri godine nalazi se u odboru Finland Svenska Skolungdomsforbund, organizaciji za prava u\u010denika u obrazovnom sistemu u Finskoj, gdje se zala\u017ee za prava doseljenika u obrazovanju. Osim toga, \u010dlanica je i omladinskog odbora u Malaxu u Finskoj. Aktivna je i u omladinskom krilu Svensk Ungdom, koje djeluje u okviru \u0160vedske narodne stranke u Finskoj.<\/p>\n<p>\u010cesto putuje na me\u0111unarodne konferencije, seminare i politi\u010dke skupove u svijetu, a po\u010detkom 2014. godine je, zajedno s grupom mladih politi\u010dara iz Finske, predstavljala tu zemlju u Evropskom parlamentu. Bila je i jedna od u\u010desnica European Youth Eventa, koji je u maju 2014. godine organizirala Evropska unija u Briselu.<\/p>\n<p>Dvije godine je u\u010destvovala u politi\u010dkoj \u0161koli koju je organizirala organizacija Finland Svenska Skolungdomsforbund. Dva puta je s grupom mladih politi\u010dara bila u posjeti Parlamentu Finske, gdje je, izme\u0111u ostalog, imala priliku upoznati i razgovarati s ministrom odbrane Finske.<\/p>\n<p><strong>\u017deli postati amabasadorica BiH<\/strong><\/p>\n<p>Jedna od velikih \u017eelja ove, ve\u0107 sada, dru\u0161tveno i politi\u010dki vrlo aktivne tinejd\u017eerke je da postane ambasadorica Bosne i Hercegovine u Finskoj te da pomogne napretku i razvoju svoje domovine. Prema njenom mi\u0161ljenju, politi\u010dari u Bosni i Hercegovini bili bi mnogo odgovorniji i aktivniji da su i gra\u0111ani, kako ka\u017ee, malo aktivniji i da se vi\u0161e informiraju o de\u0161avanjima u dru\u0161tvu i dr\u017eavi. Mladima i vr\u0161njacima u Bosni i Hercegovini preporu\u010duje da se bore za svoja prava, da se ne stide re\u0107i \u0161ta ih mu\u010di i \u0161ta \u017eele.<\/p>\n<p>Nakon srednje \u0161kole, namjerava upisati fakultet politi\u010dkih nauka ili me\u0111unarodnih odnosa, kako bi se, kako isti\u010de, dodatno usavr\u0161ila i pripremila za politi\u010dku karijeru.<\/p>\n<p>Koliko je odlu\u010dna u svome naumu najbolje govori \u010dinjenica da je, uprkos svojim mladim godinama, u jeku poplava u Bosni i Hercegovini u maju 2014. godine pokrenula akciju pomo\u0107i za svojmu domovinu u Finskoj, kojoj su se odazvali mnogi gra\u0111ani iz bh. dijaspore, ali i Finci. O njenoj humanitarnoj akciji pisali su brojni finski i \u0161vedski mediji.<\/p>\n<p>Izvor: Agencije<\/p>\n<p>Pogledajte vijest na izvornom sajtu:<\/p>\n<p><a href=\"http:\/\/bosnapress.net\/mlada-bosnjakinja-politicki-potencijal-finske\/\" target=\"_blank\">Mlada Bo\u0161njakinja politi\u010dki potencijal Finske<\/a><\/p>\n","protected":false},"excerpt":{"rendered":"<p>Finska \u2013 Amina Elezovi\u0107, u\u010denica porijeklom iz Bosne i Hercegovine, koja s porodicom ve\u0107 nekoliko godina \u017eivi u Finskoj, izabrana je za \u201cMladu osobu 2014. godine Op\u0107ine Malax\u201d. \u010celnici Op\u0107ine Malax, koja se nalazi u regiji Ostrobothnia, u zapadnom dijelu Finske, na ovaj na\u010din su izrazili zahvalnost mladoj Bosanki zbog anga\u017emana u politi\u010dkom i javnom [&hellip;]<\/p>\n","protected":false},"author":83,"featured_media":134413,"comment_status":"open","ping_status":"open","sticky":false,"template":"","format":"standard","meta":{"footnotes":""},"categories":[10513],"tags":[10466],"class_list":{"0":"post-134412","1":"post","2":"type-post","3":"status-publish","4":"format-standard","5":"has-post-thumbnail","7":"category-bosna-press","8":"tag-bosna-i-hercegovina"},"yoast_head":"<!-- This site is optimized with the Yoast SEO Premium plugin v23.1 (Yoast SEO v24.9) - https:\/\/yoast.com\/wordpress\/plugins\/seo\/ -->\n<title>Mlada Bo\u0161njakinja politi\u010dki potencijal Finske<\/title>\n<meta name=\"robots\" content=\"index, follow, max-snippet:-1, max-image-preview:large, max-video-preview:-1\" \/>\n<link rel=\"canonical\" href=\"https:\/\/sandzakpress.net\/arhiva\/mlada-bosnjakinja-politicki-potencijal-finske\/\" \/>\n<meta property=\"og:locale\" content=\"bs_BA\" \/>\n<meta property=\"og:type\" content=\"article\" \/>\n<meta property=\"og:title\" content=\"Mlada Bo\u0161njakinja politi\u010dki potencijal Finske\" \/>\n<meta property=\"og:description\" content=\"Finska \u2013 Amina Elezovi\u0107, u\u010denica porijeklom iz Bosne i Hercegovine, koja s porodicom ve\u0107 nekoliko godina \u017eivi u Finskoj, izabrana je za \u201cMladu osobu 2014. godine Op\u0107ine Malax\u201d. \u010celnici Op\u0107ine Malax, koja se nalazi u regiji Ostrobothnia, u zapadnom dijelu Finske, na ovaj na\u010din su izrazili zahvalnost mladoj Bosanki zbog anga\u017emana u politi\u010dkom i javnom [&hellip;]\" \/>\n<meta property=\"og:url\" content=\"https:\/\/sandzakpress.net\/arhiva\/mlada-bosnjakinja-politicki-potencijal-finske\/\" \/>\n<meta property=\"og:site_name\" content=\"Sand\u017eak PRESS\" \/>\n<meta property=\"article:published_time\" content=\"2015-08-22T08:14:24+00:00\" \/>\n<meta property=\"og:image\" content=\"https:\/\/sandzakpress.net\/arhiva\/wp-content\/uploads\/2015\/08\/amina-anadolija-main.jpg\" \/>\n\t<meta property=\"og:image:width\" content=\"900\" \/>\n\t<meta property=\"og:image:height\" content=\"600\" \/>\n\t<meta property=\"og:image:type\" content=\"image\/jpeg\" \/>\n<meta name=\"author\" content=\"bosniak\" \/>\n<meta name=\"twitter:card\" content=\"summary_large_image\" \/>\n<meta name=\"twitter:label1\" content=\"Written by\" \/>\n\t<meta name=\"twitter:data1\" content=\"bosniak\" \/>\n\t<meta name=\"twitter:label2\" content=\"Est. reading time\" \/>\n\t<meta name=\"twitter:data2\" content=\"3 minute\" \/>\n<script type=\"application\/ld+json\" class=\"yoast-schema-graph\">{\"@context\":\"https:\/\/schema.org\",\"@graph\":[{\"@type\":\"Article\",\"@id\":\"https:\/\/sandzakpress.net\/arhiva\/mlada-bosnjakinja-politicki-potencijal-finske\/#article\",\"isPartOf\":{\"@id\":\"https:\/\/sandzakpress.net\/arhiva\/mlada-bosnjakinja-politicki-potencijal-finske\/\"},\"author\":{\"name\":\"bosniak\",\"@id\":\"https:\/\/sandzakpress.net\/arhiva\/#\/schema\/person\/c8baee722073534b583ea7bdb2e36c02\"},\"headline\":\"Mlada Bo\u0161njakinja politi\u010dki potencijal Finske\",\"datePublished\":\"2015-08-22T08:14:24+00:00\",\"mainEntityOfPage\":{\"@id\":\"https:\/\/sandzakpress.net\/arhiva\/mlada-bosnjakinja-politicki-potencijal-finske\/\"},\"wordCount\":520,\"commentCount\":5,\"publisher\":{\"@id\":\"https:\/\/sandzakpress.net\/arhiva\/#\/schema\/person\/6e72b67d6e51910a1117b3b483ba20bd\"},\"image\":{\"@id\":\"https:\/\/sandzakpress.net\/arhiva\/mlada-bosnjakinja-politicki-potencijal-finske\/#primaryimage\"},\"thumbnailUrl\":\"https:\/\/sandzakpress.net\/arhiva\/wp-content\/uploads\/2015\/08\/amina-anadolija-main.jpg\",\"keywords\":[\"Bosna i Hercegovina\"],\"articleSection\":[\"Bosna PRESS\"],\"inLanguage\":\"bs-BA\",\"potentialAction\":[{\"@type\":\"CommentAction\",\"name\":\"Comment\",\"target\":[\"https:\/\/sandzakpress.net\/arhiva\/mlada-bosnjakinja-politicki-potencijal-finske\/#respond\"]}]},{\"@type\":\"WebPage\",\"@id\":\"https:\/\/sandzakpress.net\/arhiva\/mlada-bosnjakinja-politicki-potencijal-finske\/\",\"url\":\"https:\/\/sandzakpress.net\/arhiva\/mlada-bosnjakinja-politicki-potencijal-finske\/\",\"name\":\"Mlada Bo\u0161njakinja politi\u010dki potencijal Finske\",\"isPartOf\":{\"@id\":\"https:\/\/sandzakpress.net\/arhiva\/#website\"},\"primaryImageOfPage\":{\"@id\":\"https:\/\/sandzakpress.net\/arhiva\/mlada-bosnjakinja-politicki-potencijal-finske\/#primaryimage\"},\"image\":{\"@id\":\"https:\/\/sandzakpress.net\/arhiva\/mlada-bosnjakinja-politicki-potencijal-finske\/#primaryimage\"},\"thumbnailUrl\":\"https:\/\/sandzakpress.net\/arhiva\/wp-content\/uploads\/2015\/08\/amina-anadolija-main.jpg\",\"datePublished\":\"2015-08-22T08:14:24+00:00\",\"breadcrumb\":{\"@id\":\"https:\/\/sandzakpress.net\/arhiva\/mlada-bosnjakinja-politicki-potencijal-finske\/#breadcrumb\"},\"inLanguage\":\"bs-BA\",\"potentialAction\":[{\"@type\":\"ReadAction\",\"target\":[\"https:\/\/sandzakpress.net\/arhiva\/mlada-bosnjakinja-politicki-potencijal-finske\/\"]}]},{\"@type\":\"ImageObject\",\"inLanguage\":\"bs-BA\",\"@id\":\"https:\/\/sandzakpress.net\/arhiva\/mlada-bosnjakinja-politicki-potencijal-finske\/#primaryimage\",\"url\":\"https:\/\/sandzakpress.net\/arhiva\/wp-content\/uploads\/2015\/08\/amina-anadolija-main.jpg\",\"contentUrl\":\"https:\/\/sandzakpress.net\/arhiva\/wp-content\/uploads\/2015\/08\/amina-anadolija-main.jpg\",\"width\":900,\"height\":600},{\"@type\":\"BreadcrumbList\",\"@id\":\"https:\/\/sandzakpress.net\/arhiva\/mlada-bosnjakinja-politicki-potencijal-finske\/#breadcrumb\",\"itemListElement\":[{\"@type\":\"ListItem\",\"position\":1,\"name\":\"Home\",\"item\":\"https:\/\/sandzakpress.net\/arhiva\/\"},{\"@type\":\"ListItem\",\"position\":2,\"name\":\"Mlada Bo\u0161njakinja politi\u010dki potencijal Finske\"}]},{\"@type\":\"WebSite\",\"@id\":\"https:\/\/sandzakpress.net\/arhiva\/#website\",\"url\":\"https:\/\/sandzakpress.net\/arhiva\/\",\"name\":\"Sand\u017eak PRESS\",\"description\":\"Prve elektronske novine u Sand\u017eaku\",\"publisher\":{\"@id\":\"https:\/\/sandzakpress.net\/arhiva\/#\/schema\/person\/6e72b67d6e51910a1117b3b483ba20bd\"},\"potentialAction\":[{\"@type\":\"SearchAction\",\"target\":{\"@type\":\"EntryPoint\",\"urlTemplate\":\"https:\/\/sandzakpress.net\/arhiva\/?s={search_term_string}\"},\"query-input\":{\"@type\":\"PropertyValueSpecification\",\"valueRequired\":true,\"valueName\":\"search_term_string\"}}],\"inLanguage\":\"bs-BA\"},{\"@type\":[\"Person\",\"Organization\"],\"@id\":\"https:\/\/sandzakpress.net\/arhiva\/#\/schema\/person\/6e72b67d6e51910a1117b3b483ba20bd\",\"name\":\"Kul\",\"image\":{\"@type\":\"ImageObject\",\"inLanguage\":\"bs-BA\",\"@id\":\"https:\/\/sandzakpress.net\/arhiva\/#\/schema\/person\/image\/\",\"url\":\"https:\/\/secure.gravatar.com\/avatar\/42263f39aa27ac04c43cab85c280eb2e?s=96&d=mm&r=pg\",\"contentUrl\":\"https:\/\/secure.gravatar.com\/avatar\/42263f39aa27ac04c43cab85c280eb2e?s=96&d=mm&r=pg\",\"caption\":\"Kul\"},\"logo\":{\"@id\":\"https:\/\/sandzakpress.net\/arhiva\/#\/schema\/person\/image\/\"}},{\"@type\":\"Person\",\"@id\":\"https:\/\/sandzakpress.net\/arhiva\/#\/schema\/person\/c8baee722073534b583ea7bdb2e36c02\",\"name\":\"bosniak\",\"image\":{\"@type\":\"ImageObject\",\"inLanguage\":\"bs-BA\",\"@id\":\"https:\/\/sandzakpress.net\/arhiva\/#\/schema\/person\/image\/\",\"url\":\"https:\/\/secure.gravatar.com\/avatar\/a04fd330bfe3a36a72a0ad4a6d89fca7?s=96&d=mm&r=pg\",\"contentUrl\":\"https:\/\/secure.gravatar.com\/avatar\/a04fd330bfe3a36a72a0ad4a6d89fca7?s=96&d=mm&r=pg\",\"caption\":\"bosniak\"},\"url\":\"https:\/\/sandzakpress.net\/arhiva\/author\/bosniak\/\"}]}<\/script>\n<!-- \/ Yoast SEO Premium plugin. -->","yoast_head_json":{"title":"Mlada Bo\u0161njakinja politi\u010dki potencijal Finske","robots":{"index":"index","follow":"follow","max-snippet":"max-snippet:-1","max-image-preview":"max-image-preview:large","max-video-preview":"max-video-preview:-1"},"canonical":"https:\/\/sandzakpress.net\/arhiva\/mlada-bosnjakinja-politicki-potencijal-finske\/","og_locale":"bs_BA","og_type":"article","og_title":"Mlada Bo\u0161njakinja politi\u010dki potencijal Finske","og_description":"Finska \u2013 Amina Elezovi\u0107, u\u010denica porijeklom iz Bosne i Hercegovine, koja s porodicom ve\u0107 nekoliko godina \u017eivi u Finskoj, izabrana je za \u201cMladu osobu 2014. godine Op\u0107ine Malax\u201d. \u010celnici Op\u0107ine Malax, koja se nalazi u regiji Ostrobothnia, u zapadnom dijelu Finske, na ovaj na\u010din su izrazili zahvalnost mladoj Bosanki zbog anga\u017emana u politi\u010dkom i javnom [&hellip;]","og_url":"https:\/\/sandzakpress.net\/arhiva\/mlada-bosnjakinja-politicki-potencijal-finske\/","og_site_name":"Sand\u017eak PRESS","article_published_time":"2015-08-22T08:14:24+00:00","og_image":[{"width":900,"height":600,"url":"https:\/\/sandzakpress.net\/arhiva\/wp-content\/uploads\/2015\/08\/amina-anadolija-main.jpg","type":"image\/jpeg"}],"author":"bosniak","twitter_card":"summary_large_image","twitter_misc":{"Written by":"bosniak","Est. reading time":"3 minute"},"schema":{"@context":"https:\/\/schema.org","@graph":[{"@type":"Article","@id":"https:\/\/sandzakpress.net\/arhiva\/mlada-bosnjakinja-politicki-potencijal-finske\/#article","isPartOf":{"@id":"https:\/\/sandzakpress.net\/arhiva\/mlada-bosnjakinja-politicki-potencijal-finske\/"},"author":{"name":"bosniak","@id":"https:\/\/sandzakpress.net\/arhiva\/#\/schema\/person\/c8baee722073534b583ea7bdb2e36c02"},"headline":"Mlada Bo\u0161njakinja politi\u010dki potencijal Finske","datePublished":"2015-08-22T08:14:24+00:00","mainEntityOfPage":{"@id":"https:\/\/sandzakpress.net\/arhiva\/mlada-bosnjakinja-politicki-potencijal-finske\/"},"wordCount":520,"commentCount":5,"publisher":{"@id":"https:\/\/sandzakpress.net\/arhiva\/#\/schema\/person\/6e72b67d6e51910a1117b3b483ba20bd"},"image":{"@id":"https:\/\/sandzakpress.net\/arhiva\/mlada-bosnjakinja-politicki-potencijal-finske\/#primaryimage"},"thumbnailUrl":"https:\/\/sandzakpress.net\/arhiva\/wp-content\/uploads\/2015\/08\/amina-anadolija-main.jpg","keywords":["Bosna i Hercegovina"],"articleSection":["Bosna PRESS"],"inLanguage":"bs-BA","potentialAction":[{"@type":"CommentAction","name":"Comment","target":["https:\/\/sandzakpress.net\/arhiva\/mlada-bosnjakinja-politicki-potencijal-finske\/#respond"]}]},{"@type":"WebPage","@id":"https:\/\/sandzakpress.net\/arhiva\/mlada-bosnjakinja-politicki-potencijal-finske\/","url":"https:\/\/sandzakpress.net\/arhiva\/mlada-bosnjakinja-politicki-potencijal-finske\/","name":"Mlada Bo\u0161njakinja politi\u010dki potencijal Finske","isPartOf":{"@id":"https:\/\/sandzakpress.net\/arhiva\/#website"},"primaryImageOfPage":{"@id":"https:\/\/sandzakpress.net\/arhiva\/mlada-bosnjakinja-politicki-potencijal-finske\/#primaryimage"},"image":{"@id":"https:\/\/sandzakpress.net\/arhiva\/mlada-bosnjakinja-politicki-potencijal-finske\/#primaryimage"},"thumbnailUrl":"https:\/\/sandzakpress.net\/arhiva\/wp-content\/uploads\/2015\/08\/amina-anadolija-main.jpg","datePublished":"2015-08-22T08:14:24+00:00","breadcrumb":{"@id":"https:\/\/sandzakpress.net\/arhiva\/mlada-bosnjakinja-politicki-potencijal-finske\/#breadcrumb"},"inLanguage":"bs-BA","potentialAction":[{"@type":"ReadAction","target":["https:\/\/sandzakpress.net\/arhiva\/mlada-bosnjakinja-politicki-potencijal-finske\/"]}]},{"@type":"ImageObject","inLanguage":"bs-BA","@id":"https:\/\/sandzakpress.net\/arhiva\/mlada-bosnjakinja-politicki-potencijal-finske\/#primaryimage","url":"https:\/\/sandzakpress.net\/arhiva\/wp-content\/uploads\/2015\/08\/amina-anadolija-main.jpg","contentUrl":"https:\/\/sandzakpress.net\/arhiva\/wp-content\/uploads\/2015\/08\/amina-anadolija-main.jpg","width":900,"height":600},{"@type":"BreadcrumbList","@id":"https:\/\/sandzakpress.net\/arhiva\/mlada-bosnjakinja-politicki-potencijal-finske\/#breadcrumb","itemListElement":[{"@type":"ListItem","position":1,"name":"Home","item":"https:\/\/sandzakpress.net\/arhiva\/"},{"@type":"ListItem","position":2,"name":"Mlada Bo\u0161njakinja politi\u010dki potencijal Finske"}]},{"@type":"WebSite","@id":"https:\/\/sandzakpress.net\/arhiva\/#website","url":"https:\/\/sandzakpress.net\/arhiva\/","name":"Sand\u017eak PRESS","description":"Prve elektronske novine u Sand\u017eaku","publisher":{"@id":"https:\/\/sandzakpress.net\/arhiva\/#\/schema\/person\/6e72b67d6e51910a1117b3b483ba20bd"},"potentialAction":[{"@type":"SearchAction","target":{"@type":"EntryPoint","urlTemplate":"https:\/\/sandzakpress.net\/arhiva\/?s={search_term_string}"},"query-input":{"@type":"PropertyValueSpecification","valueRequired":true,"valueName":"search_term_string"}}],"inLanguage":"bs-BA"},{"@type":["Person","Organization"],"@id":"https:\/\/sandzakpress.net\/arhiva\/#\/schema\/person\/6e72b67d6e51910a1117b3b483ba20bd","name":"Kul","image":{"@type":"ImageObject","inLanguage":"bs-BA","@id":"https:\/\/sandzakpress.net\/arhiva\/#\/schema\/person\/image\/","url":"https:\/\/secure.gravatar.com\/avatar\/42263f39aa27ac04c43cab85c280eb2e?s=96&d=mm&r=pg","contentUrl":"https:\/\/secure.gravatar.com\/avatar\/42263f39aa27ac04c43cab85c280eb2e?s=96&d=mm&r=pg","caption":"Kul"},"logo":{"@id":"https:\/\/sandzakpress.net\/arhiva\/#\/schema\/person\/image\/"}},{"@type":"Person","@id":"https:\/\/sandzakpress.net\/arhiva\/#\/schema\/person\/c8baee722073534b583ea7bdb2e36c02","name":"bosniak","image":{"@type":"ImageObject","inLanguage":"bs-BA","@id":"https:\/\/sandzakpress.net\/arhiva\/#\/schema\/person\/image\/","url":"https:\/\/secure.gravatar.com\/avatar\/a04fd330bfe3a36a72a0ad4a6d89fca7?s=96&d=mm&r=pg","contentUrl":"https:\/\/secure.gravatar.com\/avatar\/a04fd330bfe3a36a72a0ad4a6d89fca7?s=96&d=mm&r=pg","caption":"bosniak"},"url":"https:\/\/sandzakpress.net\/arhiva\/author\/bosniak\/"}]}},"_links":{"self":[{"href":"https:\/\/sandzakpress.net\/arhiva\/wp-json\/wp\/v2\/posts\/134412"}],"collection":[{"href":"https:\/\/sandzakpress.net\/arhiva\/wp-json\/wp\/v2\/posts"}],"about":[{"href":"https:\/\/sandzakpress.net\/arhiva\/wp-json\/wp\/v2\/types\/post"}],"author":[{"embeddable":true,"href":"https:\/\/sandzakpress.net\/arhiva\/wp-json\/wp\/v2\/users\/83"}],"replies":[{"embeddable":true,"href":"https:\/\/sandzakpress.net\/arhiva\/wp-json\/wp\/v2\/comments?post=134412"}],"version-history":[{"count":0,"href":"https:\/\/sandzakpress.net\/arhiva\/wp-json\/wp\/v2\/posts\/134412\/revisions"}],"wp:featuredmedia":[{"embeddable":true,"href":"https:\/\/sandzakpress.net\/arhiva\/wp-json\/wp\/v2\/media\/134413"}],"wp:attachment":[{"href":"https:\/\/sandzakpress.net\/arhiva\/wp-json\/wp\/v2\/media?parent=134412"}],"wp:term":[{"taxonomy":"category","embeddable":true,"href":"https:\/\/sandzakpress.net\/arhiva\/wp-json\/wp\/v2\/categories?post=134412"},{"taxonomy":"post_tag","embeddable":true,"href":"https:\/\/sandzakpress.net\/arhiva\/wp-json\/wp\/v2\/tags?post=134412"}],"curies":[{"name":"wp","href":"https:\/\/api.w.org\/{rel}","templated":true}]}}