{"id":13438,"date":"2011-03-04T15:56:34","date_gmt":"2011-03-04T14:56:34","guid":{"rendered":"https:\/\/sandzakpress.net\/arhiva\/?p=13438"},"modified":"2011-03-04T15:56:34","modified_gmt":"2011-03-04T14:56:34","slug":"kritikujem-rezim-a-ne-drzavu-i-srbe","status":"publish","type":"post","link":"https:\/\/sandzakpress.net\/arhiva\/kritikujem-rezim-a-ne-drzavu-i-srbe\/","title":{"rendered":"Kritikujem re\u017eim, a ne dr\u017eavu i Srbe"},"content":{"rendered":"<figure id=\"attachment_13439\" aria-describedby=\"caption-attachment-13439\" style=\"width: 173px\" class=\"wp-caption alignleft\"><a href=\"https:\/\/sandzakpress.net\/arhiva\/wp-content\/uploads\/2011\/03\/9532_152124971696_69393956696_3143224_347684_n.jpg\"><img loading=\"lazy\" decoding=\"async\" class=\"size-full wp-image-13439\" title=\"9532_152124971696_69393956696_3143224_347684_n\" src=\"https:\/\/sandzakpress.net\/arhiva\/wp-content\/uploads\/2011\/03\/9532_152124971696_69393956696_3143224_347684_n.jpg\" alt=\"\" width=\"173\" height=\"260\" \/><\/a><figcaption id=\"caption-attachment-13439\" class=\"wp-caption-text\">Muftija sand\u017ea\u010dki i cijele Srbije, Muamer ef. Zukorli\u0107<\/figcaption><\/figure>\n<p><strong>Nastavlja se agonija odnosa beogradskog re\u017eima prema Sand\u017eaku, Bo\u0161njacima i muslimanima. <\/strong><\/p>\n<p>I dalje nema naznaka da je re\u017eim spreman da se suo\u010di sa \u010dinjenicom da je neophodno prihvatiti Bo\u0161njake kao ravnopravne gra\u0111ane dr\u017eave Srbije, niti da se nagomilani problemi rje\u0161avaju. To se vidi iz medijskih nastupa, davanja medijskog prostora i medijske hajke prema bo\u0161nja\u010dkim vjerskim institucijama, uklju\u010duju\u0107i i najavljenu izbornu farsu re\u017eima, koja za cilj ima da dovede na \u010delo Bo\u0161nja\u010dkog nacionalnog ve\u0107a (BNV) ljude koji \u0107e da igraju politiku Beograda u Sand\u017eaku, a ne da doprinesu prevazila\u017eenju problema i nala\u017eenju re\u0161enja na dobrobit bo\u0161nja\u010dkog naroda i dr\u017eave Srbije &#8211; ocjenjuje glavni muftija Islamske zajednice (IZ) u Srbiji Muamer Zukorli\u0107 u razgovoru za Danas.<\/p>\n<p>Sa nedavnog skupa u Novom Pazaru vlastima ste poslali poruku da bi i ovdje mogli da se ponove Egipat i Tunis. Da li \u017eelite takav na\u010din rje\u0161avanja problema koje stalno isti\u010dete?<\/p>\n<p>Mediji su tendenciozno prenijeli samo djelimi\u010dno tu moju poruku. Rekao sam to u kontekstu tuma\u010denja posljedica nepravde koja se ovde uporno primjenjuje. To sam ilustrovao sa evropskim i afri\u010dkim modelom promjena, ali sam tu misao zavr\u0161io da dajem podr\u0161ku evropskom modelu, a to su uobi\u010dajene demokratske promjene. Moje su poruke autenti\u010dne i u skladu sa procesima koji se ovdje de\u0161avaju. Re\u017eim i mediji koji ga zastupaju nervozni su \u0161to nijednu moju poruku ne mogu prenijeti ni kao radikalnu ni kao prijete\u0107u, ve\u0107 kao istinu koja u sebi ima vi\u0161e gorkoga nego slatkoga.<\/p>\n<p>Do sada ste optu\u017ebe upu\u0107ivali dr\u017eavi zbog odnosa prema Sand\u017eaku i Bo\u0161njacima, a pre nekoliko dana pona\u0161anje predsjednika Srbije ocijenili ste kao nedr\u017eavno i neodgovorno. Zbog \u010dega?<\/p>\n<p>Moje primjedbe i kritike su na ra\u010dun re\u017eima, a ne dr\u017eave Srbije. Ovo isti\u010dem jer re\u017eim \u017eeli da se vrlo \u010desto sakrije iza srpskog naroda, nastoje\u0107i da moje kriti\u010dke stavove prevodi na netrpeljivost prema dr\u017eavi Srbiji i srpskom narodu. To nema nikakve osnove i nikome ne\u0107u dozvoliti da dr\u017eava Srbija bude vi\u0161e njegova nego moja. Prevo\u0111enje mojih stavova na neprijateljstvo prema srpskom narodu prevazi\u0111eno je sa aspekta za dokazivanjem.<\/p>\n<p>\u010cinjenica je da sam izrazio sopstveno zaprepa\u0161\u0107enje postupkom predsjednika dr\u017eave. To je daleko od dr\u017eavni\u010dkog manira, pogotovu predsjednika koji se do sada pazio, kad je Sand\u017eak u pitanju, da ne ka\u017ee bar ne\u0161to. Ovog puta je iza\u0161ao iz te navike. Mi smo to ocenili kao nedr\u017eavni\u010dki tendenciozan \u010din. \u010cak, mo\u017eda kao i paniku re\u017eima koji ne uspijeva preko svojih partnera, koje brzo tro\u0161i, da uspostavi kontrolu kakvu \u017eeli. Nakon dvojice ministara i vje\u0161ta\u010dkih predvodnika IZ, sada se pronalazi neko ko bi trebalo da bude i heroj i \u017ertva, ko je jo\u0161 jedan sitan igra\u010d re\u017eima zapakovan u naslov nevladine organizacije. Predsjednik godinama nije na\u0161ao za shodno da ka\u017ee jednu rije\u010d o svim de\u0161avanjima u Sand\u017eaku. Sada neko mjesecima u svim novinama koje su bile dostupne, blati IZ, islam, muslimane, a prije svega muftiju. Onda se na\u0111e neka studentkinja koja odgovori na takva bla\u0107enja i onda taj ko to \u010dini permanentno mjesecima pretvara se u \u017ertvu i daje mu se policijska za\u0161tita da pri tom ne znamo od koga. Dakle, jo\u0161 jedna igra na pozornici Sand\u017eaka kojom treba skrenuti pa\u017enju sa glavnih problema. Lo\u0161i savjetnici su lo\u0161e za ovo posavjetovali predsjednika. To mu nije trebalo i time je potpuno potopio posljednje povjerenje na relaciji sa bo\u0161nja\u010dkim narodom i Sand\u017eakom uop\u0107e.<\/p>\n<p>Koliko ima razumijevanja izme\u0111u IZ i civilnog sektora?<\/p>\n<p>&#8211; Nemam problema sa civilnim sektorom. Problem mo\u017ee da se ima sa nekim ko nije civilni sektor ve\u0107 re\u017eimski, a \u017eeli da dr\u017ei monopol nad civilnim sektorom. Sa doti\u010dnom osobom ili doti\u010dnom organizacijom dolazi do nesporazuma u momentu kada muftija vi\u0161e ne podr\u017eava Borisa Tadi\u0107a i Rasima Ljaji\u0107a. Principijelno sa gra\u0111anskim opcijama nemam nikakav problem. Kod zna\u010dajnog broja nevladinih organizacija u Srbiji imamo da zajedno sa vlastima jedu sa istih jasala i onda imamo neke lan\u010dane reakcije. Niko ne primijeti kada doti\u010dna gospo\u0111a nanese uvredu djevojkama muslimankama koje obla\u010de islamsku no\u0161nju kada ka\u017ee da one maramom prikrivaju svoje biografije biv\u0161ih narkomanki, a reakcija na takvu izjavu se ocjenjuje kao govor mr\u017enje. Dok nam ona prebrojava koliko imamo djece, koliko \u017eena, lista nam privatni \u017eivot, to se prevodi kao sloboda govora.<\/p>\n<p>Sve su glasnije ocjene da ste kao vjerski poglavar duboko zagazili u politiku?<\/p>\n<p>&#8211; To je kao reakcija, a ne kao akcija. Ukoliko se na IZ koju predvodim, narod i veru kojima pripadam brutalno vr\u0161i agresija sa pozicija politike, ne mogu se braniti od politike a da se ne bavim njom. Ne znam, za\u0161to bi mi to neko osporavao, ako mi Ustav i zakoni to ne osporavaju. To \u010dinim na svoj na\u010din u samoodbrani, sa potpuno stabilnom pozicijom, i ne ni kao ispad, ni ne kao gre\u0161ku, ve\u0107 kao jasan na\u010din odbrane od svih agresija.<\/p>\n<p>Da li i dalje mislite da nove izbore za BNV treba da aktivno bojkotujete i da li ste pozvali va\u0161e pristalice na taj \u010din?<\/p>\n<p>&#8211; Rekli smo da \u0107emo te izbore bojkotovati i ostajemo dosljedni tome. Re\u017eim je napravio takti\u010dku gre\u0161ku sa namjerom da na bilo koji na\u010din oja\u010da svoje partnere u Sand\u017eaku. Ovim im je definitivno politi\u010dki presudio, napravit \u0107e jedno prebrojavanje prije parlamentarnih i lokalnih izbora i na tu farsu \u0107e izvesti mali broj ljudi. Kako se termin izbora bude pribli\u017eavao poja\u010davat \u0107emo i taj poziv i aktivnu kampanju. To \u0107e biti definitivna diferencijacija o stvarnom politi\u010dkom legitimitetu ovdje. Za nas BNV je formirano.<\/p>\n<p>Koliko su ta\u010dne glasine da pregovarate sa Sulejmanom Ugljaninom o saradnji?<\/p>\n<p>&#8211; Nema nikakvih razgovora ni sa Ugljaninom ni sa Ljaji\u0107em. Da bi postojala bilo kakva \u0161ansa za razgovore, dogovore ili za bilo kakvom aktivno\u0161\u0107u u prevazila\u017eenju ovih problema, uslov je neu\u010de\u0161\u0107e na izborima za BNV. Ukoliko budu u\u010destvovali na izborima, onda potpuno zatvaraju vrata da mogu biti na\u0161i sagovornici u nekom narednom periodu.<\/p>\n<p>Izvor: <strong>Danas.rs<\/strong><\/p>\n","protected":false},"excerpt":{"rendered":"<p>Nastavlja se agonija odnosa beogradskog re\u017eima prema Sand\u017eaku, Bo\u0161njacima i muslimanima. I dalje nema naznaka da je re\u017eim spreman da se suo\u010di sa \u010dinjenicom da je neophodno prihvatiti Bo\u0161njake kao ravnopravne gra\u0111ane dr\u017eave Srbije, niti da se nagomilani problemi rje\u0161avaju. To se vidi iz medijskih nastupa, davanja medijskog prostora i medijske hajke prema bo\u0161nja\u010dkim vjerskim [&hellip;]<\/p>\n","protected":false},"author":83,"featured_media":13439,"comment_status":"open","ping_status":"open","sticky":false,"template":"","format":"standard","meta":{"footnotes":""},"categories":[72,52,327,392,393,394],"tags":[],"class_list":{"0":"post-13438","1":"post","2":"type-post","3":"status-publish","4":"format-standard","5":"has-post-thumbnail","7":"category-novi-pazar","8":"category-sjenica","9":"category-tutin","10":"category-prijepolje_","11":"category-priboj","12":"category-nova-varos"},"yoast_head":"<!-- This site is optimized with the Yoast SEO Premium plugin v23.1 (Yoast SEO v24.9) - https:\/\/yoast.com\/wordpress\/plugins\/seo\/ -->\n<title>Kritikujem re\u017eim, a ne dr\u017eavu i Srbe<\/title>\n<meta name=\"robots\" content=\"index, follow, max-snippet:-1, max-image-preview:large, max-video-preview:-1\" \/>\n<link rel=\"canonical\" href=\"https:\/\/sandzakpress.net\/arhiva\/kritikujem-rezim-a-ne-drzavu-i-srbe\/\" \/>\n<meta property=\"og:locale\" content=\"bs_BA\" \/>\n<meta property=\"og:type\" content=\"article\" \/>\n<meta property=\"og:title\" content=\"Kritikujem re\u017eim, a ne dr\u017eavu i Srbe\" \/>\n<meta property=\"og:description\" content=\"Nastavlja se agonija odnosa beogradskog re\u017eima prema Sand\u017eaku, Bo\u0161njacima i muslimanima. I dalje nema naznaka da je re\u017eim spreman da se suo\u010di sa \u010dinjenicom da je neophodno prihvatiti Bo\u0161njake kao ravnopravne gra\u0111ane dr\u017eave Srbije, niti da se nagomilani problemi rje\u0161avaju. To se vidi iz medijskih nastupa, davanja medijskog prostora i medijske hajke prema bo\u0161nja\u010dkim vjerskim [&hellip;]\" \/>\n<meta property=\"og:url\" content=\"https:\/\/sandzakpress.net\/arhiva\/kritikujem-rezim-a-ne-drzavu-i-srbe\/\" \/>\n<meta property=\"og:site_name\" content=\"Sand\u017eak PRESS\" \/>\n<meta property=\"article:published_time\" content=\"2011-03-04T14:56:34+00:00\" \/>\n<meta property=\"og:image\" content=\"https:\/\/sandzakpress.net\/arhiva\/wp-content\/uploads\/2011\/03\/9532_152124971696_69393956696_3143224_347684_n.jpg\" \/>\n\t<meta property=\"og:image:width\" content=\"173\" \/>\n\t<meta property=\"og:image:height\" content=\"260\" \/>\n\t<meta property=\"og:image:type\" content=\"image\/jpeg\" \/>\n<meta name=\"author\" content=\"bosniak\" \/>\n<meta name=\"twitter:card\" content=\"summary_large_image\" \/>\n<meta name=\"twitter:label1\" content=\"Written by\" \/>\n\t<meta name=\"twitter:data1\" content=\"bosniak\" \/>\n\t<meta name=\"twitter:label2\" content=\"Est. reading time\" \/>\n\t<meta name=\"twitter:data2\" content=\"5 minuta\" \/>\n<script type=\"application\/ld+json\" class=\"yoast-schema-graph\">{\"@context\":\"https:\/\/schema.org\",\"@graph\":[{\"@type\":\"Article\",\"@id\":\"https:\/\/sandzakpress.net\/arhiva\/kritikujem-rezim-a-ne-drzavu-i-srbe\/#article\",\"isPartOf\":{\"@id\":\"https:\/\/sandzakpress.net\/arhiva\/kritikujem-rezim-a-ne-drzavu-i-srbe\/\"},\"author\":{\"name\":\"bosniak\",\"@id\":\"https:\/\/sandzakpress.net\/arhiva\/#\/schema\/person\/c8baee722073534b583ea7bdb2e36c02\"},\"headline\":\"Kritikujem re\u017eim, a ne dr\u017eavu i Srbe\",\"datePublished\":\"2011-03-04T14:56:34+00:00\",\"mainEntityOfPage\":{\"@id\":\"https:\/\/sandzakpress.net\/arhiva\/kritikujem-rezim-a-ne-drzavu-i-srbe\/\"},\"wordCount\":1108,\"commentCount\":14,\"publisher\":{\"@id\":\"https:\/\/sandzakpress.net\/arhiva\/#\/schema\/person\/6e72b67d6e51910a1117b3b483ba20bd\"},\"image\":{\"@id\":\"https:\/\/sandzakpress.net\/arhiva\/kritikujem-rezim-a-ne-drzavu-i-srbe\/#primaryimage\"},\"thumbnailUrl\":\"https:\/\/sandzakpress.net\/arhiva\/wp-content\/uploads\/2011\/03\/9532_152124971696_69393956696_3143224_347684_n.jpg\",\"articleSection\":[\"Novi Pazar\",\"Sjenica\",\"Tutin\",\"Prijepolje\",\"Priboj\",\"Nova Varo\u0161\"],\"inLanguage\":\"bs-BA\",\"potentialAction\":[{\"@type\":\"CommentAction\",\"name\":\"Comment\",\"target\":[\"https:\/\/sandzakpress.net\/arhiva\/kritikujem-rezim-a-ne-drzavu-i-srbe\/#respond\"]}]},{\"@type\":\"WebPage\",\"@id\":\"https:\/\/sandzakpress.net\/arhiva\/kritikujem-rezim-a-ne-drzavu-i-srbe\/\",\"url\":\"https:\/\/sandzakpress.net\/arhiva\/kritikujem-rezim-a-ne-drzavu-i-srbe\/\",\"name\":\"Kritikujem re\u017eim, a ne dr\u017eavu i Srbe\",\"isPartOf\":{\"@id\":\"https:\/\/sandzakpress.net\/arhiva\/#website\"},\"primaryImageOfPage\":{\"@id\":\"https:\/\/sandzakpress.net\/arhiva\/kritikujem-rezim-a-ne-drzavu-i-srbe\/#primaryimage\"},\"image\":{\"@id\":\"https:\/\/sandzakpress.net\/arhiva\/kritikujem-rezim-a-ne-drzavu-i-srbe\/#primaryimage\"},\"thumbnailUrl\":\"https:\/\/sandzakpress.net\/arhiva\/wp-content\/uploads\/2011\/03\/9532_152124971696_69393956696_3143224_347684_n.jpg\",\"datePublished\":\"2011-03-04T14:56:34+00:00\",\"breadcrumb\":{\"@id\":\"https:\/\/sandzakpress.net\/arhiva\/kritikujem-rezim-a-ne-drzavu-i-srbe\/#breadcrumb\"},\"inLanguage\":\"bs-BA\",\"potentialAction\":[{\"@type\":\"ReadAction\",\"target\":[\"https:\/\/sandzakpress.net\/arhiva\/kritikujem-rezim-a-ne-drzavu-i-srbe\/\"]}]},{\"@type\":\"ImageObject\",\"inLanguage\":\"bs-BA\",\"@id\":\"https:\/\/sandzakpress.net\/arhiva\/kritikujem-rezim-a-ne-drzavu-i-srbe\/#primaryimage\",\"url\":\"https:\/\/sandzakpress.net\/arhiva\/wp-content\/uploads\/2011\/03\/9532_152124971696_69393956696_3143224_347684_n.jpg\",\"contentUrl\":\"https:\/\/sandzakpress.net\/arhiva\/wp-content\/uploads\/2011\/03\/9532_152124971696_69393956696_3143224_347684_n.jpg\",\"width\":173,\"height\":260},{\"@type\":\"BreadcrumbList\",\"@id\":\"https:\/\/sandzakpress.net\/arhiva\/kritikujem-rezim-a-ne-drzavu-i-srbe\/#breadcrumb\",\"itemListElement\":[{\"@type\":\"ListItem\",\"position\":1,\"name\":\"Home\",\"item\":\"https:\/\/sandzakpress.net\/arhiva\/\"},{\"@type\":\"ListItem\",\"position\":2,\"name\":\"Kritikujem re\u017eim, a ne dr\u017eavu i Srbe\"}]},{\"@type\":\"WebSite\",\"@id\":\"https:\/\/sandzakpress.net\/arhiva\/#website\",\"url\":\"https:\/\/sandzakpress.net\/arhiva\/\",\"name\":\"Sand\u017eak PRESS\",\"description\":\"Prve elektronske novine u Sand\u017eaku\",\"publisher\":{\"@id\":\"https:\/\/sandzakpress.net\/arhiva\/#\/schema\/person\/6e72b67d6e51910a1117b3b483ba20bd\"},\"potentialAction\":[{\"@type\":\"SearchAction\",\"target\":{\"@type\":\"EntryPoint\",\"urlTemplate\":\"https:\/\/sandzakpress.net\/arhiva\/?s={search_term_string}\"},\"query-input\":{\"@type\":\"PropertyValueSpecification\",\"valueRequired\":true,\"valueName\":\"search_term_string\"}}],\"inLanguage\":\"bs-BA\"},{\"@type\":[\"Person\",\"Organization\"],\"@id\":\"https:\/\/sandzakpress.net\/arhiva\/#\/schema\/person\/6e72b67d6e51910a1117b3b483ba20bd\",\"name\":\"Kul\",\"image\":{\"@type\":\"ImageObject\",\"inLanguage\":\"bs-BA\",\"@id\":\"https:\/\/sandzakpress.net\/arhiva\/#\/schema\/person\/image\/\",\"url\":\"https:\/\/secure.gravatar.com\/avatar\/42263f39aa27ac04c43cab85c280eb2e?s=96&d=mm&r=pg\",\"contentUrl\":\"https:\/\/secure.gravatar.com\/avatar\/42263f39aa27ac04c43cab85c280eb2e?s=96&d=mm&r=pg\",\"caption\":\"Kul\"},\"logo\":{\"@id\":\"https:\/\/sandzakpress.net\/arhiva\/#\/schema\/person\/image\/\"}},{\"@type\":\"Person\",\"@id\":\"https:\/\/sandzakpress.net\/arhiva\/#\/schema\/person\/c8baee722073534b583ea7bdb2e36c02\",\"name\":\"bosniak\",\"image\":{\"@type\":\"ImageObject\",\"inLanguage\":\"bs-BA\",\"@id\":\"https:\/\/sandzakpress.net\/arhiva\/#\/schema\/person\/image\/\",\"url\":\"https:\/\/secure.gravatar.com\/avatar\/a04fd330bfe3a36a72a0ad4a6d89fca7?s=96&d=mm&r=pg\",\"contentUrl\":\"https:\/\/secure.gravatar.com\/avatar\/a04fd330bfe3a36a72a0ad4a6d89fca7?s=96&d=mm&r=pg\",\"caption\":\"bosniak\"},\"url\":\"https:\/\/sandzakpress.net\/arhiva\/author\/bosniak\/\"}]}<\/script>\n<!-- \/ Yoast SEO Premium plugin. -->","yoast_head_json":{"title":"Kritikujem re\u017eim, a ne dr\u017eavu i Srbe","robots":{"index":"index","follow":"follow","max-snippet":"max-snippet:-1","max-image-preview":"max-image-preview:large","max-video-preview":"max-video-preview:-1"},"canonical":"https:\/\/sandzakpress.net\/arhiva\/kritikujem-rezim-a-ne-drzavu-i-srbe\/","og_locale":"bs_BA","og_type":"article","og_title":"Kritikujem re\u017eim, a ne dr\u017eavu i Srbe","og_description":"Nastavlja se agonija odnosa beogradskog re\u017eima prema Sand\u017eaku, Bo\u0161njacima i muslimanima. I dalje nema naznaka da je re\u017eim spreman da se suo\u010di sa \u010dinjenicom da je neophodno prihvatiti Bo\u0161njake kao ravnopravne gra\u0111ane dr\u017eave Srbije, niti da se nagomilani problemi rje\u0161avaju. To se vidi iz medijskih nastupa, davanja medijskog prostora i medijske hajke prema bo\u0161nja\u010dkim vjerskim [&hellip;]","og_url":"https:\/\/sandzakpress.net\/arhiva\/kritikujem-rezim-a-ne-drzavu-i-srbe\/","og_site_name":"Sand\u017eak PRESS","article_published_time":"2011-03-04T14:56:34+00:00","og_image":[{"width":173,"height":260,"url":"https:\/\/sandzakpress.net\/arhiva\/wp-content\/uploads\/2011\/03\/9532_152124971696_69393956696_3143224_347684_n.jpg","type":"image\/jpeg"}],"author":"bosniak","twitter_card":"summary_large_image","twitter_misc":{"Written by":"bosniak","Est. reading time":"5 minuta"},"schema":{"@context":"https:\/\/schema.org","@graph":[{"@type":"Article","@id":"https:\/\/sandzakpress.net\/arhiva\/kritikujem-rezim-a-ne-drzavu-i-srbe\/#article","isPartOf":{"@id":"https:\/\/sandzakpress.net\/arhiva\/kritikujem-rezim-a-ne-drzavu-i-srbe\/"},"author":{"name":"bosniak","@id":"https:\/\/sandzakpress.net\/arhiva\/#\/schema\/person\/c8baee722073534b583ea7bdb2e36c02"},"headline":"Kritikujem re\u017eim, a ne dr\u017eavu i Srbe","datePublished":"2011-03-04T14:56:34+00:00","mainEntityOfPage":{"@id":"https:\/\/sandzakpress.net\/arhiva\/kritikujem-rezim-a-ne-drzavu-i-srbe\/"},"wordCount":1108,"commentCount":14,"publisher":{"@id":"https:\/\/sandzakpress.net\/arhiva\/#\/schema\/person\/6e72b67d6e51910a1117b3b483ba20bd"},"image":{"@id":"https:\/\/sandzakpress.net\/arhiva\/kritikujem-rezim-a-ne-drzavu-i-srbe\/#primaryimage"},"thumbnailUrl":"https:\/\/sandzakpress.net\/arhiva\/wp-content\/uploads\/2011\/03\/9532_152124971696_69393956696_3143224_347684_n.jpg","articleSection":["Novi Pazar","Sjenica","Tutin","Prijepolje","Priboj","Nova Varo\u0161"],"inLanguage":"bs-BA","potentialAction":[{"@type":"CommentAction","name":"Comment","target":["https:\/\/sandzakpress.net\/arhiva\/kritikujem-rezim-a-ne-drzavu-i-srbe\/#respond"]}]},{"@type":"WebPage","@id":"https:\/\/sandzakpress.net\/arhiva\/kritikujem-rezim-a-ne-drzavu-i-srbe\/","url":"https:\/\/sandzakpress.net\/arhiva\/kritikujem-rezim-a-ne-drzavu-i-srbe\/","name":"Kritikujem re\u017eim, a ne dr\u017eavu i Srbe","isPartOf":{"@id":"https:\/\/sandzakpress.net\/arhiva\/#website"},"primaryImageOfPage":{"@id":"https:\/\/sandzakpress.net\/arhiva\/kritikujem-rezim-a-ne-drzavu-i-srbe\/#primaryimage"},"image":{"@id":"https:\/\/sandzakpress.net\/arhiva\/kritikujem-rezim-a-ne-drzavu-i-srbe\/#primaryimage"},"thumbnailUrl":"https:\/\/sandzakpress.net\/arhiva\/wp-content\/uploads\/2011\/03\/9532_152124971696_69393956696_3143224_347684_n.jpg","datePublished":"2011-03-04T14:56:34+00:00","breadcrumb":{"@id":"https:\/\/sandzakpress.net\/arhiva\/kritikujem-rezim-a-ne-drzavu-i-srbe\/#breadcrumb"},"inLanguage":"bs-BA","potentialAction":[{"@type":"ReadAction","target":["https:\/\/sandzakpress.net\/arhiva\/kritikujem-rezim-a-ne-drzavu-i-srbe\/"]}]},{"@type":"ImageObject","inLanguage":"bs-BA","@id":"https:\/\/sandzakpress.net\/arhiva\/kritikujem-rezim-a-ne-drzavu-i-srbe\/#primaryimage","url":"https:\/\/sandzakpress.net\/arhiva\/wp-content\/uploads\/2011\/03\/9532_152124971696_69393956696_3143224_347684_n.jpg","contentUrl":"https:\/\/sandzakpress.net\/arhiva\/wp-content\/uploads\/2011\/03\/9532_152124971696_69393956696_3143224_347684_n.jpg","width":173,"height":260},{"@type":"BreadcrumbList","@id":"https:\/\/sandzakpress.net\/arhiva\/kritikujem-rezim-a-ne-drzavu-i-srbe\/#breadcrumb","itemListElement":[{"@type":"ListItem","position":1,"name":"Home","item":"https:\/\/sandzakpress.net\/arhiva\/"},{"@type":"ListItem","position":2,"name":"Kritikujem re\u017eim, a ne dr\u017eavu i Srbe"}]},{"@type":"WebSite","@id":"https:\/\/sandzakpress.net\/arhiva\/#website","url":"https:\/\/sandzakpress.net\/arhiva\/","name":"Sand\u017eak PRESS","description":"Prve elektronske novine u Sand\u017eaku","publisher":{"@id":"https:\/\/sandzakpress.net\/arhiva\/#\/schema\/person\/6e72b67d6e51910a1117b3b483ba20bd"},"potentialAction":[{"@type":"SearchAction","target":{"@type":"EntryPoint","urlTemplate":"https:\/\/sandzakpress.net\/arhiva\/?s={search_term_string}"},"query-input":{"@type":"PropertyValueSpecification","valueRequired":true,"valueName":"search_term_string"}}],"inLanguage":"bs-BA"},{"@type":["Person","Organization"],"@id":"https:\/\/sandzakpress.net\/arhiva\/#\/schema\/person\/6e72b67d6e51910a1117b3b483ba20bd","name":"Kul","image":{"@type":"ImageObject","inLanguage":"bs-BA","@id":"https:\/\/sandzakpress.net\/arhiva\/#\/schema\/person\/image\/","url":"https:\/\/secure.gravatar.com\/avatar\/42263f39aa27ac04c43cab85c280eb2e?s=96&d=mm&r=pg","contentUrl":"https:\/\/secure.gravatar.com\/avatar\/42263f39aa27ac04c43cab85c280eb2e?s=96&d=mm&r=pg","caption":"Kul"},"logo":{"@id":"https:\/\/sandzakpress.net\/arhiva\/#\/schema\/person\/image\/"}},{"@type":"Person","@id":"https:\/\/sandzakpress.net\/arhiva\/#\/schema\/person\/c8baee722073534b583ea7bdb2e36c02","name":"bosniak","image":{"@type":"ImageObject","inLanguage":"bs-BA","@id":"https:\/\/sandzakpress.net\/arhiva\/#\/schema\/person\/image\/","url":"https:\/\/secure.gravatar.com\/avatar\/a04fd330bfe3a36a72a0ad4a6d89fca7?s=96&d=mm&r=pg","contentUrl":"https:\/\/secure.gravatar.com\/avatar\/a04fd330bfe3a36a72a0ad4a6d89fca7?s=96&d=mm&r=pg","caption":"bosniak"},"url":"https:\/\/sandzakpress.net\/arhiva\/author\/bosniak\/"}]}},"_links":{"self":[{"href":"https:\/\/sandzakpress.net\/arhiva\/wp-json\/wp\/v2\/posts\/13438"}],"collection":[{"href":"https:\/\/sandzakpress.net\/arhiva\/wp-json\/wp\/v2\/posts"}],"about":[{"href":"https:\/\/sandzakpress.net\/arhiva\/wp-json\/wp\/v2\/types\/post"}],"author":[{"embeddable":true,"href":"https:\/\/sandzakpress.net\/arhiva\/wp-json\/wp\/v2\/users\/83"}],"replies":[{"embeddable":true,"href":"https:\/\/sandzakpress.net\/arhiva\/wp-json\/wp\/v2\/comments?post=13438"}],"version-history":[{"count":0,"href":"https:\/\/sandzakpress.net\/arhiva\/wp-json\/wp\/v2\/posts\/13438\/revisions"}],"wp:featuredmedia":[{"embeddable":true,"href":"https:\/\/sandzakpress.net\/arhiva\/wp-json\/wp\/v2\/media\/13439"}],"wp:attachment":[{"href":"https:\/\/sandzakpress.net\/arhiva\/wp-json\/wp\/v2\/media?parent=13438"}],"wp:term":[{"taxonomy":"category","embeddable":true,"href":"https:\/\/sandzakpress.net\/arhiva\/wp-json\/wp\/v2\/categories?post=13438"},{"taxonomy":"post_tag","embeddable":true,"href":"https:\/\/sandzakpress.net\/arhiva\/wp-json\/wp\/v2\/tags?post=13438"}],"curies":[{"name":"wp","href":"https:\/\/api.w.org\/{rel}","templated":true}]}}