{"id":134349,"date":"2015-08-21T21:42:52","date_gmt":"2015-08-21T19:42:52","guid":{"rendered":"https:\/\/sandzakpress.net\/arhiva\/nase-komsije-srbi-i-hrvati-jedva-cekaju-bilo-kakav-povod-da-udare-na-nas-bosnjake-2"},"modified":"2015-08-21T21:42:52","modified_gmt":"2015-08-21T19:42:52","slug":"nase-komsije-srbi-i-hrvati-jedva-cekaju-bilo-kakav-povod-da-udare-na-nas-bosnjake-2","status":"publish","type":"post","link":"https:\/\/sandzakpress.net\/arhiva\/nase-komsije-srbi-i-hrvati-jedva-cekaju-bilo-kakav-povod-da-udare-na-nas-bosnjake-2\/","title":{"rendered":"Na\u0161e kom\u0161ije Srbi i Hrvati jedva \u010dekaju bilo kakav povod da udare na nas Bo\u0161njake"},"content":{"rendered":"<p><img loading=\"lazy\" decoding=\"async\" class=\"\" src=\"http:\/\/saff.ba\/wp-content\/uploads\/2015\/08\/Screenshot_99.jpg\" alt=\"Na\u0161e kom\u0161ije Srbi i Hrvati jedva \u010dekaju bilo kakav povod da udare na nas Bo\u0161njake\" width=\"600\" height=\"429\" \/><\/p>\n<p><strong>Bih, HR, Srbija \u2013 Hrvatska i Srbija kontinuirano vode neprijateljsku politiku protiv Bo\u0161njaka i Bosne i Hercegovine. Spomenute zemlje stvaraju atmosferu u kojoj na\u0161e kom\u0161ije, Srbi i Hrvati, jedva \u010dekaju da iskoriste bilo koju priliku da napadnu Bo\u0161njake i islam.<\/strong><\/p>\n<p>Najnoviji primjer takve prakse na\u0161ih kom\u0161ija je tekst koji je danas objavljen u zagreba\u010dkom Ve\u010dernjem listu i banjalu\u010dkim Nezavisnim novinama (naravno, i drugi hrvatski i srpski mediji su preuzeli isti tekst), a koji je naslovljen \u201cZastava islamskih terorista u centru Tuzle\u201d. U nastavku kipti mr\u017enja prema islamu i muslimanima.<\/p>\n<p>\u201cKrenuo sam u Sarajevo i zaprepastio sam se kada sam vidio crnu zastavu, nalik IDI\u0160-ovoj, dok sam prolazio kroz Tuzlu. Iskreno, nakon \u0161to sam to vidio, strah me je bilo dalje putovati i samo sam \u010dekao da do\u0111em do Sarajeva, kazao je za Ve\u010dernji list \u010ditatelj koji je iz Hrvatske krenuo na put prema Sarajevu i \u0161okirao se vidjev\u0161i zastavu koja posljednjih dana ledi krv u \u017eilama. \u010covjek je iz automobila fotografirao prizor i poslao fotografiju na mailom Ve\u010dernjem listu. Re\u010deno nam je da ona pripada islamskim teroristima\u201d, pi\u0161e Ve\u010dernji list.<\/p>\n<p>Ovo je jo\u0161 jedan poku\u0161aj da se muslimani u BiH optu\u017ee za terorizam, jer je neki Hrvat ili Srbin u prolazu uslikao zastavu na kojoj pi\u0161e \u201cLa ilaha illallah Muhammedu rresulullah\u201d (Nema Boga osim Allaha i Muhamed je Allahov poslanik).<\/p>\n<p>Na\u017ealost, pojedini Bo\u0161njaci na dru\u0161tvenim mre\u017eama pristaju na ovu podvalu hrvatskih i srpskih medija pa se pravdaju kako on nisu krivi za tu zastavu, kako ju je mo\u017eda neko namjerno postavio da bi napakostio Bo\u0161njacima. Ne shvataju jadnici da na\u0161e kom\u0161ije Srbi i Hrvati jedva \u010dekaju bilo kakav povod da udare na nas Bo\u0161njake. Danas je to zastava, sutra \u0107e biti na\u010din sjedenja, \u010de\u0161ljanja, bilo \u0161ta.<\/p>\n<p>Zastava na kojoj pi\u0161e \u201cLa ilaha illallah Muhammedu rresulullah\u201d je legitimni simbol islama i muslimana, ona \u0107e to uvijek biti. Dok je Bo\u0161njaka bi\u0107e i zastave sa \u0161ehadetom.<\/p>\n<p>(saff.ba)<\/p>\n<p>Pogledajte vijest na izvornom sajtu:<\/p>\n<p><a href=\"http:\/\/bosnapress.net\/nase-komsije-srbi-i-hrvati-jedva-cekaju-bilo-kakav-povod-da-udare-na-nas-bosnjake\/\" target=\"_blank\">Na\u0161e kom\u0161ije Srbi i Hrvati jedva \u010dekaju bilo kakav povod da udare na nas Bo\u0161njake<\/a><\/p>\n","protected":false},"excerpt":{"rendered":"<p>Bih, HR, Srbija \u2013 Hrvatska i Srbija kontinuirano vode neprijateljsku politiku protiv Bo\u0161njaka i Bosne i Hercegovine. Spomenute zemlje stvaraju atmosferu u kojoj na\u0161e kom\u0161ije, Srbi i Hrvati, jedva \u010dekaju da iskoriste bilo koju priliku da napadnu Bo\u0161njake i islam. Najnoviji primjer takve prakse na\u0161ih kom\u0161ija je tekst koji je danas objavljen u zagreba\u010dkom Ve\u010dernjem [&hellip;]<\/p>\n","protected":false},"author":83,"featured_media":134353,"comment_status":"open","ping_status":"open","sticky":false,"template":"","format":"standard","meta":{"footnotes":""},"categories":[10513],"tags":[10466],"class_list":{"0":"post-134349","1":"post","2":"type-post","3":"status-publish","4":"format-standard","5":"has-post-thumbnail","7":"category-bosna-press","8":"tag-bosna-i-hercegovina"},"yoast_head":"<!-- This site is optimized with the Yoast SEO Premium plugin v23.1 (Yoast SEO v24.9) - https:\/\/yoast.com\/wordpress\/plugins\/seo\/ -->\n<title>Na\u0161e kom\u0161ije Srbi i Hrvati jedva \u010dekaju bilo kakav povod da udare na nas Bo\u0161njake<\/title>\n<meta name=\"robots\" content=\"index, follow, max-snippet:-1, max-image-preview:large, max-video-preview:-1\" \/>\n<link rel=\"canonical\" href=\"https:\/\/sandzakpress.net\/arhiva\/nase-komsije-srbi-i-hrvati-jedva-cekaju-bilo-kakav-povod-da-udare-na-nas-bosnjake-2\/\" \/>\n<meta property=\"og:locale\" content=\"bs_BA\" \/>\n<meta property=\"og:type\" content=\"article\" \/>\n<meta property=\"og:title\" content=\"Na\u0161e kom\u0161ije Srbi i Hrvati jedva \u010dekaju bilo kakav povod da udare na nas Bo\u0161njake\" \/>\n<meta property=\"og:description\" content=\"Bih, HR, Srbija \u2013 Hrvatska i Srbija kontinuirano vode neprijateljsku politiku protiv Bo\u0161njaka i Bosne i Hercegovine. Spomenute zemlje stvaraju atmosferu u kojoj na\u0161e kom\u0161ije, Srbi i Hrvati, jedva \u010dekaju da iskoriste bilo koju priliku da napadnu Bo\u0161njake i islam. Najnoviji primjer takve prakse na\u0161ih kom\u0161ija je tekst koji je danas objavljen u zagreba\u010dkom Ve\u010dernjem [&hellip;]\" \/>\n<meta property=\"og:url\" content=\"https:\/\/sandzakpress.net\/arhiva\/nase-komsije-srbi-i-hrvati-jedva-cekaju-bilo-kakav-povod-da-udare-na-nas-bosnjake-2\/\" \/>\n<meta property=\"og:site_name\" content=\"Sand\u017eak PRESS\" \/>\n<meta property=\"article:published_time\" content=\"2015-08-21T19:42:52+00:00\" \/>\n<meta property=\"og:image\" content=\"https:\/\/sandzakpress.net\/arhiva\/wp-content\/uploads\/2015\/08\/Screenshot_993.jpg\" \/>\n\t<meta property=\"og:image:width\" content=\"632\" \/>\n\t<meta property=\"og:image:height\" content=\"452\" \/>\n\t<meta property=\"og:image:type\" content=\"image\/jpeg\" \/>\n<meta name=\"author\" content=\"bosniak\" \/>\n<meta name=\"twitter:card\" content=\"summary_large_image\" \/>\n<meta name=\"twitter:label1\" content=\"Written by\" \/>\n\t<meta name=\"twitter:data1\" content=\"bosniak\" \/>\n\t<meta name=\"twitter:label2\" content=\"Est. reading time\" \/>\n\t<meta name=\"twitter:data2\" content=\"2 minute\" \/>\n<script type=\"application\/ld+json\" class=\"yoast-schema-graph\">{\"@context\":\"https:\/\/schema.org\",\"@graph\":[{\"@type\":\"Article\",\"@id\":\"https:\/\/sandzakpress.net\/arhiva\/nase-komsije-srbi-i-hrvati-jedva-cekaju-bilo-kakav-povod-da-udare-na-nas-bosnjake-2\/#article\",\"isPartOf\":{\"@id\":\"https:\/\/sandzakpress.net\/arhiva\/nase-komsije-srbi-i-hrvati-jedva-cekaju-bilo-kakav-povod-da-udare-na-nas-bosnjake-2\/\"},\"author\":{\"name\":\"bosniak\",\"@id\":\"https:\/\/sandzakpress.net\/arhiva\/#\/schema\/person\/c8baee722073534b583ea7bdb2e36c02\"},\"headline\":\"Na\u0161e kom\u0161ije Srbi i Hrvati jedva \u010dekaju bilo kakav povod da udare na nas Bo\u0161njake\",\"datePublished\":\"2015-08-21T19:42:52+00:00\",\"mainEntityOfPage\":{\"@id\":\"https:\/\/sandzakpress.net\/arhiva\/nase-komsije-srbi-i-hrvati-jedva-cekaju-bilo-kakav-povod-da-udare-na-nas-bosnjake-2\/\"},\"wordCount\":391,\"commentCount\":3,\"publisher\":{\"@id\":\"https:\/\/sandzakpress.net\/arhiva\/#\/schema\/person\/6e72b67d6e51910a1117b3b483ba20bd\"},\"image\":{\"@id\":\"https:\/\/sandzakpress.net\/arhiva\/nase-komsije-srbi-i-hrvati-jedva-cekaju-bilo-kakav-povod-da-udare-na-nas-bosnjake-2\/#primaryimage\"},\"thumbnailUrl\":\"https:\/\/sandzakpress.net\/arhiva\/wp-content\/uploads\/2015\/08\/Screenshot_993.jpg\",\"keywords\":[\"Bosna i Hercegovina\"],\"articleSection\":[\"Bosna PRESS\"],\"inLanguage\":\"bs-BA\",\"potentialAction\":[{\"@type\":\"CommentAction\",\"name\":\"Comment\",\"target\":[\"https:\/\/sandzakpress.net\/arhiva\/nase-komsije-srbi-i-hrvati-jedva-cekaju-bilo-kakav-povod-da-udare-na-nas-bosnjake-2\/#respond\"]}]},{\"@type\":\"WebPage\",\"@id\":\"https:\/\/sandzakpress.net\/arhiva\/nase-komsije-srbi-i-hrvati-jedva-cekaju-bilo-kakav-povod-da-udare-na-nas-bosnjake-2\/\",\"url\":\"https:\/\/sandzakpress.net\/arhiva\/nase-komsije-srbi-i-hrvati-jedva-cekaju-bilo-kakav-povod-da-udare-na-nas-bosnjake-2\/\",\"name\":\"Na\u0161e kom\u0161ije Srbi i Hrvati jedva \u010dekaju bilo kakav povod da udare na nas Bo\u0161njake\",\"isPartOf\":{\"@id\":\"https:\/\/sandzakpress.net\/arhiva\/#website\"},\"primaryImageOfPage\":{\"@id\":\"https:\/\/sandzakpress.net\/arhiva\/nase-komsije-srbi-i-hrvati-jedva-cekaju-bilo-kakav-povod-da-udare-na-nas-bosnjake-2\/#primaryimage\"},\"image\":{\"@id\":\"https:\/\/sandzakpress.net\/arhiva\/nase-komsije-srbi-i-hrvati-jedva-cekaju-bilo-kakav-povod-da-udare-na-nas-bosnjake-2\/#primaryimage\"},\"thumbnailUrl\":\"https:\/\/sandzakpress.net\/arhiva\/wp-content\/uploads\/2015\/08\/Screenshot_993.jpg\",\"datePublished\":\"2015-08-21T19:42:52+00:00\",\"breadcrumb\":{\"@id\":\"https:\/\/sandzakpress.net\/arhiva\/nase-komsije-srbi-i-hrvati-jedva-cekaju-bilo-kakav-povod-da-udare-na-nas-bosnjake-2\/#breadcrumb\"},\"inLanguage\":\"bs-BA\",\"potentialAction\":[{\"@type\":\"ReadAction\",\"target\":[\"https:\/\/sandzakpress.net\/arhiva\/nase-komsije-srbi-i-hrvati-jedva-cekaju-bilo-kakav-povod-da-udare-na-nas-bosnjake-2\/\"]}]},{\"@type\":\"ImageObject\",\"inLanguage\":\"bs-BA\",\"@id\":\"https:\/\/sandzakpress.net\/arhiva\/nase-komsije-srbi-i-hrvati-jedva-cekaju-bilo-kakav-povod-da-udare-na-nas-bosnjake-2\/#primaryimage\",\"url\":\"https:\/\/sandzakpress.net\/arhiva\/wp-content\/uploads\/2015\/08\/Screenshot_993.jpg\",\"contentUrl\":\"https:\/\/sandzakpress.net\/arhiva\/wp-content\/uploads\/2015\/08\/Screenshot_993.jpg\",\"width\":632,\"height\":452},{\"@type\":\"BreadcrumbList\",\"@id\":\"https:\/\/sandzakpress.net\/arhiva\/nase-komsije-srbi-i-hrvati-jedva-cekaju-bilo-kakav-povod-da-udare-na-nas-bosnjake-2\/#breadcrumb\",\"itemListElement\":[{\"@type\":\"ListItem\",\"position\":1,\"name\":\"Home\",\"item\":\"https:\/\/sandzakpress.net\/arhiva\/\"},{\"@type\":\"ListItem\",\"position\":2,\"name\":\"Na\u0161e kom\u0161ije Srbi i Hrvati jedva \u010dekaju bilo kakav povod da udare na nas Bo\u0161njake\"}]},{\"@type\":\"WebSite\",\"@id\":\"https:\/\/sandzakpress.net\/arhiva\/#website\",\"url\":\"https:\/\/sandzakpress.net\/arhiva\/\",\"name\":\"Sand\u017eak PRESS\",\"description\":\"Prve elektronske novine u Sand\u017eaku\",\"publisher\":{\"@id\":\"https:\/\/sandzakpress.net\/arhiva\/#\/schema\/person\/6e72b67d6e51910a1117b3b483ba20bd\"},\"potentialAction\":[{\"@type\":\"SearchAction\",\"target\":{\"@type\":\"EntryPoint\",\"urlTemplate\":\"https:\/\/sandzakpress.net\/arhiva\/?s={search_term_string}\"},\"query-input\":{\"@type\":\"PropertyValueSpecification\",\"valueRequired\":true,\"valueName\":\"search_term_string\"}}],\"inLanguage\":\"bs-BA\"},{\"@type\":[\"Person\",\"Organization\"],\"@id\":\"https:\/\/sandzakpress.net\/arhiva\/#\/schema\/person\/6e72b67d6e51910a1117b3b483ba20bd\",\"name\":\"Kul\",\"image\":{\"@type\":\"ImageObject\",\"inLanguage\":\"bs-BA\",\"@id\":\"https:\/\/sandzakpress.net\/arhiva\/#\/schema\/person\/image\/\",\"url\":\"https:\/\/secure.gravatar.com\/avatar\/42263f39aa27ac04c43cab85c280eb2e?s=96&d=mm&r=pg\",\"contentUrl\":\"https:\/\/secure.gravatar.com\/avatar\/42263f39aa27ac04c43cab85c280eb2e?s=96&d=mm&r=pg\",\"caption\":\"Kul\"},\"logo\":{\"@id\":\"https:\/\/sandzakpress.net\/arhiva\/#\/schema\/person\/image\/\"}},{\"@type\":\"Person\",\"@id\":\"https:\/\/sandzakpress.net\/arhiva\/#\/schema\/person\/c8baee722073534b583ea7bdb2e36c02\",\"name\":\"bosniak\",\"image\":{\"@type\":\"ImageObject\",\"inLanguage\":\"bs-BA\",\"@id\":\"https:\/\/sandzakpress.net\/arhiva\/#\/schema\/person\/image\/\",\"url\":\"https:\/\/secure.gravatar.com\/avatar\/a04fd330bfe3a36a72a0ad4a6d89fca7?s=96&d=mm&r=pg\",\"contentUrl\":\"https:\/\/secure.gravatar.com\/avatar\/a04fd330bfe3a36a72a0ad4a6d89fca7?s=96&d=mm&r=pg\",\"caption\":\"bosniak\"},\"url\":\"https:\/\/sandzakpress.net\/arhiva\/author\/bosniak\/\"}]}<\/script>\n<!-- \/ Yoast SEO Premium plugin. -->","yoast_head_json":{"title":"Na\u0161e kom\u0161ije Srbi i Hrvati jedva \u010dekaju bilo kakav povod da udare na nas Bo\u0161njake","robots":{"index":"index","follow":"follow","max-snippet":"max-snippet:-1","max-image-preview":"max-image-preview:large","max-video-preview":"max-video-preview:-1"},"canonical":"https:\/\/sandzakpress.net\/arhiva\/nase-komsije-srbi-i-hrvati-jedva-cekaju-bilo-kakav-povod-da-udare-na-nas-bosnjake-2\/","og_locale":"bs_BA","og_type":"article","og_title":"Na\u0161e kom\u0161ije Srbi i Hrvati jedva \u010dekaju bilo kakav povod da udare na nas Bo\u0161njake","og_description":"Bih, HR, Srbija \u2013 Hrvatska i Srbija kontinuirano vode neprijateljsku politiku protiv Bo\u0161njaka i Bosne i Hercegovine. Spomenute zemlje stvaraju atmosferu u kojoj na\u0161e kom\u0161ije, Srbi i Hrvati, jedva \u010dekaju da iskoriste bilo koju priliku da napadnu Bo\u0161njake i islam. Najnoviji primjer takve prakse na\u0161ih kom\u0161ija je tekst koji je danas objavljen u zagreba\u010dkom Ve\u010dernjem [&hellip;]","og_url":"https:\/\/sandzakpress.net\/arhiva\/nase-komsije-srbi-i-hrvati-jedva-cekaju-bilo-kakav-povod-da-udare-na-nas-bosnjake-2\/","og_site_name":"Sand\u017eak PRESS","article_published_time":"2015-08-21T19:42:52+00:00","og_image":[{"width":632,"height":452,"url":"https:\/\/sandzakpress.net\/arhiva\/wp-content\/uploads\/2015\/08\/Screenshot_993.jpg","type":"image\/jpeg"}],"author":"bosniak","twitter_card":"summary_large_image","twitter_misc":{"Written by":"bosniak","Est. reading time":"2 minute"},"schema":{"@context":"https:\/\/schema.org","@graph":[{"@type":"Article","@id":"https:\/\/sandzakpress.net\/arhiva\/nase-komsije-srbi-i-hrvati-jedva-cekaju-bilo-kakav-povod-da-udare-na-nas-bosnjake-2\/#article","isPartOf":{"@id":"https:\/\/sandzakpress.net\/arhiva\/nase-komsije-srbi-i-hrvati-jedva-cekaju-bilo-kakav-povod-da-udare-na-nas-bosnjake-2\/"},"author":{"name":"bosniak","@id":"https:\/\/sandzakpress.net\/arhiva\/#\/schema\/person\/c8baee722073534b583ea7bdb2e36c02"},"headline":"Na\u0161e kom\u0161ije Srbi i Hrvati jedva \u010dekaju bilo kakav povod da udare na nas Bo\u0161njake","datePublished":"2015-08-21T19:42:52+00:00","mainEntityOfPage":{"@id":"https:\/\/sandzakpress.net\/arhiva\/nase-komsije-srbi-i-hrvati-jedva-cekaju-bilo-kakav-povod-da-udare-na-nas-bosnjake-2\/"},"wordCount":391,"commentCount":3,"publisher":{"@id":"https:\/\/sandzakpress.net\/arhiva\/#\/schema\/person\/6e72b67d6e51910a1117b3b483ba20bd"},"image":{"@id":"https:\/\/sandzakpress.net\/arhiva\/nase-komsije-srbi-i-hrvati-jedva-cekaju-bilo-kakav-povod-da-udare-na-nas-bosnjake-2\/#primaryimage"},"thumbnailUrl":"https:\/\/sandzakpress.net\/arhiva\/wp-content\/uploads\/2015\/08\/Screenshot_993.jpg","keywords":["Bosna i Hercegovina"],"articleSection":["Bosna PRESS"],"inLanguage":"bs-BA","potentialAction":[{"@type":"CommentAction","name":"Comment","target":["https:\/\/sandzakpress.net\/arhiva\/nase-komsije-srbi-i-hrvati-jedva-cekaju-bilo-kakav-povod-da-udare-na-nas-bosnjake-2\/#respond"]}]},{"@type":"WebPage","@id":"https:\/\/sandzakpress.net\/arhiva\/nase-komsije-srbi-i-hrvati-jedva-cekaju-bilo-kakav-povod-da-udare-na-nas-bosnjake-2\/","url":"https:\/\/sandzakpress.net\/arhiva\/nase-komsije-srbi-i-hrvati-jedva-cekaju-bilo-kakav-povod-da-udare-na-nas-bosnjake-2\/","name":"Na\u0161e kom\u0161ije Srbi i Hrvati jedva \u010dekaju bilo kakav povod da udare na nas Bo\u0161njake","isPartOf":{"@id":"https:\/\/sandzakpress.net\/arhiva\/#website"},"primaryImageOfPage":{"@id":"https:\/\/sandzakpress.net\/arhiva\/nase-komsije-srbi-i-hrvati-jedva-cekaju-bilo-kakav-povod-da-udare-na-nas-bosnjake-2\/#primaryimage"},"image":{"@id":"https:\/\/sandzakpress.net\/arhiva\/nase-komsije-srbi-i-hrvati-jedva-cekaju-bilo-kakav-povod-da-udare-na-nas-bosnjake-2\/#primaryimage"},"thumbnailUrl":"https:\/\/sandzakpress.net\/arhiva\/wp-content\/uploads\/2015\/08\/Screenshot_993.jpg","datePublished":"2015-08-21T19:42:52+00:00","breadcrumb":{"@id":"https:\/\/sandzakpress.net\/arhiva\/nase-komsije-srbi-i-hrvati-jedva-cekaju-bilo-kakav-povod-da-udare-na-nas-bosnjake-2\/#breadcrumb"},"inLanguage":"bs-BA","potentialAction":[{"@type":"ReadAction","target":["https:\/\/sandzakpress.net\/arhiva\/nase-komsije-srbi-i-hrvati-jedva-cekaju-bilo-kakav-povod-da-udare-na-nas-bosnjake-2\/"]}]},{"@type":"ImageObject","inLanguage":"bs-BA","@id":"https:\/\/sandzakpress.net\/arhiva\/nase-komsije-srbi-i-hrvati-jedva-cekaju-bilo-kakav-povod-da-udare-na-nas-bosnjake-2\/#primaryimage","url":"https:\/\/sandzakpress.net\/arhiva\/wp-content\/uploads\/2015\/08\/Screenshot_993.jpg","contentUrl":"https:\/\/sandzakpress.net\/arhiva\/wp-content\/uploads\/2015\/08\/Screenshot_993.jpg","width":632,"height":452},{"@type":"BreadcrumbList","@id":"https:\/\/sandzakpress.net\/arhiva\/nase-komsije-srbi-i-hrvati-jedva-cekaju-bilo-kakav-povod-da-udare-na-nas-bosnjake-2\/#breadcrumb","itemListElement":[{"@type":"ListItem","position":1,"name":"Home","item":"https:\/\/sandzakpress.net\/arhiva\/"},{"@type":"ListItem","position":2,"name":"Na\u0161e kom\u0161ije Srbi i Hrvati jedva \u010dekaju bilo kakav povod da udare na nas Bo\u0161njake"}]},{"@type":"WebSite","@id":"https:\/\/sandzakpress.net\/arhiva\/#website","url":"https:\/\/sandzakpress.net\/arhiva\/","name":"Sand\u017eak PRESS","description":"Prve elektronske novine u Sand\u017eaku","publisher":{"@id":"https:\/\/sandzakpress.net\/arhiva\/#\/schema\/person\/6e72b67d6e51910a1117b3b483ba20bd"},"potentialAction":[{"@type":"SearchAction","target":{"@type":"EntryPoint","urlTemplate":"https:\/\/sandzakpress.net\/arhiva\/?s={search_term_string}"},"query-input":{"@type":"PropertyValueSpecification","valueRequired":true,"valueName":"search_term_string"}}],"inLanguage":"bs-BA"},{"@type":["Person","Organization"],"@id":"https:\/\/sandzakpress.net\/arhiva\/#\/schema\/person\/6e72b67d6e51910a1117b3b483ba20bd","name":"Kul","image":{"@type":"ImageObject","inLanguage":"bs-BA","@id":"https:\/\/sandzakpress.net\/arhiva\/#\/schema\/person\/image\/","url":"https:\/\/secure.gravatar.com\/avatar\/42263f39aa27ac04c43cab85c280eb2e?s=96&d=mm&r=pg","contentUrl":"https:\/\/secure.gravatar.com\/avatar\/42263f39aa27ac04c43cab85c280eb2e?s=96&d=mm&r=pg","caption":"Kul"},"logo":{"@id":"https:\/\/sandzakpress.net\/arhiva\/#\/schema\/person\/image\/"}},{"@type":"Person","@id":"https:\/\/sandzakpress.net\/arhiva\/#\/schema\/person\/c8baee722073534b583ea7bdb2e36c02","name":"bosniak","image":{"@type":"ImageObject","inLanguage":"bs-BA","@id":"https:\/\/sandzakpress.net\/arhiva\/#\/schema\/person\/image\/","url":"https:\/\/secure.gravatar.com\/avatar\/a04fd330bfe3a36a72a0ad4a6d89fca7?s=96&d=mm&r=pg","contentUrl":"https:\/\/secure.gravatar.com\/avatar\/a04fd330bfe3a36a72a0ad4a6d89fca7?s=96&d=mm&r=pg","caption":"bosniak"},"url":"https:\/\/sandzakpress.net\/arhiva\/author\/bosniak\/"}]}},"_links":{"self":[{"href":"https:\/\/sandzakpress.net\/arhiva\/wp-json\/wp\/v2\/posts\/134349"}],"collection":[{"href":"https:\/\/sandzakpress.net\/arhiva\/wp-json\/wp\/v2\/posts"}],"about":[{"href":"https:\/\/sandzakpress.net\/arhiva\/wp-json\/wp\/v2\/types\/post"}],"author":[{"embeddable":true,"href":"https:\/\/sandzakpress.net\/arhiva\/wp-json\/wp\/v2\/users\/83"}],"replies":[{"embeddable":true,"href":"https:\/\/sandzakpress.net\/arhiva\/wp-json\/wp\/v2\/comments?post=134349"}],"version-history":[{"count":0,"href":"https:\/\/sandzakpress.net\/arhiva\/wp-json\/wp\/v2\/posts\/134349\/revisions"}],"wp:featuredmedia":[{"embeddable":true,"href":"https:\/\/sandzakpress.net\/arhiva\/wp-json\/wp\/v2\/media\/134353"}],"wp:attachment":[{"href":"https:\/\/sandzakpress.net\/arhiva\/wp-json\/wp\/v2\/media?parent=134349"}],"wp:term":[{"taxonomy":"category","embeddable":true,"href":"https:\/\/sandzakpress.net\/arhiva\/wp-json\/wp\/v2\/categories?post=134349"},{"taxonomy":"post_tag","embeddable":true,"href":"https:\/\/sandzakpress.net\/arhiva\/wp-json\/wp\/v2\/tags?post=134349"}],"curies":[{"name":"wp","href":"https:\/\/api.w.org\/{rel}","templated":true}]}}