{"id":134338,"date":"2015-08-21T15:09:53","date_gmt":"2015-08-21T13:09:53","guid":{"rendered":"https:\/\/sandzakpress.net\/arhiva\/srpska-akademija-nauka-i-umjetnosti-negirala-bosanski-jezik"},"modified":"2015-08-21T23:34:02","modified_gmt":"2015-08-21T21:34:02","slug":"srpska-akademija-nauka-i-umjetnosti-negirala-bosanski-jezik","status":"publish","type":"post","link":"https:\/\/sandzakpress.net\/arhiva\/srpska-akademija-nauka-i-umjetnosti-negirala-bosanski-jezik\/","title":{"rendered":"Srpska akademija nauka i umjetnosti negirala bosanski jezik"},"content":{"rendered":"<p style=\"text-align: justify;\"><strong><a href=\"http:\/\/bosnapress.net\/wp-content\/uploads\/2015\/08\/gramatika.jpg\"><img loading=\"lazy\" decoding=\"async\" class=\"size-full wp-image-143320\" src=\"http:\/\/bosnapress.net\/wp-content\/uploads\/2015\/08\/gramatika.jpg\" alt=\"gramatika\" width=\"590\" height=\"363\" \/><\/a><\/strong><\/p>\n<p style=\"text-align: justify;\"><strong>Sarajevo, Banjaluka, Srbija \u2013\u00a0Odbor za standardizaciju jezika Instituta za srpski jezik Srpske akademije nauka i umjetnosti (SANU) objavio je saop\u0107enje o statusu bosanskog ili bo\u0161nja\u010dkog jezika, koje je potpisao predsjednik odbora dr. Ivan Klajn. Prenosimo klju\u010dne dijelove ovog saop\u0107enja.<\/strong><span id=\"more-143319\"><\/span><\/p>\n<p style=\"text-align: justify;\">Ve\u0107 nekoliko godina novinske stranice pune tekstovi o razli\u010ditim pitanjima vezanim za status tzv. bosanskog jezika, i to ponajvi\u0161e u Srbiji i Republici Srpskoj. Tako \u010ditamo da \u201eBo\u0161njaci ne razumiju srpski jezik\u201d, da je u Novom Pazaru i Prijepolju blokirano na stotine sudskih predmeta zbog nedostatka \u201eprevodilaca na bosanski jezik\u201d sa srpskoga, da je \u201eMinistarstvo pravde Srbije objavilo oglas za postavljanje stalnih sudskih prevodilaca za bosanski jezik\u201d, da je ministar prosvjete obe\u0107ao da \u0107e se na Dr\u017eavnom univerzitetu u Novom Pazaru vr\u0161iti \u201eobuka za bosanski jezik\u201d, da \u0111aci bo\u0161nja\u010dke nacionalnosti u Republici Srpskoj ne\u0107e da prihvate knji\u017eice ni svedo\u010danstva u kojima je jezik nazvan \u201ebo\u0161nja\u010dkim\u201d a ne \u201ebosanskim\u201d itd.<br \/> Dva su pitanja na koje lingvistika mora dati odgovor. Postoji li \u201ebosanski jezik\u201d kao jezik razli\u010dit od \u201esrpskog jezika\u201d? Moraju li Srbi upotrebljavati naziv \u201ebosanski jezik\u201d, na kojem insistiraju Bo\u0161njaci?<\/p>\n<p style=\"text-align: justify;\">Prvo pitanje ti\u010de se pitanja jezi\u010dkog identiteta. Od deset me\u0111unarodnih dokumenata u kojima se spominje status jezika \u2013 uvijek se govori isklju\u010divo o jezi\u010dkim pravima pojedinaca i pripadnika nacionalnih manjina. Nigdje se ne spominju jezi\u010dka prava naroda, niti dr\u017eava, a kamoli da se propisuje pravo naroda da svoj jezik nazove svojim imenom, a ni u jednom od dokumenata ne navodi se eksplicitno kada jedan jezik treba smatrati posebnim jezikom.<\/p>\n<p style=\"text-align: justify;\">O identitetu jednoga jezika, o dovoljnim razlozima za progla\u0161enje nekog idioma za poseban jezik, posredno se govori jedino u Evropskoj povelji o regionalnim ili manjinskim jezicima gdje se ka\u017ee da su regionalni ili manjinski jezici oni jezici koji su tradicionalno u upotrebi na odre\u0111enoj teritoriji jedne dr\u017eave od strane dr\u017eavljana te dr\u017eave koji \u010dine broj\u010dano manju grupu od ostatka stanovni\u0161tva i koji su razli\u010diti od zvani\u010dnog jezika te dr\u017eave, \u0161to ne uklju\u010duje dijalekte zvani\u010dnog jezika te dr\u017eave ili jezike radnika migranata. Zaklju\u010dak je da dva ili vi\u0161e idioma koji se ne razlikuju ne mogu lingvisti\u010dki (nau\u010dno) biti posebni jezici, \u0161to \u0107e re\u0107i da jedan ne mo\u017ee biti ve\u0107inski a drugi manjinski.<\/p>\n<p style=\"text-align: justify;\">U saop\u0107enju se navode jedinstveni stavovi bo\u0161nja\u010dkih lingvista (Alija Isakovi\u0107, Midhat Ri\u0111anovi\u0107, Ibrahim \u010cedi\u0107\u2026) koji unisono tvrde da izme\u0111u bosanskog, hrvatskog i srpskog jezika nema su\u0161tinske razlike. U pitanju je, prema njima, samo pravo naroda da imenuje jezik onako kako ga je tradicionalno imenovao, odnosno, da narod u BiH govori jednim jezikom\u2026<\/p>\n<p style=\"text-align: justify;\">Prema bo\u0161nja\u010dkim lingvistima, razlika izme\u0111u srpskog i tzv. bosanskog jezika je samo u imenu. A Bo\u0161njaci ho\u0107e da jezik kojim govore zovu \u201ebosanski\u201d, nikako \u201ebo\u0161nja\u010dki\u201d. Ako se taj naziv shvati kao izraz \u201esimboli\u010dke\u201d a ne komunikativne funkcije, onda treba podsjetiti da nijedan narod ne mora prihvatiti naziv za jezik koji je u obi\u010daju kod drugog naroda. Ne mogu Slovenci Srbima nametati da jezik kojim govore i Srbi zovu \u201eslovenski\u201d kad ga Srbi zovu \u201eslovena\u010dki\u201d, niti Romi mogu zahtijevati da jezik koji oni zovu \u201eromani\u201d i Srbi tako (a ne \u201eromski\u201d) zovu.<\/p>\n<p style=\"text-align: justify;\">Od naziva \u201ebo\u0161nja\u010dki narod\u201d, koji su Muslimani sami izabrali, mo\u017ee se jedino i isklju\u010divo napraviti naziv bo\u0161nja\u010dki jezik, kao \u0161to je re\u010deno i u prvoj odluci Odbora od 13. februara 1998. godine. To je posebno va\u017eno za Republiku Srpsku, u \u010dijem Ustavu stoji: \u201eSlu\u017ebeni jezici Republike Srpske su: jezik srpskog naroda, jezik hrvatskog naroda i jezik bo\u0161nja\u010dkog naroda\u201d. Naziv bo\u0161nja\u010dki jezik odgovara nazivu bo\u0161nja\u010dki narod, dok bi naziv bosanski jezik odgovarao terminu, nepostoje\u0107eg, bosanskog naroda.<\/p>\n<div class=\"text_holder\" style=\"text-align: justify;\">\n<p>Iz svega proisti\u010du nu\u017eni zaklju\u010dci:<br \/> Da bi dva jezika bili posebni jezici, oni moraju biti razli\u010diti po lingvisti\u010dkim kriterijumima (genetskom, strukturnom i komunikativnom). To nije slu\u010daj sa \u201ebosanskim jezikom\u201d kad se on posmatra u odnosu na srpski jezik, jer i svi bo\u0161nja\u010dki lingvisti tvrde da su bosanski i srpski jezik razli\u010diti samo po imenu, ali da se prema lingvisti\u010dkim kriterijumima radi o istom jeziku. Jasno je da \u201ebosanski jezik\u201d ne mo\u017ee imati ni lingvisti\u010dki ni pravni \u2013 nego samo simboli\u010dki \u2013 status posebnog jezika, pa se na njegove govornike ne mogu primeniti \u201eUstavom i zakonom zagarantovana prava da se sudski i upravni postupak vodi na maternjem jeziku stranke\u201d, jer se postupak na tom jeziku vodi i kad se taj jezik zove npr. srpskim ili hrvatskim.<br \/> Naziv koji za jedan jezik koristi jedan narod ne mora biti naziv jezika kod drugog naroda. Prema tvorbenim pravilima srpskog jezika od \u201esrpski narod\u201d izvodi se ekvivalentan naziv \u201esrpski jezik\u201d, od \u201ehrvatski narod\u201d izvodi se \u201ehrvatski jezik\u201d, a od \u201ebo\u0161nja\u010dki narod mogu\u0107e je jedino izvesti bo\u0161nja\u010dki jezik\u201d, a nikako \u201ebosanski jezik\u201d. U srpskom jeziku jedino je ispravno jezik kojim govore Bo\u0161njaci zvati \u201ebo\u0161nja\u010dkim jezikom\u201d.<\/p>\n<p>Nema nikakvog ni lingvisti\u010dkog ni pravnog osnova proizvoditi nekakve \u201etuma\u010de za bosanski jezik\u201d, niti pak izvoditi posebnu nastavu na \u201ebosanskom\/bo\u0161nja\u010dkom\u201d jeziku, jer svi koji znaju srpski jezik znaju podjednako dobro i \u201ebo\u0161nja\u010dki\u201d, i obratno. Dr\u017eavne institucije Republike Srbije i Republike Srpske moraju toga biti svjesne, i u skladu s tim moraju i djelovati, pi\u0161e u saop\u0107enju Instituta za standardizaciju jezika.<\/p>\n<\/div>\n<div class=\"author\" style=\"text-align: justify;\">(Politika.rs)<\/div>\n<div class=\"author\" style=\"text-align: justify;\">\u00a0<\/div>\n<div class=\"author\" style=\"text-align: justify;\">\u00a0<\/div>\n<p>Pogledajte vijest na izvornom sajtu:<\/p>\n<p><a href=\"http:\/\/bosnapress.net\/srpska-akademija-nauka-i-umjetnosti-negirala-bosanski-jezik-2\/\" target=\"_blank\">Srpska akademija nauka i umjetnosti negirala bosanski jezik<\/a><\/p>\n","protected":false},"excerpt":{"rendered":"<p>Sarajevo, Banjaluka, Srbija \u2013\u00a0Odbor za standardizaciju jezika Instituta za srpski jezik Srpske akademije nauka i umjetnosti (SANU) objavio je saop\u0107enje o statusu bosanskog ili bo\u0161nja\u010dkog jezika, koje je potpisao predsjednik odbora dr. Ivan Klajn. Prenosimo klju\u010dne dijelove ovog saop\u0107enja. Ve\u0107 nekoliko godina novinske stranice pune tekstovi o razli\u010ditim pitanjima vezanim za status tzv. bosanskog jezika, [&hellip;]<\/p>\n","protected":false},"author":83,"featured_media":134340,"comment_status":"open","ping_status":"open","sticky":false,"template":"","format":"standard","meta":{"footnotes":""},"categories":[10513,8957],"tags":[10466],"class_list":{"0":"post-134338","1":"post","2":"type-post","3":"status-publish","4":"format-standard","5":"has-post-thumbnail","7":"category-bosna-press","8":"category-vijesti-dana","9":"tag-bosna-i-hercegovina"},"yoast_head":"<!-- This site is optimized with the Yoast SEO Premium plugin v23.1 (Yoast SEO v24.9) - https:\/\/yoast.com\/wordpress\/plugins\/seo\/ -->\n<title>Srpska akademija nauka i umjetnosti negirala bosanski jezik<\/title>\n<meta name=\"robots\" content=\"index, follow, max-snippet:-1, max-image-preview:large, max-video-preview:-1\" \/>\n<link rel=\"canonical\" href=\"https:\/\/sandzakpress.net\/arhiva\/srpska-akademija-nauka-i-umjetnosti-negirala-bosanski-jezik\/\" \/>\n<meta property=\"og:locale\" content=\"bs_BA\" \/>\n<meta property=\"og:type\" content=\"article\" \/>\n<meta property=\"og:title\" content=\"Srpska akademija nauka i umjetnosti negirala bosanski jezik\" \/>\n<meta property=\"og:description\" content=\"Sarajevo, Banjaluka, Srbija \u2013\u00a0Odbor za standardizaciju jezika Instituta za srpski jezik Srpske akademije nauka i umjetnosti (SANU) objavio je saop\u0107enje o statusu bosanskog ili bo\u0161nja\u010dkog jezika, koje je potpisao predsjednik odbora dr. Ivan Klajn. Prenosimo klju\u010dne dijelove ovog saop\u0107enja. Ve\u0107 nekoliko godina novinske stranice pune tekstovi o razli\u010ditim pitanjima vezanim za status tzv. bosanskog jezika, [&hellip;]\" \/>\n<meta property=\"og:url\" content=\"https:\/\/sandzakpress.net\/arhiva\/srpska-akademija-nauka-i-umjetnosti-negirala-bosanski-jezik\/\" \/>\n<meta property=\"og:site_name\" content=\"Sand\u017eak PRESS\" \/>\n<meta property=\"article:published_time\" content=\"2015-08-21T13:09:53+00:00\" \/>\n<meta property=\"article:modified_time\" content=\"2015-08-21T21:34:02+00:00\" \/>\n<meta property=\"og:image\" content=\"https:\/\/sandzakpress.net\/arhiva\/wp-content\/uploads\/2015\/08\/gramatika1.jpg\" \/>\n\t<meta property=\"og:image:width\" content=\"590\" \/>\n\t<meta property=\"og:image:height\" content=\"363\" \/>\n\t<meta property=\"og:image:type\" content=\"image\/jpeg\" \/>\n<meta name=\"author\" content=\"bosniak\" \/>\n<meta name=\"twitter:card\" content=\"summary_large_image\" \/>\n<meta name=\"twitter:label1\" content=\"Written by\" \/>\n\t<meta name=\"twitter:data1\" content=\"bosniak\" \/>\n\t<meta name=\"twitter:label2\" content=\"Est. reading time\" \/>\n\t<meta name=\"twitter:data2\" content=\"5 minuta\" \/>\n<script type=\"application\/ld+json\" class=\"yoast-schema-graph\">{\"@context\":\"https:\/\/schema.org\",\"@graph\":[{\"@type\":\"Article\",\"@id\":\"https:\/\/sandzakpress.net\/arhiva\/srpska-akademija-nauka-i-umjetnosti-negirala-bosanski-jezik\/#article\",\"isPartOf\":{\"@id\":\"https:\/\/sandzakpress.net\/arhiva\/srpska-akademija-nauka-i-umjetnosti-negirala-bosanski-jezik\/\"},\"author\":{\"name\":\"bosniak\",\"@id\":\"https:\/\/sandzakpress.net\/arhiva\/#\/schema\/person\/c8baee722073534b583ea7bdb2e36c02\"},\"headline\":\"Srpska akademija nauka i umjetnosti negirala bosanski jezik\",\"datePublished\":\"2015-08-21T13:09:53+00:00\",\"dateModified\":\"2015-08-21T21:34:02+00:00\",\"mainEntityOfPage\":{\"@id\":\"https:\/\/sandzakpress.net\/arhiva\/srpska-akademija-nauka-i-umjetnosti-negirala-bosanski-jezik\/\"},\"wordCount\":954,\"commentCount\":106,\"publisher\":{\"@id\":\"https:\/\/sandzakpress.net\/arhiva\/#\/schema\/person\/6e72b67d6e51910a1117b3b483ba20bd\"},\"image\":{\"@id\":\"https:\/\/sandzakpress.net\/arhiva\/srpska-akademija-nauka-i-umjetnosti-negirala-bosanski-jezik\/#primaryimage\"},\"thumbnailUrl\":\"https:\/\/sandzakpress.net\/arhiva\/wp-content\/uploads\/2015\/08\/gramatika1.jpg\",\"keywords\":[\"Bosna i Hercegovina\"],\"articleSection\":[\"Bosna PRESS\",\"VIJESTI DANA\"],\"inLanguage\":\"bs-BA\",\"potentialAction\":[{\"@type\":\"CommentAction\",\"name\":\"Comment\",\"target\":[\"https:\/\/sandzakpress.net\/arhiva\/srpska-akademija-nauka-i-umjetnosti-negirala-bosanski-jezik\/#respond\"]}]},{\"@type\":\"WebPage\",\"@id\":\"https:\/\/sandzakpress.net\/arhiva\/srpska-akademija-nauka-i-umjetnosti-negirala-bosanski-jezik\/\",\"url\":\"https:\/\/sandzakpress.net\/arhiva\/srpska-akademija-nauka-i-umjetnosti-negirala-bosanski-jezik\/\",\"name\":\"Srpska akademija nauka i umjetnosti negirala bosanski jezik\",\"isPartOf\":{\"@id\":\"https:\/\/sandzakpress.net\/arhiva\/#website\"},\"primaryImageOfPage\":{\"@id\":\"https:\/\/sandzakpress.net\/arhiva\/srpska-akademija-nauka-i-umjetnosti-negirala-bosanski-jezik\/#primaryimage\"},\"image\":{\"@id\":\"https:\/\/sandzakpress.net\/arhiva\/srpska-akademija-nauka-i-umjetnosti-negirala-bosanski-jezik\/#primaryimage\"},\"thumbnailUrl\":\"https:\/\/sandzakpress.net\/arhiva\/wp-content\/uploads\/2015\/08\/gramatika1.jpg\",\"datePublished\":\"2015-08-21T13:09:53+00:00\",\"dateModified\":\"2015-08-21T21:34:02+00:00\",\"breadcrumb\":{\"@id\":\"https:\/\/sandzakpress.net\/arhiva\/srpska-akademija-nauka-i-umjetnosti-negirala-bosanski-jezik\/#breadcrumb\"},\"inLanguage\":\"bs-BA\",\"potentialAction\":[{\"@type\":\"ReadAction\",\"target\":[\"https:\/\/sandzakpress.net\/arhiva\/srpska-akademija-nauka-i-umjetnosti-negirala-bosanski-jezik\/\"]}]},{\"@type\":\"ImageObject\",\"inLanguage\":\"bs-BA\",\"@id\":\"https:\/\/sandzakpress.net\/arhiva\/srpska-akademija-nauka-i-umjetnosti-negirala-bosanski-jezik\/#primaryimage\",\"url\":\"https:\/\/sandzakpress.net\/arhiva\/wp-content\/uploads\/2015\/08\/gramatika1.jpg\",\"contentUrl\":\"https:\/\/sandzakpress.net\/arhiva\/wp-content\/uploads\/2015\/08\/gramatika1.jpg\",\"width\":590,\"height\":363},{\"@type\":\"BreadcrumbList\",\"@id\":\"https:\/\/sandzakpress.net\/arhiva\/srpska-akademija-nauka-i-umjetnosti-negirala-bosanski-jezik\/#breadcrumb\",\"itemListElement\":[{\"@type\":\"ListItem\",\"position\":1,\"name\":\"Home\",\"item\":\"https:\/\/sandzakpress.net\/arhiva\/\"},{\"@type\":\"ListItem\",\"position\":2,\"name\":\"Srpska akademija nauka i umjetnosti negirala bosanski jezik\"}]},{\"@type\":\"WebSite\",\"@id\":\"https:\/\/sandzakpress.net\/arhiva\/#website\",\"url\":\"https:\/\/sandzakpress.net\/arhiva\/\",\"name\":\"Sand\u017eak PRESS\",\"description\":\"Prve elektronske novine u Sand\u017eaku\",\"publisher\":{\"@id\":\"https:\/\/sandzakpress.net\/arhiva\/#\/schema\/person\/6e72b67d6e51910a1117b3b483ba20bd\"},\"potentialAction\":[{\"@type\":\"SearchAction\",\"target\":{\"@type\":\"EntryPoint\",\"urlTemplate\":\"https:\/\/sandzakpress.net\/arhiva\/?s={search_term_string}\"},\"query-input\":{\"@type\":\"PropertyValueSpecification\",\"valueRequired\":true,\"valueName\":\"search_term_string\"}}],\"inLanguage\":\"bs-BA\"},{\"@type\":[\"Person\",\"Organization\"],\"@id\":\"https:\/\/sandzakpress.net\/arhiva\/#\/schema\/person\/6e72b67d6e51910a1117b3b483ba20bd\",\"name\":\"Kul\",\"image\":{\"@type\":\"ImageObject\",\"inLanguage\":\"bs-BA\",\"@id\":\"https:\/\/sandzakpress.net\/arhiva\/#\/schema\/person\/image\/\",\"url\":\"https:\/\/secure.gravatar.com\/avatar\/42263f39aa27ac04c43cab85c280eb2e?s=96&d=mm&r=pg\",\"contentUrl\":\"https:\/\/secure.gravatar.com\/avatar\/42263f39aa27ac04c43cab85c280eb2e?s=96&d=mm&r=pg\",\"caption\":\"Kul\"},\"logo\":{\"@id\":\"https:\/\/sandzakpress.net\/arhiva\/#\/schema\/person\/image\/\"}},{\"@type\":\"Person\",\"@id\":\"https:\/\/sandzakpress.net\/arhiva\/#\/schema\/person\/c8baee722073534b583ea7bdb2e36c02\",\"name\":\"bosniak\",\"image\":{\"@type\":\"ImageObject\",\"inLanguage\":\"bs-BA\",\"@id\":\"https:\/\/sandzakpress.net\/arhiva\/#\/schema\/person\/image\/\",\"url\":\"https:\/\/secure.gravatar.com\/avatar\/a04fd330bfe3a36a72a0ad4a6d89fca7?s=96&d=mm&r=pg\",\"contentUrl\":\"https:\/\/secure.gravatar.com\/avatar\/a04fd330bfe3a36a72a0ad4a6d89fca7?s=96&d=mm&r=pg\",\"caption\":\"bosniak\"},\"url\":\"https:\/\/sandzakpress.net\/arhiva\/author\/bosniak\/\"}]}<\/script>\n<!-- \/ Yoast SEO Premium plugin. -->","yoast_head_json":{"title":"Srpska akademija nauka i umjetnosti negirala bosanski jezik","robots":{"index":"index","follow":"follow","max-snippet":"max-snippet:-1","max-image-preview":"max-image-preview:large","max-video-preview":"max-video-preview:-1"},"canonical":"https:\/\/sandzakpress.net\/arhiva\/srpska-akademija-nauka-i-umjetnosti-negirala-bosanski-jezik\/","og_locale":"bs_BA","og_type":"article","og_title":"Srpska akademija nauka i umjetnosti negirala bosanski jezik","og_description":"Sarajevo, Banjaluka, Srbija \u2013\u00a0Odbor za standardizaciju jezika Instituta za srpski jezik Srpske akademije nauka i umjetnosti (SANU) objavio je saop\u0107enje o statusu bosanskog ili bo\u0161nja\u010dkog jezika, koje je potpisao predsjednik odbora dr. Ivan Klajn. Prenosimo klju\u010dne dijelove ovog saop\u0107enja. Ve\u0107 nekoliko godina novinske stranice pune tekstovi o razli\u010ditim pitanjima vezanim za status tzv. bosanskog jezika, [&hellip;]","og_url":"https:\/\/sandzakpress.net\/arhiva\/srpska-akademija-nauka-i-umjetnosti-negirala-bosanski-jezik\/","og_site_name":"Sand\u017eak PRESS","article_published_time":"2015-08-21T13:09:53+00:00","article_modified_time":"2015-08-21T21:34:02+00:00","og_image":[{"width":590,"height":363,"url":"https:\/\/sandzakpress.net\/arhiva\/wp-content\/uploads\/2015\/08\/gramatika1.jpg","type":"image\/jpeg"}],"author":"bosniak","twitter_card":"summary_large_image","twitter_misc":{"Written by":"bosniak","Est. reading time":"5 minuta"},"schema":{"@context":"https:\/\/schema.org","@graph":[{"@type":"Article","@id":"https:\/\/sandzakpress.net\/arhiva\/srpska-akademija-nauka-i-umjetnosti-negirala-bosanski-jezik\/#article","isPartOf":{"@id":"https:\/\/sandzakpress.net\/arhiva\/srpska-akademija-nauka-i-umjetnosti-negirala-bosanski-jezik\/"},"author":{"name":"bosniak","@id":"https:\/\/sandzakpress.net\/arhiva\/#\/schema\/person\/c8baee722073534b583ea7bdb2e36c02"},"headline":"Srpska akademija nauka i umjetnosti negirala bosanski jezik","datePublished":"2015-08-21T13:09:53+00:00","dateModified":"2015-08-21T21:34:02+00:00","mainEntityOfPage":{"@id":"https:\/\/sandzakpress.net\/arhiva\/srpska-akademija-nauka-i-umjetnosti-negirala-bosanski-jezik\/"},"wordCount":954,"commentCount":106,"publisher":{"@id":"https:\/\/sandzakpress.net\/arhiva\/#\/schema\/person\/6e72b67d6e51910a1117b3b483ba20bd"},"image":{"@id":"https:\/\/sandzakpress.net\/arhiva\/srpska-akademija-nauka-i-umjetnosti-negirala-bosanski-jezik\/#primaryimage"},"thumbnailUrl":"https:\/\/sandzakpress.net\/arhiva\/wp-content\/uploads\/2015\/08\/gramatika1.jpg","keywords":["Bosna i Hercegovina"],"articleSection":["Bosna PRESS","VIJESTI DANA"],"inLanguage":"bs-BA","potentialAction":[{"@type":"CommentAction","name":"Comment","target":["https:\/\/sandzakpress.net\/arhiva\/srpska-akademija-nauka-i-umjetnosti-negirala-bosanski-jezik\/#respond"]}]},{"@type":"WebPage","@id":"https:\/\/sandzakpress.net\/arhiva\/srpska-akademija-nauka-i-umjetnosti-negirala-bosanski-jezik\/","url":"https:\/\/sandzakpress.net\/arhiva\/srpska-akademija-nauka-i-umjetnosti-negirala-bosanski-jezik\/","name":"Srpska akademija nauka i umjetnosti negirala bosanski jezik","isPartOf":{"@id":"https:\/\/sandzakpress.net\/arhiva\/#website"},"primaryImageOfPage":{"@id":"https:\/\/sandzakpress.net\/arhiva\/srpska-akademija-nauka-i-umjetnosti-negirala-bosanski-jezik\/#primaryimage"},"image":{"@id":"https:\/\/sandzakpress.net\/arhiva\/srpska-akademija-nauka-i-umjetnosti-negirala-bosanski-jezik\/#primaryimage"},"thumbnailUrl":"https:\/\/sandzakpress.net\/arhiva\/wp-content\/uploads\/2015\/08\/gramatika1.jpg","datePublished":"2015-08-21T13:09:53+00:00","dateModified":"2015-08-21T21:34:02+00:00","breadcrumb":{"@id":"https:\/\/sandzakpress.net\/arhiva\/srpska-akademija-nauka-i-umjetnosti-negirala-bosanski-jezik\/#breadcrumb"},"inLanguage":"bs-BA","potentialAction":[{"@type":"ReadAction","target":["https:\/\/sandzakpress.net\/arhiva\/srpska-akademija-nauka-i-umjetnosti-negirala-bosanski-jezik\/"]}]},{"@type":"ImageObject","inLanguage":"bs-BA","@id":"https:\/\/sandzakpress.net\/arhiva\/srpska-akademija-nauka-i-umjetnosti-negirala-bosanski-jezik\/#primaryimage","url":"https:\/\/sandzakpress.net\/arhiva\/wp-content\/uploads\/2015\/08\/gramatika1.jpg","contentUrl":"https:\/\/sandzakpress.net\/arhiva\/wp-content\/uploads\/2015\/08\/gramatika1.jpg","width":590,"height":363},{"@type":"BreadcrumbList","@id":"https:\/\/sandzakpress.net\/arhiva\/srpska-akademija-nauka-i-umjetnosti-negirala-bosanski-jezik\/#breadcrumb","itemListElement":[{"@type":"ListItem","position":1,"name":"Home","item":"https:\/\/sandzakpress.net\/arhiva\/"},{"@type":"ListItem","position":2,"name":"Srpska akademija nauka i umjetnosti negirala bosanski jezik"}]},{"@type":"WebSite","@id":"https:\/\/sandzakpress.net\/arhiva\/#website","url":"https:\/\/sandzakpress.net\/arhiva\/","name":"Sand\u017eak PRESS","description":"Prve elektronske novine u Sand\u017eaku","publisher":{"@id":"https:\/\/sandzakpress.net\/arhiva\/#\/schema\/person\/6e72b67d6e51910a1117b3b483ba20bd"},"potentialAction":[{"@type":"SearchAction","target":{"@type":"EntryPoint","urlTemplate":"https:\/\/sandzakpress.net\/arhiva\/?s={search_term_string}"},"query-input":{"@type":"PropertyValueSpecification","valueRequired":true,"valueName":"search_term_string"}}],"inLanguage":"bs-BA"},{"@type":["Person","Organization"],"@id":"https:\/\/sandzakpress.net\/arhiva\/#\/schema\/person\/6e72b67d6e51910a1117b3b483ba20bd","name":"Kul","image":{"@type":"ImageObject","inLanguage":"bs-BA","@id":"https:\/\/sandzakpress.net\/arhiva\/#\/schema\/person\/image\/","url":"https:\/\/secure.gravatar.com\/avatar\/42263f39aa27ac04c43cab85c280eb2e?s=96&d=mm&r=pg","contentUrl":"https:\/\/secure.gravatar.com\/avatar\/42263f39aa27ac04c43cab85c280eb2e?s=96&d=mm&r=pg","caption":"Kul"},"logo":{"@id":"https:\/\/sandzakpress.net\/arhiva\/#\/schema\/person\/image\/"}},{"@type":"Person","@id":"https:\/\/sandzakpress.net\/arhiva\/#\/schema\/person\/c8baee722073534b583ea7bdb2e36c02","name":"bosniak","image":{"@type":"ImageObject","inLanguage":"bs-BA","@id":"https:\/\/sandzakpress.net\/arhiva\/#\/schema\/person\/image\/","url":"https:\/\/secure.gravatar.com\/avatar\/a04fd330bfe3a36a72a0ad4a6d89fca7?s=96&d=mm&r=pg","contentUrl":"https:\/\/secure.gravatar.com\/avatar\/a04fd330bfe3a36a72a0ad4a6d89fca7?s=96&d=mm&r=pg","caption":"bosniak"},"url":"https:\/\/sandzakpress.net\/arhiva\/author\/bosniak\/"}]}},"_links":{"self":[{"href":"https:\/\/sandzakpress.net\/arhiva\/wp-json\/wp\/v2\/posts\/134338"}],"collection":[{"href":"https:\/\/sandzakpress.net\/arhiva\/wp-json\/wp\/v2\/posts"}],"about":[{"href":"https:\/\/sandzakpress.net\/arhiva\/wp-json\/wp\/v2\/types\/post"}],"author":[{"embeddable":true,"href":"https:\/\/sandzakpress.net\/arhiva\/wp-json\/wp\/v2\/users\/83"}],"replies":[{"embeddable":true,"href":"https:\/\/sandzakpress.net\/arhiva\/wp-json\/wp\/v2\/comments?post=134338"}],"version-history":[{"count":0,"href":"https:\/\/sandzakpress.net\/arhiva\/wp-json\/wp\/v2\/posts\/134338\/revisions"}],"wp:featuredmedia":[{"embeddable":true,"href":"https:\/\/sandzakpress.net\/arhiva\/wp-json\/wp\/v2\/media\/134340"}],"wp:attachment":[{"href":"https:\/\/sandzakpress.net\/arhiva\/wp-json\/wp\/v2\/media?parent=134338"}],"wp:term":[{"taxonomy":"category","embeddable":true,"href":"https:\/\/sandzakpress.net\/arhiva\/wp-json\/wp\/v2\/categories?post=134338"},{"taxonomy":"post_tag","embeddable":true,"href":"https:\/\/sandzakpress.net\/arhiva\/wp-json\/wp\/v2\/tags?post=134338"}],"curies":[{"name":"wp","href":"https:\/\/api.w.org\/{rel}","templated":true}]}}