{"id":134328,"date":"2015-08-21T14:24:48","date_gmt":"2015-08-21T12:24:48","guid":{"rendered":"https:\/\/sandzakpress.net\/arhiva\/vlasenica-hajrija-dzamija-petkom-ispunjena-do-posljednjeg-mjesta"},"modified":"2015-08-21T14:24:48","modified_gmt":"2015-08-21T12:24:48","slug":"vlasenica-hajrija-dzamija-petkom-ispunjena-do-posljednjeg-mjesta","status":"publish","type":"post","link":"https:\/\/sandzakpress.net\/arhiva\/vlasenica-hajrija-dzamija-petkom-ispunjena-do-posljednjeg-mjesta\/","title":{"rendered":"Vlasenica: Hajrija d\u017eamija petkom ispunjena do posljednjeg mjesta"},"content":{"rendered":"<p><img decoding=\"async\" src=\"http:\/\/www.trt.net.tr\/bosanski\/fotograf\/haberler\/detay\/vlasenica-hajrija-damija-petkom-ispunjena-do-_trt-bosanski-50847.jpg\" alt=\"vlasenica-hajrija-damija-petkom-ispunjena-do-\" \/><\/p>\n<p><strong>Vlasenica \u2013 Prije 23 godine minirana je i sru\u0161ena vlaseni\u010dka Hajrija d\u017eamija, a na mjestu gdje se nalazila, posa\u0111eno je drve\u0107e. Godine 2007. otvorena je nova, koja, iako dva puta ve\u0107a od stare, tokom d\u017euma-namaza u ljetnim mjesecima, bude ispunjena do posljednjeg mjesta, izjavio je za Anadolu Agency Nurdin efendija Grahi\u0107, glavni imam Med\u017elisa Islamske zajednice Vlasenica.<\/strong><\/p>\n<p>\u02ddPove\u0107an je broj vjernika petkom na d\u017euma-namazu. Osim povratnika, bude mnogo ljudi iz drugih bh. gradova, do\u0111e na\u0161a dijaspora, te musafiri i putnici koji su u prolazu, ali svrate i klanjaju. Povratnici Bo\u0161njaci u Vlasenicu uglavnom su starije osobe i kada neko umre, brinuli smo da \u0107e njegovo mjesto u safu biti prazno, ali hvala Allahu d\u017e. \u0161. u zadnje vrijeme u d\u017eamiju dolazi sve vi\u0161e omladine i safovi se lijepo popune i poravnaju\u02dd, kazao je efendija Grahi\u0107.<\/p>\n<p>D\u017eamija Hajrija sru\u0161ena je u godini kada se obilje\u017eavala stota godi\u0161njica od kako je napravljena.<\/p>\n<p>Nedim Salaharevi\u0107, tada 14-godi\u0161nji dje\u010dak koji je sa porodicom \u017eivio u vlaseni\u010dkoj mahali Zidine, u blizini Hajrije, pri\u010da da je uo\u010di miniranja d\u017eamije 19. avgusta 1992. godine ulica bila puna pripadnika MUP-a RS i Specijalnog juri\u0161nog odreda.<\/p>\n<p>\u02ddNegdje oko 21 sat odjeknula je sna\u017ena detonacija, od koje su popucala stakla na prozorima i vratima u na\u0161oj ku\u0107i. Nismo znali \u0161ta se de\u0161ava. Nakon 20-ak minuta, \u010duli smo glasove na\u0161ih kom\u0161ija srpske nacionalnosti, koji su \u017eivjeli u zgradi pored zanatskog centra, kako pobjedni\u010dki uzvikuju da su sru\u0161ili d\u017eamiju. Kroz prozor smo gledali brojne kom\u0161ije Srbe kako \u017eure vidjeti poru\u0161enu Hajriju. I\u0161li su porodi\u010dno, kao na va\u0161ar. \u017dene su za ruku vodile djecu, a do\u0161li su i Srbi iz drugih vlaseni\u010dkih naselja. Divili su se i nisu skrivali svoje ushi\u0107enje, a slavlje se nastavilo duboko u no\u0107, uz pjesmu i rafale u znak zahvalnosti \u00b4herojima\u00b4 koji su sru\u0161ili ovaj vjerski objekt\u02dd, prisjetio se Salaharevi\u0107.<\/p>\n<p>Jutro nakon okrutnog veselja uprili\u010denog povodom ru\u0161enja Hajrija d\u017eamije, porodica Salaharevi\u0107 u avliji je prona\u0161la listove Kur\u00b4ana, koje su pokupili i unijeli u ku\u0107u.<\/p>\n<p>\u02ddPo mahali su tako\u0111er bili razbacani tespihi, sed\u017eade i drugi predmeti iz d\u017eamije. Kom\u0161ije, koji su zapravo bili neljudi i monstrumi, gazili su ih i vr\u0161ili nu\u017edu po njima. To jutro sam kri\u0161om oti\u0161ao do Doma kulture, odakle sam virio kako bih vidio kako izgleda d\u017eamija. Bio sam zaprepa\u0161ten jer je bila potpuno raznesena i na njenom je mjestu bila ogromna rupa. Tamo sam vidio zarobljene Bo\u0161njake, koji su ranije odvedeni u logor Su\u0161ica, kako nasipaju zemlju i sade sadnice drve\u0107a. Osim policije i specijalaca, tu je bio i ratni zlo\u010dinac Predrag Bastah, koji je poslije rata osu\u0111en i zatvorsku kaznu izdr\u017eava u Fo\u010di. On je nare\u0111ivao logora\u0161ima i, maltretiraju\u0107i ih, govorio da tu treba da bude jedan lijep park. Sje\u0107am se da je udario 18-godi\u0161njeg Mehmeda Efendi\u0107a\u02dd, ispri\u010dao je Salaharevi\u0107, koji je svjedo\u010dio protiv Bastaha u Sudu BiH, a svjedo\u010denje se jednim dijelom odnosilo i na ru\u0161enje Hajrija d\u017eamije.<\/p>\n<p>Nepuni mjesec nakon ru\u0161enja d\u017eamije, svi Bo\u0161njaci iz Vlasenice su protjerani ili ubijeni.<\/p>\n<p>U poslijeratnom periodu, malobrojni povratnici namaze su klanjali u prostorijama Med\u017elisa, a 2003. godine izbjegli Bo\u0161njaci koji su se nastanili u Sjedinjenim Ameri\u010dkim Dr\u017eavama, donirali su po\u010detna sredstva za gradnju Hajrije.<\/p>\n<p>\u02ddDok su trajali radovi i nakon otvaranja d\u017eamije bilo je razli\u010ditih provokacija. Jednom je neko sa jedne od manjih kupola odlomio mjesec i zvijezdu, a drugi put je uz pomo\u0107 ljestvi na munaru zaka\u010dena majica, na kojoj je sa jedne strane pisalo Srbija, dok je na drugoj strani bio krst sa \u010detiri S. De\u0161avalo se i da su razbijali prozore i sli\u010dno, a od policije nikad nismo dobili nikakvu povratnu informaciju da li je neko ispitivan, privo\u0111en ili osumnji\u010den za te incidente\u02dd, naglasio je efendija Grahi\u0107.<\/p>\n<p><img loading=\"lazy\" decoding=\"async\" src=\"http:\/\/www.trt.net.tr\/bosanski\/webimage\/image\/haber_mar_2012\/91k.png\" alt=\"\" width=\"600\" height=\"363\" \/><br \/>\n<img loading=\"lazy\" decoding=\"async\" src=\"http:\/\/www.trt.net.tr\/bosanski\/webimage\/image\/haber_apr_2012\/145.jpg\" alt=\"\" width=\"330\" height=\"600\" align=\"left\" \/><\/p>\n<p>(Anadolu Agency)<\/p>\n<p>Pogledajte vijest na izvornom sajtu:<\/p>\n<p><a href=\"http:\/\/bosnapress.net\/vlasenica-hajrija-dzamija-petkom-ispunjena-do-posljednjeg-mjesta\/\" target=\"_blank\">Vlasenica: Hajrija d\u017eamija petkom ispunjena do posljednjeg mjesta<\/a><\/p>\n","protected":false},"excerpt":{"rendered":"<p>Vlasenica \u2013 Prije 23 godine minirana je i sru\u0161ena vlaseni\u010dka Hajrija d\u017eamija, a na mjestu gdje se nalazila, posa\u0111eno je drve\u0107e. Godine 2007. otvorena je nova, koja, iako dva puta ve\u0107a od stare, tokom d\u017euma-namaza u ljetnim mjesecima, bude ispunjena do posljednjeg mjesta, izjavio je za Anadolu Agency Nurdin efendija Grahi\u0107, glavni imam Med\u017elisa Islamske [&hellip;]<\/p>\n","protected":false},"author":83,"featured_media":134330,"comment_status":"open","ping_status":"open","sticky":false,"template":"","format":"standard","meta":{"footnotes":""},"categories":[10513],"tags":[10466],"class_list":{"0":"post-134328","1":"post","2":"type-post","3":"status-publish","4":"format-standard","5":"has-post-thumbnail","7":"category-bosna-press","8":"tag-bosna-i-hercegovina"},"yoast_head":"<!-- This site is optimized with the Yoast SEO Premium plugin v23.1 (Yoast SEO v24.9) - https:\/\/yoast.com\/wordpress\/plugins\/seo\/ -->\n<title>Vlasenica: Hajrija d\u017eamija petkom ispunjena do posljednjeg mjesta<\/title>\n<meta name=\"robots\" content=\"index, follow, max-snippet:-1, max-image-preview:large, max-video-preview:-1\" \/>\n<link rel=\"canonical\" href=\"https:\/\/sandzakpress.net\/arhiva\/vlasenica-hajrija-dzamija-petkom-ispunjena-do-posljednjeg-mjesta\/\" \/>\n<meta property=\"og:locale\" content=\"bs_BA\" \/>\n<meta property=\"og:type\" content=\"article\" \/>\n<meta property=\"og:title\" content=\"Vlasenica: Hajrija d\u017eamija petkom ispunjena do posljednjeg mjesta\" \/>\n<meta property=\"og:description\" content=\"Vlasenica \u2013 Prije 23 godine minirana je i sru\u0161ena vlaseni\u010dka Hajrija d\u017eamija, a na mjestu gdje se nalazila, posa\u0111eno je drve\u0107e. Godine 2007. otvorena je nova, koja, iako dva puta ve\u0107a od stare, tokom d\u017euma-namaza u ljetnim mjesecima, bude ispunjena do posljednjeg mjesta, izjavio je za Anadolu Agency Nurdin efendija Grahi\u0107, glavni imam Med\u017elisa Islamske [&hellip;]\" \/>\n<meta property=\"og:url\" content=\"https:\/\/sandzakpress.net\/arhiva\/vlasenica-hajrija-dzamija-petkom-ispunjena-do-posljednjeg-mjesta\/\" \/>\n<meta property=\"og:site_name\" content=\"Sand\u017eak PRESS\" \/>\n<meta property=\"article:published_time\" content=\"2015-08-21T12:24:48+00:00\" \/>\n<meta property=\"og:image\" content=\"https:\/\/sandzakpress.net\/arhiva\/wp-content\/uploads\/2015\/08\/vlasenica-hajrija-damija-petkom-ispunjena-do-_trt-bosanski-50847.png\" \/>\n\t<meta property=\"og:image:width\" content=\"600\" \/>\n\t<meta property=\"og:image:height\" content=\"363\" \/>\n\t<meta property=\"og:image:type\" content=\"image\/png\" \/>\n<meta name=\"author\" content=\"bosniak\" \/>\n<meta name=\"twitter:card\" content=\"summary_large_image\" \/>\n<meta name=\"twitter:label1\" content=\"Written by\" \/>\n\t<meta name=\"twitter:data1\" content=\"bosniak\" \/>\n\t<meta name=\"twitter:label2\" content=\"Est. reading time\" \/>\n\t<meta name=\"twitter:data2\" content=\"4 minute\" \/>\n<script type=\"application\/ld+json\" class=\"yoast-schema-graph\">{\"@context\":\"https:\/\/schema.org\",\"@graph\":[{\"@type\":\"Article\",\"@id\":\"https:\/\/sandzakpress.net\/arhiva\/vlasenica-hajrija-dzamija-petkom-ispunjena-do-posljednjeg-mjesta\/#article\",\"isPartOf\":{\"@id\":\"https:\/\/sandzakpress.net\/arhiva\/vlasenica-hajrija-dzamija-petkom-ispunjena-do-posljednjeg-mjesta\/\"},\"author\":{\"name\":\"bosniak\",\"@id\":\"https:\/\/sandzakpress.net\/arhiva\/#\/schema\/person\/c8baee722073534b583ea7bdb2e36c02\"},\"headline\":\"Vlasenica: Hajrija d\u017eamija petkom ispunjena do posljednjeg mjesta\",\"datePublished\":\"2015-08-21T12:24:48+00:00\",\"mainEntityOfPage\":{\"@id\":\"https:\/\/sandzakpress.net\/arhiva\/vlasenica-hajrija-dzamija-petkom-ispunjena-do-posljednjeg-mjesta\/\"},\"wordCount\":716,\"commentCount\":0,\"publisher\":{\"@id\":\"https:\/\/sandzakpress.net\/arhiva\/#\/schema\/person\/6e72b67d6e51910a1117b3b483ba20bd\"},\"image\":{\"@id\":\"https:\/\/sandzakpress.net\/arhiva\/vlasenica-hajrija-dzamija-petkom-ispunjena-do-posljednjeg-mjesta\/#primaryimage\"},\"thumbnailUrl\":\"https:\/\/sandzakpress.net\/arhiva\/wp-content\/uploads\/2015\/08\/vlasenica-hajrija-damija-petkom-ispunjena-do-_trt-bosanski-50847.png\",\"keywords\":[\"Bosna i Hercegovina\"],\"articleSection\":[\"Bosna PRESS\"],\"inLanguage\":\"bs-BA\",\"potentialAction\":[{\"@type\":\"CommentAction\",\"name\":\"Comment\",\"target\":[\"https:\/\/sandzakpress.net\/arhiva\/vlasenica-hajrija-dzamija-petkom-ispunjena-do-posljednjeg-mjesta\/#respond\"]}]},{\"@type\":\"WebPage\",\"@id\":\"https:\/\/sandzakpress.net\/arhiva\/vlasenica-hajrija-dzamija-petkom-ispunjena-do-posljednjeg-mjesta\/\",\"url\":\"https:\/\/sandzakpress.net\/arhiva\/vlasenica-hajrija-dzamija-petkom-ispunjena-do-posljednjeg-mjesta\/\",\"name\":\"Vlasenica: Hajrija d\u017eamija petkom ispunjena do posljednjeg mjesta\",\"isPartOf\":{\"@id\":\"https:\/\/sandzakpress.net\/arhiva\/#website\"},\"primaryImageOfPage\":{\"@id\":\"https:\/\/sandzakpress.net\/arhiva\/vlasenica-hajrija-dzamija-petkom-ispunjena-do-posljednjeg-mjesta\/#primaryimage\"},\"image\":{\"@id\":\"https:\/\/sandzakpress.net\/arhiva\/vlasenica-hajrija-dzamija-petkom-ispunjena-do-posljednjeg-mjesta\/#primaryimage\"},\"thumbnailUrl\":\"https:\/\/sandzakpress.net\/arhiva\/wp-content\/uploads\/2015\/08\/vlasenica-hajrija-damija-petkom-ispunjena-do-_trt-bosanski-50847.png\",\"datePublished\":\"2015-08-21T12:24:48+00:00\",\"breadcrumb\":{\"@id\":\"https:\/\/sandzakpress.net\/arhiva\/vlasenica-hajrija-dzamija-petkom-ispunjena-do-posljednjeg-mjesta\/#breadcrumb\"},\"inLanguage\":\"bs-BA\",\"potentialAction\":[{\"@type\":\"ReadAction\",\"target\":[\"https:\/\/sandzakpress.net\/arhiva\/vlasenica-hajrija-dzamija-petkom-ispunjena-do-posljednjeg-mjesta\/\"]}]},{\"@type\":\"ImageObject\",\"inLanguage\":\"bs-BA\",\"@id\":\"https:\/\/sandzakpress.net\/arhiva\/vlasenica-hajrija-dzamija-petkom-ispunjena-do-posljednjeg-mjesta\/#primaryimage\",\"url\":\"https:\/\/sandzakpress.net\/arhiva\/wp-content\/uploads\/2015\/08\/vlasenica-hajrija-damija-petkom-ispunjena-do-_trt-bosanski-50847.png\",\"contentUrl\":\"https:\/\/sandzakpress.net\/arhiva\/wp-content\/uploads\/2015\/08\/vlasenica-hajrija-damija-petkom-ispunjena-do-_trt-bosanski-50847.png\",\"width\":600,\"height\":363},{\"@type\":\"BreadcrumbList\",\"@id\":\"https:\/\/sandzakpress.net\/arhiva\/vlasenica-hajrija-dzamija-petkom-ispunjena-do-posljednjeg-mjesta\/#breadcrumb\",\"itemListElement\":[{\"@type\":\"ListItem\",\"position\":1,\"name\":\"Home\",\"item\":\"https:\/\/sandzakpress.net\/arhiva\/\"},{\"@type\":\"ListItem\",\"position\":2,\"name\":\"Vlasenica: Hajrija d\u017eamija petkom ispunjena do posljednjeg mjesta\"}]},{\"@type\":\"WebSite\",\"@id\":\"https:\/\/sandzakpress.net\/arhiva\/#website\",\"url\":\"https:\/\/sandzakpress.net\/arhiva\/\",\"name\":\"Sand\u017eak PRESS\",\"description\":\"Prve elektronske novine u Sand\u017eaku\",\"publisher\":{\"@id\":\"https:\/\/sandzakpress.net\/arhiva\/#\/schema\/person\/6e72b67d6e51910a1117b3b483ba20bd\"},\"potentialAction\":[{\"@type\":\"SearchAction\",\"target\":{\"@type\":\"EntryPoint\",\"urlTemplate\":\"https:\/\/sandzakpress.net\/arhiva\/?s={search_term_string}\"},\"query-input\":{\"@type\":\"PropertyValueSpecification\",\"valueRequired\":true,\"valueName\":\"search_term_string\"}}],\"inLanguage\":\"bs-BA\"},{\"@type\":[\"Person\",\"Organization\"],\"@id\":\"https:\/\/sandzakpress.net\/arhiva\/#\/schema\/person\/6e72b67d6e51910a1117b3b483ba20bd\",\"name\":\"Kul\",\"image\":{\"@type\":\"ImageObject\",\"inLanguage\":\"bs-BA\",\"@id\":\"https:\/\/sandzakpress.net\/arhiva\/#\/schema\/person\/image\/\",\"url\":\"https:\/\/secure.gravatar.com\/avatar\/42263f39aa27ac04c43cab85c280eb2e?s=96&d=mm&r=pg\",\"contentUrl\":\"https:\/\/secure.gravatar.com\/avatar\/42263f39aa27ac04c43cab85c280eb2e?s=96&d=mm&r=pg\",\"caption\":\"Kul\"},\"logo\":{\"@id\":\"https:\/\/sandzakpress.net\/arhiva\/#\/schema\/person\/image\/\"}},{\"@type\":\"Person\",\"@id\":\"https:\/\/sandzakpress.net\/arhiva\/#\/schema\/person\/c8baee722073534b583ea7bdb2e36c02\",\"name\":\"bosniak\",\"image\":{\"@type\":\"ImageObject\",\"inLanguage\":\"bs-BA\",\"@id\":\"https:\/\/sandzakpress.net\/arhiva\/#\/schema\/person\/image\/\",\"url\":\"https:\/\/secure.gravatar.com\/avatar\/a04fd330bfe3a36a72a0ad4a6d89fca7?s=96&d=mm&r=pg\",\"contentUrl\":\"https:\/\/secure.gravatar.com\/avatar\/a04fd330bfe3a36a72a0ad4a6d89fca7?s=96&d=mm&r=pg\",\"caption\":\"bosniak\"},\"url\":\"https:\/\/sandzakpress.net\/arhiva\/author\/bosniak\/\"}]}<\/script>\n<!-- \/ Yoast SEO Premium plugin. -->","yoast_head_json":{"title":"Vlasenica: Hajrija d\u017eamija petkom ispunjena do posljednjeg mjesta","robots":{"index":"index","follow":"follow","max-snippet":"max-snippet:-1","max-image-preview":"max-image-preview:large","max-video-preview":"max-video-preview:-1"},"canonical":"https:\/\/sandzakpress.net\/arhiva\/vlasenica-hajrija-dzamija-petkom-ispunjena-do-posljednjeg-mjesta\/","og_locale":"bs_BA","og_type":"article","og_title":"Vlasenica: Hajrija d\u017eamija petkom ispunjena do posljednjeg mjesta","og_description":"Vlasenica \u2013 Prije 23 godine minirana je i sru\u0161ena vlaseni\u010dka Hajrija d\u017eamija, a na mjestu gdje se nalazila, posa\u0111eno je drve\u0107e. Godine 2007. otvorena je nova, koja, iako dva puta ve\u0107a od stare, tokom d\u017euma-namaza u ljetnim mjesecima, bude ispunjena do posljednjeg mjesta, izjavio je za Anadolu Agency Nurdin efendija Grahi\u0107, glavni imam Med\u017elisa Islamske [&hellip;]","og_url":"https:\/\/sandzakpress.net\/arhiva\/vlasenica-hajrija-dzamija-petkom-ispunjena-do-posljednjeg-mjesta\/","og_site_name":"Sand\u017eak PRESS","article_published_time":"2015-08-21T12:24:48+00:00","og_image":[{"width":600,"height":363,"url":"https:\/\/sandzakpress.net\/arhiva\/wp-content\/uploads\/2015\/08\/vlasenica-hajrija-damija-petkom-ispunjena-do-_trt-bosanski-50847.png","type":"image\/png"}],"author":"bosniak","twitter_card":"summary_large_image","twitter_misc":{"Written by":"bosniak","Est. reading time":"4 minute"},"schema":{"@context":"https:\/\/schema.org","@graph":[{"@type":"Article","@id":"https:\/\/sandzakpress.net\/arhiva\/vlasenica-hajrija-dzamija-petkom-ispunjena-do-posljednjeg-mjesta\/#article","isPartOf":{"@id":"https:\/\/sandzakpress.net\/arhiva\/vlasenica-hajrija-dzamija-petkom-ispunjena-do-posljednjeg-mjesta\/"},"author":{"name":"bosniak","@id":"https:\/\/sandzakpress.net\/arhiva\/#\/schema\/person\/c8baee722073534b583ea7bdb2e36c02"},"headline":"Vlasenica: Hajrija d\u017eamija petkom ispunjena do posljednjeg mjesta","datePublished":"2015-08-21T12:24:48+00:00","mainEntityOfPage":{"@id":"https:\/\/sandzakpress.net\/arhiva\/vlasenica-hajrija-dzamija-petkom-ispunjena-do-posljednjeg-mjesta\/"},"wordCount":716,"commentCount":0,"publisher":{"@id":"https:\/\/sandzakpress.net\/arhiva\/#\/schema\/person\/6e72b67d6e51910a1117b3b483ba20bd"},"image":{"@id":"https:\/\/sandzakpress.net\/arhiva\/vlasenica-hajrija-dzamija-petkom-ispunjena-do-posljednjeg-mjesta\/#primaryimage"},"thumbnailUrl":"https:\/\/sandzakpress.net\/arhiva\/wp-content\/uploads\/2015\/08\/vlasenica-hajrija-damija-petkom-ispunjena-do-_trt-bosanski-50847.png","keywords":["Bosna i Hercegovina"],"articleSection":["Bosna PRESS"],"inLanguage":"bs-BA","potentialAction":[{"@type":"CommentAction","name":"Comment","target":["https:\/\/sandzakpress.net\/arhiva\/vlasenica-hajrija-dzamija-petkom-ispunjena-do-posljednjeg-mjesta\/#respond"]}]},{"@type":"WebPage","@id":"https:\/\/sandzakpress.net\/arhiva\/vlasenica-hajrija-dzamija-petkom-ispunjena-do-posljednjeg-mjesta\/","url":"https:\/\/sandzakpress.net\/arhiva\/vlasenica-hajrija-dzamija-petkom-ispunjena-do-posljednjeg-mjesta\/","name":"Vlasenica: Hajrija d\u017eamija petkom ispunjena do posljednjeg mjesta","isPartOf":{"@id":"https:\/\/sandzakpress.net\/arhiva\/#website"},"primaryImageOfPage":{"@id":"https:\/\/sandzakpress.net\/arhiva\/vlasenica-hajrija-dzamija-petkom-ispunjena-do-posljednjeg-mjesta\/#primaryimage"},"image":{"@id":"https:\/\/sandzakpress.net\/arhiva\/vlasenica-hajrija-dzamija-petkom-ispunjena-do-posljednjeg-mjesta\/#primaryimage"},"thumbnailUrl":"https:\/\/sandzakpress.net\/arhiva\/wp-content\/uploads\/2015\/08\/vlasenica-hajrija-damija-petkom-ispunjena-do-_trt-bosanski-50847.png","datePublished":"2015-08-21T12:24:48+00:00","breadcrumb":{"@id":"https:\/\/sandzakpress.net\/arhiva\/vlasenica-hajrija-dzamija-petkom-ispunjena-do-posljednjeg-mjesta\/#breadcrumb"},"inLanguage":"bs-BA","potentialAction":[{"@type":"ReadAction","target":["https:\/\/sandzakpress.net\/arhiva\/vlasenica-hajrija-dzamija-petkom-ispunjena-do-posljednjeg-mjesta\/"]}]},{"@type":"ImageObject","inLanguage":"bs-BA","@id":"https:\/\/sandzakpress.net\/arhiva\/vlasenica-hajrija-dzamija-petkom-ispunjena-do-posljednjeg-mjesta\/#primaryimage","url":"https:\/\/sandzakpress.net\/arhiva\/wp-content\/uploads\/2015\/08\/vlasenica-hajrija-damija-petkom-ispunjena-do-_trt-bosanski-50847.png","contentUrl":"https:\/\/sandzakpress.net\/arhiva\/wp-content\/uploads\/2015\/08\/vlasenica-hajrija-damija-petkom-ispunjena-do-_trt-bosanski-50847.png","width":600,"height":363},{"@type":"BreadcrumbList","@id":"https:\/\/sandzakpress.net\/arhiva\/vlasenica-hajrija-dzamija-petkom-ispunjena-do-posljednjeg-mjesta\/#breadcrumb","itemListElement":[{"@type":"ListItem","position":1,"name":"Home","item":"https:\/\/sandzakpress.net\/arhiva\/"},{"@type":"ListItem","position":2,"name":"Vlasenica: Hajrija d\u017eamija petkom ispunjena do posljednjeg mjesta"}]},{"@type":"WebSite","@id":"https:\/\/sandzakpress.net\/arhiva\/#website","url":"https:\/\/sandzakpress.net\/arhiva\/","name":"Sand\u017eak PRESS","description":"Prve elektronske novine u Sand\u017eaku","publisher":{"@id":"https:\/\/sandzakpress.net\/arhiva\/#\/schema\/person\/6e72b67d6e51910a1117b3b483ba20bd"},"potentialAction":[{"@type":"SearchAction","target":{"@type":"EntryPoint","urlTemplate":"https:\/\/sandzakpress.net\/arhiva\/?s={search_term_string}"},"query-input":{"@type":"PropertyValueSpecification","valueRequired":true,"valueName":"search_term_string"}}],"inLanguage":"bs-BA"},{"@type":["Person","Organization"],"@id":"https:\/\/sandzakpress.net\/arhiva\/#\/schema\/person\/6e72b67d6e51910a1117b3b483ba20bd","name":"Kul","image":{"@type":"ImageObject","inLanguage":"bs-BA","@id":"https:\/\/sandzakpress.net\/arhiva\/#\/schema\/person\/image\/","url":"https:\/\/secure.gravatar.com\/avatar\/42263f39aa27ac04c43cab85c280eb2e?s=96&d=mm&r=pg","contentUrl":"https:\/\/secure.gravatar.com\/avatar\/42263f39aa27ac04c43cab85c280eb2e?s=96&d=mm&r=pg","caption":"Kul"},"logo":{"@id":"https:\/\/sandzakpress.net\/arhiva\/#\/schema\/person\/image\/"}},{"@type":"Person","@id":"https:\/\/sandzakpress.net\/arhiva\/#\/schema\/person\/c8baee722073534b583ea7bdb2e36c02","name":"bosniak","image":{"@type":"ImageObject","inLanguage":"bs-BA","@id":"https:\/\/sandzakpress.net\/arhiva\/#\/schema\/person\/image\/","url":"https:\/\/secure.gravatar.com\/avatar\/a04fd330bfe3a36a72a0ad4a6d89fca7?s=96&d=mm&r=pg","contentUrl":"https:\/\/secure.gravatar.com\/avatar\/a04fd330bfe3a36a72a0ad4a6d89fca7?s=96&d=mm&r=pg","caption":"bosniak"},"url":"https:\/\/sandzakpress.net\/arhiva\/author\/bosniak\/"}]}},"_links":{"self":[{"href":"https:\/\/sandzakpress.net\/arhiva\/wp-json\/wp\/v2\/posts\/134328"}],"collection":[{"href":"https:\/\/sandzakpress.net\/arhiva\/wp-json\/wp\/v2\/posts"}],"about":[{"href":"https:\/\/sandzakpress.net\/arhiva\/wp-json\/wp\/v2\/types\/post"}],"author":[{"embeddable":true,"href":"https:\/\/sandzakpress.net\/arhiva\/wp-json\/wp\/v2\/users\/83"}],"replies":[{"embeddable":true,"href":"https:\/\/sandzakpress.net\/arhiva\/wp-json\/wp\/v2\/comments?post=134328"}],"version-history":[{"count":0,"href":"https:\/\/sandzakpress.net\/arhiva\/wp-json\/wp\/v2\/posts\/134328\/revisions"}],"wp:featuredmedia":[{"embeddable":true,"href":"https:\/\/sandzakpress.net\/arhiva\/wp-json\/wp\/v2\/media\/134330"}],"wp:attachment":[{"href":"https:\/\/sandzakpress.net\/arhiva\/wp-json\/wp\/v2\/media?parent=134328"}],"wp:term":[{"taxonomy":"category","embeddable":true,"href":"https:\/\/sandzakpress.net\/arhiva\/wp-json\/wp\/v2\/categories?post=134328"},{"taxonomy":"post_tag","embeddable":true,"href":"https:\/\/sandzakpress.net\/arhiva\/wp-json\/wp\/v2\/tags?post=134328"}],"curies":[{"name":"wp","href":"https:\/\/api.w.org\/{rel}","templated":true}]}}