{"id":134303,"date":"2015-08-21T12:42:41","date_gmt":"2015-08-21T10:42:41","guid":{"rendered":"https:\/\/sandzakpress.net\/arhiva\/fbi-organizira-javnu-tribinu-potpisivanje-ugovora-o-granici-sa-crnom-gorom-je-veleizdaja-bih"},"modified":"2015-08-21T12:42:41","modified_gmt":"2015-08-21T10:42:41","slug":"fbi-organizira-javnu-tribinu-potpisivanje-ugovora-o-granici-sa-crnom-gorom-je-veleizdaja-bih","status":"publish","type":"post","link":"https:\/\/sandzakpress.net\/arhiva\/fbi-organizira-javnu-tribinu-potpisivanje-ugovora-o-granici-sa-crnom-gorom-je-veleizdaja-bih\/","title":{"rendered":"FBI organizira javnu tribinu: \u201cPotpisivanje ugovora o granici sa Crnom Gorom je veleizdaja BiH\u201d"},"content":{"rendered":"<p style=\"text-align: justify\"><strong><a href=\"http:\/\/www.sbk.eu.com\/wp-content\/uploads\/2015\/08\/Tribina25081SUTORINA.jpg\"><img loading=\"lazy\" decoding=\"async\" class=\"alignleft size-large wp-image-7931\" src=\"http:\/\/www.sbk.eu.com\/wp-content\/uploads\/2015\/08\/Tribina25081SUTORINA-600x425.jpg\" alt=\"Tribina25081SUTORINA\" width=\"600\" height=\"425\" \/><\/a>Sarajevo, Crna Gora\u00a0\u2013 Povodom potpisivanja Ugovora o granici sa Crnom Gorom \u201eForum bo\u0161nja\u010dkih intelektualaca\u201c \u0107e u utorak, 25. avgusta 2015. godine odr\u017eati javnu tribinu na temu:<\/strong><\/p>\n<p style=\"text-align: center\">\u201e<strong>POTPISIVANJE UGOVORA O GRANICI SA CRNOM GOROM JE NAJVE\u0106A PREVARA I VELEIZDAJA BOSNE I HERCEGOVINE<\/strong><strong>\u201c<\/strong><span id=\"more-143289\"><\/span><\/p>\n<p style=\"text-align: justify\">Tribina \u0107e se odr\u017eati u <strong>Hotelu Evropa<\/strong> (sala Atrium, prizemlje do recepcije), u Sarajevu sa po\u010detkom u 12 sati.<\/p>\n<p style=\"text-align: justify\"><strong>Uvodni\u010dari tribine:<\/strong><\/p>\n<ul style=\"text-align: justify\">\n<li><strong>dr. Suad Kurt\u0107ehaji\u0107, <\/strong>predsjednik \u201cForuma bo\u0161nja\u010dkih intelektualaca\u201d<\/li>\n<li><strong>dr. Hasan Bali\u0107, <\/strong>potpredsjednik \u201cForuma bo\u0161nja\u010dkih intelektualaca\u201d<\/li>\n<li><strong>dr. Muris Spahi\u0107<\/strong><\/li>\n<li><strong>general Armije BiH prof. dr. Ismet Alija<\/strong><\/li>\n<li><strong>Akademik reisu-l-ulema emeritus dr. Mustafa Ceri\u0107<\/strong><\/li>\n<\/ul>\n<p style=\"text-align: justify\"><strong>Moderator:<\/strong><\/p>\n<ol style=\"text-align: justify\">\n<li><strong>Jusuf Pu\u0161ina, <\/strong>potpredsjednik \u201eForuma bo\u0161nja\u010dkih intelektualaca\u201c<\/li>\n<\/ol>\n<p style=\"text-align: justify\"><strong>TEZE JAVNE TRIBINE:<\/strong><\/p>\n<ul style=\"text-align: justify\">\n<li>Tra\u017eimo MORATORIJ od Parlamentarne skup\u0161tine BiH na neodre\u0111eno vrijeme u pogledu ratifikacije ugovora sa Crnom Gorom;<\/li>\n<li>Za\u0161to politi\u010dari i \u010dlanovi dr\u017eavne komisije nisu ustanovili Sutorinu kao spornu teritoriju;<\/li>\n<li>Za\u0161to su se politi\u010dki predstavnici u BiH oglu\u0161ili o mi\u0161ljenju predstavnika Akademske inicijative koji su \u017eivjeli sa problemom Sutorine;<\/li>\n<li>Dr\u017eavna komisija za granice BiH u vi\u0161e navrata je bez kvoruma odlu\u010divala o granici sa Crnom Gorom;<\/li>\n<li>Za\u0161to je predstavnicima Akademske inicijative uskra\u0107eno da govore na stru\u010dnoj raspravi;<\/li>\n<li>\u010covi\u0107 Sutorinu predaje Crnogorcima a Hrvati u Hrvatskoj ne daju pedlja morske povr\u0161ine Sloveniji;<\/li>\n<li>Za\u0161to se na\u0161i predstavnici vlasti pona\u0161aju kao da su na platnom spisku Crne Gore;<\/li>\n<li>Ima li nade za povrat Sutorine;<\/li>\n<li>Tra\u017eimo hitnu sjednicu Predsjedni\u0161tva i odluku o moratoriju na potpis ugovora o granici sa Crnom Gorom;<\/li>\n<li>Hrvatska u Parlamentu nije ratificirala dogovor o granici izme\u0111u Izetbegovi\u0107a i Tu\u0111mana od 1999. i ne\u0107e;<\/li>\n<li>Zato Parlament BiH ne bi smio ratificirati ugovor koji Surorinu predaje Crnoj Gori.<\/li>\n<\/ul>\n<p style=\"text-align: justify\"><strong>(SBK)<\/strong><\/p>\n<p style=\"text-align: justify\">\nPogledajte vijest na izvornom sajtu:<\/p>\n<p><a href=\"http:\/\/bosnapress.net\/fbi-organizira-javnu-tribinu-potpisivanje-ugovora-o-granici-sa-crnom-gorom-je-veleizdaja-bih\/\" target=\"_blank\">FBI organizira javnu tribinu: \u201cPotpisivanje ugovora o granici sa Crnom Gorom je veleizdaja BiH\u201d<\/a><\/p>\n","protected":false},"excerpt":{"rendered":"<p>Sarajevo, Crna Gora\u00a0\u2013 Povodom potpisivanja Ugovora o granici sa Crnom Gorom \u201eForum bo\u0161nja\u010dkih intelektualaca\u201c \u0107e u utorak, 25. avgusta 2015. godine odr\u017eati javnu tribinu na temu: \u201ePOTPISIVANJE UGOVORA O GRANICI SA CRNOM GOROM JE NAJVE\u0106A PREVARA I VELEIZDAJA BOSNE I HERCEGOVINE\u201c Tribina \u0107e se odr\u017eati u Hotelu Evropa (sala Atrium, prizemlje do recepcije), u Sarajevu [&hellip;]<\/p>\n","protected":false},"author":83,"featured_media":134305,"comment_status":"open","ping_status":"open","sticky":false,"template":"","format":"standard","meta":{"footnotes":""},"categories":[10513],"tags":[10466],"class_list":{"0":"post-134303","1":"post","2":"type-post","3":"status-publish","4":"format-standard","5":"has-post-thumbnail","7":"category-bosna-press","8":"tag-bosna-i-hercegovina"},"yoast_head":"<!-- This site is optimized with the Yoast SEO Premium plugin v23.1 (Yoast SEO v24.9) - https:\/\/yoast.com\/wordpress\/plugins\/seo\/ -->\n<title>FBI organizira javnu tribinu: \u201cPotpisivanje ugovora o granici sa Crnom Gorom je veleizdaja BiH\u201d<\/title>\n<meta name=\"robots\" content=\"index, follow, max-snippet:-1, max-image-preview:large, max-video-preview:-1\" \/>\n<link rel=\"canonical\" href=\"https:\/\/sandzakpress.net\/arhiva\/fbi-organizira-javnu-tribinu-potpisivanje-ugovora-o-granici-sa-crnom-gorom-je-veleizdaja-bih\/\" \/>\n<meta property=\"og:locale\" content=\"bs_BA\" \/>\n<meta property=\"og:type\" content=\"article\" \/>\n<meta property=\"og:title\" content=\"FBI organizira javnu tribinu: \u201cPotpisivanje ugovora o granici sa Crnom Gorom je veleizdaja BiH\u201d\" \/>\n<meta property=\"og:description\" content=\"Sarajevo, Crna Gora\u00a0\u2013 Povodom potpisivanja Ugovora o granici sa Crnom Gorom \u201eForum bo\u0161nja\u010dkih intelektualaca\u201c \u0107e u utorak, 25. avgusta 2015. godine odr\u017eati javnu tribinu na temu: \u201ePOTPISIVANJE UGOVORA O GRANICI SA CRNOM GOROM JE NAJVE\u0106A PREVARA I VELEIZDAJA BOSNE I HERCEGOVINE\u201c Tribina \u0107e se odr\u017eati u Hotelu Evropa (sala Atrium, prizemlje do recepcije), u Sarajevu [&hellip;]\" \/>\n<meta property=\"og:url\" content=\"https:\/\/sandzakpress.net\/arhiva\/fbi-organizira-javnu-tribinu-potpisivanje-ugovora-o-granici-sa-crnom-gorom-je-veleizdaja-bih\/\" \/>\n<meta property=\"og:site_name\" content=\"Sand\u017eak PRESS\" \/>\n<meta property=\"article:published_time\" content=\"2015-08-21T10:42:41+00:00\" \/>\n<meta property=\"og:image\" content=\"https:\/\/sandzakpress.net\/arhiva\/wp-content\/uploads\/2015\/08\/Tribina25081SUTORINA-600x4251.jpg\" \/>\n\t<meta property=\"og:image:width\" content=\"600\" \/>\n\t<meta property=\"og:image:height\" content=\"425\" \/>\n\t<meta property=\"og:image:type\" content=\"image\/jpeg\" \/>\n<meta name=\"author\" content=\"bosniak\" \/>\n<meta name=\"twitter:card\" content=\"summary_large_image\" \/>\n<meta name=\"twitter:label1\" content=\"Written by\" \/>\n\t<meta name=\"twitter:data1\" content=\"bosniak\" \/>\n\t<meta name=\"twitter:label2\" content=\"Est. reading time\" \/>\n\t<meta name=\"twitter:data2\" content=\"2 minute\" \/>\n<script type=\"application\/ld+json\" class=\"yoast-schema-graph\">{\"@context\":\"https:\/\/schema.org\",\"@graph\":[{\"@type\":\"Article\",\"@id\":\"https:\/\/sandzakpress.net\/arhiva\/fbi-organizira-javnu-tribinu-potpisivanje-ugovora-o-granici-sa-crnom-gorom-je-veleizdaja-bih\/#article\",\"isPartOf\":{\"@id\":\"https:\/\/sandzakpress.net\/arhiva\/fbi-organizira-javnu-tribinu-potpisivanje-ugovora-o-granici-sa-crnom-gorom-je-veleizdaja-bih\/\"},\"author\":{\"name\":\"bosniak\",\"@id\":\"https:\/\/sandzakpress.net\/arhiva\/#\/schema\/person\/c8baee722073534b583ea7bdb2e36c02\"},\"headline\":\"FBI organizira javnu tribinu: \u201cPotpisivanje ugovora o granici sa Crnom Gorom je veleizdaja BiH\u201d\",\"datePublished\":\"2015-08-21T10:42:41+00:00\",\"mainEntityOfPage\":{\"@id\":\"https:\/\/sandzakpress.net\/arhiva\/fbi-organizira-javnu-tribinu-potpisivanje-ugovora-o-granici-sa-crnom-gorom-je-veleizdaja-bih\/\"},\"wordCount\":327,\"commentCount\":3,\"publisher\":{\"@id\":\"https:\/\/sandzakpress.net\/arhiva\/#\/schema\/person\/6e72b67d6e51910a1117b3b483ba20bd\"},\"image\":{\"@id\":\"https:\/\/sandzakpress.net\/arhiva\/fbi-organizira-javnu-tribinu-potpisivanje-ugovora-o-granici-sa-crnom-gorom-je-veleizdaja-bih\/#primaryimage\"},\"thumbnailUrl\":\"https:\/\/sandzakpress.net\/arhiva\/wp-content\/uploads\/2015\/08\/Tribina25081SUTORINA-600x4251.jpg\",\"keywords\":[\"Bosna i Hercegovina\"],\"articleSection\":[\"Bosna PRESS\"],\"inLanguage\":\"bs-BA\",\"potentialAction\":[{\"@type\":\"CommentAction\",\"name\":\"Comment\",\"target\":[\"https:\/\/sandzakpress.net\/arhiva\/fbi-organizira-javnu-tribinu-potpisivanje-ugovora-o-granici-sa-crnom-gorom-je-veleizdaja-bih\/#respond\"]}]},{\"@type\":\"WebPage\",\"@id\":\"https:\/\/sandzakpress.net\/arhiva\/fbi-organizira-javnu-tribinu-potpisivanje-ugovora-o-granici-sa-crnom-gorom-je-veleizdaja-bih\/\",\"url\":\"https:\/\/sandzakpress.net\/arhiva\/fbi-organizira-javnu-tribinu-potpisivanje-ugovora-o-granici-sa-crnom-gorom-je-veleizdaja-bih\/\",\"name\":\"FBI organizira javnu tribinu: \u201cPotpisivanje ugovora o granici sa Crnom Gorom je veleizdaja BiH\u201d\",\"isPartOf\":{\"@id\":\"https:\/\/sandzakpress.net\/arhiva\/#website\"},\"primaryImageOfPage\":{\"@id\":\"https:\/\/sandzakpress.net\/arhiva\/fbi-organizira-javnu-tribinu-potpisivanje-ugovora-o-granici-sa-crnom-gorom-je-veleizdaja-bih\/#primaryimage\"},\"image\":{\"@id\":\"https:\/\/sandzakpress.net\/arhiva\/fbi-organizira-javnu-tribinu-potpisivanje-ugovora-o-granici-sa-crnom-gorom-je-veleizdaja-bih\/#primaryimage\"},\"thumbnailUrl\":\"https:\/\/sandzakpress.net\/arhiva\/wp-content\/uploads\/2015\/08\/Tribina25081SUTORINA-600x4251.jpg\",\"datePublished\":\"2015-08-21T10:42:41+00:00\",\"breadcrumb\":{\"@id\":\"https:\/\/sandzakpress.net\/arhiva\/fbi-organizira-javnu-tribinu-potpisivanje-ugovora-o-granici-sa-crnom-gorom-je-veleizdaja-bih\/#breadcrumb\"},\"inLanguage\":\"bs-BA\",\"potentialAction\":[{\"@type\":\"ReadAction\",\"target\":[\"https:\/\/sandzakpress.net\/arhiva\/fbi-organizira-javnu-tribinu-potpisivanje-ugovora-o-granici-sa-crnom-gorom-je-veleizdaja-bih\/\"]}]},{\"@type\":\"ImageObject\",\"inLanguage\":\"bs-BA\",\"@id\":\"https:\/\/sandzakpress.net\/arhiva\/fbi-organizira-javnu-tribinu-potpisivanje-ugovora-o-granici-sa-crnom-gorom-je-veleizdaja-bih\/#primaryimage\",\"url\":\"https:\/\/sandzakpress.net\/arhiva\/wp-content\/uploads\/2015\/08\/Tribina25081SUTORINA-600x4251.jpg\",\"contentUrl\":\"https:\/\/sandzakpress.net\/arhiva\/wp-content\/uploads\/2015\/08\/Tribina25081SUTORINA-600x4251.jpg\",\"width\":600,\"height\":425},{\"@type\":\"BreadcrumbList\",\"@id\":\"https:\/\/sandzakpress.net\/arhiva\/fbi-organizira-javnu-tribinu-potpisivanje-ugovora-o-granici-sa-crnom-gorom-je-veleizdaja-bih\/#breadcrumb\",\"itemListElement\":[{\"@type\":\"ListItem\",\"position\":1,\"name\":\"Home\",\"item\":\"https:\/\/sandzakpress.net\/arhiva\/\"},{\"@type\":\"ListItem\",\"position\":2,\"name\":\"FBI organizira javnu tribinu: \u201cPotpisivanje ugovora o granici sa Crnom Gorom je veleizdaja BiH\u201d\"}]},{\"@type\":\"WebSite\",\"@id\":\"https:\/\/sandzakpress.net\/arhiva\/#website\",\"url\":\"https:\/\/sandzakpress.net\/arhiva\/\",\"name\":\"Sand\u017eak PRESS\",\"description\":\"Prve elektronske novine u Sand\u017eaku\",\"publisher\":{\"@id\":\"https:\/\/sandzakpress.net\/arhiva\/#\/schema\/person\/6e72b67d6e51910a1117b3b483ba20bd\"},\"potentialAction\":[{\"@type\":\"SearchAction\",\"target\":{\"@type\":\"EntryPoint\",\"urlTemplate\":\"https:\/\/sandzakpress.net\/arhiva\/?s={search_term_string}\"},\"query-input\":{\"@type\":\"PropertyValueSpecification\",\"valueRequired\":true,\"valueName\":\"search_term_string\"}}],\"inLanguage\":\"bs-BA\"},{\"@type\":[\"Person\",\"Organization\"],\"@id\":\"https:\/\/sandzakpress.net\/arhiva\/#\/schema\/person\/6e72b67d6e51910a1117b3b483ba20bd\",\"name\":\"Kul\",\"image\":{\"@type\":\"ImageObject\",\"inLanguage\":\"bs-BA\",\"@id\":\"https:\/\/sandzakpress.net\/arhiva\/#\/schema\/person\/image\/\",\"url\":\"https:\/\/secure.gravatar.com\/avatar\/42263f39aa27ac04c43cab85c280eb2e?s=96&d=mm&r=pg\",\"contentUrl\":\"https:\/\/secure.gravatar.com\/avatar\/42263f39aa27ac04c43cab85c280eb2e?s=96&d=mm&r=pg\",\"caption\":\"Kul\"},\"logo\":{\"@id\":\"https:\/\/sandzakpress.net\/arhiva\/#\/schema\/person\/image\/\"}},{\"@type\":\"Person\",\"@id\":\"https:\/\/sandzakpress.net\/arhiva\/#\/schema\/person\/c8baee722073534b583ea7bdb2e36c02\",\"name\":\"bosniak\",\"image\":{\"@type\":\"ImageObject\",\"inLanguage\":\"bs-BA\",\"@id\":\"https:\/\/sandzakpress.net\/arhiva\/#\/schema\/person\/image\/\",\"url\":\"https:\/\/secure.gravatar.com\/avatar\/a04fd330bfe3a36a72a0ad4a6d89fca7?s=96&d=mm&r=pg\",\"contentUrl\":\"https:\/\/secure.gravatar.com\/avatar\/a04fd330bfe3a36a72a0ad4a6d89fca7?s=96&d=mm&r=pg\",\"caption\":\"bosniak\"},\"url\":\"https:\/\/sandzakpress.net\/arhiva\/author\/bosniak\/\"}]}<\/script>\n<!-- \/ Yoast SEO Premium plugin. -->","yoast_head_json":{"title":"FBI organizira javnu tribinu: \u201cPotpisivanje ugovora o granici sa Crnom Gorom je veleizdaja BiH\u201d","robots":{"index":"index","follow":"follow","max-snippet":"max-snippet:-1","max-image-preview":"max-image-preview:large","max-video-preview":"max-video-preview:-1"},"canonical":"https:\/\/sandzakpress.net\/arhiva\/fbi-organizira-javnu-tribinu-potpisivanje-ugovora-o-granici-sa-crnom-gorom-je-veleizdaja-bih\/","og_locale":"bs_BA","og_type":"article","og_title":"FBI organizira javnu tribinu: \u201cPotpisivanje ugovora o granici sa Crnom Gorom je veleizdaja BiH\u201d","og_description":"Sarajevo, Crna Gora\u00a0\u2013 Povodom potpisivanja Ugovora o granici sa Crnom Gorom \u201eForum bo\u0161nja\u010dkih intelektualaca\u201c \u0107e u utorak, 25. avgusta 2015. godine odr\u017eati javnu tribinu na temu: \u201ePOTPISIVANJE UGOVORA O GRANICI SA CRNOM GOROM JE NAJVE\u0106A PREVARA I VELEIZDAJA BOSNE I HERCEGOVINE\u201c Tribina \u0107e se odr\u017eati u Hotelu Evropa (sala Atrium, prizemlje do recepcije), u Sarajevu [&hellip;]","og_url":"https:\/\/sandzakpress.net\/arhiva\/fbi-organizira-javnu-tribinu-potpisivanje-ugovora-o-granici-sa-crnom-gorom-je-veleizdaja-bih\/","og_site_name":"Sand\u017eak PRESS","article_published_time":"2015-08-21T10:42:41+00:00","og_image":[{"width":600,"height":425,"url":"https:\/\/sandzakpress.net\/arhiva\/wp-content\/uploads\/2015\/08\/Tribina25081SUTORINA-600x4251.jpg","type":"image\/jpeg"}],"author":"bosniak","twitter_card":"summary_large_image","twitter_misc":{"Written by":"bosniak","Est. reading time":"2 minute"},"schema":{"@context":"https:\/\/schema.org","@graph":[{"@type":"Article","@id":"https:\/\/sandzakpress.net\/arhiva\/fbi-organizira-javnu-tribinu-potpisivanje-ugovora-o-granici-sa-crnom-gorom-je-veleizdaja-bih\/#article","isPartOf":{"@id":"https:\/\/sandzakpress.net\/arhiva\/fbi-organizira-javnu-tribinu-potpisivanje-ugovora-o-granici-sa-crnom-gorom-je-veleizdaja-bih\/"},"author":{"name":"bosniak","@id":"https:\/\/sandzakpress.net\/arhiva\/#\/schema\/person\/c8baee722073534b583ea7bdb2e36c02"},"headline":"FBI organizira javnu tribinu: \u201cPotpisivanje ugovora o granici sa Crnom Gorom je veleizdaja BiH\u201d","datePublished":"2015-08-21T10:42:41+00:00","mainEntityOfPage":{"@id":"https:\/\/sandzakpress.net\/arhiva\/fbi-organizira-javnu-tribinu-potpisivanje-ugovora-o-granici-sa-crnom-gorom-je-veleizdaja-bih\/"},"wordCount":327,"commentCount":3,"publisher":{"@id":"https:\/\/sandzakpress.net\/arhiva\/#\/schema\/person\/6e72b67d6e51910a1117b3b483ba20bd"},"image":{"@id":"https:\/\/sandzakpress.net\/arhiva\/fbi-organizira-javnu-tribinu-potpisivanje-ugovora-o-granici-sa-crnom-gorom-je-veleizdaja-bih\/#primaryimage"},"thumbnailUrl":"https:\/\/sandzakpress.net\/arhiva\/wp-content\/uploads\/2015\/08\/Tribina25081SUTORINA-600x4251.jpg","keywords":["Bosna i Hercegovina"],"articleSection":["Bosna PRESS"],"inLanguage":"bs-BA","potentialAction":[{"@type":"CommentAction","name":"Comment","target":["https:\/\/sandzakpress.net\/arhiva\/fbi-organizira-javnu-tribinu-potpisivanje-ugovora-o-granici-sa-crnom-gorom-je-veleizdaja-bih\/#respond"]}]},{"@type":"WebPage","@id":"https:\/\/sandzakpress.net\/arhiva\/fbi-organizira-javnu-tribinu-potpisivanje-ugovora-o-granici-sa-crnom-gorom-je-veleizdaja-bih\/","url":"https:\/\/sandzakpress.net\/arhiva\/fbi-organizira-javnu-tribinu-potpisivanje-ugovora-o-granici-sa-crnom-gorom-je-veleizdaja-bih\/","name":"FBI organizira javnu tribinu: \u201cPotpisivanje ugovora o granici sa Crnom Gorom je veleizdaja BiH\u201d","isPartOf":{"@id":"https:\/\/sandzakpress.net\/arhiva\/#website"},"primaryImageOfPage":{"@id":"https:\/\/sandzakpress.net\/arhiva\/fbi-organizira-javnu-tribinu-potpisivanje-ugovora-o-granici-sa-crnom-gorom-je-veleizdaja-bih\/#primaryimage"},"image":{"@id":"https:\/\/sandzakpress.net\/arhiva\/fbi-organizira-javnu-tribinu-potpisivanje-ugovora-o-granici-sa-crnom-gorom-je-veleizdaja-bih\/#primaryimage"},"thumbnailUrl":"https:\/\/sandzakpress.net\/arhiva\/wp-content\/uploads\/2015\/08\/Tribina25081SUTORINA-600x4251.jpg","datePublished":"2015-08-21T10:42:41+00:00","breadcrumb":{"@id":"https:\/\/sandzakpress.net\/arhiva\/fbi-organizira-javnu-tribinu-potpisivanje-ugovora-o-granici-sa-crnom-gorom-je-veleizdaja-bih\/#breadcrumb"},"inLanguage":"bs-BA","potentialAction":[{"@type":"ReadAction","target":["https:\/\/sandzakpress.net\/arhiva\/fbi-organizira-javnu-tribinu-potpisivanje-ugovora-o-granici-sa-crnom-gorom-je-veleizdaja-bih\/"]}]},{"@type":"ImageObject","inLanguage":"bs-BA","@id":"https:\/\/sandzakpress.net\/arhiva\/fbi-organizira-javnu-tribinu-potpisivanje-ugovora-o-granici-sa-crnom-gorom-je-veleizdaja-bih\/#primaryimage","url":"https:\/\/sandzakpress.net\/arhiva\/wp-content\/uploads\/2015\/08\/Tribina25081SUTORINA-600x4251.jpg","contentUrl":"https:\/\/sandzakpress.net\/arhiva\/wp-content\/uploads\/2015\/08\/Tribina25081SUTORINA-600x4251.jpg","width":600,"height":425},{"@type":"BreadcrumbList","@id":"https:\/\/sandzakpress.net\/arhiva\/fbi-organizira-javnu-tribinu-potpisivanje-ugovora-o-granici-sa-crnom-gorom-je-veleizdaja-bih\/#breadcrumb","itemListElement":[{"@type":"ListItem","position":1,"name":"Home","item":"https:\/\/sandzakpress.net\/arhiva\/"},{"@type":"ListItem","position":2,"name":"FBI organizira javnu tribinu: \u201cPotpisivanje ugovora o granici sa Crnom Gorom je veleizdaja BiH\u201d"}]},{"@type":"WebSite","@id":"https:\/\/sandzakpress.net\/arhiva\/#website","url":"https:\/\/sandzakpress.net\/arhiva\/","name":"Sand\u017eak PRESS","description":"Prve elektronske novine u Sand\u017eaku","publisher":{"@id":"https:\/\/sandzakpress.net\/arhiva\/#\/schema\/person\/6e72b67d6e51910a1117b3b483ba20bd"},"potentialAction":[{"@type":"SearchAction","target":{"@type":"EntryPoint","urlTemplate":"https:\/\/sandzakpress.net\/arhiva\/?s={search_term_string}"},"query-input":{"@type":"PropertyValueSpecification","valueRequired":true,"valueName":"search_term_string"}}],"inLanguage":"bs-BA"},{"@type":["Person","Organization"],"@id":"https:\/\/sandzakpress.net\/arhiva\/#\/schema\/person\/6e72b67d6e51910a1117b3b483ba20bd","name":"Kul","image":{"@type":"ImageObject","inLanguage":"bs-BA","@id":"https:\/\/sandzakpress.net\/arhiva\/#\/schema\/person\/image\/","url":"https:\/\/secure.gravatar.com\/avatar\/42263f39aa27ac04c43cab85c280eb2e?s=96&d=mm&r=pg","contentUrl":"https:\/\/secure.gravatar.com\/avatar\/42263f39aa27ac04c43cab85c280eb2e?s=96&d=mm&r=pg","caption":"Kul"},"logo":{"@id":"https:\/\/sandzakpress.net\/arhiva\/#\/schema\/person\/image\/"}},{"@type":"Person","@id":"https:\/\/sandzakpress.net\/arhiva\/#\/schema\/person\/c8baee722073534b583ea7bdb2e36c02","name":"bosniak","image":{"@type":"ImageObject","inLanguage":"bs-BA","@id":"https:\/\/sandzakpress.net\/arhiva\/#\/schema\/person\/image\/","url":"https:\/\/secure.gravatar.com\/avatar\/a04fd330bfe3a36a72a0ad4a6d89fca7?s=96&d=mm&r=pg","contentUrl":"https:\/\/secure.gravatar.com\/avatar\/a04fd330bfe3a36a72a0ad4a6d89fca7?s=96&d=mm&r=pg","caption":"bosniak"},"url":"https:\/\/sandzakpress.net\/arhiva\/author\/bosniak\/"}]}},"_links":{"self":[{"href":"https:\/\/sandzakpress.net\/arhiva\/wp-json\/wp\/v2\/posts\/134303"}],"collection":[{"href":"https:\/\/sandzakpress.net\/arhiva\/wp-json\/wp\/v2\/posts"}],"about":[{"href":"https:\/\/sandzakpress.net\/arhiva\/wp-json\/wp\/v2\/types\/post"}],"author":[{"embeddable":true,"href":"https:\/\/sandzakpress.net\/arhiva\/wp-json\/wp\/v2\/users\/83"}],"replies":[{"embeddable":true,"href":"https:\/\/sandzakpress.net\/arhiva\/wp-json\/wp\/v2\/comments?post=134303"}],"version-history":[{"count":0,"href":"https:\/\/sandzakpress.net\/arhiva\/wp-json\/wp\/v2\/posts\/134303\/revisions"}],"wp:featuredmedia":[{"embeddable":true,"href":"https:\/\/sandzakpress.net\/arhiva\/wp-json\/wp\/v2\/media\/134305"}],"wp:attachment":[{"href":"https:\/\/sandzakpress.net\/arhiva\/wp-json\/wp\/v2\/media?parent=134303"}],"wp:term":[{"taxonomy":"category","embeddable":true,"href":"https:\/\/sandzakpress.net\/arhiva\/wp-json\/wp\/v2\/categories?post=134303"},{"taxonomy":"post_tag","embeddable":true,"href":"https:\/\/sandzakpress.net\/arhiva\/wp-json\/wp\/v2\/tags?post=134303"}],"curies":[{"name":"wp","href":"https:\/\/api.w.org\/{rel}","templated":true}]}}