{"id":134297,"date":"2015-08-20T21:16:58","date_gmt":"2015-08-20T19:16:58","guid":{"rendered":"https:\/\/sandzakpress.net\/arhiva\/ratko-mladic-druze-sudija-kad-me-oslobodite-poslat-cu-vam-litru-rakije"},"modified":"2015-08-20T21:16:58","modified_gmt":"2015-08-20T19:16:58","slug":"ratko-mladic-druze-sudija-kad-me-oslobodite-poslat-cu-vam-litru-rakije","status":"publish","type":"post","link":"https:\/\/sandzakpress.net\/arhiva\/ratko-mladic-druze-sudija-kad-me-oslobodite-poslat-cu-vam-litru-rakije\/","title":{"rendered":"Ratko Mladi\u0107: Dru\u017ee sudija, kad me oslobodite, poslat \u0107u vam litru rakije"},"content":{"rendered":"<h4><img loading=\"lazy\" decoding=\"async\" class=\"\" src=\"http:\/\/i1.wp.com\/bosnjaci.agency\/wp-content\/uploads\/2015\/06\/Tomasica-Mladic.jpg?resize=470%2C260\" width=\"600\" height=\"332\" \/><\/h4>\n<h4>Svijet \u2013 Optu\u017eeni Ratko Mladi\u0107 je u nastavku su\u0111enja pred Ha\u0161kim tribunalom obe\u0107ao da \u0107e predsjedavaju\u0107em sudiji Alphonsu Orieju poslati litru rakije, nakon \u0161to bude oslobo\u0111en.<\/h4>\n<p>\u201cKad me budete oslobodili, poslat \u0107u vam litru rakije frontova\u010de\u201d, rekao je sudiji Mladi\u0107, obra\u0107aju\u0107i mu se sa \u201cdru\u017ee Orie\u201d.<\/p>\n<p>Mladi\u0107 se sudiji obratio na kraju iskaza svjedoka Odbrane \u017darka Stojkovi\u0107a, kome je bio kum na vjen\u010danju u Beogradu 16. jula 1995. godine, u vrijeme kada je, po optu\u017enici, Vojska Republike Srpske (VRS) strijeljala hiljade Muslimana iz Srebrenice, javlja BIRN-Justice Report.<\/p>\n<p>Mladi\u0107u se na teret stavljaju \u2013 osim genocida u Srebrenici i jo\u0161 nekoliko op\u0107ina 1992. godine \u2013 progoni nesrpskog stanovni\u0161tva, teroriziranje gra\u0111ana Sarajeva i uzimanje pripadnika UNPROFOR-a za taoce.<\/p>\n<p>Stojkovi\u0107 i njegova supruga Biljana Mladi\u0107u su dali alibi za 16. juli 1995. godine, kazav\u0161i da je bio na njihovom crkvenom vjen\u010danju i svadbenom veselju u Beogradu.<\/p>\n<p>Tu\u017eilac Peter McCloskey je svjedoka Stojkovi\u0107a detaljno ispitivao, izme\u0111u ostalog, i o tome \u0161ta se na svadbi u beogradskom restoranu \u201cDva ribara\u201d pilo \u2013 vino i \u0161ljivovica \u2013 i \u0161ta je pio Mladi\u0107. Stojkovi\u0107 je kazao da je Mladi\u0107 popio malo rakije samo pri zdravici koju je kao kum posvetio mladencima.<\/p>\n<p>Tu\u017eilac i sudije \u017eeljele su znati i da li je Mladi\u0107 na svadbi pu\u0161io, te da li je napu\u0161tao sto i odlazio u toalet. Svjedok je i jedno i drugo negirao, poslije \u010dega mu je zastupnik optu\u017ebe pokazao fotografiju na kojoj Mladi\u0107 za svadbenim stolom, sjede\u0107i do mladenaca, dr\u017ei cigaretu u ruci.<\/p>\n<p>Po okon\u010danju Stojkovi\u0107evog svjedo\u010denja, Mladi\u0107 je zatra\u017eio da ne prisustvuje raspravi o administrativnim pitanjima, koja je uslijedila zato \u0161to odbrana nije imala vi\u0161e svjedoka na raspolaganju.<\/p>\n<p>Po\u0161to ga je predsjedavaju\u0107i sudija pitao da li se odri\u010de prava da prisustvuje nastavku ro\u010di\u0161ta, Mladi\u0107, kome je Vije\u0107e ina\u010de zabranilo da glasno govori u sudnici, rekao je: \u201cDru\u017ee Orie, odri\u010dem se prava i imam potrebu da primim kumove u zatvorskoj jedinici. I kada me budete osloboditi, poslat \u0107u vam litru frontova\u010de.\u201d<\/p>\n<p>Su\u0111enje Mladi\u0107u bit \u0107e nastavljeno u ponedjeljak, 24. augusta.<\/p>\n<p><em>Izvor: Agencije<\/em><\/p>\n<p>Pogledajte vijest na izvornom sajtu:<\/p>\n<p><a href=\"http:\/\/bosnapress.net\/ratko-mladic-druze-sudija-kad-me-oslobodite-poslat-cu-vam-litru-rakije\/\" target=\"_blank\">Ratko Mladi\u0107: Dru\u017ee sudija, kad me oslobodite, poslat \u0107u vam litru rakije<\/a><\/p>\n","protected":false},"excerpt":{"rendered":"<p>Svijet \u2013 Optu\u017eeni Ratko Mladi\u0107 je u nastavku su\u0111enja pred Ha\u0161kim tribunalom obe\u0107ao da \u0107e predsjedavaju\u0107em sudiji Alphonsu Orieju poslati litru rakije, nakon \u0161to bude oslobo\u0111en. \u201cKad me budete oslobodili, poslat \u0107u vam litru rakije frontova\u010de\u201d, rekao je sudiji Mladi\u0107, obra\u0107aju\u0107i mu se sa \u201cdru\u017ee Orie\u201d. Mladi\u0107 se sudiji obratio na kraju iskaza svjedoka Odbrane [&hellip;]<\/p>\n","protected":false},"author":83,"featured_media":134298,"comment_status":"open","ping_status":"open","sticky":false,"template":"","format":"standard","meta":{"footnotes":""},"categories":[10513],"tags":[10466],"class_list":{"0":"post-134297","1":"post","2":"type-post","3":"status-publish","4":"format-standard","5":"has-post-thumbnail","7":"category-bosna-press","8":"tag-bosna-i-hercegovina"},"yoast_head":"<!-- This site is optimized with the Yoast SEO Premium plugin v23.1 (Yoast SEO v24.9) - https:\/\/yoast.com\/wordpress\/plugins\/seo\/ -->\n<title>Ratko Mladi\u0107: Dru\u017ee sudija, kad me oslobodite, poslat \u0107u vam litru rakije<\/title>\n<meta name=\"robots\" content=\"index, follow, max-snippet:-1, max-image-preview:large, max-video-preview:-1\" \/>\n<link rel=\"canonical\" href=\"https:\/\/sandzakpress.net\/arhiva\/ratko-mladic-druze-sudija-kad-me-oslobodite-poslat-cu-vam-litru-rakije\/\" \/>\n<meta property=\"og:locale\" content=\"bs_BA\" \/>\n<meta property=\"og:type\" content=\"article\" \/>\n<meta property=\"og:title\" content=\"Ratko Mladi\u0107: Dru\u017ee sudija, kad me oslobodite, poslat \u0107u vam litru rakije\" \/>\n<meta property=\"og:description\" content=\"Svijet \u2013 Optu\u017eeni Ratko Mladi\u0107 je u nastavku su\u0111enja pred Ha\u0161kim tribunalom obe\u0107ao da \u0107e predsjedavaju\u0107em sudiji Alphonsu Orieju poslati litru rakije, nakon \u0161to bude oslobo\u0111en. \u201cKad me budete oslobodili, poslat \u0107u vam litru rakije frontova\u010de\u201d, rekao je sudiji Mladi\u0107, obra\u0107aju\u0107i mu se sa \u201cdru\u017ee Orie\u201d. Mladi\u0107 se sudiji obratio na kraju iskaza svjedoka Odbrane [&hellip;]\" \/>\n<meta property=\"og:url\" content=\"https:\/\/sandzakpress.net\/arhiva\/ratko-mladic-druze-sudija-kad-me-oslobodite-poslat-cu-vam-litru-rakije\/\" \/>\n<meta property=\"og:site_name\" content=\"Sand\u017eak PRESS\" \/>\n<meta property=\"article:published_time\" content=\"2015-08-20T19:16:58+00:00\" \/>\n<meta property=\"og:image\" content=\"https:\/\/sandzakpress.net\/arhiva\/wp-content\/uploads\/2015\/08\/Tomasica-Mladic.jpg\" \/>\n\t<meta property=\"og:image:width\" content=\"470\" \/>\n\t<meta property=\"og:image:height\" content=\"260\" \/>\n\t<meta property=\"og:image:type\" content=\"image\/jpeg\" \/>\n<meta name=\"author\" content=\"bosniak\" \/>\n<meta name=\"twitter:card\" content=\"summary_large_image\" \/>\n<meta name=\"twitter:label1\" content=\"Written by\" \/>\n\t<meta name=\"twitter:data1\" content=\"bosniak\" \/>\n\t<meta name=\"twitter:label2\" content=\"Est. reading time\" \/>\n\t<meta name=\"twitter:data2\" content=\"2 minute\" \/>\n<script type=\"application\/ld+json\" class=\"yoast-schema-graph\">{\"@context\":\"https:\/\/schema.org\",\"@graph\":[{\"@type\":\"Article\",\"@id\":\"https:\/\/sandzakpress.net\/arhiva\/ratko-mladic-druze-sudija-kad-me-oslobodite-poslat-cu-vam-litru-rakije\/#article\",\"isPartOf\":{\"@id\":\"https:\/\/sandzakpress.net\/arhiva\/ratko-mladic-druze-sudija-kad-me-oslobodite-poslat-cu-vam-litru-rakije\/\"},\"author\":{\"name\":\"bosniak\",\"@id\":\"https:\/\/sandzakpress.net\/arhiva\/#\/schema\/person\/c8baee722073534b583ea7bdb2e36c02\"},\"headline\":\"Ratko Mladi\u0107: Dru\u017ee sudija, kad me oslobodite, poslat \u0107u vam litru rakije\",\"datePublished\":\"2015-08-20T19:16:58+00:00\",\"mainEntityOfPage\":{\"@id\":\"https:\/\/sandzakpress.net\/arhiva\/ratko-mladic-druze-sudija-kad-me-oslobodite-poslat-cu-vam-litru-rakije\/\"},\"wordCount\":401,\"commentCount\":2,\"publisher\":{\"@id\":\"https:\/\/sandzakpress.net\/arhiva\/#\/schema\/person\/6e72b67d6e51910a1117b3b483ba20bd\"},\"image\":{\"@id\":\"https:\/\/sandzakpress.net\/arhiva\/ratko-mladic-druze-sudija-kad-me-oslobodite-poslat-cu-vam-litru-rakije\/#primaryimage\"},\"thumbnailUrl\":\"https:\/\/sandzakpress.net\/arhiva\/wp-content\/uploads\/2015\/08\/Tomasica-Mladic.jpg\",\"keywords\":[\"Bosna i Hercegovina\"],\"articleSection\":[\"Bosna PRESS\"],\"inLanguage\":\"bs-BA\",\"potentialAction\":[{\"@type\":\"CommentAction\",\"name\":\"Comment\",\"target\":[\"https:\/\/sandzakpress.net\/arhiva\/ratko-mladic-druze-sudija-kad-me-oslobodite-poslat-cu-vam-litru-rakije\/#respond\"]}]},{\"@type\":\"WebPage\",\"@id\":\"https:\/\/sandzakpress.net\/arhiva\/ratko-mladic-druze-sudija-kad-me-oslobodite-poslat-cu-vam-litru-rakije\/\",\"url\":\"https:\/\/sandzakpress.net\/arhiva\/ratko-mladic-druze-sudija-kad-me-oslobodite-poslat-cu-vam-litru-rakije\/\",\"name\":\"Ratko Mladi\u0107: Dru\u017ee sudija, kad me oslobodite, poslat \u0107u vam litru rakije\",\"isPartOf\":{\"@id\":\"https:\/\/sandzakpress.net\/arhiva\/#website\"},\"primaryImageOfPage\":{\"@id\":\"https:\/\/sandzakpress.net\/arhiva\/ratko-mladic-druze-sudija-kad-me-oslobodite-poslat-cu-vam-litru-rakije\/#primaryimage\"},\"image\":{\"@id\":\"https:\/\/sandzakpress.net\/arhiva\/ratko-mladic-druze-sudija-kad-me-oslobodite-poslat-cu-vam-litru-rakije\/#primaryimage\"},\"thumbnailUrl\":\"https:\/\/sandzakpress.net\/arhiva\/wp-content\/uploads\/2015\/08\/Tomasica-Mladic.jpg\",\"datePublished\":\"2015-08-20T19:16:58+00:00\",\"breadcrumb\":{\"@id\":\"https:\/\/sandzakpress.net\/arhiva\/ratko-mladic-druze-sudija-kad-me-oslobodite-poslat-cu-vam-litru-rakije\/#breadcrumb\"},\"inLanguage\":\"bs-BA\",\"potentialAction\":[{\"@type\":\"ReadAction\",\"target\":[\"https:\/\/sandzakpress.net\/arhiva\/ratko-mladic-druze-sudija-kad-me-oslobodite-poslat-cu-vam-litru-rakije\/\"]}]},{\"@type\":\"ImageObject\",\"inLanguage\":\"bs-BA\",\"@id\":\"https:\/\/sandzakpress.net\/arhiva\/ratko-mladic-druze-sudija-kad-me-oslobodite-poslat-cu-vam-litru-rakije\/#primaryimage\",\"url\":\"https:\/\/sandzakpress.net\/arhiva\/wp-content\/uploads\/2015\/08\/Tomasica-Mladic.jpg\",\"contentUrl\":\"https:\/\/sandzakpress.net\/arhiva\/wp-content\/uploads\/2015\/08\/Tomasica-Mladic.jpg\",\"width\":470,\"height\":260},{\"@type\":\"BreadcrumbList\",\"@id\":\"https:\/\/sandzakpress.net\/arhiva\/ratko-mladic-druze-sudija-kad-me-oslobodite-poslat-cu-vam-litru-rakije\/#breadcrumb\",\"itemListElement\":[{\"@type\":\"ListItem\",\"position\":1,\"name\":\"Home\",\"item\":\"https:\/\/sandzakpress.net\/arhiva\/\"},{\"@type\":\"ListItem\",\"position\":2,\"name\":\"Ratko Mladi\u0107: Dru\u017ee sudija, kad me oslobodite, poslat \u0107u vam litru rakije\"}]},{\"@type\":\"WebSite\",\"@id\":\"https:\/\/sandzakpress.net\/arhiva\/#website\",\"url\":\"https:\/\/sandzakpress.net\/arhiva\/\",\"name\":\"Sand\u017eak PRESS\",\"description\":\"Prve elektronske novine u Sand\u017eaku\",\"publisher\":{\"@id\":\"https:\/\/sandzakpress.net\/arhiva\/#\/schema\/person\/6e72b67d6e51910a1117b3b483ba20bd\"},\"potentialAction\":[{\"@type\":\"SearchAction\",\"target\":{\"@type\":\"EntryPoint\",\"urlTemplate\":\"https:\/\/sandzakpress.net\/arhiva\/?s={search_term_string}\"},\"query-input\":{\"@type\":\"PropertyValueSpecification\",\"valueRequired\":true,\"valueName\":\"search_term_string\"}}],\"inLanguage\":\"bs-BA\"},{\"@type\":[\"Person\",\"Organization\"],\"@id\":\"https:\/\/sandzakpress.net\/arhiva\/#\/schema\/person\/6e72b67d6e51910a1117b3b483ba20bd\",\"name\":\"Kul\",\"image\":{\"@type\":\"ImageObject\",\"inLanguage\":\"bs-BA\",\"@id\":\"https:\/\/sandzakpress.net\/arhiva\/#\/schema\/person\/image\/\",\"url\":\"https:\/\/secure.gravatar.com\/avatar\/42263f39aa27ac04c43cab85c280eb2e?s=96&d=mm&r=pg\",\"contentUrl\":\"https:\/\/secure.gravatar.com\/avatar\/42263f39aa27ac04c43cab85c280eb2e?s=96&d=mm&r=pg\",\"caption\":\"Kul\"},\"logo\":{\"@id\":\"https:\/\/sandzakpress.net\/arhiva\/#\/schema\/person\/image\/\"}},{\"@type\":\"Person\",\"@id\":\"https:\/\/sandzakpress.net\/arhiva\/#\/schema\/person\/c8baee722073534b583ea7bdb2e36c02\",\"name\":\"bosniak\",\"image\":{\"@type\":\"ImageObject\",\"inLanguage\":\"bs-BA\",\"@id\":\"https:\/\/sandzakpress.net\/arhiva\/#\/schema\/person\/image\/\",\"url\":\"https:\/\/secure.gravatar.com\/avatar\/a04fd330bfe3a36a72a0ad4a6d89fca7?s=96&d=mm&r=pg\",\"contentUrl\":\"https:\/\/secure.gravatar.com\/avatar\/a04fd330bfe3a36a72a0ad4a6d89fca7?s=96&d=mm&r=pg\",\"caption\":\"bosniak\"},\"url\":\"https:\/\/sandzakpress.net\/arhiva\/author\/bosniak\/\"}]}<\/script>\n<!-- \/ Yoast SEO Premium plugin. -->","yoast_head_json":{"title":"Ratko Mladi\u0107: Dru\u017ee sudija, kad me oslobodite, poslat \u0107u vam litru rakije","robots":{"index":"index","follow":"follow","max-snippet":"max-snippet:-1","max-image-preview":"max-image-preview:large","max-video-preview":"max-video-preview:-1"},"canonical":"https:\/\/sandzakpress.net\/arhiva\/ratko-mladic-druze-sudija-kad-me-oslobodite-poslat-cu-vam-litru-rakije\/","og_locale":"bs_BA","og_type":"article","og_title":"Ratko Mladi\u0107: Dru\u017ee sudija, kad me oslobodite, poslat \u0107u vam litru rakije","og_description":"Svijet \u2013 Optu\u017eeni Ratko Mladi\u0107 je u nastavku su\u0111enja pred Ha\u0161kim tribunalom obe\u0107ao da \u0107e predsjedavaju\u0107em sudiji Alphonsu Orieju poslati litru rakije, nakon \u0161to bude oslobo\u0111en. \u201cKad me budete oslobodili, poslat \u0107u vam litru rakije frontova\u010de\u201d, rekao je sudiji Mladi\u0107, obra\u0107aju\u0107i mu se sa \u201cdru\u017ee Orie\u201d. Mladi\u0107 se sudiji obratio na kraju iskaza svjedoka Odbrane [&hellip;]","og_url":"https:\/\/sandzakpress.net\/arhiva\/ratko-mladic-druze-sudija-kad-me-oslobodite-poslat-cu-vam-litru-rakije\/","og_site_name":"Sand\u017eak PRESS","article_published_time":"2015-08-20T19:16:58+00:00","og_image":[{"width":470,"height":260,"url":"https:\/\/sandzakpress.net\/arhiva\/wp-content\/uploads\/2015\/08\/Tomasica-Mladic.jpg","type":"image\/jpeg"}],"author":"bosniak","twitter_card":"summary_large_image","twitter_misc":{"Written by":"bosniak","Est. reading time":"2 minute"},"schema":{"@context":"https:\/\/schema.org","@graph":[{"@type":"Article","@id":"https:\/\/sandzakpress.net\/arhiva\/ratko-mladic-druze-sudija-kad-me-oslobodite-poslat-cu-vam-litru-rakije\/#article","isPartOf":{"@id":"https:\/\/sandzakpress.net\/arhiva\/ratko-mladic-druze-sudija-kad-me-oslobodite-poslat-cu-vam-litru-rakije\/"},"author":{"name":"bosniak","@id":"https:\/\/sandzakpress.net\/arhiva\/#\/schema\/person\/c8baee722073534b583ea7bdb2e36c02"},"headline":"Ratko Mladi\u0107: Dru\u017ee sudija, kad me oslobodite, poslat \u0107u vam litru rakije","datePublished":"2015-08-20T19:16:58+00:00","mainEntityOfPage":{"@id":"https:\/\/sandzakpress.net\/arhiva\/ratko-mladic-druze-sudija-kad-me-oslobodite-poslat-cu-vam-litru-rakije\/"},"wordCount":401,"commentCount":2,"publisher":{"@id":"https:\/\/sandzakpress.net\/arhiva\/#\/schema\/person\/6e72b67d6e51910a1117b3b483ba20bd"},"image":{"@id":"https:\/\/sandzakpress.net\/arhiva\/ratko-mladic-druze-sudija-kad-me-oslobodite-poslat-cu-vam-litru-rakije\/#primaryimage"},"thumbnailUrl":"https:\/\/sandzakpress.net\/arhiva\/wp-content\/uploads\/2015\/08\/Tomasica-Mladic.jpg","keywords":["Bosna i Hercegovina"],"articleSection":["Bosna PRESS"],"inLanguage":"bs-BA","potentialAction":[{"@type":"CommentAction","name":"Comment","target":["https:\/\/sandzakpress.net\/arhiva\/ratko-mladic-druze-sudija-kad-me-oslobodite-poslat-cu-vam-litru-rakije\/#respond"]}]},{"@type":"WebPage","@id":"https:\/\/sandzakpress.net\/arhiva\/ratko-mladic-druze-sudija-kad-me-oslobodite-poslat-cu-vam-litru-rakije\/","url":"https:\/\/sandzakpress.net\/arhiva\/ratko-mladic-druze-sudija-kad-me-oslobodite-poslat-cu-vam-litru-rakije\/","name":"Ratko Mladi\u0107: Dru\u017ee sudija, kad me oslobodite, poslat \u0107u vam litru rakije","isPartOf":{"@id":"https:\/\/sandzakpress.net\/arhiva\/#website"},"primaryImageOfPage":{"@id":"https:\/\/sandzakpress.net\/arhiva\/ratko-mladic-druze-sudija-kad-me-oslobodite-poslat-cu-vam-litru-rakije\/#primaryimage"},"image":{"@id":"https:\/\/sandzakpress.net\/arhiva\/ratko-mladic-druze-sudija-kad-me-oslobodite-poslat-cu-vam-litru-rakije\/#primaryimage"},"thumbnailUrl":"https:\/\/sandzakpress.net\/arhiva\/wp-content\/uploads\/2015\/08\/Tomasica-Mladic.jpg","datePublished":"2015-08-20T19:16:58+00:00","breadcrumb":{"@id":"https:\/\/sandzakpress.net\/arhiva\/ratko-mladic-druze-sudija-kad-me-oslobodite-poslat-cu-vam-litru-rakije\/#breadcrumb"},"inLanguage":"bs-BA","potentialAction":[{"@type":"ReadAction","target":["https:\/\/sandzakpress.net\/arhiva\/ratko-mladic-druze-sudija-kad-me-oslobodite-poslat-cu-vam-litru-rakije\/"]}]},{"@type":"ImageObject","inLanguage":"bs-BA","@id":"https:\/\/sandzakpress.net\/arhiva\/ratko-mladic-druze-sudija-kad-me-oslobodite-poslat-cu-vam-litru-rakije\/#primaryimage","url":"https:\/\/sandzakpress.net\/arhiva\/wp-content\/uploads\/2015\/08\/Tomasica-Mladic.jpg","contentUrl":"https:\/\/sandzakpress.net\/arhiva\/wp-content\/uploads\/2015\/08\/Tomasica-Mladic.jpg","width":470,"height":260},{"@type":"BreadcrumbList","@id":"https:\/\/sandzakpress.net\/arhiva\/ratko-mladic-druze-sudija-kad-me-oslobodite-poslat-cu-vam-litru-rakije\/#breadcrumb","itemListElement":[{"@type":"ListItem","position":1,"name":"Home","item":"https:\/\/sandzakpress.net\/arhiva\/"},{"@type":"ListItem","position":2,"name":"Ratko Mladi\u0107: Dru\u017ee sudija, kad me oslobodite, poslat \u0107u vam litru rakije"}]},{"@type":"WebSite","@id":"https:\/\/sandzakpress.net\/arhiva\/#website","url":"https:\/\/sandzakpress.net\/arhiva\/","name":"Sand\u017eak PRESS","description":"Prve elektronske novine u Sand\u017eaku","publisher":{"@id":"https:\/\/sandzakpress.net\/arhiva\/#\/schema\/person\/6e72b67d6e51910a1117b3b483ba20bd"},"potentialAction":[{"@type":"SearchAction","target":{"@type":"EntryPoint","urlTemplate":"https:\/\/sandzakpress.net\/arhiva\/?s={search_term_string}"},"query-input":{"@type":"PropertyValueSpecification","valueRequired":true,"valueName":"search_term_string"}}],"inLanguage":"bs-BA"},{"@type":["Person","Organization"],"@id":"https:\/\/sandzakpress.net\/arhiva\/#\/schema\/person\/6e72b67d6e51910a1117b3b483ba20bd","name":"Kul","image":{"@type":"ImageObject","inLanguage":"bs-BA","@id":"https:\/\/sandzakpress.net\/arhiva\/#\/schema\/person\/image\/","url":"https:\/\/secure.gravatar.com\/avatar\/42263f39aa27ac04c43cab85c280eb2e?s=96&d=mm&r=pg","contentUrl":"https:\/\/secure.gravatar.com\/avatar\/42263f39aa27ac04c43cab85c280eb2e?s=96&d=mm&r=pg","caption":"Kul"},"logo":{"@id":"https:\/\/sandzakpress.net\/arhiva\/#\/schema\/person\/image\/"}},{"@type":"Person","@id":"https:\/\/sandzakpress.net\/arhiva\/#\/schema\/person\/c8baee722073534b583ea7bdb2e36c02","name":"bosniak","image":{"@type":"ImageObject","inLanguage":"bs-BA","@id":"https:\/\/sandzakpress.net\/arhiva\/#\/schema\/person\/image\/","url":"https:\/\/secure.gravatar.com\/avatar\/a04fd330bfe3a36a72a0ad4a6d89fca7?s=96&d=mm&r=pg","contentUrl":"https:\/\/secure.gravatar.com\/avatar\/a04fd330bfe3a36a72a0ad4a6d89fca7?s=96&d=mm&r=pg","caption":"bosniak"},"url":"https:\/\/sandzakpress.net\/arhiva\/author\/bosniak\/"}]}},"_links":{"self":[{"href":"https:\/\/sandzakpress.net\/arhiva\/wp-json\/wp\/v2\/posts\/134297"}],"collection":[{"href":"https:\/\/sandzakpress.net\/arhiva\/wp-json\/wp\/v2\/posts"}],"about":[{"href":"https:\/\/sandzakpress.net\/arhiva\/wp-json\/wp\/v2\/types\/post"}],"author":[{"embeddable":true,"href":"https:\/\/sandzakpress.net\/arhiva\/wp-json\/wp\/v2\/users\/83"}],"replies":[{"embeddable":true,"href":"https:\/\/sandzakpress.net\/arhiva\/wp-json\/wp\/v2\/comments?post=134297"}],"version-history":[{"count":0,"href":"https:\/\/sandzakpress.net\/arhiva\/wp-json\/wp\/v2\/posts\/134297\/revisions"}],"wp:featuredmedia":[{"embeddable":true,"href":"https:\/\/sandzakpress.net\/arhiva\/wp-json\/wp\/v2\/media\/134298"}],"wp:attachment":[{"href":"https:\/\/sandzakpress.net\/arhiva\/wp-json\/wp\/v2\/media?parent=134297"}],"wp:term":[{"taxonomy":"category","embeddable":true,"href":"https:\/\/sandzakpress.net\/arhiva\/wp-json\/wp\/v2\/categories?post=134297"},{"taxonomy":"post_tag","embeddable":true,"href":"https:\/\/sandzakpress.net\/arhiva\/wp-json\/wp\/v2\/tags?post=134297"}],"curies":[{"name":"wp","href":"https:\/\/api.w.org\/{rel}","templated":true}]}}