{"id":134237,"date":"2015-08-20T12:21:40","date_gmt":"2015-08-20T10:21:40","guid":{"rendered":"https:\/\/sandzakpress.net\/arhiva\/stanje-sve-alarmantnije-ovo-su-gradovi-koji-nestaju-u-bih"},"modified":"2015-08-20T12:21:40","modified_gmt":"2015-08-20T10:21:40","slug":"stanje-sve-alarmantnije-ovo-su-gradovi-koji-nestaju-u-bih","status":"publish","type":"post","link":"https:\/\/sandzakpress.net\/arhiva\/stanje-sve-alarmantnije-ovo-su-gradovi-koji-nestaju-u-bih\/","title":{"rendered":"Stanje sve alarmantnije: Ovo su gradovi koji nestaju u BiH"},"content":{"rendered":"<h4><img loading=\"lazy\" decoding=\"async\" class=\"\" src=\"http:\/\/i0.wp.com\/bosnjaci.agency\/wp-content\/uploads\/2015\/08\/ljudi-s-koferima.jpg?resize=470%2C260\" alt=\"Stanje sve alarmantnije: Ovo su gradovi koji nestaju u BiH\" width=\"600\" height=\"332\" \/><\/h4>\n<h4>BiH \u2013 Kontinuirano terensko istra\u017eivanje Unije za odr\u017eivi povratak i integracije u BiH pokazalo je kako je stanje alarmantno iseljavanjem stanovni\u0161tva u Zvorniku, Livnu, Bosanskom Grahovu, Kupresu, Sanskom Mostu, Biha\u0107u, Klju\u010du, ali i u Bratuncu, Srebrenici, Zvorniku, Mili\u0107ima i Kalesiji.<\/h4>\n<p>Mirhunisa Zuki\u0107, predsjednica Unije za odr\u017eivi povratak i integracije u BiH, kao posebno zabrinjavaju\u0107i podatak istaknula je \u010dinjenicu da iz BiH iseljavaju cijele obitelji. Ukupno je od 2013. godine do danas iz BiH oti\u0161lo vi\u0161e od 68.000 gra\u0111ana.<\/p>\n<p>\u2013 Ljudi odlaze iz ekonomskih razloga, zbog nepo\u0161tivanja osnovnih ljudskih prava kada je u pitanju obrazovanje i zapo\u0161ljavanje, ali i infrastrukture. Kada smo zavr\u0161ili istra\u017eivanje vidjeli smo da nam odlaze kompletne obitelji. Uzeli smo gradove gdje najvi\u0161e imamo odlazaka u odnosu na broj stanovnika i ovdje nisu u pitanju samo povratnici. Ovdje je u pitanju kompletno stanovni\u0161tvo, kazala je Zuki\u0107 na ju\u010dera\u0161njoj konferenciji pod nazivom \u201cGradovi koji nestaju odlaskom bh. gra\u0111ana\u201d.<\/p>\n<h2>Nezaposlenost najve\u0107i problem<\/h2>\n<p>Ona upozorava da iz BiH odlaze mahom intelektualci, odnosno fakultetski obrazovani gra\u0111ani koji u na\u0161oj zemlji ne mogu do\u0107i do posla i korice kruha. Kada su u pitanju odredi\u0161ta na koje odlaze bh. gra\u0111ani, ona ka\u017ee kako idu diljem Europe, ali i dalje.<\/p>\n<p>\u2013 Veliki broj mladih odlazi na kruzere i to na \u0161est ili sedam mjeseci \u010dak i neke obitelji ostavljaju jedni druge da bi mogli zaraditi. To je inovacija kada su u pitanju gradovi, a kada su u pitanju sela, ljudi odlaze i vra\u0107aju se, kazala je Zuki\u0107. Kako bi potkrijepila svoje tvrdnje ona je prezentirala i egzaktne podatke. Tako je prema istra\u017eivanju Unije za odr\u017eivi povratak i integracije u BiH na podru\u010dju op\u0107ine Zvornik od 2013. godine do danas zabilje\u017een odlazak oko 2000 obitelji, odnosno oko 6000 osoba, iz Tomislavgrada oti\u0161lo oko 1500 osoba, a zabilje\u017een je trend odlaska ljudi, kako povratnika, tako i domicilnog stanovni\u0161tva.<\/p>\n<p>Zabilje\u017eeno je da je svoje domove napustilo oko 500 obitelji, odnosno 1500 osoba i to iz MZ: \u0160ujica, Mokronoge, Ople\u0107ani, Kova\u010di-Omerovi\u0107i, Stipanji\u0107i, Grabovica, Bobara, Jug Tomislavgrad, Sjever Tomislavgrad. Trend odlaska ljudi s podru\u010dja op\u0107ine Ljubu\u0161ki zabilje\u017een je u razdoblju 2013. i 2014. godine, gdje se najvi\u0161e ponovo raseljavaju povratnici koji su se nakon zavr\u0161etka ratnih doga\u0111anja vratili u svoje domove.<\/p>\n<p>Iz MZ Vitina, Ljubu\u0161ki, Ljubu\u0161ki Grad zabilje\u017een je odlazak 150 obitelji odnosno 300 osoba. Do sada je Bijeljinu napustilo oko 2000 obitelji, odnosno 5500 osoba, a Sanskog Mosta 2300 obitelji. U op\u0107ini Livno zabilje\u017een je odlazak oko 500 obitelji odnosno oko 1500 osoba. Trend odlaska ljudi je u sve ve\u0107em porastu i na podru\u010dju Br\u010dko Distrikta. Do sada je zabilje\u017een odlazak 1358 obitelji, odnosno 4075 osoba.<\/p>\n<h2>Dijaspora<\/h2>\n<p>Zaim Pa\u0161i\u0107, biv\u0161i predsjednik svjetskog Saveza dijaspore BiH, poru\u010dio je mladim i obrazovanim ljudima da se \u0161to prije pove\u017eu s mladim ljudima izvan BiH tamo gdje je dijaspora dobro organizirana. Kako je kazao, ranije je dijaspora brojala oko milijun bh. gra\u0111ana, a prema posljednjim podacima broji dva milijuna gra\u0111ana.<\/p>\n<p>\u2013 Na\u017ealost, najvi\u0161e je mladih ljudi koji odlaze. Mogu vam re\u0107i da ima jako puno Bosanaca i Hercegovaca \u0161irom svijeta koji imaju problem sa zapo\u0161ljavanjem. Imaju izuzetno dobro obrazovanje i te\u0161ko je, evo, u Londonu gdje ja \u017eivim, na\u0107i posao u svojoj struci, istaknuo je Pa\u0161i\u0107. Nagla\u0161ava da ima puno potencijala u dijaspori koji bi se vratio u BiH s ulaganjima, ali je potrebna dobra konekcija i me\u0111u mladim ljudima.<\/p>\n<p>\u2013 Neki dan sam \u010ditao procjene UN-a da \u0107e za nekih 80 godina u BiH biti samo dva milijuna stanovnika. To je alarmantna vijest, poru\u010dio je Pa\u0161i\u0107.<\/p>\n<p><img loading=\"lazy\" decoding=\"async\" class=\"\" src=\"http:\/\/reprezent.ba\/files.php?file=Zaim_Pasic_806663976.jpg\" alt=\"Zaim Pa\u0161i\u0107, biv\u0161i predsjednik svjetskog Saveza dijaspore BiH\" width=\"598\" height=\"357\" \/><\/p>\n<p>Sve ovo svakako bi se dodatno moglo produbiti nakon \u0161to je Njema\u010dka liberalizirala svoje tr\u017ei\u0161te rada za hrvatske radnike. S obzirom na navedeni ekonomski ambis u BiH, predvi\u0111a se da odre\u0111eni dio Hrvata iz BiH \u201ctrbuhom za kruhom\u201d ode u Njema\u010dku, u koju ve\u0107 desetlje\u0107ima idu raditi osobe s ovih podru\u010dja. Kako se o\u010dekuje da i iz Hrvatske gra\u0111ani idu za boljim \u017eivotom u druge zemlje, o\u010dekuje se da iz BiH dio Hrvata ode \u017eivjeti u susjednu zemlju, a ne treba posebno nagla\u0161avati \u0161to bi sve to zna\u010dilo za najmalobrojniji konstitutivni narod u na\u0161oj zemlji.<\/p>\n<p>Mo\u017eda i posljednja nada za opstanak svih naroda i gra\u0111ana u BiH je novi pristup Unije BiH, odnosno mo\u017eebitno podizanje posrnule ekonomije i mogu\u0107nost \u017eivota od svoga rada u na\u0161oj zemlji. Ho\u0107e li sve to ostati samo san, ostaje da vidimo.<\/p>\n<p>\u00a0<\/p>\n<p>(bosnjci.agency)<\/p>\n<p>Pogledajte vijest na izvornom sajtu:<\/p>\n<p><a href=\"http:\/\/bosnapress.net\/stanje-sve-alarmantnije-ovo-su-gradovi-koji-nestaju-u-bih\/\" target=\"_blank\">Stanje sve alarmantnije: Ovo su gradovi koji nestaju u BiH<\/a><\/p>\n","protected":false},"excerpt":{"rendered":"<p>BiH \u2013 Kontinuirano terensko istra\u017eivanje Unije za odr\u017eivi povratak i integracije u BiH pokazalo je kako je stanje alarmantno iseljavanjem stanovni\u0161tva u Zvorniku, Livnu, Bosanskom Grahovu, Kupresu, Sanskom Mostu, Biha\u0107u, Klju\u010du, ali i u Bratuncu, Srebrenici, Zvorniku, Mili\u0107ima i Kalesiji. Mirhunisa Zuki\u0107, predsjednica Unije za odr\u017eivi povratak i integracije u BiH, kao posebno zabrinjavaju\u0107i podatak [&hellip;]<\/p>\n","protected":false},"author":83,"featured_media":134238,"comment_status":"open","ping_status":"open","sticky":false,"template":"","format":"standard","meta":{"footnotes":""},"categories":[10513],"tags":[10466],"class_list":{"0":"post-134237","1":"post","2":"type-post","3":"status-publish","4":"format-standard","5":"has-post-thumbnail","7":"category-bosna-press","8":"tag-bosna-i-hercegovina"},"yoast_head":"<!-- This site is optimized with the Yoast SEO Premium plugin v23.1 (Yoast SEO v24.9) - https:\/\/yoast.com\/wordpress\/plugins\/seo\/ -->\n<title>Stanje sve alarmantnije: Ovo su gradovi koji nestaju u BiH<\/title>\n<meta name=\"robots\" content=\"index, follow, max-snippet:-1, max-image-preview:large, max-video-preview:-1\" \/>\n<link rel=\"canonical\" href=\"https:\/\/sandzakpress.net\/arhiva\/stanje-sve-alarmantnije-ovo-su-gradovi-koji-nestaju-u-bih\/\" \/>\n<meta property=\"og:locale\" content=\"bs_BA\" \/>\n<meta property=\"og:type\" content=\"article\" \/>\n<meta property=\"og:title\" content=\"Stanje sve alarmantnije: Ovo su gradovi koji nestaju u BiH\" \/>\n<meta property=\"og:description\" content=\"BiH \u2013 Kontinuirano terensko istra\u017eivanje Unije za odr\u017eivi povratak i integracije u BiH pokazalo je kako je stanje alarmantno iseljavanjem stanovni\u0161tva u Zvorniku, Livnu, Bosanskom Grahovu, Kupresu, Sanskom Mostu, Biha\u0107u, Klju\u010du, ali i u Bratuncu, Srebrenici, Zvorniku, Mili\u0107ima i Kalesiji. Mirhunisa Zuki\u0107, predsjednica Unije za odr\u017eivi povratak i integracije u BiH, kao posebno zabrinjavaju\u0107i podatak [&hellip;]\" \/>\n<meta property=\"og:url\" content=\"https:\/\/sandzakpress.net\/arhiva\/stanje-sve-alarmantnije-ovo-su-gradovi-koji-nestaju-u-bih\/\" \/>\n<meta property=\"og:site_name\" content=\"Sand\u017eak PRESS\" \/>\n<meta property=\"article:published_time\" content=\"2015-08-20T10:21:40+00:00\" \/>\n<meta property=\"og:image\" content=\"https:\/\/sandzakpress.net\/arhiva\/wp-content\/uploads\/2015\/08\/ljudi-s-koferima.jpg\" \/>\n\t<meta property=\"og:image:width\" content=\"470\" \/>\n\t<meta property=\"og:image:height\" content=\"260\" \/>\n\t<meta property=\"og:image:type\" content=\"image\/jpeg\" \/>\n<meta name=\"author\" content=\"bosniak\" \/>\n<meta name=\"twitter:card\" content=\"summary_large_image\" \/>\n<meta name=\"twitter:label1\" content=\"Written by\" \/>\n\t<meta name=\"twitter:data1\" content=\"bosniak\" \/>\n\t<meta name=\"twitter:label2\" content=\"Est. reading time\" \/>\n\t<meta name=\"twitter:data2\" content=\"4 minute\" \/>\n<script type=\"application\/ld+json\" class=\"yoast-schema-graph\">{\"@context\":\"https:\/\/schema.org\",\"@graph\":[{\"@type\":\"Article\",\"@id\":\"https:\/\/sandzakpress.net\/arhiva\/stanje-sve-alarmantnije-ovo-su-gradovi-koji-nestaju-u-bih\/#article\",\"isPartOf\":{\"@id\":\"https:\/\/sandzakpress.net\/arhiva\/stanje-sve-alarmantnije-ovo-su-gradovi-koji-nestaju-u-bih\/\"},\"author\":{\"name\":\"bosniak\",\"@id\":\"https:\/\/sandzakpress.net\/arhiva\/#\/schema\/person\/c8baee722073534b583ea7bdb2e36c02\"},\"headline\":\"Stanje sve alarmantnije: Ovo su gradovi koji nestaju u BiH\",\"datePublished\":\"2015-08-20T10:21:40+00:00\",\"mainEntityOfPage\":{\"@id\":\"https:\/\/sandzakpress.net\/arhiva\/stanje-sve-alarmantnije-ovo-su-gradovi-koji-nestaju-u-bih\/\"},\"wordCount\":806,\"commentCount\":4,\"publisher\":{\"@id\":\"https:\/\/sandzakpress.net\/arhiva\/#\/schema\/person\/6e72b67d6e51910a1117b3b483ba20bd\"},\"image\":{\"@id\":\"https:\/\/sandzakpress.net\/arhiva\/stanje-sve-alarmantnije-ovo-su-gradovi-koji-nestaju-u-bih\/#primaryimage\"},\"thumbnailUrl\":\"https:\/\/sandzakpress.net\/arhiva\/wp-content\/uploads\/2015\/08\/ljudi-s-koferima.jpg\",\"keywords\":[\"Bosna i Hercegovina\"],\"articleSection\":[\"Bosna PRESS\"],\"inLanguage\":\"bs-BA\",\"potentialAction\":[{\"@type\":\"CommentAction\",\"name\":\"Comment\",\"target\":[\"https:\/\/sandzakpress.net\/arhiva\/stanje-sve-alarmantnije-ovo-su-gradovi-koji-nestaju-u-bih\/#respond\"]}]},{\"@type\":\"WebPage\",\"@id\":\"https:\/\/sandzakpress.net\/arhiva\/stanje-sve-alarmantnije-ovo-su-gradovi-koji-nestaju-u-bih\/\",\"url\":\"https:\/\/sandzakpress.net\/arhiva\/stanje-sve-alarmantnije-ovo-su-gradovi-koji-nestaju-u-bih\/\",\"name\":\"Stanje sve alarmantnije: Ovo su gradovi koji nestaju u BiH\",\"isPartOf\":{\"@id\":\"https:\/\/sandzakpress.net\/arhiva\/#website\"},\"primaryImageOfPage\":{\"@id\":\"https:\/\/sandzakpress.net\/arhiva\/stanje-sve-alarmantnije-ovo-su-gradovi-koji-nestaju-u-bih\/#primaryimage\"},\"image\":{\"@id\":\"https:\/\/sandzakpress.net\/arhiva\/stanje-sve-alarmantnije-ovo-su-gradovi-koji-nestaju-u-bih\/#primaryimage\"},\"thumbnailUrl\":\"https:\/\/sandzakpress.net\/arhiva\/wp-content\/uploads\/2015\/08\/ljudi-s-koferima.jpg\",\"datePublished\":\"2015-08-20T10:21:40+00:00\",\"breadcrumb\":{\"@id\":\"https:\/\/sandzakpress.net\/arhiva\/stanje-sve-alarmantnije-ovo-su-gradovi-koji-nestaju-u-bih\/#breadcrumb\"},\"inLanguage\":\"bs-BA\",\"potentialAction\":[{\"@type\":\"ReadAction\",\"target\":[\"https:\/\/sandzakpress.net\/arhiva\/stanje-sve-alarmantnije-ovo-su-gradovi-koji-nestaju-u-bih\/\"]}]},{\"@type\":\"ImageObject\",\"inLanguage\":\"bs-BA\",\"@id\":\"https:\/\/sandzakpress.net\/arhiva\/stanje-sve-alarmantnije-ovo-su-gradovi-koji-nestaju-u-bih\/#primaryimage\",\"url\":\"https:\/\/sandzakpress.net\/arhiva\/wp-content\/uploads\/2015\/08\/ljudi-s-koferima.jpg\",\"contentUrl\":\"https:\/\/sandzakpress.net\/arhiva\/wp-content\/uploads\/2015\/08\/ljudi-s-koferima.jpg\",\"width\":470,\"height\":260},{\"@type\":\"BreadcrumbList\",\"@id\":\"https:\/\/sandzakpress.net\/arhiva\/stanje-sve-alarmantnije-ovo-su-gradovi-koji-nestaju-u-bih\/#breadcrumb\",\"itemListElement\":[{\"@type\":\"ListItem\",\"position\":1,\"name\":\"Home\",\"item\":\"https:\/\/sandzakpress.net\/arhiva\/\"},{\"@type\":\"ListItem\",\"position\":2,\"name\":\"Stanje sve alarmantnije: Ovo su gradovi koji nestaju u BiH\"}]},{\"@type\":\"WebSite\",\"@id\":\"https:\/\/sandzakpress.net\/arhiva\/#website\",\"url\":\"https:\/\/sandzakpress.net\/arhiva\/\",\"name\":\"Sand\u017eak PRESS\",\"description\":\"Prve elektronske novine u Sand\u017eaku\",\"publisher\":{\"@id\":\"https:\/\/sandzakpress.net\/arhiva\/#\/schema\/person\/6e72b67d6e51910a1117b3b483ba20bd\"},\"potentialAction\":[{\"@type\":\"SearchAction\",\"target\":{\"@type\":\"EntryPoint\",\"urlTemplate\":\"https:\/\/sandzakpress.net\/arhiva\/?s={search_term_string}\"},\"query-input\":{\"@type\":\"PropertyValueSpecification\",\"valueRequired\":true,\"valueName\":\"search_term_string\"}}],\"inLanguage\":\"bs-BA\"},{\"@type\":[\"Person\",\"Organization\"],\"@id\":\"https:\/\/sandzakpress.net\/arhiva\/#\/schema\/person\/6e72b67d6e51910a1117b3b483ba20bd\",\"name\":\"Kul\",\"image\":{\"@type\":\"ImageObject\",\"inLanguage\":\"bs-BA\",\"@id\":\"https:\/\/sandzakpress.net\/arhiva\/#\/schema\/person\/image\/\",\"url\":\"https:\/\/secure.gravatar.com\/avatar\/42263f39aa27ac04c43cab85c280eb2e?s=96&d=mm&r=pg\",\"contentUrl\":\"https:\/\/secure.gravatar.com\/avatar\/42263f39aa27ac04c43cab85c280eb2e?s=96&d=mm&r=pg\",\"caption\":\"Kul\"},\"logo\":{\"@id\":\"https:\/\/sandzakpress.net\/arhiva\/#\/schema\/person\/image\/\"}},{\"@type\":\"Person\",\"@id\":\"https:\/\/sandzakpress.net\/arhiva\/#\/schema\/person\/c8baee722073534b583ea7bdb2e36c02\",\"name\":\"bosniak\",\"image\":{\"@type\":\"ImageObject\",\"inLanguage\":\"bs-BA\",\"@id\":\"https:\/\/sandzakpress.net\/arhiva\/#\/schema\/person\/image\/\",\"url\":\"https:\/\/secure.gravatar.com\/avatar\/a04fd330bfe3a36a72a0ad4a6d89fca7?s=96&d=mm&r=pg\",\"contentUrl\":\"https:\/\/secure.gravatar.com\/avatar\/a04fd330bfe3a36a72a0ad4a6d89fca7?s=96&d=mm&r=pg\",\"caption\":\"bosniak\"},\"url\":\"https:\/\/sandzakpress.net\/arhiva\/author\/bosniak\/\"}]}<\/script>\n<!-- \/ Yoast SEO Premium plugin. -->","yoast_head_json":{"title":"Stanje sve alarmantnije: Ovo su gradovi koji nestaju u BiH","robots":{"index":"index","follow":"follow","max-snippet":"max-snippet:-1","max-image-preview":"max-image-preview:large","max-video-preview":"max-video-preview:-1"},"canonical":"https:\/\/sandzakpress.net\/arhiva\/stanje-sve-alarmantnije-ovo-su-gradovi-koji-nestaju-u-bih\/","og_locale":"bs_BA","og_type":"article","og_title":"Stanje sve alarmantnije: Ovo su gradovi koji nestaju u BiH","og_description":"BiH \u2013 Kontinuirano terensko istra\u017eivanje Unije za odr\u017eivi povratak i integracije u BiH pokazalo je kako je stanje alarmantno iseljavanjem stanovni\u0161tva u Zvorniku, Livnu, Bosanskom Grahovu, Kupresu, Sanskom Mostu, Biha\u0107u, Klju\u010du, ali i u Bratuncu, Srebrenici, Zvorniku, Mili\u0107ima i Kalesiji. Mirhunisa Zuki\u0107, predsjednica Unije za odr\u017eivi povratak i integracije u BiH, kao posebno zabrinjavaju\u0107i podatak [&hellip;]","og_url":"https:\/\/sandzakpress.net\/arhiva\/stanje-sve-alarmantnije-ovo-su-gradovi-koji-nestaju-u-bih\/","og_site_name":"Sand\u017eak PRESS","article_published_time":"2015-08-20T10:21:40+00:00","og_image":[{"width":470,"height":260,"url":"https:\/\/sandzakpress.net\/arhiva\/wp-content\/uploads\/2015\/08\/ljudi-s-koferima.jpg","type":"image\/jpeg"}],"author":"bosniak","twitter_card":"summary_large_image","twitter_misc":{"Written by":"bosniak","Est. reading time":"4 minute"},"schema":{"@context":"https:\/\/schema.org","@graph":[{"@type":"Article","@id":"https:\/\/sandzakpress.net\/arhiva\/stanje-sve-alarmantnije-ovo-su-gradovi-koji-nestaju-u-bih\/#article","isPartOf":{"@id":"https:\/\/sandzakpress.net\/arhiva\/stanje-sve-alarmantnije-ovo-su-gradovi-koji-nestaju-u-bih\/"},"author":{"name":"bosniak","@id":"https:\/\/sandzakpress.net\/arhiva\/#\/schema\/person\/c8baee722073534b583ea7bdb2e36c02"},"headline":"Stanje sve alarmantnije: Ovo su gradovi koji nestaju u BiH","datePublished":"2015-08-20T10:21:40+00:00","mainEntityOfPage":{"@id":"https:\/\/sandzakpress.net\/arhiva\/stanje-sve-alarmantnije-ovo-su-gradovi-koji-nestaju-u-bih\/"},"wordCount":806,"commentCount":4,"publisher":{"@id":"https:\/\/sandzakpress.net\/arhiva\/#\/schema\/person\/6e72b67d6e51910a1117b3b483ba20bd"},"image":{"@id":"https:\/\/sandzakpress.net\/arhiva\/stanje-sve-alarmantnije-ovo-su-gradovi-koji-nestaju-u-bih\/#primaryimage"},"thumbnailUrl":"https:\/\/sandzakpress.net\/arhiva\/wp-content\/uploads\/2015\/08\/ljudi-s-koferima.jpg","keywords":["Bosna i Hercegovina"],"articleSection":["Bosna PRESS"],"inLanguage":"bs-BA","potentialAction":[{"@type":"CommentAction","name":"Comment","target":["https:\/\/sandzakpress.net\/arhiva\/stanje-sve-alarmantnije-ovo-su-gradovi-koji-nestaju-u-bih\/#respond"]}]},{"@type":"WebPage","@id":"https:\/\/sandzakpress.net\/arhiva\/stanje-sve-alarmantnije-ovo-su-gradovi-koji-nestaju-u-bih\/","url":"https:\/\/sandzakpress.net\/arhiva\/stanje-sve-alarmantnije-ovo-su-gradovi-koji-nestaju-u-bih\/","name":"Stanje sve alarmantnije: Ovo su gradovi koji nestaju u BiH","isPartOf":{"@id":"https:\/\/sandzakpress.net\/arhiva\/#website"},"primaryImageOfPage":{"@id":"https:\/\/sandzakpress.net\/arhiva\/stanje-sve-alarmantnije-ovo-su-gradovi-koji-nestaju-u-bih\/#primaryimage"},"image":{"@id":"https:\/\/sandzakpress.net\/arhiva\/stanje-sve-alarmantnije-ovo-su-gradovi-koji-nestaju-u-bih\/#primaryimage"},"thumbnailUrl":"https:\/\/sandzakpress.net\/arhiva\/wp-content\/uploads\/2015\/08\/ljudi-s-koferima.jpg","datePublished":"2015-08-20T10:21:40+00:00","breadcrumb":{"@id":"https:\/\/sandzakpress.net\/arhiva\/stanje-sve-alarmantnije-ovo-su-gradovi-koji-nestaju-u-bih\/#breadcrumb"},"inLanguage":"bs-BA","potentialAction":[{"@type":"ReadAction","target":["https:\/\/sandzakpress.net\/arhiva\/stanje-sve-alarmantnije-ovo-su-gradovi-koji-nestaju-u-bih\/"]}]},{"@type":"ImageObject","inLanguage":"bs-BA","@id":"https:\/\/sandzakpress.net\/arhiva\/stanje-sve-alarmantnije-ovo-su-gradovi-koji-nestaju-u-bih\/#primaryimage","url":"https:\/\/sandzakpress.net\/arhiva\/wp-content\/uploads\/2015\/08\/ljudi-s-koferima.jpg","contentUrl":"https:\/\/sandzakpress.net\/arhiva\/wp-content\/uploads\/2015\/08\/ljudi-s-koferima.jpg","width":470,"height":260},{"@type":"BreadcrumbList","@id":"https:\/\/sandzakpress.net\/arhiva\/stanje-sve-alarmantnije-ovo-su-gradovi-koji-nestaju-u-bih\/#breadcrumb","itemListElement":[{"@type":"ListItem","position":1,"name":"Home","item":"https:\/\/sandzakpress.net\/arhiva\/"},{"@type":"ListItem","position":2,"name":"Stanje sve alarmantnije: Ovo su gradovi koji nestaju u BiH"}]},{"@type":"WebSite","@id":"https:\/\/sandzakpress.net\/arhiva\/#website","url":"https:\/\/sandzakpress.net\/arhiva\/","name":"Sand\u017eak PRESS","description":"Prve elektronske novine u Sand\u017eaku","publisher":{"@id":"https:\/\/sandzakpress.net\/arhiva\/#\/schema\/person\/6e72b67d6e51910a1117b3b483ba20bd"},"potentialAction":[{"@type":"SearchAction","target":{"@type":"EntryPoint","urlTemplate":"https:\/\/sandzakpress.net\/arhiva\/?s={search_term_string}"},"query-input":{"@type":"PropertyValueSpecification","valueRequired":true,"valueName":"search_term_string"}}],"inLanguage":"bs-BA"},{"@type":["Person","Organization"],"@id":"https:\/\/sandzakpress.net\/arhiva\/#\/schema\/person\/6e72b67d6e51910a1117b3b483ba20bd","name":"Kul","image":{"@type":"ImageObject","inLanguage":"bs-BA","@id":"https:\/\/sandzakpress.net\/arhiva\/#\/schema\/person\/image\/","url":"https:\/\/secure.gravatar.com\/avatar\/42263f39aa27ac04c43cab85c280eb2e?s=96&d=mm&r=pg","contentUrl":"https:\/\/secure.gravatar.com\/avatar\/42263f39aa27ac04c43cab85c280eb2e?s=96&d=mm&r=pg","caption":"Kul"},"logo":{"@id":"https:\/\/sandzakpress.net\/arhiva\/#\/schema\/person\/image\/"}},{"@type":"Person","@id":"https:\/\/sandzakpress.net\/arhiva\/#\/schema\/person\/c8baee722073534b583ea7bdb2e36c02","name":"bosniak","image":{"@type":"ImageObject","inLanguage":"bs-BA","@id":"https:\/\/sandzakpress.net\/arhiva\/#\/schema\/person\/image\/","url":"https:\/\/secure.gravatar.com\/avatar\/a04fd330bfe3a36a72a0ad4a6d89fca7?s=96&d=mm&r=pg","contentUrl":"https:\/\/secure.gravatar.com\/avatar\/a04fd330bfe3a36a72a0ad4a6d89fca7?s=96&d=mm&r=pg","caption":"bosniak"},"url":"https:\/\/sandzakpress.net\/arhiva\/author\/bosniak\/"}]}},"_links":{"self":[{"href":"https:\/\/sandzakpress.net\/arhiva\/wp-json\/wp\/v2\/posts\/134237"}],"collection":[{"href":"https:\/\/sandzakpress.net\/arhiva\/wp-json\/wp\/v2\/posts"}],"about":[{"href":"https:\/\/sandzakpress.net\/arhiva\/wp-json\/wp\/v2\/types\/post"}],"author":[{"embeddable":true,"href":"https:\/\/sandzakpress.net\/arhiva\/wp-json\/wp\/v2\/users\/83"}],"replies":[{"embeddable":true,"href":"https:\/\/sandzakpress.net\/arhiva\/wp-json\/wp\/v2\/comments?post=134237"}],"version-history":[{"count":0,"href":"https:\/\/sandzakpress.net\/arhiva\/wp-json\/wp\/v2\/posts\/134237\/revisions"}],"wp:featuredmedia":[{"embeddable":true,"href":"https:\/\/sandzakpress.net\/arhiva\/wp-json\/wp\/v2\/media\/134238"}],"wp:attachment":[{"href":"https:\/\/sandzakpress.net\/arhiva\/wp-json\/wp\/v2\/media?parent=134237"}],"wp:term":[{"taxonomy":"category","embeddable":true,"href":"https:\/\/sandzakpress.net\/arhiva\/wp-json\/wp\/v2\/categories?post=134237"},{"taxonomy":"post_tag","embeddable":true,"href":"https:\/\/sandzakpress.net\/arhiva\/wp-json\/wp\/v2\/tags?post=134237"}],"curies":[{"name":"wp","href":"https:\/\/api.w.org\/{rel}","templated":true}]}}