{"id":134210,"date":"2015-08-20T10:21:11","date_gmt":"2015-08-20T08:21:11","guid":{"rendered":"https:\/\/sandzakpress.net\/arhiva\/nihada-colic-pita-ministra-koje-udzbenike-ce-koristiti-ucenici-koji-budu-ucili-bosnjacki-jezik"},"modified":"2015-08-20T10:21:11","modified_gmt":"2015-08-20T08:21:11","slug":"nihada-colic-pita-ministra-koje-udzbenike-ce-koristiti-ucenici-koji-budu-ucili-bosnjacki-jezik","status":"publish","type":"post","link":"https:\/\/sandzakpress.net\/arhiva\/nihada-colic-pita-ministra-koje-udzbenike-ce-koristiti-ucenici-koji-budu-ucili-bosnjacki-jezik\/","title":{"rendered":"Nihada \u010coli\u0107 pita ministra: Koje ud\u017ebenike \u0107e koristiti u\u010denici koji budu u\u010dili \u201cbo\u0161nja\u010dki jezik\u201d?"},"content":{"rendered":"<h3 class=\"uvod\" style=\"text-align: justify\"><a href=\"http:\/\/bosnapress.net\/wp-content\/uploads\/2015\/08\/Nihada-Colic.jpg\"><img loading=\"lazy\" decoding=\"async\" class=\"alignnone size-large wp-image-143037\" src=\"http:\/\/bosnapress.net\/wp-content\/uploads\/2015\/08\/Nihada-Colic-616x435.jpg\" alt=\"Nihada-Colic\" width=\"600\" height=\"424\" \/><\/a>Sarajevo, Banja Luka \u2013\u00a0Nihada \u010coli\u0107, profesorica razredne nastave i bosanskog, srpskog, hrvatskog jezika i knji\u017eevnosti te koordinatorica instruktivne nastave za u\u010denike iz Konjevi\u0107 Polja, obratila se pismom ministru Ministarstva prosvjete i kulture Republike Srpske Danetu Male\u0161evi\u0107u.<\/h3>\n<p><span id=\"more-143036\"><\/span><\/p>\n<p style=\"text-align: justify\">\u010coli\u0107 se zahvalila ministru Male\u0161evi\u0107u \u0161to je danas, ta\u010dno 12 dana prije po\u010detka nastave, primio Savjet roditelja u\u010denika iz Konjevi\u0107 Polja i \u0161to je ovom veoma va\u017enom problemu posvetio du\u017enu pa\u017enju, \u010dak nekoliko sati razgovora.<\/p>\n<p>\u201cS obzirom na prijedloge koje ste danas dostavili cijenjenim roditeljima u\u010denika iz Konjevi\u0107 Polja, obra\u0107am Vam se ovom molbom, te Vas molim da je razmotrite u skladu sa Va\u0161im raspolo\u017eivim vremenom, uva\u017eavaju\u0107i \u010dinjenicu da ga i nemate, jer ste, prema najavama koje ste dali danas roditeljima, u obavezi da u sve \u0161kole u Republici Srpskoj uvedete \u2018bo\u0161nja\u010dki\u2019 jezik, \u0161to je sude\u0107i da su to inovacije u obrazovnom sistemu, razumljivo ogroman posao\u201d, pi\u0161e \u010coli\u0107.<\/p>\n<p>\u010coli\u0107 je, kako ka\u017ee, dio svog profesionalnog razvoja ulo\u017eila u obrazovni sistem u Republici Srpskoj i od ministra tra\u017ei odgovore na sljede\u0107a pitanja:<\/p>\n<p>\u2013 Koji stru\u010dni profil je neophodan da bih se prijavila na konkurse koje \u0107ete objaviti u \u0161kolama u Republici Srpskoj, a koji se odnose na nastavnike bo\u0161nja\u010dkog jezika?<\/p>\n<p>\u2013 Na kojim fakultetima se obrazuju stru\u010dni profili tih nastavnika, katedra za bo\u0161nja\u010dki jezik, Univerzitet Republika Srpska, napredni studij?<\/p>\n<p>\u2013 Postoji li u Republici Srpskoj mo\u017eda ve\u0107 fakultet koji obrazuje stru\u010dne profile za realizaciju nastave iz ovog nepostoje\u0107eg jezika?<\/p>\n<p>\u2013 Studenti koje nacionalnosti mogu upisati ovaj studij, ako postoji? Da li prioritet imaju Bosanci ili Bo\u0161njaci, Srbi\u2026?<\/p>\n<p>\u2013 Koje ud\u017ebenike \u0107e koristiti u\u010denici koji budu u\u010dili \u201ebo\u0161nja\u010dki jezik\u201c?<\/p>\n<p>\u2013 Da li \u0107e, zahvaljuju\u0107i tom jeziku u\u010denici mo\u0107i razumjeti bosanski, srpski i hrvatski jezik?<\/p>\n<p>\u201cS obzirom da ste, kao i nebrojeno puta do sada, iskazali da ste veoma inovativni ne\u0107e Vam trebati puno vremena da mi dostavite odgovor na postavljena pitanja.<br \/>\nBit \u0107u Vam veoma zahvalna, jer s nestrpljenjem ja, a i veliki broj mojih kolega, o\u010dekujemo konkursnu proceduru, da nam dostavite odgovore na gore navedena pitanja, jer, mi prosvjetni radnici radimo posao pod zakletvom: Sva djeca ovog svijeta imaju pravo na pravi\u010dno obrazovanje i na po\u0161tivanje svih njihovih prava. Unaprijed Vam se zahvaljujem i poru\u010dujem da bosanski jezik ima svoju tradiciju i da \u0107emo je o\u010duvati svim demokratskim sredstvima, do zadnjeg daha\u201d, stoji na kraju pisma profesorice razredne nastave i bosanskog, srpskog, hrvatskog jezika i knji\u017eevnosti te koordinatorice instruktivne nastave za u\u010denike iz Konjevi\u0107 Polja Nihade \u010coli\u0107.<\/p>\n<p style=\"text-align: justify\">(Klix)<\/p>\n<p>Pogledajte vijest na izvornom sajtu:<\/p>\n<p><a href=\"http:\/\/bosnapress.net\/nihada-colic-pita-ministra-koje-udzbenike-ce-koristiti-ucenici-koji-budu-ucili-bosnjacki-jezik\/\" target=\"_blank\">Nihada \u010coli\u0107 pita ministra: Koje ud\u017ebenike \u0107e koristiti u\u010denici koji budu u\u010dili \u201cbo\u0161nja\u010dki jezik\u201d?<\/a><\/p>\n","protected":false},"excerpt":{"rendered":"<p>Sarajevo, Banja Luka \u2013\u00a0Nihada \u010coli\u0107, profesorica razredne nastave i bosanskog, srpskog, hrvatskog jezika i knji\u017eevnosti te koordinatorica instruktivne nastave za u\u010denike iz Konjevi\u0107 Polja, obratila se pismom ministru Ministarstva prosvjete i kulture Republike Srpske Danetu Male\u0161evi\u0107u. \u010coli\u0107 se zahvalila ministru Male\u0161evi\u0107u \u0161to je danas, ta\u010dno 12 dana prije po\u010detka nastave, primio Savjet roditelja u\u010denika iz [&hellip;]<\/p>\n","protected":false},"author":83,"featured_media":134212,"comment_status":"open","ping_status":"open","sticky":false,"template":"","format":"standard","meta":{"footnotes":""},"categories":[10513],"tags":[10466],"class_list":{"0":"post-134210","1":"post","2":"type-post","3":"status-publish","4":"format-standard","5":"has-post-thumbnail","7":"category-bosna-press","8":"tag-bosna-i-hercegovina"},"yoast_head":"<!-- This site is optimized with the Yoast SEO Premium plugin v23.1 (Yoast SEO v24.9) - https:\/\/yoast.com\/wordpress\/plugins\/seo\/ -->\n<title>Nihada \u010coli\u0107 pita ministra: Koje ud\u017ebenike \u0107e koristiti u\u010denici koji budu u\u010dili \u201cbo\u0161nja\u010dki jezik\u201d?<\/title>\n<meta name=\"robots\" content=\"index, follow, max-snippet:-1, max-image-preview:large, max-video-preview:-1\" \/>\n<link rel=\"canonical\" href=\"https:\/\/sandzakpress.net\/arhiva\/nihada-colic-pita-ministra-koje-udzbenike-ce-koristiti-ucenici-koji-budu-ucili-bosnjacki-jezik\/\" \/>\n<meta property=\"og:locale\" content=\"bs_BA\" \/>\n<meta property=\"og:type\" content=\"article\" \/>\n<meta property=\"og:title\" content=\"Nihada \u010coli\u0107 pita ministra: Koje ud\u017ebenike \u0107e koristiti u\u010denici koji budu u\u010dili \u201cbo\u0161nja\u010dki jezik\u201d?\" \/>\n<meta property=\"og:description\" content=\"Sarajevo, Banja Luka \u2013\u00a0Nihada \u010coli\u0107, profesorica razredne nastave i bosanskog, srpskog, hrvatskog jezika i knji\u017eevnosti te koordinatorica instruktivne nastave za u\u010denike iz Konjevi\u0107 Polja, obratila se pismom ministru Ministarstva prosvjete i kulture Republike Srpske Danetu Male\u0161evi\u0107u. \u010coli\u0107 se zahvalila ministru Male\u0161evi\u0107u \u0161to je danas, ta\u010dno 12 dana prije po\u010detka nastave, primio Savjet roditelja u\u010denika iz [&hellip;]\" \/>\n<meta property=\"og:url\" content=\"https:\/\/sandzakpress.net\/arhiva\/nihada-colic-pita-ministra-koje-udzbenike-ce-koristiti-ucenici-koji-budu-ucili-bosnjacki-jezik\/\" \/>\n<meta property=\"og:site_name\" content=\"Sand\u017eak PRESS\" \/>\n<meta property=\"article:published_time\" content=\"2015-08-20T08:21:11+00:00\" \/>\n<meta property=\"og:image\" content=\"https:\/\/sandzakpress.net\/arhiva\/wp-content\/uploads\/2015\/08\/Nihada-Colic-616x4351.jpg\" \/>\n\t<meta property=\"og:image:width\" content=\"616\" \/>\n\t<meta property=\"og:image:height\" content=\"435\" \/>\n\t<meta property=\"og:image:type\" content=\"image\/jpeg\" \/>\n<meta name=\"author\" content=\"bosniak\" \/>\n<meta name=\"twitter:card\" content=\"summary_large_image\" \/>\n<meta name=\"twitter:label1\" content=\"Written by\" \/>\n\t<meta name=\"twitter:data1\" content=\"bosniak\" \/>\n\t<meta name=\"twitter:label2\" content=\"Est. reading time\" \/>\n\t<meta name=\"twitter:data2\" content=\"2 minute\" \/>\n<script type=\"application\/ld+json\" class=\"yoast-schema-graph\">{\"@context\":\"https:\/\/schema.org\",\"@graph\":[{\"@type\":\"Article\",\"@id\":\"https:\/\/sandzakpress.net\/arhiva\/nihada-colic-pita-ministra-koje-udzbenike-ce-koristiti-ucenici-koji-budu-ucili-bosnjacki-jezik\/#article\",\"isPartOf\":{\"@id\":\"https:\/\/sandzakpress.net\/arhiva\/nihada-colic-pita-ministra-koje-udzbenike-ce-koristiti-ucenici-koji-budu-ucili-bosnjacki-jezik\/\"},\"author\":{\"name\":\"bosniak\",\"@id\":\"https:\/\/sandzakpress.net\/arhiva\/#\/schema\/person\/c8baee722073534b583ea7bdb2e36c02\"},\"headline\":\"Nihada \u010coli\u0107 pita ministra: Koje ud\u017ebenike \u0107e koristiti u\u010denici koji budu u\u010dili \u201cbo\u0161nja\u010dki jezik\u201d?\",\"datePublished\":\"2015-08-20T08:21:11+00:00\",\"mainEntityOfPage\":{\"@id\":\"https:\/\/sandzakpress.net\/arhiva\/nihada-colic-pita-ministra-koje-udzbenike-ce-koristiti-ucenici-koji-budu-ucili-bosnjacki-jezik\/\"},\"wordCount\":491,\"commentCount\":2,\"publisher\":{\"@id\":\"https:\/\/sandzakpress.net\/arhiva\/#\/schema\/person\/6e72b67d6e51910a1117b3b483ba20bd\"},\"image\":{\"@id\":\"https:\/\/sandzakpress.net\/arhiva\/nihada-colic-pita-ministra-koje-udzbenike-ce-koristiti-ucenici-koji-budu-ucili-bosnjacki-jezik\/#primaryimage\"},\"thumbnailUrl\":\"https:\/\/sandzakpress.net\/arhiva\/wp-content\/uploads\/2015\/08\/Nihada-Colic-616x4351.jpg\",\"keywords\":[\"Bosna i Hercegovina\"],\"articleSection\":[\"Bosna PRESS\"],\"inLanguage\":\"bs-BA\",\"potentialAction\":[{\"@type\":\"CommentAction\",\"name\":\"Comment\",\"target\":[\"https:\/\/sandzakpress.net\/arhiva\/nihada-colic-pita-ministra-koje-udzbenike-ce-koristiti-ucenici-koji-budu-ucili-bosnjacki-jezik\/#respond\"]}]},{\"@type\":\"WebPage\",\"@id\":\"https:\/\/sandzakpress.net\/arhiva\/nihada-colic-pita-ministra-koje-udzbenike-ce-koristiti-ucenici-koji-budu-ucili-bosnjacki-jezik\/\",\"url\":\"https:\/\/sandzakpress.net\/arhiva\/nihada-colic-pita-ministra-koje-udzbenike-ce-koristiti-ucenici-koji-budu-ucili-bosnjacki-jezik\/\",\"name\":\"Nihada \u010coli\u0107 pita ministra: Koje ud\u017ebenike \u0107e koristiti u\u010denici koji budu u\u010dili \u201cbo\u0161nja\u010dki jezik\u201d?\",\"isPartOf\":{\"@id\":\"https:\/\/sandzakpress.net\/arhiva\/#website\"},\"primaryImageOfPage\":{\"@id\":\"https:\/\/sandzakpress.net\/arhiva\/nihada-colic-pita-ministra-koje-udzbenike-ce-koristiti-ucenici-koji-budu-ucili-bosnjacki-jezik\/#primaryimage\"},\"image\":{\"@id\":\"https:\/\/sandzakpress.net\/arhiva\/nihada-colic-pita-ministra-koje-udzbenike-ce-koristiti-ucenici-koji-budu-ucili-bosnjacki-jezik\/#primaryimage\"},\"thumbnailUrl\":\"https:\/\/sandzakpress.net\/arhiva\/wp-content\/uploads\/2015\/08\/Nihada-Colic-616x4351.jpg\",\"datePublished\":\"2015-08-20T08:21:11+00:00\",\"breadcrumb\":{\"@id\":\"https:\/\/sandzakpress.net\/arhiva\/nihada-colic-pita-ministra-koje-udzbenike-ce-koristiti-ucenici-koji-budu-ucili-bosnjacki-jezik\/#breadcrumb\"},\"inLanguage\":\"bs-BA\",\"potentialAction\":[{\"@type\":\"ReadAction\",\"target\":[\"https:\/\/sandzakpress.net\/arhiva\/nihada-colic-pita-ministra-koje-udzbenike-ce-koristiti-ucenici-koji-budu-ucili-bosnjacki-jezik\/\"]}]},{\"@type\":\"ImageObject\",\"inLanguage\":\"bs-BA\",\"@id\":\"https:\/\/sandzakpress.net\/arhiva\/nihada-colic-pita-ministra-koje-udzbenike-ce-koristiti-ucenici-koji-budu-ucili-bosnjacki-jezik\/#primaryimage\",\"url\":\"https:\/\/sandzakpress.net\/arhiva\/wp-content\/uploads\/2015\/08\/Nihada-Colic-616x4351.jpg\",\"contentUrl\":\"https:\/\/sandzakpress.net\/arhiva\/wp-content\/uploads\/2015\/08\/Nihada-Colic-616x4351.jpg\",\"width\":616,\"height\":435},{\"@type\":\"BreadcrumbList\",\"@id\":\"https:\/\/sandzakpress.net\/arhiva\/nihada-colic-pita-ministra-koje-udzbenike-ce-koristiti-ucenici-koji-budu-ucili-bosnjacki-jezik\/#breadcrumb\",\"itemListElement\":[{\"@type\":\"ListItem\",\"position\":1,\"name\":\"Home\",\"item\":\"https:\/\/sandzakpress.net\/arhiva\/\"},{\"@type\":\"ListItem\",\"position\":2,\"name\":\"Nihada \u010coli\u0107 pita ministra: Koje ud\u017ebenike \u0107e koristiti u\u010denici koji budu u\u010dili \u201cbo\u0161nja\u010dki jezik\u201d?\"}]},{\"@type\":\"WebSite\",\"@id\":\"https:\/\/sandzakpress.net\/arhiva\/#website\",\"url\":\"https:\/\/sandzakpress.net\/arhiva\/\",\"name\":\"Sand\u017eak PRESS\",\"description\":\"Prve elektronske novine u Sand\u017eaku\",\"publisher\":{\"@id\":\"https:\/\/sandzakpress.net\/arhiva\/#\/schema\/person\/6e72b67d6e51910a1117b3b483ba20bd\"},\"potentialAction\":[{\"@type\":\"SearchAction\",\"target\":{\"@type\":\"EntryPoint\",\"urlTemplate\":\"https:\/\/sandzakpress.net\/arhiva\/?s={search_term_string}\"},\"query-input\":{\"@type\":\"PropertyValueSpecification\",\"valueRequired\":true,\"valueName\":\"search_term_string\"}}],\"inLanguage\":\"bs-BA\"},{\"@type\":[\"Person\",\"Organization\"],\"@id\":\"https:\/\/sandzakpress.net\/arhiva\/#\/schema\/person\/6e72b67d6e51910a1117b3b483ba20bd\",\"name\":\"Kul\",\"image\":{\"@type\":\"ImageObject\",\"inLanguage\":\"bs-BA\",\"@id\":\"https:\/\/sandzakpress.net\/arhiva\/#\/schema\/person\/image\/\",\"url\":\"https:\/\/secure.gravatar.com\/avatar\/42263f39aa27ac04c43cab85c280eb2e?s=96&d=mm&r=pg\",\"contentUrl\":\"https:\/\/secure.gravatar.com\/avatar\/42263f39aa27ac04c43cab85c280eb2e?s=96&d=mm&r=pg\",\"caption\":\"Kul\"},\"logo\":{\"@id\":\"https:\/\/sandzakpress.net\/arhiva\/#\/schema\/person\/image\/\"}},{\"@type\":\"Person\",\"@id\":\"https:\/\/sandzakpress.net\/arhiva\/#\/schema\/person\/c8baee722073534b583ea7bdb2e36c02\",\"name\":\"bosniak\",\"image\":{\"@type\":\"ImageObject\",\"inLanguage\":\"bs-BA\",\"@id\":\"https:\/\/sandzakpress.net\/arhiva\/#\/schema\/person\/image\/\",\"url\":\"https:\/\/secure.gravatar.com\/avatar\/a04fd330bfe3a36a72a0ad4a6d89fca7?s=96&d=mm&r=pg\",\"contentUrl\":\"https:\/\/secure.gravatar.com\/avatar\/a04fd330bfe3a36a72a0ad4a6d89fca7?s=96&d=mm&r=pg\",\"caption\":\"bosniak\"},\"url\":\"https:\/\/sandzakpress.net\/arhiva\/author\/bosniak\/\"}]}<\/script>\n<!-- \/ Yoast SEO Premium plugin. -->","yoast_head_json":{"title":"Nihada \u010coli\u0107 pita ministra: Koje ud\u017ebenike \u0107e koristiti u\u010denici koji budu u\u010dili \u201cbo\u0161nja\u010dki jezik\u201d?","robots":{"index":"index","follow":"follow","max-snippet":"max-snippet:-1","max-image-preview":"max-image-preview:large","max-video-preview":"max-video-preview:-1"},"canonical":"https:\/\/sandzakpress.net\/arhiva\/nihada-colic-pita-ministra-koje-udzbenike-ce-koristiti-ucenici-koji-budu-ucili-bosnjacki-jezik\/","og_locale":"bs_BA","og_type":"article","og_title":"Nihada \u010coli\u0107 pita ministra: Koje ud\u017ebenike \u0107e koristiti u\u010denici koji budu u\u010dili \u201cbo\u0161nja\u010dki jezik\u201d?","og_description":"Sarajevo, Banja Luka \u2013\u00a0Nihada \u010coli\u0107, profesorica razredne nastave i bosanskog, srpskog, hrvatskog jezika i knji\u017eevnosti te koordinatorica instruktivne nastave za u\u010denike iz Konjevi\u0107 Polja, obratila se pismom ministru Ministarstva prosvjete i kulture Republike Srpske Danetu Male\u0161evi\u0107u. \u010coli\u0107 se zahvalila ministru Male\u0161evi\u0107u \u0161to je danas, ta\u010dno 12 dana prije po\u010detka nastave, primio Savjet roditelja u\u010denika iz [&hellip;]","og_url":"https:\/\/sandzakpress.net\/arhiva\/nihada-colic-pita-ministra-koje-udzbenike-ce-koristiti-ucenici-koji-budu-ucili-bosnjacki-jezik\/","og_site_name":"Sand\u017eak PRESS","article_published_time":"2015-08-20T08:21:11+00:00","og_image":[{"width":616,"height":435,"url":"https:\/\/sandzakpress.net\/arhiva\/wp-content\/uploads\/2015\/08\/Nihada-Colic-616x4351.jpg","type":"image\/jpeg"}],"author":"bosniak","twitter_card":"summary_large_image","twitter_misc":{"Written by":"bosniak","Est. reading time":"2 minute"},"schema":{"@context":"https:\/\/schema.org","@graph":[{"@type":"Article","@id":"https:\/\/sandzakpress.net\/arhiva\/nihada-colic-pita-ministra-koje-udzbenike-ce-koristiti-ucenici-koji-budu-ucili-bosnjacki-jezik\/#article","isPartOf":{"@id":"https:\/\/sandzakpress.net\/arhiva\/nihada-colic-pita-ministra-koje-udzbenike-ce-koristiti-ucenici-koji-budu-ucili-bosnjacki-jezik\/"},"author":{"name":"bosniak","@id":"https:\/\/sandzakpress.net\/arhiva\/#\/schema\/person\/c8baee722073534b583ea7bdb2e36c02"},"headline":"Nihada \u010coli\u0107 pita ministra: Koje ud\u017ebenike \u0107e koristiti u\u010denici koji budu u\u010dili \u201cbo\u0161nja\u010dki jezik\u201d?","datePublished":"2015-08-20T08:21:11+00:00","mainEntityOfPage":{"@id":"https:\/\/sandzakpress.net\/arhiva\/nihada-colic-pita-ministra-koje-udzbenike-ce-koristiti-ucenici-koji-budu-ucili-bosnjacki-jezik\/"},"wordCount":491,"commentCount":2,"publisher":{"@id":"https:\/\/sandzakpress.net\/arhiva\/#\/schema\/person\/6e72b67d6e51910a1117b3b483ba20bd"},"image":{"@id":"https:\/\/sandzakpress.net\/arhiva\/nihada-colic-pita-ministra-koje-udzbenike-ce-koristiti-ucenici-koji-budu-ucili-bosnjacki-jezik\/#primaryimage"},"thumbnailUrl":"https:\/\/sandzakpress.net\/arhiva\/wp-content\/uploads\/2015\/08\/Nihada-Colic-616x4351.jpg","keywords":["Bosna i Hercegovina"],"articleSection":["Bosna PRESS"],"inLanguage":"bs-BA","potentialAction":[{"@type":"CommentAction","name":"Comment","target":["https:\/\/sandzakpress.net\/arhiva\/nihada-colic-pita-ministra-koje-udzbenike-ce-koristiti-ucenici-koji-budu-ucili-bosnjacki-jezik\/#respond"]}]},{"@type":"WebPage","@id":"https:\/\/sandzakpress.net\/arhiva\/nihada-colic-pita-ministra-koje-udzbenike-ce-koristiti-ucenici-koji-budu-ucili-bosnjacki-jezik\/","url":"https:\/\/sandzakpress.net\/arhiva\/nihada-colic-pita-ministra-koje-udzbenike-ce-koristiti-ucenici-koji-budu-ucili-bosnjacki-jezik\/","name":"Nihada \u010coli\u0107 pita ministra: Koje ud\u017ebenike \u0107e koristiti u\u010denici koji budu u\u010dili \u201cbo\u0161nja\u010dki jezik\u201d?","isPartOf":{"@id":"https:\/\/sandzakpress.net\/arhiva\/#website"},"primaryImageOfPage":{"@id":"https:\/\/sandzakpress.net\/arhiva\/nihada-colic-pita-ministra-koje-udzbenike-ce-koristiti-ucenici-koji-budu-ucili-bosnjacki-jezik\/#primaryimage"},"image":{"@id":"https:\/\/sandzakpress.net\/arhiva\/nihada-colic-pita-ministra-koje-udzbenike-ce-koristiti-ucenici-koji-budu-ucili-bosnjacki-jezik\/#primaryimage"},"thumbnailUrl":"https:\/\/sandzakpress.net\/arhiva\/wp-content\/uploads\/2015\/08\/Nihada-Colic-616x4351.jpg","datePublished":"2015-08-20T08:21:11+00:00","breadcrumb":{"@id":"https:\/\/sandzakpress.net\/arhiva\/nihada-colic-pita-ministra-koje-udzbenike-ce-koristiti-ucenici-koji-budu-ucili-bosnjacki-jezik\/#breadcrumb"},"inLanguage":"bs-BA","potentialAction":[{"@type":"ReadAction","target":["https:\/\/sandzakpress.net\/arhiva\/nihada-colic-pita-ministra-koje-udzbenike-ce-koristiti-ucenici-koji-budu-ucili-bosnjacki-jezik\/"]}]},{"@type":"ImageObject","inLanguage":"bs-BA","@id":"https:\/\/sandzakpress.net\/arhiva\/nihada-colic-pita-ministra-koje-udzbenike-ce-koristiti-ucenici-koji-budu-ucili-bosnjacki-jezik\/#primaryimage","url":"https:\/\/sandzakpress.net\/arhiva\/wp-content\/uploads\/2015\/08\/Nihada-Colic-616x4351.jpg","contentUrl":"https:\/\/sandzakpress.net\/arhiva\/wp-content\/uploads\/2015\/08\/Nihada-Colic-616x4351.jpg","width":616,"height":435},{"@type":"BreadcrumbList","@id":"https:\/\/sandzakpress.net\/arhiva\/nihada-colic-pita-ministra-koje-udzbenike-ce-koristiti-ucenici-koji-budu-ucili-bosnjacki-jezik\/#breadcrumb","itemListElement":[{"@type":"ListItem","position":1,"name":"Home","item":"https:\/\/sandzakpress.net\/arhiva\/"},{"@type":"ListItem","position":2,"name":"Nihada \u010coli\u0107 pita ministra: Koje ud\u017ebenike \u0107e koristiti u\u010denici koji budu u\u010dili \u201cbo\u0161nja\u010dki jezik\u201d?"}]},{"@type":"WebSite","@id":"https:\/\/sandzakpress.net\/arhiva\/#website","url":"https:\/\/sandzakpress.net\/arhiva\/","name":"Sand\u017eak PRESS","description":"Prve elektronske novine u Sand\u017eaku","publisher":{"@id":"https:\/\/sandzakpress.net\/arhiva\/#\/schema\/person\/6e72b67d6e51910a1117b3b483ba20bd"},"potentialAction":[{"@type":"SearchAction","target":{"@type":"EntryPoint","urlTemplate":"https:\/\/sandzakpress.net\/arhiva\/?s={search_term_string}"},"query-input":{"@type":"PropertyValueSpecification","valueRequired":true,"valueName":"search_term_string"}}],"inLanguage":"bs-BA"},{"@type":["Person","Organization"],"@id":"https:\/\/sandzakpress.net\/arhiva\/#\/schema\/person\/6e72b67d6e51910a1117b3b483ba20bd","name":"Kul","image":{"@type":"ImageObject","inLanguage":"bs-BA","@id":"https:\/\/sandzakpress.net\/arhiva\/#\/schema\/person\/image\/","url":"https:\/\/secure.gravatar.com\/avatar\/42263f39aa27ac04c43cab85c280eb2e?s=96&d=mm&r=pg","contentUrl":"https:\/\/secure.gravatar.com\/avatar\/42263f39aa27ac04c43cab85c280eb2e?s=96&d=mm&r=pg","caption":"Kul"},"logo":{"@id":"https:\/\/sandzakpress.net\/arhiva\/#\/schema\/person\/image\/"}},{"@type":"Person","@id":"https:\/\/sandzakpress.net\/arhiva\/#\/schema\/person\/c8baee722073534b583ea7bdb2e36c02","name":"bosniak","image":{"@type":"ImageObject","inLanguage":"bs-BA","@id":"https:\/\/sandzakpress.net\/arhiva\/#\/schema\/person\/image\/","url":"https:\/\/secure.gravatar.com\/avatar\/a04fd330bfe3a36a72a0ad4a6d89fca7?s=96&d=mm&r=pg","contentUrl":"https:\/\/secure.gravatar.com\/avatar\/a04fd330bfe3a36a72a0ad4a6d89fca7?s=96&d=mm&r=pg","caption":"bosniak"},"url":"https:\/\/sandzakpress.net\/arhiva\/author\/bosniak\/"}]}},"_links":{"self":[{"href":"https:\/\/sandzakpress.net\/arhiva\/wp-json\/wp\/v2\/posts\/134210"}],"collection":[{"href":"https:\/\/sandzakpress.net\/arhiva\/wp-json\/wp\/v2\/posts"}],"about":[{"href":"https:\/\/sandzakpress.net\/arhiva\/wp-json\/wp\/v2\/types\/post"}],"author":[{"embeddable":true,"href":"https:\/\/sandzakpress.net\/arhiva\/wp-json\/wp\/v2\/users\/83"}],"replies":[{"embeddable":true,"href":"https:\/\/sandzakpress.net\/arhiva\/wp-json\/wp\/v2\/comments?post=134210"}],"version-history":[{"count":0,"href":"https:\/\/sandzakpress.net\/arhiva\/wp-json\/wp\/v2\/posts\/134210\/revisions"}],"wp:featuredmedia":[{"embeddable":true,"href":"https:\/\/sandzakpress.net\/arhiva\/wp-json\/wp\/v2\/media\/134212"}],"wp:attachment":[{"href":"https:\/\/sandzakpress.net\/arhiva\/wp-json\/wp\/v2\/media?parent=134210"}],"wp:term":[{"taxonomy":"category","embeddable":true,"href":"https:\/\/sandzakpress.net\/arhiva\/wp-json\/wp\/v2\/categories?post=134210"},{"taxonomy":"post_tag","embeddable":true,"href":"https:\/\/sandzakpress.net\/arhiva\/wp-json\/wp\/v2\/tags?post=134210"}],"curies":[{"name":"wp","href":"https:\/\/api.w.org\/{rel}","templated":true}]}}