{"id":134204,"date":"2015-08-19T19:02:21","date_gmt":"2015-08-19T17:02:21","guid":{"rendered":"https:\/\/sandzakpress.net\/arhiva\/otvorena-dzamija-u-karakaju"},"modified":"2015-08-19T19:02:21","modified_gmt":"2015-08-19T17:02:21","slug":"otvorena-dzamija-u-karakaju","status":"publish","type":"post","link":"https:\/\/sandzakpress.net\/arhiva\/otvorena-dzamija-u-karakaju\/","title":{"rendered":"Otvorena d\u017eamija u Karakaju"},"content":{"rendered":"<p><img loading=\"lazy\" decoding=\"async\" class=\"\" src=\"http:\/\/www.rijaset.ba\/images\/stories\/galerija\/18-08-2015-otvorenje-dzamije-karakaj-zvornik\/3.jpg\" alt=\"\" width=\"599\" height=\"449\" \/><\/p>\n<p><strong>Zvornik \u2013 U zvorni\u010dkom naselju Karakaj, pred oko dvije hiljade vjernika, sve\u010dano je otvorena jo\u0161 jedna d\u017eamija.<\/strong><\/p>\n<p>Sve\u010danost otvorenja je zapo\u010deta u\u010denjem odlomka Kur'ana od strane Izudina ef. Memi\u0107a. Predsjenik Med\u017elisa Islamske zajednice ZVornik Mustafa ef. Muharemovi\u0107 je uputio rije\u010di dobrodo\u0161lice svim gostima i naglasio ja je ovo 23. poratno sve\u010dano otvorenje na podru\u010dju Med\u017elisa. Predsjenik Gra\u0111evinskog odbora Hasan Grebi\u0107 je opisao tok gradnje d\u017eamije od 1991., nastavka radova od 2006. do okon\u010danja radova i sve\u010danog 2015. godine.<\/p>\n<p>Glavni imam Med\u017elisa Haris ef. Mustajba\u0161i\u0107 je uputio ove genaracije na gledanje u budu\u0107nost, radi na\u0161ih potomaka. Na skupu su govorili i Ramiz Salki\u0107, potpredsjednik bosanskohercegova\u010dkog entiteta Republika Srpska i na\u010delnik op\u0161tine Zvornik Zoran Stevanovi\u0107.<\/p>\n<p>Izaslanik Muftije tuzlanskog je bio dr. Sead ef. Seljubac. Prenio je selame Vahid ef. Fazlovi\u0107a, te u svom izlaganju je posebno ukazao na zna\u010daj i ulogu d\u017eamije u na\u0161oj vjeri, kulturi i tradiciji.<\/p>\n<p>Izaslanik reisu-l-uleme Islamske zajednice u Bosni i Hercegovini Husein ef. Kavazovi\u0107a muftija gora\u017edanski Remzija ef. Piti\u0107 je prenio podr\u0161ku Poglavara Islamske zajednice i postavio pitanja: \u0161ta je nama \u010dovjek, \u0161ta nam je d\u017eamija i \u0161ta nam je \u010diniti, te na nji dao neke odgovore.<\/p>\n<p>A\u0161ere na karaju programa je prou\u010dio Mevludin ef. Hrnji\u0107, prvi imam ovce d\u017eamije, a dovu biv\u0161i glavni imam Med\u017elisa Islamske zajednice Zvornik Nurija ef. \u010cikari\u0107. Tokom sve\u010danosti uru\u010dene su zahvalnice najvrednijim aktivistima i vakifima, a klju\u010deve od d\u017eamije Remzija ef. je uru\u010dio Abdulahu Rami\u0107u \u2013 Mali\u0161u, koji ju je sve\u010dano otvorio.<\/p>\n<p><img loading=\"lazy\" decoding=\"async\" class=\"\" src=\"http:\/\/www.rijaset.ba\/images\/stories\/galerija\/18-08-2015-otvorenje-dzamije-karakaj-zvornik\/5.jpg\" alt=\"\" width=\"599\" height=\"449\" \/><br \/>\n<img loading=\"lazy\" decoding=\"async\" class=\"\" src=\"http:\/\/www.rijaset.ba\/images\/stories\/galerija\/18-08-2015-otvorenje-dzamije-karakaj-zvornik\/1.jpg\" alt=\"\" width=\"599\" height=\"337\" \/><br \/>\n<img loading=\"lazy\" decoding=\"async\" class=\"\" src=\"http:\/\/www.rijaset.ba\/images\/stories\/galerija\/18-08-2015-otvorenje-dzamije-karakaj-zvornik\/2.jpg\" alt=\"\" width=\"599\" height=\"339\" \/><\/p>\n<p>(rijaset)<\/p>\n<p>Pogledajte vijest na izvornom sajtu:<\/p>\n<p><a href=\"http:\/\/bosnapress.net\/otvorena-dzamija-u-karakaju\/\" target=\"_blank\">Otvorena d\u017eamija u Karakaju<\/a><\/p>\n","protected":false},"excerpt":{"rendered":"<p>Zvornik \u2013 U zvorni\u010dkom naselju Karakaj, pred oko dvije hiljade vjernika, sve\u010dano je otvorena jo\u0161 jedna d\u017eamija. Sve\u010danost otvorenja je zapo\u010deta u\u010denjem odlomka Kur'ana od strane Izudina ef. Memi\u0107a. Predsjenik Med\u017elisa Islamske zajednice ZVornik Mustafa ef. Muharemovi\u0107 je uputio rije\u010di dobrodo\u0161lice svim gostima i naglasio ja je ovo 23. poratno sve\u010dano otvorenje na podru\u010dju Med\u017elisa. [&hellip;]<\/p>\n","protected":false},"author":83,"featured_media":134208,"comment_status":"open","ping_status":"open","sticky":false,"template":"","format":"standard","meta":{"footnotes":""},"categories":[10513],"tags":[10466],"class_list":{"0":"post-134204","1":"post","2":"type-post","3":"status-publish","4":"format-standard","5":"has-post-thumbnail","7":"category-bosna-press","8":"tag-bosna-i-hercegovina"},"yoast_head":"<!-- This site is optimized with the Yoast SEO Premium plugin v23.1 (Yoast SEO v24.9) - https:\/\/yoast.com\/wordpress\/plugins\/seo\/ -->\n<title>Otvorena d\u017eamija u Karakaju<\/title>\n<meta name=\"robots\" content=\"index, follow, max-snippet:-1, max-image-preview:large, max-video-preview:-1\" \/>\n<link rel=\"canonical\" href=\"https:\/\/sandzakpress.net\/arhiva\/otvorena-dzamija-u-karakaju\/\" \/>\n<meta property=\"og:locale\" content=\"bs_BA\" \/>\n<meta property=\"og:type\" content=\"article\" \/>\n<meta property=\"og:title\" content=\"Otvorena d\u017eamija u Karakaju\" \/>\n<meta property=\"og:description\" content=\"Zvornik \u2013 U zvorni\u010dkom naselju Karakaj, pred oko dvije hiljade vjernika, sve\u010dano je otvorena jo\u0161 jedna d\u017eamija. Sve\u010danost otvorenja je zapo\u010deta u\u010denjem odlomka Kur&#039;ana od strane Izudina ef. Memi\u0107a. Predsjenik Med\u017elisa Islamske zajednice ZVornik Mustafa ef. Muharemovi\u0107 je uputio rije\u010di dobrodo\u0161lice svim gostima i naglasio ja je ovo 23. poratno sve\u010dano otvorenje na podru\u010dju Med\u017elisa. [&hellip;]\" \/>\n<meta property=\"og:url\" content=\"https:\/\/sandzakpress.net\/arhiva\/otvorena-dzamija-u-karakaju\/\" \/>\n<meta property=\"og:site_name\" content=\"Sand\u017eak PRESS\" \/>\n<meta property=\"article:published_time\" content=\"2015-08-19T17:02:21+00:00\" \/>\n<meta property=\"og:image\" content=\"https:\/\/sandzakpress.net\/arhiva\/wp-content\/uploads\/2015\/08\/36.jpg\" \/>\n\t<meta property=\"og:image:width\" content=\"800\" \/>\n\t<meta property=\"og:image:height\" content=\"600\" \/>\n\t<meta property=\"og:image:type\" content=\"image\/jpeg\" \/>\n<meta name=\"author\" content=\"bosniak\" \/>\n<meta name=\"twitter:card\" content=\"summary_large_image\" \/>\n<meta name=\"twitter:label1\" content=\"Written by\" \/>\n\t<meta name=\"twitter:data1\" content=\"bosniak\" \/>\n\t<meta name=\"twitter:label2\" content=\"Est. reading time\" \/>\n\t<meta name=\"twitter:data2\" content=\"1 minuta\" \/>\n<script type=\"application\/ld+json\" class=\"yoast-schema-graph\">{\"@context\":\"https:\/\/schema.org\",\"@graph\":[{\"@type\":\"Article\",\"@id\":\"https:\/\/sandzakpress.net\/arhiva\/otvorena-dzamija-u-karakaju\/#article\",\"isPartOf\":{\"@id\":\"https:\/\/sandzakpress.net\/arhiva\/otvorena-dzamija-u-karakaju\/\"},\"author\":{\"name\":\"bosniak\",\"@id\":\"https:\/\/sandzakpress.net\/arhiva\/#\/schema\/person\/c8baee722073534b583ea7bdb2e36c02\"},\"headline\":\"Otvorena d\u017eamija u Karakaju\",\"datePublished\":\"2015-08-19T17:02:21+00:00\",\"mainEntityOfPage\":{\"@id\":\"https:\/\/sandzakpress.net\/arhiva\/otvorena-dzamija-u-karakaju\/\"},\"wordCount\":297,\"commentCount\":1,\"publisher\":{\"@id\":\"https:\/\/sandzakpress.net\/arhiva\/#\/schema\/person\/6e72b67d6e51910a1117b3b483ba20bd\"},\"image\":{\"@id\":\"https:\/\/sandzakpress.net\/arhiva\/otvorena-dzamija-u-karakaju\/#primaryimage\"},\"thumbnailUrl\":\"https:\/\/sandzakpress.net\/arhiva\/wp-content\/uploads\/2015\/08\/36.jpg\",\"keywords\":[\"Bosna i Hercegovina\"],\"articleSection\":[\"Bosna PRESS\"],\"inLanguage\":\"bs-BA\",\"potentialAction\":[{\"@type\":\"CommentAction\",\"name\":\"Comment\",\"target\":[\"https:\/\/sandzakpress.net\/arhiva\/otvorena-dzamija-u-karakaju\/#respond\"]}]},{\"@type\":\"WebPage\",\"@id\":\"https:\/\/sandzakpress.net\/arhiva\/otvorena-dzamija-u-karakaju\/\",\"url\":\"https:\/\/sandzakpress.net\/arhiva\/otvorena-dzamija-u-karakaju\/\",\"name\":\"Otvorena d\u017eamija u Karakaju\",\"isPartOf\":{\"@id\":\"https:\/\/sandzakpress.net\/arhiva\/#website\"},\"primaryImageOfPage\":{\"@id\":\"https:\/\/sandzakpress.net\/arhiva\/otvorena-dzamija-u-karakaju\/#primaryimage\"},\"image\":{\"@id\":\"https:\/\/sandzakpress.net\/arhiva\/otvorena-dzamija-u-karakaju\/#primaryimage\"},\"thumbnailUrl\":\"https:\/\/sandzakpress.net\/arhiva\/wp-content\/uploads\/2015\/08\/36.jpg\",\"datePublished\":\"2015-08-19T17:02:21+00:00\",\"breadcrumb\":{\"@id\":\"https:\/\/sandzakpress.net\/arhiva\/otvorena-dzamija-u-karakaju\/#breadcrumb\"},\"inLanguage\":\"bs-BA\",\"potentialAction\":[{\"@type\":\"ReadAction\",\"target\":[\"https:\/\/sandzakpress.net\/arhiva\/otvorena-dzamija-u-karakaju\/\"]}]},{\"@type\":\"ImageObject\",\"inLanguage\":\"bs-BA\",\"@id\":\"https:\/\/sandzakpress.net\/arhiva\/otvorena-dzamija-u-karakaju\/#primaryimage\",\"url\":\"https:\/\/sandzakpress.net\/arhiva\/wp-content\/uploads\/2015\/08\/36.jpg\",\"contentUrl\":\"https:\/\/sandzakpress.net\/arhiva\/wp-content\/uploads\/2015\/08\/36.jpg\",\"width\":800,\"height\":600},{\"@type\":\"BreadcrumbList\",\"@id\":\"https:\/\/sandzakpress.net\/arhiva\/otvorena-dzamija-u-karakaju\/#breadcrumb\",\"itemListElement\":[{\"@type\":\"ListItem\",\"position\":1,\"name\":\"Home\",\"item\":\"https:\/\/sandzakpress.net\/arhiva\/\"},{\"@type\":\"ListItem\",\"position\":2,\"name\":\"Otvorena d\u017eamija u Karakaju\"}]},{\"@type\":\"WebSite\",\"@id\":\"https:\/\/sandzakpress.net\/arhiva\/#website\",\"url\":\"https:\/\/sandzakpress.net\/arhiva\/\",\"name\":\"Sand\u017eak PRESS\",\"description\":\"Prve elektronske novine u Sand\u017eaku\",\"publisher\":{\"@id\":\"https:\/\/sandzakpress.net\/arhiva\/#\/schema\/person\/6e72b67d6e51910a1117b3b483ba20bd\"},\"potentialAction\":[{\"@type\":\"SearchAction\",\"target\":{\"@type\":\"EntryPoint\",\"urlTemplate\":\"https:\/\/sandzakpress.net\/arhiva\/?s={search_term_string}\"},\"query-input\":{\"@type\":\"PropertyValueSpecification\",\"valueRequired\":true,\"valueName\":\"search_term_string\"}}],\"inLanguage\":\"bs-BA\"},{\"@type\":[\"Person\",\"Organization\"],\"@id\":\"https:\/\/sandzakpress.net\/arhiva\/#\/schema\/person\/6e72b67d6e51910a1117b3b483ba20bd\",\"name\":\"Kul\",\"image\":{\"@type\":\"ImageObject\",\"inLanguage\":\"bs-BA\",\"@id\":\"https:\/\/sandzakpress.net\/arhiva\/#\/schema\/person\/image\/\",\"url\":\"https:\/\/secure.gravatar.com\/avatar\/42263f39aa27ac04c43cab85c280eb2e?s=96&d=mm&r=pg\",\"contentUrl\":\"https:\/\/secure.gravatar.com\/avatar\/42263f39aa27ac04c43cab85c280eb2e?s=96&d=mm&r=pg\",\"caption\":\"Kul\"},\"logo\":{\"@id\":\"https:\/\/sandzakpress.net\/arhiva\/#\/schema\/person\/image\/\"}},{\"@type\":\"Person\",\"@id\":\"https:\/\/sandzakpress.net\/arhiva\/#\/schema\/person\/c8baee722073534b583ea7bdb2e36c02\",\"name\":\"bosniak\",\"image\":{\"@type\":\"ImageObject\",\"inLanguage\":\"bs-BA\",\"@id\":\"https:\/\/sandzakpress.net\/arhiva\/#\/schema\/person\/image\/\",\"url\":\"https:\/\/secure.gravatar.com\/avatar\/a04fd330bfe3a36a72a0ad4a6d89fca7?s=96&d=mm&r=pg\",\"contentUrl\":\"https:\/\/secure.gravatar.com\/avatar\/a04fd330bfe3a36a72a0ad4a6d89fca7?s=96&d=mm&r=pg\",\"caption\":\"bosniak\"},\"url\":\"https:\/\/sandzakpress.net\/arhiva\/author\/bosniak\/\"}]}<\/script>\n<!-- \/ Yoast SEO Premium plugin. -->","yoast_head_json":{"title":"Otvorena d\u017eamija u Karakaju","robots":{"index":"index","follow":"follow","max-snippet":"max-snippet:-1","max-image-preview":"max-image-preview:large","max-video-preview":"max-video-preview:-1"},"canonical":"https:\/\/sandzakpress.net\/arhiva\/otvorena-dzamija-u-karakaju\/","og_locale":"bs_BA","og_type":"article","og_title":"Otvorena d\u017eamija u Karakaju","og_description":"Zvornik \u2013 U zvorni\u010dkom naselju Karakaj, pred oko dvije hiljade vjernika, sve\u010dano je otvorena jo\u0161 jedna d\u017eamija. Sve\u010danost otvorenja je zapo\u010deta u\u010denjem odlomka Kur'ana od strane Izudina ef. Memi\u0107a. Predsjenik Med\u017elisa Islamske zajednice ZVornik Mustafa ef. Muharemovi\u0107 je uputio rije\u010di dobrodo\u0161lice svim gostima i naglasio ja je ovo 23. poratno sve\u010dano otvorenje na podru\u010dju Med\u017elisa. [&hellip;]","og_url":"https:\/\/sandzakpress.net\/arhiva\/otvorena-dzamija-u-karakaju\/","og_site_name":"Sand\u017eak PRESS","article_published_time":"2015-08-19T17:02:21+00:00","og_image":[{"width":800,"height":600,"url":"https:\/\/sandzakpress.net\/arhiva\/wp-content\/uploads\/2015\/08\/36.jpg","type":"image\/jpeg"}],"author":"bosniak","twitter_card":"summary_large_image","twitter_misc":{"Written by":"bosniak","Est. reading time":"1 minuta"},"schema":{"@context":"https:\/\/schema.org","@graph":[{"@type":"Article","@id":"https:\/\/sandzakpress.net\/arhiva\/otvorena-dzamija-u-karakaju\/#article","isPartOf":{"@id":"https:\/\/sandzakpress.net\/arhiva\/otvorena-dzamija-u-karakaju\/"},"author":{"name":"bosniak","@id":"https:\/\/sandzakpress.net\/arhiva\/#\/schema\/person\/c8baee722073534b583ea7bdb2e36c02"},"headline":"Otvorena d\u017eamija u Karakaju","datePublished":"2015-08-19T17:02:21+00:00","mainEntityOfPage":{"@id":"https:\/\/sandzakpress.net\/arhiva\/otvorena-dzamija-u-karakaju\/"},"wordCount":297,"commentCount":1,"publisher":{"@id":"https:\/\/sandzakpress.net\/arhiva\/#\/schema\/person\/6e72b67d6e51910a1117b3b483ba20bd"},"image":{"@id":"https:\/\/sandzakpress.net\/arhiva\/otvorena-dzamija-u-karakaju\/#primaryimage"},"thumbnailUrl":"https:\/\/sandzakpress.net\/arhiva\/wp-content\/uploads\/2015\/08\/36.jpg","keywords":["Bosna i Hercegovina"],"articleSection":["Bosna PRESS"],"inLanguage":"bs-BA","potentialAction":[{"@type":"CommentAction","name":"Comment","target":["https:\/\/sandzakpress.net\/arhiva\/otvorena-dzamija-u-karakaju\/#respond"]}]},{"@type":"WebPage","@id":"https:\/\/sandzakpress.net\/arhiva\/otvorena-dzamija-u-karakaju\/","url":"https:\/\/sandzakpress.net\/arhiva\/otvorena-dzamija-u-karakaju\/","name":"Otvorena d\u017eamija u Karakaju","isPartOf":{"@id":"https:\/\/sandzakpress.net\/arhiva\/#website"},"primaryImageOfPage":{"@id":"https:\/\/sandzakpress.net\/arhiva\/otvorena-dzamija-u-karakaju\/#primaryimage"},"image":{"@id":"https:\/\/sandzakpress.net\/arhiva\/otvorena-dzamija-u-karakaju\/#primaryimage"},"thumbnailUrl":"https:\/\/sandzakpress.net\/arhiva\/wp-content\/uploads\/2015\/08\/36.jpg","datePublished":"2015-08-19T17:02:21+00:00","breadcrumb":{"@id":"https:\/\/sandzakpress.net\/arhiva\/otvorena-dzamija-u-karakaju\/#breadcrumb"},"inLanguage":"bs-BA","potentialAction":[{"@type":"ReadAction","target":["https:\/\/sandzakpress.net\/arhiva\/otvorena-dzamija-u-karakaju\/"]}]},{"@type":"ImageObject","inLanguage":"bs-BA","@id":"https:\/\/sandzakpress.net\/arhiva\/otvorena-dzamija-u-karakaju\/#primaryimage","url":"https:\/\/sandzakpress.net\/arhiva\/wp-content\/uploads\/2015\/08\/36.jpg","contentUrl":"https:\/\/sandzakpress.net\/arhiva\/wp-content\/uploads\/2015\/08\/36.jpg","width":800,"height":600},{"@type":"BreadcrumbList","@id":"https:\/\/sandzakpress.net\/arhiva\/otvorena-dzamija-u-karakaju\/#breadcrumb","itemListElement":[{"@type":"ListItem","position":1,"name":"Home","item":"https:\/\/sandzakpress.net\/arhiva\/"},{"@type":"ListItem","position":2,"name":"Otvorena d\u017eamija u Karakaju"}]},{"@type":"WebSite","@id":"https:\/\/sandzakpress.net\/arhiva\/#website","url":"https:\/\/sandzakpress.net\/arhiva\/","name":"Sand\u017eak PRESS","description":"Prve elektronske novine u Sand\u017eaku","publisher":{"@id":"https:\/\/sandzakpress.net\/arhiva\/#\/schema\/person\/6e72b67d6e51910a1117b3b483ba20bd"},"potentialAction":[{"@type":"SearchAction","target":{"@type":"EntryPoint","urlTemplate":"https:\/\/sandzakpress.net\/arhiva\/?s={search_term_string}"},"query-input":{"@type":"PropertyValueSpecification","valueRequired":true,"valueName":"search_term_string"}}],"inLanguage":"bs-BA"},{"@type":["Person","Organization"],"@id":"https:\/\/sandzakpress.net\/arhiva\/#\/schema\/person\/6e72b67d6e51910a1117b3b483ba20bd","name":"Kul","image":{"@type":"ImageObject","inLanguage":"bs-BA","@id":"https:\/\/sandzakpress.net\/arhiva\/#\/schema\/person\/image\/","url":"https:\/\/secure.gravatar.com\/avatar\/42263f39aa27ac04c43cab85c280eb2e?s=96&d=mm&r=pg","contentUrl":"https:\/\/secure.gravatar.com\/avatar\/42263f39aa27ac04c43cab85c280eb2e?s=96&d=mm&r=pg","caption":"Kul"},"logo":{"@id":"https:\/\/sandzakpress.net\/arhiva\/#\/schema\/person\/image\/"}},{"@type":"Person","@id":"https:\/\/sandzakpress.net\/arhiva\/#\/schema\/person\/c8baee722073534b583ea7bdb2e36c02","name":"bosniak","image":{"@type":"ImageObject","inLanguage":"bs-BA","@id":"https:\/\/sandzakpress.net\/arhiva\/#\/schema\/person\/image\/","url":"https:\/\/secure.gravatar.com\/avatar\/a04fd330bfe3a36a72a0ad4a6d89fca7?s=96&d=mm&r=pg","contentUrl":"https:\/\/secure.gravatar.com\/avatar\/a04fd330bfe3a36a72a0ad4a6d89fca7?s=96&d=mm&r=pg","caption":"bosniak"},"url":"https:\/\/sandzakpress.net\/arhiva\/author\/bosniak\/"}]}},"_links":{"self":[{"href":"https:\/\/sandzakpress.net\/arhiva\/wp-json\/wp\/v2\/posts\/134204"}],"collection":[{"href":"https:\/\/sandzakpress.net\/arhiva\/wp-json\/wp\/v2\/posts"}],"about":[{"href":"https:\/\/sandzakpress.net\/arhiva\/wp-json\/wp\/v2\/types\/post"}],"author":[{"embeddable":true,"href":"https:\/\/sandzakpress.net\/arhiva\/wp-json\/wp\/v2\/users\/83"}],"replies":[{"embeddable":true,"href":"https:\/\/sandzakpress.net\/arhiva\/wp-json\/wp\/v2\/comments?post=134204"}],"version-history":[{"count":0,"href":"https:\/\/sandzakpress.net\/arhiva\/wp-json\/wp\/v2\/posts\/134204\/revisions"}],"wp:featuredmedia":[{"embeddable":true,"href":"https:\/\/sandzakpress.net\/arhiva\/wp-json\/wp\/v2\/media\/134208"}],"wp:attachment":[{"href":"https:\/\/sandzakpress.net\/arhiva\/wp-json\/wp\/v2\/media?parent=134204"}],"wp:term":[{"taxonomy":"category","embeddable":true,"href":"https:\/\/sandzakpress.net\/arhiva\/wp-json\/wp\/v2\/categories?post=134204"},{"taxonomy":"post_tag","embeddable":true,"href":"https:\/\/sandzakpress.net\/arhiva\/wp-json\/wp\/v2\/tags?post=134204"}],"curies":[{"name":"wp","href":"https:\/\/api.w.org\/{rel}","templated":true}]}}