{"id":134193,"date":"2015-08-19T18:00:56","date_gmt":"2015-08-19T16:00:56","guid":{"rendered":"https:\/\/sandzakpress.net\/arhiva\/ekrem-sabic-optuzio-bilala-bosnica-za-slanje-i-pogibiju-njegovog-sina-nermina-u-siriji"},"modified":"2015-08-19T18:00:56","modified_gmt":"2015-08-19T16:00:56","slug":"ekrem-sabic-optuzio-bilala-bosnica-za-slanje-i-pogibiju-njegovog-sina-nermina-u-siriji","status":"publish","type":"post","link":"https:\/\/sandzakpress.net\/arhiva\/ekrem-sabic-optuzio-bilala-bosnica-za-slanje-i-pogibiju-njegovog-sina-nermina-u-siriji\/","title":{"rendered":"Ekrem \u0160abi\u0107 optu\u017eio Bilala Bosni\u0107a za slanje i pogibiju njegovog sina Nermina u Siriji"},"content":{"rendered":"<p><img loading=\"lazy\" decoding=\"async\" class=\"\" src=\"http:\/\/saff.ba\/wp-content\/uploads\/2015\/08\/timthumb.php_.jpg\" alt=\"Ekrem \u0160abi\u0107 optu\u017eio Bilala Bosni\u0107a za slanje i pogibiju njegovog sina Nermina u Siriji\" width=\"600\" height=\"317\" \/><\/p>\n<p><strong>BiH \u2013 Svjedok Tu\u017eila\u0161tva BiH Ekrem \u0160abi\u0107 danas je svjedo\u010dio na Sudu BiH protiv Bilala Bosni\u0107a. On je Bosni\u0107a optu\u017eio tvrdi da je za pogibiju njegovog sina Nermina u Siriji.<\/strong><\/p>\n<p>\u201cUbio mi je sina\u201d, rekao je \u0160abi\u0107 danas na su\u0111enju Bosni\u0107u u Sudu BiH. \u0160abi\u0107 je dodao da je za smrt sina saznao od k\u0107erke, ali da ne zna ta\u010dno gdje je Nermin nastradao.<\/p>\n<p>Svjedok je naveo da je njegov sin od 2013. godine \u017eivio kod Bosni\u0107a, koji ga je \u201cokrenuo pod svoje\u201d i da od tada nije imao nikakve kontakte sa njim.<\/p>\n<p>On je ispri\u010dao da mu je snaha po dolasku ku\u0107i u Bosansku Krupu iz Slovenije rekla da je \u201cNermin oti\u0161ao na neku obuku sa Bilalom\u201d.<\/p>\n<p>\u201cOn lovi ljude, obu\u010dava i odvodi u Siriju da ratuju. Ovakvi kao \u0161to je Bilal nisu ljudi. Lako je ubijati tu\u0111u djecu\u201d, rekao je \u0160abi\u0107.<\/p>\n<p>Prema njegovim rije\u010dima, poslije dva mjeseca kod Bosni\u0107a je oti\u0161la i Nerminova \u017eena sa njihovo dvoje djece, tamo rodilo tre\u0107e, a u Siriji i \u010detvrto dijete.<\/p>\n<p>Svjedok tvrdi da Nermin nije imao novac za odlazak u Siriju. On je istakao da je novac bio Bosni\u0107ev koji mu je dala Nerminova majka, svjedokova biv\u0161a supruga. Ona se poslije razvoda preudala za \u010dovjeka koji je u srodstvu sa Bosni\u0107em (Ovaj dio svjedo\u010denja je kontradiktoran).<\/p>\n<p>\u201cNermin nije oti\u0161ao dobrovoljno. Poslao ga je Bilal, kojeg zovu `\u0161eik`. On je glavni organizator odlazaka na rati\u0161ta u Siriju\u201d, tvrdi \u0160abi\u0107.<\/p>\n<p>\u0160abi\u0107, koji \u017eivi i radi u Sloveniji, strahuje i za drugog sina Almina, koji je sa njim, i pla\u0161i se da \u0107e ga vrbovati Bosni\u0107evi ljudi.<\/p>\n<p>Svjedok je istakao da je gledao \u201cna televiziji da je Bosni\u0107 i u Jesenicama obu\u010davao ljude za ratovanje\u201d, te napomenuo da su tri Slovenca poginula na sirijskom rati\u0161tu.<\/p>\n<p>Dana\u0161njem ro\u010di\u0161tu nije pristupio najavljeni za\u0161ti\u0107eni svjedok \u201cB1\u201d, koji se trenutno nalazi izvan BiH. NJegovo svjedo\u010denje odgo\u0111eno je za 26. avgust, kada \u0107e biti nastavljeno su\u0111enje.<\/p>\n<p>Bosni\u0107 je optu\u017een je za podsticanje na teroristi\u010dke aktivnosti u vezi sa krivi\u010dnim djelima vrbovanje radi teroristi\u010dkih aktivnosti i organizovanje teroristi\u010dke grupe.<\/p>\n<p>(saff)<\/p>\n<p>Pogledajte vijest na izvornom sajtu:<\/p>\n<p><a href=\"http:\/\/bosnapress.net\/ekrem-sabic-optuzio-bilala-bosnica-za-slanje-i-pogibiju-njegovog-sina-nermina-u-siriji\/\" target=\"_blank\">Ekrem \u0160abi\u0107 optu\u017eio Bilala Bosni\u0107a za slanje i pogibiju njegovog sina Nermina u Siriji<\/a><\/p>\n","protected":false},"excerpt":{"rendered":"<p>BiH \u2013 Svjedok Tu\u017eila\u0161tva BiH Ekrem \u0160abi\u0107 danas je svjedo\u010dio na Sudu BiH protiv Bilala Bosni\u0107a. On je Bosni\u0107a optu\u017eio tvrdi da je za pogibiju njegovog sina Nermina u Siriji. \u201cUbio mi je sina\u201d, rekao je \u0160abi\u0107 danas na su\u0111enju Bosni\u0107u u Sudu BiH. \u0160abi\u0107 je dodao da je za smrt sina saznao od k\u0107erke, [&hellip;]<\/p>\n","protected":false},"author":83,"featured_media":134195,"comment_status":"open","ping_status":"open","sticky":false,"template":"","format":"standard","meta":{"footnotes":""},"categories":[10513],"tags":[10466],"class_list":{"0":"post-134193","1":"post","2":"type-post","3":"status-publish","4":"format-standard","5":"has-post-thumbnail","7":"category-bosna-press","8":"tag-bosna-i-hercegovina"},"yoast_head":"<!-- This site is optimized with the Yoast SEO Premium plugin v23.1 (Yoast SEO v24.9) - https:\/\/yoast.com\/wordpress\/plugins\/seo\/ -->\n<title>Ekrem \u0160abi\u0107 optu\u017eio Bilala Bosni\u0107a za slanje i pogibiju njegovog sina Nermina u Siriji<\/title>\n<meta name=\"robots\" content=\"index, follow, max-snippet:-1, max-image-preview:large, max-video-preview:-1\" \/>\n<link rel=\"canonical\" href=\"https:\/\/sandzakpress.net\/arhiva\/ekrem-sabic-optuzio-bilala-bosnica-za-slanje-i-pogibiju-njegovog-sina-nermina-u-siriji\/\" \/>\n<meta property=\"og:locale\" content=\"bs_BA\" \/>\n<meta property=\"og:type\" content=\"article\" \/>\n<meta property=\"og:title\" content=\"Ekrem \u0160abi\u0107 optu\u017eio Bilala Bosni\u0107a za slanje i pogibiju njegovog sina Nermina u Siriji\" \/>\n<meta property=\"og:description\" content=\"BiH \u2013 Svjedok Tu\u017eila\u0161tva BiH Ekrem \u0160abi\u0107 danas je svjedo\u010dio na Sudu BiH protiv Bilala Bosni\u0107a. On je Bosni\u0107a optu\u017eio tvrdi da je za pogibiju njegovog sina Nermina u Siriji. \u201cUbio mi je sina\u201d, rekao je \u0160abi\u0107 danas na su\u0111enju Bosni\u0107u u Sudu BiH. \u0160abi\u0107 je dodao da je za smrt sina saznao od k\u0107erke, [&hellip;]\" \/>\n<meta property=\"og:url\" content=\"https:\/\/sandzakpress.net\/arhiva\/ekrem-sabic-optuzio-bilala-bosnica-za-slanje-i-pogibiju-njegovog-sina-nermina-u-siriji\/\" \/>\n<meta property=\"og:site_name\" content=\"Sand\u017eak PRESS\" \/>\n<meta property=\"article:published_time\" content=\"2015-08-19T16:00:56+00:00\" \/>\n<meta property=\"og:image\" content=\"https:\/\/sandzakpress.net\/arhiva\/wp-content\/uploads\/2015\/08\/timthumb.php_1.jpg\" \/>\n\t<meta property=\"og:image:width\" content=\"642\" \/>\n\t<meta property=\"og:image:height\" content=\"339\" \/>\n\t<meta property=\"og:image:type\" content=\"image\/jpeg\" \/>\n<meta name=\"author\" content=\"bosniak\" \/>\n<meta name=\"twitter:card\" content=\"summary_large_image\" \/>\n<meta name=\"twitter:label1\" content=\"Written by\" \/>\n\t<meta name=\"twitter:data1\" content=\"bosniak\" \/>\n\t<meta name=\"twitter:label2\" content=\"Est. reading time\" \/>\n\t<meta name=\"twitter:data2\" content=\"2 minute\" \/>\n<script type=\"application\/ld+json\" class=\"yoast-schema-graph\">{\"@context\":\"https:\/\/schema.org\",\"@graph\":[{\"@type\":\"Article\",\"@id\":\"https:\/\/sandzakpress.net\/arhiva\/ekrem-sabic-optuzio-bilala-bosnica-za-slanje-i-pogibiju-njegovog-sina-nermina-u-siriji\/#article\",\"isPartOf\":{\"@id\":\"https:\/\/sandzakpress.net\/arhiva\/ekrem-sabic-optuzio-bilala-bosnica-za-slanje-i-pogibiju-njegovog-sina-nermina-u-siriji\/\"},\"author\":{\"name\":\"bosniak\",\"@id\":\"https:\/\/sandzakpress.net\/arhiva\/#\/schema\/person\/c8baee722073534b583ea7bdb2e36c02\"},\"headline\":\"Ekrem \u0160abi\u0107 optu\u017eio Bilala Bosni\u0107a za slanje i pogibiju njegovog sina Nermina u Siriji\",\"datePublished\":\"2015-08-19T16:00:56+00:00\",\"mainEntityOfPage\":{\"@id\":\"https:\/\/sandzakpress.net\/arhiva\/ekrem-sabic-optuzio-bilala-bosnica-za-slanje-i-pogibiju-njegovog-sina-nermina-u-siriji\/\"},\"wordCount\":417,\"commentCount\":2,\"publisher\":{\"@id\":\"https:\/\/sandzakpress.net\/arhiva\/#\/schema\/person\/6e72b67d6e51910a1117b3b483ba20bd\"},\"image\":{\"@id\":\"https:\/\/sandzakpress.net\/arhiva\/ekrem-sabic-optuzio-bilala-bosnica-za-slanje-i-pogibiju-njegovog-sina-nermina-u-siriji\/#primaryimage\"},\"thumbnailUrl\":\"https:\/\/sandzakpress.net\/arhiva\/wp-content\/uploads\/2015\/08\/timthumb.php_1.jpg\",\"keywords\":[\"Bosna i Hercegovina\"],\"articleSection\":[\"Bosna PRESS\"],\"inLanguage\":\"bs-BA\",\"potentialAction\":[{\"@type\":\"CommentAction\",\"name\":\"Comment\",\"target\":[\"https:\/\/sandzakpress.net\/arhiva\/ekrem-sabic-optuzio-bilala-bosnica-za-slanje-i-pogibiju-njegovog-sina-nermina-u-siriji\/#respond\"]}]},{\"@type\":\"WebPage\",\"@id\":\"https:\/\/sandzakpress.net\/arhiva\/ekrem-sabic-optuzio-bilala-bosnica-za-slanje-i-pogibiju-njegovog-sina-nermina-u-siriji\/\",\"url\":\"https:\/\/sandzakpress.net\/arhiva\/ekrem-sabic-optuzio-bilala-bosnica-za-slanje-i-pogibiju-njegovog-sina-nermina-u-siriji\/\",\"name\":\"Ekrem \u0160abi\u0107 optu\u017eio Bilala Bosni\u0107a za slanje i pogibiju njegovog sina Nermina u Siriji\",\"isPartOf\":{\"@id\":\"https:\/\/sandzakpress.net\/arhiva\/#website\"},\"primaryImageOfPage\":{\"@id\":\"https:\/\/sandzakpress.net\/arhiva\/ekrem-sabic-optuzio-bilala-bosnica-za-slanje-i-pogibiju-njegovog-sina-nermina-u-siriji\/#primaryimage\"},\"image\":{\"@id\":\"https:\/\/sandzakpress.net\/arhiva\/ekrem-sabic-optuzio-bilala-bosnica-za-slanje-i-pogibiju-njegovog-sina-nermina-u-siriji\/#primaryimage\"},\"thumbnailUrl\":\"https:\/\/sandzakpress.net\/arhiva\/wp-content\/uploads\/2015\/08\/timthumb.php_1.jpg\",\"datePublished\":\"2015-08-19T16:00:56+00:00\",\"breadcrumb\":{\"@id\":\"https:\/\/sandzakpress.net\/arhiva\/ekrem-sabic-optuzio-bilala-bosnica-za-slanje-i-pogibiju-njegovog-sina-nermina-u-siriji\/#breadcrumb\"},\"inLanguage\":\"bs-BA\",\"potentialAction\":[{\"@type\":\"ReadAction\",\"target\":[\"https:\/\/sandzakpress.net\/arhiva\/ekrem-sabic-optuzio-bilala-bosnica-za-slanje-i-pogibiju-njegovog-sina-nermina-u-siriji\/\"]}]},{\"@type\":\"ImageObject\",\"inLanguage\":\"bs-BA\",\"@id\":\"https:\/\/sandzakpress.net\/arhiva\/ekrem-sabic-optuzio-bilala-bosnica-za-slanje-i-pogibiju-njegovog-sina-nermina-u-siriji\/#primaryimage\",\"url\":\"https:\/\/sandzakpress.net\/arhiva\/wp-content\/uploads\/2015\/08\/timthumb.php_1.jpg\",\"contentUrl\":\"https:\/\/sandzakpress.net\/arhiva\/wp-content\/uploads\/2015\/08\/timthumb.php_1.jpg\",\"width\":642,\"height\":339},{\"@type\":\"BreadcrumbList\",\"@id\":\"https:\/\/sandzakpress.net\/arhiva\/ekrem-sabic-optuzio-bilala-bosnica-za-slanje-i-pogibiju-njegovog-sina-nermina-u-siriji\/#breadcrumb\",\"itemListElement\":[{\"@type\":\"ListItem\",\"position\":1,\"name\":\"Home\",\"item\":\"https:\/\/sandzakpress.net\/arhiva\/\"},{\"@type\":\"ListItem\",\"position\":2,\"name\":\"Ekrem \u0160abi\u0107 optu\u017eio Bilala Bosni\u0107a za slanje i pogibiju njegovog sina Nermina u Siriji\"}]},{\"@type\":\"WebSite\",\"@id\":\"https:\/\/sandzakpress.net\/arhiva\/#website\",\"url\":\"https:\/\/sandzakpress.net\/arhiva\/\",\"name\":\"Sand\u017eak PRESS\",\"description\":\"Prve elektronske novine u Sand\u017eaku\",\"publisher\":{\"@id\":\"https:\/\/sandzakpress.net\/arhiva\/#\/schema\/person\/6e72b67d6e51910a1117b3b483ba20bd\"},\"potentialAction\":[{\"@type\":\"SearchAction\",\"target\":{\"@type\":\"EntryPoint\",\"urlTemplate\":\"https:\/\/sandzakpress.net\/arhiva\/?s={search_term_string}\"},\"query-input\":{\"@type\":\"PropertyValueSpecification\",\"valueRequired\":true,\"valueName\":\"search_term_string\"}}],\"inLanguage\":\"bs-BA\"},{\"@type\":[\"Person\",\"Organization\"],\"@id\":\"https:\/\/sandzakpress.net\/arhiva\/#\/schema\/person\/6e72b67d6e51910a1117b3b483ba20bd\",\"name\":\"Kul\",\"image\":{\"@type\":\"ImageObject\",\"inLanguage\":\"bs-BA\",\"@id\":\"https:\/\/sandzakpress.net\/arhiva\/#\/schema\/person\/image\/\",\"url\":\"https:\/\/secure.gravatar.com\/avatar\/42263f39aa27ac04c43cab85c280eb2e?s=96&d=mm&r=pg\",\"contentUrl\":\"https:\/\/secure.gravatar.com\/avatar\/42263f39aa27ac04c43cab85c280eb2e?s=96&d=mm&r=pg\",\"caption\":\"Kul\"},\"logo\":{\"@id\":\"https:\/\/sandzakpress.net\/arhiva\/#\/schema\/person\/image\/\"}},{\"@type\":\"Person\",\"@id\":\"https:\/\/sandzakpress.net\/arhiva\/#\/schema\/person\/c8baee722073534b583ea7bdb2e36c02\",\"name\":\"bosniak\",\"image\":{\"@type\":\"ImageObject\",\"inLanguage\":\"bs-BA\",\"@id\":\"https:\/\/sandzakpress.net\/arhiva\/#\/schema\/person\/image\/\",\"url\":\"https:\/\/secure.gravatar.com\/avatar\/a04fd330bfe3a36a72a0ad4a6d89fca7?s=96&d=mm&r=pg\",\"contentUrl\":\"https:\/\/secure.gravatar.com\/avatar\/a04fd330bfe3a36a72a0ad4a6d89fca7?s=96&d=mm&r=pg\",\"caption\":\"bosniak\"},\"url\":\"https:\/\/sandzakpress.net\/arhiva\/author\/bosniak\/\"}]}<\/script>\n<!-- \/ Yoast SEO Premium plugin. -->","yoast_head_json":{"title":"Ekrem \u0160abi\u0107 optu\u017eio Bilala Bosni\u0107a za slanje i pogibiju njegovog sina Nermina u Siriji","robots":{"index":"index","follow":"follow","max-snippet":"max-snippet:-1","max-image-preview":"max-image-preview:large","max-video-preview":"max-video-preview:-1"},"canonical":"https:\/\/sandzakpress.net\/arhiva\/ekrem-sabic-optuzio-bilala-bosnica-za-slanje-i-pogibiju-njegovog-sina-nermina-u-siriji\/","og_locale":"bs_BA","og_type":"article","og_title":"Ekrem \u0160abi\u0107 optu\u017eio Bilala Bosni\u0107a za slanje i pogibiju njegovog sina Nermina u Siriji","og_description":"BiH \u2013 Svjedok Tu\u017eila\u0161tva BiH Ekrem \u0160abi\u0107 danas je svjedo\u010dio na Sudu BiH protiv Bilala Bosni\u0107a. On je Bosni\u0107a optu\u017eio tvrdi da je za pogibiju njegovog sina Nermina u Siriji. \u201cUbio mi je sina\u201d, rekao je \u0160abi\u0107 danas na su\u0111enju Bosni\u0107u u Sudu BiH. \u0160abi\u0107 je dodao da je za smrt sina saznao od k\u0107erke, [&hellip;]","og_url":"https:\/\/sandzakpress.net\/arhiva\/ekrem-sabic-optuzio-bilala-bosnica-za-slanje-i-pogibiju-njegovog-sina-nermina-u-siriji\/","og_site_name":"Sand\u017eak PRESS","article_published_time":"2015-08-19T16:00:56+00:00","og_image":[{"width":642,"height":339,"url":"https:\/\/sandzakpress.net\/arhiva\/wp-content\/uploads\/2015\/08\/timthumb.php_1.jpg","type":"image\/jpeg"}],"author":"bosniak","twitter_card":"summary_large_image","twitter_misc":{"Written by":"bosniak","Est. reading time":"2 minute"},"schema":{"@context":"https:\/\/schema.org","@graph":[{"@type":"Article","@id":"https:\/\/sandzakpress.net\/arhiva\/ekrem-sabic-optuzio-bilala-bosnica-za-slanje-i-pogibiju-njegovog-sina-nermina-u-siriji\/#article","isPartOf":{"@id":"https:\/\/sandzakpress.net\/arhiva\/ekrem-sabic-optuzio-bilala-bosnica-za-slanje-i-pogibiju-njegovog-sina-nermina-u-siriji\/"},"author":{"name":"bosniak","@id":"https:\/\/sandzakpress.net\/arhiva\/#\/schema\/person\/c8baee722073534b583ea7bdb2e36c02"},"headline":"Ekrem \u0160abi\u0107 optu\u017eio Bilala Bosni\u0107a za slanje i pogibiju njegovog sina Nermina u Siriji","datePublished":"2015-08-19T16:00:56+00:00","mainEntityOfPage":{"@id":"https:\/\/sandzakpress.net\/arhiva\/ekrem-sabic-optuzio-bilala-bosnica-za-slanje-i-pogibiju-njegovog-sina-nermina-u-siriji\/"},"wordCount":417,"commentCount":2,"publisher":{"@id":"https:\/\/sandzakpress.net\/arhiva\/#\/schema\/person\/6e72b67d6e51910a1117b3b483ba20bd"},"image":{"@id":"https:\/\/sandzakpress.net\/arhiva\/ekrem-sabic-optuzio-bilala-bosnica-za-slanje-i-pogibiju-njegovog-sina-nermina-u-siriji\/#primaryimage"},"thumbnailUrl":"https:\/\/sandzakpress.net\/arhiva\/wp-content\/uploads\/2015\/08\/timthumb.php_1.jpg","keywords":["Bosna i Hercegovina"],"articleSection":["Bosna PRESS"],"inLanguage":"bs-BA","potentialAction":[{"@type":"CommentAction","name":"Comment","target":["https:\/\/sandzakpress.net\/arhiva\/ekrem-sabic-optuzio-bilala-bosnica-za-slanje-i-pogibiju-njegovog-sina-nermina-u-siriji\/#respond"]}]},{"@type":"WebPage","@id":"https:\/\/sandzakpress.net\/arhiva\/ekrem-sabic-optuzio-bilala-bosnica-za-slanje-i-pogibiju-njegovog-sina-nermina-u-siriji\/","url":"https:\/\/sandzakpress.net\/arhiva\/ekrem-sabic-optuzio-bilala-bosnica-za-slanje-i-pogibiju-njegovog-sina-nermina-u-siriji\/","name":"Ekrem \u0160abi\u0107 optu\u017eio Bilala Bosni\u0107a za slanje i pogibiju njegovog sina Nermina u Siriji","isPartOf":{"@id":"https:\/\/sandzakpress.net\/arhiva\/#website"},"primaryImageOfPage":{"@id":"https:\/\/sandzakpress.net\/arhiva\/ekrem-sabic-optuzio-bilala-bosnica-za-slanje-i-pogibiju-njegovog-sina-nermina-u-siriji\/#primaryimage"},"image":{"@id":"https:\/\/sandzakpress.net\/arhiva\/ekrem-sabic-optuzio-bilala-bosnica-za-slanje-i-pogibiju-njegovog-sina-nermina-u-siriji\/#primaryimage"},"thumbnailUrl":"https:\/\/sandzakpress.net\/arhiva\/wp-content\/uploads\/2015\/08\/timthumb.php_1.jpg","datePublished":"2015-08-19T16:00:56+00:00","breadcrumb":{"@id":"https:\/\/sandzakpress.net\/arhiva\/ekrem-sabic-optuzio-bilala-bosnica-za-slanje-i-pogibiju-njegovog-sina-nermina-u-siriji\/#breadcrumb"},"inLanguage":"bs-BA","potentialAction":[{"@type":"ReadAction","target":["https:\/\/sandzakpress.net\/arhiva\/ekrem-sabic-optuzio-bilala-bosnica-za-slanje-i-pogibiju-njegovog-sina-nermina-u-siriji\/"]}]},{"@type":"ImageObject","inLanguage":"bs-BA","@id":"https:\/\/sandzakpress.net\/arhiva\/ekrem-sabic-optuzio-bilala-bosnica-za-slanje-i-pogibiju-njegovog-sina-nermina-u-siriji\/#primaryimage","url":"https:\/\/sandzakpress.net\/arhiva\/wp-content\/uploads\/2015\/08\/timthumb.php_1.jpg","contentUrl":"https:\/\/sandzakpress.net\/arhiva\/wp-content\/uploads\/2015\/08\/timthumb.php_1.jpg","width":642,"height":339},{"@type":"BreadcrumbList","@id":"https:\/\/sandzakpress.net\/arhiva\/ekrem-sabic-optuzio-bilala-bosnica-za-slanje-i-pogibiju-njegovog-sina-nermina-u-siriji\/#breadcrumb","itemListElement":[{"@type":"ListItem","position":1,"name":"Home","item":"https:\/\/sandzakpress.net\/arhiva\/"},{"@type":"ListItem","position":2,"name":"Ekrem \u0160abi\u0107 optu\u017eio Bilala Bosni\u0107a za slanje i pogibiju njegovog sina Nermina u Siriji"}]},{"@type":"WebSite","@id":"https:\/\/sandzakpress.net\/arhiva\/#website","url":"https:\/\/sandzakpress.net\/arhiva\/","name":"Sand\u017eak PRESS","description":"Prve elektronske novine u Sand\u017eaku","publisher":{"@id":"https:\/\/sandzakpress.net\/arhiva\/#\/schema\/person\/6e72b67d6e51910a1117b3b483ba20bd"},"potentialAction":[{"@type":"SearchAction","target":{"@type":"EntryPoint","urlTemplate":"https:\/\/sandzakpress.net\/arhiva\/?s={search_term_string}"},"query-input":{"@type":"PropertyValueSpecification","valueRequired":true,"valueName":"search_term_string"}}],"inLanguage":"bs-BA"},{"@type":["Person","Organization"],"@id":"https:\/\/sandzakpress.net\/arhiva\/#\/schema\/person\/6e72b67d6e51910a1117b3b483ba20bd","name":"Kul","image":{"@type":"ImageObject","inLanguage":"bs-BA","@id":"https:\/\/sandzakpress.net\/arhiva\/#\/schema\/person\/image\/","url":"https:\/\/secure.gravatar.com\/avatar\/42263f39aa27ac04c43cab85c280eb2e?s=96&d=mm&r=pg","contentUrl":"https:\/\/secure.gravatar.com\/avatar\/42263f39aa27ac04c43cab85c280eb2e?s=96&d=mm&r=pg","caption":"Kul"},"logo":{"@id":"https:\/\/sandzakpress.net\/arhiva\/#\/schema\/person\/image\/"}},{"@type":"Person","@id":"https:\/\/sandzakpress.net\/arhiva\/#\/schema\/person\/c8baee722073534b583ea7bdb2e36c02","name":"bosniak","image":{"@type":"ImageObject","inLanguage":"bs-BA","@id":"https:\/\/sandzakpress.net\/arhiva\/#\/schema\/person\/image\/","url":"https:\/\/secure.gravatar.com\/avatar\/a04fd330bfe3a36a72a0ad4a6d89fca7?s=96&d=mm&r=pg","contentUrl":"https:\/\/secure.gravatar.com\/avatar\/a04fd330bfe3a36a72a0ad4a6d89fca7?s=96&d=mm&r=pg","caption":"bosniak"},"url":"https:\/\/sandzakpress.net\/arhiva\/author\/bosniak\/"}]}},"_links":{"self":[{"href":"https:\/\/sandzakpress.net\/arhiva\/wp-json\/wp\/v2\/posts\/134193"}],"collection":[{"href":"https:\/\/sandzakpress.net\/arhiva\/wp-json\/wp\/v2\/posts"}],"about":[{"href":"https:\/\/sandzakpress.net\/arhiva\/wp-json\/wp\/v2\/types\/post"}],"author":[{"embeddable":true,"href":"https:\/\/sandzakpress.net\/arhiva\/wp-json\/wp\/v2\/users\/83"}],"replies":[{"embeddable":true,"href":"https:\/\/sandzakpress.net\/arhiva\/wp-json\/wp\/v2\/comments?post=134193"}],"version-history":[{"count":0,"href":"https:\/\/sandzakpress.net\/arhiva\/wp-json\/wp\/v2\/posts\/134193\/revisions"}],"wp:featuredmedia":[{"embeddable":true,"href":"https:\/\/sandzakpress.net\/arhiva\/wp-json\/wp\/v2\/media\/134195"}],"wp:attachment":[{"href":"https:\/\/sandzakpress.net\/arhiva\/wp-json\/wp\/v2\/media?parent=134193"}],"wp:term":[{"taxonomy":"category","embeddable":true,"href":"https:\/\/sandzakpress.net\/arhiva\/wp-json\/wp\/v2\/categories?post=134193"},{"taxonomy":"post_tag","embeddable":true,"href":"https:\/\/sandzakpress.net\/arhiva\/wp-json\/wp\/v2\/tags?post=134193"}],"curies":[{"name":"wp","href":"https:\/\/api.w.org\/{rel}","templated":true}]}}