{"id":133749,"date":"2015-08-15T11:23:09","date_gmt":"2015-08-15T09:23:09","guid":{"rendered":"https:\/\/sandzakpress.net\/arhiva\/?p=133749"},"modified":"2015-08-15T11:23:09","modified_gmt":"2015-08-15T09:23:09","slug":"sjenicka-konferencija-1917-godine","status":"publish","type":"post","link":"https:\/\/sandzakpress.net\/arhiva\/sjenicka-konferencija-1917-godine\/","title":{"rendered":"Sjeni\u010dka konferencija 1917. godine"},"content":{"rendered":"<p><img loading=\"lazy\" decoding=\"async\" class=\"\" src=\"http:\/\/www.sandzacke.rs\/wp-content\/uploads\/2015\/08\/Sjenica-old.jpg\" alt=\"Sjenica old\" width=\"598\" height=\"386\" \/><\/p>\n<p><strong>Sjenica &#8211; Historijska de\u0161avanja koja su od Berlinskog kongresa zadesila podru\u010dje Sand\u017eaka i te\u017enje bo\u0161nja\u010dkog stanovni\u0161tva za pripajanje Bosni i Hercegovini, na najdirektniji na\u010din izra\u017eene su na \u010duvenoj Sjeni\u010dkoj konferenciji, u avgustu 1917. godine.<\/strong><\/p>\n<p>Konferencija je odr\u017eana u periodu izme\u0111u 8. i 25. avgusta, a glavna tema na njoj bio je status i ure\u0111enje Sand\u017eaka.<\/p>\n<p>Na konferenciji su prisustvovali predstavnici 10 odnosno 12 onda\u0161njih srezova i gradova, i to:<\/p>\n<p>\u2013 iz Pljevalja Mehmed-pa\u0161a Bajrovi\u0107, u svojstvu gradona\u010delnika, i trojica delegata, Bido Abdi\u0107ev, Osman-aga Dizdar i Teufik-beg Tahirbegovi\u0107;<\/p>\n<p>\u2013 iz Bijelog Polja Hilmi-beg Kajabegovi\u0107, gradona\u010delnik;<\/p>\n<p>\u2013 iz Berana Duljko Ramhusovi\u0107, gradona\u010delnik;<\/p>\n<p>\u2013 iz Ro\u017eaja Sulejman ef. \u0106atovi\u0107, muderis (profesor);<\/p>\n<p>\u2013 iz Lozne (Bihor) Ahmet \u0160ahman, ljekar;<\/p>\n<p>\u2013 iz Novog Pazara Riza-beg Muratbegovi\u0107, gradona\u010delnik;<\/p>\n<p>\u2013 iz Sjenice Ru\u0161id ef. Spahovi\u0107, gradona\u010delnik;<\/p>\n<p>\u2013 iz Prijepolja Murat-beg Ha\u0161imbegovi\u0107, gradona\u010delnik, i Husni ef. Jusufbegovi\u0107;<\/p>\n<p>\u2013 iz Priboja Hasanagi\u0107 (ime nepoznato), gradona\u010delnik;<\/p>\n<p>\u2013 iz Nove Varo\u0161i Sulejman ef. \u0160e\u0107eragi\u0107, gradona\u010delnik.<\/p>\n<p>Od ukupno 25 u\u010desnika konferencije, poznata su imena njih samo 13, od kojih su osmorica bili gradona\u010delnici, trojica trgovci i po jedan ljekar i profesor.<a href=\"http:\/\/www.sandzacke.rs\/bosnjaci\/historijabosnjaka\/sjenicka-konferencija-1917-godine\/#_ftn1\" name=\"_ftnref1\">[1]<\/a> Konferenciji su, tako\u0111er, prisustvovali i predstavnici Donjeg Kola\u0161ina i Tutina (iz Tutina \u2013 Iljaz Hamzagi\u0107, predsjednik sreza Tutinskog).<\/p>\n<p>Konferencijom je predsjedavao pljevaljski gradona\u010delnik Mehmed-pa\u0161a Bajrovi\u0107, koji je i pokrenuo inicijativu za njeno odr\u017eavanje. O njegovom u\u010de\u0161\u0107u na Konferenciji razmatrao je i odbor grada Pljevalja, daju\u0107i mu sva punomo\u0107ja da na njoj zastupa grad i sve njegove stanovnike. Iz zapisnika sa sjednice ovog odbora, od 8. avgusta 1917. godine, konstatuje se da \u201eGospodin gradona\u010delnik dostavlja da namjerava otputovati za Sjenicu, gdje \u0107e biti prisutni i ostali na\u010delnici iz Sand\u017eaka, te tra\u017ei ovla\u0161\u0107enje da li \u0107e biti vlastan u ime grada i gradske budu\u0107nosti \u0161to govoriti, vije\u0107ati, predlagati i potpisivati\u201c, te dodaje da \u201eOdbor jednoglasno odlu\u010duje da g. predsjednik Mehmed-pa\u0161a Izet Bajrovi\u0107 ovim dobija ovla\u0161\u0107enje u ime cjelokupnog gra\u0111anstva Pljevalja, te \u0161to bude on u\u010dinio to su svi u\u010dinili i pristali\u201c.<\/p>\n<p>Konferencija u Sjenici je zasijedala dva dana i na njoj je jednoglasno donijeta rezolucija kojom se tra\u017ei da se Sand\u017eak, kako onaj koji je u\u0161ao u sastav Crne Gore, tako i onaj u sastavu Srbije, pripoji Bosni i Hercegovini, po\u0161to \u201chistorijom i jezikom pripada istoj a ne Crnoj Gori, te u krajnjem slu\u010daju, ako to ne bi uslijedilo, onda je umoljeno za autonomiju Sand\u017eaka\u201c. Na Konferenciji je konstatovano da je to bila jedinstvena \u017eelja svih njenih u\u010desnika.<a href=\"http:\/\/www.sandzacke.rs\/bosnjaci\/historijabosnjaka\/sjenicka-konferencija-1917-godine\/#_ftn3\" name=\"_ftnref3\">[3]<\/a><\/p>\n<p>Nakon zavr\u0161etka Drugog svjetskog rata i stvaranja Kraljevine Srba, Hrvata i Slovenaca, srpski nacionalisti\u010dki krugovi proglasili su Sjeni\u010dku konferenciju \u201eaustrofilskom\u201c, isti\u010du\u0107i da je ona inicirana i podstrekivana od strane slu\u017ebenih organa onda\u0161nje austro-ugarske vlasti, a koja je u svojoj strategiji imala za cilj izgradnju sand\u017ea\u010dke \u017eeljeznice kojom bi od Uvca Sand\u017eak bio povezan sa Solunom, te sprje\u010davanje teritorijalnog povezivanja Srbije sa Crnom Gorom i njen izlazak na Jadransko more. Pod takvim obrazlo\u017eenjem, u\u010desnici Sjeni\u010dke konferencije su optu\u017eeni za veleizdaju i, rje\u0161enjem Prvostepenog suda u Novom Pazaru, odre\u0111en im pritvor.Neki od u\u010desnika Konferencije nakon podizanja optu\u017enice uspjeli su pobje\u0107i iz zemlje, a neki su u akcijama hvatanja ubijeni.<a href=\"http:\/\/www.sandzacke.rs\/bosnjaci\/historijabosnjaka\/sjenicka-konferencija-1917-godine\/#_ftn5\" name=\"_ftnref5\">[5]<\/a><\/p>\n<p>Na intervenciju parlamentarnog kluba Jugoslovenske muslimanske organizacije (JMO), koju je predvodio tada\u0161nji tuzlanski muftija i kasniji reis-ul-ulema had\u017ei hafiz Ibrahim ef. Maglajli\u0107, kraljevskim ukazom od 17. februara 1921. godine, postupak protiv u\u010desnika Sjeni\u010dke konferencije je obustavljen a optu\u017eeni pu\u0161teni na slobodu.<\/p>\n<p>Historijski gledano, Sjeni\u010dka konferencija je od posebnog zna\u010daja \u0161to je na njoj jasno i nedvosmisleno izra\u017eeno raspolo\u017eenje bo\u0161nja\u010dkog naroda o pitanju ure\u0111enja Sand\u017eaka u periodu nakon zavr\u0161etka Prvog svjetskog rata.<\/p>\n<p>\u00a0Du\u0161an S. Stani\u0107, sudija, Nedovr\u0161eni proces kao istorijski dokument o planovima biv\u0161e Austrije u pogledu Sand\u017eaka, \u201ePravda\u201c, Beograd, 1940. Mustafa Memi\u0107, Bo\u0161njaci \u2013 Muslimani Sand\u017eaka i Crne Gore, Muslimansko nacionalno vije\u0107e Sand\u017eaka, Sarajevo 1996., str. 244-247.<\/p>\n<p>\u00a0Ibid.<\/p>\n<p>\u00a0Izvje\u0161taj o u\u010de\u010d\u0107u na Sjeni\u010dkoj konferenciji, iste sadr\u017eine, pljevaljski gradona\u010delnik Mehmed-pa\u0161a Bajrovi\u0107 podnio je na sjednici odbora grada Pljevalja, 25. avgusta 1917. godine.<\/p>\n<p>\u00a0Odluku Prvostepenog suda potvrdio je i Kasacioni sud u Beogradu.<\/p>\n<p>\u00a0Teufik-beg Tahirbegovi\u0107, koji je na Konferenciji vodio zapisnik, punih 8 mjeseci se krio po \u0161umama, da bi nakon toga bio uhap\u0161en. Gradona\u010delnik Bijelog Polja Hilmi-beg Kajabegovi\u0107 ubijen je odmah po povratku iz emigracije.<\/p>\n<p>\u00a0Muftija Ibrahim Maglajli\u0107 bio je na \u010delu JMO do oktobra 1921. godine, kada je, na Glavnoj skup\u0161tini stranke, umjesto njega za predsjednika JMO izabran dr. Mehmed Spaho. Atif Purivatra \u2013 Jugoslovenska muslimanska organizacija u politi\u010dkom \u017eivotu Kraljevine Srba, Hrvata i Slovenaca, Sarajevo 1977., str. 100.<\/p>\n<p>Mustafa Memi\u0107, Bo\u0161njaci \u2013 Muslimani Sand\u017eaka i Crne Gore, Muslimansko nacionalno vije\u0107e Sand\u017eaka, Sarajevo 1996., str. 247.<\/p>\n<p>(sandzacke)<\/p>\n","protected":false},"excerpt":{"rendered":"<p>Sjenica &#8211; Historijska de\u0161avanja koja su od Berlinskog kongresa zadesila podru\u010dje Sand\u017eaka i te\u017enje bo\u0161nja\u010dkog stanovni\u0161tva za pripajanje Bosni i Hercegovini, na najdirektniji na\u010din izra\u017eene su na \u010duvenoj Sjeni\u010dkoj konferenciji, u avgustu 1917. godine. Konferencija je odr\u017eana u periodu izme\u0111u 8. i 25. avgusta, a glavna tema na njoj bio je status i ure\u0111enje Sand\u017eaka. [&hellip;]<\/p>\n","protected":false},"author":509,"featured_media":133750,"comment_status":"open","ping_status":"open","sticky":false,"template":"","format":"standard","meta":{"footnotes":""},"categories":[14,52,798],"tags":[],"class_list":{"0":"post-133749","1":"post","2":"type-post","3":"status-publish","4":"format-standard","5":"has-post-thumbnail","7":"category-sandzak-historija","8":"category-sjenica","9":"category-teme"},"yoast_head":"<!-- This site is optimized with the Yoast SEO Premium plugin v23.1 (Yoast SEO v24.9) - https:\/\/yoast.com\/wordpress\/plugins\/seo\/ -->\n<title>Sjeni\u010dka konferencija 1917. godine<\/title>\n<meta name=\"robots\" content=\"index, follow, max-snippet:-1, max-image-preview:large, max-video-preview:-1\" \/>\n<link rel=\"canonical\" href=\"https:\/\/sandzakpress.net\/arhiva\/sjenicka-konferencija-1917-godine\/\" \/>\n<meta property=\"og:locale\" content=\"bs_BA\" \/>\n<meta property=\"og:type\" content=\"article\" \/>\n<meta property=\"og:title\" content=\"Sjeni\u010dka konferencija 1917. godine\" \/>\n<meta property=\"og:description\" content=\"Sjenica &#8211; Historijska de\u0161avanja koja su od Berlinskog kongresa zadesila podru\u010dje Sand\u017eaka i te\u017enje bo\u0161nja\u010dkog stanovni\u0161tva za pripajanje Bosni i Hercegovini, na najdirektniji na\u010din izra\u017eene su na \u010duvenoj Sjeni\u010dkoj konferenciji, u avgustu 1917. godine. Konferencija je odr\u017eana u periodu izme\u0111u 8. i 25. avgusta, a glavna tema na njoj bio je status i ure\u0111enje Sand\u017eaka. [&hellip;]\" \/>\n<meta property=\"og:url\" content=\"https:\/\/sandzakpress.net\/arhiva\/sjenicka-konferencija-1917-godine\/\" \/>\n<meta property=\"og:site_name\" content=\"Sand\u017eak PRESS\" \/>\n<meta property=\"article:published_time\" content=\"2015-08-15T09:23:09+00:00\" \/>\n<meta property=\"og:image\" content=\"https:\/\/sandzakpress.net\/arhiva\/wp-content\/uploads\/2015\/08\/Sjenica-old.jpg\" \/>\n\t<meta property=\"og:image:width\" content=\"620\" \/>\n\t<meta property=\"og:image:height\" content=\"400\" \/>\n\t<meta property=\"og:image:type\" content=\"image\/jpeg\" \/>\n<meta name=\"author\" content=\"Agencija\" \/>\n<meta name=\"twitter:card\" content=\"summary_large_image\" \/>\n<meta name=\"twitter:label1\" content=\"Written by\" \/>\n\t<meta name=\"twitter:data1\" content=\"Agencija\" \/>\n\t<meta name=\"twitter:label2\" content=\"Est. reading time\" \/>\n\t<meta name=\"twitter:data2\" content=\"4 minute\" \/>\n<script type=\"application\/ld+json\" class=\"yoast-schema-graph\">{\"@context\":\"https:\/\/schema.org\",\"@graph\":[{\"@type\":\"Article\",\"@id\":\"https:\/\/sandzakpress.net\/arhiva\/sjenicka-konferencija-1917-godine\/#article\",\"isPartOf\":{\"@id\":\"https:\/\/sandzakpress.net\/arhiva\/sjenicka-konferencija-1917-godine\/\"},\"author\":{\"name\":\"Agencija\",\"@id\":\"https:\/\/sandzakpress.net\/arhiva\/#\/schema\/person\/cb59d7e3ab91ab90dd680ad0305a6185\"},\"headline\":\"Sjeni\u010dka konferencija 1917. godine\",\"datePublished\":\"2015-08-15T09:23:09+00:00\",\"mainEntityOfPage\":{\"@id\":\"https:\/\/sandzakpress.net\/arhiva\/sjenicka-konferencija-1917-godine\/\"},\"wordCount\":828,\"commentCount\":10,\"publisher\":{\"@id\":\"https:\/\/sandzakpress.net\/arhiva\/#\/schema\/person\/6e72b67d6e51910a1117b3b483ba20bd\"},\"image\":{\"@id\":\"https:\/\/sandzakpress.net\/arhiva\/sjenicka-konferencija-1917-godine\/#primaryimage\"},\"thumbnailUrl\":\"https:\/\/sandzakpress.net\/arhiva\/wp-content\/uploads\/2015\/08\/Sjenica-old.jpg\",\"articleSection\":[\"Sand\u017eak HISTORIJA\",\"Sjenica\",\"NAJNOVIJE\"],\"inLanguage\":\"bs-BA\",\"potentialAction\":[{\"@type\":\"CommentAction\",\"name\":\"Comment\",\"target\":[\"https:\/\/sandzakpress.net\/arhiva\/sjenicka-konferencija-1917-godine\/#respond\"]}]},{\"@type\":\"WebPage\",\"@id\":\"https:\/\/sandzakpress.net\/arhiva\/sjenicka-konferencija-1917-godine\/\",\"url\":\"https:\/\/sandzakpress.net\/arhiva\/sjenicka-konferencija-1917-godine\/\",\"name\":\"Sjeni\u010dka konferencija 1917. godine\",\"isPartOf\":{\"@id\":\"https:\/\/sandzakpress.net\/arhiva\/#website\"},\"primaryImageOfPage\":{\"@id\":\"https:\/\/sandzakpress.net\/arhiva\/sjenicka-konferencija-1917-godine\/#primaryimage\"},\"image\":{\"@id\":\"https:\/\/sandzakpress.net\/arhiva\/sjenicka-konferencija-1917-godine\/#primaryimage\"},\"thumbnailUrl\":\"https:\/\/sandzakpress.net\/arhiva\/wp-content\/uploads\/2015\/08\/Sjenica-old.jpg\",\"datePublished\":\"2015-08-15T09:23:09+00:00\",\"breadcrumb\":{\"@id\":\"https:\/\/sandzakpress.net\/arhiva\/sjenicka-konferencija-1917-godine\/#breadcrumb\"},\"inLanguage\":\"bs-BA\",\"potentialAction\":[{\"@type\":\"ReadAction\",\"target\":[\"https:\/\/sandzakpress.net\/arhiva\/sjenicka-konferencija-1917-godine\/\"]}]},{\"@type\":\"ImageObject\",\"inLanguage\":\"bs-BA\",\"@id\":\"https:\/\/sandzakpress.net\/arhiva\/sjenicka-konferencija-1917-godine\/#primaryimage\",\"url\":\"https:\/\/sandzakpress.net\/arhiva\/wp-content\/uploads\/2015\/08\/Sjenica-old.jpg\",\"contentUrl\":\"https:\/\/sandzakpress.net\/arhiva\/wp-content\/uploads\/2015\/08\/Sjenica-old.jpg\",\"width\":620,\"height\":400},{\"@type\":\"BreadcrumbList\",\"@id\":\"https:\/\/sandzakpress.net\/arhiva\/sjenicka-konferencija-1917-godine\/#breadcrumb\",\"itemListElement\":[{\"@type\":\"ListItem\",\"position\":1,\"name\":\"Home\",\"item\":\"https:\/\/sandzakpress.net\/arhiva\/\"},{\"@type\":\"ListItem\",\"position\":2,\"name\":\"Sjeni\u010dka konferencija 1917. godine\"}]},{\"@type\":\"WebSite\",\"@id\":\"https:\/\/sandzakpress.net\/arhiva\/#website\",\"url\":\"https:\/\/sandzakpress.net\/arhiva\/\",\"name\":\"Sand\u017eak PRESS\",\"description\":\"Prve elektronske novine u Sand\u017eaku\",\"publisher\":{\"@id\":\"https:\/\/sandzakpress.net\/arhiva\/#\/schema\/person\/6e72b67d6e51910a1117b3b483ba20bd\"},\"potentialAction\":[{\"@type\":\"SearchAction\",\"target\":{\"@type\":\"EntryPoint\",\"urlTemplate\":\"https:\/\/sandzakpress.net\/arhiva\/?s={search_term_string}\"},\"query-input\":{\"@type\":\"PropertyValueSpecification\",\"valueRequired\":true,\"valueName\":\"search_term_string\"}}],\"inLanguage\":\"bs-BA\"},{\"@type\":[\"Person\",\"Organization\"],\"@id\":\"https:\/\/sandzakpress.net\/arhiva\/#\/schema\/person\/6e72b67d6e51910a1117b3b483ba20bd\",\"name\":\"Kul\",\"image\":{\"@type\":\"ImageObject\",\"inLanguage\":\"bs-BA\",\"@id\":\"https:\/\/sandzakpress.net\/arhiva\/#\/schema\/person\/image\/\",\"url\":\"https:\/\/secure.gravatar.com\/avatar\/42263f39aa27ac04c43cab85c280eb2e?s=96&d=mm&r=pg\",\"contentUrl\":\"https:\/\/secure.gravatar.com\/avatar\/42263f39aa27ac04c43cab85c280eb2e?s=96&d=mm&r=pg\",\"caption\":\"Kul\"},\"logo\":{\"@id\":\"https:\/\/sandzakpress.net\/arhiva\/#\/schema\/person\/image\/\"}},{\"@type\":\"Person\",\"@id\":\"https:\/\/sandzakpress.net\/arhiva\/#\/schema\/person\/cb59d7e3ab91ab90dd680ad0305a6185\",\"name\":\"Agencija\",\"image\":{\"@type\":\"ImageObject\",\"inLanguage\":\"bs-BA\",\"@id\":\"https:\/\/sandzakpress.net\/arhiva\/#\/schema\/person\/image\/\",\"url\":\"https:\/\/secure.gravatar.com\/avatar\/4b7fafa80a22f0c2afe23966b3961fe0?s=96&d=mm&r=pg\",\"contentUrl\":\"https:\/\/secure.gravatar.com\/avatar\/4b7fafa80a22f0c2afe23966b3961fe0?s=96&d=mm&r=pg\",\"caption\":\"Agencija\"},\"url\":\"https:\/\/sandzakpress.net\/arhiva\/author\/agencija\/\"}]}<\/script>\n<!-- \/ Yoast SEO Premium plugin. -->","yoast_head_json":{"title":"Sjeni\u010dka konferencija 1917. godine","robots":{"index":"index","follow":"follow","max-snippet":"max-snippet:-1","max-image-preview":"max-image-preview:large","max-video-preview":"max-video-preview:-1"},"canonical":"https:\/\/sandzakpress.net\/arhiva\/sjenicka-konferencija-1917-godine\/","og_locale":"bs_BA","og_type":"article","og_title":"Sjeni\u010dka konferencija 1917. godine","og_description":"Sjenica &#8211; Historijska de\u0161avanja koja su od Berlinskog kongresa zadesila podru\u010dje Sand\u017eaka i te\u017enje bo\u0161nja\u010dkog stanovni\u0161tva za pripajanje Bosni i Hercegovini, na najdirektniji na\u010din izra\u017eene su na \u010duvenoj Sjeni\u010dkoj konferenciji, u avgustu 1917. godine. Konferencija je odr\u017eana u periodu izme\u0111u 8. i 25. avgusta, a glavna tema na njoj bio je status i ure\u0111enje Sand\u017eaka. [&hellip;]","og_url":"https:\/\/sandzakpress.net\/arhiva\/sjenicka-konferencija-1917-godine\/","og_site_name":"Sand\u017eak PRESS","article_published_time":"2015-08-15T09:23:09+00:00","og_image":[{"width":620,"height":400,"url":"https:\/\/sandzakpress.net\/arhiva\/wp-content\/uploads\/2015\/08\/Sjenica-old.jpg","type":"image\/jpeg"}],"author":"Agencija","twitter_card":"summary_large_image","twitter_misc":{"Written by":"Agencija","Est. reading time":"4 minute"},"schema":{"@context":"https:\/\/schema.org","@graph":[{"@type":"Article","@id":"https:\/\/sandzakpress.net\/arhiva\/sjenicka-konferencija-1917-godine\/#article","isPartOf":{"@id":"https:\/\/sandzakpress.net\/arhiva\/sjenicka-konferencija-1917-godine\/"},"author":{"name":"Agencija","@id":"https:\/\/sandzakpress.net\/arhiva\/#\/schema\/person\/cb59d7e3ab91ab90dd680ad0305a6185"},"headline":"Sjeni\u010dka konferencija 1917. godine","datePublished":"2015-08-15T09:23:09+00:00","mainEntityOfPage":{"@id":"https:\/\/sandzakpress.net\/arhiva\/sjenicka-konferencija-1917-godine\/"},"wordCount":828,"commentCount":10,"publisher":{"@id":"https:\/\/sandzakpress.net\/arhiva\/#\/schema\/person\/6e72b67d6e51910a1117b3b483ba20bd"},"image":{"@id":"https:\/\/sandzakpress.net\/arhiva\/sjenicka-konferencija-1917-godine\/#primaryimage"},"thumbnailUrl":"https:\/\/sandzakpress.net\/arhiva\/wp-content\/uploads\/2015\/08\/Sjenica-old.jpg","articleSection":["Sand\u017eak HISTORIJA","Sjenica","NAJNOVIJE"],"inLanguage":"bs-BA","potentialAction":[{"@type":"CommentAction","name":"Comment","target":["https:\/\/sandzakpress.net\/arhiva\/sjenicka-konferencija-1917-godine\/#respond"]}]},{"@type":"WebPage","@id":"https:\/\/sandzakpress.net\/arhiva\/sjenicka-konferencija-1917-godine\/","url":"https:\/\/sandzakpress.net\/arhiva\/sjenicka-konferencija-1917-godine\/","name":"Sjeni\u010dka konferencija 1917. godine","isPartOf":{"@id":"https:\/\/sandzakpress.net\/arhiva\/#website"},"primaryImageOfPage":{"@id":"https:\/\/sandzakpress.net\/arhiva\/sjenicka-konferencija-1917-godine\/#primaryimage"},"image":{"@id":"https:\/\/sandzakpress.net\/arhiva\/sjenicka-konferencija-1917-godine\/#primaryimage"},"thumbnailUrl":"https:\/\/sandzakpress.net\/arhiva\/wp-content\/uploads\/2015\/08\/Sjenica-old.jpg","datePublished":"2015-08-15T09:23:09+00:00","breadcrumb":{"@id":"https:\/\/sandzakpress.net\/arhiva\/sjenicka-konferencija-1917-godine\/#breadcrumb"},"inLanguage":"bs-BA","potentialAction":[{"@type":"ReadAction","target":["https:\/\/sandzakpress.net\/arhiva\/sjenicka-konferencija-1917-godine\/"]}]},{"@type":"ImageObject","inLanguage":"bs-BA","@id":"https:\/\/sandzakpress.net\/arhiva\/sjenicka-konferencija-1917-godine\/#primaryimage","url":"https:\/\/sandzakpress.net\/arhiva\/wp-content\/uploads\/2015\/08\/Sjenica-old.jpg","contentUrl":"https:\/\/sandzakpress.net\/arhiva\/wp-content\/uploads\/2015\/08\/Sjenica-old.jpg","width":620,"height":400},{"@type":"BreadcrumbList","@id":"https:\/\/sandzakpress.net\/arhiva\/sjenicka-konferencija-1917-godine\/#breadcrumb","itemListElement":[{"@type":"ListItem","position":1,"name":"Home","item":"https:\/\/sandzakpress.net\/arhiva\/"},{"@type":"ListItem","position":2,"name":"Sjeni\u010dka konferencija 1917. godine"}]},{"@type":"WebSite","@id":"https:\/\/sandzakpress.net\/arhiva\/#website","url":"https:\/\/sandzakpress.net\/arhiva\/","name":"Sand\u017eak PRESS","description":"Prve elektronske novine u Sand\u017eaku","publisher":{"@id":"https:\/\/sandzakpress.net\/arhiva\/#\/schema\/person\/6e72b67d6e51910a1117b3b483ba20bd"},"potentialAction":[{"@type":"SearchAction","target":{"@type":"EntryPoint","urlTemplate":"https:\/\/sandzakpress.net\/arhiva\/?s={search_term_string}"},"query-input":{"@type":"PropertyValueSpecification","valueRequired":true,"valueName":"search_term_string"}}],"inLanguage":"bs-BA"},{"@type":["Person","Organization"],"@id":"https:\/\/sandzakpress.net\/arhiva\/#\/schema\/person\/6e72b67d6e51910a1117b3b483ba20bd","name":"Kul","image":{"@type":"ImageObject","inLanguage":"bs-BA","@id":"https:\/\/sandzakpress.net\/arhiva\/#\/schema\/person\/image\/","url":"https:\/\/secure.gravatar.com\/avatar\/42263f39aa27ac04c43cab85c280eb2e?s=96&d=mm&r=pg","contentUrl":"https:\/\/secure.gravatar.com\/avatar\/42263f39aa27ac04c43cab85c280eb2e?s=96&d=mm&r=pg","caption":"Kul"},"logo":{"@id":"https:\/\/sandzakpress.net\/arhiva\/#\/schema\/person\/image\/"}},{"@type":"Person","@id":"https:\/\/sandzakpress.net\/arhiva\/#\/schema\/person\/cb59d7e3ab91ab90dd680ad0305a6185","name":"Agencija","image":{"@type":"ImageObject","inLanguage":"bs-BA","@id":"https:\/\/sandzakpress.net\/arhiva\/#\/schema\/person\/image\/","url":"https:\/\/secure.gravatar.com\/avatar\/4b7fafa80a22f0c2afe23966b3961fe0?s=96&d=mm&r=pg","contentUrl":"https:\/\/secure.gravatar.com\/avatar\/4b7fafa80a22f0c2afe23966b3961fe0?s=96&d=mm&r=pg","caption":"Agencija"},"url":"https:\/\/sandzakpress.net\/arhiva\/author\/agencija\/"}]}},"_links":{"self":[{"href":"https:\/\/sandzakpress.net\/arhiva\/wp-json\/wp\/v2\/posts\/133749"}],"collection":[{"href":"https:\/\/sandzakpress.net\/arhiva\/wp-json\/wp\/v2\/posts"}],"about":[{"href":"https:\/\/sandzakpress.net\/arhiva\/wp-json\/wp\/v2\/types\/post"}],"author":[{"embeddable":true,"href":"https:\/\/sandzakpress.net\/arhiva\/wp-json\/wp\/v2\/users\/509"}],"replies":[{"embeddable":true,"href":"https:\/\/sandzakpress.net\/arhiva\/wp-json\/wp\/v2\/comments?post=133749"}],"version-history":[{"count":0,"href":"https:\/\/sandzakpress.net\/arhiva\/wp-json\/wp\/v2\/posts\/133749\/revisions"}],"wp:featuredmedia":[{"embeddable":true,"href":"https:\/\/sandzakpress.net\/arhiva\/wp-json\/wp\/v2\/media\/133750"}],"wp:attachment":[{"href":"https:\/\/sandzakpress.net\/arhiva\/wp-json\/wp\/v2\/media?parent=133749"}],"wp:term":[{"taxonomy":"category","embeddable":true,"href":"https:\/\/sandzakpress.net\/arhiva\/wp-json\/wp\/v2\/categories?post=133749"},{"taxonomy":"post_tag","embeddable":true,"href":"https:\/\/sandzakpress.net\/arhiva\/wp-json\/wp\/v2\/tags?post=133749"}],"curies":[{"name":"wp","href":"https:\/\/api.w.org\/{rel}","templated":true}]}}