{"id":133707,"date":"2015-08-14T20:43:39","date_gmt":"2015-08-14T18:43:39","guid":{"rendered":"https:\/\/sandzakpress.net\/arhiva\/?p=133707"},"modified":"2015-08-14T20:43:39","modified_gmt":"2015-08-14T18:43:39","slug":"rozaje-sest-kuca-ugrozeno-zbog-klizista","status":"publish","type":"post","link":"https:\/\/sandzakpress.net\/arhiva\/rozaje-sest-kuca-ugrozeno-zbog-klizista\/","title":{"rendered":"Ro\u017eaje: \u0160est ku\u0107a ugro\u017eeno zbog klizi\u0161ta"},"content":{"rendered":"<p><img loading=\"lazy\" decoding=\"async\" class=\"\" src=\"http:\/\/www.vijesti.me\/media\/cache\/8a\/d0\/8ad02947fd66e45895283a65eebe1228.jpg\" alt=\"Ro\u017eaje: \u0160est ku\u0107a ugro\u017eeno zbog klizi\u0161ta\" width=\"600\" height=\"377\" \/><\/p>\n<p><strong>Ro\u017eaje &#8211; \u0160est ku\u0107a porodice Ku\u010d je ugro\u017eeno klizi\u0161tem koje je izazvala ki\u0161a prije 15 dana, a nadle\u017eni ne reaguju.<\/strong><\/p>\n<p>Od klizi\u0161ta i odrona izazvanih obilnim ki\u0161nim nevremenom, koje je zahvatilo ro\u017eajsku op\u0161tinu prije petnaestak dana, \u0161est ku\u0107a porodice Ku\u010d u naselju Grahova\u010da i dalje je ugro\u017eeno. Nadle\u017eni ni nakon du\u017ee od dvije sedmice nijesu preduzeli ni\u0161ta kako bi za\u0161titili \u017eivote 28 osoba, od kojih je 17 djece.<\/p>\n<p>\u201eSkoro da \u00a0ne spavamo. Strepimo od nove ki\u0161e koja \u0107e pogor\u0161ati situaciju i dodatno ugroziti na\u0161e \u017eivote\u201c, rekao je Re\u0161ad Ku\u010d.<\/p>\n<p>Klizi\u0161te je dodatno pokrenula bespravna izgradnja puta \u00a0na dr\u017eavnom zemlji\u0161tu \u00a0jedne porodice, bez reakcije \u00a0nadle\u017enih. Ono je izazvalo odranjanje zemlje i kamenja koji na imanju Ku\u010da iznose i do metar visine.<\/p>\n<p>\u201eVe\u0107 nam je uni\u0161teno oko 20 ari zemlji\u0161ta, kompletna ljetina, dio o\u010deve ku\u0107e, radionica, bijela tehnika, alat, \u0161tala, ukupne \u0161tete od preko 10 hiljada eura. Zemlje i kamenja nadomak ku\u0107a ima za najmanje 20 kamiona, a \u010dim padne malo ki\u0161e, od blata i ile se na imanju ne mo\u017ee hodati bez \u010dizama\u201c, rekao je Re\u0161ad.<\/p>\n<p>Lokalna Komisija za procjenu \u0161teta od elementarnih nepogoda je, prema njegovim rije\u010dima, izlazila na teren i nalo\u017eila hitnu sanaciju. Svi naredni potezi zna\u010dili su samo bezuspje\u0161nu \u0161etnju od vrata do vrata u lokalnoj upravi.<br \/>\u201eObra\u0107ali smo se predsjedniku Op\u0161tine Ejupu Nurkovi\u0107u \u00a0koji nam je rekao da nam se hitno mora pomo\u0107i. To je, naravno, ostalo samo na rije\u010dima. Uputio nas je na \u0161efa Agencije za investicije Mirsada<\/p>\n<p>D\u017eud\u017eevi\u0107a i predlo\u017eio da nam on da ma\u0161ine da makar sklonimo kamenje i zemlju sa imanja. D\u017eud\u017eevi\u0107 nam je rekao da pitamo Nurkovi\u0107a iz kojeg fonda da to finansira, \u00a0s obzirom na to \u00a0da zna da para nema\u201c, rekao je Ku\u010d.<\/p>\n<p>D\u017eud\u017eevi\u0107 mu je, tvrdi, obe\u0107ao da \u0107e do Nove godine odraditi taj posao i upozorio da \u0107e to biti prvi i poslednji put.<\/p>\n<p>\u201eA do tada neka nas zemlja potrpa, pa da o\u017eivimo pred naredne izbore. I neka nas nema kada smo ovakvu vlast do\u010dekali\u201c, rekao je Ku\u010d koji sa jednim od bra\u0107e \u017eivi i radi u Njema\u010dkoj.<\/p>\n<p>Direktor Direkcije za izgradnju i investicije Mirsad D\u017eud\u017eevi\u0107 je kazao da nije dao nikakvo obe\u0107anje porodicama Ku\u010d jer u njihovoj nadle\u017enosti nije \u010di\u0161\u0107enje privatnih posjeda od nastalih \u0161teta. Istakao je da je na podru\u010dju Grahova\u010de jo\u0161 doma\u0107instava pretrpljelo \u0161tetu, te da je jedino mogu\u0107e tehni\u010dko rje\u0161enje problema izgradnja novog armirano-betonskog cjevastog propusta sa ulaznom \u0161ahtom koji \u0107e vodu odvesti do Grahova\u010dke rijeke. D\u017eud\u017eevi\u0107 nije precizirao kada \u0107e taj posao biti odra\u0111en.<\/p>\n<p><strong>Obra\u0107ali se Komunalnoj policiji\u00a0zbog nelegalne gradnje puta<\/strong><\/p>\n<p>\u00a0Ku\u010di su se obra\u0107ali i Komunalnoj policiji kako bi obustavila nastavak nelegalne izgradnje puta.<\/p>\n<p>\u201ePitali su nas \u0161ta tra\u017eimo od njih i rekli da oni ne mogu da sprije\u010de samovolju te familije zbog koje su na\u0161i \u017eivoti ugro\u017eeni. \u017divimo tu 30 godina, a nema nikoga da nas za\u0161titi. To kopanje \u0107e nas na kraju iseliti\u201c, rekao je Ku\u010d.<\/p>\n<p>Od Komunalne policije su tra\u017eili i da nalo\u017ei sklanjanje balvana iz obli\u017enjeg potoka koji bi mogli da ugroze i potporni zid koji \u0107e izgraditi od sopstvenih para. Reakcije jo\u0161 nije bilo.\u00a0<\/p>\n<p>Na\u010delnik Komunalne policije Demir Nurkovi\u0107 je kazao da je na odmoru, te da \u0107e slu\u010daj Ku\u010da prokomentarisati kada po\u010dne da radi.<\/p>\n<p>(vijesti)<\/p>\n","protected":false},"excerpt":{"rendered":"<p>Ro\u017eaje &#8211; \u0160est ku\u0107a porodice Ku\u010d je ugro\u017eeno klizi\u0161tem koje je izazvala ki\u0161a prije 15 dana, a nadle\u017eni ne reaguju. Od klizi\u0161ta i odrona izazvanih obilnim ki\u0161nim nevremenom, koje je zahvatilo ro\u017eajsku op\u0161tinu prije petnaestak dana, \u0161est ku\u0107a porodice Ku\u010d u naselju Grahova\u010da i dalje je ugro\u017eeno. Nadle\u017eni ni nakon du\u017ee od dvije sedmice nijesu [&hellip;]<\/p>\n","protected":false},"author":509,"featured_media":133708,"comment_status":"open","ping_status":"open","sticky":false,"template":"","format":"standard","meta":{"footnotes":""},"categories":[398,801,798,10429],"tags":[],"class_list":{"0":"post-133707","1":"post","2":"type-post","3":"status-publish","4":"format-standard","5":"has-post-thumbnail","7":"category-rozaje","8":"category-crna_hronika","9":"category-teme","10":"category-vazno"},"yoast_head":"<!-- This site is optimized with the Yoast SEO Premium plugin v23.1 (Yoast SEO v24.9) - https:\/\/yoast.com\/wordpress\/plugins\/seo\/ -->\n<title>Ro\u017eaje: \u0160est ku\u0107a ugro\u017eeno zbog klizi\u0161ta<\/title>\n<meta name=\"robots\" content=\"index, follow, max-snippet:-1, max-image-preview:large, max-video-preview:-1\" \/>\n<link rel=\"canonical\" href=\"https:\/\/sandzakpress.net\/arhiva\/rozaje-sest-kuca-ugrozeno-zbog-klizista\/\" \/>\n<meta property=\"og:locale\" content=\"bs_BA\" \/>\n<meta property=\"og:type\" content=\"article\" \/>\n<meta property=\"og:title\" content=\"Ro\u017eaje: \u0160est ku\u0107a ugro\u017eeno zbog klizi\u0161ta\" \/>\n<meta property=\"og:description\" content=\"Ro\u017eaje &#8211; \u0160est ku\u0107a porodice Ku\u010d je ugro\u017eeno klizi\u0161tem koje je izazvala ki\u0161a prije 15 dana, a nadle\u017eni ne reaguju. Od klizi\u0161ta i odrona izazvanih obilnim ki\u0161nim nevremenom, koje je zahvatilo ro\u017eajsku op\u0161tinu prije petnaestak dana, \u0161est ku\u0107a porodice Ku\u010d u naselju Grahova\u010da i dalje je ugro\u017eeno. Nadle\u017eni ni nakon du\u017ee od dvije sedmice nijesu [&hellip;]\" \/>\n<meta property=\"og:url\" content=\"https:\/\/sandzakpress.net\/arhiva\/rozaje-sest-kuca-ugrozeno-zbog-klizista\/\" \/>\n<meta property=\"og:site_name\" content=\"Sand\u017eak PRESS\" \/>\n<meta property=\"article:published_time\" content=\"2015-08-14T18:43:39+00:00\" \/>\n<meta property=\"og:image\" content=\"https:\/\/sandzakpress.net\/arhiva\/wp-content\/uploads\/2015\/08\/8ad02947fd66e45895283a65eebe1228.jpg\" \/>\n\t<meta property=\"og:image:width\" content=\"560\" \/>\n\t<meta property=\"og:image:height\" content=\"352\" \/>\n\t<meta property=\"og:image:type\" content=\"image\/jpeg\" \/>\n<meta name=\"author\" content=\"Agencija\" \/>\n<meta name=\"twitter:card\" content=\"summary_large_image\" \/>\n<meta name=\"twitter:label1\" content=\"Written by\" \/>\n\t<meta name=\"twitter:data1\" content=\"Agencija\" \/>\n\t<meta name=\"twitter:label2\" content=\"Est. reading time\" \/>\n\t<meta name=\"twitter:data2\" content=\"3 minute\" \/>\n<script type=\"application\/ld+json\" class=\"yoast-schema-graph\">{\"@context\":\"https:\/\/schema.org\",\"@graph\":[{\"@type\":\"Article\",\"@id\":\"https:\/\/sandzakpress.net\/arhiva\/rozaje-sest-kuca-ugrozeno-zbog-klizista\/#article\",\"isPartOf\":{\"@id\":\"https:\/\/sandzakpress.net\/arhiva\/rozaje-sest-kuca-ugrozeno-zbog-klizista\/\"},\"author\":{\"name\":\"Agencija\",\"@id\":\"https:\/\/sandzakpress.net\/arhiva\/#\/schema\/person\/cb59d7e3ab91ab90dd680ad0305a6185\"},\"headline\":\"Ro\u017eaje: \u0160est ku\u0107a ugro\u017eeno zbog klizi\u0161ta\",\"datePublished\":\"2015-08-14T18:43:39+00:00\",\"mainEntityOfPage\":{\"@id\":\"https:\/\/sandzakpress.net\/arhiva\/rozaje-sest-kuca-ugrozeno-zbog-klizista\/\"},\"wordCount\":622,\"commentCount\":0,\"publisher\":{\"@id\":\"https:\/\/sandzakpress.net\/arhiva\/#\/schema\/person\/6e72b67d6e51910a1117b3b483ba20bd\"},\"image\":{\"@id\":\"https:\/\/sandzakpress.net\/arhiva\/rozaje-sest-kuca-ugrozeno-zbog-klizista\/#primaryimage\"},\"thumbnailUrl\":\"https:\/\/sandzakpress.net\/arhiva\/wp-content\/uploads\/2015\/08\/8ad02947fd66e45895283a65eebe1228.jpg\",\"articleSection\":[\"Ro\u017eaje\",\"Hronika\",\"NAJNOVIJE\",\"VA\u017dNO!\"],\"inLanguage\":\"bs-BA\",\"potentialAction\":[{\"@type\":\"CommentAction\",\"name\":\"Comment\",\"target\":[\"https:\/\/sandzakpress.net\/arhiva\/rozaje-sest-kuca-ugrozeno-zbog-klizista\/#respond\"]}]},{\"@type\":\"WebPage\",\"@id\":\"https:\/\/sandzakpress.net\/arhiva\/rozaje-sest-kuca-ugrozeno-zbog-klizista\/\",\"url\":\"https:\/\/sandzakpress.net\/arhiva\/rozaje-sest-kuca-ugrozeno-zbog-klizista\/\",\"name\":\"Ro\u017eaje: \u0160est ku\u0107a ugro\u017eeno zbog klizi\u0161ta\",\"isPartOf\":{\"@id\":\"https:\/\/sandzakpress.net\/arhiva\/#website\"},\"primaryImageOfPage\":{\"@id\":\"https:\/\/sandzakpress.net\/arhiva\/rozaje-sest-kuca-ugrozeno-zbog-klizista\/#primaryimage\"},\"image\":{\"@id\":\"https:\/\/sandzakpress.net\/arhiva\/rozaje-sest-kuca-ugrozeno-zbog-klizista\/#primaryimage\"},\"thumbnailUrl\":\"https:\/\/sandzakpress.net\/arhiva\/wp-content\/uploads\/2015\/08\/8ad02947fd66e45895283a65eebe1228.jpg\",\"datePublished\":\"2015-08-14T18:43:39+00:00\",\"breadcrumb\":{\"@id\":\"https:\/\/sandzakpress.net\/arhiva\/rozaje-sest-kuca-ugrozeno-zbog-klizista\/#breadcrumb\"},\"inLanguage\":\"bs-BA\",\"potentialAction\":[{\"@type\":\"ReadAction\",\"target\":[\"https:\/\/sandzakpress.net\/arhiva\/rozaje-sest-kuca-ugrozeno-zbog-klizista\/\"]}]},{\"@type\":\"ImageObject\",\"inLanguage\":\"bs-BA\",\"@id\":\"https:\/\/sandzakpress.net\/arhiva\/rozaje-sest-kuca-ugrozeno-zbog-klizista\/#primaryimage\",\"url\":\"https:\/\/sandzakpress.net\/arhiva\/wp-content\/uploads\/2015\/08\/8ad02947fd66e45895283a65eebe1228.jpg\",\"contentUrl\":\"https:\/\/sandzakpress.net\/arhiva\/wp-content\/uploads\/2015\/08\/8ad02947fd66e45895283a65eebe1228.jpg\",\"width\":560,\"height\":352},{\"@type\":\"BreadcrumbList\",\"@id\":\"https:\/\/sandzakpress.net\/arhiva\/rozaje-sest-kuca-ugrozeno-zbog-klizista\/#breadcrumb\",\"itemListElement\":[{\"@type\":\"ListItem\",\"position\":1,\"name\":\"Home\",\"item\":\"https:\/\/sandzakpress.net\/arhiva\/\"},{\"@type\":\"ListItem\",\"position\":2,\"name\":\"Ro\u017eaje: \u0160est ku\u0107a ugro\u017eeno zbog klizi\u0161ta\"}]},{\"@type\":\"WebSite\",\"@id\":\"https:\/\/sandzakpress.net\/arhiva\/#website\",\"url\":\"https:\/\/sandzakpress.net\/arhiva\/\",\"name\":\"Sand\u017eak PRESS\",\"description\":\"Prve elektronske novine u Sand\u017eaku\",\"publisher\":{\"@id\":\"https:\/\/sandzakpress.net\/arhiva\/#\/schema\/person\/6e72b67d6e51910a1117b3b483ba20bd\"},\"potentialAction\":[{\"@type\":\"SearchAction\",\"target\":{\"@type\":\"EntryPoint\",\"urlTemplate\":\"https:\/\/sandzakpress.net\/arhiva\/?s={search_term_string}\"},\"query-input\":{\"@type\":\"PropertyValueSpecification\",\"valueRequired\":true,\"valueName\":\"search_term_string\"}}],\"inLanguage\":\"bs-BA\"},{\"@type\":[\"Person\",\"Organization\"],\"@id\":\"https:\/\/sandzakpress.net\/arhiva\/#\/schema\/person\/6e72b67d6e51910a1117b3b483ba20bd\",\"name\":\"Kul\",\"image\":{\"@type\":\"ImageObject\",\"inLanguage\":\"bs-BA\",\"@id\":\"https:\/\/sandzakpress.net\/arhiva\/#\/schema\/person\/image\/\",\"url\":\"https:\/\/secure.gravatar.com\/avatar\/42263f39aa27ac04c43cab85c280eb2e?s=96&d=mm&r=pg\",\"contentUrl\":\"https:\/\/secure.gravatar.com\/avatar\/42263f39aa27ac04c43cab85c280eb2e?s=96&d=mm&r=pg\",\"caption\":\"Kul\"},\"logo\":{\"@id\":\"https:\/\/sandzakpress.net\/arhiva\/#\/schema\/person\/image\/\"}},{\"@type\":\"Person\",\"@id\":\"https:\/\/sandzakpress.net\/arhiva\/#\/schema\/person\/cb59d7e3ab91ab90dd680ad0305a6185\",\"name\":\"Agencija\",\"image\":{\"@type\":\"ImageObject\",\"inLanguage\":\"bs-BA\",\"@id\":\"https:\/\/sandzakpress.net\/arhiva\/#\/schema\/person\/image\/\",\"url\":\"https:\/\/secure.gravatar.com\/avatar\/4b7fafa80a22f0c2afe23966b3961fe0?s=96&d=mm&r=pg\",\"contentUrl\":\"https:\/\/secure.gravatar.com\/avatar\/4b7fafa80a22f0c2afe23966b3961fe0?s=96&d=mm&r=pg\",\"caption\":\"Agencija\"},\"url\":\"https:\/\/sandzakpress.net\/arhiva\/author\/agencija\/\"}]}<\/script>\n<!-- \/ Yoast SEO Premium plugin. -->","yoast_head_json":{"title":"Ro\u017eaje: \u0160est ku\u0107a ugro\u017eeno zbog klizi\u0161ta","robots":{"index":"index","follow":"follow","max-snippet":"max-snippet:-1","max-image-preview":"max-image-preview:large","max-video-preview":"max-video-preview:-1"},"canonical":"https:\/\/sandzakpress.net\/arhiva\/rozaje-sest-kuca-ugrozeno-zbog-klizista\/","og_locale":"bs_BA","og_type":"article","og_title":"Ro\u017eaje: \u0160est ku\u0107a ugro\u017eeno zbog klizi\u0161ta","og_description":"Ro\u017eaje &#8211; \u0160est ku\u0107a porodice Ku\u010d je ugro\u017eeno klizi\u0161tem koje je izazvala ki\u0161a prije 15 dana, a nadle\u017eni ne reaguju. Od klizi\u0161ta i odrona izazvanih obilnim ki\u0161nim nevremenom, koje je zahvatilo ro\u017eajsku op\u0161tinu prije petnaestak dana, \u0161est ku\u0107a porodice Ku\u010d u naselju Grahova\u010da i dalje je ugro\u017eeno. Nadle\u017eni ni nakon du\u017ee od dvije sedmice nijesu [&hellip;]","og_url":"https:\/\/sandzakpress.net\/arhiva\/rozaje-sest-kuca-ugrozeno-zbog-klizista\/","og_site_name":"Sand\u017eak PRESS","article_published_time":"2015-08-14T18:43:39+00:00","og_image":[{"width":560,"height":352,"url":"https:\/\/sandzakpress.net\/arhiva\/wp-content\/uploads\/2015\/08\/8ad02947fd66e45895283a65eebe1228.jpg","type":"image\/jpeg"}],"author":"Agencija","twitter_card":"summary_large_image","twitter_misc":{"Written by":"Agencija","Est. reading time":"3 minute"},"schema":{"@context":"https:\/\/schema.org","@graph":[{"@type":"Article","@id":"https:\/\/sandzakpress.net\/arhiva\/rozaje-sest-kuca-ugrozeno-zbog-klizista\/#article","isPartOf":{"@id":"https:\/\/sandzakpress.net\/arhiva\/rozaje-sest-kuca-ugrozeno-zbog-klizista\/"},"author":{"name":"Agencija","@id":"https:\/\/sandzakpress.net\/arhiva\/#\/schema\/person\/cb59d7e3ab91ab90dd680ad0305a6185"},"headline":"Ro\u017eaje: \u0160est ku\u0107a ugro\u017eeno zbog klizi\u0161ta","datePublished":"2015-08-14T18:43:39+00:00","mainEntityOfPage":{"@id":"https:\/\/sandzakpress.net\/arhiva\/rozaje-sest-kuca-ugrozeno-zbog-klizista\/"},"wordCount":622,"commentCount":0,"publisher":{"@id":"https:\/\/sandzakpress.net\/arhiva\/#\/schema\/person\/6e72b67d6e51910a1117b3b483ba20bd"},"image":{"@id":"https:\/\/sandzakpress.net\/arhiva\/rozaje-sest-kuca-ugrozeno-zbog-klizista\/#primaryimage"},"thumbnailUrl":"https:\/\/sandzakpress.net\/arhiva\/wp-content\/uploads\/2015\/08\/8ad02947fd66e45895283a65eebe1228.jpg","articleSection":["Ro\u017eaje","Hronika","NAJNOVIJE","VA\u017dNO!"],"inLanguage":"bs-BA","potentialAction":[{"@type":"CommentAction","name":"Comment","target":["https:\/\/sandzakpress.net\/arhiva\/rozaje-sest-kuca-ugrozeno-zbog-klizista\/#respond"]}]},{"@type":"WebPage","@id":"https:\/\/sandzakpress.net\/arhiva\/rozaje-sest-kuca-ugrozeno-zbog-klizista\/","url":"https:\/\/sandzakpress.net\/arhiva\/rozaje-sest-kuca-ugrozeno-zbog-klizista\/","name":"Ro\u017eaje: \u0160est ku\u0107a ugro\u017eeno zbog klizi\u0161ta","isPartOf":{"@id":"https:\/\/sandzakpress.net\/arhiva\/#website"},"primaryImageOfPage":{"@id":"https:\/\/sandzakpress.net\/arhiva\/rozaje-sest-kuca-ugrozeno-zbog-klizista\/#primaryimage"},"image":{"@id":"https:\/\/sandzakpress.net\/arhiva\/rozaje-sest-kuca-ugrozeno-zbog-klizista\/#primaryimage"},"thumbnailUrl":"https:\/\/sandzakpress.net\/arhiva\/wp-content\/uploads\/2015\/08\/8ad02947fd66e45895283a65eebe1228.jpg","datePublished":"2015-08-14T18:43:39+00:00","breadcrumb":{"@id":"https:\/\/sandzakpress.net\/arhiva\/rozaje-sest-kuca-ugrozeno-zbog-klizista\/#breadcrumb"},"inLanguage":"bs-BA","potentialAction":[{"@type":"ReadAction","target":["https:\/\/sandzakpress.net\/arhiva\/rozaje-sest-kuca-ugrozeno-zbog-klizista\/"]}]},{"@type":"ImageObject","inLanguage":"bs-BA","@id":"https:\/\/sandzakpress.net\/arhiva\/rozaje-sest-kuca-ugrozeno-zbog-klizista\/#primaryimage","url":"https:\/\/sandzakpress.net\/arhiva\/wp-content\/uploads\/2015\/08\/8ad02947fd66e45895283a65eebe1228.jpg","contentUrl":"https:\/\/sandzakpress.net\/arhiva\/wp-content\/uploads\/2015\/08\/8ad02947fd66e45895283a65eebe1228.jpg","width":560,"height":352},{"@type":"BreadcrumbList","@id":"https:\/\/sandzakpress.net\/arhiva\/rozaje-sest-kuca-ugrozeno-zbog-klizista\/#breadcrumb","itemListElement":[{"@type":"ListItem","position":1,"name":"Home","item":"https:\/\/sandzakpress.net\/arhiva\/"},{"@type":"ListItem","position":2,"name":"Ro\u017eaje: \u0160est ku\u0107a ugro\u017eeno zbog klizi\u0161ta"}]},{"@type":"WebSite","@id":"https:\/\/sandzakpress.net\/arhiva\/#website","url":"https:\/\/sandzakpress.net\/arhiva\/","name":"Sand\u017eak PRESS","description":"Prve elektronske novine u Sand\u017eaku","publisher":{"@id":"https:\/\/sandzakpress.net\/arhiva\/#\/schema\/person\/6e72b67d6e51910a1117b3b483ba20bd"},"potentialAction":[{"@type":"SearchAction","target":{"@type":"EntryPoint","urlTemplate":"https:\/\/sandzakpress.net\/arhiva\/?s={search_term_string}"},"query-input":{"@type":"PropertyValueSpecification","valueRequired":true,"valueName":"search_term_string"}}],"inLanguage":"bs-BA"},{"@type":["Person","Organization"],"@id":"https:\/\/sandzakpress.net\/arhiva\/#\/schema\/person\/6e72b67d6e51910a1117b3b483ba20bd","name":"Kul","image":{"@type":"ImageObject","inLanguage":"bs-BA","@id":"https:\/\/sandzakpress.net\/arhiva\/#\/schema\/person\/image\/","url":"https:\/\/secure.gravatar.com\/avatar\/42263f39aa27ac04c43cab85c280eb2e?s=96&d=mm&r=pg","contentUrl":"https:\/\/secure.gravatar.com\/avatar\/42263f39aa27ac04c43cab85c280eb2e?s=96&d=mm&r=pg","caption":"Kul"},"logo":{"@id":"https:\/\/sandzakpress.net\/arhiva\/#\/schema\/person\/image\/"}},{"@type":"Person","@id":"https:\/\/sandzakpress.net\/arhiva\/#\/schema\/person\/cb59d7e3ab91ab90dd680ad0305a6185","name":"Agencija","image":{"@type":"ImageObject","inLanguage":"bs-BA","@id":"https:\/\/sandzakpress.net\/arhiva\/#\/schema\/person\/image\/","url":"https:\/\/secure.gravatar.com\/avatar\/4b7fafa80a22f0c2afe23966b3961fe0?s=96&d=mm&r=pg","contentUrl":"https:\/\/secure.gravatar.com\/avatar\/4b7fafa80a22f0c2afe23966b3961fe0?s=96&d=mm&r=pg","caption":"Agencija"},"url":"https:\/\/sandzakpress.net\/arhiva\/author\/agencija\/"}]}},"_links":{"self":[{"href":"https:\/\/sandzakpress.net\/arhiva\/wp-json\/wp\/v2\/posts\/133707"}],"collection":[{"href":"https:\/\/sandzakpress.net\/arhiva\/wp-json\/wp\/v2\/posts"}],"about":[{"href":"https:\/\/sandzakpress.net\/arhiva\/wp-json\/wp\/v2\/types\/post"}],"author":[{"embeddable":true,"href":"https:\/\/sandzakpress.net\/arhiva\/wp-json\/wp\/v2\/users\/509"}],"replies":[{"embeddable":true,"href":"https:\/\/sandzakpress.net\/arhiva\/wp-json\/wp\/v2\/comments?post=133707"}],"version-history":[{"count":0,"href":"https:\/\/sandzakpress.net\/arhiva\/wp-json\/wp\/v2\/posts\/133707\/revisions"}],"wp:featuredmedia":[{"embeddable":true,"href":"https:\/\/sandzakpress.net\/arhiva\/wp-json\/wp\/v2\/media\/133708"}],"wp:attachment":[{"href":"https:\/\/sandzakpress.net\/arhiva\/wp-json\/wp\/v2\/media?parent=133707"}],"wp:term":[{"taxonomy":"category","embeddable":true,"href":"https:\/\/sandzakpress.net\/arhiva\/wp-json\/wp\/v2\/categories?post=133707"},{"taxonomy":"post_tag","embeddable":true,"href":"https:\/\/sandzakpress.net\/arhiva\/wp-json\/wp\/v2\/tags?post=133707"}],"curies":[{"name":"wp","href":"https:\/\/api.w.org\/{rel}","templated":true}]}}