{"id":133697,"date":"2015-08-14T16:31:47","date_gmt":"2015-08-14T14:31:47","guid":{"rendered":"https:\/\/sandzakpress.net\/arhiva\/?p=133697"},"modified":"2015-08-14T16:48:26","modified_gmt":"2015-08-14T14:48:26","slug":"ljajicu-nezakonito-ostaje-regionalna-tv-medijski-mrak-ove-opcije-se-nastavlja","status":"publish","type":"post","link":"https:\/\/sandzakpress.net\/arhiva\/ljajicu-nezakonito-ostaje-regionalna-tv-medijski-mrak-ove-opcije-se-nastavlja\/","title":{"rendered":"Ljaji\u0107u nezakonito ostaje Regionalna TV &#8211; Medijski mrak ove opcije se nastavlja"},"content":{"rendered":"<p><img loading=\"lazy\" decoding=\"async\" class=\"aligncenter size-large wp-image-133698\" src=\"https:\/\/sandzakpress.net\/arhiva\/wp-content\/uploads\/2015\/08\/Untitled-1-616x328.jpg\" alt=\"Untitled-1\" width=\"600\" height=\"319\" srcset=\"https:\/\/sandzakpress.net\/arhiva\/wp-content\/uploads\/2015\/08\/Untitled-1-616x328.jpg 616w, https:\/\/sandzakpress.net\/arhiva\/wp-content\/uploads\/2015\/08\/Untitled-1.jpg 790w\" sizes=\"(max-width: 600px) 100vw, 600px\" \/><\/p>\n<p><strong>Sand\u017eak &#8211; Konzorcijum lokalnih privrednika, na \u010delu sa aktuelnim direktorom Regionalne radio televizije Novi Pazar Denisom Mavri\u0107em kupio je danas ovaj medij za 89.350 eura, tri eura vi\u0161e od po\u010detne cijene, re\u010deno je radiju Sto plus u Agenciji za privatizaciju.<\/strong><\/p>\n<p>Drugi zainteresovani kupac za Regionalnu TV Muhamed Zukorli\u0107, brat sand\u017ea\u010dkog muftije Muamera, nije se pojavio na zakazanom javnom nadmetanju, pa je komisija prihvatila ponudu konzorcijuma.<\/p>\n<p>U me\u0111uvremenu, Zukorli\u0107 se oglasio saop\u0161tenjem za javnost u kojem je istakao da je prekr\u0161en princip lojalne konkurencije i da nije bilo normalnog ambijenta za ravnopravno u\u010de\u0161\u0107e potencijalnih kupaca.<\/p>\n<p>\u201cPosredstvom ove TV i drugih medija gradske vlasti su izvrgle mene i moju porodicu nezapam\u0107enom lin\u010du, sa ciljem da se konzorcijumu bliskom vlasti obezbijedi kupovina ovog medija.Time je privatizacija izgubila svaki smisao i zbog toga mi \u010dast i dostojanstvo ne dozvoljavaju da legitimizujem privatizaciju kojom se kr\u0161e zakonska i moralna na\u010dela\u201d, naveo je Muhamed Zukorli\u0107.<\/p>\n<p>Ina\u010de, osim Mavri\u0107a, konzorcijum \u010dine i Muzafer Dragolov\u010danin (pomo\u0107nik gradona\u010delnika Novog Pazara), Nihad Bi\u0161evac (direktor filijale Nacionalne slu\u017ebe za zapo\u0161ljavanje u ovom gradu) i privrednici Mulaz Daci\u0107 i Ned\u017ead Dragolov\u010danin (predsjednik Upravnog odbora FK Novi Pazar).<\/p>\n<p>Iako se prethodnih dana u medijima spekulisalo, da se ovom konzorcijumu priklju\u010dio izvjestan broj privrednika, jo\u0161 uvijek nije poznato da li se to i desilo i to \u0107e biti utvr\u0111eno tek nakon upisa udjela vlasni\u0161tva.<\/p>\n<p>Javno preduze\u0107e za informisanje, u \u010dijem sklopu posluje Regionalna TV, osnovano je 2002. godine i do skoro je zapo\u0161ljavalo 81 radnika.<\/p>\n<p>Me\u0111utim, prije desetak dana je 25 zaposlenih odlu\u010dilo da uzme otpremnine koje iznose 200 eura po godini radnog sta\u017ea, \u010dime je po\u010dela racionalizacija koju je sproveo menad\u017ement ovog medija i po kojem je 51 radnik vi\u0161ak.<\/p>\n<p>Prema nezvani\u010dnim informacijama, Regionalna TV ima dugovanja od skoro 50 miliona dinara, a \u017eiro-ra\u010dun joj je u blokadi od maja 2014. godine za blizu devet miliona dinara.<\/p>\n<p>Novi vlasnik kupovinom dobija pokretnu imovinu, odnosno tehniku i ostala sredstva za rad, frekvenciju, zaposlene, preuzima potra\u017eivanja i dugovanja, ali ne i vlasni\u0161tvo nad objektom u kojem je ovaj medij smje\u0161ten, a koji je u vlasni\u0161tvu Grada.<\/p>\n<p>Izvor: <a href=\"http:\/\/radiostoplus.com\/item\/17276\">Radio100+<\/a><\/p>\n","protected":false},"excerpt":{"rendered":"<p>Sand\u017eak &#8211; Konzorcijum lokalnih privrednika, na \u010delu sa aktuelnim direktorom Regionalne radio televizije Novi Pazar Denisom Mavri\u0107em kupio je danas ovaj medij za 89.350 eura, tri eura vi\u0161e od po\u010detne cijene, re\u010deno je radiju Sto plus u Agenciji za privatizaciju. Drugi zainteresovani kupac za Regionalnu TV Muhamed Zukorli\u0107, brat sand\u017ea\u010dkog muftije Muamera, nije se pojavio [&hellip;]<\/p>\n","protected":false},"author":83,"featured_media":133699,"comment_status":"open","ping_status":"open","sticky":false,"template":"","format":"standard","meta":{"footnotes":""},"categories":[72,1,52,327,8957],"tags":[],"class_list":{"0":"post-133697","1":"post","2":"type-post","3":"status-publish","4":"format-standard","5":"has-post-thumbnail","7":"category-novi-pazar","8":"category-politika","9":"category-sjenica","10":"category-tutin","11":"category-vijesti-dana"},"yoast_head":"<!-- This site is optimized with the Yoast SEO Premium plugin v23.1 (Yoast SEO v24.9) - https:\/\/yoast.com\/wordpress\/plugins\/seo\/ -->\n<title>Ljaji\u0107u nezakonito ostaje Regionalna TV - Medijski mrak ove opcije se nastavlja<\/title>\n<meta name=\"robots\" content=\"index, follow, max-snippet:-1, max-image-preview:large, max-video-preview:-1\" \/>\n<link rel=\"canonical\" href=\"https:\/\/sandzakpress.net\/arhiva\/ljajicu-nezakonito-ostaje-regionalna-tv-medijski-mrak-ove-opcije-se-nastavlja\/\" \/>\n<meta property=\"og:locale\" content=\"bs_BA\" \/>\n<meta property=\"og:type\" content=\"article\" \/>\n<meta property=\"og:title\" content=\"Ljaji\u0107u nezakonito ostaje Regionalna TV - Medijski mrak ove opcije se nastavlja\" \/>\n<meta property=\"og:description\" content=\"Sand\u017eak &#8211; Konzorcijum lokalnih privrednika, na \u010delu sa aktuelnim direktorom Regionalne radio televizije Novi Pazar Denisom Mavri\u0107em kupio je danas ovaj medij za 89.350 eura, tri eura vi\u0161e od po\u010detne cijene, re\u010deno je radiju Sto plus u Agenciji za privatizaciju. Drugi zainteresovani kupac za Regionalnu TV Muhamed Zukorli\u0107, brat sand\u017ea\u010dkog muftije Muamera, nije se pojavio [&hellip;]\" \/>\n<meta property=\"og:url\" content=\"https:\/\/sandzakpress.net\/arhiva\/ljajicu-nezakonito-ostaje-regionalna-tv-medijski-mrak-ove-opcije-se-nastavlja\/\" \/>\n<meta property=\"og:site_name\" content=\"Sand\u017eak PRESS\" \/>\n<meta property=\"article:published_time\" content=\"2015-08-14T14:31:47+00:00\" \/>\n<meta property=\"article:modified_time\" content=\"2015-08-14T14:48:26+00:00\" \/>\n<meta property=\"og:image\" content=\"https:\/\/sandzakpress.net\/arhiva\/wp-content\/uploads\/2015\/08\/Untitled-1-616x3281.jpg\" \/>\n\t<meta property=\"og:image:width\" content=\"616\" \/>\n\t<meta property=\"og:image:height\" content=\"328\" \/>\n\t<meta property=\"og:image:type\" content=\"image\/jpeg\" \/>\n<meta name=\"author\" content=\"bosniak\" \/>\n<meta name=\"twitter:card\" content=\"summary_large_image\" \/>\n<meta name=\"twitter:label1\" content=\"Written by\" \/>\n\t<meta name=\"twitter:data1\" content=\"bosniak\" \/>\n\t<meta name=\"twitter:label2\" content=\"Est. reading time\" \/>\n\t<meta name=\"twitter:data2\" content=\"2 minute\" \/>\n<script type=\"application\/ld+json\" class=\"yoast-schema-graph\">{\"@context\":\"https:\/\/schema.org\",\"@graph\":[{\"@type\":\"Article\",\"@id\":\"https:\/\/sandzakpress.net\/arhiva\/ljajicu-nezakonito-ostaje-regionalna-tv-medijski-mrak-ove-opcije-se-nastavlja\/#article\",\"isPartOf\":{\"@id\":\"https:\/\/sandzakpress.net\/arhiva\/ljajicu-nezakonito-ostaje-regionalna-tv-medijski-mrak-ove-opcije-se-nastavlja\/\"},\"author\":{\"name\":\"bosniak\",\"@id\":\"https:\/\/sandzakpress.net\/arhiva\/#\/schema\/person\/c8baee722073534b583ea7bdb2e36c02\"},\"headline\":\"Ljaji\u0107u nezakonito ostaje Regionalna TV &#8211; Medijski mrak ove opcije se nastavlja\",\"datePublished\":\"2015-08-14T14:31:47+00:00\",\"dateModified\":\"2015-08-14T14:48:26+00:00\",\"mainEntityOfPage\":{\"@id\":\"https:\/\/sandzakpress.net\/arhiva\/ljajicu-nezakonito-ostaje-regionalna-tv-medijski-mrak-ove-opcije-se-nastavlja\/\"},\"wordCount\":392,\"commentCount\":26,\"publisher\":{\"@id\":\"https:\/\/sandzakpress.net\/arhiva\/#\/schema\/person\/6e72b67d6e51910a1117b3b483ba20bd\"},\"image\":{\"@id\":\"https:\/\/sandzakpress.net\/arhiva\/ljajicu-nezakonito-ostaje-regionalna-tv-medijski-mrak-ove-opcije-se-nastavlja\/#primaryimage\"},\"thumbnailUrl\":\"https:\/\/sandzakpress.net\/arhiva\/wp-content\/uploads\/2015\/08\/Untitled-1-616x3281.jpg\",\"articleSection\":[\"Novi Pazar\",\"Politika\",\"Sjenica\",\"Tutin\",\"VIJESTI DANA\"],\"inLanguage\":\"bs-BA\",\"potentialAction\":[{\"@type\":\"CommentAction\",\"name\":\"Comment\",\"target\":[\"https:\/\/sandzakpress.net\/arhiva\/ljajicu-nezakonito-ostaje-regionalna-tv-medijski-mrak-ove-opcije-se-nastavlja\/#respond\"]}]},{\"@type\":\"WebPage\",\"@id\":\"https:\/\/sandzakpress.net\/arhiva\/ljajicu-nezakonito-ostaje-regionalna-tv-medijski-mrak-ove-opcije-se-nastavlja\/\",\"url\":\"https:\/\/sandzakpress.net\/arhiva\/ljajicu-nezakonito-ostaje-regionalna-tv-medijski-mrak-ove-opcije-se-nastavlja\/\",\"name\":\"Ljaji\u0107u nezakonito ostaje Regionalna TV - Medijski mrak ove opcije se nastavlja\",\"isPartOf\":{\"@id\":\"https:\/\/sandzakpress.net\/arhiva\/#website\"},\"primaryImageOfPage\":{\"@id\":\"https:\/\/sandzakpress.net\/arhiva\/ljajicu-nezakonito-ostaje-regionalna-tv-medijski-mrak-ove-opcije-se-nastavlja\/#primaryimage\"},\"image\":{\"@id\":\"https:\/\/sandzakpress.net\/arhiva\/ljajicu-nezakonito-ostaje-regionalna-tv-medijski-mrak-ove-opcije-se-nastavlja\/#primaryimage\"},\"thumbnailUrl\":\"https:\/\/sandzakpress.net\/arhiva\/wp-content\/uploads\/2015\/08\/Untitled-1-616x3281.jpg\",\"datePublished\":\"2015-08-14T14:31:47+00:00\",\"dateModified\":\"2015-08-14T14:48:26+00:00\",\"breadcrumb\":{\"@id\":\"https:\/\/sandzakpress.net\/arhiva\/ljajicu-nezakonito-ostaje-regionalna-tv-medijski-mrak-ove-opcije-se-nastavlja\/#breadcrumb\"},\"inLanguage\":\"bs-BA\",\"potentialAction\":[{\"@type\":\"ReadAction\",\"target\":[\"https:\/\/sandzakpress.net\/arhiva\/ljajicu-nezakonito-ostaje-regionalna-tv-medijski-mrak-ove-opcije-se-nastavlja\/\"]}]},{\"@type\":\"ImageObject\",\"inLanguage\":\"bs-BA\",\"@id\":\"https:\/\/sandzakpress.net\/arhiva\/ljajicu-nezakonito-ostaje-regionalna-tv-medijski-mrak-ove-opcije-se-nastavlja\/#primaryimage\",\"url\":\"https:\/\/sandzakpress.net\/arhiva\/wp-content\/uploads\/2015\/08\/Untitled-1-616x3281.jpg\",\"contentUrl\":\"https:\/\/sandzakpress.net\/arhiva\/wp-content\/uploads\/2015\/08\/Untitled-1-616x3281.jpg\",\"width\":616,\"height\":328},{\"@type\":\"BreadcrumbList\",\"@id\":\"https:\/\/sandzakpress.net\/arhiva\/ljajicu-nezakonito-ostaje-regionalna-tv-medijski-mrak-ove-opcije-se-nastavlja\/#breadcrumb\",\"itemListElement\":[{\"@type\":\"ListItem\",\"position\":1,\"name\":\"Home\",\"item\":\"https:\/\/sandzakpress.net\/arhiva\/\"},{\"@type\":\"ListItem\",\"position\":2,\"name\":\"Ljaji\u0107u nezakonito ostaje Regionalna TV &#8211; Medijski mrak ove opcije se nastavlja\"}]},{\"@type\":\"WebSite\",\"@id\":\"https:\/\/sandzakpress.net\/arhiva\/#website\",\"url\":\"https:\/\/sandzakpress.net\/arhiva\/\",\"name\":\"Sand\u017eak PRESS\",\"description\":\"Prve elektronske novine u Sand\u017eaku\",\"publisher\":{\"@id\":\"https:\/\/sandzakpress.net\/arhiva\/#\/schema\/person\/6e72b67d6e51910a1117b3b483ba20bd\"},\"potentialAction\":[{\"@type\":\"SearchAction\",\"target\":{\"@type\":\"EntryPoint\",\"urlTemplate\":\"https:\/\/sandzakpress.net\/arhiva\/?s={search_term_string}\"},\"query-input\":{\"@type\":\"PropertyValueSpecification\",\"valueRequired\":true,\"valueName\":\"search_term_string\"}}],\"inLanguage\":\"bs-BA\"},{\"@type\":[\"Person\",\"Organization\"],\"@id\":\"https:\/\/sandzakpress.net\/arhiva\/#\/schema\/person\/6e72b67d6e51910a1117b3b483ba20bd\",\"name\":\"Kul\",\"image\":{\"@type\":\"ImageObject\",\"inLanguage\":\"bs-BA\",\"@id\":\"https:\/\/sandzakpress.net\/arhiva\/#\/schema\/person\/image\/\",\"url\":\"https:\/\/secure.gravatar.com\/avatar\/42263f39aa27ac04c43cab85c280eb2e?s=96&d=mm&r=pg\",\"contentUrl\":\"https:\/\/secure.gravatar.com\/avatar\/42263f39aa27ac04c43cab85c280eb2e?s=96&d=mm&r=pg\",\"caption\":\"Kul\"},\"logo\":{\"@id\":\"https:\/\/sandzakpress.net\/arhiva\/#\/schema\/person\/image\/\"}},{\"@type\":\"Person\",\"@id\":\"https:\/\/sandzakpress.net\/arhiva\/#\/schema\/person\/c8baee722073534b583ea7bdb2e36c02\",\"name\":\"bosniak\",\"image\":{\"@type\":\"ImageObject\",\"inLanguage\":\"bs-BA\",\"@id\":\"https:\/\/sandzakpress.net\/arhiva\/#\/schema\/person\/image\/\",\"url\":\"https:\/\/secure.gravatar.com\/avatar\/a04fd330bfe3a36a72a0ad4a6d89fca7?s=96&d=mm&r=pg\",\"contentUrl\":\"https:\/\/secure.gravatar.com\/avatar\/a04fd330bfe3a36a72a0ad4a6d89fca7?s=96&d=mm&r=pg\",\"caption\":\"bosniak\"},\"url\":\"https:\/\/sandzakpress.net\/arhiva\/author\/bosniak\/\"}]}<\/script>\n<!-- \/ Yoast SEO Premium plugin. -->","yoast_head_json":{"title":"Ljaji\u0107u nezakonito ostaje Regionalna TV - Medijski mrak ove opcije se nastavlja","robots":{"index":"index","follow":"follow","max-snippet":"max-snippet:-1","max-image-preview":"max-image-preview:large","max-video-preview":"max-video-preview:-1"},"canonical":"https:\/\/sandzakpress.net\/arhiva\/ljajicu-nezakonito-ostaje-regionalna-tv-medijski-mrak-ove-opcije-se-nastavlja\/","og_locale":"bs_BA","og_type":"article","og_title":"Ljaji\u0107u nezakonito ostaje Regionalna TV - Medijski mrak ove opcije se nastavlja","og_description":"Sand\u017eak &#8211; Konzorcijum lokalnih privrednika, na \u010delu sa aktuelnim direktorom Regionalne radio televizije Novi Pazar Denisom Mavri\u0107em kupio je danas ovaj medij za 89.350 eura, tri eura vi\u0161e od po\u010detne cijene, re\u010deno je radiju Sto plus u Agenciji za privatizaciju. Drugi zainteresovani kupac za Regionalnu TV Muhamed Zukorli\u0107, brat sand\u017ea\u010dkog muftije Muamera, nije se pojavio [&hellip;]","og_url":"https:\/\/sandzakpress.net\/arhiva\/ljajicu-nezakonito-ostaje-regionalna-tv-medijski-mrak-ove-opcije-se-nastavlja\/","og_site_name":"Sand\u017eak PRESS","article_published_time":"2015-08-14T14:31:47+00:00","article_modified_time":"2015-08-14T14:48:26+00:00","og_image":[{"width":616,"height":328,"url":"https:\/\/sandzakpress.net\/arhiva\/wp-content\/uploads\/2015\/08\/Untitled-1-616x3281.jpg","type":"image\/jpeg"}],"author":"bosniak","twitter_card":"summary_large_image","twitter_misc":{"Written by":"bosniak","Est. reading time":"2 minute"},"schema":{"@context":"https:\/\/schema.org","@graph":[{"@type":"Article","@id":"https:\/\/sandzakpress.net\/arhiva\/ljajicu-nezakonito-ostaje-regionalna-tv-medijski-mrak-ove-opcije-se-nastavlja\/#article","isPartOf":{"@id":"https:\/\/sandzakpress.net\/arhiva\/ljajicu-nezakonito-ostaje-regionalna-tv-medijski-mrak-ove-opcije-se-nastavlja\/"},"author":{"name":"bosniak","@id":"https:\/\/sandzakpress.net\/arhiva\/#\/schema\/person\/c8baee722073534b583ea7bdb2e36c02"},"headline":"Ljaji\u0107u nezakonito ostaje Regionalna TV &#8211; Medijski mrak ove opcije se nastavlja","datePublished":"2015-08-14T14:31:47+00:00","dateModified":"2015-08-14T14:48:26+00:00","mainEntityOfPage":{"@id":"https:\/\/sandzakpress.net\/arhiva\/ljajicu-nezakonito-ostaje-regionalna-tv-medijski-mrak-ove-opcije-se-nastavlja\/"},"wordCount":392,"commentCount":26,"publisher":{"@id":"https:\/\/sandzakpress.net\/arhiva\/#\/schema\/person\/6e72b67d6e51910a1117b3b483ba20bd"},"image":{"@id":"https:\/\/sandzakpress.net\/arhiva\/ljajicu-nezakonito-ostaje-regionalna-tv-medijski-mrak-ove-opcije-se-nastavlja\/#primaryimage"},"thumbnailUrl":"https:\/\/sandzakpress.net\/arhiva\/wp-content\/uploads\/2015\/08\/Untitled-1-616x3281.jpg","articleSection":["Novi Pazar","Politika","Sjenica","Tutin","VIJESTI DANA"],"inLanguage":"bs-BA","potentialAction":[{"@type":"CommentAction","name":"Comment","target":["https:\/\/sandzakpress.net\/arhiva\/ljajicu-nezakonito-ostaje-regionalna-tv-medijski-mrak-ove-opcije-se-nastavlja\/#respond"]}]},{"@type":"WebPage","@id":"https:\/\/sandzakpress.net\/arhiva\/ljajicu-nezakonito-ostaje-regionalna-tv-medijski-mrak-ove-opcije-se-nastavlja\/","url":"https:\/\/sandzakpress.net\/arhiva\/ljajicu-nezakonito-ostaje-regionalna-tv-medijski-mrak-ove-opcije-se-nastavlja\/","name":"Ljaji\u0107u nezakonito ostaje Regionalna TV - Medijski mrak ove opcije se nastavlja","isPartOf":{"@id":"https:\/\/sandzakpress.net\/arhiva\/#website"},"primaryImageOfPage":{"@id":"https:\/\/sandzakpress.net\/arhiva\/ljajicu-nezakonito-ostaje-regionalna-tv-medijski-mrak-ove-opcije-se-nastavlja\/#primaryimage"},"image":{"@id":"https:\/\/sandzakpress.net\/arhiva\/ljajicu-nezakonito-ostaje-regionalna-tv-medijski-mrak-ove-opcije-se-nastavlja\/#primaryimage"},"thumbnailUrl":"https:\/\/sandzakpress.net\/arhiva\/wp-content\/uploads\/2015\/08\/Untitled-1-616x3281.jpg","datePublished":"2015-08-14T14:31:47+00:00","dateModified":"2015-08-14T14:48:26+00:00","breadcrumb":{"@id":"https:\/\/sandzakpress.net\/arhiva\/ljajicu-nezakonito-ostaje-regionalna-tv-medijski-mrak-ove-opcije-se-nastavlja\/#breadcrumb"},"inLanguage":"bs-BA","potentialAction":[{"@type":"ReadAction","target":["https:\/\/sandzakpress.net\/arhiva\/ljajicu-nezakonito-ostaje-regionalna-tv-medijski-mrak-ove-opcije-se-nastavlja\/"]}]},{"@type":"ImageObject","inLanguage":"bs-BA","@id":"https:\/\/sandzakpress.net\/arhiva\/ljajicu-nezakonito-ostaje-regionalna-tv-medijski-mrak-ove-opcije-se-nastavlja\/#primaryimage","url":"https:\/\/sandzakpress.net\/arhiva\/wp-content\/uploads\/2015\/08\/Untitled-1-616x3281.jpg","contentUrl":"https:\/\/sandzakpress.net\/arhiva\/wp-content\/uploads\/2015\/08\/Untitled-1-616x3281.jpg","width":616,"height":328},{"@type":"BreadcrumbList","@id":"https:\/\/sandzakpress.net\/arhiva\/ljajicu-nezakonito-ostaje-regionalna-tv-medijski-mrak-ove-opcije-se-nastavlja\/#breadcrumb","itemListElement":[{"@type":"ListItem","position":1,"name":"Home","item":"https:\/\/sandzakpress.net\/arhiva\/"},{"@type":"ListItem","position":2,"name":"Ljaji\u0107u nezakonito ostaje Regionalna TV &#8211; Medijski mrak ove opcije se nastavlja"}]},{"@type":"WebSite","@id":"https:\/\/sandzakpress.net\/arhiva\/#website","url":"https:\/\/sandzakpress.net\/arhiva\/","name":"Sand\u017eak PRESS","description":"Prve elektronske novine u Sand\u017eaku","publisher":{"@id":"https:\/\/sandzakpress.net\/arhiva\/#\/schema\/person\/6e72b67d6e51910a1117b3b483ba20bd"},"potentialAction":[{"@type":"SearchAction","target":{"@type":"EntryPoint","urlTemplate":"https:\/\/sandzakpress.net\/arhiva\/?s={search_term_string}"},"query-input":{"@type":"PropertyValueSpecification","valueRequired":true,"valueName":"search_term_string"}}],"inLanguage":"bs-BA"},{"@type":["Person","Organization"],"@id":"https:\/\/sandzakpress.net\/arhiva\/#\/schema\/person\/6e72b67d6e51910a1117b3b483ba20bd","name":"Kul","image":{"@type":"ImageObject","inLanguage":"bs-BA","@id":"https:\/\/sandzakpress.net\/arhiva\/#\/schema\/person\/image\/","url":"https:\/\/secure.gravatar.com\/avatar\/42263f39aa27ac04c43cab85c280eb2e?s=96&d=mm&r=pg","contentUrl":"https:\/\/secure.gravatar.com\/avatar\/42263f39aa27ac04c43cab85c280eb2e?s=96&d=mm&r=pg","caption":"Kul"},"logo":{"@id":"https:\/\/sandzakpress.net\/arhiva\/#\/schema\/person\/image\/"}},{"@type":"Person","@id":"https:\/\/sandzakpress.net\/arhiva\/#\/schema\/person\/c8baee722073534b583ea7bdb2e36c02","name":"bosniak","image":{"@type":"ImageObject","inLanguage":"bs-BA","@id":"https:\/\/sandzakpress.net\/arhiva\/#\/schema\/person\/image\/","url":"https:\/\/secure.gravatar.com\/avatar\/a04fd330bfe3a36a72a0ad4a6d89fca7?s=96&d=mm&r=pg","contentUrl":"https:\/\/secure.gravatar.com\/avatar\/a04fd330bfe3a36a72a0ad4a6d89fca7?s=96&d=mm&r=pg","caption":"bosniak"},"url":"https:\/\/sandzakpress.net\/arhiva\/author\/bosniak\/"}]}},"_links":{"self":[{"href":"https:\/\/sandzakpress.net\/arhiva\/wp-json\/wp\/v2\/posts\/133697"}],"collection":[{"href":"https:\/\/sandzakpress.net\/arhiva\/wp-json\/wp\/v2\/posts"}],"about":[{"href":"https:\/\/sandzakpress.net\/arhiva\/wp-json\/wp\/v2\/types\/post"}],"author":[{"embeddable":true,"href":"https:\/\/sandzakpress.net\/arhiva\/wp-json\/wp\/v2\/users\/83"}],"replies":[{"embeddable":true,"href":"https:\/\/sandzakpress.net\/arhiva\/wp-json\/wp\/v2\/comments?post=133697"}],"version-history":[{"count":0,"href":"https:\/\/sandzakpress.net\/arhiva\/wp-json\/wp\/v2\/posts\/133697\/revisions"}],"wp:featuredmedia":[{"embeddable":true,"href":"https:\/\/sandzakpress.net\/arhiva\/wp-json\/wp\/v2\/media\/133699"}],"wp:attachment":[{"href":"https:\/\/sandzakpress.net\/arhiva\/wp-json\/wp\/v2\/media?parent=133697"}],"wp:term":[{"taxonomy":"category","embeddable":true,"href":"https:\/\/sandzakpress.net\/arhiva\/wp-json\/wp\/v2\/categories?post=133697"},{"taxonomy":"post_tag","embeddable":true,"href":"https:\/\/sandzakpress.net\/arhiva\/wp-json\/wp\/v2\/tags?post=133697"}],"curies":[{"name":"wp","href":"https:\/\/api.w.org\/{rel}","templated":true}]}}