{"id":133657,"date":"2015-08-14T16:25:25","date_gmt":"2015-08-14T14:25:25","guid":{"rendered":"https:\/\/sandzakpress.net\/arhiva\/?p=133657"},"modified":"2015-08-14T16:25:42","modified_gmt":"2015-08-14T14:25:42","slug":"americki-ambasador-boravio-u-posjeti-novom-pazaru","status":"publish","type":"post","link":"https:\/\/sandzakpress.net\/arhiva\/Ameri%C4%8Dki+ambasador+u+posjeti+politi%C4%8Dkim+subjektima+u+Novom+Pazaru","title":{"rendered":"Ameri\u010dki ambasador u posjeti politi\u010dkim subjektima u Novom Pazaru"},"content":{"rendered":"<p><img loading=\"lazy\" decoding=\"async\" class=\" size-large wp-image-3583 aligncenter\" src=\"http:\/\/bdzsandzaka.org\/wp-content\/uploads\/2015\/08\/image-6fff2632e88a687b6b92817573e720b5484e31a1bee3fd8c1b9d654a33cf728c-V-650x365.jpg\" alt=\"image-6fff2632e88a687b6b92817573e720b5484e31a1bee3fd8c1b9d654a33cf728c-V\" width=\"650\" height=\"365\" \/><\/p>\n<p><strong>Novi Pazar &#8211; BDZ Sand\u017eaka danas 14.08.2015. godine, posjetio je ambasador SAD Majkl Kirbi sa svojom delegacijom. Visoku delegaciju ambasade SAD primili su predsjednik BDZ-a Jahja Fehratovi\u0107, zamjenik predsjednika Samir Tandir, potpredsjednik Sead Red\u017eovi\u0107 i generalni sekretar Ferid Buli\u0107.<\/strong><\/p>\n<p>Njegova ekselencija ambasador Kirbi se interesirao za politi\u010dko, ekonomsko i socijalno stanje u Sand\u017eaku.<\/p>\n<p>Predsjednik BDZ Sand\u017eaka iznio je glavne probleme sa kojima se suo\u010davaju gra\u0111ani Sand\u017eaka, akcentiraju\u0107i neodgovoran odnos vlasti prema akutnim problemima, \u0161to dovodi do zna\u010dajnog odliva mladih ljudi, naro\u010dito \u0161kolovanih kadrova. Fehratovi\u0107 je naglasio da je zbog toga neophodno \u0161to prije mijenjati politi\u010dke prilike u Sand\u017eaku.<\/p>\n<p>Ambasador Kirbi je iznio impresiju da je u predstavnicima BDZ Sand\u017eaka prepoznao mlade i sposobne misle\u0107e ljude, \u0161to je prepoznato kao priznanje ideji autenti\u010dne politi\u010dke ponude na dru\u0161tvenoj sceni Sand\u017eaka.<\/p>\n<p><strong>Posjeta gradona\u010delniku\u00a0<\/strong><\/p>\n<p>Ameri\u010dki ambasador u Srbiji Majkl Kirbi i gradona\u010delnik Novog Pazara Meho Mahmutovi\u0107 razgovarali su danas o aktuelnim politi\u010dkim, ekonomskim i socijalnim pitanjima u ovom gradu i regionu.<\/p>\n<p>Kirbi je nakon sastanka novinarima rekao da je ova ambasada preko Ameri\u010dke agencije za me\u0111unarodni razvoj (USAID) mnogo pomogla ovom gradu i regionu, kao i da namjerava da i dalje bude va\u017ean partner.<\/p>\n<p><strong>Kirbi posetio i BNV<\/strong><\/p>\n<p>Ambasador Sjedinjenih Dr\u017eava NJ.E. Michael D. Kirby sa saradnicima, danas je\u00a0posjetio Bo\u0161nja\u010dko nacionalno vije\u0107e. Predsjednik Bo\u0161nja\u010dkog nacionalnog vije\u0107a dr.\u00a0Sulejman Ugljanin je istakao da je ovom posjetom ukazana velika \u010dast Bo\u0161njacima\u00a0Sand\u017eaka.<\/p>\n<p>Predsjednik Bo\u0161nja\u010dkog nacionalnog vije\u0107a je upoznao ambasadora sa radom i\u00a0funkcionisanjem Bo\u0161nja\u010dkog nacionalnog vije\u0107a i u\u010de\u0161\u0107em predstavnika Vije\u0107a u\u00a0koordinaciji nacionalnih vije\u0107a svih nacionalnih manjina \u0161to je veoma va\u017eno za\u00a0pristupanje Srbije EU.<\/p>\n<p>(Agencije)<br \/> <a href=\"http:\/\/bdzsandzaka.org\/wp-content\/uploads\/2015\/08\/image-4fa05ea5f498baac7aea7ee7b52bfce02a5770c95261d5ac66576e32a380bba7-V.jpg\" rel=\"prettyPhoto\"><br \/> <img loading=\"lazy\" decoding=\"async\" class=\"alignleft size-large wp-image-3587\" src=\"http:\/\/bdzsandzaka.org\/wp-content\/uploads\/2015\/08\/image-4fa05ea5f498baac7aea7ee7b52bfce02a5770c95261d5ac66576e32a380bba7-V-650x365.jpg\" alt=\"image-4fa05ea5f498baac7aea7ee7b52bfce02a5770c95261d5ac66576e32a380bba7-V\" width=\"650\" height=\"365\" \/><\/a><a href=\"http:\/\/bdzsandzaka.org\/wp-content\/uploads\/2015\/08\/image-2af5cb55f1e627839b931d8fe69e4e30f9f53df04e2ae3985d60843e2e7acbe6-V.jpg\" rel=\"prettyPhoto\"><img loading=\"lazy\" decoding=\"async\" class=\"alignleft size-large wp-image-3584\" src=\"http:\/\/bdzsandzaka.org\/wp-content\/uploads\/2015\/08\/image-2af5cb55f1e627839b931d8fe69e4e30f9f53df04e2ae3985d60843e2e7acbe6-V-650x365.jpg\" alt=\"image-2af5cb55f1e627839b931d8fe69e4e30f9f53df04e2ae3985d60843e2e7acbe6-V\" width=\"650\" height=\"365\" \/><\/a><\/p>\n<div class=\"fb-social-plugin fb-like fb_iframe_widget\" data-ref=\"below-post\" data-href=\"http:\/\/bdzsandzaka.org\/?p=3581\" data-width=\"940\">\u00a0<\/div>\n<p>&nbsp;<\/p>\n<p>&nbsp;<\/p>\n<p><img decoding=\"async\" src=\"http:\/\/novipazar.rs\/vest_galerija\/us_ambasador_03.jpg\" alt=\"\" \/><img decoding=\"async\" src=\"http:\/\/novipazar.rs\/vest_galerija\/us_ambasador_10.jpg\" alt=\"\" \/><img loading=\"lazy\" decoding=\"async\" class=\"aligncenter size-full wp-image-133695\" src=\"https:\/\/sandzakpress.net\/arhiva\/wp-content\/uploads\/2015\/08\/888.jpg\" alt=\"888\" width=\"1129\" height=\"748\" srcset=\"https:\/\/sandzakpress.net\/arhiva\/wp-content\/uploads\/2015\/08\/888.jpg 1129w, https:\/\/sandzakpress.net\/arhiva\/wp-content\/uploads\/2015\/08\/888-616x408.jpg 616w\" sizes=\"(max-width: 1129px) 100vw, 1129px\" \/><\/p>\n","protected":false},"excerpt":{"rendered":"<p>Novi Pazar &#8211; BDZ Sand\u017eaka danas 14.08.2015. godine, posjetio je ambasador SAD Majkl Kirbi sa svojom delegacijom. Visoku delegaciju ambasade SAD primili su predsjednik BDZ-a Jahja Fehratovi\u0107, zamjenik predsjednika Samir Tandir, potpredsjednik Sead Red\u017eovi\u0107 i generalni sekretar Ferid Buli\u0107. Njegova ekselencija ambasador Kirbi se interesirao za politi\u010dko, ekonomsko i socijalno stanje u Sand\u017eaku. Predsjednik BDZ [&hellip;]<\/p>\n","protected":false},"author":83,"featured_media":133693,"comment_status":"open","ping_status":"open","sticky":false,"template":"","format":"standard","meta":{"footnotes":""},"categories":[72,1,8957],"tags":[10223],"class_list":{"0":"post-133657","1":"post","2":"type-post","3":"status-publish","4":"format-standard","5":"has-post-thumbnail","7":"category-novi-pazar","8":"category-politika","9":"category-vijesti-dana","10":"tag-bdz"},"yoast_head":"<!-- This site is optimized with the Yoast SEO Premium plugin v23.1 (Yoast SEO v24.9) - https:\/\/yoast.com\/wordpress\/plugins\/seo\/ -->\n<title>Ameri\u010dki ambasador u posjeti politi\u010dkim subjektima u Novom Pazaru<\/title>\n<meta name=\"robots\" content=\"index, follow, max-snippet:-1, max-image-preview:large, max-video-preview:-1\" \/>\n<link rel=\"canonical\" href=\"https:\/\/sandzakpress.net\/arhiva\/Ameri\u010dki%20ambasador%20u%20posjeti%20politi\u010dkim%20subjektima%20u%20Novom%20Pazaru\/\" \/>\n<meta property=\"og:locale\" content=\"bs_BA\" \/>\n<meta property=\"og:type\" content=\"article\" \/>\n<meta property=\"og:title\" content=\"Ameri\u010dki ambasador u posjeti politi\u010dkim subjektima u Novom Pazaru\" \/>\n<meta property=\"og:description\" content=\"Novi Pazar &#8211; BDZ Sand\u017eaka danas 14.08.2015. godine, posjetio je ambasador SAD Majkl Kirbi sa svojom delegacijom. Visoku delegaciju ambasade SAD primili su predsjednik BDZ-a Jahja Fehratovi\u0107, zamjenik predsjednika Samir Tandir, potpredsjednik Sead Red\u017eovi\u0107 i generalni sekretar Ferid Buli\u0107. Njegova ekselencija ambasador Kirbi se interesirao za politi\u010dko, ekonomsko i socijalno stanje u Sand\u017eaku. Predsjednik BDZ [&hellip;]\" \/>\n<meta property=\"og:url\" content=\"https:\/\/sandzakpress.net\/arhiva\/Ameri\u010dki ambasador u posjeti politi\u010dkim subjektima u Novom Pazaru\/\" \/>\n<meta property=\"og:site_name\" content=\"Sand\u017eak PRESS\" \/>\n<meta property=\"article:published_time\" content=\"2015-08-14T14:25:25+00:00\" \/>\n<meta property=\"article:modified_time\" content=\"2015-08-14T14:25:42+00:00\" \/>\n<meta property=\"og:image\" content=\"https:\/\/sandzakpress.net\/arhiva\/wp-content\/uploads\/2015\/08\/image-6fff2632e88a687b6b92817573e720b5484e31a1bee3fd8c1b9d654a33cf728c-V-650x365.jpg\" \/>\n\t<meta property=\"og:image:width\" content=\"650\" \/>\n\t<meta property=\"og:image:height\" content=\"365\" \/>\n\t<meta property=\"og:image:type\" content=\"image\/jpeg\" \/>\n<meta name=\"author\" content=\"bosniak\" \/>\n<meta name=\"twitter:card\" content=\"summary_large_image\" \/>\n<meta name=\"twitter:label1\" content=\"Written by\" \/>\n\t<meta name=\"twitter:data1\" content=\"bosniak\" \/>\n\t<meta name=\"twitter:label2\" content=\"Est. reading time\" \/>\n\t<meta name=\"twitter:data2\" content=\"2 minute\" \/>\n<script type=\"application\/ld+json\" class=\"yoast-schema-graph\">{\"@context\":\"https:\/\/schema.org\",\"@graph\":[{\"@type\":\"Article\",\"@id\":\"https:\/\/sandzakpress.net\/arhiva\/Ameri%C4%8Dki+ambasador+u+posjeti+politi%C4%8Dkim+subjektima+u+Novom+Pazaru\/#article\",\"isPartOf\":{\"@id\":\"https:\/\/sandzakpress.net\/arhiva\/Ameri%C4%8Dki+ambasador+u+posjeti+politi%C4%8Dkim+subjektima+u+Novom+Pazaru\/\"},\"author\":{\"name\":\"bosniak\",\"@id\":\"https:\/\/sandzakpress.net\/arhiva\/#\/schema\/person\/c8baee722073534b583ea7bdb2e36c02\"},\"headline\":\"Ameri\u010dki ambasador u posjeti politi\u010dkim subjektima u Novom Pazaru\",\"datePublished\":\"2015-08-14T14:25:25+00:00\",\"dateModified\":\"2015-08-14T14:25:42+00:00\",\"mainEntityOfPage\":{\"@id\":\"https:\/\/sandzakpress.net\/arhiva\/Ameri%C4%8Dki+ambasador+u+posjeti+politi%C4%8Dkim+subjektima+u+Novom+Pazaru\/\"},\"wordCount\":320,\"commentCount\":6,\"publisher\":{\"@id\":\"https:\/\/sandzakpress.net\/arhiva\/#\/schema\/person\/6e72b67d6e51910a1117b3b483ba20bd\"},\"image\":{\"@id\":\"https:\/\/sandzakpress.net\/arhiva\/Ameri%C4%8Dki+ambasador+u+posjeti+politi%C4%8Dkim+subjektima+u+Novom+Pazaru\/#primaryimage\"},\"thumbnailUrl\":\"https:\/\/sandzakpress.net\/arhiva\/wp-content\/uploads\/2015\/08\/image-6fff2632e88a687b6b92817573e720b5484e31a1bee3fd8c1b9d654a33cf728c-V-650x365.jpg\",\"keywords\":[\"BDZ\"],\"articleSection\":[\"Novi Pazar\",\"Politika\",\"VIJESTI DANA\"],\"inLanguage\":\"bs-BA\",\"potentialAction\":[{\"@type\":\"CommentAction\",\"name\":\"Comment\",\"target\":[\"https:\/\/sandzakpress.net\/arhiva\/Ameri%C4%8Dki+ambasador+u+posjeti+politi%C4%8Dkim+subjektima+u+Novom+Pazaru\/#respond\"]}]},{\"@type\":\"WebPage\",\"@id\":\"https:\/\/sandzakpress.net\/arhiva\/Ameri%C4%8Dki+ambasador+u+posjeti+politi%C4%8Dkim+subjektima+u+Novom+Pazaru\/\",\"url\":\"https:\/\/sandzakpress.net\/arhiva\/Ameri%C4%8Dki+ambasador+u+posjeti+politi%C4%8Dkim+subjektima+u+Novom+Pazaru\/\",\"name\":\"Ameri\u010dki ambasador u posjeti politi\u010dkim subjektima u Novom Pazaru\",\"isPartOf\":{\"@id\":\"https:\/\/sandzakpress.net\/arhiva\/#website\"},\"primaryImageOfPage\":{\"@id\":\"https:\/\/sandzakpress.net\/arhiva\/Ameri%C4%8Dki+ambasador+u+posjeti+politi%C4%8Dkim+subjektima+u+Novom+Pazaru\/#primaryimage\"},\"image\":{\"@id\":\"https:\/\/sandzakpress.net\/arhiva\/Ameri%C4%8Dki+ambasador+u+posjeti+politi%C4%8Dkim+subjektima+u+Novom+Pazaru\/#primaryimage\"},\"thumbnailUrl\":\"https:\/\/sandzakpress.net\/arhiva\/wp-content\/uploads\/2015\/08\/image-6fff2632e88a687b6b92817573e720b5484e31a1bee3fd8c1b9d654a33cf728c-V-650x365.jpg\",\"datePublished\":\"2015-08-14T14:25:25+00:00\",\"dateModified\":\"2015-08-14T14:25:42+00:00\",\"breadcrumb\":{\"@id\":\"https:\/\/sandzakpress.net\/arhiva\/Ameri%C4%8Dki+ambasador+u+posjeti+politi%C4%8Dkim+subjektima+u+Novom+Pazaru\/#breadcrumb\"},\"inLanguage\":\"bs-BA\",\"potentialAction\":[{\"@type\":\"ReadAction\",\"target\":[\"https:\/\/sandzakpress.net\/arhiva\/Ameri%C4%8Dki+ambasador+u+posjeti+politi%C4%8Dkim+subjektima+u+Novom+Pazaru\/\"]}]},{\"@type\":\"ImageObject\",\"inLanguage\":\"bs-BA\",\"@id\":\"https:\/\/sandzakpress.net\/arhiva\/Ameri%C4%8Dki+ambasador+u+posjeti+politi%C4%8Dkim+subjektima+u+Novom+Pazaru\/#primaryimage\",\"url\":\"https:\/\/sandzakpress.net\/arhiva\/wp-content\/uploads\/2015\/08\/image-6fff2632e88a687b6b92817573e720b5484e31a1bee3fd8c1b9d654a33cf728c-V-650x365.jpg\",\"contentUrl\":\"https:\/\/sandzakpress.net\/arhiva\/wp-content\/uploads\/2015\/08\/image-6fff2632e88a687b6b92817573e720b5484e31a1bee3fd8c1b9d654a33cf728c-V-650x365.jpg\",\"width\":650,\"height\":365},{\"@type\":\"BreadcrumbList\",\"@id\":\"https:\/\/sandzakpress.net\/arhiva\/Ameri%C4%8Dki+ambasador+u+posjeti+politi%C4%8Dkim+subjektima+u+Novom+Pazaru\/#breadcrumb\",\"itemListElement\":[{\"@type\":\"ListItem\",\"position\":1,\"name\":\"Home\",\"item\":\"https:\/\/sandzakpress.net\/arhiva\/\"},{\"@type\":\"ListItem\",\"position\":2,\"name\":\"Ameri\u010dki ambasador u posjeti politi\u010dkim subjektima u Novom Pazaru\"}]},{\"@type\":\"WebSite\",\"@id\":\"https:\/\/sandzakpress.net\/arhiva\/#website\",\"url\":\"https:\/\/sandzakpress.net\/arhiva\/\",\"name\":\"Sand\u017eak PRESS\",\"description\":\"Prve elektronske novine u Sand\u017eaku\",\"publisher\":{\"@id\":\"https:\/\/sandzakpress.net\/arhiva\/#\/schema\/person\/6e72b67d6e51910a1117b3b483ba20bd\"},\"potentialAction\":[{\"@type\":\"SearchAction\",\"target\":{\"@type\":\"EntryPoint\",\"urlTemplate\":\"https:\/\/sandzakpress.net\/arhiva\/?s={search_term_string}\"},\"query-input\":{\"@type\":\"PropertyValueSpecification\",\"valueRequired\":true,\"valueName\":\"search_term_string\"}}],\"inLanguage\":\"bs-BA\"},{\"@type\":[\"Person\",\"Organization\"],\"@id\":\"https:\/\/sandzakpress.net\/arhiva\/#\/schema\/person\/6e72b67d6e51910a1117b3b483ba20bd\",\"name\":\"Kul\",\"image\":{\"@type\":\"ImageObject\",\"inLanguage\":\"bs-BA\",\"@id\":\"https:\/\/sandzakpress.net\/arhiva\/#\/schema\/person\/image\/\",\"url\":\"https:\/\/secure.gravatar.com\/avatar\/42263f39aa27ac04c43cab85c280eb2e?s=96&d=mm&r=pg\",\"contentUrl\":\"https:\/\/secure.gravatar.com\/avatar\/42263f39aa27ac04c43cab85c280eb2e?s=96&d=mm&r=pg\",\"caption\":\"Kul\"},\"logo\":{\"@id\":\"https:\/\/sandzakpress.net\/arhiva\/#\/schema\/person\/image\/\"}},{\"@type\":\"Person\",\"@id\":\"https:\/\/sandzakpress.net\/arhiva\/#\/schema\/person\/c8baee722073534b583ea7bdb2e36c02\",\"name\":\"bosniak\",\"image\":{\"@type\":\"ImageObject\",\"inLanguage\":\"bs-BA\",\"@id\":\"https:\/\/sandzakpress.net\/arhiva\/#\/schema\/person\/image\/\",\"url\":\"https:\/\/secure.gravatar.com\/avatar\/a04fd330bfe3a36a72a0ad4a6d89fca7?s=96&d=mm&r=pg\",\"contentUrl\":\"https:\/\/secure.gravatar.com\/avatar\/a04fd330bfe3a36a72a0ad4a6d89fca7?s=96&d=mm&r=pg\",\"caption\":\"bosniak\"},\"url\":\"https:\/\/sandzakpress.net\/arhiva\/author\/bosniak\/\"}]}<\/script>\n<!-- \/ Yoast SEO Premium plugin. -->","yoast_head_json":{"title":"Ameri\u010dki ambasador u posjeti politi\u010dkim subjektima u Novom Pazaru","robots":{"index":"index","follow":"follow","max-snippet":"max-snippet:-1","max-image-preview":"max-image-preview:large","max-video-preview":"max-video-preview:-1"},"canonical":"https:\/\/sandzakpress.net\/arhiva\/Ameri\u010dki ambasador u posjeti politi\u010dkim subjektima u Novom Pazaru\/","og_locale":"bs_BA","og_type":"article","og_title":"Ameri\u010dki ambasador u posjeti politi\u010dkim subjektima u Novom Pazaru","og_description":"Novi Pazar &#8211; BDZ Sand\u017eaka danas 14.08.2015. godine, posjetio je ambasador SAD Majkl Kirbi sa svojom delegacijom. Visoku delegaciju ambasade SAD primili su predsjednik BDZ-a Jahja Fehratovi\u0107, zamjenik predsjednika Samir Tandir, potpredsjednik Sead Red\u017eovi\u0107 i generalni sekretar Ferid Buli\u0107. Njegova ekselencija ambasador Kirbi se interesirao za politi\u010dko, ekonomsko i socijalno stanje u Sand\u017eaku. Predsjednik BDZ [&hellip;]","og_url":"https:\/\/sandzakpress.net\/arhiva\/Ameri\u010dki ambasador u posjeti politi\u010dkim subjektima u Novom Pazaru\/","og_site_name":"Sand\u017eak PRESS","article_published_time":"2015-08-14T14:25:25+00:00","article_modified_time":"2015-08-14T14:25:42+00:00","og_image":[{"width":650,"height":365,"url":"https:\/\/sandzakpress.net\/arhiva\/wp-content\/uploads\/2015\/08\/image-6fff2632e88a687b6b92817573e720b5484e31a1bee3fd8c1b9d654a33cf728c-V-650x365.jpg","type":"image\/jpeg"}],"author":"bosniak","twitter_card":"summary_large_image","twitter_misc":{"Written by":"bosniak","Est. reading time":"2 minute"},"schema":{"@context":"https:\/\/schema.org","@graph":[{"@type":"Article","@id":"https:\/\/sandzakpress.net\/arhiva\/Ameri%C4%8Dki+ambasador+u+posjeti+politi%C4%8Dkim+subjektima+u+Novom+Pazaru\/#article","isPartOf":{"@id":"https:\/\/sandzakpress.net\/arhiva\/Ameri%C4%8Dki+ambasador+u+posjeti+politi%C4%8Dkim+subjektima+u+Novom+Pazaru\/"},"author":{"name":"bosniak","@id":"https:\/\/sandzakpress.net\/arhiva\/#\/schema\/person\/c8baee722073534b583ea7bdb2e36c02"},"headline":"Ameri\u010dki ambasador u posjeti politi\u010dkim subjektima u Novom Pazaru","datePublished":"2015-08-14T14:25:25+00:00","dateModified":"2015-08-14T14:25:42+00:00","mainEntityOfPage":{"@id":"https:\/\/sandzakpress.net\/arhiva\/Ameri%C4%8Dki+ambasador+u+posjeti+politi%C4%8Dkim+subjektima+u+Novom+Pazaru\/"},"wordCount":320,"commentCount":6,"publisher":{"@id":"https:\/\/sandzakpress.net\/arhiva\/#\/schema\/person\/6e72b67d6e51910a1117b3b483ba20bd"},"image":{"@id":"https:\/\/sandzakpress.net\/arhiva\/Ameri%C4%8Dki+ambasador+u+posjeti+politi%C4%8Dkim+subjektima+u+Novom+Pazaru\/#primaryimage"},"thumbnailUrl":"https:\/\/sandzakpress.net\/arhiva\/wp-content\/uploads\/2015\/08\/image-6fff2632e88a687b6b92817573e720b5484e31a1bee3fd8c1b9d654a33cf728c-V-650x365.jpg","keywords":["BDZ"],"articleSection":["Novi Pazar","Politika","VIJESTI DANA"],"inLanguage":"bs-BA","potentialAction":[{"@type":"CommentAction","name":"Comment","target":["https:\/\/sandzakpress.net\/arhiva\/Ameri%C4%8Dki+ambasador+u+posjeti+politi%C4%8Dkim+subjektima+u+Novom+Pazaru\/#respond"]}]},{"@type":"WebPage","@id":"https:\/\/sandzakpress.net\/arhiva\/Ameri%C4%8Dki+ambasador+u+posjeti+politi%C4%8Dkim+subjektima+u+Novom+Pazaru\/","url":"https:\/\/sandzakpress.net\/arhiva\/Ameri%C4%8Dki+ambasador+u+posjeti+politi%C4%8Dkim+subjektima+u+Novom+Pazaru\/","name":"Ameri\u010dki ambasador u posjeti politi\u010dkim subjektima u Novom Pazaru","isPartOf":{"@id":"https:\/\/sandzakpress.net\/arhiva\/#website"},"primaryImageOfPage":{"@id":"https:\/\/sandzakpress.net\/arhiva\/Ameri%C4%8Dki+ambasador+u+posjeti+politi%C4%8Dkim+subjektima+u+Novom+Pazaru\/#primaryimage"},"image":{"@id":"https:\/\/sandzakpress.net\/arhiva\/Ameri%C4%8Dki+ambasador+u+posjeti+politi%C4%8Dkim+subjektima+u+Novom+Pazaru\/#primaryimage"},"thumbnailUrl":"https:\/\/sandzakpress.net\/arhiva\/wp-content\/uploads\/2015\/08\/image-6fff2632e88a687b6b92817573e720b5484e31a1bee3fd8c1b9d654a33cf728c-V-650x365.jpg","datePublished":"2015-08-14T14:25:25+00:00","dateModified":"2015-08-14T14:25:42+00:00","breadcrumb":{"@id":"https:\/\/sandzakpress.net\/arhiva\/Ameri%C4%8Dki+ambasador+u+posjeti+politi%C4%8Dkim+subjektima+u+Novom+Pazaru\/#breadcrumb"},"inLanguage":"bs-BA","potentialAction":[{"@type":"ReadAction","target":["https:\/\/sandzakpress.net\/arhiva\/Ameri%C4%8Dki+ambasador+u+posjeti+politi%C4%8Dkim+subjektima+u+Novom+Pazaru\/"]}]},{"@type":"ImageObject","inLanguage":"bs-BA","@id":"https:\/\/sandzakpress.net\/arhiva\/Ameri%C4%8Dki+ambasador+u+posjeti+politi%C4%8Dkim+subjektima+u+Novom+Pazaru\/#primaryimage","url":"https:\/\/sandzakpress.net\/arhiva\/wp-content\/uploads\/2015\/08\/image-6fff2632e88a687b6b92817573e720b5484e31a1bee3fd8c1b9d654a33cf728c-V-650x365.jpg","contentUrl":"https:\/\/sandzakpress.net\/arhiva\/wp-content\/uploads\/2015\/08\/image-6fff2632e88a687b6b92817573e720b5484e31a1bee3fd8c1b9d654a33cf728c-V-650x365.jpg","width":650,"height":365},{"@type":"BreadcrumbList","@id":"https:\/\/sandzakpress.net\/arhiva\/Ameri%C4%8Dki+ambasador+u+posjeti+politi%C4%8Dkim+subjektima+u+Novom+Pazaru\/#breadcrumb","itemListElement":[{"@type":"ListItem","position":1,"name":"Home","item":"https:\/\/sandzakpress.net\/arhiva\/"},{"@type":"ListItem","position":2,"name":"Ameri\u010dki ambasador u posjeti politi\u010dkim subjektima u Novom Pazaru"}]},{"@type":"WebSite","@id":"https:\/\/sandzakpress.net\/arhiva\/#website","url":"https:\/\/sandzakpress.net\/arhiva\/","name":"Sand\u017eak PRESS","description":"Prve elektronske novine u Sand\u017eaku","publisher":{"@id":"https:\/\/sandzakpress.net\/arhiva\/#\/schema\/person\/6e72b67d6e51910a1117b3b483ba20bd"},"potentialAction":[{"@type":"SearchAction","target":{"@type":"EntryPoint","urlTemplate":"https:\/\/sandzakpress.net\/arhiva\/?s={search_term_string}"},"query-input":{"@type":"PropertyValueSpecification","valueRequired":true,"valueName":"search_term_string"}}],"inLanguage":"bs-BA"},{"@type":["Person","Organization"],"@id":"https:\/\/sandzakpress.net\/arhiva\/#\/schema\/person\/6e72b67d6e51910a1117b3b483ba20bd","name":"Kul","image":{"@type":"ImageObject","inLanguage":"bs-BA","@id":"https:\/\/sandzakpress.net\/arhiva\/#\/schema\/person\/image\/","url":"https:\/\/secure.gravatar.com\/avatar\/42263f39aa27ac04c43cab85c280eb2e?s=96&d=mm&r=pg","contentUrl":"https:\/\/secure.gravatar.com\/avatar\/42263f39aa27ac04c43cab85c280eb2e?s=96&d=mm&r=pg","caption":"Kul"},"logo":{"@id":"https:\/\/sandzakpress.net\/arhiva\/#\/schema\/person\/image\/"}},{"@type":"Person","@id":"https:\/\/sandzakpress.net\/arhiva\/#\/schema\/person\/c8baee722073534b583ea7bdb2e36c02","name":"bosniak","image":{"@type":"ImageObject","inLanguage":"bs-BA","@id":"https:\/\/sandzakpress.net\/arhiva\/#\/schema\/person\/image\/","url":"https:\/\/secure.gravatar.com\/avatar\/a04fd330bfe3a36a72a0ad4a6d89fca7?s=96&d=mm&r=pg","contentUrl":"https:\/\/secure.gravatar.com\/avatar\/a04fd330bfe3a36a72a0ad4a6d89fca7?s=96&d=mm&r=pg","caption":"bosniak"},"url":"https:\/\/sandzakpress.net\/arhiva\/author\/bosniak\/"}]}},"_links":{"self":[{"href":"https:\/\/sandzakpress.net\/arhiva\/wp-json\/wp\/v2\/posts\/133657"}],"collection":[{"href":"https:\/\/sandzakpress.net\/arhiva\/wp-json\/wp\/v2\/posts"}],"about":[{"href":"https:\/\/sandzakpress.net\/arhiva\/wp-json\/wp\/v2\/types\/post"}],"author":[{"embeddable":true,"href":"https:\/\/sandzakpress.net\/arhiva\/wp-json\/wp\/v2\/users\/83"}],"replies":[{"embeddable":true,"href":"https:\/\/sandzakpress.net\/arhiva\/wp-json\/wp\/v2\/comments?post=133657"}],"version-history":[{"count":0,"href":"https:\/\/sandzakpress.net\/arhiva\/wp-json\/wp\/v2\/posts\/133657\/revisions"}],"wp:featuredmedia":[{"embeddable":true,"href":"https:\/\/sandzakpress.net\/arhiva\/wp-json\/wp\/v2\/media\/133693"}],"wp:attachment":[{"href":"https:\/\/sandzakpress.net\/arhiva\/wp-json\/wp\/v2\/media?parent=133657"}],"wp:term":[{"taxonomy":"category","embeddable":true,"href":"https:\/\/sandzakpress.net\/arhiva\/wp-json\/wp\/v2\/categories?post=133657"},{"taxonomy":"post_tag","embeddable":true,"href":"https:\/\/sandzakpress.net\/arhiva\/wp-json\/wp\/v2\/tags?post=133657"}],"curies":[{"name":"wp","href":"https:\/\/api.w.org\/{rel}","templated":true}]}}