{"id":13340,"date":"2011-03-02T08:24:58","date_gmt":"2011-03-02T07:24:58","guid":{"rendered":"https:\/\/sandzakpress.net\/arhiva\/?p=13340"},"modified":"2011-03-02T08:24:58","modified_gmt":"2011-03-02T07:24:58","slug":"djelovanje-muftije-je-veoma-stetno-po-srbiju","status":"publish","type":"post","link":"https:\/\/sandzakpress.net\/arhiva\/djelovanje-muftije-je-veoma-stetno-po-srbiju\/","title":{"rendered":"&#8220;Djelovanje Muftije je veoma \u0161tetno po Srbiju&#8221;"},"content":{"rendered":"<p><strong><a href=\"https:\/\/sandzakpress.net\/arhiva\/wp-content\/uploads\/2011\/03\/DarkoTanaskovic300x225.jpg\"><img loading=\"lazy\" decoding=\"async\" class=\"alignleft size-full wp-image-13341\" title=\"DarkoTanaskovic300x225\" src=\"https:\/\/sandzakpress.net\/arhiva\/wp-content\/uploads\/2011\/03\/DarkoTanaskovic300x225.jpg\" alt=\"\" width=\"300\" height=\"225\" \/><\/a>Sjeverni Sand\u017eak &#8211; \u010clan Srpske akademije nauka i umjetnosti (SANU) prof. Darko Tanaskovi\u0107, je izjavio da smatra da je djelovanje muftije Muamer ef. Zukorli\u0107a kontraproduktivno iako se sla\u017ee da su vlasti u Srbiji u\u010dinile brojne gre\u0161ke kada je u pitanju bo\u0161nja\u010dko pitanje.<\/strong><\/p>\n<p>Osim toga profesor Tanaskovi\u0107 ne vidi da postoji razlog nezadovoljstva Bo\u0161njaka kao i da ne postoji diskriminacija.\u201cDjelovanje muftije Zukorli\u0107a na politi\u010dkom planu, koji on te\u0161ko odvaja od vjerskog, je \u0161tetno iz dva razloga. Prvo, zato \u0161to antagonizuje same Bo\u0161njake me\u0111usobno i \u0161to antagonizuje Bo\u0161njake prema srpskom narodu uop\u0161te.<\/p>\n<p>To je ne\u0161to \u0161to ne mo\u017ee biti korisno, \u010dak i da postoje veoma ozbiljni problemi koje u Sand\u017eaku, odnosno u Ra\u0161koj oblasti, treba rije\u0161iti. Zato mislim da je on odabrao pogre\u0161an put i da taj put, pogotovo danas, s obzirom na sve okolnoti kod nas i u svijetu, nije onaj koji mo\u017ee donijeti sre\u0107u Bo\u0161njacima , niti mo\u017ee dr\u017eavi Srbiji objasniti kako treba da se pona\u0161a prema svojim gra\u0111anima\u201d, smatra on.<\/p>\n<p>Izvor: <strong>CBS.org.rs<\/strong><\/p>\n","protected":false},"excerpt":{"rendered":"<p>Sjeverni Sand\u017eak &#8211; \u010clan Srpske akademije nauka i umjetnosti (SANU) prof. Darko Tanaskovi\u0107, je izjavio da smatra da je djelovanje muftije Muamer ef. Zukorli\u0107a kontraproduktivno iako se sla\u017ee da su vlasti u Srbiji u\u010dinile brojne gre\u0161ke kada je u pitanju bo\u0161nja\u010dko pitanje. Osim toga profesor Tanaskovi\u0107 ne vidi da postoji razlog nezadovoljstva Bo\u0161njaka kao i [&hellip;]<\/p>\n","protected":false},"author":83,"featured_media":13341,"comment_status":"open","ping_status":"open","sticky":false,"template":"","format":"standard","meta":{"footnotes":""},"categories":[72,1,52,327,392,393,394],"tags":[],"class_list":{"0":"post-13340","1":"post","2":"type-post","3":"status-publish","4":"format-standard","5":"has-post-thumbnail","7":"category-novi-pazar","8":"category-politika","9":"category-sjenica","10":"category-tutin","11":"category-prijepolje_","12":"category-priboj","13":"category-nova-varos"},"yoast_head":"<!-- This site is optimized with the Yoast SEO Premium plugin v23.1 (Yoast SEO v24.9) - https:\/\/yoast.com\/wordpress\/plugins\/seo\/ -->\n<title>&quot;Djelovanje Muftije je veoma \u0161tetno po Srbiju&quot;<\/title>\n<meta name=\"robots\" content=\"index, follow, max-snippet:-1, max-image-preview:large, max-video-preview:-1\" \/>\n<link rel=\"canonical\" href=\"https:\/\/sandzakpress.net\/arhiva\/djelovanje-muftije-je-veoma-stetno-po-srbiju\/\" \/>\n<meta property=\"og:locale\" content=\"bs_BA\" \/>\n<meta property=\"og:type\" content=\"article\" \/>\n<meta property=\"og:title\" content=\"&quot;Djelovanje Muftije je veoma \u0161tetno po Srbiju&quot;\" \/>\n<meta property=\"og:description\" content=\"Sjeverni Sand\u017eak &#8211; \u010clan Srpske akademije nauka i umjetnosti (SANU) prof. Darko Tanaskovi\u0107, je izjavio da smatra da je djelovanje muftije Muamer ef. Zukorli\u0107a kontraproduktivno iako se sla\u017ee da su vlasti u Srbiji u\u010dinile brojne gre\u0161ke kada je u pitanju bo\u0161nja\u010dko pitanje. Osim toga profesor Tanaskovi\u0107 ne vidi da postoji razlog nezadovoljstva Bo\u0161njaka kao i [&hellip;]\" \/>\n<meta property=\"og:url\" content=\"https:\/\/sandzakpress.net\/arhiva\/djelovanje-muftije-je-veoma-stetno-po-srbiju\/\" \/>\n<meta property=\"og:site_name\" content=\"Sand\u017eak PRESS\" \/>\n<meta property=\"article:published_time\" content=\"2011-03-02T07:24:58+00:00\" \/>\n<meta property=\"og:image\" content=\"https:\/\/sandzakpress.net\/arhiva\/wp-content\/uploads\/2011\/03\/DarkoTanaskovic300x225.jpg\" \/>\n\t<meta property=\"og:image:width\" content=\"300\" \/>\n\t<meta property=\"og:image:height\" content=\"225\" \/>\n\t<meta property=\"og:image:type\" content=\"image\/jpeg\" \/>\n<meta name=\"author\" content=\"bosniak\" \/>\n<meta name=\"twitter:card\" content=\"summary_large_image\" \/>\n<meta name=\"twitter:label1\" content=\"Written by\" \/>\n\t<meta name=\"twitter:data1\" content=\"bosniak\" \/>\n\t<meta name=\"twitter:label2\" content=\"Est. reading time\" \/>\n\t<meta name=\"twitter:data2\" content=\"1 minuta\" \/>\n<script type=\"application\/ld+json\" class=\"yoast-schema-graph\">{\"@context\":\"https:\/\/schema.org\",\"@graph\":[{\"@type\":\"Article\",\"@id\":\"https:\/\/sandzakpress.net\/arhiva\/djelovanje-muftije-je-veoma-stetno-po-srbiju\/#article\",\"isPartOf\":{\"@id\":\"https:\/\/sandzakpress.net\/arhiva\/djelovanje-muftije-je-veoma-stetno-po-srbiju\/\"},\"author\":{\"name\":\"bosniak\",\"@id\":\"https:\/\/sandzakpress.net\/arhiva\/#\/schema\/person\/c8baee722073534b583ea7bdb2e36c02\"},\"headline\":\"&#8220;Djelovanje Muftije je veoma \u0161tetno po Srbiju&#8221;\",\"datePublished\":\"2011-03-02T07:24:58+00:00\",\"mainEntityOfPage\":{\"@id\":\"https:\/\/sandzakpress.net\/arhiva\/djelovanje-muftije-je-veoma-stetno-po-srbiju\/\"},\"wordCount\":200,\"commentCount\":8,\"publisher\":{\"@id\":\"https:\/\/sandzakpress.net\/arhiva\/#\/schema\/person\/6e72b67d6e51910a1117b3b483ba20bd\"},\"image\":{\"@id\":\"https:\/\/sandzakpress.net\/arhiva\/djelovanje-muftije-je-veoma-stetno-po-srbiju\/#primaryimage\"},\"thumbnailUrl\":\"https:\/\/sandzakpress.net\/arhiva\/wp-content\/uploads\/2011\/03\/DarkoTanaskovic300x225.jpg\",\"articleSection\":[\"Novi Pazar\",\"Politika\",\"Sjenica\",\"Tutin\",\"Prijepolje\",\"Priboj\",\"Nova Varo\u0161\"],\"inLanguage\":\"bs-BA\",\"potentialAction\":[{\"@type\":\"CommentAction\",\"name\":\"Comment\",\"target\":[\"https:\/\/sandzakpress.net\/arhiva\/djelovanje-muftije-je-veoma-stetno-po-srbiju\/#respond\"]}]},{\"@type\":\"WebPage\",\"@id\":\"https:\/\/sandzakpress.net\/arhiva\/djelovanje-muftije-je-veoma-stetno-po-srbiju\/\",\"url\":\"https:\/\/sandzakpress.net\/arhiva\/djelovanje-muftije-je-veoma-stetno-po-srbiju\/\",\"name\":\"\\\"Djelovanje Muftije je veoma \u0161tetno po Srbiju\\\"\",\"isPartOf\":{\"@id\":\"https:\/\/sandzakpress.net\/arhiva\/#website\"},\"primaryImageOfPage\":{\"@id\":\"https:\/\/sandzakpress.net\/arhiva\/djelovanje-muftije-je-veoma-stetno-po-srbiju\/#primaryimage\"},\"image\":{\"@id\":\"https:\/\/sandzakpress.net\/arhiva\/djelovanje-muftije-je-veoma-stetno-po-srbiju\/#primaryimage\"},\"thumbnailUrl\":\"https:\/\/sandzakpress.net\/arhiva\/wp-content\/uploads\/2011\/03\/DarkoTanaskovic300x225.jpg\",\"datePublished\":\"2011-03-02T07:24:58+00:00\",\"breadcrumb\":{\"@id\":\"https:\/\/sandzakpress.net\/arhiva\/djelovanje-muftije-je-veoma-stetno-po-srbiju\/#breadcrumb\"},\"inLanguage\":\"bs-BA\",\"potentialAction\":[{\"@type\":\"ReadAction\",\"target\":[\"https:\/\/sandzakpress.net\/arhiva\/djelovanje-muftije-je-veoma-stetno-po-srbiju\/\"]}]},{\"@type\":\"ImageObject\",\"inLanguage\":\"bs-BA\",\"@id\":\"https:\/\/sandzakpress.net\/arhiva\/djelovanje-muftije-je-veoma-stetno-po-srbiju\/#primaryimage\",\"url\":\"https:\/\/sandzakpress.net\/arhiva\/wp-content\/uploads\/2011\/03\/DarkoTanaskovic300x225.jpg\",\"contentUrl\":\"https:\/\/sandzakpress.net\/arhiva\/wp-content\/uploads\/2011\/03\/DarkoTanaskovic300x225.jpg\",\"width\":300,\"height\":225},{\"@type\":\"BreadcrumbList\",\"@id\":\"https:\/\/sandzakpress.net\/arhiva\/djelovanje-muftije-je-veoma-stetno-po-srbiju\/#breadcrumb\",\"itemListElement\":[{\"@type\":\"ListItem\",\"position\":1,\"name\":\"Home\",\"item\":\"https:\/\/sandzakpress.net\/arhiva\/\"},{\"@type\":\"ListItem\",\"position\":2,\"name\":\"&#8220;Djelovanje Muftije je veoma \u0161tetno po Srbiju&#8221;\"}]},{\"@type\":\"WebSite\",\"@id\":\"https:\/\/sandzakpress.net\/arhiva\/#website\",\"url\":\"https:\/\/sandzakpress.net\/arhiva\/\",\"name\":\"Sand\u017eak PRESS\",\"description\":\"Prve elektronske novine u Sand\u017eaku\",\"publisher\":{\"@id\":\"https:\/\/sandzakpress.net\/arhiva\/#\/schema\/person\/6e72b67d6e51910a1117b3b483ba20bd\"},\"potentialAction\":[{\"@type\":\"SearchAction\",\"target\":{\"@type\":\"EntryPoint\",\"urlTemplate\":\"https:\/\/sandzakpress.net\/arhiva\/?s={search_term_string}\"},\"query-input\":{\"@type\":\"PropertyValueSpecification\",\"valueRequired\":true,\"valueName\":\"search_term_string\"}}],\"inLanguage\":\"bs-BA\"},{\"@type\":[\"Person\",\"Organization\"],\"@id\":\"https:\/\/sandzakpress.net\/arhiva\/#\/schema\/person\/6e72b67d6e51910a1117b3b483ba20bd\",\"name\":\"Kul\",\"image\":{\"@type\":\"ImageObject\",\"inLanguage\":\"bs-BA\",\"@id\":\"https:\/\/sandzakpress.net\/arhiva\/#\/schema\/person\/image\/\",\"url\":\"https:\/\/secure.gravatar.com\/avatar\/42263f39aa27ac04c43cab85c280eb2e?s=96&d=mm&r=pg\",\"contentUrl\":\"https:\/\/secure.gravatar.com\/avatar\/42263f39aa27ac04c43cab85c280eb2e?s=96&d=mm&r=pg\",\"caption\":\"Kul\"},\"logo\":{\"@id\":\"https:\/\/sandzakpress.net\/arhiva\/#\/schema\/person\/image\/\"}},{\"@type\":\"Person\",\"@id\":\"https:\/\/sandzakpress.net\/arhiva\/#\/schema\/person\/c8baee722073534b583ea7bdb2e36c02\",\"name\":\"bosniak\",\"image\":{\"@type\":\"ImageObject\",\"inLanguage\":\"bs-BA\",\"@id\":\"https:\/\/sandzakpress.net\/arhiva\/#\/schema\/person\/image\/\",\"url\":\"https:\/\/secure.gravatar.com\/avatar\/a04fd330bfe3a36a72a0ad4a6d89fca7?s=96&d=mm&r=pg\",\"contentUrl\":\"https:\/\/secure.gravatar.com\/avatar\/a04fd330bfe3a36a72a0ad4a6d89fca7?s=96&d=mm&r=pg\",\"caption\":\"bosniak\"},\"url\":\"https:\/\/sandzakpress.net\/arhiva\/author\/bosniak\/\"}]}<\/script>\n<!-- \/ Yoast SEO Premium plugin. -->","yoast_head_json":{"title":"\"Djelovanje Muftije je veoma \u0161tetno po Srbiju\"","robots":{"index":"index","follow":"follow","max-snippet":"max-snippet:-1","max-image-preview":"max-image-preview:large","max-video-preview":"max-video-preview:-1"},"canonical":"https:\/\/sandzakpress.net\/arhiva\/djelovanje-muftije-je-veoma-stetno-po-srbiju\/","og_locale":"bs_BA","og_type":"article","og_title":"\"Djelovanje Muftije je veoma \u0161tetno po Srbiju\"","og_description":"Sjeverni Sand\u017eak &#8211; \u010clan Srpske akademije nauka i umjetnosti (SANU) prof. Darko Tanaskovi\u0107, je izjavio da smatra da je djelovanje muftije Muamer ef. Zukorli\u0107a kontraproduktivno iako se sla\u017ee da su vlasti u Srbiji u\u010dinile brojne gre\u0161ke kada je u pitanju bo\u0161nja\u010dko pitanje. Osim toga profesor Tanaskovi\u0107 ne vidi da postoji razlog nezadovoljstva Bo\u0161njaka kao i [&hellip;]","og_url":"https:\/\/sandzakpress.net\/arhiva\/djelovanje-muftije-je-veoma-stetno-po-srbiju\/","og_site_name":"Sand\u017eak PRESS","article_published_time":"2011-03-02T07:24:58+00:00","og_image":[{"width":300,"height":225,"url":"https:\/\/sandzakpress.net\/arhiva\/wp-content\/uploads\/2011\/03\/DarkoTanaskovic300x225.jpg","type":"image\/jpeg"}],"author":"bosniak","twitter_card":"summary_large_image","twitter_misc":{"Written by":"bosniak","Est. reading time":"1 minuta"},"schema":{"@context":"https:\/\/schema.org","@graph":[{"@type":"Article","@id":"https:\/\/sandzakpress.net\/arhiva\/djelovanje-muftije-je-veoma-stetno-po-srbiju\/#article","isPartOf":{"@id":"https:\/\/sandzakpress.net\/arhiva\/djelovanje-muftije-je-veoma-stetno-po-srbiju\/"},"author":{"name":"bosniak","@id":"https:\/\/sandzakpress.net\/arhiva\/#\/schema\/person\/c8baee722073534b583ea7bdb2e36c02"},"headline":"&#8220;Djelovanje Muftije je veoma \u0161tetno po Srbiju&#8221;","datePublished":"2011-03-02T07:24:58+00:00","mainEntityOfPage":{"@id":"https:\/\/sandzakpress.net\/arhiva\/djelovanje-muftije-je-veoma-stetno-po-srbiju\/"},"wordCount":200,"commentCount":8,"publisher":{"@id":"https:\/\/sandzakpress.net\/arhiva\/#\/schema\/person\/6e72b67d6e51910a1117b3b483ba20bd"},"image":{"@id":"https:\/\/sandzakpress.net\/arhiva\/djelovanje-muftije-je-veoma-stetno-po-srbiju\/#primaryimage"},"thumbnailUrl":"https:\/\/sandzakpress.net\/arhiva\/wp-content\/uploads\/2011\/03\/DarkoTanaskovic300x225.jpg","articleSection":["Novi Pazar","Politika","Sjenica","Tutin","Prijepolje","Priboj","Nova Varo\u0161"],"inLanguage":"bs-BA","potentialAction":[{"@type":"CommentAction","name":"Comment","target":["https:\/\/sandzakpress.net\/arhiva\/djelovanje-muftije-je-veoma-stetno-po-srbiju\/#respond"]}]},{"@type":"WebPage","@id":"https:\/\/sandzakpress.net\/arhiva\/djelovanje-muftije-je-veoma-stetno-po-srbiju\/","url":"https:\/\/sandzakpress.net\/arhiva\/djelovanje-muftije-je-veoma-stetno-po-srbiju\/","name":"\"Djelovanje Muftije je veoma \u0161tetno po Srbiju\"","isPartOf":{"@id":"https:\/\/sandzakpress.net\/arhiva\/#website"},"primaryImageOfPage":{"@id":"https:\/\/sandzakpress.net\/arhiva\/djelovanje-muftije-je-veoma-stetno-po-srbiju\/#primaryimage"},"image":{"@id":"https:\/\/sandzakpress.net\/arhiva\/djelovanje-muftije-je-veoma-stetno-po-srbiju\/#primaryimage"},"thumbnailUrl":"https:\/\/sandzakpress.net\/arhiva\/wp-content\/uploads\/2011\/03\/DarkoTanaskovic300x225.jpg","datePublished":"2011-03-02T07:24:58+00:00","breadcrumb":{"@id":"https:\/\/sandzakpress.net\/arhiva\/djelovanje-muftije-je-veoma-stetno-po-srbiju\/#breadcrumb"},"inLanguage":"bs-BA","potentialAction":[{"@type":"ReadAction","target":["https:\/\/sandzakpress.net\/arhiva\/djelovanje-muftije-je-veoma-stetno-po-srbiju\/"]}]},{"@type":"ImageObject","inLanguage":"bs-BA","@id":"https:\/\/sandzakpress.net\/arhiva\/djelovanje-muftije-je-veoma-stetno-po-srbiju\/#primaryimage","url":"https:\/\/sandzakpress.net\/arhiva\/wp-content\/uploads\/2011\/03\/DarkoTanaskovic300x225.jpg","contentUrl":"https:\/\/sandzakpress.net\/arhiva\/wp-content\/uploads\/2011\/03\/DarkoTanaskovic300x225.jpg","width":300,"height":225},{"@type":"BreadcrumbList","@id":"https:\/\/sandzakpress.net\/arhiva\/djelovanje-muftije-je-veoma-stetno-po-srbiju\/#breadcrumb","itemListElement":[{"@type":"ListItem","position":1,"name":"Home","item":"https:\/\/sandzakpress.net\/arhiva\/"},{"@type":"ListItem","position":2,"name":"&#8220;Djelovanje Muftije je veoma \u0161tetno po Srbiju&#8221;"}]},{"@type":"WebSite","@id":"https:\/\/sandzakpress.net\/arhiva\/#website","url":"https:\/\/sandzakpress.net\/arhiva\/","name":"Sand\u017eak PRESS","description":"Prve elektronske novine u Sand\u017eaku","publisher":{"@id":"https:\/\/sandzakpress.net\/arhiva\/#\/schema\/person\/6e72b67d6e51910a1117b3b483ba20bd"},"potentialAction":[{"@type":"SearchAction","target":{"@type":"EntryPoint","urlTemplate":"https:\/\/sandzakpress.net\/arhiva\/?s={search_term_string}"},"query-input":{"@type":"PropertyValueSpecification","valueRequired":true,"valueName":"search_term_string"}}],"inLanguage":"bs-BA"},{"@type":["Person","Organization"],"@id":"https:\/\/sandzakpress.net\/arhiva\/#\/schema\/person\/6e72b67d6e51910a1117b3b483ba20bd","name":"Kul","image":{"@type":"ImageObject","inLanguage":"bs-BA","@id":"https:\/\/sandzakpress.net\/arhiva\/#\/schema\/person\/image\/","url":"https:\/\/secure.gravatar.com\/avatar\/42263f39aa27ac04c43cab85c280eb2e?s=96&d=mm&r=pg","contentUrl":"https:\/\/secure.gravatar.com\/avatar\/42263f39aa27ac04c43cab85c280eb2e?s=96&d=mm&r=pg","caption":"Kul"},"logo":{"@id":"https:\/\/sandzakpress.net\/arhiva\/#\/schema\/person\/image\/"}},{"@type":"Person","@id":"https:\/\/sandzakpress.net\/arhiva\/#\/schema\/person\/c8baee722073534b583ea7bdb2e36c02","name":"bosniak","image":{"@type":"ImageObject","inLanguage":"bs-BA","@id":"https:\/\/sandzakpress.net\/arhiva\/#\/schema\/person\/image\/","url":"https:\/\/secure.gravatar.com\/avatar\/a04fd330bfe3a36a72a0ad4a6d89fca7?s=96&d=mm&r=pg","contentUrl":"https:\/\/secure.gravatar.com\/avatar\/a04fd330bfe3a36a72a0ad4a6d89fca7?s=96&d=mm&r=pg","caption":"bosniak"},"url":"https:\/\/sandzakpress.net\/arhiva\/author\/bosniak\/"}]}},"_links":{"self":[{"href":"https:\/\/sandzakpress.net\/arhiva\/wp-json\/wp\/v2\/posts\/13340"}],"collection":[{"href":"https:\/\/sandzakpress.net\/arhiva\/wp-json\/wp\/v2\/posts"}],"about":[{"href":"https:\/\/sandzakpress.net\/arhiva\/wp-json\/wp\/v2\/types\/post"}],"author":[{"embeddable":true,"href":"https:\/\/sandzakpress.net\/arhiva\/wp-json\/wp\/v2\/users\/83"}],"replies":[{"embeddable":true,"href":"https:\/\/sandzakpress.net\/arhiva\/wp-json\/wp\/v2\/comments?post=13340"}],"version-history":[{"count":0,"href":"https:\/\/sandzakpress.net\/arhiva\/wp-json\/wp\/v2\/posts\/13340\/revisions"}],"wp:featuredmedia":[{"embeddable":true,"href":"https:\/\/sandzakpress.net\/arhiva\/wp-json\/wp\/v2\/media\/13341"}],"wp:attachment":[{"href":"https:\/\/sandzakpress.net\/arhiva\/wp-json\/wp\/v2\/media?parent=13340"}],"wp:term":[{"taxonomy":"category","embeddable":true,"href":"https:\/\/sandzakpress.net\/arhiva\/wp-json\/wp\/v2\/categories?post=13340"},{"taxonomy":"post_tag","embeddable":true,"href":"https:\/\/sandzakpress.net\/arhiva\/wp-json\/wp\/v2\/tags?post=13340"}],"curies":[{"name":"wp","href":"https:\/\/api.w.org\/{rel}","templated":true}]}}