{"id":133391,"date":"2015-08-12T15:24:09","date_gmt":"2015-08-12T13:24:09","guid":{"rendered":"https:\/\/sandzakpress.net\/arhiva\/?p=133391"},"modified":"2015-08-12T15:24:39","modified_gmt":"2015-08-12T13:24:39","slug":"ugljanin-osudio-izjavu-udruzenja-turaka-a-podrzao-izjavu-ambasadora-turske","status":"publish","type":"post","link":"https:\/\/sandzakpress.net\/arhiva\/ugljanin-osudio-izjavu-udruzenja-turaka-a-podrzao-izjavu-ambasadora-turske\/","title":{"rendered":"Ugljanin osudio izjavu Udru\u017eenja Turaka, a podr\u017eao izjavu ambasadora Turske"},"content":{"rendered":"<p><img decoding=\"async\" src=\"http:\/\/www.alo.rs\/resources\/images\/0000\/004\/384\/10_1000x0.jpg\" alt=\"Do ju\u010de bio ministar Vlade Srbije: Sulejman Ugljanin\" \/><\/p>\n<p><strong>Sand\u017eak &#8211; Povodom dezinformacija koje \u0161iri Udru\u017eenje Turaka u Srbiji, informativna slu\u017eba Bo\u0161nja\u010dkog nacionalnog vije\u0107a izdala je sljede\u0107e saop\u0107enje za javnost:<\/strong><\/p>\n<p>U vezi sa pozivom Udru\u017eenja Turaka u Srbiji upu\u0107enom Bo\u0161njacima da se upisuju kao Turci da bi formirali tursku nacionalnu manjinu, pozdravljamo izjavu ambasadora Turske u Srbiji Mehmeta Kemala Bozaja, koju je objavio dnevni list \u201cDanas\u201d 10. 08. 2015, da, kao i politi\u010dke odnose, ekonomske i kulturne odnose izme\u0111u Turske i Srbije defini\u0161u dr\u017eavne institucije i zvani\u010dnici.<\/p>\n<p>Davanje zvani\u010dnih izjava i procena i odre\u0111ivanje perspektive odnosa izme\u0111u Turske i Srbije na polju politike, privrede, kulture i obrazovanja je u isklju\u010divoj nadle\u017enosti dr\u017eavnih organa Turske i Srbije. Stoga, sva pravna i fizi\u010dka lica treba da rade u okviru svojih funkcija i ovla\u0161\u0107enja i da se uzdr\u017ee od davanja izjava koje se mogu pogre\u0161no protuma\u010diti.<\/p>\n<p>Informativna slu\u017eba BNV<\/p>\n<h3 class=\"cb-entry-title cb-single-title\"><a href=\"https:\/\/sandzakpress.net\/arhiva\/sahovic-turska-nece-ulagati-u-sandzak-ako-se-ne-budemo-izjasnjavali-kao-turci\">Udru\u017eenje Turaka\u2013 Turska ne\u0107e ulagati u Sand\u017eak ako se ne budemo izja\u0161njavali kao Turci!<\/a><\/h3>\n<p>&nbsp;<\/p>\n<h3 class=\"cb-entry-title cb-single-title\"><a href=\"https:\/\/sandzakpress.net\/arhiva\/ambasador-turske-u-srbiji-podrzao-inicijativu-da-se-bosnjaci-sandzaka-izjasnjavaju-kao-turci\">Ambasador Turske u Srbiji podr\u017eao inicijativu Udru\u017eenja Turaka!<\/a><\/h3>\n<p>&nbsp;<\/p>\n<p>&nbsp;<\/p>\n","protected":false},"excerpt":{"rendered":"<p>Sand\u017eak &#8211; Povodom dezinformacija koje \u0161iri Udru\u017eenje Turaka u Srbiji, informativna slu\u017eba Bo\u0161nja\u010dkog nacionalnog vije\u0107a izdala je sljede\u0107e saop\u0107enje za javnost: U vezi sa pozivom Udru\u017eenja Turaka u Srbiji upu\u0107enom Bo\u0161njacima da se upisuju kao Turci da bi formirali tursku nacionalnu manjinu, pozdravljamo izjavu ambasadora Turske u Srbiji Mehmeta Kemala Bozaja, koju je objavio dnevni [&hellip;]<\/p>\n","protected":false},"author":83,"featured_media":133392,"comment_status":"open","ping_status":"open","sticky":false,"template":"","format":"standard","meta":{"footnotes":""},"categories":[72,1,52,327,8957],"tags":[10255],"class_list":{"0":"post-133391","1":"post","2":"type-post","3":"status-publish","4":"format-standard","5":"has-post-thumbnail","7":"category-novi-pazar","8":"category-politika","9":"category-sjenica","10":"category-tutin","11":"category-vijesti-dana","12":"tag-sda"},"yoast_head":"<!-- This site is optimized with the Yoast SEO Premium plugin v23.1 (Yoast SEO v24.9) - https:\/\/yoast.com\/wordpress\/plugins\/seo\/ -->\n<title>Ugljanin osudio izjavu Udru\u017eenja Turaka, a podr\u017eao izjavu ambasadora Turske<\/title>\n<meta name=\"robots\" content=\"index, follow, max-snippet:-1, max-image-preview:large, max-video-preview:-1\" \/>\n<link rel=\"canonical\" href=\"https:\/\/sandzakpress.net\/arhiva\/ugljanin-osudio-izjavu-udruzenja-turaka-a-podrzao-izjavu-ambasadora-turske\/\" \/>\n<meta property=\"og:locale\" content=\"bs_BA\" \/>\n<meta property=\"og:type\" content=\"article\" \/>\n<meta property=\"og:title\" content=\"Ugljanin osudio izjavu Udru\u017eenja Turaka, a podr\u017eao izjavu ambasadora Turske\" \/>\n<meta property=\"og:description\" content=\"Sand\u017eak &#8211; Povodom dezinformacija koje \u0161iri Udru\u017eenje Turaka u Srbiji, informativna slu\u017eba Bo\u0161nja\u010dkog nacionalnog vije\u0107a izdala je sljede\u0107e saop\u0107enje za javnost: U vezi sa pozivom Udru\u017eenja Turaka u Srbiji upu\u0107enom Bo\u0161njacima da se upisuju kao Turci da bi formirali tursku nacionalnu manjinu, pozdravljamo izjavu ambasadora Turske u Srbiji Mehmeta Kemala Bozaja, koju je objavio dnevni [&hellip;]\" \/>\n<meta property=\"og:url\" content=\"https:\/\/sandzakpress.net\/arhiva\/ugljanin-osudio-izjavu-udruzenja-turaka-a-podrzao-izjavu-ambasadora-turske\/\" \/>\n<meta property=\"og:site_name\" content=\"Sand\u017eak PRESS\" \/>\n<meta property=\"article:published_time\" content=\"2015-08-12T13:24:09+00:00\" \/>\n<meta property=\"article:modified_time\" content=\"2015-08-12T13:24:39+00:00\" \/>\n<meta property=\"og:image\" content=\"https:\/\/sandzakpress.net\/arhiva\/wp-content\/uploads\/2015\/08\/10_1000x0.jpg\" \/>\n\t<meta property=\"og:image:width\" content=\"1000\" \/>\n\t<meta property=\"og:image:height\" content=\"650\" \/>\n\t<meta property=\"og:image:type\" content=\"image\/jpeg\" \/>\n<meta name=\"author\" content=\"bosniak\" \/>\n<meta name=\"twitter:card\" content=\"summary_large_image\" \/>\n<meta name=\"twitter:label1\" content=\"Written by\" \/>\n\t<meta name=\"twitter:data1\" content=\"bosniak\" \/>\n\t<meta name=\"twitter:label2\" content=\"Est. reading time\" \/>\n\t<meta name=\"twitter:data2\" content=\"1 minuta\" \/>\n<script type=\"application\/ld+json\" class=\"yoast-schema-graph\">{\"@context\":\"https:\/\/schema.org\",\"@graph\":[{\"@type\":\"Article\",\"@id\":\"https:\/\/sandzakpress.net\/arhiva\/ugljanin-osudio-izjavu-udruzenja-turaka-a-podrzao-izjavu-ambasadora-turske\/#article\",\"isPartOf\":{\"@id\":\"https:\/\/sandzakpress.net\/arhiva\/ugljanin-osudio-izjavu-udruzenja-turaka-a-podrzao-izjavu-ambasadora-turske\/\"},\"author\":{\"name\":\"bosniak\",\"@id\":\"https:\/\/sandzakpress.net\/arhiva\/#\/schema\/person\/c8baee722073534b583ea7bdb2e36c02\"},\"headline\":\"Ugljanin osudio izjavu Udru\u017eenja Turaka, a podr\u017eao izjavu ambasadora Turske\",\"datePublished\":\"2015-08-12T13:24:09+00:00\",\"dateModified\":\"2015-08-12T13:24:39+00:00\",\"mainEntityOfPage\":{\"@id\":\"https:\/\/sandzakpress.net\/arhiva\/ugljanin-osudio-izjavu-udruzenja-turaka-a-podrzao-izjavu-ambasadora-turske\/\"},\"wordCount\":205,\"commentCount\":10,\"publisher\":{\"@id\":\"https:\/\/sandzakpress.net\/arhiva\/#\/schema\/person\/6e72b67d6e51910a1117b3b483ba20bd\"},\"image\":{\"@id\":\"https:\/\/sandzakpress.net\/arhiva\/ugljanin-osudio-izjavu-udruzenja-turaka-a-podrzao-izjavu-ambasadora-turske\/#primaryimage\"},\"thumbnailUrl\":\"https:\/\/sandzakpress.net\/arhiva\/wp-content\/uploads\/2015\/08\/10_1000x0.jpg\",\"keywords\":[\"SDA\"],\"articleSection\":[\"Novi Pazar\",\"Politika\",\"Sjenica\",\"Tutin\",\"VIJESTI DANA\"],\"inLanguage\":\"bs-BA\",\"potentialAction\":[{\"@type\":\"CommentAction\",\"name\":\"Comment\",\"target\":[\"https:\/\/sandzakpress.net\/arhiva\/ugljanin-osudio-izjavu-udruzenja-turaka-a-podrzao-izjavu-ambasadora-turske\/#respond\"]}]},{\"@type\":\"WebPage\",\"@id\":\"https:\/\/sandzakpress.net\/arhiva\/ugljanin-osudio-izjavu-udruzenja-turaka-a-podrzao-izjavu-ambasadora-turske\/\",\"url\":\"https:\/\/sandzakpress.net\/arhiva\/ugljanin-osudio-izjavu-udruzenja-turaka-a-podrzao-izjavu-ambasadora-turske\/\",\"name\":\"Ugljanin osudio izjavu Udru\u017eenja Turaka, a podr\u017eao izjavu ambasadora Turske\",\"isPartOf\":{\"@id\":\"https:\/\/sandzakpress.net\/arhiva\/#website\"},\"primaryImageOfPage\":{\"@id\":\"https:\/\/sandzakpress.net\/arhiva\/ugljanin-osudio-izjavu-udruzenja-turaka-a-podrzao-izjavu-ambasadora-turske\/#primaryimage\"},\"image\":{\"@id\":\"https:\/\/sandzakpress.net\/arhiva\/ugljanin-osudio-izjavu-udruzenja-turaka-a-podrzao-izjavu-ambasadora-turske\/#primaryimage\"},\"thumbnailUrl\":\"https:\/\/sandzakpress.net\/arhiva\/wp-content\/uploads\/2015\/08\/10_1000x0.jpg\",\"datePublished\":\"2015-08-12T13:24:09+00:00\",\"dateModified\":\"2015-08-12T13:24:39+00:00\",\"breadcrumb\":{\"@id\":\"https:\/\/sandzakpress.net\/arhiva\/ugljanin-osudio-izjavu-udruzenja-turaka-a-podrzao-izjavu-ambasadora-turske\/#breadcrumb\"},\"inLanguage\":\"bs-BA\",\"potentialAction\":[{\"@type\":\"ReadAction\",\"target\":[\"https:\/\/sandzakpress.net\/arhiva\/ugljanin-osudio-izjavu-udruzenja-turaka-a-podrzao-izjavu-ambasadora-turske\/\"]}]},{\"@type\":\"ImageObject\",\"inLanguage\":\"bs-BA\",\"@id\":\"https:\/\/sandzakpress.net\/arhiva\/ugljanin-osudio-izjavu-udruzenja-turaka-a-podrzao-izjavu-ambasadora-turske\/#primaryimage\",\"url\":\"https:\/\/sandzakpress.net\/arhiva\/wp-content\/uploads\/2015\/08\/10_1000x0.jpg\",\"contentUrl\":\"https:\/\/sandzakpress.net\/arhiva\/wp-content\/uploads\/2015\/08\/10_1000x0.jpg\",\"width\":1000,\"height\":650},{\"@type\":\"BreadcrumbList\",\"@id\":\"https:\/\/sandzakpress.net\/arhiva\/ugljanin-osudio-izjavu-udruzenja-turaka-a-podrzao-izjavu-ambasadora-turske\/#breadcrumb\",\"itemListElement\":[{\"@type\":\"ListItem\",\"position\":1,\"name\":\"Home\",\"item\":\"https:\/\/sandzakpress.net\/arhiva\/\"},{\"@type\":\"ListItem\",\"position\":2,\"name\":\"Ugljanin osudio izjavu Udru\u017eenja Turaka, a podr\u017eao izjavu ambasadora Turske\"}]},{\"@type\":\"WebSite\",\"@id\":\"https:\/\/sandzakpress.net\/arhiva\/#website\",\"url\":\"https:\/\/sandzakpress.net\/arhiva\/\",\"name\":\"Sand\u017eak PRESS\",\"description\":\"Prve elektronske novine u Sand\u017eaku\",\"publisher\":{\"@id\":\"https:\/\/sandzakpress.net\/arhiva\/#\/schema\/person\/6e72b67d6e51910a1117b3b483ba20bd\"},\"potentialAction\":[{\"@type\":\"SearchAction\",\"target\":{\"@type\":\"EntryPoint\",\"urlTemplate\":\"https:\/\/sandzakpress.net\/arhiva\/?s={search_term_string}\"},\"query-input\":{\"@type\":\"PropertyValueSpecification\",\"valueRequired\":true,\"valueName\":\"search_term_string\"}}],\"inLanguage\":\"bs-BA\"},{\"@type\":[\"Person\",\"Organization\"],\"@id\":\"https:\/\/sandzakpress.net\/arhiva\/#\/schema\/person\/6e72b67d6e51910a1117b3b483ba20bd\",\"name\":\"Kul\",\"image\":{\"@type\":\"ImageObject\",\"inLanguage\":\"bs-BA\",\"@id\":\"https:\/\/sandzakpress.net\/arhiva\/#\/schema\/person\/image\/\",\"url\":\"https:\/\/secure.gravatar.com\/avatar\/42263f39aa27ac04c43cab85c280eb2e?s=96&d=mm&r=pg\",\"contentUrl\":\"https:\/\/secure.gravatar.com\/avatar\/42263f39aa27ac04c43cab85c280eb2e?s=96&d=mm&r=pg\",\"caption\":\"Kul\"},\"logo\":{\"@id\":\"https:\/\/sandzakpress.net\/arhiva\/#\/schema\/person\/image\/\"}},{\"@type\":\"Person\",\"@id\":\"https:\/\/sandzakpress.net\/arhiva\/#\/schema\/person\/c8baee722073534b583ea7bdb2e36c02\",\"name\":\"bosniak\",\"image\":{\"@type\":\"ImageObject\",\"inLanguage\":\"bs-BA\",\"@id\":\"https:\/\/sandzakpress.net\/arhiva\/#\/schema\/person\/image\/\",\"url\":\"https:\/\/secure.gravatar.com\/avatar\/a04fd330bfe3a36a72a0ad4a6d89fca7?s=96&d=mm&r=pg\",\"contentUrl\":\"https:\/\/secure.gravatar.com\/avatar\/a04fd330bfe3a36a72a0ad4a6d89fca7?s=96&d=mm&r=pg\",\"caption\":\"bosniak\"},\"url\":\"https:\/\/sandzakpress.net\/arhiva\/author\/bosniak\/\"}]}<\/script>\n<!-- \/ Yoast SEO Premium plugin. -->","yoast_head_json":{"title":"Ugljanin osudio izjavu Udru\u017eenja Turaka, a podr\u017eao izjavu ambasadora Turske","robots":{"index":"index","follow":"follow","max-snippet":"max-snippet:-1","max-image-preview":"max-image-preview:large","max-video-preview":"max-video-preview:-1"},"canonical":"https:\/\/sandzakpress.net\/arhiva\/ugljanin-osudio-izjavu-udruzenja-turaka-a-podrzao-izjavu-ambasadora-turske\/","og_locale":"bs_BA","og_type":"article","og_title":"Ugljanin osudio izjavu Udru\u017eenja Turaka, a podr\u017eao izjavu ambasadora Turske","og_description":"Sand\u017eak &#8211; Povodom dezinformacija koje \u0161iri Udru\u017eenje Turaka u Srbiji, informativna slu\u017eba Bo\u0161nja\u010dkog nacionalnog vije\u0107a izdala je sljede\u0107e saop\u0107enje za javnost: U vezi sa pozivom Udru\u017eenja Turaka u Srbiji upu\u0107enom Bo\u0161njacima da se upisuju kao Turci da bi formirali tursku nacionalnu manjinu, pozdravljamo izjavu ambasadora Turske u Srbiji Mehmeta Kemala Bozaja, koju je objavio dnevni [&hellip;]","og_url":"https:\/\/sandzakpress.net\/arhiva\/ugljanin-osudio-izjavu-udruzenja-turaka-a-podrzao-izjavu-ambasadora-turske\/","og_site_name":"Sand\u017eak PRESS","article_published_time":"2015-08-12T13:24:09+00:00","article_modified_time":"2015-08-12T13:24:39+00:00","og_image":[{"width":1000,"height":650,"url":"https:\/\/sandzakpress.net\/arhiva\/wp-content\/uploads\/2015\/08\/10_1000x0.jpg","type":"image\/jpeg"}],"author":"bosniak","twitter_card":"summary_large_image","twitter_misc":{"Written by":"bosniak","Est. reading time":"1 minuta"},"schema":{"@context":"https:\/\/schema.org","@graph":[{"@type":"Article","@id":"https:\/\/sandzakpress.net\/arhiva\/ugljanin-osudio-izjavu-udruzenja-turaka-a-podrzao-izjavu-ambasadora-turske\/#article","isPartOf":{"@id":"https:\/\/sandzakpress.net\/arhiva\/ugljanin-osudio-izjavu-udruzenja-turaka-a-podrzao-izjavu-ambasadora-turske\/"},"author":{"name":"bosniak","@id":"https:\/\/sandzakpress.net\/arhiva\/#\/schema\/person\/c8baee722073534b583ea7bdb2e36c02"},"headline":"Ugljanin osudio izjavu Udru\u017eenja Turaka, a podr\u017eao izjavu ambasadora Turske","datePublished":"2015-08-12T13:24:09+00:00","dateModified":"2015-08-12T13:24:39+00:00","mainEntityOfPage":{"@id":"https:\/\/sandzakpress.net\/arhiva\/ugljanin-osudio-izjavu-udruzenja-turaka-a-podrzao-izjavu-ambasadora-turske\/"},"wordCount":205,"commentCount":10,"publisher":{"@id":"https:\/\/sandzakpress.net\/arhiva\/#\/schema\/person\/6e72b67d6e51910a1117b3b483ba20bd"},"image":{"@id":"https:\/\/sandzakpress.net\/arhiva\/ugljanin-osudio-izjavu-udruzenja-turaka-a-podrzao-izjavu-ambasadora-turske\/#primaryimage"},"thumbnailUrl":"https:\/\/sandzakpress.net\/arhiva\/wp-content\/uploads\/2015\/08\/10_1000x0.jpg","keywords":["SDA"],"articleSection":["Novi Pazar","Politika","Sjenica","Tutin","VIJESTI DANA"],"inLanguage":"bs-BA","potentialAction":[{"@type":"CommentAction","name":"Comment","target":["https:\/\/sandzakpress.net\/arhiva\/ugljanin-osudio-izjavu-udruzenja-turaka-a-podrzao-izjavu-ambasadora-turske\/#respond"]}]},{"@type":"WebPage","@id":"https:\/\/sandzakpress.net\/arhiva\/ugljanin-osudio-izjavu-udruzenja-turaka-a-podrzao-izjavu-ambasadora-turske\/","url":"https:\/\/sandzakpress.net\/arhiva\/ugljanin-osudio-izjavu-udruzenja-turaka-a-podrzao-izjavu-ambasadora-turske\/","name":"Ugljanin osudio izjavu Udru\u017eenja Turaka, a podr\u017eao izjavu ambasadora Turske","isPartOf":{"@id":"https:\/\/sandzakpress.net\/arhiva\/#website"},"primaryImageOfPage":{"@id":"https:\/\/sandzakpress.net\/arhiva\/ugljanin-osudio-izjavu-udruzenja-turaka-a-podrzao-izjavu-ambasadora-turske\/#primaryimage"},"image":{"@id":"https:\/\/sandzakpress.net\/arhiva\/ugljanin-osudio-izjavu-udruzenja-turaka-a-podrzao-izjavu-ambasadora-turske\/#primaryimage"},"thumbnailUrl":"https:\/\/sandzakpress.net\/arhiva\/wp-content\/uploads\/2015\/08\/10_1000x0.jpg","datePublished":"2015-08-12T13:24:09+00:00","dateModified":"2015-08-12T13:24:39+00:00","breadcrumb":{"@id":"https:\/\/sandzakpress.net\/arhiva\/ugljanin-osudio-izjavu-udruzenja-turaka-a-podrzao-izjavu-ambasadora-turske\/#breadcrumb"},"inLanguage":"bs-BA","potentialAction":[{"@type":"ReadAction","target":["https:\/\/sandzakpress.net\/arhiva\/ugljanin-osudio-izjavu-udruzenja-turaka-a-podrzao-izjavu-ambasadora-turske\/"]}]},{"@type":"ImageObject","inLanguage":"bs-BA","@id":"https:\/\/sandzakpress.net\/arhiva\/ugljanin-osudio-izjavu-udruzenja-turaka-a-podrzao-izjavu-ambasadora-turske\/#primaryimage","url":"https:\/\/sandzakpress.net\/arhiva\/wp-content\/uploads\/2015\/08\/10_1000x0.jpg","contentUrl":"https:\/\/sandzakpress.net\/arhiva\/wp-content\/uploads\/2015\/08\/10_1000x0.jpg","width":1000,"height":650},{"@type":"BreadcrumbList","@id":"https:\/\/sandzakpress.net\/arhiva\/ugljanin-osudio-izjavu-udruzenja-turaka-a-podrzao-izjavu-ambasadora-turske\/#breadcrumb","itemListElement":[{"@type":"ListItem","position":1,"name":"Home","item":"https:\/\/sandzakpress.net\/arhiva\/"},{"@type":"ListItem","position":2,"name":"Ugljanin osudio izjavu Udru\u017eenja Turaka, a podr\u017eao izjavu ambasadora Turske"}]},{"@type":"WebSite","@id":"https:\/\/sandzakpress.net\/arhiva\/#website","url":"https:\/\/sandzakpress.net\/arhiva\/","name":"Sand\u017eak PRESS","description":"Prve elektronske novine u Sand\u017eaku","publisher":{"@id":"https:\/\/sandzakpress.net\/arhiva\/#\/schema\/person\/6e72b67d6e51910a1117b3b483ba20bd"},"potentialAction":[{"@type":"SearchAction","target":{"@type":"EntryPoint","urlTemplate":"https:\/\/sandzakpress.net\/arhiva\/?s={search_term_string}"},"query-input":{"@type":"PropertyValueSpecification","valueRequired":true,"valueName":"search_term_string"}}],"inLanguage":"bs-BA"},{"@type":["Person","Organization"],"@id":"https:\/\/sandzakpress.net\/arhiva\/#\/schema\/person\/6e72b67d6e51910a1117b3b483ba20bd","name":"Kul","image":{"@type":"ImageObject","inLanguage":"bs-BA","@id":"https:\/\/sandzakpress.net\/arhiva\/#\/schema\/person\/image\/","url":"https:\/\/secure.gravatar.com\/avatar\/42263f39aa27ac04c43cab85c280eb2e?s=96&d=mm&r=pg","contentUrl":"https:\/\/secure.gravatar.com\/avatar\/42263f39aa27ac04c43cab85c280eb2e?s=96&d=mm&r=pg","caption":"Kul"},"logo":{"@id":"https:\/\/sandzakpress.net\/arhiva\/#\/schema\/person\/image\/"}},{"@type":"Person","@id":"https:\/\/sandzakpress.net\/arhiva\/#\/schema\/person\/c8baee722073534b583ea7bdb2e36c02","name":"bosniak","image":{"@type":"ImageObject","inLanguage":"bs-BA","@id":"https:\/\/sandzakpress.net\/arhiva\/#\/schema\/person\/image\/","url":"https:\/\/secure.gravatar.com\/avatar\/a04fd330bfe3a36a72a0ad4a6d89fca7?s=96&d=mm&r=pg","contentUrl":"https:\/\/secure.gravatar.com\/avatar\/a04fd330bfe3a36a72a0ad4a6d89fca7?s=96&d=mm&r=pg","caption":"bosniak"},"url":"https:\/\/sandzakpress.net\/arhiva\/author\/bosniak\/"}]}},"_links":{"self":[{"href":"https:\/\/sandzakpress.net\/arhiva\/wp-json\/wp\/v2\/posts\/133391"}],"collection":[{"href":"https:\/\/sandzakpress.net\/arhiva\/wp-json\/wp\/v2\/posts"}],"about":[{"href":"https:\/\/sandzakpress.net\/arhiva\/wp-json\/wp\/v2\/types\/post"}],"author":[{"embeddable":true,"href":"https:\/\/sandzakpress.net\/arhiva\/wp-json\/wp\/v2\/users\/83"}],"replies":[{"embeddable":true,"href":"https:\/\/sandzakpress.net\/arhiva\/wp-json\/wp\/v2\/comments?post=133391"}],"version-history":[{"count":0,"href":"https:\/\/sandzakpress.net\/arhiva\/wp-json\/wp\/v2\/posts\/133391\/revisions"}],"wp:featuredmedia":[{"embeddable":true,"href":"https:\/\/sandzakpress.net\/arhiva\/wp-json\/wp\/v2\/media\/133392"}],"wp:attachment":[{"href":"https:\/\/sandzakpress.net\/arhiva\/wp-json\/wp\/v2\/media?parent=133391"}],"wp:term":[{"taxonomy":"category","embeddable":true,"href":"https:\/\/sandzakpress.net\/arhiva\/wp-json\/wp\/v2\/categories?post=133391"},{"taxonomy":"post_tag","embeddable":true,"href":"https:\/\/sandzakpress.net\/arhiva\/wp-json\/wp\/v2\/tags?post=133391"}],"curies":[{"name":"wp","href":"https:\/\/api.w.org\/{rel}","templated":true}]}}