{"id":133150,"date":"2015-08-10T14:44:05","date_gmt":"2015-08-10T12:44:05","guid":{"rendered":"https:\/\/sandzakpress.net\/arhiva\/?p=133150"},"modified":"2015-08-10T14:44:05","modified_gmt":"2015-08-10T12:44:05","slug":"treci-strani-jezik-na-fakultetu-za-islamske-studije","status":"publish","type":"post","link":"https:\/\/sandzakpress.net\/arhiva\/treci-strani-jezik-na-fakultetu-za-islamske-studije\/","title":{"rendered":"Tre\u0107i strani jezik na Fakultetu za islamske studije"},"content":{"rendered":"<div><strong><img loading=\"lazy\" decoding=\"async\" class=\"aligncenter size-full wp-image-49017\" src=\"https:\/\/sandzakpress.net\/arhiva\/wp-content\/uploads\/2012\/08\/fis-srce-pazara.jpg\" alt=\"fis-srce-pazara\" width=\"572\" height=\"316\" \/>Novi Pazar &#8211; Odlukom Nastavni\u010dkog vije\u0107a od ove akademske godine na Fakultetu za islamske studije \u0107e se izu\u010davati i njema\u010dki jezik.<\/strong><\/div>\n<div><strong>\u00a0<\/strong><\/div>\n<div>Interesovanje na\u0161ih studenata i \u017eelja da svoje znanje nadograde sa jo\u0161 jednim stranim jezikom predstavlja upravi Fakulteta obavezu da iza\u0111e u susret i svojim studentima i omogu\u0107imo poha\u0111anje pomenutog stranog jezika. Tako da od ove akademske 2015\/16 na\u0161i studenti \u0107e izu\u010davati pored arapskog, englesko i nema\u010dki jezik.<\/div>\n<div>\u00a0<\/div>\n<div>Kao i uvijek tako i u budu\u0107e, Fakultet za islamske studije \u0107e izlaziti u susret svim zahtjevima na\u0161ih studenata a u cilju unapre\u0111enja studija.<\/div>\n<div>\u00a0<\/div>\n<div>SANA<\/div>\n","protected":false},"excerpt":{"rendered":"<p>Novi Pazar &#8211; Odlukom Nastavni\u010dkog vije\u0107a od ove akademske godine na Fakultetu za islamske studije \u0107e se izu\u010davati i njema\u010dki jezik. \u00a0 Interesovanje na\u0161ih studenata i \u017eelja da svoje znanje nadograde sa jo\u0161 jednim stranim jezikom predstavlja upravi Fakulteta obavezu da iza\u0111e u susret i svojim studentima i omogu\u0107imo poha\u0111anje pomenutog stranog jezika. Tako da [&hellip;]<\/p>\n","protected":false},"author":83,"featured_media":49017,"comment_status":"open","ping_status":"open","sticky":false,"template":"","format":"standard","meta":{"footnotes":""},"categories":[72,4],"tags":[],"class_list":{"0":"post-133150","1":"post","2":"type-post","3":"status-publish","4":"format-standard","5":"has-post-thumbnail","7":"category-novi-pazar","8":"category-obrazovanje"},"yoast_head":"<!-- This site is optimized with the Yoast SEO Premium plugin v23.1 (Yoast SEO v24.9) - https:\/\/yoast.com\/wordpress\/plugins\/seo\/ -->\n<title>Tre\u0107i strani jezik na Fakultetu za islamske studije<\/title>\n<meta name=\"robots\" content=\"index, follow, max-snippet:-1, max-image-preview:large, max-video-preview:-1\" \/>\n<link rel=\"canonical\" href=\"https:\/\/sandzakpress.net\/arhiva\/treci-strani-jezik-na-fakultetu-za-islamske-studije\/\" \/>\n<meta property=\"og:locale\" content=\"bs_BA\" \/>\n<meta property=\"og:type\" content=\"article\" \/>\n<meta property=\"og:title\" content=\"Tre\u0107i strani jezik na Fakultetu za islamske studije\" \/>\n<meta property=\"og:description\" content=\"Novi Pazar &#8211; Odlukom Nastavni\u010dkog vije\u0107a od ove akademske godine na Fakultetu za islamske studije \u0107e se izu\u010davati i njema\u010dki jezik. \u00a0 Interesovanje na\u0161ih studenata i \u017eelja da svoje znanje nadograde sa jo\u0161 jednim stranim jezikom predstavlja upravi Fakulteta obavezu da iza\u0111e u susret i svojim studentima i omogu\u0107imo poha\u0111anje pomenutog stranog jezika. Tako da [&hellip;]\" \/>\n<meta property=\"og:url\" content=\"https:\/\/sandzakpress.net\/arhiva\/treci-strani-jezik-na-fakultetu-za-islamske-studije\/\" \/>\n<meta property=\"og:site_name\" content=\"Sand\u017eak PRESS\" \/>\n<meta property=\"article:published_time\" content=\"2015-08-10T12:44:05+00:00\" \/>\n<meta property=\"og:image\" content=\"https:\/\/sandzakpress.net\/arhiva\/wp-content\/uploads\/2012\/08\/fis-srce-pazara.jpg\" \/>\n\t<meta property=\"og:image:width\" content=\"572\" \/>\n\t<meta property=\"og:image:height\" content=\"316\" \/>\n\t<meta property=\"og:image:type\" content=\"image\/jpeg\" \/>\n<meta name=\"author\" content=\"bosniak\" \/>\n<meta name=\"twitter:card\" content=\"summary_large_image\" \/>\n<meta name=\"twitter:label1\" content=\"Written by\" \/>\n\t<meta name=\"twitter:data1\" content=\"bosniak\" \/>\n\t<meta name=\"twitter:label2\" content=\"Est. reading time\" \/>\n\t<meta name=\"twitter:data2\" content=\"1 minuta\" \/>\n<script type=\"application\/ld+json\" class=\"yoast-schema-graph\">{\"@context\":\"https:\/\/schema.org\",\"@graph\":[{\"@type\":\"Article\",\"@id\":\"https:\/\/sandzakpress.net\/arhiva\/treci-strani-jezik-na-fakultetu-za-islamske-studije\/#article\",\"isPartOf\":{\"@id\":\"https:\/\/sandzakpress.net\/arhiva\/treci-strani-jezik-na-fakultetu-za-islamske-studije\/\"},\"author\":{\"name\":\"bosniak\",\"@id\":\"https:\/\/sandzakpress.net\/arhiva\/#\/schema\/person\/c8baee722073534b583ea7bdb2e36c02\"},\"headline\":\"Tre\u0107i strani jezik na Fakultetu za islamske studije\",\"datePublished\":\"2015-08-10T12:44:05+00:00\",\"mainEntityOfPage\":{\"@id\":\"https:\/\/sandzakpress.net\/arhiva\/treci-strani-jezik-na-fakultetu-za-islamske-studije\/\"},\"wordCount\":115,\"commentCount\":1,\"publisher\":{\"@id\":\"https:\/\/sandzakpress.net\/arhiva\/#\/schema\/person\/6e72b67d6e51910a1117b3b483ba20bd\"},\"image\":{\"@id\":\"https:\/\/sandzakpress.net\/arhiva\/treci-strani-jezik-na-fakultetu-za-islamske-studije\/#primaryimage\"},\"thumbnailUrl\":\"https:\/\/sandzakpress.net\/arhiva\/wp-content\/uploads\/2012\/08\/fis-srce-pazara.jpg\",\"articleSection\":[\"Novi Pazar\",\"Obrazovanje\"],\"inLanguage\":\"bs-BA\",\"potentialAction\":[{\"@type\":\"CommentAction\",\"name\":\"Comment\",\"target\":[\"https:\/\/sandzakpress.net\/arhiva\/treci-strani-jezik-na-fakultetu-za-islamske-studije\/#respond\"]}]},{\"@type\":\"WebPage\",\"@id\":\"https:\/\/sandzakpress.net\/arhiva\/treci-strani-jezik-na-fakultetu-za-islamske-studije\/\",\"url\":\"https:\/\/sandzakpress.net\/arhiva\/treci-strani-jezik-na-fakultetu-za-islamske-studije\/\",\"name\":\"Tre\u0107i strani jezik na Fakultetu za islamske studije\",\"isPartOf\":{\"@id\":\"https:\/\/sandzakpress.net\/arhiva\/#website\"},\"primaryImageOfPage\":{\"@id\":\"https:\/\/sandzakpress.net\/arhiva\/treci-strani-jezik-na-fakultetu-za-islamske-studije\/#primaryimage\"},\"image\":{\"@id\":\"https:\/\/sandzakpress.net\/arhiva\/treci-strani-jezik-na-fakultetu-za-islamske-studije\/#primaryimage\"},\"thumbnailUrl\":\"https:\/\/sandzakpress.net\/arhiva\/wp-content\/uploads\/2012\/08\/fis-srce-pazara.jpg\",\"datePublished\":\"2015-08-10T12:44:05+00:00\",\"breadcrumb\":{\"@id\":\"https:\/\/sandzakpress.net\/arhiva\/treci-strani-jezik-na-fakultetu-za-islamske-studije\/#breadcrumb\"},\"inLanguage\":\"bs-BA\",\"potentialAction\":[{\"@type\":\"ReadAction\",\"target\":[\"https:\/\/sandzakpress.net\/arhiva\/treci-strani-jezik-na-fakultetu-za-islamske-studije\/\"]}]},{\"@type\":\"ImageObject\",\"inLanguage\":\"bs-BA\",\"@id\":\"https:\/\/sandzakpress.net\/arhiva\/treci-strani-jezik-na-fakultetu-za-islamske-studije\/#primaryimage\",\"url\":\"https:\/\/sandzakpress.net\/arhiva\/wp-content\/uploads\/2012\/08\/fis-srce-pazara.jpg\",\"contentUrl\":\"https:\/\/sandzakpress.net\/arhiva\/wp-content\/uploads\/2012\/08\/fis-srce-pazara.jpg\",\"width\":572,\"height\":316},{\"@type\":\"BreadcrumbList\",\"@id\":\"https:\/\/sandzakpress.net\/arhiva\/treci-strani-jezik-na-fakultetu-za-islamske-studije\/#breadcrumb\",\"itemListElement\":[{\"@type\":\"ListItem\",\"position\":1,\"name\":\"Home\",\"item\":\"https:\/\/sandzakpress.net\/arhiva\/\"},{\"@type\":\"ListItem\",\"position\":2,\"name\":\"Tre\u0107i strani jezik na Fakultetu za islamske studije\"}]},{\"@type\":\"WebSite\",\"@id\":\"https:\/\/sandzakpress.net\/arhiva\/#website\",\"url\":\"https:\/\/sandzakpress.net\/arhiva\/\",\"name\":\"Sand\u017eak PRESS\",\"description\":\"Prve elektronske novine u Sand\u017eaku\",\"publisher\":{\"@id\":\"https:\/\/sandzakpress.net\/arhiva\/#\/schema\/person\/6e72b67d6e51910a1117b3b483ba20bd\"},\"potentialAction\":[{\"@type\":\"SearchAction\",\"target\":{\"@type\":\"EntryPoint\",\"urlTemplate\":\"https:\/\/sandzakpress.net\/arhiva\/?s={search_term_string}\"},\"query-input\":{\"@type\":\"PropertyValueSpecification\",\"valueRequired\":true,\"valueName\":\"search_term_string\"}}],\"inLanguage\":\"bs-BA\"},{\"@type\":[\"Person\",\"Organization\"],\"@id\":\"https:\/\/sandzakpress.net\/arhiva\/#\/schema\/person\/6e72b67d6e51910a1117b3b483ba20bd\",\"name\":\"Kul\",\"image\":{\"@type\":\"ImageObject\",\"inLanguage\":\"bs-BA\",\"@id\":\"https:\/\/sandzakpress.net\/arhiva\/#\/schema\/person\/image\/\",\"url\":\"https:\/\/secure.gravatar.com\/avatar\/42263f39aa27ac04c43cab85c280eb2e?s=96&d=mm&r=pg\",\"contentUrl\":\"https:\/\/secure.gravatar.com\/avatar\/42263f39aa27ac04c43cab85c280eb2e?s=96&d=mm&r=pg\",\"caption\":\"Kul\"},\"logo\":{\"@id\":\"https:\/\/sandzakpress.net\/arhiva\/#\/schema\/person\/image\/\"}},{\"@type\":\"Person\",\"@id\":\"https:\/\/sandzakpress.net\/arhiva\/#\/schema\/person\/c8baee722073534b583ea7bdb2e36c02\",\"name\":\"bosniak\",\"image\":{\"@type\":\"ImageObject\",\"inLanguage\":\"bs-BA\",\"@id\":\"https:\/\/sandzakpress.net\/arhiva\/#\/schema\/person\/image\/\",\"url\":\"https:\/\/secure.gravatar.com\/avatar\/a04fd330bfe3a36a72a0ad4a6d89fca7?s=96&d=mm&r=pg\",\"contentUrl\":\"https:\/\/secure.gravatar.com\/avatar\/a04fd330bfe3a36a72a0ad4a6d89fca7?s=96&d=mm&r=pg\",\"caption\":\"bosniak\"},\"url\":\"https:\/\/sandzakpress.net\/arhiva\/author\/bosniak\/\"}]}<\/script>\n<!-- \/ Yoast SEO Premium plugin. -->","yoast_head_json":{"title":"Tre\u0107i strani jezik na Fakultetu za islamske studije","robots":{"index":"index","follow":"follow","max-snippet":"max-snippet:-1","max-image-preview":"max-image-preview:large","max-video-preview":"max-video-preview:-1"},"canonical":"https:\/\/sandzakpress.net\/arhiva\/treci-strani-jezik-na-fakultetu-za-islamske-studije\/","og_locale":"bs_BA","og_type":"article","og_title":"Tre\u0107i strani jezik na Fakultetu za islamske studije","og_description":"Novi Pazar &#8211; Odlukom Nastavni\u010dkog vije\u0107a od ove akademske godine na Fakultetu za islamske studije \u0107e se izu\u010davati i njema\u010dki jezik. \u00a0 Interesovanje na\u0161ih studenata i \u017eelja da svoje znanje nadograde sa jo\u0161 jednim stranim jezikom predstavlja upravi Fakulteta obavezu da iza\u0111e u susret i svojim studentima i omogu\u0107imo poha\u0111anje pomenutog stranog jezika. Tako da [&hellip;]","og_url":"https:\/\/sandzakpress.net\/arhiva\/treci-strani-jezik-na-fakultetu-za-islamske-studije\/","og_site_name":"Sand\u017eak PRESS","article_published_time":"2015-08-10T12:44:05+00:00","og_image":[{"width":572,"height":316,"url":"https:\/\/sandzakpress.net\/arhiva\/wp-content\/uploads\/2012\/08\/fis-srce-pazara.jpg","type":"image\/jpeg"}],"author":"bosniak","twitter_card":"summary_large_image","twitter_misc":{"Written by":"bosniak","Est. reading time":"1 minuta"},"schema":{"@context":"https:\/\/schema.org","@graph":[{"@type":"Article","@id":"https:\/\/sandzakpress.net\/arhiva\/treci-strani-jezik-na-fakultetu-za-islamske-studije\/#article","isPartOf":{"@id":"https:\/\/sandzakpress.net\/arhiva\/treci-strani-jezik-na-fakultetu-za-islamske-studije\/"},"author":{"name":"bosniak","@id":"https:\/\/sandzakpress.net\/arhiva\/#\/schema\/person\/c8baee722073534b583ea7bdb2e36c02"},"headline":"Tre\u0107i strani jezik na Fakultetu za islamske studije","datePublished":"2015-08-10T12:44:05+00:00","mainEntityOfPage":{"@id":"https:\/\/sandzakpress.net\/arhiva\/treci-strani-jezik-na-fakultetu-za-islamske-studije\/"},"wordCount":115,"commentCount":1,"publisher":{"@id":"https:\/\/sandzakpress.net\/arhiva\/#\/schema\/person\/6e72b67d6e51910a1117b3b483ba20bd"},"image":{"@id":"https:\/\/sandzakpress.net\/arhiva\/treci-strani-jezik-na-fakultetu-za-islamske-studije\/#primaryimage"},"thumbnailUrl":"https:\/\/sandzakpress.net\/arhiva\/wp-content\/uploads\/2012\/08\/fis-srce-pazara.jpg","articleSection":["Novi Pazar","Obrazovanje"],"inLanguage":"bs-BA","potentialAction":[{"@type":"CommentAction","name":"Comment","target":["https:\/\/sandzakpress.net\/arhiva\/treci-strani-jezik-na-fakultetu-za-islamske-studije\/#respond"]}]},{"@type":"WebPage","@id":"https:\/\/sandzakpress.net\/arhiva\/treci-strani-jezik-na-fakultetu-za-islamske-studije\/","url":"https:\/\/sandzakpress.net\/arhiva\/treci-strani-jezik-na-fakultetu-za-islamske-studije\/","name":"Tre\u0107i strani jezik na Fakultetu za islamske studije","isPartOf":{"@id":"https:\/\/sandzakpress.net\/arhiva\/#website"},"primaryImageOfPage":{"@id":"https:\/\/sandzakpress.net\/arhiva\/treci-strani-jezik-na-fakultetu-za-islamske-studije\/#primaryimage"},"image":{"@id":"https:\/\/sandzakpress.net\/arhiva\/treci-strani-jezik-na-fakultetu-za-islamske-studije\/#primaryimage"},"thumbnailUrl":"https:\/\/sandzakpress.net\/arhiva\/wp-content\/uploads\/2012\/08\/fis-srce-pazara.jpg","datePublished":"2015-08-10T12:44:05+00:00","breadcrumb":{"@id":"https:\/\/sandzakpress.net\/arhiva\/treci-strani-jezik-na-fakultetu-za-islamske-studije\/#breadcrumb"},"inLanguage":"bs-BA","potentialAction":[{"@type":"ReadAction","target":["https:\/\/sandzakpress.net\/arhiva\/treci-strani-jezik-na-fakultetu-za-islamske-studije\/"]}]},{"@type":"ImageObject","inLanguage":"bs-BA","@id":"https:\/\/sandzakpress.net\/arhiva\/treci-strani-jezik-na-fakultetu-za-islamske-studije\/#primaryimage","url":"https:\/\/sandzakpress.net\/arhiva\/wp-content\/uploads\/2012\/08\/fis-srce-pazara.jpg","contentUrl":"https:\/\/sandzakpress.net\/arhiva\/wp-content\/uploads\/2012\/08\/fis-srce-pazara.jpg","width":572,"height":316},{"@type":"BreadcrumbList","@id":"https:\/\/sandzakpress.net\/arhiva\/treci-strani-jezik-na-fakultetu-za-islamske-studije\/#breadcrumb","itemListElement":[{"@type":"ListItem","position":1,"name":"Home","item":"https:\/\/sandzakpress.net\/arhiva\/"},{"@type":"ListItem","position":2,"name":"Tre\u0107i strani jezik na Fakultetu za islamske studije"}]},{"@type":"WebSite","@id":"https:\/\/sandzakpress.net\/arhiva\/#website","url":"https:\/\/sandzakpress.net\/arhiva\/","name":"Sand\u017eak PRESS","description":"Prve elektronske novine u Sand\u017eaku","publisher":{"@id":"https:\/\/sandzakpress.net\/arhiva\/#\/schema\/person\/6e72b67d6e51910a1117b3b483ba20bd"},"potentialAction":[{"@type":"SearchAction","target":{"@type":"EntryPoint","urlTemplate":"https:\/\/sandzakpress.net\/arhiva\/?s={search_term_string}"},"query-input":{"@type":"PropertyValueSpecification","valueRequired":true,"valueName":"search_term_string"}}],"inLanguage":"bs-BA"},{"@type":["Person","Organization"],"@id":"https:\/\/sandzakpress.net\/arhiva\/#\/schema\/person\/6e72b67d6e51910a1117b3b483ba20bd","name":"Kul","image":{"@type":"ImageObject","inLanguage":"bs-BA","@id":"https:\/\/sandzakpress.net\/arhiva\/#\/schema\/person\/image\/","url":"https:\/\/secure.gravatar.com\/avatar\/42263f39aa27ac04c43cab85c280eb2e?s=96&d=mm&r=pg","contentUrl":"https:\/\/secure.gravatar.com\/avatar\/42263f39aa27ac04c43cab85c280eb2e?s=96&d=mm&r=pg","caption":"Kul"},"logo":{"@id":"https:\/\/sandzakpress.net\/arhiva\/#\/schema\/person\/image\/"}},{"@type":"Person","@id":"https:\/\/sandzakpress.net\/arhiva\/#\/schema\/person\/c8baee722073534b583ea7bdb2e36c02","name":"bosniak","image":{"@type":"ImageObject","inLanguage":"bs-BA","@id":"https:\/\/sandzakpress.net\/arhiva\/#\/schema\/person\/image\/","url":"https:\/\/secure.gravatar.com\/avatar\/a04fd330bfe3a36a72a0ad4a6d89fca7?s=96&d=mm&r=pg","contentUrl":"https:\/\/secure.gravatar.com\/avatar\/a04fd330bfe3a36a72a0ad4a6d89fca7?s=96&d=mm&r=pg","caption":"bosniak"},"url":"https:\/\/sandzakpress.net\/arhiva\/author\/bosniak\/"}]}},"_links":{"self":[{"href":"https:\/\/sandzakpress.net\/arhiva\/wp-json\/wp\/v2\/posts\/133150"}],"collection":[{"href":"https:\/\/sandzakpress.net\/arhiva\/wp-json\/wp\/v2\/posts"}],"about":[{"href":"https:\/\/sandzakpress.net\/arhiva\/wp-json\/wp\/v2\/types\/post"}],"author":[{"embeddable":true,"href":"https:\/\/sandzakpress.net\/arhiva\/wp-json\/wp\/v2\/users\/83"}],"replies":[{"embeddable":true,"href":"https:\/\/sandzakpress.net\/arhiva\/wp-json\/wp\/v2\/comments?post=133150"}],"version-history":[{"count":0,"href":"https:\/\/sandzakpress.net\/arhiva\/wp-json\/wp\/v2\/posts\/133150\/revisions"}],"wp:featuredmedia":[{"embeddable":true,"href":"https:\/\/sandzakpress.net\/arhiva\/wp-json\/wp\/v2\/media\/49017"}],"wp:attachment":[{"href":"https:\/\/sandzakpress.net\/arhiva\/wp-json\/wp\/v2\/media?parent=133150"}],"wp:term":[{"taxonomy":"category","embeddable":true,"href":"https:\/\/sandzakpress.net\/arhiva\/wp-json\/wp\/v2\/categories?post=133150"},{"taxonomy":"post_tag","embeddable":true,"href":"https:\/\/sandzakpress.net\/arhiva\/wp-json\/wp\/v2\/tags?post=133150"}],"curies":[{"name":"wp","href":"https:\/\/api.w.org\/{rel}","templated":true}]}}