{"id":133047,"date":"2015-08-09T21:03:09","date_gmt":"2015-08-09T19:03:09","guid":{"rendered":"https:\/\/sandzakpress.net\/arhiva\/doboj-i-usora-na-pomolu-prva-razmjena-teritorija-u-bih"},"modified":"2015-08-09T21:03:09","modified_gmt":"2015-08-09T19:03:09","slug":"doboj-i-usora-na-pomolu-prva-razmjena-teritorija-u-bih","status":"publish","type":"post","link":"https:\/\/sandzakpress.net\/arhiva\/doboj-i-usora-na-pomolu-prva-razmjena-teritorija-u-bih\/","title":{"rendered":"Doboj i Usora \u2013 Na pomolu prva razmjena teritorija u BiH"},"content":{"rendered":"<p><img loading=\"lazy\" decoding=\"async\" class=\"\" src=\"http:\/\/m.avaz.ba\/storage\/2015\/08\/08\/55c5f7bb-723c-4484-8b2c-52cb0a0a0a64-marko-i-kata-pranjic.JPG\" alt=\"marko-i-kata-pranjic\" width=\"600\" height=\"400\" \/><\/p>\n<p><strong>Doboj, Usora \u00a0\u2013 Nekada je neko, a zna se i ko i kada, u Bosni i Hercegovini, iako komotnoj za sve njene narode, zavaljen u udobnim kancelarijama, na mapama nacrtao me\u0111uentitetske linije. Taj neko nije vodio ra\u010duna \u0161to linija razgrani\u010denja izme\u0111u entiteta ljudima prolazi kroz ku\u0107e, avlije, \u0161tale, njive, pa im zagor\u010dava \u017eivot. Apsurd je da \u010dovjek bilo koje nacije i vjere u svome domu ru\u010da u Federaciji BiH, a spava u Republici Srpskoj, a takvih slu\u010dajeva ima u BiH. <\/strong><\/p>\n<p>No, i ovome bi uskoro mogao do\u0107i kraj, barem na podru\u010dju Doboja i Usore, zahvaljuju\u0107i odlukama gradskih vlasti o razmjeni teritorija u selu Makljenovac, \u010dime bi se trebale okon\u010dati i muke 40 povratni\u010dkih porodica \u010dije je ku\u0107e podijelila me\u0111uentitetska linija. Podijeljeno selo Famozna linija razgrani\u010denja u dobojskom naselju Makljenovac ljudima je, pored svih neda\u0107a, jer su bili izbjeglice, pa im ku\u0107e popaljene, pa ih i mine ubijaju poslije rata, podijelila je selo, ku\u0107e i ljude.<\/p>\n<p>Na svu sre\u0107u, reagirali su Gradska uprava Doboja i Op\u0107insko vije\u0107e (OV) Usora i mo\u017ee se o\u010dekivati neko bolje, sretnije, logi\u010dnije razgrani\u010denje. \u2013 Nije se moglo vi\u0161e \u017eivjeti bez doma, vratili smo se prije tri godine. Vratili smo se iz inata, da umremo na svome, iako je ku\u0107a u RS, a stepenice u Federaciji. Gdje je tu logika \u2013 pita se Marko Pranji\u0107 (79), dok njegova supruga Kata dodaje:<\/p>\n<p>\u2013 Jest, ima granica, ali ja je ne priznajem, sve je ovo Bosna i Hercegovina, pa neka me neko poku\u0161a istjerati iz nje. Mi ho\u0107emo \u017eivjeti ovdje bez granica, s jedne strane je kom\u0161ija Bo\u0161ko Srbin, s druge Dino musliman, mi u sredini i svima potaman! Ku\u0107u povratnika Stjepana Pranji\u0107a linija razgrani\u010denja je podijelila na dva dijela. On doru\u010dkuje, ve\u010dera i ru\u010da u RS, a spava u FBiH. Njegov sin Vjenceslav ima troje djece i farmu goveda.<\/p>\n<p><img loading=\"lazy\" decoding=\"async\" class=\"\" src=\"http:\/\/m.avaz.ba\/storage\/2015\/08\/08\/55c5f7ed-fc38-4c83-8f94-52cf0a0a0a64-petrovic-i-mahmutovic.JPG\" alt=\"petrovic-i-mahmutovic\" width=\"594\" height=\"396\" \/><\/p>\n<p><strong>Samo da ne zapne<\/strong><\/p>\n<p>\u2013 Sin ima u planu pro\u0161iriti farmu, ali nema koga pitati kako, jer mi prema liniji razgrani\u010denja imamo dokumente Federacije BiH, a farma bi se gradila iza ku\u0107e, na na\u0161oj njivi koja pripada RS. \u010cuo sam za odluke OV Usora i Grada Doboja o novom, normalnijem razgrani\u010denju, po kome bi 40 spornih ku\u0107a iz RS pre\u0161le u FBiH. Tada bi se mnogi Hrvati vratili, ovako ne\u0107e u RS. Bojim se da lijepa ideja ne zapne u Banjoj Luci ili Sarajevu, kod ovih visokih glave\u0161ina \u2013 ka\u017ee Stjepan Pranji\u0107. Gradona\u010delnik Doboja Obren Petrovi\u0107, u kojeg ljudi u oba entiteta imaju povjerenje, te predsjednik Skup\u0161tine Esmin Mahmutovi\u0107, isti\u010du kako su stru\u010dne komisije Doboja i Usore u vezi s novim razgrani\u010denjem u Makljenovcu uradile svoj dio posla i prijedlog razmjene teritorija dostavile entitetskim vlastima, ali i BiH.<\/p>\n<p>\u2013 Svakodnevno imamo priliku \u010duti nelogi\u010dnosti i probleme ljudi u vezi s entitetskim linijama. Ako se ljudi mogu slo\u017eiti i ako mi u op\u0107inama mo\u017eemo napraviti razmjenu teritorija, a da se procent ne naru\u0161ava, ne vidim razlog da se to ne dogodi, prvi put u BiH \u2013 ka\u017ee Petrovi\u0107.<\/p>\n<p>\u00a0<\/p>\n<p><strong>Apsurdi i strah <\/strong><\/p>\n<p>Nisu samo linije razgrani\u010denja problem u Makljenovcu. Problem su i brojna minska polja, u kojima je do sada \u017eivot izgubilo devet osoba i tri puta vi\u0161e osaka\u0107eno. Demineri Norve\u0161ke narodne pomo\u0107i, na ovoj \u017eegi, ovih dana, svakodnevno rade na deminiranju velike povr\u0161ine, za \u0161to je sredstva osigurala njema\u010dka vlada.<\/p>\n<p><img loading=\"lazy\" decoding=\"async\" class=\"\" src=\"http:\/\/m.avaz.ba\/storage\/2015\/08\/08\/55c5f853-a364-4681-9de9-531e0a0a0a64-anto-jelec-zivot-medju-minama.JPG\" alt=\"anto-jelec-zivot-medju-minama\" width=\"600\" height=\"400\" \/><\/p>\n<p>\u2013 Izgleda da \u0107e i nama u Makljenovcu svanuti, rije\u0161it \u0107emo se \u201cgranice\u201d, mina i po\u010deti \u017eivjeti \u017eivot kao i svi normalni ljudi, bez apsurda i straha. Tada \u0107e nas biti i vi\u0161e \u2013 ka\u017ee nam na kraju posjete podijeljenom selu mje\u0161tanin Anto Jele\u010d.<\/p>\n<p>(avaz)<\/p>\n<p>Pogledajte vijest na izvornom sajtu:<\/p>\n<p><a href=\"http:\/\/bosnapress.net\/doboj-i-usora-na-pomolu-prva-razmjena-teritorija-u-bih\/\" target=\"_blank\">Doboj i Usora \u2013 Na pomolu prva razmjena teritorija u BiH<\/a><\/p>\n","protected":false},"excerpt":{"rendered":"<p>Doboj, Usora \u00a0\u2013 Nekada je neko, a zna se i ko i kada, u Bosni i Hercegovini, iako komotnoj za sve njene narode, zavaljen u udobnim kancelarijama, na mapama nacrtao me\u0111uentitetske linije. Taj neko nije vodio ra\u010duna \u0161to linija razgrani\u010denja izme\u0111u entiteta ljudima prolazi kroz ku\u0107e, avlije, \u0161tale, njive, pa im zagor\u010dava \u017eivot. Apsurd je [&hellip;]<\/p>\n","protected":false},"author":83,"featured_media":133049,"comment_status":"open","ping_status":"open","sticky":false,"template":"","format":"standard","meta":{"footnotes":""},"categories":[10513],"tags":[10466],"class_list":{"0":"post-133047","1":"post","2":"type-post","3":"status-publish","4":"format-standard","5":"has-post-thumbnail","7":"category-bosna-press","8":"tag-bosna-i-hercegovina"},"yoast_head":"<!-- This site is optimized with the Yoast SEO Premium plugin v23.1 (Yoast SEO v24.9) - https:\/\/yoast.com\/wordpress\/plugins\/seo\/ -->\n<title>Doboj i Usora \u2013 Na pomolu prva razmjena teritorija u BiH<\/title>\n<meta name=\"robots\" content=\"index, follow, max-snippet:-1, max-image-preview:large, max-video-preview:-1\" \/>\n<link rel=\"canonical\" href=\"https:\/\/sandzakpress.net\/arhiva\/doboj-i-usora-na-pomolu-prva-razmjena-teritorija-u-bih\/\" \/>\n<meta property=\"og:locale\" content=\"bs_BA\" \/>\n<meta property=\"og:type\" content=\"article\" \/>\n<meta property=\"og:title\" content=\"Doboj i Usora \u2013 Na pomolu prva razmjena teritorija u BiH\" \/>\n<meta property=\"og:description\" content=\"Doboj, Usora \u00a0\u2013 Nekada je neko, a zna se i ko i kada, u Bosni i Hercegovini, iako komotnoj za sve njene narode, zavaljen u udobnim kancelarijama, na mapama nacrtao me\u0111uentitetske linije. Taj neko nije vodio ra\u010duna \u0161to linija razgrani\u010denja izme\u0111u entiteta ljudima prolazi kroz ku\u0107e, avlije, \u0161tale, njive, pa im zagor\u010dava \u017eivot. Apsurd je [&hellip;]\" \/>\n<meta property=\"og:url\" content=\"https:\/\/sandzakpress.net\/arhiva\/doboj-i-usora-na-pomolu-prva-razmjena-teritorija-u-bih\/\" \/>\n<meta property=\"og:site_name\" content=\"Sand\u017eak PRESS\" \/>\n<meta property=\"article:published_time\" content=\"2015-08-09T19:03:09+00:00\" \/>\n<meta property=\"og:image\" content=\"https:\/\/sandzakpress.net\/arhiva\/wp-content\/uploads\/2015\/08\/55c5f7bb-723c-4484-8b2c-52cb0a0a0a64-marko-i-kata-pranjic1.jpg\" \/>\n\t<meta property=\"og:image:width\" content=\"2592\" \/>\n\t<meta property=\"og:image:height\" content=\"1728\" \/>\n\t<meta property=\"og:image:type\" content=\"image\/jpeg\" \/>\n<meta name=\"author\" content=\"bosniak\" \/>\n<meta name=\"twitter:card\" content=\"summary_large_image\" \/>\n<meta name=\"twitter:label1\" content=\"Written by\" \/>\n\t<meta name=\"twitter:data1\" content=\"bosniak\" \/>\n\t<meta name=\"twitter:label2\" content=\"Est. reading time\" \/>\n\t<meta name=\"twitter:data2\" content=\"3 minute\" \/>\n<script type=\"application\/ld+json\" class=\"yoast-schema-graph\">{\"@context\":\"https:\/\/schema.org\",\"@graph\":[{\"@type\":\"Article\",\"@id\":\"https:\/\/sandzakpress.net\/arhiva\/doboj-i-usora-na-pomolu-prva-razmjena-teritorija-u-bih\/#article\",\"isPartOf\":{\"@id\":\"https:\/\/sandzakpress.net\/arhiva\/doboj-i-usora-na-pomolu-prva-razmjena-teritorija-u-bih\/\"},\"author\":{\"name\":\"bosniak\",\"@id\":\"https:\/\/sandzakpress.net\/arhiva\/#\/schema\/person\/c8baee722073534b583ea7bdb2e36c02\"},\"headline\":\"Doboj i Usora \u2013 Na pomolu prva razmjena teritorija u BiH\",\"datePublished\":\"2015-08-09T19:03:09+00:00\",\"mainEntityOfPage\":{\"@id\":\"https:\/\/sandzakpress.net\/arhiva\/doboj-i-usora-na-pomolu-prva-razmjena-teritorija-u-bih\/\"},\"wordCount\":668,\"commentCount\":3,\"publisher\":{\"@id\":\"https:\/\/sandzakpress.net\/arhiva\/#\/schema\/person\/6e72b67d6e51910a1117b3b483ba20bd\"},\"image\":{\"@id\":\"https:\/\/sandzakpress.net\/arhiva\/doboj-i-usora-na-pomolu-prva-razmjena-teritorija-u-bih\/#primaryimage\"},\"thumbnailUrl\":\"https:\/\/sandzakpress.net\/arhiva\/wp-content\/uploads\/2015\/08\/55c5f7bb-723c-4484-8b2c-52cb0a0a0a64-marko-i-kata-pranjic1.jpg\",\"keywords\":[\"Bosna i Hercegovina\"],\"articleSection\":[\"Bosna PRESS\"],\"inLanguage\":\"bs-BA\",\"potentialAction\":[{\"@type\":\"CommentAction\",\"name\":\"Comment\",\"target\":[\"https:\/\/sandzakpress.net\/arhiva\/doboj-i-usora-na-pomolu-prva-razmjena-teritorija-u-bih\/#respond\"]}]},{\"@type\":\"WebPage\",\"@id\":\"https:\/\/sandzakpress.net\/arhiva\/doboj-i-usora-na-pomolu-prva-razmjena-teritorija-u-bih\/\",\"url\":\"https:\/\/sandzakpress.net\/arhiva\/doboj-i-usora-na-pomolu-prva-razmjena-teritorija-u-bih\/\",\"name\":\"Doboj i Usora \u2013 Na pomolu prva razmjena teritorija u BiH\",\"isPartOf\":{\"@id\":\"https:\/\/sandzakpress.net\/arhiva\/#website\"},\"primaryImageOfPage\":{\"@id\":\"https:\/\/sandzakpress.net\/arhiva\/doboj-i-usora-na-pomolu-prva-razmjena-teritorija-u-bih\/#primaryimage\"},\"image\":{\"@id\":\"https:\/\/sandzakpress.net\/arhiva\/doboj-i-usora-na-pomolu-prva-razmjena-teritorija-u-bih\/#primaryimage\"},\"thumbnailUrl\":\"https:\/\/sandzakpress.net\/arhiva\/wp-content\/uploads\/2015\/08\/55c5f7bb-723c-4484-8b2c-52cb0a0a0a64-marko-i-kata-pranjic1.jpg\",\"datePublished\":\"2015-08-09T19:03:09+00:00\",\"breadcrumb\":{\"@id\":\"https:\/\/sandzakpress.net\/arhiva\/doboj-i-usora-na-pomolu-prva-razmjena-teritorija-u-bih\/#breadcrumb\"},\"inLanguage\":\"bs-BA\",\"potentialAction\":[{\"@type\":\"ReadAction\",\"target\":[\"https:\/\/sandzakpress.net\/arhiva\/doboj-i-usora-na-pomolu-prva-razmjena-teritorija-u-bih\/\"]}]},{\"@type\":\"ImageObject\",\"inLanguage\":\"bs-BA\",\"@id\":\"https:\/\/sandzakpress.net\/arhiva\/doboj-i-usora-na-pomolu-prva-razmjena-teritorija-u-bih\/#primaryimage\",\"url\":\"https:\/\/sandzakpress.net\/arhiva\/wp-content\/uploads\/2015\/08\/55c5f7bb-723c-4484-8b2c-52cb0a0a0a64-marko-i-kata-pranjic1.jpg\",\"contentUrl\":\"https:\/\/sandzakpress.net\/arhiva\/wp-content\/uploads\/2015\/08\/55c5f7bb-723c-4484-8b2c-52cb0a0a0a64-marko-i-kata-pranjic1.jpg\",\"width\":2592,\"height\":1728},{\"@type\":\"BreadcrumbList\",\"@id\":\"https:\/\/sandzakpress.net\/arhiva\/doboj-i-usora-na-pomolu-prva-razmjena-teritorija-u-bih\/#breadcrumb\",\"itemListElement\":[{\"@type\":\"ListItem\",\"position\":1,\"name\":\"Home\",\"item\":\"https:\/\/sandzakpress.net\/arhiva\/\"},{\"@type\":\"ListItem\",\"position\":2,\"name\":\"Doboj i Usora \u2013 Na pomolu prva razmjena teritorija u BiH\"}]},{\"@type\":\"WebSite\",\"@id\":\"https:\/\/sandzakpress.net\/arhiva\/#website\",\"url\":\"https:\/\/sandzakpress.net\/arhiva\/\",\"name\":\"Sand\u017eak PRESS\",\"description\":\"Prve elektronske novine u Sand\u017eaku\",\"publisher\":{\"@id\":\"https:\/\/sandzakpress.net\/arhiva\/#\/schema\/person\/6e72b67d6e51910a1117b3b483ba20bd\"},\"potentialAction\":[{\"@type\":\"SearchAction\",\"target\":{\"@type\":\"EntryPoint\",\"urlTemplate\":\"https:\/\/sandzakpress.net\/arhiva\/?s={search_term_string}\"},\"query-input\":{\"@type\":\"PropertyValueSpecification\",\"valueRequired\":true,\"valueName\":\"search_term_string\"}}],\"inLanguage\":\"bs-BA\"},{\"@type\":[\"Person\",\"Organization\"],\"@id\":\"https:\/\/sandzakpress.net\/arhiva\/#\/schema\/person\/6e72b67d6e51910a1117b3b483ba20bd\",\"name\":\"Kul\",\"image\":{\"@type\":\"ImageObject\",\"inLanguage\":\"bs-BA\",\"@id\":\"https:\/\/sandzakpress.net\/arhiva\/#\/schema\/person\/image\/\",\"url\":\"https:\/\/secure.gravatar.com\/avatar\/42263f39aa27ac04c43cab85c280eb2e?s=96&d=mm&r=pg\",\"contentUrl\":\"https:\/\/secure.gravatar.com\/avatar\/42263f39aa27ac04c43cab85c280eb2e?s=96&d=mm&r=pg\",\"caption\":\"Kul\"},\"logo\":{\"@id\":\"https:\/\/sandzakpress.net\/arhiva\/#\/schema\/person\/image\/\"}},{\"@type\":\"Person\",\"@id\":\"https:\/\/sandzakpress.net\/arhiva\/#\/schema\/person\/c8baee722073534b583ea7bdb2e36c02\",\"name\":\"bosniak\",\"image\":{\"@type\":\"ImageObject\",\"inLanguage\":\"bs-BA\",\"@id\":\"https:\/\/sandzakpress.net\/arhiva\/#\/schema\/person\/image\/\",\"url\":\"https:\/\/secure.gravatar.com\/avatar\/a04fd330bfe3a36a72a0ad4a6d89fca7?s=96&d=mm&r=pg\",\"contentUrl\":\"https:\/\/secure.gravatar.com\/avatar\/a04fd330bfe3a36a72a0ad4a6d89fca7?s=96&d=mm&r=pg\",\"caption\":\"bosniak\"},\"url\":\"https:\/\/sandzakpress.net\/arhiva\/author\/bosniak\/\"}]}<\/script>\n<!-- \/ Yoast SEO Premium plugin. -->","yoast_head_json":{"title":"Doboj i Usora \u2013 Na pomolu prva razmjena teritorija u BiH","robots":{"index":"index","follow":"follow","max-snippet":"max-snippet:-1","max-image-preview":"max-image-preview:large","max-video-preview":"max-video-preview:-1"},"canonical":"https:\/\/sandzakpress.net\/arhiva\/doboj-i-usora-na-pomolu-prva-razmjena-teritorija-u-bih\/","og_locale":"bs_BA","og_type":"article","og_title":"Doboj i Usora \u2013 Na pomolu prva razmjena teritorija u BiH","og_description":"Doboj, Usora \u00a0\u2013 Nekada je neko, a zna se i ko i kada, u Bosni i Hercegovini, iako komotnoj za sve njene narode, zavaljen u udobnim kancelarijama, na mapama nacrtao me\u0111uentitetske linije. Taj neko nije vodio ra\u010duna \u0161to linija razgrani\u010denja izme\u0111u entiteta ljudima prolazi kroz ku\u0107e, avlije, \u0161tale, njive, pa im zagor\u010dava \u017eivot. Apsurd je [&hellip;]","og_url":"https:\/\/sandzakpress.net\/arhiva\/doboj-i-usora-na-pomolu-prva-razmjena-teritorija-u-bih\/","og_site_name":"Sand\u017eak PRESS","article_published_time":"2015-08-09T19:03:09+00:00","og_image":[{"width":2592,"height":1728,"url":"https:\/\/sandzakpress.net\/arhiva\/wp-content\/uploads\/2015\/08\/55c5f7bb-723c-4484-8b2c-52cb0a0a0a64-marko-i-kata-pranjic1.jpg","type":"image\/jpeg"}],"author":"bosniak","twitter_card":"summary_large_image","twitter_misc":{"Written by":"bosniak","Est. reading time":"3 minute"},"schema":{"@context":"https:\/\/schema.org","@graph":[{"@type":"Article","@id":"https:\/\/sandzakpress.net\/arhiva\/doboj-i-usora-na-pomolu-prva-razmjena-teritorija-u-bih\/#article","isPartOf":{"@id":"https:\/\/sandzakpress.net\/arhiva\/doboj-i-usora-na-pomolu-prva-razmjena-teritorija-u-bih\/"},"author":{"name":"bosniak","@id":"https:\/\/sandzakpress.net\/arhiva\/#\/schema\/person\/c8baee722073534b583ea7bdb2e36c02"},"headline":"Doboj i Usora \u2013 Na pomolu prva razmjena teritorija u BiH","datePublished":"2015-08-09T19:03:09+00:00","mainEntityOfPage":{"@id":"https:\/\/sandzakpress.net\/arhiva\/doboj-i-usora-na-pomolu-prva-razmjena-teritorija-u-bih\/"},"wordCount":668,"commentCount":3,"publisher":{"@id":"https:\/\/sandzakpress.net\/arhiva\/#\/schema\/person\/6e72b67d6e51910a1117b3b483ba20bd"},"image":{"@id":"https:\/\/sandzakpress.net\/arhiva\/doboj-i-usora-na-pomolu-prva-razmjena-teritorija-u-bih\/#primaryimage"},"thumbnailUrl":"https:\/\/sandzakpress.net\/arhiva\/wp-content\/uploads\/2015\/08\/55c5f7bb-723c-4484-8b2c-52cb0a0a0a64-marko-i-kata-pranjic1.jpg","keywords":["Bosna i Hercegovina"],"articleSection":["Bosna PRESS"],"inLanguage":"bs-BA","potentialAction":[{"@type":"CommentAction","name":"Comment","target":["https:\/\/sandzakpress.net\/arhiva\/doboj-i-usora-na-pomolu-prva-razmjena-teritorija-u-bih\/#respond"]}]},{"@type":"WebPage","@id":"https:\/\/sandzakpress.net\/arhiva\/doboj-i-usora-na-pomolu-prva-razmjena-teritorija-u-bih\/","url":"https:\/\/sandzakpress.net\/arhiva\/doboj-i-usora-na-pomolu-prva-razmjena-teritorija-u-bih\/","name":"Doboj i Usora \u2013 Na pomolu prva razmjena teritorija u BiH","isPartOf":{"@id":"https:\/\/sandzakpress.net\/arhiva\/#website"},"primaryImageOfPage":{"@id":"https:\/\/sandzakpress.net\/arhiva\/doboj-i-usora-na-pomolu-prva-razmjena-teritorija-u-bih\/#primaryimage"},"image":{"@id":"https:\/\/sandzakpress.net\/arhiva\/doboj-i-usora-na-pomolu-prva-razmjena-teritorija-u-bih\/#primaryimage"},"thumbnailUrl":"https:\/\/sandzakpress.net\/arhiva\/wp-content\/uploads\/2015\/08\/55c5f7bb-723c-4484-8b2c-52cb0a0a0a64-marko-i-kata-pranjic1.jpg","datePublished":"2015-08-09T19:03:09+00:00","breadcrumb":{"@id":"https:\/\/sandzakpress.net\/arhiva\/doboj-i-usora-na-pomolu-prva-razmjena-teritorija-u-bih\/#breadcrumb"},"inLanguage":"bs-BA","potentialAction":[{"@type":"ReadAction","target":["https:\/\/sandzakpress.net\/arhiva\/doboj-i-usora-na-pomolu-prva-razmjena-teritorija-u-bih\/"]}]},{"@type":"ImageObject","inLanguage":"bs-BA","@id":"https:\/\/sandzakpress.net\/arhiva\/doboj-i-usora-na-pomolu-prva-razmjena-teritorija-u-bih\/#primaryimage","url":"https:\/\/sandzakpress.net\/arhiva\/wp-content\/uploads\/2015\/08\/55c5f7bb-723c-4484-8b2c-52cb0a0a0a64-marko-i-kata-pranjic1.jpg","contentUrl":"https:\/\/sandzakpress.net\/arhiva\/wp-content\/uploads\/2015\/08\/55c5f7bb-723c-4484-8b2c-52cb0a0a0a64-marko-i-kata-pranjic1.jpg","width":2592,"height":1728},{"@type":"BreadcrumbList","@id":"https:\/\/sandzakpress.net\/arhiva\/doboj-i-usora-na-pomolu-prva-razmjena-teritorija-u-bih\/#breadcrumb","itemListElement":[{"@type":"ListItem","position":1,"name":"Home","item":"https:\/\/sandzakpress.net\/arhiva\/"},{"@type":"ListItem","position":2,"name":"Doboj i Usora \u2013 Na pomolu prva razmjena teritorija u BiH"}]},{"@type":"WebSite","@id":"https:\/\/sandzakpress.net\/arhiva\/#website","url":"https:\/\/sandzakpress.net\/arhiva\/","name":"Sand\u017eak PRESS","description":"Prve elektronske novine u Sand\u017eaku","publisher":{"@id":"https:\/\/sandzakpress.net\/arhiva\/#\/schema\/person\/6e72b67d6e51910a1117b3b483ba20bd"},"potentialAction":[{"@type":"SearchAction","target":{"@type":"EntryPoint","urlTemplate":"https:\/\/sandzakpress.net\/arhiva\/?s={search_term_string}"},"query-input":{"@type":"PropertyValueSpecification","valueRequired":true,"valueName":"search_term_string"}}],"inLanguage":"bs-BA"},{"@type":["Person","Organization"],"@id":"https:\/\/sandzakpress.net\/arhiva\/#\/schema\/person\/6e72b67d6e51910a1117b3b483ba20bd","name":"Kul","image":{"@type":"ImageObject","inLanguage":"bs-BA","@id":"https:\/\/sandzakpress.net\/arhiva\/#\/schema\/person\/image\/","url":"https:\/\/secure.gravatar.com\/avatar\/42263f39aa27ac04c43cab85c280eb2e?s=96&d=mm&r=pg","contentUrl":"https:\/\/secure.gravatar.com\/avatar\/42263f39aa27ac04c43cab85c280eb2e?s=96&d=mm&r=pg","caption":"Kul"},"logo":{"@id":"https:\/\/sandzakpress.net\/arhiva\/#\/schema\/person\/image\/"}},{"@type":"Person","@id":"https:\/\/sandzakpress.net\/arhiva\/#\/schema\/person\/c8baee722073534b583ea7bdb2e36c02","name":"bosniak","image":{"@type":"ImageObject","inLanguage":"bs-BA","@id":"https:\/\/sandzakpress.net\/arhiva\/#\/schema\/person\/image\/","url":"https:\/\/secure.gravatar.com\/avatar\/a04fd330bfe3a36a72a0ad4a6d89fca7?s=96&d=mm&r=pg","contentUrl":"https:\/\/secure.gravatar.com\/avatar\/a04fd330bfe3a36a72a0ad4a6d89fca7?s=96&d=mm&r=pg","caption":"bosniak"},"url":"https:\/\/sandzakpress.net\/arhiva\/author\/bosniak\/"}]}},"_links":{"self":[{"href":"https:\/\/sandzakpress.net\/arhiva\/wp-json\/wp\/v2\/posts\/133047"}],"collection":[{"href":"https:\/\/sandzakpress.net\/arhiva\/wp-json\/wp\/v2\/posts"}],"about":[{"href":"https:\/\/sandzakpress.net\/arhiva\/wp-json\/wp\/v2\/types\/post"}],"author":[{"embeddable":true,"href":"https:\/\/sandzakpress.net\/arhiva\/wp-json\/wp\/v2\/users\/83"}],"replies":[{"embeddable":true,"href":"https:\/\/sandzakpress.net\/arhiva\/wp-json\/wp\/v2\/comments?post=133047"}],"version-history":[{"count":0,"href":"https:\/\/sandzakpress.net\/arhiva\/wp-json\/wp\/v2\/posts\/133047\/revisions"}],"wp:featuredmedia":[{"embeddable":true,"href":"https:\/\/sandzakpress.net\/arhiva\/wp-json\/wp\/v2\/media\/133049"}],"wp:attachment":[{"href":"https:\/\/sandzakpress.net\/arhiva\/wp-json\/wp\/v2\/media?parent=133047"}],"wp:term":[{"taxonomy":"category","embeddable":true,"href":"https:\/\/sandzakpress.net\/arhiva\/wp-json\/wp\/v2\/categories?post=133047"},{"taxonomy":"post_tag","embeddable":true,"href":"https:\/\/sandzakpress.net\/arhiva\/wp-json\/wp\/v2\/tags?post=133047"}],"curies":[{"name":"wp","href":"https:\/\/api.w.org\/{rel}","templated":true}]}}