{"id":133026,"date":"2015-08-09T14:06:22","date_gmt":"2015-08-09T12:06:22","guid":{"rendered":"https:\/\/sandzakpress.net\/arhiva\/ko-je-duro-knezevic-novi-direktor-sipa"},"modified":"2015-08-09T14:06:22","modified_gmt":"2015-08-09T12:06:22","slug":"ko-je-duro-knezevic-novi-direktor-sipa","status":"publish","type":"post","link":"https:\/\/sandzakpress.net\/arhiva\/ko-je-duro-knezevic-novi-direktor-sipa\/","title":{"rendered":"Ko je \u0110uro Kne\u017eevi\u0107, novi direktor SIPA"},"content":{"rendered":"<h4><img loading=\"lazy\" decoding=\"async\" class=\"\" src=\"http:\/\/i1.wp.com\/bosnjaci.agency\/wp-content\/uploads\/2015\/08\/20150805180041_319068-1-600x350.jpg?resize=470%2C260\" alt=\"Ko je \u0110uro Kne\u017eevi\u0107, novi direktor SIPA?\" width=\"598\" height=\"331\" \/><\/h4>\n<h4>BiH \u2013 Dosada\u0161njeg direktora SIPA Gorana Zupca \u00a0je nakon odr\u017eane sjednice, pripremljene dokumentacije i izglasavanja, Nezavisni odbor Parlamentarne skup\u0161tine Bosne i Hercegovine jednoglasno smijenio.<\/h4>\n<p>U skladu s Zakonom o Dr\u017eavnoj agenciji za istrage i za\u0161titu, du\u017enosti i odgovornosti direktora \u0107e ispunjavati zamjenik direktora \u0110uro Kne\u017eevi\u0107, do imenovanja novog direktora, a procedura imenovanja novog direktora bi\u0107e okon\u010dana najkasnije u roku od 60 dana.<\/p>\n<p>\u0110uro Kne\u017eevi\u0107 na funkciji zamjenika direktora SIPA je od 2014. godine, a sedam godina prije bio je komandant Jedinice op\u0161te policije Br\u010dko distrikta. U 2007. godini radio je kao pomo\u0107nik komandanta za istrage u jedinici Grani\u010dne policije Br\u010dko pri GP BiH.<\/p>\n<p>Od 2006. do 2007. godine radio je kao inspektor za kriminalisti\u010dko-obavje\u0161tajne poslove u Jedinici GP Ora\u0161je, a pet godine prije toga kao pomo\u0107nik na\u010delnika TU Sjeveroistok Bijeljina. U poslijeratanom periodu bio je i na\u010delnik Sektora uniformisane policije Ministarstva za unutra\u0161nje poslove Posavskog kantona.<\/p>\n<p>Godine 2001. je diplomirao na Fakultetu saobra\u0107ajnih nauka Univerziteta u Zagrebu.<\/p>\n<p>(bosnjaci.agency)<\/p>\n<p>Pogledajte vijest na izvornom sajtu:<\/p>\n<p><a href=\"http:\/\/bosnapress.net\/ko-je-duro-knezevic-novi-direktor-sipa\/\" target=\"_blank\">Ko je \u0110uro Kne\u017eevi\u0107, novi direktor SIPA<\/a><\/p>\n","protected":false},"excerpt":{"rendered":"<p>BiH \u2013 Dosada\u0161njeg direktora SIPA Gorana Zupca \u00a0je nakon odr\u017eane sjednice, pripremljene dokumentacije i izglasavanja, Nezavisni odbor Parlamentarne skup\u0161tine Bosne i Hercegovine jednoglasno smijenio. U skladu s Zakonom o Dr\u017eavnoj agenciji za istrage i za\u0161titu, du\u017enosti i odgovornosti direktora \u0107e ispunjavati zamjenik direktora \u0110uro Kne\u017eevi\u0107, do imenovanja novog direktora, a procedura imenovanja novog direktora bi\u0107e [&hellip;]<\/p>\n","protected":false},"author":83,"featured_media":133027,"comment_status":"open","ping_status":"open","sticky":false,"template":"","format":"standard","meta":{"footnotes":""},"categories":[10513],"tags":[10466],"class_list":{"0":"post-133026","1":"post","2":"type-post","3":"status-publish","4":"format-standard","5":"has-post-thumbnail","7":"category-bosna-press","8":"tag-bosna-i-hercegovina"},"yoast_head":"<!-- This site is optimized with the Yoast SEO Premium plugin v23.1 (Yoast SEO v24.9) - https:\/\/yoast.com\/wordpress\/plugins\/seo\/ -->\n<title>Ko je \u0110uro Kne\u017eevi\u0107, novi direktor SIPA<\/title>\n<meta name=\"robots\" content=\"index, follow, max-snippet:-1, max-image-preview:large, max-video-preview:-1\" \/>\n<link rel=\"canonical\" href=\"https:\/\/sandzakpress.net\/arhiva\/ko-je-duro-knezevic-novi-direktor-sipa\/\" \/>\n<meta property=\"og:locale\" content=\"bs_BA\" \/>\n<meta property=\"og:type\" content=\"article\" \/>\n<meta property=\"og:title\" content=\"Ko je \u0110uro Kne\u017eevi\u0107, novi direktor SIPA\" \/>\n<meta property=\"og:description\" content=\"BiH \u2013 Dosada\u0161njeg direktora SIPA Gorana Zupca \u00a0je nakon odr\u017eane sjednice, pripremljene dokumentacije i izglasavanja, Nezavisni odbor Parlamentarne skup\u0161tine Bosne i Hercegovine jednoglasno smijenio. U skladu s Zakonom o Dr\u017eavnoj agenciji za istrage i za\u0161titu, du\u017enosti i odgovornosti direktora \u0107e ispunjavati zamjenik direktora \u0110uro Kne\u017eevi\u0107, do imenovanja novog direktora, a procedura imenovanja novog direktora bi\u0107e [&hellip;]\" \/>\n<meta property=\"og:url\" content=\"https:\/\/sandzakpress.net\/arhiva\/ko-je-duro-knezevic-novi-direktor-sipa\/\" \/>\n<meta property=\"og:site_name\" content=\"Sand\u017eak PRESS\" \/>\n<meta property=\"article:published_time\" content=\"2015-08-09T12:06:22+00:00\" \/>\n<meta property=\"og:image\" content=\"https:\/\/sandzakpress.net\/arhiva\/wp-content\/uploads\/2015\/08\/20150805180041_319068-1-600x350.jpg\" \/>\n\t<meta property=\"og:image:width\" content=\"470\" \/>\n\t<meta property=\"og:image:height\" content=\"260\" \/>\n\t<meta property=\"og:image:type\" content=\"image\/jpeg\" \/>\n<meta name=\"author\" content=\"bosniak\" \/>\n<meta name=\"twitter:card\" content=\"summary_large_image\" \/>\n<meta name=\"twitter:label1\" content=\"Written by\" \/>\n\t<meta name=\"twitter:data1\" content=\"bosniak\" \/>\n\t<meta name=\"twitter:label2\" content=\"Est. reading time\" \/>\n\t<meta name=\"twitter:data2\" content=\"1 minuta\" \/>\n<script type=\"application\/ld+json\" class=\"yoast-schema-graph\">{\"@context\":\"https:\/\/schema.org\",\"@graph\":[{\"@type\":\"Article\",\"@id\":\"https:\/\/sandzakpress.net\/arhiva\/ko-je-duro-knezevic-novi-direktor-sipa\/#article\",\"isPartOf\":{\"@id\":\"https:\/\/sandzakpress.net\/arhiva\/ko-je-duro-knezevic-novi-direktor-sipa\/\"},\"author\":{\"name\":\"bosniak\",\"@id\":\"https:\/\/sandzakpress.net\/arhiva\/#\/schema\/person\/c8baee722073534b583ea7bdb2e36c02\"},\"headline\":\"Ko je \u0110uro Kne\u017eevi\u0107, novi direktor SIPA\",\"datePublished\":\"2015-08-09T12:06:22+00:00\",\"mainEntityOfPage\":{\"@id\":\"https:\/\/sandzakpress.net\/arhiva\/ko-je-duro-knezevic-novi-direktor-sipa\/\"},\"wordCount\":196,\"commentCount\":0,\"publisher\":{\"@id\":\"https:\/\/sandzakpress.net\/arhiva\/#\/schema\/person\/6e72b67d6e51910a1117b3b483ba20bd\"},\"image\":{\"@id\":\"https:\/\/sandzakpress.net\/arhiva\/ko-je-duro-knezevic-novi-direktor-sipa\/#primaryimage\"},\"thumbnailUrl\":\"https:\/\/sandzakpress.net\/arhiva\/wp-content\/uploads\/2015\/08\/20150805180041_319068-1-600x350.jpg\",\"keywords\":[\"Bosna i Hercegovina\"],\"articleSection\":[\"Bosna PRESS\"],\"inLanguage\":\"bs-BA\",\"potentialAction\":[{\"@type\":\"CommentAction\",\"name\":\"Comment\",\"target\":[\"https:\/\/sandzakpress.net\/arhiva\/ko-je-duro-knezevic-novi-direktor-sipa\/#respond\"]}]},{\"@type\":\"WebPage\",\"@id\":\"https:\/\/sandzakpress.net\/arhiva\/ko-je-duro-knezevic-novi-direktor-sipa\/\",\"url\":\"https:\/\/sandzakpress.net\/arhiva\/ko-je-duro-knezevic-novi-direktor-sipa\/\",\"name\":\"Ko je \u0110uro Kne\u017eevi\u0107, novi direktor SIPA\",\"isPartOf\":{\"@id\":\"https:\/\/sandzakpress.net\/arhiva\/#website\"},\"primaryImageOfPage\":{\"@id\":\"https:\/\/sandzakpress.net\/arhiva\/ko-je-duro-knezevic-novi-direktor-sipa\/#primaryimage\"},\"image\":{\"@id\":\"https:\/\/sandzakpress.net\/arhiva\/ko-je-duro-knezevic-novi-direktor-sipa\/#primaryimage\"},\"thumbnailUrl\":\"https:\/\/sandzakpress.net\/arhiva\/wp-content\/uploads\/2015\/08\/20150805180041_319068-1-600x350.jpg\",\"datePublished\":\"2015-08-09T12:06:22+00:00\",\"breadcrumb\":{\"@id\":\"https:\/\/sandzakpress.net\/arhiva\/ko-je-duro-knezevic-novi-direktor-sipa\/#breadcrumb\"},\"inLanguage\":\"bs-BA\",\"potentialAction\":[{\"@type\":\"ReadAction\",\"target\":[\"https:\/\/sandzakpress.net\/arhiva\/ko-je-duro-knezevic-novi-direktor-sipa\/\"]}]},{\"@type\":\"ImageObject\",\"inLanguage\":\"bs-BA\",\"@id\":\"https:\/\/sandzakpress.net\/arhiva\/ko-je-duro-knezevic-novi-direktor-sipa\/#primaryimage\",\"url\":\"https:\/\/sandzakpress.net\/arhiva\/wp-content\/uploads\/2015\/08\/20150805180041_319068-1-600x350.jpg\",\"contentUrl\":\"https:\/\/sandzakpress.net\/arhiva\/wp-content\/uploads\/2015\/08\/20150805180041_319068-1-600x350.jpg\",\"width\":470,\"height\":260},{\"@type\":\"BreadcrumbList\",\"@id\":\"https:\/\/sandzakpress.net\/arhiva\/ko-je-duro-knezevic-novi-direktor-sipa\/#breadcrumb\",\"itemListElement\":[{\"@type\":\"ListItem\",\"position\":1,\"name\":\"Home\",\"item\":\"https:\/\/sandzakpress.net\/arhiva\/\"},{\"@type\":\"ListItem\",\"position\":2,\"name\":\"Ko je \u0110uro Kne\u017eevi\u0107, novi direktor SIPA\"}]},{\"@type\":\"WebSite\",\"@id\":\"https:\/\/sandzakpress.net\/arhiva\/#website\",\"url\":\"https:\/\/sandzakpress.net\/arhiva\/\",\"name\":\"Sand\u017eak PRESS\",\"description\":\"Prve elektronske novine u Sand\u017eaku\",\"publisher\":{\"@id\":\"https:\/\/sandzakpress.net\/arhiva\/#\/schema\/person\/6e72b67d6e51910a1117b3b483ba20bd\"},\"potentialAction\":[{\"@type\":\"SearchAction\",\"target\":{\"@type\":\"EntryPoint\",\"urlTemplate\":\"https:\/\/sandzakpress.net\/arhiva\/?s={search_term_string}\"},\"query-input\":{\"@type\":\"PropertyValueSpecification\",\"valueRequired\":true,\"valueName\":\"search_term_string\"}}],\"inLanguage\":\"bs-BA\"},{\"@type\":[\"Person\",\"Organization\"],\"@id\":\"https:\/\/sandzakpress.net\/arhiva\/#\/schema\/person\/6e72b67d6e51910a1117b3b483ba20bd\",\"name\":\"Kul\",\"image\":{\"@type\":\"ImageObject\",\"inLanguage\":\"bs-BA\",\"@id\":\"https:\/\/sandzakpress.net\/arhiva\/#\/schema\/person\/image\/\",\"url\":\"https:\/\/secure.gravatar.com\/avatar\/42263f39aa27ac04c43cab85c280eb2e?s=96&d=mm&r=pg\",\"contentUrl\":\"https:\/\/secure.gravatar.com\/avatar\/42263f39aa27ac04c43cab85c280eb2e?s=96&d=mm&r=pg\",\"caption\":\"Kul\"},\"logo\":{\"@id\":\"https:\/\/sandzakpress.net\/arhiva\/#\/schema\/person\/image\/\"}},{\"@type\":\"Person\",\"@id\":\"https:\/\/sandzakpress.net\/arhiva\/#\/schema\/person\/c8baee722073534b583ea7bdb2e36c02\",\"name\":\"bosniak\",\"image\":{\"@type\":\"ImageObject\",\"inLanguage\":\"bs-BA\",\"@id\":\"https:\/\/sandzakpress.net\/arhiva\/#\/schema\/person\/image\/\",\"url\":\"https:\/\/secure.gravatar.com\/avatar\/a04fd330bfe3a36a72a0ad4a6d89fca7?s=96&d=mm&r=pg\",\"contentUrl\":\"https:\/\/secure.gravatar.com\/avatar\/a04fd330bfe3a36a72a0ad4a6d89fca7?s=96&d=mm&r=pg\",\"caption\":\"bosniak\"},\"url\":\"https:\/\/sandzakpress.net\/arhiva\/author\/bosniak\/\"}]}<\/script>\n<!-- \/ Yoast SEO Premium plugin. -->","yoast_head_json":{"title":"Ko je \u0110uro Kne\u017eevi\u0107, novi direktor SIPA","robots":{"index":"index","follow":"follow","max-snippet":"max-snippet:-1","max-image-preview":"max-image-preview:large","max-video-preview":"max-video-preview:-1"},"canonical":"https:\/\/sandzakpress.net\/arhiva\/ko-je-duro-knezevic-novi-direktor-sipa\/","og_locale":"bs_BA","og_type":"article","og_title":"Ko je \u0110uro Kne\u017eevi\u0107, novi direktor SIPA","og_description":"BiH \u2013 Dosada\u0161njeg direktora SIPA Gorana Zupca \u00a0je nakon odr\u017eane sjednice, pripremljene dokumentacije i izglasavanja, Nezavisni odbor Parlamentarne skup\u0161tine Bosne i Hercegovine jednoglasno smijenio. U skladu s Zakonom o Dr\u017eavnoj agenciji za istrage i za\u0161titu, du\u017enosti i odgovornosti direktora \u0107e ispunjavati zamjenik direktora \u0110uro Kne\u017eevi\u0107, do imenovanja novog direktora, a procedura imenovanja novog direktora bi\u0107e [&hellip;]","og_url":"https:\/\/sandzakpress.net\/arhiva\/ko-je-duro-knezevic-novi-direktor-sipa\/","og_site_name":"Sand\u017eak PRESS","article_published_time":"2015-08-09T12:06:22+00:00","og_image":[{"width":470,"height":260,"url":"https:\/\/sandzakpress.net\/arhiva\/wp-content\/uploads\/2015\/08\/20150805180041_319068-1-600x350.jpg","type":"image\/jpeg"}],"author":"bosniak","twitter_card":"summary_large_image","twitter_misc":{"Written by":"bosniak","Est. reading time":"1 minuta"},"schema":{"@context":"https:\/\/schema.org","@graph":[{"@type":"Article","@id":"https:\/\/sandzakpress.net\/arhiva\/ko-je-duro-knezevic-novi-direktor-sipa\/#article","isPartOf":{"@id":"https:\/\/sandzakpress.net\/arhiva\/ko-je-duro-knezevic-novi-direktor-sipa\/"},"author":{"name":"bosniak","@id":"https:\/\/sandzakpress.net\/arhiva\/#\/schema\/person\/c8baee722073534b583ea7bdb2e36c02"},"headline":"Ko je \u0110uro Kne\u017eevi\u0107, novi direktor SIPA","datePublished":"2015-08-09T12:06:22+00:00","mainEntityOfPage":{"@id":"https:\/\/sandzakpress.net\/arhiva\/ko-je-duro-knezevic-novi-direktor-sipa\/"},"wordCount":196,"commentCount":0,"publisher":{"@id":"https:\/\/sandzakpress.net\/arhiva\/#\/schema\/person\/6e72b67d6e51910a1117b3b483ba20bd"},"image":{"@id":"https:\/\/sandzakpress.net\/arhiva\/ko-je-duro-knezevic-novi-direktor-sipa\/#primaryimage"},"thumbnailUrl":"https:\/\/sandzakpress.net\/arhiva\/wp-content\/uploads\/2015\/08\/20150805180041_319068-1-600x350.jpg","keywords":["Bosna i Hercegovina"],"articleSection":["Bosna PRESS"],"inLanguage":"bs-BA","potentialAction":[{"@type":"CommentAction","name":"Comment","target":["https:\/\/sandzakpress.net\/arhiva\/ko-je-duro-knezevic-novi-direktor-sipa\/#respond"]}]},{"@type":"WebPage","@id":"https:\/\/sandzakpress.net\/arhiva\/ko-je-duro-knezevic-novi-direktor-sipa\/","url":"https:\/\/sandzakpress.net\/arhiva\/ko-je-duro-knezevic-novi-direktor-sipa\/","name":"Ko je \u0110uro Kne\u017eevi\u0107, novi direktor SIPA","isPartOf":{"@id":"https:\/\/sandzakpress.net\/arhiva\/#website"},"primaryImageOfPage":{"@id":"https:\/\/sandzakpress.net\/arhiva\/ko-je-duro-knezevic-novi-direktor-sipa\/#primaryimage"},"image":{"@id":"https:\/\/sandzakpress.net\/arhiva\/ko-je-duro-knezevic-novi-direktor-sipa\/#primaryimage"},"thumbnailUrl":"https:\/\/sandzakpress.net\/arhiva\/wp-content\/uploads\/2015\/08\/20150805180041_319068-1-600x350.jpg","datePublished":"2015-08-09T12:06:22+00:00","breadcrumb":{"@id":"https:\/\/sandzakpress.net\/arhiva\/ko-je-duro-knezevic-novi-direktor-sipa\/#breadcrumb"},"inLanguage":"bs-BA","potentialAction":[{"@type":"ReadAction","target":["https:\/\/sandzakpress.net\/arhiva\/ko-je-duro-knezevic-novi-direktor-sipa\/"]}]},{"@type":"ImageObject","inLanguage":"bs-BA","@id":"https:\/\/sandzakpress.net\/arhiva\/ko-je-duro-knezevic-novi-direktor-sipa\/#primaryimage","url":"https:\/\/sandzakpress.net\/arhiva\/wp-content\/uploads\/2015\/08\/20150805180041_319068-1-600x350.jpg","contentUrl":"https:\/\/sandzakpress.net\/arhiva\/wp-content\/uploads\/2015\/08\/20150805180041_319068-1-600x350.jpg","width":470,"height":260},{"@type":"BreadcrumbList","@id":"https:\/\/sandzakpress.net\/arhiva\/ko-je-duro-knezevic-novi-direktor-sipa\/#breadcrumb","itemListElement":[{"@type":"ListItem","position":1,"name":"Home","item":"https:\/\/sandzakpress.net\/arhiva\/"},{"@type":"ListItem","position":2,"name":"Ko je \u0110uro Kne\u017eevi\u0107, novi direktor SIPA"}]},{"@type":"WebSite","@id":"https:\/\/sandzakpress.net\/arhiva\/#website","url":"https:\/\/sandzakpress.net\/arhiva\/","name":"Sand\u017eak PRESS","description":"Prve elektronske novine u Sand\u017eaku","publisher":{"@id":"https:\/\/sandzakpress.net\/arhiva\/#\/schema\/person\/6e72b67d6e51910a1117b3b483ba20bd"},"potentialAction":[{"@type":"SearchAction","target":{"@type":"EntryPoint","urlTemplate":"https:\/\/sandzakpress.net\/arhiva\/?s={search_term_string}"},"query-input":{"@type":"PropertyValueSpecification","valueRequired":true,"valueName":"search_term_string"}}],"inLanguage":"bs-BA"},{"@type":["Person","Organization"],"@id":"https:\/\/sandzakpress.net\/arhiva\/#\/schema\/person\/6e72b67d6e51910a1117b3b483ba20bd","name":"Kul","image":{"@type":"ImageObject","inLanguage":"bs-BA","@id":"https:\/\/sandzakpress.net\/arhiva\/#\/schema\/person\/image\/","url":"https:\/\/secure.gravatar.com\/avatar\/42263f39aa27ac04c43cab85c280eb2e?s=96&d=mm&r=pg","contentUrl":"https:\/\/secure.gravatar.com\/avatar\/42263f39aa27ac04c43cab85c280eb2e?s=96&d=mm&r=pg","caption":"Kul"},"logo":{"@id":"https:\/\/sandzakpress.net\/arhiva\/#\/schema\/person\/image\/"}},{"@type":"Person","@id":"https:\/\/sandzakpress.net\/arhiva\/#\/schema\/person\/c8baee722073534b583ea7bdb2e36c02","name":"bosniak","image":{"@type":"ImageObject","inLanguage":"bs-BA","@id":"https:\/\/sandzakpress.net\/arhiva\/#\/schema\/person\/image\/","url":"https:\/\/secure.gravatar.com\/avatar\/a04fd330bfe3a36a72a0ad4a6d89fca7?s=96&d=mm&r=pg","contentUrl":"https:\/\/secure.gravatar.com\/avatar\/a04fd330bfe3a36a72a0ad4a6d89fca7?s=96&d=mm&r=pg","caption":"bosniak"},"url":"https:\/\/sandzakpress.net\/arhiva\/author\/bosniak\/"}]}},"_links":{"self":[{"href":"https:\/\/sandzakpress.net\/arhiva\/wp-json\/wp\/v2\/posts\/133026"}],"collection":[{"href":"https:\/\/sandzakpress.net\/arhiva\/wp-json\/wp\/v2\/posts"}],"about":[{"href":"https:\/\/sandzakpress.net\/arhiva\/wp-json\/wp\/v2\/types\/post"}],"author":[{"embeddable":true,"href":"https:\/\/sandzakpress.net\/arhiva\/wp-json\/wp\/v2\/users\/83"}],"replies":[{"embeddable":true,"href":"https:\/\/sandzakpress.net\/arhiva\/wp-json\/wp\/v2\/comments?post=133026"}],"version-history":[{"count":0,"href":"https:\/\/sandzakpress.net\/arhiva\/wp-json\/wp\/v2\/posts\/133026\/revisions"}],"wp:featuredmedia":[{"embeddable":true,"href":"https:\/\/sandzakpress.net\/arhiva\/wp-json\/wp\/v2\/media\/133027"}],"wp:attachment":[{"href":"https:\/\/sandzakpress.net\/arhiva\/wp-json\/wp\/v2\/media?parent=133026"}],"wp:term":[{"taxonomy":"category","embeddable":true,"href":"https:\/\/sandzakpress.net\/arhiva\/wp-json\/wp\/v2\/categories?post=133026"},{"taxonomy":"post_tag","embeddable":true,"href":"https:\/\/sandzakpress.net\/arhiva\/wp-json\/wp\/v2\/tags?post=133026"}],"curies":[{"name":"wp","href":"https:\/\/api.w.org\/{rel}","templated":true}]}}